{"id":13405,"date":"2014-11-10T12:55:15","date_gmt":"2014-11-10T18:55:15","guid":{"rendered":"http:\/\/www.lospoliticosveracruz.com.mx\/?p=13405"},"modified":"2014-11-10T12:55:15","modified_gmt":"2014-11-10T18:55:15","slug":"ayotzinapa-la-hipotesis-de-murillo","status":"publish","type":"post","link":"https:\/\/lospoliticosveracruz.com\/?p=13405","title":{"rendered":"Ayotzinapa: La hip\u00f3tesis de Murillo"},"content":{"rendered":"<p><a href=\"http:\/\/www.lospoliticosveracruz.com.mx\/wp-content\/uploads\/2014\/11\/Murillo.jpg\"><img loading=\"lazy\" decoding=\"async\" class=\"alignnone size-medium wp-image-13406\" src=\"http:\/\/www.lospoliticosveracruz.com.mx\/wp-content\/uploads\/2014\/11\/Murillo-300x213.jpg\" alt=\"Murillo\" width=\"300\" height=\"213\" \/><\/a><\/p>\n<p><strong>Salvador Mu\u00f1oz<\/strong><\/p>\n<p><em>Los Pol\u00edticos\u00a0<\/em><\/p>\n<p>&nbsp;<\/p>\n<p>La primera vez que escuch\u00e9 la versi\u00f3n de los 43 cuerpos quemados, creo que hace m\u00e1s de una semana o m\u00e1s, se me hizo una reverenda jalada.<br \/>\nEl oficio de reportero me hizo ver casos incre\u00edblemente escalofriantes, pero jam\u00e1s en las condiciones en que hace poco, escuch\u00e9 al procurador Murillo Karam explicar su hip\u00f3tesis en torno a los 43 normalistas, que por un lado mov\u00eda a risa y por otro, a esa rara sensaci\u00f3n que te hace sentir como si por en\u00e9sima ocasi\u00f3n, nos quisieran tomar el pelo \u00a1y ojo! porque viniendo de un pel\u00f3n, es m\u00e1s cabr\u00f3n el asunto.<br \/>\nLa hoguera de 43 cuerpos, por un momento, tom\u00e9mosla como buena, pero entonces, cu\u00e1ntos involucrados y c\u00f3mplices en torno a ella no saldr\u00edan raspados, desde Limpia P\u00fablica, autoridades ambientales, de protecci\u00f3n civil, bomberos, y los que usted quiera agregar\u2026 y la sigo viendo absurda, como absurda la han visto un grupo de doctores que a trav\u00e9s de las redes sociales exponen sus dudas, mis dudas, en las siguientes l\u00edneas:<br \/>\n\u201cSe\u00f1or Procurador de Justicia:<br \/>\nQuemar un cuerpo de modo que se vea convertido en ceniza no es tan sencillo. Se necesitan los rigores del mismo infierno para que los huesos queden calcinados, temperaturas muy superiores a los mil grados cent\u00edgrados. Se necesita un calor intenso para muchas horas y esto quemar\u00eda todo a su alrededor.<br \/>\n\u201cEn una funeraria, para poder incinerar al cad\u00e1ver, la incineradora debe de estar a entre 900\u00baC y 1250\u00baC y debe durar al menos tres horas como m\u00ednimo y hasta 5 horas para la incineraci\u00f3n. A\u00fan as\u00ed no se reduce todo a cenizas,sino que el cad\u00e1ver es pasado por una trituradora de huesos (cremulador),de donde se recoge y se pasa al jarr\u00f3n-urna.<br \/>\n\u201cSi la investigaci\u00f3n a su cargo tiene algo de seriedad y si en verdad desean que la ciudadan\u00eda quede convencida sobre su actuaci\u00f3n, podr\u00eda empezar por aclararle a M\u00e9xico entero lo siguiente:<br \/>\n\u201c1.- \u00bfEs posible no darse cuenta del resplandor y la columna de humo que debe producir un fuego que arde por m\u00e1s de 12 horas continuas?<br \/>\n\u201c2.- \u00bfEs posible pasar por alto el olor de 43 cuerpos humanos quem\u00e1ndose al un\u00edsono, siendo que un s\u00f3lo cabello o una sola hoja de papel al quemarse producen un olor intenso?<br \/>\n\u201c3.- \u00bfEs posible reducir a cenizas 43 cuerpos de una sola vez y con tanta efectividad? porque, a no ser que me equivoque, ni Tangassi, ni Gayosso. ni los oficiales nazis en los mejores d\u00edas del campo de Auschwitz tendr\u00edan la capacidad de cremar tantos cuerpos y reducirlos a su m\u00ednima expresi\u00f3n, pues entiendo que los huesos largos como un f\u00e9mur o la cabeza a veces hasta se trituran. \u00bfTen\u00edan m\u00e1quinas para triturar huesos o c\u00f3mo le hicieron para que tooooodo quedara en cenizas?<br \/>\n\u201c4.-\u00bfEs posible que los responsables de tal acto, a\u00fan con el riesgo de ser descubiertos, se tomaran tanto tiempo para vigilar que el fuego alcanzara 1000\u00b0C, que es la temperatura m\u00ednima para calcinar un s\u00f3lo cuerpo, cerciorarse de que se quemaran cada uno de los 43 cuerpos al 100%, esperar a que las cenizas se enfriaran ligeramente, recolectar kilos y kilos de cenizas con palas o con las manos y meterlas a bolsas pl\u00e1sticas, hacerles el nudo y echarlas a un r\u00edo?<br \/>\n\u201c5.-\u00bfEs posible que los delincuentes estuvieran tan informados sobre ciencias forenses y supieran que es casi imposible determinar la identidad de una persona cuando no existen cuerpos y s\u00f3lo hay cenizas?<br \/>\n\u201c6.- \u00bfEs posible que el testimonio de los detenidos, se diera venturosa y coincidentemente en v\u00edsperas de la gira de trabajo del Presidente? Porque, no es por intrigar, pero a poco no le entusiasmar\u00e1 tener, tras semanas de presi\u00f3n nacional e internacional, una respuesta sobre el destino final de los tristemente c\u00e9lebres normalistas. Muy a tiempo y antes de salir a su gira de trabajo, el Presidente podr\u00e1 marchar tranquilo y decir que aqu\u00ed ya tenemos detenidos y a los muertos, que en realidad no se dan por muertos, porque no hay como comprobar que lo est\u00e1n, pero que est\u00e1n desaparecidos. La verdad, eso le ayudar\u00e1 en mucho a quitarse de encima a los periodistas y sus preguntas inc\u00f3modas.<br \/>\n\u201cPerm\u00edtame seguir creyendo en su gesti\u00f3n y aclare, todos estos detalles, que me hacen dudar seriamente de la transparencia de este gobierno\u201d.<br \/>\nEstas dudas, mis dudas, creo que las tienen muchos mexicanos\u2026 creo que por eso es entendible el \u201cYa me cans\u00e9\u201d de Murillo Karam, porque ni \u00e9l mismo se la cree.<\/p>\n","protected":false},"excerpt":{"rendered":"<p>Salvador Mu\u00f1oz Los Pol\u00edticos\u00a0 &nbsp; La primera vez que escuch\u00e9 la versi\u00f3n de los 43 cuerpos quemados, creo que hace m\u00e1s de una semana o m\u00e1s, se me hizo una reverenda jalada. El oficio de reportero me hizo ver casos incre\u00edblemente escalofriantes, pero jam\u00e1s en las condiciones en que hace poco, escuch\u00e9 al procurador Murillo [&hellip;]<\/p>\n","protected":false},"author":2,"featured_media":0,"comment_status":"open","ping_status":"open","sticky":false,"template":"","format":"standard","meta":{"tdm_status":"","tdm_grid_status":"","footnotes":""},"categories":[70],"tags":[101,796,797],"class_list":{"0":"post-13405","1":"post","2":"type-post","3":"status-publish","4":"format-standard","6":"category-de-opinion","7":"tag-ayotzinapa","8":"tag-murillo-karam","9":"tag-presidente"},"yoast_head":"<!-- This site is optimized with the Yoast SEO plugin v27.4 - https:\/\/yoast.com\/product\/yoast-seo-wordpress\/ -->\n<title>Ayotzinapa: La hip\u00f3tesis de Murillo - Los pol\u00edticos Veracruz<\/title>\n<meta name=\"robots\" content=\"index, follow, max-snippet:-1, max-image-preview:large, max-video-preview:-1\" \/>\n<link rel=\"canonical\" href=\"https:\/\/lospoliticosveracruz.com\/?p=13405\" \/>\n<meta property=\"og:locale\" content=\"es_ES\" \/>\n<meta property=\"og:type\" content=\"article\" \/>\n<meta property=\"og:title\" content=\"Ayotzinapa: La hip\u00f3tesis de Murillo - Los pol\u00edticos Veracruz\" \/>\n<meta property=\"og:description\" content=\"Salvador Mu\u00f1oz Los Pol\u00edticos\u00a0 &nbsp; La primera vez que escuch\u00e9 la versi\u00f3n de los 43 cuerpos quemados, creo que hace m\u00e1s de una semana o m\u00e1s, se me hizo una reverenda jalada. El oficio de reportero me hizo ver casos incre\u00edblemente escalofriantes, pero jam\u00e1s en las condiciones en que hace poco, escuch\u00e9 al procurador Murillo [&hellip;]\" \/>\n<meta property=\"og:url\" content=\"https:\/\/lospoliticosveracruz.com\/?p=13405\" \/>\n<meta property=\"og:site_name\" content=\"Los pol\u00edticos Veracruz\" \/>\n<meta property=\"article:publisher\" content=\"https:\/\/www.facebook.com\/people\/Notimemes-de-los-Polticos\/61565672886568\/\" \/>\n<meta property=\"article:published_time\" content=\"2014-11-10T18:55:15+00:00\" \/>\n<meta property=\"og:image\" content=\"http:\/\/www.lospoliticosveracruz.com.mx\/wp-content\/uploads\/2014\/11\/Murillo-300x213.jpg\" \/>\n<meta name=\"author\" content=\"Lo viste en Los Pol\u00edticos\" \/>\n<meta name=\"twitter:card\" content=\"summary_large_image\" \/>\n<meta name=\"twitter:creator\" content=\"@LosPoliticosVer\" \/>\n<meta name=\"twitter:site\" content=\"@LosPoliticosVer\" \/>\n<meta name=\"twitter:label1\" content=\"Escrito por\" \/>\n\t<meta name=\"twitter:data1\" content=\"Lo viste en Los Pol\u00edticos\" \/>\n\t<meta name=\"twitter:label2\" content=\"Tiempo de lectura\" \/>\n\t<meta name=\"twitter:data2\" content=\"4 minutos\" \/>\n<script type=\"application\/ld+json\" class=\"yoast-schema-graph\">{\"@context\":\"https:\\\/\\\/schema.org\",\"@graph\":[{\"@type\":\"Article\",\"@id\":\"https:\\\/\\\/lospoliticosveracruz.com\\\/?p=13405#article\",\"isPartOf\":{\"@id\":\"https:\\\/\\\/lospoliticosveracruz.com\\\/?p=13405\"},\"author\":{\"name\":\"Lo viste en Los Pol\u00edticos\",\"@id\":\"https:\\\/\\\/lospoliticosveracruz.com\\\/#\\\/schema\\\/person\\\/b8702bb0e538456e6efd07080bf2a4a2\"},\"headline\":\"Ayotzinapa: La hip\u00f3tesis de Murillo\",\"datePublished\":\"2014-11-10T18:55:15+00:00\",\"mainEntityOfPage\":{\"@id\":\"https:\\\/\\\/lospoliticosveracruz.com\\\/?p=13405\"},\"wordCount\":812,\"commentCount\":0,\"publisher\":{\"@id\":\"https:\\\/\\\/lospoliticosveracruz.com\\\/#organization\"},\"image\":{\"@id\":\"https:\\\/\\\/lospoliticosveracruz.com\\\/?p=13405#primaryimage\"},\"thumbnailUrl\":\"http:\\\/\\\/www.lospoliticosveracruz.com.mx\\\/wp-content\\\/uploads\\\/2014\\\/11\\\/Murillo-300x213.jpg\",\"keywords\":[\"Ayotzinapa\",\"Murillo Karam\",\"Presidente\"],\"articleSection\":[\"De Opini\u00f3n\"],\"inLanguage\":\"es\",\"potentialAction\":[{\"@type\":\"CommentAction\",\"name\":\"Comment\",\"target\":[\"https:\\\/\\\/lospoliticosveracruz.com\\\/?p=13405#respond\"]}]},{\"@type\":\"WebPage\",\"@id\":\"https:\\\/\\\/lospoliticosveracruz.com\\\/?p=13405\",\"url\":\"https:\\\/\\\/lospoliticosveracruz.com\\\/?p=13405\",\"name\":\"Ayotzinapa: La hip\u00f3tesis de Murillo - Los pol\u00edticos Veracruz\",\"isPartOf\":{\"@id\":\"https:\\\/\\\/lospoliticosveracruz.com\\\/#website\"},\"primaryImageOfPage\":{\"@id\":\"https:\\\/\\\/lospoliticosveracruz.com\\\/?p=13405#primaryimage\"},\"image\":{\"@id\":\"https:\\\/\\\/lospoliticosveracruz.com\\\/?p=13405#primaryimage\"},\"thumbnailUrl\":\"http:\\\/\\\/www.lospoliticosveracruz.com.mx\\\/wp-content\\\/uploads\\\/2014\\\/11\\\/Murillo-300x213.jpg\",\"datePublished\":\"2014-11-10T18:55:15+00:00\",\"breadcrumb\":{\"@id\":\"https:\\\/\\\/lospoliticosveracruz.com\\\/?p=13405#breadcrumb\"},\"inLanguage\":\"es\",\"potentialAction\":[{\"@type\":\"ReadAction\",\"target\":[\"https:\\\/\\\/lospoliticosveracruz.com\\\/?p=13405\"]}]},{\"@type\":\"ImageObject\",\"inLanguage\":\"es\",\"@id\":\"https:\\\/\\\/lospoliticosveracruz.com\\\/?p=13405#primaryimage\",\"url\":\"http:\\\/\\\/www.lospoliticosveracruz.com.mx\\\/wp-content\\\/uploads\\\/2014\\\/11\\\/Murillo-300x213.jpg\",\"contentUrl\":\"http:\\\/\\\/www.lospoliticosveracruz.com.mx\\\/wp-content\\\/uploads\\\/2014\\\/11\\\/Murillo-300x213.jpg\"},{\"@type\":\"BreadcrumbList\",\"@id\":\"https:\\\/\\\/lospoliticosveracruz.com\\\/?p=13405#breadcrumb\",\"itemListElement\":[{\"@type\":\"ListItem\",\"position\":1,\"name\":\"Portada\",\"item\":\"https:\\\/\\\/lospoliticosveracruz.com\\\/\"},{\"@type\":\"ListItem\",\"position\":2,\"name\":\"Ayotzinapa: La hip\u00f3tesis de Murillo\"}]},{\"@type\":\"WebSite\",\"@id\":\"https:\\\/\\\/lospoliticosveracruz.com\\\/#website\",\"url\":\"https:\\\/\\\/lospoliticosveracruz.com\\\/\",\"name\":\"Los pol\u00edticos Veracruz\",\"description\":\"\",\"publisher\":{\"@id\":\"https:\\\/\\\/lospoliticosveracruz.com\\\/#organization\"},\"potentialAction\":[{\"@type\":\"SearchAction\",\"target\":{\"@type\":\"EntryPoint\",\"urlTemplate\":\"https:\\\/\\\/lospoliticosveracruz.com\\\/?s={search_term_string}\"},\"query-input\":{\"@type\":\"PropertyValueSpecification\",\"valueRequired\":true,\"valueName\":\"search_term_string\"}}],\"inLanguage\":\"es\"},{\"@type\":\"Organization\",\"@id\":\"https:\\\/\\\/lospoliticosveracruz.com\\\/#organization\",\"name\":\"Los pol\u00edticos Veracruz\",\"url\":\"https:\\\/\\\/lospoliticosveracruz.com\\\/\",\"logo\":{\"@type\":\"ImageObject\",\"inLanguage\":\"es\",\"@id\":\"https:\\\/\\\/lospoliticosveracruz.com\\\/#\\\/schema\\\/logo\\\/image\\\/\",\"url\":\"https:\\\/\\\/lospoliticosveracruz.com\\\/wp-content\\\/uploads\\\/2025\\\/12\\\/Logo-Nuevo-LOS-POLITICOS-1.jpg\",\"contentUrl\":\"https:\\\/\\\/lospoliticosveracruz.com\\\/wp-content\\\/uploads\\\/2025\\\/12\\\/Logo-Nuevo-LOS-POLITICOS-1.jpg\",\"width\":260,\"height\":70,\"caption\":\"Los pol\u00edticos Veracruz\"},\"image\":{\"@id\":\"https:\\\/\\\/lospoliticosveracruz.com\\\/#\\\/schema\\\/logo\\\/image\\\/\"},\"sameAs\":[\"https:\\\/\\\/www.facebook.com\\\/people\\\/Notimemes-de-los-Polticos\\\/61565672886568\\\/\",\"https:\\\/\\\/x.com\\\/LosPoliticosVer\"]},{\"@type\":\"Person\",\"@id\":\"https:\\\/\\\/lospoliticosveracruz.com\\\/#\\\/schema\\\/person\\\/b8702bb0e538456e6efd07080bf2a4a2\",\"name\":\"Lo viste en Los Pol\u00edticos\",\"image\":{\"@type\":\"ImageObject\",\"inLanguage\":\"es\",\"@id\":\"https:\\\/\\\/secure.gravatar.com\\\/avatar\\\/3a8de04a2656d44082be478bd6c086daa447c4651605818287b9532d3d0bd435?s=96&d=mm&r=g\",\"url\":\"https:\\\/\\\/secure.gravatar.com\\\/avatar\\\/3a8de04a2656d44082be478bd6c086daa447c4651605818287b9532d3d0bd435?s=96&d=mm&r=g\",\"contentUrl\":\"https:\\\/\\\/secure.gravatar.com\\\/avatar\\\/3a8de04a2656d44082be478bd6c086daa447c4651605818287b9532d3d0bd435?s=96&d=mm&r=g\",\"caption\":\"Lo viste en Los Pol\u00edticos\"},\"url\":\"https:\\\/\\\/lospoliticosveracruz.com\\\/?author=2\"}]}<\/script>\n<!-- \/ Yoast SEO plugin. -->","yoast_head_json":{"title":"Ayotzinapa: La hip\u00f3tesis de Murillo - Los pol\u00edticos Veracruz","robots":{"index":"index","follow":"follow","max-snippet":"max-snippet:-1","max-image-preview":"max-image-preview:large","max-video-preview":"max-video-preview:-1"},"canonical":"https:\/\/lospoliticosveracruz.com\/?p=13405","og_locale":"es_ES","og_type":"article","og_title":"Ayotzinapa: La hip\u00f3tesis de Murillo - Los pol\u00edticos Veracruz","og_description":"Salvador Mu\u00f1oz Los Pol\u00edticos\u00a0 &nbsp; La primera vez que escuch\u00e9 la versi\u00f3n de los 43 cuerpos quemados, creo que hace m\u00e1s de una semana o m\u00e1s, se me hizo una reverenda jalada. El oficio de reportero me hizo ver casos incre\u00edblemente escalofriantes, pero jam\u00e1s en las condiciones en que hace poco, escuch\u00e9 al procurador Murillo [&hellip;]","og_url":"https:\/\/lospoliticosveracruz.com\/?p=13405","og_site_name":"Los pol\u00edticos Veracruz","article_publisher":"https:\/\/www.facebook.com\/people\/Notimemes-de-los-Polticos\/61565672886568\/","article_published_time":"2014-11-10T18:55:15+00:00","og_image":[{"url":"http:\/\/www.lospoliticosveracruz.com.mx\/wp-content\/uploads\/2014\/11\/Murillo-300x213.jpg","type":"","width":"","height":""}],"author":"Lo viste en Los Pol\u00edticos","twitter_card":"summary_large_image","twitter_creator":"@LosPoliticosVer","twitter_site":"@LosPoliticosVer","twitter_misc":{"Escrito por":"Lo viste en Los Pol\u00edticos","Tiempo de lectura":"4 minutos"},"schema":{"@context":"https:\/\/schema.org","@graph":[{"@type":"Article","@id":"https:\/\/lospoliticosveracruz.com\/?p=13405#article","isPartOf":{"@id":"https:\/\/lospoliticosveracruz.com\/?p=13405"},"author":{"name":"Lo viste en Los Pol\u00edticos","@id":"https:\/\/lospoliticosveracruz.com\/#\/schema\/person\/b8702bb0e538456e6efd07080bf2a4a2"},"headline":"Ayotzinapa: La hip\u00f3tesis de Murillo","datePublished":"2014-11-10T18:55:15+00:00","mainEntityOfPage":{"@id":"https:\/\/lospoliticosveracruz.com\/?p=13405"},"wordCount":812,"commentCount":0,"publisher":{"@id":"https:\/\/lospoliticosveracruz.com\/#organization"},"image":{"@id":"https:\/\/lospoliticosveracruz.com\/?p=13405#primaryimage"},"thumbnailUrl":"http:\/\/www.lospoliticosveracruz.com.mx\/wp-content\/uploads\/2014\/11\/Murillo-300x213.jpg","keywords":["Ayotzinapa","Murillo Karam","Presidente"],"articleSection":["De Opini\u00f3n"],"inLanguage":"es","potentialAction":[{"@type":"CommentAction","name":"Comment","target":["https:\/\/lospoliticosveracruz.com\/?p=13405#respond"]}]},{"@type":"WebPage","@id":"https:\/\/lospoliticosveracruz.com\/?p=13405","url":"https:\/\/lospoliticosveracruz.com\/?p=13405","name":"Ayotzinapa: La hip\u00f3tesis de Murillo - Los pol\u00edticos Veracruz","isPartOf":{"@id":"https:\/\/lospoliticosveracruz.com\/#website"},"primaryImageOfPage":{"@id":"https:\/\/lospoliticosveracruz.com\/?p=13405#primaryimage"},"image":{"@id":"https:\/\/lospoliticosveracruz.com\/?p=13405#primaryimage"},"thumbnailUrl":"http:\/\/www.lospoliticosveracruz.com.mx\/wp-content\/uploads\/2014\/11\/Murillo-300x213.jpg","datePublished":"2014-11-10T18:55:15+00:00","breadcrumb":{"@id":"https:\/\/lospoliticosveracruz.com\/?p=13405#breadcrumb"},"inLanguage":"es","potentialAction":[{"@type":"ReadAction","target":["https:\/\/lospoliticosveracruz.com\/?p=13405"]}]},{"@type":"ImageObject","inLanguage":"es","@id":"https:\/\/lospoliticosveracruz.com\/?p=13405#primaryimage","url":"http:\/\/www.lospoliticosveracruz.com.mx\/wp-content\/uploads\/2014\/11\/Murillo-300x213.jpg","contentUrl":"http:\/\/www.lospoliticosveracruz.com.mx\/wp-content\/uploads\/2014\/11\/Murillo-300x213.jpg"},{"@type":"BreadcrumbList","@id":"https:\/\/lospoliticosveracruz.com\/?p=13405#breadcrumb","itemListElement":[{"@type":"ListItem","position":1,"name":"Portada","item":"https:\/\/lospoliticosveracruz.com\/"},{"@type":"ListItem","position":2,"name":"Ayotzinapa: La hip\u00f3tesis de Murillo"}]},{"@type":"WebSite","@id":"https:\/\/lospoliticosveracruz.com\/#website","url":"https:\/\/lospoliticosveracruz.com\/","name":"Los pol\u00edticos Veracruz","description":"","publisher":{"@id":"https:\/\/lospoliticosveracruz.com\/#organization"},"potentialAction":[{"@type":"SearchAction","target":{"@type":"EntryPoint","urlTemplate":"https:\/\/lospoliticosveracruz.com\/?s={search_term_string}"},"query-input":{"@type":"PropertyValueSpecification","valueRequired":true,"valueName":"search_term_string"}}],"inLanguage":"es"},{"@type":"Organization","@id":"https:\/\/lospoliticosveracruz.com\/#organization","name":"Los pol\u00edticos Veracruz","url":"https:\/\/lospoliticosveracruz.com\/","logo":{"@type":"ImageObject","inLanguage":"es","@id":"https:\/\/lospoliticosveracruz.com\/#\/schema\/logo\/image\/","url":"https:\/\/lospoliticosveracruz.com\/wp-content\/uploads\/2025\/12\/Logo-Nuevo-LOS-POLITICOS-1.jpg","contentUrl":"https:\/\/lospoliticosveracruz.com\/wp-content\/uploads\/2025\/12\/Logo-Nuevo-LOS-POLITICOS-1.jpg","width":260,"height":70,"caption":"Los pol\u00edticos Veracruz"},"image":{"@id":"https:\/\/lospoliticosveracruz.com\/#\/schema\/logo\/image\/"},"sameAs":["https:\/\/www.facebook.com\/people\/Notimemes-de-los-Polticos\/61565672886568\/","https:\/\/x.com\/LosPoliticosVer"]},{"@type":"Person","@id":"https:\/\/lospoliticosveracruz.com\/#\/schema\/person\/b8702bb0e538456e6efd07080bf2a4a2","name":"Lo viste en Los Pol\u00edticos","image":{"@type":"ImageObject","inLanguage":"es","@id":"https:\/\/secure.gravatar.com\/avatar\/3a8de04a2656d44082be478bd6c086daa447c4651605818287b9532d3d0bd435?s=96&d=mm&r=g","url":"https:\/\/secure.gravatar.com\/avatar\/3a8de04a2656d44082be478bd6c086daa447c4651605818287b9532d3d0bd435?s=96&d=mm&r=g","contentUrl":"https:\/\/secure.gravatar.com\/avatar\/3a8de04a2656d44082be478bd6c086daa447c4651605818287b9532d3d0bd435?s=96&d=mm&r=g","caption":"Lo viste en Los Pol\u00edticos"},"url":"https:\/\/lospoliticosveracruz.com\/?author=2"}]}},"_links":{"self":[{"href":"https:\/\/lospoliticosveracruz.com\/index.php?rest_route=\/wp\/v2\/posts\/13405","targetHints":{"allow":["GET"]}}],"collection":[{"href":"https:\/\/lospoliticosveracruz.com\/index.php?rest_route=\/wp\/v2\/posts"}],"about":[{"href":"https:\/\/lospoliticosveracruz.com\/index.php?rest_route=\/wp\/v2\/types\/post"}],"author":[{"embeddable":true,"href":"https:\/\/lospoliticosveracruz.com\/index.php?rest_route=\/wp\/v2\/users\/2"}],"replies":[{"embeddable":true,"href":"https:\/\/lospoliticosveracruz.com\/index.php?rest_route=%2Fwp%2Fv2%2Fcomments&post=13405"}],"version-history":[{"count":1,"href":"https:\/\/lospoliticosveracruz.com\/index.php?rest_route=\/wp\/v2\/posts\/13405\/revisions"}],"predecessor-version":[{"id":13407,"href":"https:\/\/lospoliticosveracruz.com\/index.php?rest_route=\/wp\/v2\/posts\/13405\/revisions\/13407"}],"wp:attachment":[{"href":"https:\/\/lospoliticosveracruz.com\/index.php?rest_route=%2Fwp%2Fv2%2Fmedia&parent=13405"}],"wp:term":[{"taxonomy":"category","embeddable":true,"href":"https:\/\/lospoliticosveracruz.com\/index.php?rest_route=%2Fwp%2Fv2%2Fcategories&post=13405"},{"taxonomy":"post_tag","embeddable":true,"href":"https:\/\/lospoliticosveracruz.com\/index.php?rest_route=%2Fwp%2Fv2%2Ftags&post=13405"}],"curies":[{"name":"wp","href":"https:\/\/api.w.org\/{rel}","templated":true}]}}