{"id":134051,"date":"2024-12-12T19:59:00","date_gmt":"2024-12-13T01:59:00","guid":{"rendered":"https:\/\/lospoliticosveracruz.com.mx\/?p=134051"},"modified":"2024-12-12T18:30:02","modified_gmt":"2024-12-13T00:30:02","slug":"burdos-2","status":"publish","type":"post","link":"https:\/\/lospoliticosveracruz.com\/?p=134051","title":{"rendered":"BURDOS"},"content":{"rendered":"\n<p>S\u00edguenos ahora tambi\u00e9n en WhatsApp.\u00a0<a href=\"https:\/\/whatsapp.com\/channel\/0029Va8zRWlEKyZIP3Z1dF0e\"><em><strong><mark style=\"background-color:rgba(0, 0, 0, 0)\" class=\"has-inline-color has-vivid-cyan-blue-color\">Da clic aqu\u00ed<\/mark><\/strong><\/em><\/a><\/p>\n\n\n\n<p><strong>Guadalupe H. Mar<br><\/strong><em>Mira Pol\u00edtica<\/em><\/p>\n\n\n\n<p>FORZADA LEALTAD \u2026 En lo que va de la primera quincena de este mes de diciembre, el primero de la nueva administraci\u00f3n estatal que preside la ingeniera qu\u00edmica Norma Roc\u00edo Nahle Garc\u00eda, no tienen idea amables lectoras y lectores de la gran cantidad de empleados al servicio del gobierno del estado de Veracruz que han sido pr\u00e1cticamente obligados a renunciar porque no pasaron el primer filtro para conservar sus empleos.<\/p>\n\n\n<div class=\"wp-block-image\">\n<figure class=\"alignleft size-medium\"><a href=\"https:\/\/lospoliticosveracruz.com.mx\/wp-content\/uploads\/2021\/10\/Zacauilt.jpg\"><img decoding=\"async\" src=\"https:\/\/lospoliticosveracruz.com.mx\/wp-content\/uploads\/2021\/10\/Zacauilt-150x300.jpg\" alt=\"\" class=\"wp-image-80558\"\/><\/a><\/figure>\n<\/div>\n\n\n<p><br>Ustedes pensar\u00e1n como la l\u00f3gica laboral lo establece, que un primer filtro para que los empleados al servicio del estado conserven sus empleos en esta nueva administraci\u00f3n estatal tiene que ver con capacidades, habilidades, destrezas, adaptabilidad, pensamiento cr\u00edtico, comunicaci\u00f3n, empat\u00eda, integridad, capacidad para trabajar en equipo y, sobre todo, comprobable nivel acad\u00e9mico.<br>Pues no, ninguna de esas cualidades es tomada en cuenta en el primer filtro para que los empleados al servicio del gobierno del estado conserven sus empleos.<br>Por incre\u00edble que pudiera parecerles amables lectoras y lectores, el primer filtro es la red social Facebook.<br>Resulta que los nuevos \u201cjefes\u201d de las dependencias del gobierno estatal que llegan con la neogobernadora Norma Roc\u00edo Nahle Garc\u00eda, lo primero que hacen, dicen que por instrucciones de ella, dicen, es revisar lo que han publicado en Facebook los que vienen de la administraci\u00f3n del ingeniero mec\u00e1nico electricista Cuitl\u00e1huac Garc\u00eda Jim\u00e9nez, para verificar en principio que no hayan publicado nada en contra del ex presidente de la rep\u00fablica Andr\u00e9s Manuel L\u00f3pez Obrador, de la actual mandataria nacional Claudia Sheinbaum Pardo.<br>Que no hayan publicado tampoco nada en contra de la actual mandataria estatal y mucho menos algo a favor de los adversarios pol\u00edticos de ella.<br>Equipos de personas cuyos sueldos son pagados con recursos p\u00fablicos, o sea con nuestros impuestos, se dedican a supervisar las p\u00e1ginas de Facebook del personal que viene de la pasada administraci\u00f3n estatal, para determinar si se quedan o se van.<br>Ah, olvid\u00e1bamos mencionar que entre las revisiones de las p\u00e1ginas de Facebook de los que provienen de la administraci\u00f3n del ingeniero mec\u00e1nico electricista Cuitl\u00e1huac Garc\u00eda Jim\u00e9nez, se incluyen las fotograf\u00edas publicadas, por si los candidatos a ser ratificados presumieron im\u00e1genes con actores pol\u00edticos adversos a la nueva administraci\u00f3n estatal, no le hace que tambi\u00e9n sean morenistas, pues ahora resulta que hay correligionarios del Partido Movimiento de Regeneraci\u00f3n Nacional del presente y del pasado.<br>Por donde se le quiera ver, esta prueba de lealtad impuesta, pregonan que por instrucciones de la neogobernadora Norma Roc\u00edo Nahle Garc\u00eda, es qui\u00e9rase que no, una estrategia de alienaci\u00f3n tan burda pero efectiva como esa de est\u00e1s conmigo o en mi contra.<br>\u00bfY la libertad de expresi\u00f3n? bien gracias.<br><strong>CORAZONADA <\/strong>\u2026 En el editorial del diario digital Al Calor Pol\u00edtico, del psic\u00f3logo Joaqu\u00edn Agust\u00edn Rosas Garc\u00e9s, espacio que denominan \u201cCorazonada\u201d, da cuenta de los excesos que los morenistas de la nueva administraci\u00f3n estatal est\u00e1n cometiendo en contra de sus correligionarios que vienen del sexenio cuitahuista, como el cambiarles horarios y pr\u00e1cticamente hacerlos trabajar como esclavos, sobre todo, a los que tienen m\u00e1s de 15 a\u00f1os de labores.<br>Menciona la \u201cCorazonada\u201d el caso de la Secretar\u00eda de Infraestructura y Obra P\u00fablica (SIOP) del gobierno estatal, donde los directivos hicieron suyo el derecho de correr a diestra y siniestra a quien ellos consideren conveniente, escud\u00e1ndose en la versi\u00f3n de que son instrucciones de la gobernadora del estado de Veracruz, la ingeniera qu\u00edmica Norma Roc\u00edo Nahle Garc\u00eda.<br>A este caso habr\u00e1 que agregarle el de la reci\u00e9n creada Secretar\u00eda Estatal de Cultura, de donde todos los d\u00edas est\u00e1n surgiendo quejas y se\u00f1alamientos en contra de un \u201cjefe administrativo\u201d, de nombre Rey David Manzanares Valenzuela, cercano no, cercan\u00edsimo colaborador de la titular de esa dependencia, la pedagoga Mar\u00eda X\u00f3chitl Molina Gonz\u00e1lez.<br>Este personaje, escudado en su amistad con la actual titular de la Secretar\u00eda de Cultura en Veracruz, se ha encargado de aterrorizar al personal de esa dependencia seg\u00fan nos cuentan y para todo, absolutamente para todo, argumentar que son instrucciones de la neogobernadora Norma Roc\u00edo Nahle Garc\u00eda.<br>Rey David Manzanares Valenzuela tiene cuestionados antecedentes y para comprobarlo baste \u201cgoglearlo\u201d y comprobar que tiene cuestionables antecedentes como para tener el poder que le ha conferido su amiga y jefa, la pedagoga Mar\u00eda X\u00f3chitl Molina Gonz\u00e1lez.<br>Por lo pronto, Rey David Manzanares Valenzuela ya le ha generado al gobierno del estado varias demandas laborales que es cierto se tardan mucho tiempo en resolverse, pero son denuncias al fin.<br>\u00bfQui\u00e9n era el que dec\u00eda \u201cno me ayudes compadre\u201d?<br>D\u00cdGALO SIN MIEDO \u2026 Al correo electr\u00f3nico guadalupehmar@gmail.com<\/p>\n","protected":false},"excerpt":{"rendered":"<p>S\u00edguenos ahora tambi\u00e9n en WhatsApp.\u00a0Da clic aqu\u00ed Guadalupe H. MarMira Pol\u00edtica FORZADA LEALTAD \u2026 En lo que va de la primera quincena de este mes de diciembre, el primero de la nueva administraci\u00f3n estatal que preside la ingeniera qu\u00edmica Norma Roc\u00edo Nahle Garc\u00eda, no tienen idea amables lectoras y lectores de la gran cantidad de [&hellip;]<\/p>\n","protected":false},"author":2,"featured_media":119929,"comment_status":"closed","ping_status":"closed","sticky":false,"template":"","format":"standard","meta":{"tdm_status":"","tdm_grid_status":"","footnotes":""},"categories":[70],"tags":[17763,1606,42494,41174,9982,42495],"class_list":{"0":"post-134051","1":"post","2":"type-post","3":"status-publish","4":"format-standard","5":"has-post-thumbnail","7":"category-de-opinion","8":"tag-claudia-sheinbaum-pardo","9":"tag-guadalupe-h-mar","10":"tag-joaquin-agustin-rosas-garces","11":"tag-maria-xochitl-molina-gonzalez","12":"tag-norma-rocio-nahle-garcia","13":"tag-rey-david-manzanares-valenzuela"},"yoast_head":"<!-- This site is optimized with the Yoast SEO plugin v27.4 - https:\/\/yoast.com\/product\/yoast-seo-wordpress\/ -->\n<title>BURDOS - Los pol\u00edticos Veracruz<\/title>\n<meta name=\"robots\" content=\"index, follow, max-snippet:-1, max-image-preview:large, max-video-preview:-1\" \/>\n<link rel=\"canonical\" href=\"https:\/\/lospoliticosveracruz.com\/?p=134051\" \/>\n<meta property=\"og:locale\" content=\"es_ES\" \/>\n<meta property=\"og:type\" content=\"article\" \/>\n<meta property=\"og:title\" content=\"BURDOS - Los pol\u00edticos Veracruz\" \/>\n<meta property=\"og:description\" content=\"S\u00edguenos ahora tambi\u00e9n en WhatsApp.\u00a0Da clic aqu\u00ed Guadalupe H. MarMira Pol\u00edtica FORZADA LEALTAD \u2026 En lo que va de la primera quincena de este mes de diciembre, el primero de la nueva administraci\u00f3n estatal que preside la ingeniera qu\u00edmica Norma Roc\u00edo Nahle Garc\u00eda, no tienen idea amables lectoras y lectores de la gran cantidad de [&hellip;]\" \/>\n<meta property=\"og:url\" content=\"https:\/\/lospoliticosveracruz.com\/?p=134051\" \/>\n<meta property=\"og:site_name\" content=\"Los pol\u00edticos Veracruz\" \/>\n<meta property=\"article:publisher\" content=\"https:\/\/www.facebook.com\/people\/Notimemes-de-los-Polticos\/61565672886568\/\" \/>\n<meta property=\"article:published_time\" content=\"2024-12-13T01:59:00+00:00\" \/>\n<meta property=\"og:image\" content=\"https:\/\/lospoliticosveracruz.com\/wp-content\/uploads\/2024\/03\/Lupita-Mar.jpg\" \/>\n\t<meta property=\"og:image:width\" content=\"1250\" \/>\n\t<meta property=\"og:image:height\" content=\"667\" \/>\n\t<meta property=\"og:image:type\" content=\"image\/jpeg\" \/>\n<meta name=\"author\" content=\"Lo viste en Los Pol\u00edticos\" \/>\n<meta name=\"twitter:card\" content=\"summary_large_image\" \/>\n<meta name=\"twitter:creator\" content=\"@LosPoliticosVer\" \/>\n<meta name=\"twitter:site\" content=\"@LosPoliticosVer\" \/>\n<meta name=\"twitter:label1\" content=\"Escrito por\" \/>\n\t<meta name=\"twitter:data1\" content=\"Lo viste en Los Pol\u00edticos\" \/>\n\t<meta name=\"twitter:label2\" content=\"Tiempo de lectura\" \/>\n\t<meta name=\"twitter:data2\" content=\"4 minutos\" \/>\n<script type=\"application\/ld+json\" class=\"yoast-schema-graph\">{\"@context\":\"https:\\\/\\\/schema.org\",\"@graph\":[{\"@type\":\"Article\",\"@id\":\"https:\\\/\\\/lospoliticosveracruz.com\\\/?p=134051#article\",\"isPartOf\":{\"@id\":\"https:\\\/\\\/lospoliticosveracruz.com\\\/?p=134051\"},\"author\":{\"name\":\"Lo viste en Los Pol\u00edticos\",\"@id\":\"https:\\\/\\\/lospoliticosveracruz.com\\\/#\\\/schema\\\/person\\\/b8702bb0e538456e6efd07080bf2a4a2\"},\"headline\":\"BURDOS\",\"datePublished\":\"2024-12-13T01:59:00+00:00\",\"mainEntityOfPage\":{\"@id\":\"https:\\\/\\\/lospoliticosveracruz.com\\\/?p=134051\"},\"wordCount\":844,\"publisher\":{\"@id\":\"https:\\\/\\\/lospoliticosveracruz.com\\\/#organization\"},\"image\":{\"@id\":\"https:\\\/\\\/lospoliticosveracruz.com\\\/?p=134051#primaryimage\"},\"thumbnailUrl\":\"https:\\\/\\\/lospoliticosveracruz.com\\\/wp-content\\\/uploads\\\/2024\\\/03\\\/Lupita-Mar.jpg\",\"keywords\":[\"Claudia Sheinbaum Pardo\",\"Guadalupe H. Mar\",\"Joaqu\u00edn Agust\u00edn Rosas Garc\u00e9s\",\"Mar\u00eda X\u00f3chitl Molina Gonz\u00e1lez\",\"Norma Roc\u00edo Nahle Garc\u00eda\",\"Rey David Manzanares Valenzuela\"],\"articleSection\":[\"De Opini\u00f3n\"],\"inLanguage\":\"es\"},{\"@type\":\"WebPage\",\"@id\":\"https:\\\/\\\/lospoliticosveracruz.com\\\/?p=134051\",\"url\":\"https:\\\/\\\/lospoliticosveracruz.com\\\/?p=134051\",\"name\":\"BURDOS - Los pol\u00edticos Veracruz\",\"isPartOf\":{\"@id\":\"https:\\\/\\\/lospoliticosveracruz.com\\\/#website\"},\"primaryImageOfPage\":{\"@id\":\"https:\\\/\\\/lospoliticosveracruz.com\\\/?p=134051#primaryimage\"},\"image\":{\"@id\":\"https:\\\/\\\/lospoliticosveracruz.com\\\/?p=134051#primaryimage\"},\"thumbnailUrl\":\"https:\\\/\\\/lospoliticosveracruz.com\\\/wp-content\\\/uploads\\\/2024\\\/03\\\/Lupita-Mar.jpg\",\"datePublished\":\"2024-12-13T01:59:00+00:00\",\"breadcrumb\":{\"@id\":\"https:\\\/\\\/lospoliticosveracruz.com\\\/?p=134051#breadcrumb\"},\"inLanguage\":\"es\",\"potentialAction\":[{\"@type\":\"ReadAction\",\"target\":[\"https:\\\/\\\/lospoliticosveracruz.com\\\/?p=134051\"]}]},{\"@type\":\"ImageObject\",\"inLanguage\":\"es\",\"@id\":\"https:\\\/\\\/lospoliticosveracruz.com\\\/?p=134051#primaryimage\",\"url\":\"https:\\\/\\\/lospoliticosveracruz.com\\\/wp-content\\\/uploads\\\/2024\\\/03\\\/Lupita-Mar.jpg\",\"contentUrl\":\"https:\\\/\\\/lospoliticosveracruz.com\\\/wp-content\\\/uploads\\\/2024\\\/03\\\/Lupita-Mar.jpg\",\"width\":1250,\"height\":667},{\"@type\":\"BreadcrumbList\",\"@id\":\"https:\\\/\\\/lospoliticosveracruz.com\\\/?p=134051#breadcrumb\",\"itemListElement\":[{\"@type\":\"ListItem\",\"position\":1,\"name\":\"Portada\",\"item\":\"https:\\\/\\\/lospoliticosveracruz.com\\\/\"},{\"@type\":\"ListItem\",\"position\":2,\"name\":\"BURDOS\"}]},{\"@type\":\"WebSite\",\"@id\":\"https:\\\/\\\/lospoliticosveracruz.com\\\/#website\",\"url\":\"https:\\\/\\\/lospoliticosveracruz.com\\\/\",\"name\":\"Los pol\u00edticos Veracruz\",\"description\":\"\",\"publisher\":{\"@id\":\"https:\\\/\\\/lospoliticosveracruz.com\\\/#organization\"},\"potentialAction\":[{\"@type\":\"SearchAction\",\"target\":{\"@type\":\"EntryPoint\",\"urlTemplate\":\"https:\\\/\\\/lospoliticosveracruz.com\\\/?s={search_term_string}\"},\"query-input\":{\"@type\":\"PropertyValueSpecification\",\"valueRequired\":true,\"valueName\":\"search_term_string\"}}],\"inLanguage\":\"es\"},{\"@type\":\"Organization\",\"@id\":\"https:\\\/\\\/lospoliticosveracruz.com\\\/#organization\",\"name\":\"Los pol\u00edticos Veracruz\",\"url\":\"https:\\\/\\\/lospoliticosveracruz.com\\\/\",\"logo\":{\"@type\":\"ImageObject\",\"inLanguage\":\"es\",\"@id\":\"https:\\\/\\\/lospoliticosveracruz.com\\\/#\\\/schema\\\/logo\\\/image\\\/\",\"url\":\"https:\\\/\\\/lospoliticosveracruz.com\\\/wp-content\\\/uploads\\\/2025\\\/12\\\/Logo-Nuevo-LOS-POLITICOS-1.jpg\",\"contentUrl\":\"https:\\\/\\\/lospoliticosveracruz.com\\\/wp-content\\\/uploads\\\/2025\\\/12\\\/Logo-Nuevo-LOS-POLITICOS-1.jpg\",\"width\":260,\"height\":70,\"caption\":\"Los pol\u00edticos Veracruz\"},\"image\":{\"@id\":\"https:\\\/\\\/lospoliticosveracruz.com\\\/#\\\/schema\\\/logo\\\/image\\\/\"},\"sameAs\":[\"https:\\\/\\\/www.facebook.com\\\/people\\\/Notimemes-de-los-Polticos\\\/61565672886568\\\/\",\"https:\\\/\\\/x.com\\\/LosPoliticosVer\"]},{\"@type\":\"Person\",\"@id\":\"https:\\\/\\\/lospoliticosveracruz.com\\\/#\\\/schema\\\/person\\\/b8702bb0e538456e6efd07080bf2a4a2\",\"name\":\"Lo viste en Los Pol\u00edticos\",\"image\":{\"@type\":\"ImageObject\",\"inLanguage\":\"es\",\"@id\":\"https:\\\/\\\/secure.gravatar.com\\\/avatar\\\/3a8de04a2656d44082be478bd6c086daa447c4651605818287b9532d3d0bd435?s=96&d=mm&r=g\",\"url\":\"https:\\\/\\\/secure.gravatar.com\\\/avatar\\\/3a8de04a2656d44082be478bd6c086daa447c4651605818287b9532d3d0bd435?s=96&d=mm&r=g\",\"contentUrl\":\"https:\\\/\\\/secure.gravatar.com\\\/avatar\\\/3a8de04a2656d44082be478bd6c086daa447c4651605818287b9532d3d0bd435?s=96&d=mm&r=g\",\"caption\":\"Lo viste en Los Pol\u00edticos\"},\"url\":\"https:\\\/\\\/lospoliticosveracruz.com\\\/?author=2\"}]}<\/script>\n<!-- \/ Yoast SEO plugin. -->","yoast_head_json":{"title":"BURDOS - Los pol\u00edticos Veracruz","robots":{"index":"index","follow":"follow","max-snippet":"max-snippet:-1","max-image-preview":"max-image-preview:large","max-video-preview":"max-video-preview:-1"},"canonical":"https:\/\/lospoliticosveracruz.com\/?p=134051","og_locale":"es_ES","og_type":"article","og_title":"BURDOS - Los pol\u00edticos Veracruz","og_description":"S\u00edguenos ahora tambi\u00e9n en WhatsApp.\u00a0Da clic aqu\u00ed Guadalupe H. MarMira Pol\u00edtica FORZADA LEALTAD \u2026 En lo que va de la primera quincena de este mes de diciembre, el primero de la nueva administraci\u00f3n estatal que preside la ingeniera qu\u00edmica Norma Roc\u00edo Nahle Garc\u00eda, no tienen idea amables lectoras y lectores de la gran cantidad de [&hellip;]","og_url":"https:\/\/lospoliticosveracruz.com\/?p=134051","og_site_name":"Los pol\u00edticos Veracruz","article_publisher":"https:\/\/www.facebook.com\/people\/Notimemes-de-los-Polticos\/61565672886568\/","article_published_time":"2024-12-13T01:59:00+00:00","og_image":[{"width":1250,"height":667,"url":"https:\/\/lospoliticosveracruz.com\/wp-content\/uploads\/2024\/03\/Lupita-Mar.jpg","type":"image\/jpeg"}],"author":"Lo viste en Los Pol\u00edticos","twitter_card":"summary_large_image","twitter_creator":"@LosPoliticosVer","twitter_site":"@LosPoliticosVer","twitter_misc":{"Escrito por":"Lo viste en Los Pol\u00edticos","Tiempo de lectura":"4 minutos"},"schema":{"@context":"https:\/\/schema.org","@graph":[{"@type":"Article","@id":"https:\/\/lospoliticosveracruz.com\/?p=134051#article","isPartOf":{"@id":"https:\/\/lospoliticosveracruz.com\/?p=134051"},"author":{"name":"Lo viste en Los Pol\u00edticos","@id":"https:\/\/lospoliticosveracruz.com\/#\/schema\/person\/b8702bb0e538456e6efd07080bf2a4a2"},"headline":"BURDOS","datePublished":"2024-12-13T01:59:00+00:00","mainEntityOfPage":{"@id":"https:\/\/lospoliticosveracruz.com\/?p=134051"},"wordCount":844,"publisher":{"@id":"https:\/\/lospoliticosveracruz.com\/#organization"},"image":{"@id":"https:\/\/lospoliticosveracruz.com\/?p=134051#primaryimage"},"thumbnailUrl":"https:\/\/lospoliticosveracruz.com\/wp-content\/uploads\/2024\/03\/Lupita-Mar.jpg","keywords":["Claudia Sheinbaum Pardo","Guadalupe H. Mar","Joaqu\u00edn Agust\u00edn Rosas Garc\u00e9s","Mar\u00eda X\u00f3chitl Molina Gonz\u00e1lez","Norma Roc\u00edo Nahle Garc\u00eda","Rey David Manzanares Valenzuela"],"articleSection":["De Opini\u00f3n"],"inLanguage":"es"},{"@type":"WebPage","@id":"https:\/\/lospoliticosveracruz.com\/?p=134051","url":"https:\/\/lospoliticosveracruz.com\/?p=134051","name":"BURDOS - Los pol\u00edticos Veracruz","isPartOf":{"@id":"https:\/\/lospoliticosveracruz.com\/#website"},"primaryImageOfPage":{"@id":"https:\/\/lospoliticosveracruz.com\/?p=134051#primaryimage"},"image":{"@id":"https:\/\/lospoliticosveracruz.com\/?p=134051#primaryimage"},"thumbnailUrl":"https:\/\/lospoliticosveracruz.com\/wp-content\/uploads\/2024\/03\/Lupita-Mar.jpg","datePublished":"2024-12-13T01:59:00+00:00","breadcrumb":{"@id":"https:\/\/lospoliticosveracruz.com\/?p=134051#breadcrumb"},"inLanguage":"es","potentialAction":[{"@type":"ReadAction","target":["https:\/\/lospoliticosveracruz.com\/?p=134051"]}]},{"@type":"ImageObject","inLanguage":"es","@id":"https:\/\/lospoliticosveracruz.com\/?p=134051#primaryimage","url":"https:\/\/lospoliticosveracruz.com\/wp-content\/uploads\/2024\/03\/Lupita-Mar.jpg","contentUrl":"https:\/\/lospoliticosveracruz.com\/wp-content\/uploads\/2024\/03\/Lupita-Mar.jpg","width":1250,"height":667},{"@type":"BreadcrumbList","@id":"https:\/\/lospoliticosveracruz.com\/?p=134051#breadcrumb","itemListElement":[{"@type":"ListItem","position":1,"name":"Portada","item":"https:\/\/lospoliticosveracruz.com\/"},{"@type":"ListItem","position":2,"name":"BURDOS"}]},{"@type":"WebSite","@id":"https:\/\/lospoliticosveracruz.com\/#website","url":"https:\/\/lospoliticosveracruz.com\/","name":"Los pol\u00edticos Veracruz","description":"","publisher":{"@id":"https:\/\/lospoliticosveracruz.com\/#organization"},"potentialAction":[{"@type":"SearchAction","target":{"@type":"EntryPoint","urlTemplate":"https:\/\/lospoliticosveracruz.com\/?s={search_term_string}"},"query-input":{"@type":"PropertyValueSpecification","valueRequired":true,"valueName":"search_term_string"}}],"inLanguage":"es"},{"@type":"Organization","@id":"https:\/\/lospoliticosveracruz.com\/#organization","name":"Los pol\u00edticos Veracruz","url":"https:\/\/lospoliticosveracruz.com\/","logo":{"@type":"ImageObject","inLanguage":"es","@id":"https:\/\/lospoliticosveracruz.com\/#\/schema\/logo\/image\/","url":"https:\/\/lospoliticosveracruz.com\/wp-content\/uploads\/2025\/12\/Logo-Nuevo-LOS-POLITICOS-1.jpg","contentUrl":"https:\/\/lospoliticosveracruz.com\/wp-content\/uploads\/2025\/12\/Logo-Nuevo-LOS-POLITICOS-1.jpg","width":260,"height":70,"caption":"Los pol\u00edticos Veracruz"},"image":{"@id":"https:\/\/lospoliticosveracruz.com\/#\/schema\/logo\/image\/"},"sameAs":["https:\/\/www.facebook.com\/people\/Notimemes-de-los-Polticos\/61565672886568\/","https:\/\/x.com\/LosPoliticosVer"]},{"@type":"Person","@id":"https:\/\/lospoliticosveracruz.com\/#\/schema\/person\/b8702bb0e538456e6efd07080bf2a4a2","name":"Lo viste en Los Pol\u00edticos","image":{"@type":"ImageObject","inLanguage":"es","@id":"https:\/\/secure.gravatar.com\/avatar\/3a8de04a2656d44082be478bd6c086daa447c4651605818287b9532d3d0bd435?s=96&d=mm&r=g","url":"https:\/\/secure.gravatar.com\/avatar\/3a8de04a2656d44082be478bd6c086daa447c4651605818287b9532d3d0bd435?s=96&d=mm&r=g","contentUrl":"https:\/\/secure.gravatar.com\/avatar\/3a8de04a2656d44082be478bd6c086daa447c4651605818287b9532d3d0bd435?s=96&d=mm&r=g","caption":"Lo viste en Los Pol\u00edticos"},"url":"https:\/\/lospoliticosveracruz.com\/?author=2"}]}},"_links":{"self":[{"href":"https:\/\/lospoliticosveracruz.com\/index.php?rest_route=\/wp\/v2\/posts\/134051","targetHints":{"allow":["GET"]}}],"collection":[{"href":"https:\/\/lospoliticosveracruz.com\/index.php?rest_route=\/wp\/v2\/posts"}],"about":[{"href":"https:\/\/lospoliticosveracruz.com\/index.php?rest_route=\/wp\/v2\/types\/post"}],"author":[{"embeddable":true,"href":"https:\/\/lospoliticosveracruz.com\/index.php?rest_route=\/wp\/v2\/users\/2"}],"replies":[{"embeddable":true,"href":"https:\/\/lospoliticosveracruz.com\/index.php?rest_route=%2Fwp%2Fv2%2Fcomments&post=134051"}],"version-history":[{"count":1,"href":"https:\/\/lospoliticosveracruz.com\/index.php?rest_route=\/wp\/v2\/posts\/134051\/revisions"}],"predecessor-version":[{"id":134052,"href":"https:\/\/lospoliticosveracruz.com\/index.php?rest_route=\/wp\/v2\/posts\/134051\/revisions\/134052"}],"wp:featuredmedia":[{"embeddable":true,"href":"https:\/\/lospoliticosveracruz.com\/index.php?rest_route=\/wp\/v2\/media\/119929"}],"wp:attachment":[{"href":"https:\/\/lospoliticosveracruz.com\/index.php?rest_route=%2Fwp%2Fv2%2Fmedia&parent=134051"}],"wp:term":[{"taxonomy":"category","embeddable":true,"href":"https:\/\/lospoliticosveracruz.com\/index.php?rest_route=%2Fwp%2Fv2%2Fcategories&post=134051"},{"taxonomy":"post_tag","embeddable":true,"href":"https:\/\/lospoliticosveracruz.com\/index.php?rest_route=%2Fwp%2Fv2%2Ftags&post=134051"}],"curies":[{"name":"wp","href":"https:\/\/api.w.org\/{rel}","templated":true}]}}