{"id":134076,"date":"2024-12-13T03:50:08","date_gmt":"2024-12-13T09:50:08","guid":{"rendered":"https:\/\/lospoliticosveracruz.com.mx\/?p=134076"},"modified":"2024-12-13T03:52:06","modified_gmt":"2024-12-13T09:52:06","slug":"crimen-de-benito-y-el-reto-de-la-fge","status":"publish","type":"post","link":"https:\/\/lospoliticosveracruz.com\/?p=134076","title":{"rendered":"CRIMEN DE BENITO Y EL RETO DE LA FGE"},"content":{"rendered":"\n<p><br>[S\u00edguenos ahora tambi\u00e9n en WhatsApp.\u00a0<a href=\"https:\/\/whatsapp.com\/channel\/0029Va8zRWlEKyZIP3Z1dF0e\"><strong><em>Da clic aqu\u00ed<\/em><\/strong><\/a>]<\/p>\n\n\n\n<p><strong>Ricardo Chua<\/strong><\/p>\n\n\n\n<p><em>Sale y Vale<\/em><\/p>\n\n\n\n<p>A pesar de que muchos est\u00e1n inculpando al gobierno de Roc\u00edo Nahle del clima de inseguridad que se vive Veracruz, despu\u00e9s del asesinato del pasado lunes en el municipio de Zongolica del diputado federal del PVEM, Benito Aguas, el operador pol\u00edtico de la 4T en esa regi\u00f3n de la zona serrana del centro de la entidad.. En realidad, el reto m\u00e1s que para la gobernadora, es para la Fiscal de Veracruz, Ver\u00f3nica Hern\u00e1ndez, esclarecer este magnicidio en esta nueva administraci\u00f3n estatal..<\/p>\n\n\n\n<p>Esto sin importar que tambi\u00e9n ahora la Fiscal\u00eda General de la Rep\u00fablica (FGR) haya atra\u00eddo el caso para investigar el crimen del diputado federal veracruzano.. Ya que ser\u00e1 una coordinaci\u00f3n directa con la Fiscal\u00eda General del Estado de Veracruz (FGE) para esclarecer este caso.. De todos modos, la Fiscal est\u00e1 en la mira por lo que pueda pasar con este tema porque es una \u00abpapa caliente\u00bb no s\u00f3lo para el nuevo gobierno estatal sino tambi\u00e9n para la Fiscal\u00eda local..<\/p>\n\n\n\n<p>Se cuenta en los \u00abpasillos\u00bb del poder pol\u00edtico de Veracruz.. Que en las reuniones que sostiene con su gabinete de los temas de seguridad.. Que la gobernadora Roc\u00edo Nahle, ha sido muy dura criticando la \u00abherencia maldita\u00bb que le dej\u00f3 su antecesor, Cuitl\u00e1huac Garc\u00eda Jim\u00e9nez, con estos asuntos de la inseguridad en la entidad.. Adem\u00e1s del gobierno que le dej\u00f3 \u00absembrado\u00bb una destrucci\u00f3n en la administraci\u00f3n p\u00fablica estatal.. Y que se magnific\u00f3 con este tema del primer crimen pol\u00edtico en su gesti\u00f3n de Benito Aguas..<\/p>\n\n\n\n<p>Por eso, si bien es cierto para Nahle Garc\u00eda este tema es un reto.. Insistimos que el mayor reto es para la FGE para entregarle buenas cuentas a la 4T sobre el esclarecimiento del crimen de uno de sus principales activos pol\u00edticos en la entidad.. Y de esa manera ver de qu\u00e9 est\u00e1 hecha, Ver\u00f3nica Hern\u00e1ndez y ver si con este caso, se puede quitar de encima todo el Aparato de Estado y \u00abnomenclatura\u00bb pol\u00edtica que se\u00f1ala que se va del cargo.. Ese ser\u00eda su principal reto en Veracruz desde el pasado lunes..<\/p>\n\n\n\n<p>De esa manera, la Fiscal evitar\u00e1 las presiones pol\u00edticas a su alrededor, de que le toquen \u00abla retirada\u00bb porque piensan que no va a poder esclarecer al 100 por ciento este crimen del legislador federal del \u00abVerde\u00bb.. Ya que son muchas las voces que suenan en Palacio de Gobierno.. Que en la FGE se dedicaron muy poco a procurar justicia y s\u00f3lo lo hac\u00edan en caso que les interesara al gobierno anterior o en \u00abvendettas\u00bb pol\u00edticas generadas desde las dos principales oficinas del edificio que est\u00e1 a lado del Parque Ju\u00e1rez en Xalapa..<\/p>\n\n\n\n<p>Se cuenta que ahora van a entender en la FGE.. De que no van a poder manipular las cifras como PRESUNTAMENTE lo hac\u00edan con el ex gobernador, Cuitl\u00e1huac Garc\u00eda o en los tiempos que Eric Cisneros Burgos, era el secretario de Gobierno.. Que \u00abmaquillaban\u00bb todas las cifras de incidencia delictiva en Veracruz, para poder enga\u00f1ar al gobierno federal y hoy ah\u00ed est\u00e1n los hechos.. Hay que recordar que Cuitl\u00e1huac dijo en sus primeros a\u00f1os de gobierno, que en Veracruz no hab\u00eda crimen organizado.. Y miren en qu\u00e9 acab\u00f3 todo..<\/p>\n\n\n\n<p>Pero al paso de los a\u00f1os, la realidad de Veracruz y de los grupos fuera de la ley que operan en su territorio, se impuso a la narrativa que hiciera el ex gobernador, Cuitl\u00e1huac Garc\u00eda y que as\u00ed lo hab\u00eda construido, para que al final saliera que todo era mentira.. Y ah\u00ed est\u00e1n los hechos delictivos que el gobierno soslay\u00f3 en que se atendieran y que muchos s\u00f3lo se fueron en esc\u00e1ndalos y hoy el gobierno de Roc\u00edo Nahle est\u00e1 padeciendo todo lo que Cuitl\u00e1huac le dej\u00f3 y no se llev\u00f3 con \u00e9l..<\/p>\n\n\n\n<p>Sin duda, por estas situaciones es que Roc\u00edo Nahle tendr\u00e1 que estar muy atenta, para que el Estado no se le vaya de las manos.. Seguramente ya con el poder en sus manos, tendr\u00e1 que llamar a pedir cuentas a todos aquellos que le dejaron la entidad as\u00ed.. No s\u00f3lo en temas de seguridad sino en todas las \u00e1reas, que la sociedad reclama una pronta atenci\u00f3n y soluci\u00f3n ante la inoperancia del gobierno estatal pasado.. Esto es algo que tiene que empezar a bajar y la FGE tiene que poner mucho de su parte en ello..<\/p>\n\n\n\n<p>REFLEXI\u00d3N.. Si el caso del crimen de Benito Aguas no se resuelve en las siguientes semanas o se tengan indicios de qui\u00e9n y el por qu\u00e9 lo asesinaron antes que pasen las fiestas de \u00aba\u00f1o nuevo\u00bb.. La presi\u00f3n sobre Ver\u00f3nica Hern\u00e1ndez, ser\u00e1 inaguantable.. Ya no s\u00f3lo ser\u00e1n colectivos o familiares de los presos pol\u00edticos los que pidan su salida.. Seguramente lo har\u00e1n entes pol\u00edticos de MORENA.. Y presionar\u00e1n al Congreso del Estado para que la destituya del cargo.. Su suerte est\u00e1 echada.. Y de ella depende si se queda o se va.. AMEN..<\/p>\n","protected":false},"excerpt":{"rendered":"<p>[S\u00edguenos ahora tambi\u00e9n en WhatsApp.\u00a0Da clic aqu\u00ed] Ricardo Chua Sale y Vale A pesar de que muchos est\u00e1n inculpando al gobierno de Roc\u00edo Nahle del clima de inseguridad que se vive Veracruz, despu\u00e9s del asesinato del pasado lunes en el municipio de Zongolica del diputado federal del PVEM, Benito Aguas, el operador pol\u00edtico de la [&hellip;]<\/p>\n","protected":false},"author":2,"featured_media":119817,"comment_status":"closed","ping_status":"closed","sticky":false,"template":"","format":"standard","meta":{"tdm_status":"","tdm_grid_status":"","footnotes":""},"categories":[70],"tags":[8387,6870,1026,3578,195,15165],"class_list":{"0":"post-134076","1":"post","2":"type-post","3":"status-publish","4":"format-standard","5":"has-post-thumbnail","7":"category-de-opinion","8":"tag-benito-aguas","9":"tag-fge","10":"tag-morena","11":"tag-rocio-nahle","12":"tag-veracruz","13":"tag-veronica-hernandez-giadans"},"yoast_head":"<!-- This site is optimized with the Yoast SEO plugin v27.4 - https:\/\/yoast.com\/product\/yoast-seo-wordpress\/ -->\n<title>CRIMEN DE BENITO Y EL RETO DE LA FGE - Los pol\u00edticos Veracruz<\/title>\n<meta name=\"robots\" content=\"index, follow, max-snippet:-1, max-image-preview:large, max-video-preview:-1\" \/>\n<link rel=\"canonical\" href=\"https:\/\/lospoliticosveracruz.com\/?p=134076\" \/>\n<meta property=\"og:locale\" content=\"es_ES\" \/>\n<meta property=\"og:type\" content=\"article\" \/>\n<meta property=\"og:title\" content=\"CRIMEN DE BENITO Y EL RETO DE LA FGE - Los pol\u00edticos Veracruz\" \/>\n<meta property=\"og:description\" content=\"[S\u00edguenos ahora tambi\u00e9n en WhatsApp.\u00a0Da clic aqu\u00ed] Ricardo Chua Sale y Vale A pesar de que muchos est\u00e1n inculpando al gobierno de Roc\u00edo Nahle del clima de inseguridad que se vive Veracruz, despu\u00e9s del asesinato del pasado lunes en el municipio de Zongolica del diputado federal del PVEM, Benito Aguas, el operador pol\u00edtico de la [&hellip;]\" \/>\n<meta property=\"og:url\" content=\"https:\/\/lospoliticosveracruz.com\/?p=134076\" \/>\n<meta property=\"og:site_name\" content=\"Los pol\u00edticos Veracruz\" \/>\n<meta property=\"article:publisher\" content=\"https:\/\/www.facebook.com\/people\/Notimemes-de-los-Polticos\/61565672886568\/\" \/>\n<meta property=\"article:published_time\" content=\"2024-12-13T09:50:08+00:00\" \/>\n<meta property=\"article:modified_time\" content=\"2024-12-13T09:52:06+00:00\" \/>\n<meta property=\"og:image\" content=\"https:\/\/lospoliticosveracruz.com\/wp-content\/uploads\/2024\/03\/Ricardo-Chua.jpg\" \/>\n\t<meta property=\"og:image:width\" content=\"1250\" \/>\n\t<meta property=\"og:image:height\" content=\"667\" \/>\n\t<meta property=\"og:image:type\" content=\"image\/jpeg\" \/>\n<meta name=\"author\" content=\"Lo viste en Los Pol\u00edticos\" \/>\n<meta name=\"twitter:card\" content=\"summary_large_image\" \/>\n<meta name=\"twitter:creator\" content=\"@LosPoliticosVer\" \/>\n<meta name=\"twitter:site\" content=\"@LosPoliticosVer\" \/>\n<meta name=\"twitter:label1\" content=\"Escrito por\" \/>\n\t<meta name=\"twitter:data1\" content=\"Lo viste en Los Pol\u00edticos\" \/>\n\t<meta name=\"twitter:label2\" content=\"Tiempo de lectura\" \/>\n\t<meta name=\"twitter:data2\" content=\"4 minutos\" \/>\n<script type=\"application\/ld+json\" class=\"yoast-schema-graph\">{\"@context\":\"https:\\\/\\\/schema.org\",\"@graph\":[{\"@type\":\"Article\",\"@id\":\"https:\\\/\\\/lospoliticosveracruz.com\\\/?p=134076#article\",\"isPartOf\":{\"@id\":\"https:\\\/\\\/lospoliticosveracruz.com\\\/?p=134076\"},\"author\":{\"name\":\"Lo viste en Los Pol\u00edticos\",\"@id\":\"https:\\\/\\\/lospoliticosveracruz.com\\\/#\\\/schema\\\/person\\\/b8702bb0e538456e6efd07080bf2a4a2\"},\"headline\":\"CRIMEN DE BENITO Y EL RETO DE LA FGE\",\"datePublished\":\"2024-12-13T09:50:08+00:00\",\"dateModified\":\"2024-12-13T09:52:06+00:00\",\"mainEntityOfPage\":{\"@id\":\"https:\\\/\\\/lospoliticosveracruz.com\\\/?p=134076\"},\"wordCount\":899,\"publisher\":{\"@id\":\"https:\\\/\\\/lospoliticosveracruz.com\\\/#organization\"},\"image\":{\"@id\":\"https:\\\/\\\/lospoliticosveracruz.com\\\/?p=134076#primaryimage\"},\"thumbnailUrl\":\"https:\\\/\\\/lospoliticosveracruz.com\\\/wp-content\\\/uploads\\\/2024\\\/03\\\/Ricardo-Chua.jpg\",\"keywords\":[\"Benito Aguas\",\"FGE\",\"Morena\",\"Roc\u00edo Nahle\",\"Veracruz\",\"Ver\u00f3nica Hern\u00e1ndez Giad\u00e1ns\"],\"articleSection\":[\"De Opini\u00f3n\"],\"inLanguage\":\"es\"},{\"@type\":\"WebPage\",\"@id\":\"https:\\\/\\\/lospoliticosveracruz.com\\\/?p=134076\",\"url\":\"https:\\\/\\\/lospoliticosveracruz.com\\\/?p=134076\",\"name\":\"CRIMEN DE BENITO Y EL RETO DE LA FGE - Los pol\u00edticos Veracruz\",\"isPartOf\":{\"@id\":\"https:\\\/\\\/lospoliticosveracruz.com\\\/#website\"},\"primaryImageOfPage\":{\"@id\":\"https:\\\/\\\/lospoliticosveracruz.com\\\/?p=134076#primaryimage\"},\"image\":{\"@id\":\"https:\\\/\\\/lospoliticosveracruz.com\\\/?p=134076#primaryimage\"},\"thumbnailUrl\":\"https:\\\/\\\/lospoliticosveracruz.com\\\/wp-content\\\/uploads\\\/2024\\\/03\\\/Ricardo-Chua.jpg\",\"datePublished\":\"2024-12-13T09:50:08+00:00\",\"dateModified\":\"2024-12-13T09:52:06+00:00\",\"breadcrumb\":{\"@id\":\"https:\\\/\\\/lospoliticosveracruz.com\\\/?p=134076#breadcrumb\"},\"inLanguage\":\"es\",\"potentialAction\":[{\"@type\":\"ReadAction\",\"target\":[\"https:\\\/\\\/lospoliticosveracruz.com\\\/?p=134076\"]}]},{\"@type\":\"ImageObject\",\"inLanguage\":\"es\",\"@id\":\"https:\\\/\\\/lospoliticosveracruz.com\\\/?p=134076#primaryimage\",\"url\":\"https:\\\/\\\/lospoliticosveracruz.com\\\/wp-content\\\/uploads\\\/2024\\\/03\\\/Ricardo-Chua.jpg\",\"contentUrl\":\"https:\\\/\\\/lospoliticosveracruz.com\\\/wp-content\\\/uploads\\\/2024\\\/03\\\/Ricardo-Chua.jpg\",\"width\":1250,\"height\":667},{\"@type\":\"BreadcrumbList\",\"@id\":\"https:\\\/\\\/lospoliticosveracruz.com\\\/?p=134076#breadcrumb\",\"itemListElement\":[{\"@type\":\"ListItem\",\"position\":1,\"name\":\"Portada\",\"item\":\"https:\\\/\\\/lospoliticosveracruz.com\\\/\"},{\"@type\":\"ListItem\",\"position\":2,\"name\":\"CRIMEN DE BENITO Y EL RETO DE LA FGE\"}]},{\"@type\":\"WebSite\",\"@id\":\"https:\\\/\\\/lospoliticosveracruz.com\\\/#website\",\"url\":\"https:\\\/\\\/lospoliticosveracruz.com\\\/\",\"name\":\"Los pol\u00edticos Veracruz\",\"description\":\"\",\"publisher\":{\"@id\":\"https:\\\/\\\/lospoliticosveracruz.com\\\/#organization\"},\"potentialAction\":[{\"@type\":\"SearchAction\",\"target\":{\"@type\":\"EntryPoint\",\"urlTemplate\":\"https:\\\/\\\/lospoliticosveracruz.com\\\/?s={search_term_string}\"},\"query-input\":{\"@type\":\"PropertyValueSpecification\",\"valueRequired\":true,\"valueName\":\"search_term_string\"}}],\"inLanguage\":\"es\"},{\"@type\":\"Organization\",\"@id\":\"https:\\\/\\\/lospoliticosveracruz.com\\\/#organization\",\"name\":\"Los pol\u00edticos Veracruz\",\"url\":\"https:\\\/\\\/lospoliticosveracruz.com\\\/\",\"logo\":{\"@type\":\"ImageObject\",\"inLanguage\":\"es\",\"@id\":\"https:\\\/\\\/lospoliticosveracruz.com\\\/#\\\/schema\\\/logo\\\/image\\\/\",\"url\":\"https:\\\/\\\/lospoliticosveracruz.com\\\/wp-content\\\/uploads\\\/2025\\\/12\\\/Logo-Nuevo-LOS-POLITICOS-1.jpg\",\"contentUrl\":\"https:\\\/\\\/lospoliticosveracruz.com\\\/wp-content\\\/uploads\\\/2025\\\/12\\\/Logo-Nuevo-LOS-POLITICOS-1.jpg\",\"width\":260,\"height\":70,\"caption\":\"Los pol\u00edticos Veracruz\"},\"image\":{\"@id\":\"https:\\\/\\\/lospoliticosveracruz.com\\\/#\\\/schema\\\/logo\\\/image\\\/\"},\"sameAs\":[\"https:\\\/\\\/www.facebook.com\\\/people\\\/Notimemes-de-los-Polticos\\\/61565672886568\\\/\",\"https:\\\/\\\/x.com\\\/LosPoliticosVer\"]},{\"@type\":\"Person\",\"@id\":\"https:\\\/\\\/lospoliticosveracruz.com\\\/#\\\/schema\\\/person\\\/b8702bb0e538456e6efd07080bf2a4a2\",\"name\":\"Lo viste en Los Pol\u00edticos\",\"image\":{\"@type\":\"ImageObject\",\"inLanguage\":\"es\",\"@id\":\"https:\\\/\\\/secure.gravatar.com\\\/avatar\\\/3a8de04a2656d44082be478bd6c086daa447c4651605818287b9532d3d0bd435?s=96&d=mm&r=g\",\"url\":\"https:\\\/\\\/secure.gravatar.com\\\/avatar\\\/3a8de04a2656d44082be478bd6c086daa447c4651605818287b9532d3d0bd435?s=96&d=mm&r=g\",\"contentUrl\":\"https:\\\/\\\/secure.gravatar.com\\\/avatar\\\/3a8de04a2656d44082be478bd6c086daa447c4651605818287b9532d3d0bd435?s=96&d=mm&r=g\",\"caption\":\"Lo viste en Los Pol\u00edticos\"},\"url\":\"https:\\\/\\\/lospoliticosveracruz.com\\\/?author=2\"}]}<\/script>\n<!-- \/ Yoast SEO plugin. -->","yoast_head_json":{"title":"CRIMEN DE BENITO Y EL RETO DE LA FGE - Los pol\u00edticos Veracruz","robots":{"index":"index","follow":"follow","max-snippet":"max-snippet:-1","max-image-preview":"max-image-preview:large","max-video-preview":"max-video-preview:-1"},"canonical":"https:\/\/lospoliticosveracruz.com\/?p=134076","og_locale":"es_ES","og_type":"article","og_title":"CRIMEN DE BENITO Y EL RETO DE LA FGE - Los pol\u00edticos Veracruz","og_description":"[S\u00edguenos ahora tambi\u00e9n en WhatsApp.\u00a0Da clic aqu\u00ed] Ricardo Chua Sale y Vale A pesar de que muchos est\u00e1n inculpando al gobierno de Roc\u00edo Nahle del clima de inseguridad que se vive Veracruz, despu\u00e9s del asesinato del pasado lunes en el municipio de Zongolica del diputado federal del PVEM, Benito Aguas, el operador pol\u00edtico de la [&hellip;]","og_url":"https:\/\/lospoliticosveracruz.com\/?p=134076","og_site_name":"Los pol\u00edticos Veracruz","article_publisher":"https:\/\/www.facebook.com\/people\/Notimemes-de-los-Polticos\/61565672886568\/","article_published_time":"2024-12-13T09:50:08+00:00","article_modified_time":"2024-12-13T09:52:06+00:00","og_image":[{"width":1250,"height":667,"url":"https:\/\/lospoliticosveracruz.com\/wp-content\/uploads\/2024\/03\/Ricardo-Chua.jpg","type":"image\/jpeg"}],"author":"Lo viste en Los Pol\u00edticos","twitter_card":"summary_large_image","twitter_creator":"@LosPoliticosVer","twitter_site":"@LosPoliticosVer","twitter_misc":{"Escrito por":"Lo viste en Los Pol\u00edticos","Tiempo de lectura":"4 minutos"},"schema":{"@context":"https:\/\/schema.org","@graph":[{"@type":"Article","@id":"https:\/\/lospoliticosveracruz.com\/?p=134076#article","isPartOf":{"@id":"https:\/\/lospoliticosveracruz.com\/?p=134076"},"author":{"name":"Lo viste en Los Pol\u00edticos","@id":"https:\/\/lospoliticosveracruz.com\/#\/schema\/person\/b8702bb0e538456e6efd07080bf2a4a2"},"headline":"CRIMEN DE BENITO Y EL RETO DE LA FGE","datePublished":"2024-12-13T09:50:08+00:00","dateModified":"2024-12-13T09:52:06+00:00","mainEntityOfPage":{"@id":"https:\/\/lospoliticosveracruz.com\/?p=134076"},"wordCount":899,"publisher":{"@id":"https:\/\/lospoliticosveracruz.com\/#organization"},"image":{"@id":"https:\/\/lospoliticosveracruz.com\/?p=134076#primaryimage"},"thumbnailUrl":"https:\/\/lospoliticosveracruz.com\/wp-content\/uploads\/2024\/03\/Ricardo-Chua.jpg","keywords":["Benito Aguas","FGE","Morena","Roc\u00edo Nahle","Veracruz","Ver\u00f3nica Hern\u00e1ndez Giad\u00e1ns"],"articleSection":["De Opini\u00f3n"],"inLanguage":"es"},{"@type":"WebPage","@id":"https:\/\/lospoliticosveracruz.com\/?p=134076","url":"https:\/\/lospoliticosveracruz.com\/?p=134076","name":"CRIMEN DE BENITO Y EL RETO DE LA FGE - Los pol\u00edticos Veracruz","isPartOf":{"@id":"https:\/\/lospoliticosveracruz.com\/#website"},"primaryImageOfPage":{"@id":"https:\/\/lospoliticosveracruz.com\/?p=134076#primaryimage"},"image":{"@id":"https:\/\/lospoliticosveracruz.com\/?p=134076#primaryimage"},"thumbnailUrl":"https:\/\/lospoliticosveracruz.com\/wp-content\/uploads\/2024\/03\/Ricardo-Chua.jpg","datePublished":"2024-12-13T09:50:08+00:00","dateModified":"2024-12-13T09:52:06+00:00","breadcrumb":{"@id":"https:\/\/lospoliticosveracruz.com\/?p=134076#breadcrumb"},"inLanguage":"es","potentialAction":[{"@type":"ReadAction","target":["https:\/\/lospoliticosveracruz.com\/?p=134076"]}]},{"@type":"ImageObject","inLanguage":"es","@id":"https:\/\/lospoliticosveracruz.com\/?p=134076#primaryimage","url":"https:\/\/lospoliticosveracruz.com\/wp-content\/uploads\/2024\/03\/Ricardo-Chua.jpg","contentUrl":"https:\/\/lospoliticosveracruz.com\/wp-content\/uploads\/2024\/03\/Ricardo-Chua.jpg","width":1250,"height":667},{"@type":"BreadcrumbList","@id":"https:\/\/lospoliticosveracruz.com\/?p=134076#breadcrumb","itemListElement":[{"@type":"ListItem","position":1,"name":"Portada","item":"https:\/\/lospoliticosveracruz.com\/"},{"@type":"ListItem","position":2,"name":"CRIMEN DE BENITO Y EL RETO DE LA FGE"}]},{"@type":"WebSite","@id":"https:\/\/lospoliticosveracruz.com\/#website","url":"https:\/\/lospoliticosveracruz.com\/","name":"Los pol\u00edticos Veracruz","description":"","publisher":{"@id":"https:\/\/lospoliticosveracruz.com\/#organization"},"potentialAction":[{"@type":"SearchAction","target":{"@type":"EntryPoint","urlTemplate":"https:\/\/lospoliticosveracruz.com\/?s={search_term_string}"},"query-input":{"@type":"PropertyValueSpecification","valueRequired":true,"valueName":"search_term_string"}}],"inLanguage":"es"},{"@type":"Organization","@id":"https:\/\/lospoliticosveracruz.com\/#organization","name":"Los pol\u00edticos Veracruz","url":"https:\/\/lospoliticosveracruz.com\/","logo":{"@type":"ImageObject","inLanguage":"es","@id":"https:\/\/lospoliticosveracruz.com\/#\/schema\/logo\/image\/","url":"https:\/\/lospoliticosveracruz.com\/wp-content\/uploads\/2025\/12\/Logo-Nuevo-LOS-POLITICOS-1.jpg","contentUrl":"https:\/\/lospoliticosveracruz.com\/wp-content\/uploads\/2025\/12\/Logo-Nuevo-LOS-POLITICOS-1.jpg","width":260,"height":70,"caption":"Los pol\u00edticos Veracruz"},"image":{"@id":"https:\/\/lospoliticosveracruz.com\/#\/schema\/logo\/image\/"},"sameAs":["https:\/\/www.facebook.com\/people\/Notimemes-de-los-Polticos\/61565672886568\/","https:\/\/x.com\/LosPoliticosVer"]},{"@type":"Person","@id":"https:\/\/lospoliticosveracruz.com\/#\/schema\/person\/b8702bb0e538456e6efd07080bf2a4a2","name":"Lo viste en Los Pol\u00edticos","image":{"@type":"ImageObject","inLanguage":"es","@id":"https:\/\/secure.gravatar.com\/avatar\/3a8de04a2656d44082be478bd6c086daa447c4651605818287b9532d3d0bd435?s=96&d=mm&r=g","url":"https:\/\/secure.gravatar.com\/avatar\/3a8de04a2656d44082be478bd6c086daa447c4651605818287b9532d3d0bd435?s=96&d=mm&r=g","contentUrl":"https:\/\/secure.gravatar.com\/avatar\/3a8de04a2656d44082be478bd6c086daa447c4651605818287b9532d3d0bd435?s=96&d=mm&r=g","caption":"Lo viste en Los Pol\u00edticos"},"url":"https:\/\/lospoliticosveracruz.com\/?author=2"}]}},"_links":{"self":[{"href":"https:\/\/lospoliticosveracruz.com\/index.php?rest_route=\/wp\/v2\/posts\/134076","targetHints":{"allow":["GET"]}}],"collection":[{"href":"https:\/\/lospoliticosveracruz.com\/index.php?rest_route=\/wp\/v2\/posts"}],"about":[{"href":"https:\/\/lospoliticosveracruz.com\/index.php?rest_route=\/wp\/v2\/types\/post"}],"author":[{"embeddable":true,"href":"https:\/\/lospoliticosveracruz.com\/index.php?rest_route=\/wp\/v2\/users\/2"}],"replies":[{"embeddable":true,"href":"https:\/\/lospoliticosveracruz.com\/index.php?rest_route=%2Fwp%2Fv2%2Fcomments&post=134076"}],"version-history":[{"count":2,"href":"https:\/\/lospoliticosveracruz.com\/index.php?rest_route=\/wp\/v2\/posts\/134076\/revisions"}],"predecessor-version":[{"id":134078,"href":"https:\/\/lospoliticosveracruz.com\/index.php?rest_route=\/wp\/v2\/posts\/134076\/revisions\/134078"}],"wp:featuredmedia":[{"embeddable":true,"href":"https:\/\/lospoliticosveracruz.com\/index.php?rest_route=\/wp\/v2\/media\/119817"}],"wp:attachment":[{"href":"https:\/\/lospoliticosveracruz.com\/index.php?rest_route=%2Fwp%2Fv2%2Fmedia&parent=134076"}],"wp:term":[{"taxonomy":"category","embeddable":true,"href":"https:\/\/lospoliticosveracruz.com\/index.php?rest_route=%2Fwp%2Fv2%2Fcategories&post=134076"},{"taxonomy":"post_tag","embeddable":true,"href":"https:\/\/lospoliticosveracruz.com\/index.php?rest_route=%2Fwp%2Fv2%2Ftags&post=134076"}],"curies":[{"name":"wp","href":"https:\/\/api.w.org\/{rel}","templated":true}]}}