{"id":134093,"date":"2024-12-13T08:35:00","date_gmt":"2024-12-13T14:35:00","guid":{"rendered":"https:\/\/lospoliticosveracruz.com.mx\/?p=134093"},"modified":"2024-12-13T08:35:11","modified_gmt":"2024-12-13T14:35:11","slug":"sin-recursos-no-hay-progreso","status":"publish","type":"post","link":"https:\/\/lospoliticosveracruz.com\/?p=134093","title":{"rendered":"SIN RECURSOS NO HAY PROGRESO"},"content":{"rendered":"\n<p>S\u00edguenos ahora tambi\u00e9n en WhatsApp.&nbsp;<a href=\"https:\/\/whatsapp.com\/channel\/0029Va8zRWlEKyZIP3Z1dF0e\"><strong><em>Da clic aqu\u00ed<\/em><\/strong><\/a><\/p>\n\n\n\n<p><strong>Felipe de Jes\u00fas Fern\u00e1ndez Basilio<\/strong><\/p>\n\n\n\n<p><em>Desde A Janela<\/em><\/p>\n\n\n\n<p>Con la aprobaci\u00f3n del presupuesto de egresos de la federaci\u00f3n, el gobierno de la transformaci\u00f3n que no fue ni tampoco ser\u00e1, nos ha demostrado a cabalidad que tanto en su primer periodo como en este su segundo, las mentiras y el enga\u00f1o en general son su sello.<\/p>\n\n\n<div class=\"wp-block-image\">\n<figure class=\"alignleft size-medium\"><a href=\"https:\/\/lospoliticosveracruz.com.mx\/wp-content\/uploads\/2021\/10\/WhatsApp-Image-2021-10-02-at-15.20.25.jpeg\"><img loading=\"lazy\" decoding=\"async\" width=\"212\" height=\"300\" src=\"https:\/\/lospoliticosveracruz.com.mx\/wp-content\/uploads\/2021\/10\/WhatsApp-Image-2021-10-02-at-15.20.25-212x300.jpeg\" alt=\"\" class=\"wp-image-80177\" srcset=\"https:\/\/lospoliticosveracruz.com\/wp-content\/uploads\/2021\/10\/WhatsApp-Image-2021-10-02-at-15.20.25-212x300.jpeg 212w, https:\/\/lospoliticosveracruz.com\/wp-content\/uploads\/2021\/10\/WhatsApp-Image-2021-10-02-at-15.20.25-724x1024.jpeg 724w, https:\/\/lospoliticosveracruz.com\/wp-content\/uploads\/2021\/10\/WhatsApp-Image-2021-10-02-at-15.20.25-768x1086.jpeg 768w, https:\/\/lospoliticosveracruz.com\/wp-content\/uploads\/2021\/10\/WhatsApp-Image-2021-10-02-at-15.20.25.jpeg 905w\" sizes=\"auto, (max-width: 212px) 100vw, 212px\" \/><\/a><\/figure>\n<\/div>\n\n\n<p>Y es que nos hablan de mejoras en educaci\u00f3n, en salud, en seguridad, de democratizaci\u00f3n de los poderes judiciales, de desarrollo de comunidades marginadas y un largo etc\u00e9tera de pol\u00edticas que con ellos van a hacer de M\u00e9xico un mejor pa\u00eds.<\/p>\n\n\n\n<p>El \u00fanico detalle es que, como lo podemos comprobar en el presupuesto aprobado por los aut\u00f3matas oficialistas de San L\u00e1zaro, en lugar de dar dinero, lo quitan en todos y cada uno de esos rubros.<\/p>\n\n\n\n<p>Los recortes en salud son impresionantes, los de educaci\u00f3n no se quedan atr\u00e1s, muchos servicios p\u00fablicos que contribu\u00edan a elevar la productividad econ\u00f3mica como lo eran las estancias infantiles, simplemente no volver\u00e1n.<\/p>\n\n\n\n<p>Y me fijo en ese detalle, porque sin recursos nunca ha habido desarrollo humano alguno.<\/p>\n\n\n\n<p>Las ciencias, las artes, los deportes, las tecnolog\u00edas y todo en lo que el hombre ha dejado su huella siempre ha requerido de un mecenazgo o patrocinio.<\/p>\n\n\n\n<p>Y aqu\u00ed es en donde cabe preguntarse c\u00f3mo puede crecer la cobertura de salud p\u00fablica si se le recorta m\u00e1s de un tercio de su presupuesto; vaya, hasta mantener lo que actualmente existe es imposible de mantener con ese recorte.<\/p>\n\n\n\n<p>Sucediendo algo similar con el sistema educativo nacional o la red de carreteras y autopistas.<\/p>\n\n\n\n<p>Sin dinero o con muy poco, es imposible ya no crecer sino mantener lo que hay.<\/p>\n\n\n\n<p>Dicen en el gobierno que a pesar de los recortes presupuestales, con una buena restructuraci\u00f3n institucional y una reasignaci\u00f3n de prioridades, los objetivos trazados se pueden lograr.<\/p>\n\n\n\n<p>Esta es otra mentira, ya que por mucha brillantez y eficiencia que se pueda ofrecer, sino se acompa\u00f1an de los suficientes recursos el fracaso est\u00e1 garantizado.<\/p>\n\n\n\n<p>Napole\u00f3n es un ejemplo de lo mencionado, fue un pol\u00edtico y un militar muy inteligente, muy ingenioso y muy h\u00e1bil, tanto que lleg\u00f3 a ser tambi\u00e9n muy poderoso y sin embargo, estaba condenado al fracaso debido a que se hizo de tantos enemigos que al final, la coalici\u00f3n que estaba en contra de \u00e9l sum\u00f3 muchos m\u00e1s recursos que los que \u00e9l dispon\u00eda, lo cual provoc\u00f3 su ca\u00edda.<\/p>\n\n\n\n<p>Por ello es que todo lo que promete la presidente es imposible de cumplir al restringir los recursos y lo explico con otro ejemplo:<\/p>\n\n\n\n<p>&nbsp;\u00bfRecuerdan la famosa vacuna \u201cPatria\u201d que supuestamente iba a ser la cura cien por ciento mexicana contra la COVID, un orgullo de la medicina nacional y la manera de mostrarle al mundo la autosuficiencia farmac\u00e9utica lograda por el \u201cGobierno del Bienestar\u201d?<\/p>\n\n\n\n<p>Pues resulta que a esa vacuna se la llev\u00f3 el viento al no ser m\u00e1s que puras palabras matutinas del gran merolico que estuvo en el palacio, debido a que no se le destin\u00f3 ni un solo peso en los ejercicios presupuestales y tan es as\u00ed que nunca alguna autoridad con competencia en esa materia admiti\u00f3 tener como pendiente el desarrollo del citado medicamento.<\/p>\n\n\n\n<p>Y el poco dinero destinado para intentar dar cobertura en ese punto espec\u00edfico de salud p\u00fablica, se ha destinado para comprar medicamentos de dudosa calidad a la todav\u00eda m\u00e1s dudosa ciencia m\u00e9dica de la Rep\u00fablica de Cuba, quien todav\u00eda tiene menos presupuesto que M\u00e9xico para esos y otros menesteres.<\/p>\n\n\n\n<p>El punto es que sin presupuesto dedicado a ello es imposible alcanzar el desarrollo prometido y quien promete sin dar un c\u00e9ntimo para cumplir, tarde o temprano quedar\u00e1 como un vil embustero, una vil embustera en el caso que nos ocupa; ya que como dice la sabidur\u00eda popular: \u201cCon dinero baila el perro&#8230;\u201d<\/p>\n\n\n\n<p>felfebas@gmail.com<\/p>\n\n\n\n<p>Twitter: @FelipeFBasilio<\/p>\n","protected":false},"excerpt":{"rendered":"<p>S\u00edguenos ahora tambi\u00e9n en WhatsApp.&nbsp;Da clic aqu\u00ed Felipe de Jes\u00fas Fern\u00e1ndez Basilio Desde A Janela Con la aprobaci\u00f3n del presupuesto de egresos de la federaci\u00f3n, el gobierno de la transformaci\u00f3n que no fue ni tampoco ser\u00e1, nos ha demostrado a cabalidad que tanto en su primer periodo como en este su segundo, las mentiras y [&hellip;]<\/p>\n","protected":false},"author":2,"featured_media":119963,"comment_status":"closed","ping_status":"closed","sticky":false,"template":"","format":"standard","meta":{"tdm_status":"","tdm_grid_status":"","footnotes":""},"categories":[70],"tags":[],"class_list":{"0":"post-134093","1":"post","2":"type-post","3":"status-publish","4":"format-standard","5":"has-post-thumbnail","7":"category-de-opinion"},"yoast_head":"<!-- This site is optimized with the Yoast SEO plugin v27.4 - https:\/\/yoast.com\/product\/yoast-seo-wordpress\/ -->\n<title>SIN RECURSOS NO HAY PROGRESO - Los pol\u00edticos Veracruz<\/title>\n<meta name=\"robots\" content=\"index, follow, max-snippet:-1, max-image-preview:large, max-video-preview:-1\" \/>\n<link rel=\"canonical\" href=\"https:\/\/lospoliticosveracruz.com\/?p=134093\" \/>\n<meta property=\"og:locale\" content=\"es_ES\" \/>\n<meta property=\"og:type\" content=\"article\" \/>\n<meta property=\"og:title\" content=\"SIN RECURSOS NO HAY PROGRESO - Los pol\u00edticos Veracruz\" \/>\n<meta property=\"og:description\" content=\"S\u00edguenos ahora tambi\u00e9n en WhatsApp.&nbsp;Da clic aqu\u00ed Felipe de Jes\u00fas Fern\u00e1ndez Basilio Desde A Janela Con la aprobaci\u00f3n del presupuesto de egresos de la federaci\u00f3n, el gobierno de la transformaci\u00f3n que no fue ni tampoco ser\u00e1, nos ha demostrado a cabalidad que tanto en su primer periodo como en este su segundo, las mentiras y [&hellip;]\" \/>\n<meta property=\"og:url\" content=\"https:\/\/lospoliticosveracruz.com\/?p=134093\" \/>\n<meta property=\"og:site_name\" content=\"Los pol\u00edticos Veracruz\" \/>\n<meta property=\"article:publisher\" content=\"https:\/\/www.facebook.com\/people\/Notimemes-de-los-Polticos\/61565672886568\/\" \/>\n<meta property=\"article:published_time\" content=\"2024-12-13T14:35:00+00:00\" \/>\n<meta property=\"article:modified_time\" content=\"2024-12-13T14:35:11+00:00\" \/>\n<meta property=\"og:image\" content=\"https:\/\/lospoliticosveracruz.com\/wp-content\/uploads\/2024\/03\/Felipe-Fernandez-Basilio.jpg\" \/>\n\t<meta property=\"og:image:width\" content=\"1250\" \/>\n\t<meta property=\"og:image:height\" content=\"667\" \/>\n\t<meta property=\"og:image:type\" content=\"image\/jpeg\" \/>\n<meta name=\"author\" content=\"Lo viste en Los Pol\u00edticos\" \/>\n<meta name=\"twitter:card\" content=\"summary_large_image\" \/>\n<meta name=\"twitter:creator\" content=\"@LosPoliticosVer\" \/>\n<meta name=\"twitter:site\" content=\"@LosPoliticosVer\" \/>\n<meta name=\"twitter:label1\" content=\"Escrito por\" \/>\n\t<meta name=\"twitter:data1\" content=\"Lo viste en Los Pol\u00edticos\" \/>\n\t<meta name=\"twitter:label2\" content=\"Tiempo de lectura\" \/>\n\t<meta name=\"twitter:data2\" content=\"3 minutos\" \/>\n<script type=\"application\/ld+json\" class=\"yoast-schema-graph\">{\"@context\":\"https:\\\/\\\/schema.org\",\"@graph\":[{\"@type\":\"Article\",\"@id\":\"https:\\\/\\\/lospoliticosveracruz.com\\\/?p=134093#article\",\"isPartOf\":{\"@id\":\"https:\\\/\\\/lospoliticosveracruz.com\\\/?p=134093\"},\"author\":{\"name\":\"Lo viste en Los Pol\u00edticos\",\"@id\":\"https:\\\/\\\/lospoliticosveracruz.com\\\/#\\\/schema\\\/person\\\/b8702bb0e538456e6efd07080bf2a4a2\"},\"headline\":\"SIN RECURSOS NO HAY PROGRESO\",\"datePublished\":\"2024-12-13T14:35:00+00:00\",\"dateModified\":\"2024-12-13T14:35:11+00:00\",\"mainEntityOfPage\":{\"@id\":\"https:\\\/\\\/lospoliticosveracruz.com\\\/?p=134093\"},\"wordCount\":697,\"publisher\":{\"@id\":\"https:\\\/\\\/lospoliticosveracruz.com\\\/#organization\"},\"image\":{\"@id\":\"https:\\\/\\\/lospoliticosveracruz.com\\\/?p=134093#primaryimage\"},\"thumbnailUrl\":\"https:\\\/\\\/lospoliticosveracruz.com\\\/wp-content\\\/uploads\\\/2024\\\/03\\\/Felipe-Fernandez-Basilio.jpg\",\"articleSection\":[\"De Opini\u00f3n\"],\"inLanguage\":\"es\"},{\"@type\":\"WebPage\",\"@id\":\"https:\\\/\\\/lospoliticosveracruz.com\\\/?p=134093\",\"url\":\"https:\\\/\\\/lospoliticosveracruz.com\\\/?p=134093\",\"name\":\"SIN RECURSOS NO HAY PROGRESO - Los pol\u00edticos Veracruz\",\"isPartOf\":{\"@id\":\"https:\\\/\\\/lospoliticosveracruz.com\\\/#website\"},\"primaryImageOfPage\":{\"@id\":\"https:\\\/\\\/lospoliticosveracruz.com\\\/?p=134093#primaryimage\"},\"image\":{\"@id\":\"https:\\\/\\\/lospoliticosveracruz.com\\\/?p=134093#primaryimage\"},\"thumbnailUrl\":\"https:\\\/\\\/lospoliticosveracruz.com\\\/wp-content\\\/uploads\\\/2024\\\/03\\\/Felipe-Fernandez-Basilio.jpg\",\"datePublished\":\"2024-12-13T14:35:00+00:00\",\"dateModified\":\"2024-12-13T14:35:11+00:00\",\"breadcrumb\":{\"@id\":\"https:\\\/\\\/lospoliticosveracruz.com\\\/?p=134093#breadcrumb\"},\"inLanguage\":\"es\",\"potentialAction\":[{\"@type\":\"ReadAction\",\"target\":[\"https:\\\/\\\/lospoliticosveracruz.com\\\/?p=134093\"]}]},{\"@type\":\"ImageObject\",\"inLanguage\":\"es\",\"@id\":\"https:\\\/\\\/lospoliticosveracruz.com\\\/?p=134093#primaryimage\",\"url\":\"https:\\\/\\\/lospoliticosveracruz.com\\\/wp-content\\\/uploads\\\/2024\\\/03\\\/Felipe-Fernandez-Basilio.jpg\",\"contentUrl\":\"https:\\\/\\\/lospoliticosveracruz.com\\\/wp-content\\\/uploads\\\/2024\\\/03\\\/Felipe-Fernandez-Basilio.jpg\",\"width\":1250,\"height\":667},{\"@type\":\"BreadcrumbList\",\"@id\":\"https:\\\/\\\/lospoliticosveracruz.com\\\/?p=134093#breadcrumb\",\"itemListElement\":[{\"@type\":\"ListItem\",\"position\":1,\"name\":\"Portada\",\"item\":\"https:\\\/\\\/lospoliticosveracruz.com\\\/\"},{\"@type\":\"ListItem\",\"position\":2,\"name\":\"SIN RECURSOS NO HAY PROGRESO\"}]},{\"@type\":\"WebSite\",\"@id\":\"https:\\\/\\\/lospoliticosveracruz.com\\\/#website\",\"url\":\"https:\\\/\\\/lospoliticosveracruz.com\\\/\",\"name\":\"Los pol\u00edticos Veracruz\",\"description\":\"\",\"publisher\":{\"@id\":\"https:\\\/\\\/lospoliticosveracruz.com\\\/#organization\"},\"potentialAction\":[{\"@type\":\"SearchAction\",\"target\":{\"@type\":\"EntryPoint\",\"urlTemplate\":\"https:\\\/\\\/lospoliticosveracruz.com\\\/?s={search_term_string}\"},\"query-input\":{\"@type\":\"PropertyValueSpecification\",\"valueRequired\":true,\"valueName\":\"search_term_string\"}}],\"inLanguage\":\"es\"},{\"@type\":\"Organization\",\"@id\":\"https:\\\/\\\/lospoliticosveracruz.com\\\/#organization\",\"name\":\"Los pol\u00edticos Veracruz\",\"url\":\"https:\\\/\\\/lospoliticosveracruz.com\\\/\",\"logo\":{\"@type\":\"ImageObject\",\"inLanguage\":\"es\",\"@id\":\"https:\\\/\\\/lospoliticosveracruz.com\\\/#\\\/schema\\\/logo\\\/image\\\/\",\"url\":\"https:\\\/\\\/lospoliticosveracruz.com\\\/wp-content\\\/uploads\\\/2025\\\/12\\\/Logo-Nuevo-LOS-POLITICOS-1.jpg\",\"contentUrl\":\"https:\\\/\\\/lospoliticosveracruz.com\\\/wp-content\\\/uploads\\\/2025\\\/12\\\/Logo-Nuevo-LOS-POLITICOS-1.jpg\",\"width\":260,\"height\":70,\"caption\":\"Los pol\u00edticos Veracruz\"},\"image\":{\"@id\":\"https:\\\/\\\/lospoliticosveracruz.com\\\/#\\\/schema\\\/logo\\\/image\\\/\"},\"sameAs\":[\"https:\\\/\\\/www.facebook.com\\\/people\\\/Notimemes-de-los-Polticos\\\/61565672886568\\\/\",\"https:\\\/\\\/x.com\\\/LosPoliticosVer\"]},{\"@type\":\"Person\",\"@id\":\"https:\\\/\\\/lospoliticosveracruz.com\\\/#\\\/schema\\\/person\\\/b8702bb0e538456e6efd07080bf2a4a2\",\"name\":\"Lo viste en Los Pol\u00edticos\",\"image\":{\"@type\":\"ImageObject\",\"inLanguage\":\"es\",\"@id\":\"https:\\\/\\\/secure.gravatar.com\\\/avatar\\\/3a8de04a2656d44082be478bd6c086daa447c4651605818287b9532d3d0bd435?s=96&d=mm&r=g\",\"url\":\"https:\\\/\\\/secure.gravatar.com\\\/avatar\\\/3a8de04a2656d44082be478bd6c086daa447c4651605818287b9532d3d0bd435?s=96&d=mm&r=g\",\"contentUrl\":\"https:\\\/\\\/secure.gravatar.com\\\/avatar\\\/3a8de04a2656d44082be478bd6c086daa447c4651605818287b9532d3d0bd435?s=96&d=mm&r=g\",\"caption\":\"Lo viste en Los Pol\u00edticos\"},\"url\":\"https:\\\/\\\/lospoliticosveracruz.com\\\/?author=2\"}]}<\/script>\n<!-- \/ Yoast SEO plugin. -->","yoast_head_json":{"title":"SIN RECURSOS NO HAY PROGRESO - Los pol\u00edticos Veracruz","robots":{"index":"index","follow":"follow","max-snippet":"max-snippet:-1","max-image-preview":"max-image-preview:large","max-video-preview":"max-video-preview:-1"},"canonical":"https:\/\/lospoliticosveracruz.com\/?p=134093","og_locale":"es_ES","og_type":"article","og_title":"SIN RECURSOS NO HAY PROGRESO - Los pol\u00edticos Veracruz","og_description":"S\u00edguenos ahora tambi\u00e9n en WhatsApp.&nbsp;Da clic aqu\u00ed Felipe de Jes\u00fas Fern\u00e1ndez Basilio Desde A Janela Con la aprobaci\u00f3n del presupuesto de egresos de la federaci\u00f3n, el gobierno de la transformaci\u00f3n que no fue ni tampoco ser\u00e1, nos ha demostrado a cabalidad que tanto en su primer periodo como en este su segundo, las mentiras y [&hellip;]","og_url":"https:\/\/lospoliticosveracruz.com\/?p=134093","og_site_name":"Los pol\u00edticos Veracruz","article_publisher":"https:\/\/www.facebook.com\/people\/Notimemes-de-los-Polticos\/61565672886568\/","article_published_time":"2024-12-13T14:35:00+00:00","article_modified_time":"2024-12-13T14:35:11+00:00","og_image":[{"width":1250,"height":667,"url":"https:\/\/lospoliticosveracruz.com\/wp-content\/uploads\/2024\/03\/Felipe-Fernandez-Basilio.jpg","type":"image\/jpeg"}],"author":"Lo viste en Los Pol\u00edticos","twitter_card":"summary_large_image","twitter_creator":"@LosPoliticosVer","twitter_site":"@LosPoliticosVer","twitter_misc":{"Escrito por":"Lo viste en Los Pol\u00edticos","Tiempo de lectura":"3 minutos"},"schema":{"@context":"https:\/\/schema.org","@graph":[{"@type":"Article","@id":"https:\/\/lospoliticosveracruz.com\/?p=134093#article","isPartOf":{"@id":"https:\/\/lospoliticosveracruz.com\/?p=134093"},"author":{"name":"Lo viste en Los Pol\u00edticos","@id":"https:\/\/lospoliticosveracruz.com\/#\/schema\/person\/b8702bb0e538456e6efd07080bf2a4a2"},"headline":"SIN RECURSOS NO HAY PROGRESO","datePublished":"2024-12-13T14:35:00+00:00","dateModified":"2024-12-13T14:35:11+00:00","mainEntityOfPage":{"@id":"https:\/\/lospoliticosveracruz.com\/?p=134093"},"wordCount":697,"publisher":{"@id":"https:\/\/lospoliticosveracruz.com\/#organization"},"image":{"@id":"https:\/\/lospoliticosveracruz.com\/?p=134093#primaryimage"},"thumbnailUrl":"https:\/\/lospoliticosveracruz.com\/wp-content\/uploads\/2024\/03\/Felipe-Fernandez-Basilio.jpg","articleSection":["De Opini\u00f3n"],"inLanguage":"es"},{"@type":"WebPage","@id":"https:\/\/lospoliticosveracruz.com\/?p=134093","url":"https:\/\/lospoliticosveracruz.com\/?p=134093","name":"SIN RECURSOS NO HAY PROGRESO - Los pol\u00edticos Veracruz","isPartOf":{"@id":"https:\/\/lospoliticosveracruz.com\/#website"},"primaryImageOfPage":{"@id":"https:\/\/lospoliticosveracruz.com\/?p=134093#primaryimage"},"image":{"@id":"https:\/\/lospoliticosveracruz.com\/?p=134093#primaryimage"},"thumbnailUrl":"https:\/\/lospoliticosveracruz.com\/wp-content\/uploads\/2024\/03\/Felipe-Fernandez-Basilio.jpg","datePublished":"2024-12-13T14:35:00+00:00","dateModified":"2024-12-13T14:35:11+00:00","breadcrumb":{"@id":"https:\/\/lospoliticosveracruz.com\/?p=134093#breadcrumb"},"inLanguage":"es","potentialAction":[{"@type":"ReadAction","target":["https:\/\/lospoliticosveracruz.com\/?p=134093"]}]},{"@type":"ImageObject","inLanguage":"es","@id":"https:\/\/lospoliticosveracruz.com\/?p=134093#primaryimage","url":"https:\/\/lospoliticosveracruz.com\/wp-content\/uploads\/2024\/03\/Felipe-Fernandez-Basilio.jpg","contentUrl":"https:\/\/lospoliticosveracruz.com\/wp-content\/uploads\/2024\/03\/Felipe-Fernandez-Basilio.jpg","width":1250,"height":667},{"@type":"BreadcrumbList","@id":"https:\/\/lospoliticosveracruz.com\/?p=134093#breadcrumb","itemListElement":[{"@type":"ListItem","position":1,"name":"Portada","item":"https:\/\/lospoliticosveracruz.com\/"},{"@type":"ListItem","position":2,"name":"SIN RECURSOS NO HAY PROGRESO"}]},{"@type":"WebSite","@id":"https:\/\/lospoliticosveracruz.com\/#website","url":"https:\/\/lospoliticosveracruz.com\/","name":"Los pol\u00edticos Veracruz","description":"","publisher":{"@id":"https:\/\/lospoliticosveracruz.com\/#organization"},"potentialAction":[{"@type":"SearchAction","target":{"@type":"EntryPoint","urlTemplate":"https:\/\/lospoliticosveracruz.com\/?s={search_term_string}"},"query-input":{"@type":"PropertyValueSpecification","valueRequired":true,"valueName":"search_term_string"}}],"inLanguage":"es"},{"@type":"Organization","@id":"https:\/\/lospoliticosveracruz.com\/#organization","name":"Los pol\u00edticos Veracruz","url":"https:\/\/lospoliticosveracruz.com\/","logo":{"@type":"ImageObject","inLanguage":"es","@id":"https:\/\/lospoliticosveracruz.com\/#\/schema\/logo\/image\/","url":"https:\/\/lospoliticosveracruz.com\/wp-content\/uploads\/2025\/12\/Logo-Nuevo-LOS-POLITICOS-1.jpg","contentUrl":"https:\/\/lospoliticosveracruz.com\/wp-content\/uploads\/2025\/12\/Logo-Nuevo-LOS-POLITICOS-1.jpg","width":260,"height":70,"caption":"Los pol\u00edticos Veracruz"},"image":{"@id":"https:\/\/lospoliticosveracruz.com\/#\/schema\/logo\/image\/"},"sameAs":["https:\/\/www.facebook.com\/people\/Notimemes-de-los-Polticos\/61565672886568\/","https:\/\/x.com\/LosPoliticosVer"]},{"@type":"Person","@id":"https:\/\/lospoliticosveracruz.com\/#\/schema\/person\/b8702bb0e538456e6efd07080bf2a4a2","name":"Lo viste en Los Pol\u00edticos","image":{"@type":"ImageObject","inLanguage":"es","@id":"https:\/\/secure.gravatar.com\/avatar\/3a8de04a2656d44082be478bd6c086daa447c4651605818287b9532d3d0bd435?s=96&d=mm&r=g","url":"https:\/\/secure.gravatar.com\/avatar\/3a8de04a2656d44082be478bd6c086daa447c4651605818287b9532d3d0bd435?s=96&d=mm&r=g","contentUrl":"https:\/\/secure.gravatar.com\/avatar\/3a8de04a2656d44082be478bd6c086daa447c4651605818287b9532d3d0bd435?s=96&d=mm&r=g","caption":"Lo viste en Los Pol\u00edticos"},"url":"https:\/\/lospoliticosveracruz.com\/?author=2"}]}},"_links":{"self":[{"href":"https:\/\/lospoliticosveracruz.com\/index.php?rest_route=\/wp\/v2\/posts\/134093","targetHints":{"allow":["GET"]}}],"collection":[{"href":"https:\/\/lospoliticosveracruz.com\/index.php?rest_route=\/wp\/v2\/posts"}],"about":[{"href":"https:\/\/lospoliticosveracruz.com\/index.php?rest_route=\/wp\/v2\/types\/post"}],"author":[{"embeddable":true,"href":"https:\/\/lospoliticosveracruz.com\/index.php?rest_route=\/wp\/v2\/users\/2"}],"replies":[{"embeddable":true,"href":"https:\/\/lospoliticosveracruz.com\/index.php?rest_route=%2Fwp%2Fv2%2Fcomments&post=134093"}],"version-history":[{"count":1,"href":"https:\/\/lospoliticosveracruz.com\/index.php?rest_route=\/wp\/v2\/posts\/134093\/revisions"}],"predecessor-version":[{"id":134094,"href":"https:\/\/lospoliticosveracruz.com\/index.php?rest_route=\/wp\/v2\/posts\/134093\/revisions\/134094"}],"wp:featuredmedia":[{"embeddable":true,"href":"https:\/\/lospoliticosveracruz.com\/index.php?rest_route=\/wp\/v2\/media\/119963"}],"wp:attachment":[{"href":"https:\/\/lospoliticosveracruz.com\/index.php?rest_route=%2Fwp%2Fv2%2Fmedia&parent=134093"}],"wp:term":[{"taxonomy":"category","embeddable":true,"href":"https:\/\/lospoliticosveracruz.com\/index.php?rest_route=%2Fwp%2Fv2%2Fcategories&post=134093"},{"taxonomy":"post_tag","embeddable":true,"href":"https:\/\/lospoliticosveracruz.com\/index.php?rest_route=%2Fwp%2Fv2%2Ftags&post=134093"}],"curies":[{"name":"wp","href":"https:\/\/api.w.org\/{rel}","templated":true}]}}