{"id":134099,"date":"2024-12-13T09:30:06","date_gmt":"2024-12-13T15:30:06","guid":{"rendered":"https:\/\/lospoliticosveracruz.com.mx\/?p=134099"},"modified":"2024-12-13T09:31:25","modified_gmt":"2024-12-13T15:31:25","slug":"caja-de-ahorro-organiza-remates-extrajudiciales","status":"publish","type":"post","link":"https:\/\/lospoliticosveracruz.com\/?p=134099","title":{"rendered":"CAJA DE AHORRO ORGANIZA REMATES EXTRAJUDICIALES"},"content":{"rendered":"\n<p><br>[S\u00edguenos ahora tambi\u00e9n en WhatsApp.\u00a0<a href=\"https:\/\/whatsapp.com\/channel\/0029Va8zRWlEKyZIP3Z1dF0e\"><strong><em>Da clic aqu\u00ed<\/em><\/strong><\/a>]<\/p>\n\n\n\n<p><strong>&nbsp;Teresa Carbajal<\/strong><\/p>\n\n\n\n<p><em>Debo, no niego; pago, lo justo<\/em><\/p>\n\n\n\n<p>\u00a1No, bueno!; \u00bfpues que est\u00e1 pasando en nuestro pa\u00eds con la justicia, o con la impunidad que ahora cualquiera considera que puede hacerse justicia por su propia mano?<\/p>\n\n\n\n<p>Cuando cre\u00eda que me faltaba poco por ver, me trajeron el caso de una caja veracruzana avecindada en Teocelo, con insignia del astro rey, que presta dinero, y hace crecer los intereses de tal manera que ya no alcanzas a pagar, ni en tu otra vida reencarnada.<\/p>\n\n\n\n<p>Lo extraordinario del caso, es que esta Caja de ahorro, te tiene la soluci\u00f3n a medida del problema de falta de liquidez, para que puedas pagarle, \u00bfy en qu\u00e9 consiste? Ah\u00ed est\u00e1 el detalle dijera Cantinflas.<\/p>\n\n\n\n<p>En que, si no tienes para pagar, \u00a1pues ellos venden tu casa para que puedas pagarles! S\u00ed, as\u00ed como lo lees; la Caja te organiza \u201ctu remate\u201d, y sin juicio de por medio, una verdadera \u2018ejecuci\u00f3n extrajudicial\u201d.<\/p>\n\n\n\n<p>No quieren esperarse a poner una demanda, presentar el pagar\u00e9, contratar un abogado que los represente, ir hasta tu domicilio con el citatorio para emplazarte a juicio, y que tengas que contratar a tu propio abogado para contestar la demanda, o que tengas la oportunidad de defenderte.<\/p>\n\n\n\n<p>Mucho menos, tener que ir a las audiencias, presentar alegatos o esperar a la Sentencia. Y ni se diga de hacer la cuenta con planilla de liquidaci\u00f3n incluida y tenerte en pocas palabras entre dos y tres a\u00f1os sujeto a plazos legales para quedarse con tus propiedades en pago, mediante el remate judicial para que se cierre la pesadilla de haberse metido en tratos con la Caja.<\/p>\n\n\n\n<p>En efecto, todo esto que te acabo de contar es lo que tiene que pasar legalmente para que una propiedad, para que tu propiedad, salga a la venta judicial en pago de un acreedor, desde luego tiene que haber una autoridad que vigile el proceso de ejecuci\u00f3n.<\/p>\n\n\n\n<p>Por eso se llama ejecuci\u00f3n judicial, o secci\u00f3n de ejecuci\u00f3n, de un proceso legal en donde hay reglas y apego a la Norma Constitucional (las may\u00fasculas son a prop\u00f3sito para enfatizar la idea) en donde nadie, puede, ni debe hacerse justicia por su propia mano.<\/p>\n\n\n\n<p>Bueno; pues el caso es que esta Caja de Ahorros, est\u00e1 abusando de la buena fe de sus ahorradores, del desconocimiento de las leyes, de la falta de cultura de la legalidad y desde luego aprovech\u00e1ndose del vac\u00edo de autoridad y de reglamentaci\u00f3n para las cajas de ahorros, chiquitas, las cuales no son supervisadas por la Condusef, ni requieren autorizaci\u00f3n para operar por parte de la Comisi\u00f3n Nacional Bancaria y de Valores (CNBV).<\/p>\n\n\n\n<p>Estas exenciones de supervisi\u00f3n las tienen las SOCAP\u00b4s que significa Sociedades Cooperativas de Ahorro y Pr\u00e9stamo, porque se supone que son \u2018chiquitas\u2019 pues manejan poco capital, y tienen autorizaci\u00f3n para desarrollar actividades limitadas de ahorro y pr\u00e9stamo, y dicho sea de paso por lo mismo, no cuentan con seguro de dep\u00f3sito para sus -en este caso 493- ahorradores.<\/p>\n\n\n\n<p>Mire si me manda un mensaje le digo el nombre de la caja, porque adem\u00e1s ella misma se hace publicidad sola, no lo hago por ahora, porque luego, me andan echando la culpa de que \u2018quiebran\u2019 solo porque quedan al desnudo sus abusivas pr\u00e1cticas.<\/p>\n\n\n\n<p>Bueno, pues que se porten bien para que no haya quejas, y asunto arreglado, eso es lo que queremos, por lo menos de pronto, y para r\u00e1pido, les dejo la tarea (a los de la Caja) de bajar la publicidad que han hecho y llegar a un acuerdo, con esta afligida socia a la que le quieren vender su casa.<\/p>\n\n\n\n<p>Pues resulta que han circulado por redes sociales, el anuncio con fotograf\u00edas y domicilio de la casa de su socia para venderla, eso s\u00ed, poni\u00e9ndoles ellos el precio. Precio que obtuvieron contratando a un valuador que pag\u00f3 la ahorradora, pero designado por ellos.<\/p>\n\n\n\n<p>O sea, ya le organizaron su \u201cremate\u201d a la indefensa se\u00f1ora, y todo a base de presiones de haberle inflado la cuenta hasta las nubes, de tal manera que parece ya no tiene ninguna soluci\u00f3n, ni remedio su asunto, porque adem\u00e1s ya le hicieron firmar casi, que hasta el testamento.<\/p>\n\n\n\n<p>Vamos a estar pendientes porque esto de ning\u00fan modo puede suceder; es reprobable y desde luego abusivo, pero m\u00e1s ilegal para que se entienda, ese anuncio de \u201ccasa en venta\u201d y \u201cremate\u201d con fondo verde, de la casa de la socia, redirigiendo a los posibles compradores al domicilio de la Caja para dar informes.<\/p>\n\n\n\n<p>\u00bfFalta de justicia o exceso de impunidad? Usted qu\u00e9 opina.<\/p>\n\n\n\n<p>\u00danase ya, a la Jornada Estatal para la Defensa del Patrimonio Familiar 2281148502 visite&nbsp; <a href=\"http:\/\/www.elbarzonrc.org\">www.elbarzonrc.org<\/a> Contacte <a href=\"mailto:elbarzonrc@yahoo.com.mx\">elbarzonrc@yahoo.com.mx<\/a>, O s\u00edgame en @terecarbajal<\/p>\n\n\n\n<p><\/p>\n","protected":false},"excerpt":{"rendered":"<p>[S\u00edguenos ahora tambi\u00e9n en WhatsApp.\u00a0Da clic aqu\u00ed] &nbsp;Teresa Carbajal Debo, no niego; pago, lo justo \u00a1No, bueno!; \u00bfpues que est\u00e1 pasando en nuestro pa\u00eds con la justicia, o con la impunidad que ahora cualquiera considera que puede hacerse justicia por su propia mano? Cuando cre\u00eda que me faltaba poco por ver, me trajeron el caso [&hellip;]<\/p>\n","protected":false},"author":2,"featured_media":119935,"comment_status":"closed","ping_status":"closed","sticky":false,"template":"","format":"standard","meta":{"tdm_status":"","tdm_grid_status":"","footnotes":""},"categories":[70],"tags":[27489,17149,8002,42504,195],"class_list":{"0":"post-134099","1":"post","2":"type-post","3":"status-publish","4":"format-standard","5":"has-post-thumbnail","7":"category-de-opinion","8":"tag-caja-de-ahorro","9":"tag-cnbv","10":"tag-condusef","11":"tag-remates-extrajudiciales","12":"tag-veracruz"},"yoast_head":"<!-- This site is optimized with the Yoast SEO plugin v27.4 - https:\/\/yoast.com\/product\/yoast-seo-wordpress\/ -->\n<title>CAJA DE AHORRO ORGANIZA REMATES EXTRAJUDICIALES - Los pol\u00edticos Veracruz<\/title>\n<meta name=\"robots\" content=\"index, follow, max-snippet:-1, max-image-preview:large, max-video-preview:-1\" \/>\n<link rel=\"canonical\" href=\"https:\/\/lospoliticosveracruz.com\/?p=134099\" \/>\n<meta property=\"og:locale\" content=\"es_ES\" \/>\n<meta property=\"og:type\" content=\"article\" \/>\n<meta property=\"og:title\" content=\"CAJA DE AHORRO ORGANIZA REMATES EXTRAJUDICIALES - Los pol\u00edticos Veracruz\" \/>\n<meta property=\"og:description\" content=\"[S\u00edguenos ahora tambi\u00e9n en WhatsApp.\u00a0Da clic aqu\u00ed] &nbsp;Teresa Carbajal Debo, no niego; pago, lo justo \u00a1No, bueno!; \u00bfpues que est\u00e1 pasando en nuestro pa\u00eds con la justicia, o con la impunidad que ahora cualquiera considera que puede hacerse justicia por su propia mano? Cuando cre\u00eda que me faltaba poco por ver, me trajeron el caso [&hellip;]\" \/>\n<meta property=\"og:url\" content=\"https:\/\/lospoliticosveracruz.com\/?p=134099\" \/>\n<meta property=\"og:site_name\" content=\"Los pol\u00edticos Veracruz\" \/>\n<meta property=\"article:publisher\" content=\"https:\/\/www.facebook.com\/people\/Notimemes-de-los-Polticos\/61565672886568\/\" \/>\n<meta property=\"article:published_time\" content=\"2024-12-13T15:30:06+00:00\" \/>\n<meta property=\"article:modified_time\" content=\"2024-12-13T15:31:25+00:00\" \/>\n<meta property=\"og:image\" content=\"https:\/\/lospoliticosveracruz.com\/wp-content\/uploads\/2024\/03\/Teresa-Carbajal.jpg\" \/>\n\t<meta property=\"og:image:width\" content=\"1250\" \/>\n\t<meta property=\"og:image:height\" content=\"667\" \/>\n\t<meta property=\"og:image:type\" content=\"image\/jpeg\" \/>\n<meta name=\"author\" content=\"Lo viste en Los Pol\u00edticos\" \/>\n<meta name=\"twitter:card\" content=\"summary_large_image\" \/>\n<meta name=\"twitter:creator\" content=\"@LosPoliticosVer\" \/>\n<meta name=\"twitter:site\" content=\"@LosPoliticosVer\" \/>\n<meta name=\"twitter:label1\" content=\"Escrito por\" \/>\n\t<meta name=\"twitter:data1\" content=\"Lo viste en Los Pol\u00edticos\" \/>\n\t<meta name=\"twitter:label2\" content=\"Tiempo de lectura\" \/>\n\t<meta name=\"twitter:data2\" content=\"4 minutos\" \/>\n<script type=\"application\/ld+json\" class=\"yoast-schema-graph\">{\"@context\":\"https:\\\/\\\/schema.org\",\"@graph\":[{\"@type\":\"Article\",\"@id\":\"https:\\\/\\\/lospoliticosveracruz.com\\\/?p=134099#article\",\"isPartOf\":{\"@id\":\"https:\\\/\\\/lospoliticosveracruz.com\\\/?p=134099\"},\"author\":{\"name\":\"Lo viste en Los Pol\u00edticos\",\"@id\":\"https:\\\/\\\/lospoliticosveracruz.com\\\/#\\\/schema\\\/person\\\/b8702bb0e538456e6efd07080bf2a4a2\"},\"headline\":\"CAJA DE AHORRO ORGANIZA REMATES EXTRAJUDICIALES\",\"datePublished\":\"2024-12-13T15:30:06+00:00\",\"dateModified\":\"2024-12-13T15:31:25+00:00\",\"mainEntityOfPage\":{\"@id\":\"https:\\\/\\\/lospoliticosveracruz.com\\\/?p=134099\"},\"wordCount\":831,\"publisher\":{\"@id\":\"https:\\\/\\\/lospoliticosveracruz.com\\\/#organization\"},\"image\":{\"@id\":\"https:\\\/\\\/lospoliticosveracruz.com\\\/?p=134099#primaryimage\"},\"thumbnailUrl\":\"https:\\\/\\\/lospoliticosveracruz.com\\\/wp-content\\\/uploads\\\/2024\\\/03\\\/Teresa-Carbajal.jpg\",\"keywords\":[\"Caja de Ahorro\",\"CNBV\",\"Condusef\",\"remates extrajudiciales\",\"Veracruz\"],\"articleSection\":[\"De Opini\u00f3n\"],\"inLanguage\":\"es\"},{\"@type\":\"WebPage\",\"@id\":\"https:\\\/\\\/lospoliticosveracruz.com\\\/?p=134099\",\"url\":\"https:\\\/\\\/lospoliticosveracruz.com\\\/?p=134099\",\"name\":\"CAJA DE AHORRO ORGANIZA REMATES EXTRAJUDICIALES - Los pol\u00edticos Veracruz\",\"isPartOf\":{\"@id\":\"https:\\\/\\\/lospoliticosveracruz.com\\\/#website\"},\"primaryImageOfPage\":{\"@id\":\"https:\\\/\\\/lospoliticosveracruz.com\\\/?p=134099#primaryimage\"},\"image\":{\"@id\":\"https:\\\/\\\/lospoliticosveracruz.com\\\/?p=134099#primaryimage\"},\"thumbnailUrl\":\"https:\\\/\\\/lospoliticosveracruz.com\\\/wp-content\\\/uploads\\\/2024\\\/03\\\/Teresa-Carbajal.jpg\",\"datePublished\":\"2024-12-13T15:30:06+00:00\",\"dateModified\":\"2024-12-13T15:31:25+00:00\",\"breadcrumb\":{\"@id\":\"https:\\\/\\\/lospoliticosveracruz.com\\\/?p=134099#breadcrumb\"},\"inLanguage\":\"es\",\"potentialAction\":[{\"@type\":\"ReadAction\",\"target\":[\"https:\\\/\\\/lospoliticosveracruz.com\\\/?p=134099\"]}]},{\"@type\":\"ImageObject\",\"inLanguage\":\"es\",\"@id\":\"https:\\\/\\\/lospoliticosveracruz.com\\\/?p=134099#primaryimage\",\"url\":\"https:\\\/\\\/lospoliticosveracruz.com\\\/wp-content\\\/uploads\\\/2024\\\/03\\\/Teresa-Carbajal.jpg\",\"contentUrl\":\"https:\\\/\\\/lospoliticosveracruz.com\\\/wp-content\\\/uploads\\\/2024\\\/03\\\/Teresa-Carbajal.jpg\",\"width\":1250,\"height\":667},{\"@type\":\"BreadcrumbList\",\"@id\":\"https:\\\/\\\/lospoliticosveracruz.com\\\/?p=134099#breadcrumb\",\"itemListElement\":[{\"@type\":\"ListItem\",\"position\":1,\"name\":\"Portada\",\"item\":\"https:\\\/\\\/lospoliticosveracruz.com\\\/\"},{\"@type\":\"ListItem\",\"position\":2,\"name\":\"CAJA DE AHORRO ORGANIZA REMATES EXTRAJUDICIALES\"}]},{\"@type\":\"WebSite\",\"@id\":\"https:\\\/\\\/lospoliticosveracruz.com\\\/#website\",\"url\":\"https:\\\/\\\/lospoliticosveracruz.com\\\/\",\"name\":\"Los pol\u00edticos Veracruz\",\"description\":\"\",\"publisher\":{\"@id\":\"https:\\\/\\\/lospoliticosveracruz.com\\\/#organization\"},\"potentialAction\":[{\"@type\":\"SearchAction\",\"target\":{\"@type\":\"EntryPoint\",\"urlTemplate\":\"https:\\\/\\\/lospoliticosveracruz.com\\\/?s={search_term_string}\"},\"query-input\":{\"@type\":\"PropertyValueSpecification\",\"valueRequired\":true,\"valueName\":\"search_term_string\"}}],\"inLanguage\":\"es\"},{\"@type\":\"Organization\",\"@id\":\"https:\\\/\\\/lospoliticosveracruz.com\\\/#organization\",\"name\":\"Los pol\u00edticos Veracruz\",\"url\":\"https:\\\/\\\/lospoliticosveracruz.com\\\/\",\"logo\":{\"@type\":\"ImageObject\",\"inLanguage\":\"es\",\"@id\":\"https:\\\/\\\/lospoliticosveracruz.com\\\/#\\\/schema\\\/logo\\\/image\\\/\",\"url\":\"https:\\\/\\\/lospoliticosveracruz.com\\\/wp-content\\\/uploads\\\/2025\\\/12\\\/Logo-Nuevo-LOS-POLITICOS-1.jpg\",\"contentUrl\":\"https:\\\/\\\/lospoliticosveracruz.com\\\/wp-content\\\/uploads\\\/2025\\\/12\\\/Logo-Nuevo-LOS-POLITICOS-1.jpg\",\"width\":260,\"height\":70,\"caption\":\"Los pol\u00edticos Veracruz\"},\"image\":{\"@id\":\"https:\\\/\\\/lospoliticosveracruz.com\\\/#\\\/schema\\\/logo\\\/image\\\/\"},\"sameAs\":[\"https:\\\/\\\/www.facebook.com\\\/people\\\/Notimemes-de-los-Polticos\\\/61565672886568\\\/\",\"https:\\\/\\\/x.com\\\/LosPoliticosVer\"]},{\"@type\":\"Person\",\"@id\":\"https:\\\/\\\/lospoliticosveracruz.com\\\/#\\\/schema\\\/person\\\/b8702bb0e538456e6efd07080bf2a4a2\",\"name\":\"Lo viste en Los Pol\u00edticos\",\"image\":{\"@type\":\"ImageObject\",\"inLanguage\":\"es\",\"@id\":\"https:\\\/\\\/secure.gravatar.com\\\/avatar\\\/3a8de04a2656d44082be478bd6c086daa447c4651605818287b9532d3d0bd435?s=96&d=mm&r=g\",\"url\":\"https:\\\/\\\/secure.gravatar.com\\\/avatar\\\/3a8de04a2656d44082be478bd6c086daa447c4651605818287b9532d3d0bd435?s=96&d=mm&r=g\",\"contentUrl\":\"https:\\\/\\\/secure.gravatar.com\\\/avatar\\\/3a8de04a2656d44082be478bd6c086daa447c4651605818287b9532d3d0bd435?s=96&d=mm&r=g\",\"caption\":\"Lo viste en Los Pol\u00edticos\"},\"url\":\"https:\\\/\\\/lospoliticosveracruz.com\\\/?author=2\"}]}<\/script>\n<!-- \/ Yoast SEO plugin. -->","yoast_head_json":{"title":"CAJA DE AHORRO ORGANIZA REMATES EXTRAJUDICIALES - Los pol\u00edticos Veracruz","robots":{"index":"index","follow":"follow","max-snippet":"max-snippet:-1","max-image-preview":"max-image-preview:large","max-video-preview":"max-video-preview:-1"},"canonical":"https:\/\/lospoliticosveracruz.com\/?p=134099","og_locale":"es_ES","og_type":"article","og_title":"CAJA DE AHORRO ORGANIZA REMATES EXTRAJUDICIALES - Los pol\u00edticos Veracruz","og_description":"[S\u00edguenos ahora tambi\u00e9n en WhatsApp.\u00a0Da clic aqu\u00ed] &nbsp;Teresa Carbajal Debo, no niego; pago, lo justo \u00a1No, bueno!; \u00bfpues que est\u00e1 pasando en nuestro pa\u00eds con la justicia, o con la impunidad que ahora cualquiera considera que puede hacerse justicia por su propia mano? Cuando cre\u00eda que me faltaba poco por ver, me trajeron el caso [&hellip;]","og_url":"https:\/\/lospoliticosveracruz.com\/?p=134099","og_site_name":"Los pol\u00edticos Veracruz","article_publisher":"https:\/\/www.facebook.com\/people\/Notimemes-de-los-Polticos\/61565672886568\/","article_published_time":"2024-12-13T15:30:06+00:00","article_modified_time":"2024-12-13T15:31:25+00:00","og_image":[{"width":1250,"height":667,"url":"https:\/\/lospoliticosveracruz.com\/wp-content\/uploads\/2024\/03\/Teresa-Carbajal.jpg","type":"image\/jpeg"}],"author":"Lo viste en Los Pol\u00edticos","twitter_card":"summary_large_image","twitter_creator":"@LosPoliticosVer","twitter_site":"@LosPoliticosVer","twitter_misc":{"Escrito por":"Lo viste en Los Pol\u00edticos","Tiempo de lectura":"4 minutos"},"schema":{"@context":"https:\/\/schema.org","@graph":[{"@type":"Article","@id":"https:\/\/lospoliticosveracruz.com\/?p=134099#article","isPartOf":{"@id":"https:\/\/lospoliticosveracruz.com\/?p=134099"},"author":{"name":"Lo viste en Los Pol\u00edticos","@id":"https:\/\/lospoliticosveracruz.com\/#\/schema\/person\/b8702bb0e538456e6efd07080bf2a4a2"},"headline":"CAJA DE AHORRO ORGANIZA REMATES EXTRAJUDICIALES","datePublished":"2024-12-13T15:30:06+00:00","dateModified":"2024-12-13T15:31:25+00:00","mainEntityOfPage":{"@id":"https:\/\/lospoliticosveracruz.com\/?p=134099"},"wordCount":831,"publisher":{"@id":"https:\/\/lospoliticosveracruz.com\/#organization"},"image":{"@id":"https:\/\/lospoliticosveracruz.com\/?p=134099#primaryimage"},"thumbnailUrl":"https:\/\/lospoliticosveracruz.com\/wp-content\/uploads\/2024\/03\/Teresa-Carbajal.jpg","keywords":["Caja de Ahorro","CNBV","Condusef","remates extrajudiciales","Veracruz"],"articleSection":["De Opini\u00f3n"],"inLanguage":"es"},{"@type":"WebPage","@id":"https:\/\/lospoliticosveracruz.com\/?p=134099","url":"https:\/\/lospoliticosveracruz.com\/?p=134099","name":"CAJA DE AHORRO ORGANIZA REMATES EXTRAJUDICIALES - Los pol\u00edticos Veracruz","isPartOf":{"@id":"https:\/\/lospoliticosveracruz.com\/#website"},"primaryImageOfPage":{"@id":"https:\/\/lospoliticosveracruz.com\/?p=134099#primaryimage"},"image":{"@id":"https:\/\/lospoliticosveracruz.com\/?p=134099#primaryimage"},"thumbnailUrl":"https:\/\/lospoliticosveracruz.com\/wp-content\/uploads\/2024\/03\/Teresa-Carbajal.jpg","datePublished":"2024-12-13T15:30:06+00:00","dateModified":"2024-12-13T15:31:25+00:00","breadcrumb":{"@id":"https:\/\/lospoliticosveracruz.com\/?p=134099#breadcrumb"},"inLanguage":"es","potentialAction":[{"@type":"ReadAction","target":["https:\/\/lospoliticosveracruz.com\/?p=134099"]}]},{"@type":"ImageObject","inLanguage":"es","@id":"https:\/\/lospoliticosveracruz.com\/?p=134099#primaryimage","url":"https:\/\/lospoliticosveracruz.com\/wp-content\/uploads\/2024\/03\/Teresa-Carbajal.jpg","contentUrl":"https:\/\/lospoliticosveracruz.com\/wp-content\/uploads\/2024\/03\/Teresa-Carbajal.jpg","width":1250,"height":667},{"@type":"BreadcrumbList","@id":"https:\/\/lospoliticosveracruz.com\/?p=134099#breadcrumb","itemListElement":[{"@type":"ListItem","position":1,"name":"Portada","item":"https:\/\/lospoliticosveracruz.com\/"},{"@type":"ListItem","position":2,"name":"CAJA DE AHORRO ORGANIZA REMATES EXTRAJUDICIALES"}]},{"@type":"WebSite","@id":"https:\/\/lospoliticosveracruz.com\/#website","url":"https:\/\/lospoliticosveracruz.com\/","name":"Los pol\u00edticos Veracruz","description":"","publisher":{"@id":"https:\/\/lospoliticosveracruz.com\/#organization"},"potentialAction":[{"@type":"SearchAction","target":{"@type":"EntryPoint","urlTemplate":"https:\/\/lospoliticosveracruz.com\/?s={search_term_string}"},"query-input":{"@type":"PropertyValueSpecification","valueRequired":true,"valueName":"search_term_string"}}],"inLanguage":"es"},{"@type":"Organization","@id":"https:\/\/lospoliticosveracruz.com\/#organization","name":"Los pol\u00edticos Veracruz","url":"https:\/\/lospoliticosveracruz.com\/","logo":{"@type":"ImageObject","inLanguage":"es","@id":"https:\/\/lospoliticosveracruz.com\/#\/schema\/logo\/image\/","url":"https:\/\/lospoliticosveracruz.com\/wp-content\/uploads\/2025\/12\/Logo-Nuevo-LOS-POLITICOS-1.jpg","contentUrl":"https:\/\/lospoliticosveracruz.com\/wp-content\/uploads\/2025\/12\/Logo-Nuevo-LOS-POLITICOS-1.jpg","width":260,"height":70,"caption":"Los pol\u00edticos Veracruz"},"image":{"@id":"https:\/\/lospoliticosveracruz.com\/#\/schema\/logo\/image\/"},"sameAs":["https:\/\/www.facebook.com\/people\/Notimemes-de-los-Polticos\/61565672886568\/","https:\/\/x.com\/LosPoliticosVer"]},{"@type":"Person","@id":"https:\/\/lospoliticosveracruz.com\/#\/schema\/person\/b8702bb0e538456e6efd07080bf2a4a2","name":"Lo viste en Los Pol\u00edticos","image":{"@type":"ImageObject","inLanguage":"es","@id":"https:\/\/secure.gravatar.com\/avatar\/3a8de04a2656d44082be478bd6c086daa447c4651605818287b9532d3d0bd435?s=96&d=mm&r=g","url":"https:\/\/secure.gravatar.com\/avatar\/3a8de04a2656d44082be478bd6c086daa447c4651605818287b9532d3d0bd435?s=96&d=mm&r=g","contentUrl":"https:\/\/secure.gravatar.com\/avatar\/3a8de04a2656d44082be478bd6c086daa447c4651605818287b9532d3d0bd435?s=96&d=mm&r=g","caption":"Lo viste en Los Pol\u00edticos"},"url":"https:\/\/lospoliticosveracruz.com\/?author=2"}]}},"_links":{"self":[{"href":"https:\/\/lospoliticosveracruz.com\/index.php?rest_route=\/wp\/v2\/posts\/134099","targetHints":{"allow":["GET"]}}],"collection":[{"href":"https:\/\/lospoliticosveracruz.com\/index.php?rest_route=\/wp\/v2\/posts"}],"about":[{"href":"https:\/\/lospoliticosveracruz.com\/index.php?rest_route=\/wp\/v2\/types\/post"}],"author":[{"embeddable":true,"href":"https:\/\/lospoliticosveracruz.com\/index.php?rest_route=\/wp\/v2\/users\/2"}],"replies":[{"embeddable":true,"href":"https:\/\/lospoliticosveracruz.com\/index.php?rest_route=%2Fwp%2Fv2%2Fcomments&post=134099"}],"version-history":[{"count":1,"href":"https:\/\/lospoliticosveracruz.com\/index.php?rest_route=\/wp\/v2\/posts\/134099\/revisions"}],"predecessor-version":[{"id":134100,"href":"https:\/\/lospoliticosveracruz.com\/index.php?rest_route=\/wp\/v2\/posts\/134099\/revisions\/134100"}],"wp:featuredmedia":[{"embeddable":true,"href":"https:\/\/lospoliticosveracruz.com\/index.php?rest_route=\/wp\/v2\/media\/119935"}],"wp:attachment":[{"href":"https:\/\/lospoliticosveracruz.com\/index.php?rest_route=%2Fwp%2Fv2%2Fmedia&parent=134099"}],"wp:term":[{"taxonomy":"category","embeddable":true,"href":"https:\/\/lospoliticosveracruz.com\/index.php?rest_route=%2Fwp%2Fv2%2Fcategories&post=134099"},{"taxonomy":"post_tag","embeddable":true,"href":"https:\/\/lospoliticosveracruz.com\/index.php?rest_route=%2Fwp%2Fv2%2Ftags&post=134099"}],"curies":[{"name":"wp","href":"https:\/\/api.w.org\/{rel}","templated":true}]}}