{"id":134146,"date":"2024-12-14T18:54:49","date_gmt":"2024-12-15T00:54:49","guid":{"rendered":"https:\/\/lospoliticosveracruz.com.mx\/?p=134146"},"modified":"2024-12-14T18:55:04","modified_gmt":"2024-12-15T00:55:04","slug":"juvecan-celebra-la-vida","status":"publish","type":"post","link":"https:\/\/lospoliticosveracruz.com\/?p=134146","title":{"rendered":"JUVECAN CELEBRA LA VIDA!"},"content":{"rendered":"\n<p><strong>Salvador Mu\u00f1oz<\/strong><\/p>\n\n\n\n<p>Palo de Brasil. As\u00ed se llama la planta que en el sorteo de la mesa que nos toc\u00f3, gan\u00e9. Una se\u00f1ora a mi lado se llev\u00f3 una Flor de Nochebuena. Y la cafetera, en la rifa general, \u00e9sa se la llev\u00f3 mi querida Maru Arcos, quien lleg\u00f3 un poco tarde a la cita para el Desayuno Anual de Juntas Venciendo el C\u00e1ncer (Juvecan) Coatepec, celebrado esta ocasi\u00f3n en el Club de Leones de este Pueblo M\u00e1gico\u2026 aunque el mejor regalo que todas y todos los presentes que estuvieron all\u00e1 tienen, es la experiencia de vivir, como bien lo cit\u00f3 Roc\u00edo Dom\u00ednguez, quien en esta ocasi\u00f3n, fue la voz encargada junto con la Doctora Rogelia L\u00f3pez, de hacer las presentaciones y llevar la batuta de la entrega de reconocimientos y rifa\u2026&nbsp;<\/p>\n\n\n\n<p>El desayuno anual de Juvecan es una gran oportunidad no s\u00f3lo para entrarle a los chilaquiles, al huevito, a las enchiladas, al caf\u00e9 con pan o acompa\u00f1ado de una rica rosca de chocolate de La Toga, sino para celebrar la vida y mantener en nuestro recuerdo a quienes han partido y llenar de energ\u00eda a quienes luchan en estos momentos contra el c\u00e1ncer de mama.<\/p>\n\n\n\n<p>As\u00ed, entre cafecito caliente en una ma\u00f1ana fresca cl\u00e1sica de Coatepec, igual tenemos oportunidad de conocer a gente nueva, como a Leo, un chavo de 16 a\u00f1os, quien antes de que comenzara el desayuno, se met\u00eda en un cuaderno peque\u00f1o pero lo suficientemente grande para hacer unos trazos preciosos, personajes que sal\u00edan de su imaginaci\u00f3n, donde de manera nata, les daba proporci\u00f3n y sombra\u2026 sus padres, orgullosos, ve\u00edan la pl\u00e1tica que sosten\u00edamos por el dominio de la tinta que plasmaba en hoja blanca\u2026 \u00a1Qu\u00e9 gusto conocer a Leo!<\/p>\n\n\n\n<p>O qu\u00e9 decir de G\u00e9nesis, Nayelli y la peque\u00f1a Ximena (de 8 a\u00f1os), as\u00ed como Adri\u00e1n, quienes desde el Puerto jarocho acompa\u00f1aron a la doctora Roge L\u00f3pez y dem\u00e1s chicas de Juvecan en este d\u00eda tan especial.<\/p>\n\n\n\n<p>Ellos son parte de T\u00fa Nos Inspiras, asociaci\u00f3n civil que apoya a los ciudadanos en la prevenci\u00f3n, diagn\u00f3stico y tratamiento de enfermedades como la Diabetes, C\u00e1ncer, Hipertensi\u00f3n, cardiovasculares, insuficiencia Renal, Pie Diab\u00e9tico y estudios de laboratorios e imagen.<\/p>\n\n\n\n<p>Ah, pero pilar de T\u00fa Nos Inspiras es una doctora nativa de Coatepec pero que ya tiene a\u00f1os laborando en el Puerto jarocho: la doctora Rosa Isela Luna Ceballos, con quien la Mujer (Brenda Caballero) habl\u00f3 largo y tendido de la labor que realizan.<\/p>\n\n\n\n<p>Una amiga en com\u00fan hizo tender el puente entre Juvecan y ahora con Brenda y conmigo: Maru Arcos, quien como dije l\u00edneas arriba, lleg\u00f3 tarde pero trajo suerte, porque se llev\u00f3 una cafetera.<\/p>\n\n\n\n<p>Adem\u00e1s de la rifa de regalos, igual se hizo entrega de reconocimientos al Club de Leones y T\u00fa Nos Inspiras, as\u00ed como la entrega de cupones para Densitometr\u00edas \u00d3seas a quienes participaron en un sorteo con esta asociaci\u00f3n civil.<\/p>\n\n\n\n<p>La alegr\u00eda, sororidad y fraternidad que se respira en Juvecan, no pod\u00eda estar completa sin una oraci\u00f3n para las compa\u00f1eras que no pudieron estar presentes en esta ocasi\u00f3n como Lupita Nieto, Gladis, Gaby L\u00f3pez, Lolita y Luz Divina\u2026 pero v\u00eda Whatsapp algunas hicieron acto de presencia con saludos y parabienes.<\/p>\n\n\n\n<p>Juvecan Coatepec te invita a vivir con intensidad, a que abraces cada momento y que abras tu coraz\u00f3n, porque la vida es un regalo que hay que sentir con plenitud y gratitud\u2026 \u00a1Vamos a celebrar la vida!<\/p>\n","protected":false},"excerpt":{"rendered":"<p>Salvador Mu\u00f1oz Palo de Brasil. As\u00ed se llama la planta que en el sorteo de la mesa que nos toc\u00f3, gan\u00e9. Una se\u00f1ora a mi lado se llev\u00f3 una Flor de Nochebuena. Y la cafetera, en la rifa general, \u00e9sa se la llev\u00f3 mi querida Maru Arcos, quien lleg\u00f3 un poco tarde a la cita [&hellip;]<\/p>\n","protected":false},"author":2,"featured_media":0,"comment_status":"closed","ping_status":"closed","sticky":false,"template":"","format":"standard","meta":{"tdm_status":"","tdm_grid_status":"","footnotes":""},"categories":[72],"tags":[2687,277,6414,6046,40538,19559,4883,42510,42509,195],"class_list":{"0":"post-134146","1":"post","2":"type-post","3":"status-publish","4":"format-standard","6":"category-palomazos","7":"tag-brenda-caballero","8":"tag-coatepec","9":"tag-juntas-venciendo-el-cancer","10":"tag-juvecan","11":"tag-maru-arcos","12":"tag-rocio-dominguez","13":"tag-rogelia-lopez-ocampo","14":"tag-rosa-isela-luna-ceballos","15":"tag-tu-nos-inspiras","16":"tag-veracruz"},"yoast_head":"<!-- This site is optimized with the Yoast SEO plugin v27.4 - https:\/\/yoast.com\/product\/yoast-seo-wordpress\/ -->\n<title>JUVECAN CELEBRA LA VIDA! - Los pol\u00edticos Veracruz<\/title>\n<meta name=\"robots\" content=\"index, follow, max-snippet:-1, max-image-preview:large, max-video-preview:-1\" \/>\n<link rel=\"canonical\" href=\"https:\/\/lospoliticosveracruz.com\/?p=134146\" \/>\n<meta property=\"og:locale\" content=\"es_ES\" \/>\n<meta property=\"og:type\" content=\"article\" \/>\n<meta property=\"og:title\" content=\"JUVECAN CELEBRA LA VIDA! - Los pol\u00edticos Veracruz\" \/>\n<meta property=\"og:description\" content=\"Salvador Mu\u00f1oz Palo de Brasil. As\u00ed se llama la planta que en el sorteo de la mesa que nos toc\u00f3, gan\u00e9. Una se\u00f1ora a mi lado se llev\u00f3 una Flor de Nochebuena. Y la cafetera, en la rifa general, \u00e9sa se la llev\u00f3 mi querida Maru Arcos, quien lleg\u00f3 un poco tarde a la cita [&hellip;]\" \/>\n<meta property=\"og:url\" content=\"https:\/\/lospoliticosveracruz.com\/?p=134146\" \/>\n<meta property=\"og:site_name\" content=\"Los pol\u00edticos Veracruz\" \/>\n<meta property=\"article:publisher\" content=\"https:\/\/www.facebook.com\/people\/Notimemes-de-los-Polticos\/61565672886568\/\" \/>\n<meta property=\"article:published_time\" content=\"2024-12-15T00:54:49+00:00\" \/>\n<meta property=\"article:modified_time\" content=\"2024-12-15T00:55:04+00:00\" \/>\n<meta property=\"og:image\" content=\"https:\/\/lospoliticosveracruz.com\/wp-content\/uploads\/2016\/07\/Logo-Dor.jpg\" \/>\n\t<meta property=\"og:image:width\" content=\"200\" \/>\n\t<meta property=\"og:image:height\" content=\"200\" \/>\n\t<meta property=\"og:image:type\" content=\"image\/jpeg\" \/>\n<meta name=\"author\" content=\"Lo viste en Los Pol\u00edticos\" \/>\n<meta name=\"twitter:card\" content=\"summary_large_image\" \/>\n<meta name=\"twitter:creator\" content=\"@LosPoliticosVer\" \/>\n<meta name=\"twitter:site\" content=\"@LosPoliticosVer\" \/>\n<meta name=\"twitter:label1\" content=\"Escrito por\" \/>\n\t<meta name=\"twitter:data1\" content=\"Lo viste en Los Pol\u00edticos\" \/>\n\t<meta name=\"twitter:label2\" content=\"Tiempo de lectura\" \/>\n\t<meta name=\"twitter:data2\" content=\"3 minutos\" \/>\n<script type=\"application\/ld+json\" class=\"yoast-schema-graph\">{\"@context\":\"https:\\\/\\\/schema.org\",\"@graph\":[{\"@type\":\"Article\",\"@id\":\"https:\\\/\\\/lospoliticosveracruz.com\\\/?p=134146#article\",\"isPartOf\":{\"@id\":\"https:\\\/\\\/lospoliticosveracruz.com\\\/?p=134146\"},\"author\":{\"name\":\"Lo viste en Los Pol\u00edticos\",\"@id\":\"https:\\\/\\\/lospoliticosveracruz.com\\\/#\\\/schema\\\/person\\\/b8702bb0e538456e6efd07080bf2a4a2\"},\"headline\":\"JUVECAN CELEBRA LA VIDA!\",\"datePublished\":\"2024-12-15T00:54:49+00:00\",\"dateModified\":\"2024-12-15T00:55:04+00:00\",\"mainEntityOfPage\":{\"@id\":\"https:\\\/\\\/lospoliticosveracruz.com\\\/?p=134146\"},\"wordCount\":618,\"publisher\":{\"@id\":\"https:\\\/\\\/lospoliticosveracruz.com\\\/#organization\"},\"keywords\":[\"Brenda Caballero\",\"Coatepec\",\"Juntas Venciendo el C\u00e1ncer\",\"Juvecan\",\"Maru Arcos\",\"Roc\u00edo Dom\u00ednguez\",\"Rogelia L\u00f3pez Ocampo\",\"Rosa Isela Luna Ceballos\",\"T\u00fa Nos Inspiras\",\"Veracruz\"],\"articleSection\":[\"Palomazos\"],\"inLanguage\":\"es\"},{\"@type\":\"WebPage\",\"@id\":\"https:\\\/\\\/lospoliticosveracruz.com\\\/?p=134146\",\"url\":\"https:\\\/\\\/lospoliticosveracruz.com\\\/?p=134146\",\"name\":\"JUVECAN CELEBRA LA VIDA! - Los pol\u00edticos Veracruz\",\"isPartOf\":{\"@id\":\"https:\\\/\\\/lospoliticosveracruz.com\\\/#website\"},\"datePublished\":\"2024-12-15T00:54:49+00:00\",\"dateModified\":\"2024-12-15T00:55:04+00:00\",\"breadcrumb\":{\"@id\":\"https:\\\/\\\/lospoliticosveracruz.com\\\/?p=134146#breadcrumb\"},\"inLanguage\":\"es\",\"potentialAction\":[{\"@type\":\"ReadAction\",\"target\":[\"https:\\\/\\\/lospoliticosveracruz.com\\\/?p=134146\"]}]},{\"@type\":\"BreadcrumbList\",\"@id\":\"https:\\\/\\\/lospoliticosveracruz.com\\\/?p=134146#breadcrumb\",\"itemListElement\":[{\"@type\":\"ListItem\",\"position\":1,\"name\":\"Portada\",\"item\":\"https:\\\/\\\/lospoliticosveracruz.com\\\/\"},{\"@type\":\"ListItem\",\"position\":2,\"name\":\"JUVECAN CELEBRA LA VIDA!\"}]},{\"@type\":\"WebSite\",\"@id\":\"https:\\\/\\\/lospoliticosveracruz.com\\\/#website\",\"url\":\"https:\\\/\\\/lospoliticosveracruz.com\\\/\",\"name\":\"Los pol\u00edticos Veracruz\",\"description\":\"\",\"publisher\":{\"@id\":\"https:\\\/\\\/lospoliticosveracruz.com\\\/#organization\"},\"potentialAction\":[{\"@type\":\"SearchAction\",\"target\":{\"@type\":\"EntryPoint\",\"urlTemplate\":\"https:\\\/\\\/lospoliticosveracruz.com\\\/?s={search_term_string}\"},\"query-input\":{\"@type\":\"PropertyValueSpecification\",\"valueRequired\":true,\"valueName\":\"search_term_string\"}}],\"inLanguage\":\"es\"},{\"@type\":\"Organization\",\"@id\":\"https:\\\/\\\/lospoliticosveracruz.com\\\/#organization\",\"name\":\"Los pol\u00edticos Veracruz\",\"url\":\"https:\\\/\\\/lospoliticosveracruz.com\\\/\",\"logo\":{\"@type\":\"ImageObject\",\"inLanguage\":\"es\",\"@id\":\"https:\\\/\\\/lospoliticosveracruz.com\\\/#\\\/schema\\\/logo\\\/image\\\/\",\"url\":\"https:\\\/\\\/lospoliticosveracruz.com\\\/wp-content\\\/uploads\\\/2025\\\/12\\\/Logo-Nuevo-LOS-POLITICOS-1.jpg\",\"contentUrl\":\"https:\\\/\\\/lospoliticosveracruz.com\\\/wp-content\\\/uploads\\\/2025\\\/12\\\/Logo-Nuevo-LOS-POLITICOS-1.jpg\",\"width\":260,\"height\":70,\"caption\":\"Los pol\u00edticos Veracruz\"},\"image\":{\"@id\":\"https:\\\/\\\/lospoliticosveracruz.com\\\/#\\\/schema\\\/logo\\\/image\\\/\"},\"sameAs\":[\"https:\\\/\\\/www.facebook.com\\\/people\\\/Notimemes-de-los-Polticos\\\/61565672886568\\\/\",\"https:\\\/\\\/x.com\\\/LosPoliticosVer\"]},{\"@type\":\"Person\",\"@id\":\"https:\\\/\\\/lospoliticosveracruz.com\\\/#\\\/schema\\\/person\\\/b8702bb0e538456e6efd07080bf2a4a2\",\"name\":\"Lo viste en Los Pol\u00edticos\",\"image\":{\"@type\":\"ImageObject\",\"inLanguage\":\"es\",\"@id\":\"https:\\\/\\\/secure.gravatar.com\\\/avatar\\\/3a8de04a2656d44082be478bd6c086daa447c4651605818287b9532d3d0bd435?s=96&d=mm&r=g\",\"url\":\"https:\\\/\\\/secure.gravatar.com\\\/avatar\\\/3a8de04a2656d44082be478bd6c086daa447c4651605818287b9532d3d0bd435?s=96&d=mm&r=g\",\"contentUrl\":\"https:\\\/\\\/secure.gravatar.com\\\/avatar\\\/3a8de04a2656d44082be478bd6c086daa447c4651605818287b9532d3d0bd435?s=96&d=mm&r=g\",\"caption\":\"Lo viste en Los Pol\u00edticos\"},\"url\":\"https:\\\/\\\/lospoliticosveracruz.com\\\/?author=2\"}]}<\/script>\n<!-- \/ Yoast SEO plugin. -->","yoast_head_json":{"title":"JUVECAN CELEBRA LA VIDA! - Los pol\u00edticos Veracruz","robots":{"index":"index","follow":"follow","max-snippet":"max-snippet:-1","max-image-preview":"max-image-preview:large","max-video-preview":"max-video-preview:-1"},"canonical":"https:\/\/lospoliticosveracruz.com\/?p=134146","og_locale":"es_ES","og_type":"article","og_title":"JUVECAN CELEBRA LA VIDA! - Los pol\u00edticos Veracruz","og_description":"Salvador Mu\u00f1oz Palo de Brasil. As\u00ed se llama la planta que en el sorteo de la mesa que nos toc\u00f3, gan\u00e9. Una se\u00f1ora a mi lado se llev\u00f3 una Flor de Nochebuena. Y la cafetera, en la rifa general, \u00e9sa se la llev\u00f3 mi querida Maru Arcos, quien lleg\u00f3 un poco tarde a la cita [&hellip;]","og_url":"https:\/\/lospoliticosveracruz.com\/?p=134146","og_site_name":"Los pol\u00edticos Veracruz","article_publisher":"https:\/\/www.facebook.com\/people\/Notimemes-de-los-Polticos\/61565672886568\/","article_published_time":"2024-12-15T00:54:49+00:00","article_modified_time":"2024-12-15T00:55:04+00:00","og_image":[{"width":200,"height":200,"url":"https:\/\/lospoliticosveracruz.com\/wp-content\/uploads\/2016\/07\/Logo-Dor.jpg","type":"image\/jpeg"}],"author":"Lo viste en Los Pol\u00edticos","twitter_card":"summary_large_image","twitter_creator":"@LosPoliticosVer","twitter_site":"@LosPoliticosVer","twitter_misc":{"Escrito por":"Lo viste en Los Pol\u00edticos","Tiempo de lectura":"3 minutos"},"schema":{"@context":"https:\/\/schema.org","@graph":[{"@type":"Article","@id":"https:\/\/lospoliticosveracruz.com\/?p=134146#article","isPartOf":{"@id":"https:\/\/lospoliticosveracruz.com\/?p=134146"},"author":{"name":"Lo viste en Los Pol\u00edticos","@id":"https:\/\/lospoliticosveracruz.com\/#\/schema\/person\/b8702bb0e538456e6efd07080bf2a4a2"},"headline":"JUVECAN CELEBRA LA VIDA!","datePublished":"2024-12-15T00:54:49+00:00","dateModified":"2024-12-15T00:55:04+00:00","mainEntityOfPage":{"@id":"https:\/\/lospoliticosveracruz.com\/?p=134146"},"wordCount":618,"publisher":{"@id":"https:\/\/lospoliticosveracruz.com\/#organization"},"keywords":["Brenda Caballero","Coatepec","Juntas Venciendo el C\u00e1ncer","Juvecan","Maru Arcos","Roc\u00edo Dom\u00ednguez","Rogelia L\u00f3pez Ocampo","Rosa Isela Luna Ceballos","T\u00fa Nos Inspiras","Veracruz"],"articleSection":["Palomazos"],"inLanguage":"es"},{"@type":"WebPage","@id":"https:\/\/lospoliticosveracruz.com\/?p=134146","url":"https:\/\/lospoliticosveracruz.com\/?p=134146","name":"JUVECAN CELEBRA LA VIDA! - Los pol\u00edticos Veracruz","isPartOf":{"@id":"https:\/\/lospoliticosveracruz.com\/#website"},"datePublished":"2024-12-15T00:54:49+00:00","dateModified":"2024-12-15T00:55:04+00:00","breadcrumb":{"@id":"https:\/\/lospoliticosveracruz.com\/?p=134146#breadcrumb"},"inLanguage":"es","potentialAction":[{"@type":"ReadAction","target":["https:\/\/lospoliticosveracruz.com\/?p=134146"]}]},{"@type":"BreadcrumbList","@id":"https:\/\/lospoliticosveracruz.com\/?p=134146#breadcrumb","itemListElement":[{"@type":"ListItem","position":1,"name":"Portada","item":"https:\/\/lospoliticosveracruz.com\/"},{"@type":"ListItem","position":2,"name":"JUVECAN CELEBRA LA VIDA!"}]},{"@type":"WebSite","@id":"https:\/\/lospoliticosveracruz.com\/#website","url":"https:\/\/lospoliticosveracruz.com\/","name":"Los pol\u00edticos Veracruz","description":"","publisher":{"@id":"https:\/\/lospoliticosveracruz.com\/#organization"},"potentialAction":[{"@type":"SearchAction","target":{"@type":"EntryPoint","urlTemplate":"https:\/\/lospoliticosveracruz.com\/?s={search_term_string}"},"query-input":{"@type":"PropertyValueSpecification","valueRequired":true,"valueName":"search_term_string"}}],"inLanguage":"es"},{"@type":"Organization","@id":"https:\/\/lospoliticosveracruz.com\/#organization","name":"Los pol\u00edticos Veracruz","url":"https:\/\/lospoliticosveracruz.com\/","logo":{"@type":"ImageObject","inLanguage":"es","@id":"https:\/\/lospoliticosveracruz.com\/#\/schema\/logo\/image\/","url":"https:\/\/lospoliticosveracruz.com\/wp-content\/uploads\/2025\/12\/Logo-Nuevo-LOS-POLITICOS-1.jpg","contentUrl":"https:\/\/lospoliticosveracruz.com\/wp-content\/uploads\/2025\/12\/Logo-Nuevo-LOS-POLITICOS-1.jpg","width":260,"height":70,"caption":"Los pol\u00edticos Veracruz"},"image":{"@id":"https:\/\/lospoliticosveracruz.com\/#\/schema\/logo\/image\/"},"sameAs":["https:\/\/www.facebook.com\/people\/Notimemes-de-los-Polticos\/61565672886568\/","https:\/\/x.com\/LosPoliticosVer"]},{"@type":"Person","@id":"https:\/\/lospoliticosveracruz.com\/#\/schema\/person\/b8702bb0e538456e6efd07080bf2a4a2","name":"Lo viste en Los Pol\u00edticos","image":{"@type":"ImageObject","inLanguage":"es","@id":"https:\/\/secure.gravatar.com\/avatar\/3a8de04a2656d44082be478bd6c086daa447c4651605818287b9532d3d0bd435?s=96&d=mm&r=g","url":"https:\/\/secure.gravatar.com\/avatar\/3a8de04a2656d44082be478bd6c086daa447c4651605818287b9532d3d0bd435?s=96&d=mm&r=g","contentUrl":"https:\/\/secure.gravatar.com\/avatar\/3a8de04a2656d44082be478bd6c086daa447c4651605818287b9532d3d0bd435?s=96&d=mm&r=g","caption":"Lo viste en Los Pol\u00edticos"},"url":"https:\/\/lospoliticosveracruz.com\/?author=2"}]}},"_links":{"self":[{"href":"https:\/\/lospoliticosveracruz.com\/index.php?rest_route=\/wp\/v2\/posts\/134146","targetHints":{"allow":["GET"]}}],"collection":[{"href":"https:\/\/lospoliticosveracruz.com\/index.php?rest_route=\/wp\/v2\/posts"}],"about":[{"href":"https:\/\/lospoliticosveracruz.com\/index.php?rest_route=\/wp\/v2\/types\/post"}],"author":[{"embeddable":true,"href":"https:\/\/lospoliticosveracruz.com\/index.php?rest_route=\/wp\/v2\/users\/2"}],"replies":[{"embeddable":true,"href":"https:\/\/lospoliticosveracruz.com\/index.php?rest_route=%2Fwp%2Fv2%2Fcomments&post=134146"}],"version-history":[{"count":1,"href":"https:\/\/lospoliticosveracruz.com\/index.php?rest_route=\/wp\/v2\/posts\/134146\/revisions"}],"predecessor-version":[{"id":134148,"href":"https:\/\/lospoliticosveracruz.com\/index.php?rest_route=\/wp\/v2\/posts\/134146\/revisions\/134148"}],"wp:attachment":[{"href":"https:\/\/lospoliticosveracruz.com\/index.php?rest_route=%2Fwp%2Fv2%2Fmedia&parent=134146"}],"wp:term":[{"taxonomy":"category","embeddable":true,"href":"https:\/\/lospoliticosveracruz.com\/index.php?rest_route=%2Fwp%2Fv2%2Fcategories&post=134146"},{"taxonomy":"post_tag","embeddable":true,"href":"https:\/\/lospoliticosveracruz.com\/index.php?rest_route=%2Fwp%2Fv2%2Ftags&post=134146"}],"curies":[{"name":"wp","href":"https:\/\/api.w.org\/{rel}","templated":true}]}}