{"id":134159,"date":"2024-12-15T09:16:23","date_gmt":"2024-12-15T15:16:23","guid":{"rendered":"https:\/\/lospoliticosveracruz.com.mx\/?p=134159"},"modified":"2024-12-15T09:16:37","modified_gmt":"2024-12-15T15:16:37","slug":"fuera-pepe-mancha","status":"publish","type":"post","link":"https:\/\/lospoliticosveracruz.com\/?p=134159","title":{"rendered":"FUERA PEPE MANCHA!"},"content":{"rendered":"\n<p><br>S\u00edguenos ahora tambi\u00e9n en WhatsApp.\u00a0<a href=\"https:\/\/whatsapp.com\/channel\/0029Va8zRWlEKyZIP3Z1dF0e\"><strong><em>Da clic aqu\u00ed<\/em><\/strong><\/a><\/p>\n\n\n\n<p><strong>Oved Contreras&nbsp;<\/strong><\/p>\n\n\n\n<p><em>Secas Mecas&nbsp;<\/em><\/p>\n\n\n\n<p>Ayer se consum\u00f3 la extinci\u00f3n de los grupos pol\u00edticos de Pepe Mancha-Do y&nbsp;&nbsp;Julen Rementeria, ambos quedaron fuera de la comisi\u00f3n permanente nacional, a pesar de sus esfuerzos fueron relegados\u2026los \u00fanicos veracruzanos all\u00ed fueron Enrique Cambranis y Joaqu\u00edn Guzm\u00e1n\u2026los Yunes a pesar de tener su fuerza en la mitad de consejeros que representan a Veracruz, Miguel Hermida, Ver\u00f3nica Pulido, Blanca Castellanos, Ana Pantoja y Cristina P\u00e9rez Silva, hicieron uso de su fuerza s\u00f3lo para demostrar que Pepe Mancha-Do solo ten\u00eda su pocision gracias a la alianza que tuvo con ellos.<\/p>\n\n\n<div class=\"wp-block-image\">\n<figure class=\"alignleft size-medium\"><a href=\"https:\/\/lospoliticosveracruz.com.mx\/wp-content\/uploads\/2021\/10\/Zacauilt.jpg\"><img decoding=\"async\" src=\"https:\/\/lospoliticosveracruz.com.mx\/wp-content\/uploads\/2021\/10\/Zacauilt-150x300.jpg\" alt=\"\" class=\"wp-image-80558\"\/><\/a><\/figure>\n<\/div>\n\n\n<p>Los Yunes no pudieron escoger pero si vetar para que Pepe Mancha-Do comience a ver su realidad y consecuencias de traicionar la causa. No tener espacio en la comisi\u00f3n permanente nacional, deja totalmente desprotegido a los grupos de Julen y Pepe Mancha-Do.<\/p>\n\n\n\n<p>De momento, paso a pasito el yunismo, sigue afianzando la administraci\u00f3n de sus crisis en el PAN demostrando que a\u00fan en contra de una pared su opini\u00f3n pesa y seguir\u00e1 pesando en el PAN.<\/p>\n\n\n\n<p><strong>MUS-CULO..<\/strong>.puro m\u00fas-culo&#8230;as\u00ed merito como dice la canci\u00f3n ochentera&#8230;est\u00e1 avocado el mu\u00f1ecote Zenyazen Escobar&#8230;.al que no dejan de lloverle burlas y pitorreos pos en los \u00faltimos d\u00edas ha difundido fotucas en sus redes&nbsp;&nbsp;haciendo ejercicio y prometiendo que recuperar\u00e1 su cinturita de avispa&#8230;como cuando mov\u00eda las caderas sobre las mesas de los teibols-dance&#8230;.juarrrrrrr&#8230;.juarrrrr&#8230;..<\/p>\n\n\n\n<p>El Zeny&#8230;actual diputeibol federal&#8230;anda disciplinado en el gym&#8230;y tomando sus energizantes pa susstituir las garnachas&#8230;.los tamales&#8230;las champolas&#8230;.y las tortas de queso de puerco&#8230;a las que tanto le entr\u00f3 cuando era el favoris favoris de palacio de gobierno&#8230;..quesque se pondr\u00e1 m\u00e1s mu\u00f1eco que antes y que se agarren todos&#8230;todas&#8230;y todesss&#8230;.porque los va a conquistar pal 2025&#8230;.que ese es su prop\u00f3ssito de a\u00f1o nuevo&#8230;.<\/p>\n\n\n\n<p>Aj\u00e1 s\u00ed\u00ed\u00ed\u00ed&#8230;el mu\u00f1ecote ha de pensar que no las ibamos a creer&#8230;.si lo que quiere es ser candidato&#8230;todav\u00eda no termina de calentar la curul y ya anda queriendo brincar a otro cargo&#8230;.quesque quiere ser alcalde de C\u00f3rdoba&#8230;.su terru\u00f1o&#8230;y eso del gym y el m\u00fas-culo&#8230;.es puro blof&#8230;..por eso le est\u00e1n dando pamba sus heiterss&#8230;.de cachetes de marrana flaca no lo bajan&#8230;juar juar juar&#8230;.<\/p>\n\n\n\n<p>A nadie se le olvida su paso por la SEV y sus negociazos con el dinero estatal&#8230;por eso se lo tundieron&#8230;.y adivinen qu\u00e9???&#8217;&#8230;.los usuarios que m\u00e1s se sonaron al mu\u00f1ecote en las redes son maestrossssssss&#8230;.no lo quieren ni tantito&#8230;quesque na m\u00e1s esperan que lo hagan candidato pa desquitarse&#8230;<\/p>\n\n\n\n<p>El dipu Zeny como que no le gust\u00f3 el hate&#8230;y escribi\u00f3 que no hace ejercicio por verse bonitillo ni por extra\u00f1ar aquella agilidad pa bailar en chones sin que le duela la ci\u00e1tica&#8230;sino porque el doitor le dijo que es propenso a la diabetes y a la hipertensi\u00f3n&#8230;.juaarrrrrrr&#8230;.mi&#8217;ijo&#8230;eso&nbsp;&nbsp;desde cuando te anda pisando los talones&#8230;na m\u00e1s hay que ver la panza y la papada tamaleras&#8230;..juar y rejuarrrr&#8230;..<\/p>\n\n\n\n<p><strong>NO SE MANDA SOLA<\/strong>&#8230;.sobre el mu\u00f1ecote&#8230;.la maestra de maestros&#8230;Lupita Mar&#8230;hace unos d\u00edas public\u00f3 que todoooosssss y todaaaassss y todeeeesss&#8230;.en la SEV saben que no hay decisi\u00f3n que se aplique sin que antes los subsecretarios&#8230;directores y jefes de \u00e1rea&#8230;se lo manden a consultar al Tarzan Boy&#8230;.<\/p>\n\n\n\n<p>As\u00ed como lo oyen&#8230;.que a la comadrita Claudia Tello ni la fuman ni la obedecen&#8230;que todo lo que dispone tiene que ser pasado por la aprobaci\u00f3n del diputeibol federal&#8230;pos todo el personal que sigue en la SEV le responden y le reportan a \u00e9l&#8230;.<\/p>\n\n\n\n<p>Lo que dice la maestra Lupita es ciertamente cierto&#8230;pos nos enteramos que hace unos d\u00edas la comadrita Tello orden\u00f3 algunas bajas en la n\u00f3mina de gente que ni siquiera sab\u00edan que eran empleados&#8230;pero en las cuentas aparec\u00edan que cada quincena cobraban sus 35 mil pesotes&#8230;como m\u00ednimo&#8230;y desde hace seis a\u00f1os&#8230;pos se lleg\u00f3 la primera quincena del gobierno de la T\u00eda Ch\u00edo y esos pilotos aviadores siguen en n\u00f3minaaaaaa&#8230;<\/p>\n\n\n\n<p>Ya el viernes cobraron su lanita y no les quitaron ni un peso&#8230;es m\u00e1s hasta les van a dar aguinaldo y bono de fin de a\u00f1o&#8230;que se van cabezontes con casi 100 mil marmajas este diciembre&#8230;.pos entonces onde qued\u00f3 la orden de sacarlos de la secretar\u00eda??&#8230;los encargados del asunto se justifican diciendo que \u00abel patr\u00f3n no lo autoriz\u00f3\u00bb&#8230;..qu\u00e9\u00e9\u00e9\u00e9????&#8230;.si que el mu\u00f1ecote Zenyazen no estuvo de acuerdo y no se hizo&#8230;.m\u00e1s claro ni el agua pal chocolate&#8230;la Tello no se manda sola&#8230;..juar juar juar&#8230;<\/p>\n","protected":false},"excerpt":{"rendered":"<p>S\u00edguenos ahora tambi\u00e9n en WhatsApp.\u00a0Da clic aqu\u00ed Oved Contreras&nbsp; Secas Mecas&nbsp; Ayer se consum\u00f3 la extinci\u00f3n de los grupos pol\u00edticos de Pepe Mancha-Do y&nbsp;&nbsp;Julen Rementeria, ambos quedaron fuera de la comisi\u00f3n permanente nacional, a pesar de sus esfuerzos fueron relegados\u2026los \u00fanicos veracruzanos all\u00ed fueron Enrique Cambranis y Joaqu\u00edn Guzm\u00e1n\u2026los Yunes a pesar de tener su [&hellip;]<\/p>\n","protected":false},"author":2,"featured_media":119816,"comment_status":"closed","ping_status":"closed","sticky":false,"template":"","format":"standard","meta":{"tdm_status":"","tdm_grid_status":"","footnotes":""},"categories":[70],"tags":[13953,266,1065],"class_list":{"0":"post-134159","1":"post","2":"type-post","3":"status-publish","4":"format-standard","5":"has-post-thumbnail","7":"category-de-opinion","8":"tag-claudia-tello-espinosa","9":"tag-pan","10":"tag-pepe-mancha"},"yoast_head":"<!-- This site is optimized with the Yoast SEO plugin v27.4 - https:\/\/yoast.com\/product\/yoast-seo-wordpress\/ -->\n<title>FUERA PEPE MANCHA! - Los pol\u00edticos Veracruz<\/title>\n<meta name=\"robots\" content=\"index, follow, max-snippet:-1, max-image-preview:large, max-video-preview:-1\" \/>\n<link rel=\"canonical\" href=\"https:\/\/lospoliticosveracruz.com\/?p=134159\" \/>\n<meta property=\"og:locale\" content=\"es_ES\" \/>\n<meta property=\"og:type\" content=\"article\" \/>\n<meta property=\"og:title\" content=\"FUERA PEPE MANCHA! - Los pol\u00edticos Veracruz\" \/>\n<meta property=\"og:description\" content=\"S\u00edguenos ahora tambi\u00e9n en WhatsApp.\u00a0Da clic aqu\u00ed Oved Contreras&nbsp; Secas Mecas&nbsp; Ayer se consum\u00f3 la extinci\u00f3n de los grupos pol\u00edticos de Pepe Mancha-Do y&nbsp;&nbsp;Julen Rementeria, ambos quedaron fuera de la comisi\u00f3n permanente nacional, a pesar de sus esfuerzos fueron relegados\u2026los \u00fanicos veracruzanos all\u00ed fueron Enrique Cambranis y Joaqu\u00edn Guzm\u00e1n\u2026los Yunes a pesar de tener su [&hellip;]\" \/>\n<meta property=\"og:url\" content=\"https:\/\/lospoliticosveracruz.com\/?p=134159\" \/>\n<meta property=\"og:site_name\" content=\"Los pol\u00edticos Veracruz\" \/>\n<meta property=\"article:publisher\" content=\"https:\/\/www.facebook.com\/people\/Notimemes-de-los-Polticos\/61565672886568\/\" \/>\n<meta property=\"article:published_time\" content=\"2024-12-15T15:16:23+00:00\" \/>\n<meta property=\"article:modified_time\" content=\"2024-12-15T15:16:37+00:00\" \/>\n<meta property=\"og:image\" content=\"https:\/\/lospoliticosveracruz.com\/wp-content\/uploads\/2024\/03\/Oved-Contreras.jpg\" \/>\n\t<meta property=\"og:image:width\" content=\"1250\" \/>\n\t<meta property=\"og:image:height\" content=\"667\" \/>\n\t<meta property=\"og:image:type\" content=\"image\/jpeg\" \/>\n<meta name=\"author\" content=\"Lo viste en Los Pol\u00edticos\" \/>\n<meta name=\"twitter:card\" content=\"summary_large_image\" \/>\n<meta name=\"twitter:creator\" content=\"@LosPoliticosVer\" \/>\n<meta name=\"twitter:site\" content=\"@LosPoliticosVer\" \/>\n<meta name=\"twitter:label1\" content=\"Escrito por\" \/>\n\t<meta name=\"twitter:data1\" content=\"Lo viste en Los Pol\u00edticos\" \/>\n\t<meta name=\"twitter:label2\" content=\"Tiempo de lectura\" \/>\n\t<meta name=\"twitter:data2\" content=\"4 minutos\" \/>\n<script type=\"application\/ld+json\" class=\"yoast-schema-graph\">{\"@context\":\"https:\\\/\\\/schema.org\",\"@graph\":[{\"@type\":\"Article\",\"@id\":\"https:\\\/\\\/lospoliticosveracruz.com\\\/?p=134159#article\",\"isPartOf\":{\"@id\":\"https:\\\/\\\/lospoliticosveracruz.com\\\/?p=134159\"},\"author\":{\"name\":\"Lo viste en Los Pol\u00edticos\",\"@id\":\"https:\\\/\\\/lospoliticosveracruz.com\\\/#\\\/schema\\\/person\\\/b8702bb0e538456e6efd07080bf2a4a2\"},\"headline\":\"FUERA PEPE MANCHA!\",\"datePublished\":\"2024-12-15T15:16:23+00:00\",\"dateModified\":\"2024-12-15T15:16:37+00:00\",\"mainEntityOfPage\":{\"@id\":\"https:\\\/\\\/lospoliticosveracruz.com\\\/?p=134159\"},\"wordCount\":841,\"publisher\":{\"@id\":\"https:\\\/\\\/lospoliticosveracruz.com\\\/#organization\"},\"image\":{\"@id\":\"https:\\\/\\\/lospoliticosveracruz.com\\\/?p=134159#primaryimage\"},\"thumbnailUrl\":\"https:\\\/\\\/lospoliticosveracruz.com\\\/wp-content\\\/uploads\\\/2024\\\/03\\\/Oved-Contreras.jpg\",\"keywords\":[\"Claudia Tello Espinosa\",\"PAN\",\"Pepe Mancha\"],\"articleSection\":[\"De Opini\u00f3n\"],\"inLanguage\":\"es\"},{\"@type\":\"WebPage\",\"@id\":\"https:\\\/\\\/lospoliticosveracruz.com\\\/?p=134159\",\"url\":\"https:\\\/\\\/lospoliticosveracruz.com\\\/?p=134159\",\"name\":\"FUERA PEPE MANCHA! - Los pol\u00edticos Veracruz\",\"isPartOf\":{\"@id\":\"https:\\\/\\\/lospoliticosveracruz.com\\\/#website\"},\"primaryImageOfPage\":{\"@id\":\"https:\\\/\\\/lospoliticosveracruz.com\\\/?p=134159#primaryimage\"},\"image\":{\"@id\":\"https:\\\/\\\/lospoliticosveracruz.com\\\/?p=134159#primaryimage\"},\"thumbnailUrl\":\"https:\\\/\\\/lospoliticosveracruz.com\\\/wp-content\\\/uploads\\\/2024\\\/03\\\/Oved-Contreras.jpg\",\"datePublished\":\"2024-12-15T15:16:23+00:00\",\"dateModified\":\"2024-12-15T15:16:37+00:00\",\"breadcrumb\":{\"@id\":\"https:\\\/\\\/lospoliticosveracruz.com\\\/?p=134159#breadcrumb\"},\"inLanguage\":\"es\",\"potentialAction\":[{\"@type\":\"ReadAction\",\"target\":[\"https:\\\/\\\/lospoliticosveracruz.com\\\/?p=134159\"]}]},{\"@type\":\"ImageObject\",\"inLanguage\":\"es\",\"@id\":\"https:\\\/\\\/lospoliticosveracruz.com\\\/?p=134159#primaryimage\",\"url\":\"https:\\\/\\\/lospoliticosveracruz.com\\\/wp-content\\\/uploads\\\/2024\\\/03\\\/Oved-Contreras.jpg\",\"contentUrl\":\"https:\\\/\\\/lospoliticosveracruz.com\\\/wp-content\\\/uploads\\\/2024\\\/03\\\/Oved-Contreras.jpg\",\"width\":1250,\"height\":667},{\"@type\":\"BreadcrumbList\",\"@id\":\"https:\\\/\\\/lospoliticosveracruz.com\\\/?p=134159#breadcrumb\",\"itemListElement\":[{\"@type\":\"ListItem\",\"position\":1,\"name\":\"Portada\",\"item\":\"https:\\\/\\\/lospoliticosveracruz.com\\\/\"},{\"@type\":\"ListItem\",\"position\":2,\"name\":\"FUERA PEPE MANCHA!\"}]},{\"@type\":\"WebSite\",\"@id\":\"https:\\\/\\\/lospoliticosveracruz.com\\\/#website\",\"url\":\"https:\\\/\\\/lospoliticosveracruz.com\\\/\",\"name\":\"Los pol\u00edticos Veracruz\",\"description\":\"\",\"publisher\":{\"@id\":\"https:\\\/\\\/lospoliticosveracruz.com\\\/#organization\"},\"potentialAction\":[{\"@type\":\"SearchAction\",\"target\":{\"@type\":\"EntryPoint\",\"urlTemplate\":\"https:\\\/\\\/lospoliticosveracruz.com\\\/?s={search_term_string}\"},\"query-input\":{\"@type\":\"PropertyValueSpecification\",\"valueRequired\":true,\"valueName\":\"search_term_string\"}}],\"inLanguage\":\"es\"},{\"@type\":\"Organization\",\"@id\":\"https:\\\/\\\/lospoliticosveracruz.com\\\/#organization\",\"name\":\"Los pol\u00edticos Veracruz\",\"url\":\"https:\\\/\\\/lospoliticosveracruz.com\\\/\",\"logo\":{\"@type\":\"ImageObject\",\"inLanguage\":\"es\",\"@id\":\"https:\\\/\\\/lospoliticosveracruz.com\\\/#\\\/schema\\\/logo\\\/image\\\/\",\"url\":\"https:\\\/\\\/lospoliticosveracruz.com\\\/wp-content\\\/uploads\\\/2025\\\/12\\\/Logo-Nuevo-LOS-POLITICOS-1.jpg\",\"contentUrl\":\"https:\\\/\\\/lospoliticosveracruz.com\\\/wp-content\\\/uploads\\\/2025\\\/12\\\/Logo-Nuevo-LOS-POLITICOS-1.jpg\",\"width\":260,\"height\":70,\"caption\":\"Los pol\u00edticos Veracruz\"},\"image\":{\"@id\":\"https:\\\/\\\/lospoliticosveracruz.com\\\/#\\\/schema\\\/logo\\\/image\\\/\"},\"sameAs\":[\"https:\\\/\\\/www.facebook.com\\\/people\\\/Notimemes-de-los-Polticos\\\/61565672886568\\\/\",\"https:\\\/\\\/x.com\\\/LosPoliticosVer\"]},{\"@type\":\"Person\",\"@id\":\"https:\\\/\\\/lospoliticosveracruz.com\\\/#\\\/schema\\\/person\\\/b8702bb0e538456e6efd07080bf2a4a2\",\"name\":\"Lo viste en Los Pol\u00edticos\",\"image\":{\"@type\":\"ImageObject\",\"inLanguage\":\"es\",\"@id\":\"https:\\\/\\\/secure.gravatar.com\\\/avatar\\\/3a8de04a2656d44082be478bd6c086daa447c4651605818287b9532d3d0bd435?s=96&d=mm&r=g\",\"url\":\"https:\\\/\\\/secure.gravatar.com\\\/avatar\\\/3a8de04a2656d44082be478bd6c086daa447c4651605818287b9532d3d0bd435?s=96&d=mm&r=g\",\"contentUrl\":\"https:\\\/\\\/secure.gravatar.com\\\/avatar\\\/3a8de04a2656d44082be478bd6c086daa447c4651605818287b9532d3d0bd435?s=96&d=mm&r=g\",\"caption\":\"Lo viste en Los Pol\u00edticos\"},\"url\":\"https:\\\/\\\/lospoliticosveracruz.com\\\/?author=2\"}]}<\/script>\n<!-- \/ Yoast SEO plugin. -->","yoast_head_json":{"title":"FUERA PEPE MANCHA! - Los pol\u00edticos Veracruz","robots":{"index":"index","follow":"follow","max-snippet":"max-snippet:-1","max-image-preview":"max-image-preview:large","max-video-preview":"max-video-preview:-1"},"canonical":"https:\/\/lospoliticosveracruz.com\/?p=134159","og_locale":"es_ES","og_type":"article","og_title":"FUERA PEPE MANCHA! - Los pol\u00edticos Veracruz","og_description":"S\u00edguenos ahora tambi\u00e9n en WhatsApp.\u00a0Da clic aqu\u00ed Oved Contreras&nbsp; Secas Mecas&nbsp; Ayer se consum\u00f3 la extinci\u00f3n de los grupos pol\u00edticos de Pepe Mancha-Do y&nbsp;&nbsp;Julen Rementeria, ambos quedaron fuera de la comisi\u00f3n permanente nacional, a pesar de sus esfuerzos fueron relegados\u2026los \u00fanicos veracruzanos all\u00ed fueron Enrique Cambranis y Joaqu\u00edn Guzm\u00e1n\u2026los Yunes a pesar de tener su [&hellip;]","og_url":"https:\/\/lospoliticosveracruz.com\/?p=134159","og_site_name":"Los pol\u00edticos Veracruz","article_publisher":"https:\/\/www.facebook.com\/people\/Notimemes-de-los-Polticos\/61565672886568\/","article_published_time":"2024-12-15T15:16:23+00:00","article_modified_time":"2024-12-15T15:16:37+00:00","og_image":[{"width":1250,"height":667,"url":"https:\/\/lospoliticosveracruz.com\/wp-content\/uploads\/2024\/03\/Oved-Contreras.jpg","type":"image\/jpeg"}],"author":"Lo viste en Los Pol\u00edticos","twitter_card":"summary_large_image","twitter_creator":"@LosPoliticosVer","twitter_site":"@LosPoliticosVer","twitter_misc":{"Escrito por":"Lo viste en Los Pol\u00edticos","Tiempo de lectura":"4 minutos"},"schema":{"@context":"https:\/\/schema.org","@graph":[{"@type":"Article","@id":"https:\/\/lospoliticosveracruz.com\/?p=134159#article","isPartOf":{"@id":"https:\/\/lospoliticosveracruz.com\/?p=134159"},"author":{"name":"Lo viste en Los Pol\u00edticos","@id":"https:\/\/lospoliticosveracruz.com\/#\/schema\/person\/b8702bb0e538456e6efd07080bf2a4a2"},"headline":"FUERA PEPE MANCHA!","datePublished":"2024-12-15T15:16:23+00:00","dateModified":"2024-12-15T15:16:37+00:00","mainEntityOfPage":{"@id":"https:\/\/lospoliticosveracruz.com\/?p=134159"},"wordCount":841,"publisher":{"@id":"https:\/\/lospoliticosveracruz.com\/#organization"},"image":{"@id":"https:\/\/lospoliticosveracruz.com\/?p=134159#primaryimage"},"thumbnailUrl":"https:\/\/lospoliticosveracruz.com\/wp-content\/uploads\/2024\/03\/Oved-Contreras.jpg","keywords":["Claudia Tello Espinosa","PAN","Pepe Mancha"],"articleSection":["De Opini\u00f3n"],"inLanguage":"es"},{"@type":"WebPage","@id":"https:\/\/lospoliticosveracruz.com\/?p=134159","url":"https:\/\/lospoliticosveracruz.com\/?p=134159","name":"FUERA PEPE MANCHA! - Los pol\u00edticos Veracruz","isPartOf":{"@id":"https:\/\/lospoliticosveracruz.com\/#website"},"primaryImageOfPage":{"@id":"https:\/\/lospoliticosveracruz.com\/?p=134159#primaryimage"},"image":{"@id":"https:\/\/lospoliticosveracruz.com\/?p=134159#primaryimage"},"thumbnailUrl":"https:\/\/lospoliticosveracruz.com\/wp-content\/uploads\/2024\/03\/Oved-Contreras.jpg","datePublished":"2024-12-15T15:16:23+00:00","dateModified":"2024-12-15T15:16:37+00:00","breadcrumb":{"@id":"https:\/\/lospoliticosveracruz.com\/?p=134159#breadcrumb"},"inLanguage":"es","potentialAction":[{"@type":"ReadAction","target":["https:\/\/lospoliticosveracruz.com\/?p=134159"]}]},{"@type":"ImageObject","inLanguage":"es","@id":"https:\/\/lospoliticosveracruz.com\/?p=134159#primaryimage","url":"https:\/\/lospoliticosveracruz.com\/wp-content\/uploads\/2024\/03\/Oved-Contreras.jpg","contentUrl":"https:\/\/lospoliticosveracruz.com\/wp-content\/uploads\/2024\/03\/Oved-Contreras.jpg","width":1250,"height":667},{"@type":"BreadcrumbList","@id":"https:\/\/lospoliticosveracruz.com\/?p=134159#breadcrumb","itemListElement":[{"@type":"ListItem","position":1,"name":"Portada","item":"https:\/\/lospoliticosveracruz.com\/"},{"@type":"ListItem","position":2,"name":"FUERA PEPE MANCHA!"}]},{"@type":"WebSite","@id":"https:\/\/lospoliticosveracruz.com\/#website","url":"https:\/\/lospoliticosveracruz.com\/","name":"Los pol\u00edticos Veracruz","description":"","publisher":{"@id":"https:\/\/lospoliticosveracruz.com\/#organization"},"potentialAction":[{"@type":"SearchAction","target":{"@type":"EntryPoint","urlTemplate":"https:\/\/lospoliticosveracruz.com\/?s={search_term_string}"},"query-input":{"@type":"PropertyValueSpecification","valueRequired":true,"valueName":"search_term_string"}}],"inLanguage":"es"},{"@type":"Organization","@id":"https:\/\/lospoliticosveracruz.com\/#organization","name":"Los pol\u00edticos Veracruz","url":"https:\/\/lospoliticosveracruz.com\/","logo":{"@type":"ImageObject","inLanguage":"es","@id":"https:\/\/lospoliticosveracruz.com\/#\/schema\/logo\/image\/","url":"https:\/\/lospoliticosveracruz.com\/wp-content\/uploads\/2025\/12\/Logo-Nuevo-LOS-POLITICOS-1.jpg","contentUrl":"https:\/\/lospoliticosveracruz.com\/wp-content\/uploads\/2025\/12\/Logo-Nuevo-LOS-POLITICOS-1.jpg","width":260,"height":70,"caption":"Los pol\u00edticos Veracruz"},"image":{"@id":"https:\/\/lospoliticosveracruz.com\/#\/schema\/logo\/image\/"},"sameAs":["https:\/\/www.facebook.com\/people\/Notimemes-de-los-Polticos\/61565672886568\/","https:\/\/x.com\/LosPoliticosVer"]},{"@type":"Person","@id":"https:\/\/lospoliticosveracruz.com\/#\/schema\/person\/b8702bb0e538456e6efd07080bf2a4a2","name":"Lo viste en Los Pol\u00edticos","image":{"@type":"ImageObject","inLanguage":"es","@id":"https:\/\/secure.gravatar.com\/avatar\/3a8de04a2656d44082be478bd6c086daa447c4651605818287b9532d3d0bd435?s=96&d=mm&r=g","url":"https:\/\/secure.gravatar.com\/avatar\/3a8de04a2656d44082be478bd6c086daa447c4651605818287b9532d3d0bd435?s=96&d=mm&r=g","contentUrl":"https:\/\/secure.gravatar.com\/avatar\/3a8de04a2656d44082be478bd6c086daa447c4651605818287b9532d3d0bd435?s=96&d=mm&r=g","caption":"Lo viste en Los Pol\u00edticos"},"url":"https:\/\/lospoliticosveracruz.com\/?author=2"}]}},"_links":{"self":[{"href":"https:\/\/lospoliticosveracruz.com\/index.php?rest_route=\/wp\/v2\/posts\/134159","targetHints":{"allow":["GET"]}}],"collection":[{"href":"https:\/\/lospoliticosveracruz.com\/index.php?rest_route=\/wp\/v2\/posts"}],"about":[{"href":"https:\/\/lospoliticosveracruz.com\/index.php?rest_route=\/wp\/v2\/types\/post"}],"author":[{"embeddable":true,"href":"https:\/\/lospoliticosveracruz.com\/index.php?rest_route=\/wp\/v2\/users\/2"}],"replies":[{"embeddable":true,"href":"https:\/\/lospoliticosveracruz.com\/index.php?rest_route=%2Fwp%2Fv2%2Fcomments&post=134159"}],"version-history":[{"count":1,"href":"https:\/\/lospoliticosveracruz.com\/index.php?rest_route=\/wp\/v2\/posts\/134159\/revisions"}],"predecessor-version":[{"id":134160,"href":"https:\/\/lospoliticosveracruz.com\/index.php?rest_route=\/wp\/v2\/posts\/134159\/revisions\/134160"}],"wp:featuredmedia":[{"embeddable":true,"href":"https:\/\/lospoliticosveracruz.com\/index.php?rest_route=\/wp\/v2\/media\/119816"}],"wp:attachment":[{"href":"https:\/\/lospoliticosveracruz.com\/index.php?rest_route=%2Fwp%2Fv2%2Fmedia&parent=134159"}],"wp:term":[{"taxonomy":"category","embeddable":true,"href":"https:\/\/lospoliticosveracruz.com\/index.php?rest_route=%2Fwp%2Fv2%2Fcategories&post=134159"},{"taxonomy":"post_tag","embeddable":true,"href":"https:\/\/lospoliticosveracruz.com\/index.php?rest_route=%2Fwp%2Fv2%2Ftags&post=134159"}],"curies":[{"name":"wp","href":"https:\/\/api.w.org\/{rel}","templated":true}]}}