{"id":134185,"date":"2024-12-16T05:36:53","date_gmt":"2024-12-16T11:36:53","guid":{"rendered":"https:\/\/lospoliticosveracruz.com.mx\/?p=134185"},"modified":"2024-12-16T05:37:18","modified_gmt":"2024-12-16T11:37:18","slug":"midete-en-acayucan","status":"publish","type":"post","link":"https:\/\/lospoliticosveracruz.com\/?p=134185","title":{"rendered":"M\u00cdDETE EN ACAYUCAN\u2026"},"content":{"rendered":"\n<p>[S\u00edguenos ahora tambi\u00e9n en WhatsApp.\u00a0<a href=\"https:\/\/whatsapp.com\/channel\/0029Va8zRWlEKyZIP3Z1dF0e\"><strong><em>Da clic aqu\u00ed<\/em><\/strong><\/a>]<\/p>\n\n\n\n<p><strong>Jos\u00e9 Luis Ortega Vidal<\/strong><\/p>\n\n\n\n<p><em>Claroscuros<\/em><\/p>\n\n\n\n<p>(1)<br>Lo cuentan en los c\u00edrculos pol\u00edticos de Xalapa, la capital y centro neur\u00e1lgico del poder en Veracruz: Fredy Ayala Gonz\u00e1lez dialog\u00f3 personalmente con Roc\u00edo Nahle Garc\u00eda, la gobernadora empe\u00f1ada en mostrar d\u00eda con d\u00eda el peso de su mano en el ejercicio de gobierno.<br>El ex alcalde de Sayula de Alem\u00e1n durante el cuatrienio 2018-2021, solicit\u00f3 una candidatura para contender en los comicios municipales del 2025\u2026<br>La respuesta fue simple y contundente: m\u00eddete en Acayucan\u2026<\/p>\n\n\n\n<p>(2)<br>Abogado, egresado de la Facultad de Derecho de la Universidad Veracruzana, Fredy Ayala coincidi\u00f3 con Roc\u00edo Nahle Garc\u00eda en el Partido de la Revoluci\u00f3n Democr\u00e1tica, el PRD.<br>Nahle Garc\u00eda fue diputada federal por el partido del sol azteca y no tendr\u00eda problemas con el acceso de su ex compa\u00f1ero amarillo a MORENA.<br>Adem\u00e1s de la amistad entre Ayala y Nahle convergen otros factores:<\/p>\n\n\n\n<p>a) MORENA perdi\u00f3 las elecciones del 2017 y 2021 en Acayucan; ambas con el PRD bajo control del profesor Clemente Condado Mortera, quien \u2013adem\u00e1s de dos Ayuntamientos- obtuvo para su causa seis diputaciones locales y una federal, todas plurinominales y con la bandera del perredismo.<\/p>\n\n\n\n<p>b) Fredy Ayala Gonz\u00e1lez ha sido vecino de Acayucan en diversos momentos de su vida; aunque ha combinado su domicilio con Sayula de Alem\u00e1n, donde el apellido Ayala tiene historia pol\u00edtica a trav\u00e9s de su t\u00edo paterno, Oscar Ayala Estrada, ex alcalde por el PRD.<\/p>\n\n\n\n<p>(3)<br>Ayala Gonz\u00e1lez se est\u00e1 midiendo en Acayucan; ya se inscribi\u00f3 \u2013nos cuenta una fuente- tras la publicaci\u00f3n de la convocatoria del partido guinda\u2026<br>Est\u00e1 recorriendo comunidades y colonias, adem\u00e1s de realizar reuniones: la m\u00e1s reciente el pasado fin de semana con ex panistas, ex priistas y con gente ligada al Ayuntamiento actual que encabeza la maestra Rosalba Rodr\u00edguez Rodr\u00edguez, perredista.<br>Otro que tambi\u00e9n recorre el municipio es Cuitl\u00e1huac Condado Escamilla, esposo de la presidenta Rosalba Rodr\u00edguez y ex alcalde acayuque\u00f1o.<br>Cuitl\u00e1huac gan\u00f3 la elecci\u00f3n del 2017 y Rosalba obtuvo el triunfo en el 2021; ambos derrotaron a MORENA y sus abanderados: Ra\u00fal David Salom\u00f3n y Deisy Juan Antonio.<\/p>\n\n\n\n<p>(4)<br>Habr\u00e1 encuestas en MORENA y \u2013en teor\u00eda- el candidato o candidata a la alcald\u00eda de Acayucan surgir\u00eda desde las preferencias demosc\u00f3picas.<br>En Acayucan, la lista de quienes buscan el abanderamiento de MORENA resulta extensa e incluye a: Ruth Pe\u00f1a Alvarado \u2013hermana de Jos\u00e9 Luis Pe\u00f1a Pe\u00f1a, esposo de la gobernadora Roc\u00edo Nahle-, Ra\u00fal David Salom\u00f3n, amigo de Ruth y ex cercano al senador Manuel Huerta Ladr\u00f3n de Guevara\u2026<br>En los corrillos pol\u00edticos se habla del rompimiento pol\u00edtico entre Ra\u00fal David Salom\u00f3n y Huerta Ladr\u00f3n de Guevara, su ex jefe en la delegaci\u00f3n de Bienestar; por lo cual el legislador en la c\u00e1mara alta est\u00e1 apoyando a Deisy Juan Antonio, ex diputada local.<br>Otros aspirantes son Marco Antonio Mart\u00ednez Amador, ex alcalde y ex diputado local, quien busca el espaldarazo de Marcelo Ebrard, secretario de Econom\u00eda en el gobierno de Claudia Sheinbaum; as\u00ed como Abel Ram\u00edrez Ortiz, ex diputado federal.<\/p>\n\n\n\n<p>(5)<br>Un tema interesante remite a los v\u00ednculos pol\u00edticos que Fredy Ayala Gonz\u00e1lez construy\u00f3 y mantiene vivos en Sayula de Alem\u00e1n.<br>Se trata de los hermanos Jos\u00e9 Manuel y Flavio Ad\u00e1n Mu\u00f1oz Murrieta; el primero actual l\u00edder de la Asociaci\u00f3n Ganadera Local y el segundo ex alcalde, relevo de Fredy Ayala durante los meses que pidi\u00f3 licencia, en Sayula de Alem\u00e1n.<br>Hay una relaci\u00f3n consolidada entre la familia Mu\u00f1oz Murrieta y Jos\u00e9 Luis Pe\u00f1a Pe\u00f1a, el hombre detr\u00e1s del aparato estatal abocado al tema ganadero.<br>Roc\u00edo Nahle respalda a su esposo en todos sus proyectos y tal condici\u00f3n inclina la candidatura sayule\u00f1a a uno de los hermanos Mu\u00f1oz: Jos\u00e9 Manuel; quien cuenta con el respaldo de su hermano Flavio y con los Ayala.<br>De generarse las dos candidaturas: Jos\u00e9 Manuel Mu\u00f1oz para Sayula y Fredy Ayala en Acayucan, ser\u00edamos testigos del nacimiento de un grupo de poder pol\u00edtico regional, en una zona donde el gobierno de Roc\u00edo Nahle requiere de triunfos morenistas, paralelamente a la estabilidad en materia de seguridad p\u00fablica\u2026<br>Como sabemos, el \u00e9xito electoral y la seguridad p\u00fablica se mezclan\u2026<\/p>\n\n\n\n<p>(6)<br>\u00bfCu\u00e1l ser\u00e1 el papel del PVEM y el PT en los municipios referidos?<br>\u00bfCu\u00e1l ser\u00e1 el partido que otorgue sus siglas a Cuitl\u00e1huac Condado Escamilla, ante la desaparici\u00f3n del PRD?<br>Lo veremos.<\/p>\n\n\n\n<p>(7)<br>Este lunes el ingeniero Pasiano Rueda Canseco, alcalde de Jes\u00fas Carranza, presentar\u00e1 su tercer informe de gobierno.<br>Rueda Canseco fue v\u00edctima de la persecuci\u00f3n pol\u00edtica a todas luces ilegal y violatoria de los derechos humanos del ex gobernador Cuitl\u00e1huac Garc\u00eda Jim\u00e9nez.<br>Pasiano Rueda es edil bajo la nominaci\u00f3n del Partido del Trabajo, el PT.<br>Al medio d\u00eda del dos de diciembre pasado, en su discurso durante la reuni\u00f3n con alcaldes y productores pecuarios en la Uni\u00f3n Ganadera Regional del Sur de Veracruz \u2013con sede en Acayucan- la gobernadora Roc\u00edo Nahle mencion\u00f3 al presidente municipal de Jes\u00fas Carranza:<br>Amigo Pasiano, te hemos dado mucho trabajo y te vamos a dar m\u00e1s; gracias por tu apoyo\u2026<br>La gobernadora se refiri\u00f3 al programa de saneamiento del hato ganadero del sur impulsado por la SEDARPA\u2026<br>Empero -adem\u00e1s de los hermanos Mu\u00f1oz Murrieta, de Sayula- Jos\u00e9 Luis Pe\u00f1a Pe\u00f1a mantiene una relaci\u00f3n cercana con Pasiano Rueda Canseco, a quien la ingeniera Roc\u00edo Nahle le pidi\u00f3 ser subsecretario de Ganader\u00eda.<br>El edil carrance\u00f1o no acept\u00f3 la invitaci\u00f3n, que habr\u00eda quedado abierta para otro momento del sexenio.<br>Ahora bien, en Jes\u00fas Carranza tambi\u00e9n se mencionan nombres de aspirantes a la candidatura de MORENA, PVEM, PT, o de una alianza.<br>En este contexto, el peso de las relaciones pol\u00edticas de Pasiano Rueda Canseco est\u00e1 all\u00ed, en el escenario donde hay mujeres y hombres que buscan sucederlo en el poder municipal\u2026<\/p>\n","protected":false},"excerpt":{"rendered":"<p>[S\u00edguenos ahora tambi\u00e9n en WhatsApp.\u00a0Da clic aqu\u00ed] Jos\u00e9 Luis Ortega Vidal Claroscuros (1)Lo cuentan en los c\u00edrculos pol\u00edticos de Xalapa, la capital y centro neur\u00e1lgico del poder en Veracruz: Fredy Ayala Gonz\u00e1lez dialog\u00f3 personalmente con Roc\u00edo Nahle Garc\u00eda, la gobernadora empe\u00f1ada en mostrar d\u00eda con d\u00eda el peso de su mano en el ejercicio de [&hellip;]<\/p>\n","protected":false},"author":2,"featured_media":119931,"comment_status":"closed","ping_status":"closed","sticky":false,"template":"","format":"standard","meta":{"tdm_status":"","tdm_grid_status":"","footnotes":""},"categories":[70],"tags":[103,23384,1026,3578,10434,195],"class_list":{"0":"post-134185","1":"post","2":"type-post","3":"status-publish","4":"format-standard","5":"has-post-thumbnail","7":"category-de-opinion","8":"tag-acayucan","9":"tag-fredy-atala","10":"tag-morena","11":"tag-rocio-nahle","12":"tag-sayula-de-aleman","13":"tag-veracruz"},"yoast_head":"<!-- This site is optimized with the Yoast SEO plugin v27.4 - https:\/\/yoast.com\/product\/yoast-seo-wordpress\/ -->\n<title>M\u00cdDETE EN ACAYUCAN\u2026 - Los pol\u00edticos Veracruz<\/title>\n<meta name=\"robots\" content=\"index, follow, max-snippet:-1, max-image-preview:large, max-video-preview:-1\" \/>\n<link rel=\"canonical\" href=\"https:\/\/lospoliticosveracruz.com\/?p=134185\" \/>\n<meta property=\"og:locale\" content=\"es_ES\" \/>\n<meta property=\"og:type\" content=\"article\" \/>\n<meta property=\"og:title\" content=\"M\u00cdDETE EN ACAYUCAN\u2026 - Los pol\u00edticos Veracruz\" \/>\n<meta property=\"og:description\" content=\"[S\u00edguenos ahora tambi\u00e9n en WhatsApp.\u00a0Da clic aqu\u00ed] Jos\u00e9 Luis Ortega Vidal Claroscuros (1)Lo cuentan en los c\u00edrculos pol\u00edticos de Xalapa, la capital y centro neur\u00e1lgico del poder en Veracruz: Fredy Ayala Gonz\u00e1lez dialog\u00f3 personalmente con Roc\u00edo Nahle Garc\u00eda, la gobernadora empe\u00f1ada en mostrar d\u00eda con d\u00eda el peso de su mano en el ejercicio de [&hellip;]\" \/>\n<meta property=\"og:url\" content=\"https:\/\/lospoliticosveracruz.com\/?p=134185\" \/>\n<meta property=\"og:site_name\" content=\"Los pol\u00edticos Veracruz\" \/>\n<meta property=\"article:publisher\" content=\"https:\/\/www.facebook.com\/people\/Notimemes-de-los-Polticos\/61565672886568\/\" \/>\n<meta property=\"article:published_time\" content=\"2024-12-16T11:36:53+00:00\" \/>\n<meta property=\"article:modified_time\" content=\"2024-12-16T11:37:18+00:00\" \/>\n<meta property=\"og:image\" content=\"https:\/\/lospoliticosveracruz.com\/wp-content\/uploads\/2024\/03\/Jose-Luis-Ortega-Vidal.jpg\" \/>\n\t<meta property=\"og:image:width\" content=\"1250\" \/>\n\t<meta property=\"og:image:height\" content=\"667\" \/>\n\t<meta property=\"og:image:type\" content=\"image\/jpeg\" \/>\n<meta name=\"author\" content=\"Lo viste en Los Pol\u00edticos\" \/>\n<meta name=\"twitter:card\" content=\"summary_large_image\" \/>\n<meta name=\"twitter:creator\" content=\"@LosPoliticosVer\" \/>\n<meta name=\"twitter:site\" content=\"@LosPoliticosVer\" \/>\n<meta name=\"twitter:label1\" content=\"Escrito por\" \/>\n\t<meta name=\"twitter:data1\" content=\"Lo viste en Los Pol\u00edticos\" \/>\n\t<meta name=\"twitter:label2\" content=\"Tiempo de lectura\" \/>\n\t<meta name=\"twitter:data2\" content=\"5 minutos\" \/>\n<script type=\"application\/ld+json\" class=\"yoast-schema-graph\">{\"@context\":\"https:\\\/\\\/schema.org\",\"@graph\":[{\"@type\":\"Article\",\"@id\":\"https:\\\/\\\/lospoliticosveracruz.com\\\/?p=134185#article\",\"isPartOf\":{\"@id\":\"https:\\\/\\\/lospoliticosveracruz.com\\\/?p=134185\"},\"author\":{\"name\":\"Lo viste en Los Pol\u00edticos\",\"@id\":\"https:\\\/\\\/lospoliticosveracruz.com\\\/#\\\/schema\\\/person\\\/b8702bb0e538456e6efd07080bf2a4a2\"},\"headline\":\"M\u00cdDETE EN ACAYUCAN\u2026\",\"datePublished\":\"2024-12-16T11:36:53+00:00\",\"dateModified\":\"2024-12-16T11:37:18+00:00\",\"mainEntityOfPage\":{\"@id\":\"https:\\\/\\\/lospoliticosveracruz.com\\\/?p=134185\"},\"wordCount\":1059,\"publisher\":{\"@id\":\"https:\\\/\\\/lospoliticosveracruz.com\\\/#organization\"},\"image\":{\"@id\":\"https:\\\/\\\/lospoliticosveracruz.com\\\/?p=134185#primaryimage\"},\"thumbnailUrl\":\"https:\\\/\\\/lospoliticosveracruz.com\\\/wp-content\\\/uploads\\\/2024\\\/03\\\/Jose-Luis-Ortega-Vidal.jpg\",\"keywords\":[\"Acayucan\",\"Fredy Atala\",\"Morena\",\"Roc\u00edo Nahle\",\"Sayula de Alem\u00e1n\",\"Veracruz\"],\"articleSection\":[\"De Opini\u00f3n\"],\"inLanguage\":\"es\"},{\"@type\":\"WebPage\",\"@id\":\"https:\\\/\\\/lospoliticosveracruz.com\\\/?p=134185\",\"url\":\"https:\\\/\\\/lospoliticosveracruz.com\\\/?p=134185\",\"name\":\"M\u00cdDETE EN ACAYUCAN\u2026 - Los pol\u00edticos Veracruz\",\"isPartOf\":{\"@id\":\"https:\\\/\\\/lospoliticosveracruz.com\\\/#website\"},\"primaryImageOfPage\":{\"@id\":\"https:\\\/\\\/lospoliticosveracruz.com\\\/?p=134185#primaryimage\"},\"image\":{\"@id\":\"https:\\\/\\\/lospoliticosveracruz.com\\\/?p=134185#primaryimage\"},\"thumbnailUrl\":\"https:\\\/\\\/lospoliticosveracruz.com\\\/wp-content\\\/uploads\\\/2024\\\/03\\\/Jose-Luis-Ortega-Vidal.jpg\",\"datePublished\":\"2024-12-16T11:36:53+00:00\",\"dateModified\":\"2024-12-16T11:37:18+00:00\",\"breadcrumb\":{\"@id\":\"https:\\\/\\\/lospoliticosveracruz.com\\\/?p=134185#breadcrumb\"},\"inLanguage\":\"es\",\"potentialAction\":[{\"@type\":\"ReadAction\",\"target\":[\"https:\\\/\\\/lospoliticosveracruz.com\\\/?p=134185\"]}]},{\"@type\":\"ImageObject\",\"inLanguage\":\"es\",\"@id\":\"https:\\\/\\\/lospoliticosveracruz.com\\\/?p=134185#primaryimage\",\"url\":\"https:\\\/\\\/lospoliticosveracruz.com\\\/wp-content\\\/uploads\\\/2024\\\/03\\\/Jose-Luis-Ortega-Vidal.jpg\",\"contentUrl\":\"https:\\\/\\\/lospoliticosveracruz.com\\\/wp-content\\\/uploads\\\/2024\\\/03\\\/Jose-Luis-Ortega-Vidal.jpg\",\"width\":1250,\"height\":667},{\"@type\":\"BreadcrumbList\",\"@id\":\"https:\\\/\\\/lospoliticosveracruz.com\\\/?p=134185#breadcrumb\",\"itemListElement\":[{\"@type\":\"ListItem\",\"position\":1,\"name\":\"Portada\",\"item\":\"https:\\\/\\\/lospoliticosveracruz.com\\\/\"},{\"@type\":\"ListItem\",\"position\":2,\"name\":\"M\u00cdDETE EN ACAYUCAN\u2026\"}]},{\"@type\":\"WebSite\",\"@id\":\"https:\\\/\\\/lospoliticosveracruz.com\\\/#website\",\"url\":\"https:\\\/\\\/lospoliticosveracruz.com\\\/\",\"name\":\"Los pol\u00edticos Veracruz\",\"description\":\"\",\"publisher\":{\"@id\":\"https:\\\/\\\/lospoliticosveracruz.com\\\/#organization\"},\"potentialAction\":[{\"@type\":\"SearchAction\",\"target\":{\"@type\":\"EntryPoint\",\"urlTemplate\":\"https:\\\/\\\/lospoliticosveracruz.com\\\/?s={search_term_string}\"},\"query-input\":{\"@type\":\"PropertyValueSpecification\",\"valueRequired\":true,\"valueName\":\"search_term_string\"}}],\"inLanguage\":\"es\"},{\"@type\":\"Organization\",\"@id\":\"https:\\\/\\\/lospoliticosveracruz.com\\\/#organization\",\"name\":\"Los pol\u00edticos Veracruz\",\"url\":\"https:\\\/\\\/lospoliticosveracruz.com\\\/\",\"logo\":{\"@type\":\"ImageObject\",\"inLanguage\":\"es\",\"@id\":\"https:\\\/\\\/lospoliticosveracruz.com\\\/#\\\/schema\\\/logo\\\/image\\\/\",\"url\":\"https:\\\/\\\/lospoliticosveracruz.com\\\/wp-content\\\/uploads\\\/2025\\\/12\\\/Logo-Nuevo-LOS-POLITICOS-1.jpg\",\"contentUrl\":\"https:\\\/\\\/lospoliticosveracruz.com\\\/wp-content\\\/uploads\\\/2025\\\/12\\\/Logo-Nuevo-LOS-POLITICOS-1.jpg\",\"width\":260,\"height\":70,\"caption\":\"Los pol\u00edticos Veracruz\"},\"image\":{\"@id\":\"https:\\\/\\\/lospoliticosveracruz.com\\\/#\\\/schema\\\/logo\\\/image\\\/\"},\"sameAs\":[\"https:\\\/\\\/www.facebook.com\\\/people\\\/Notimemes-de-los-Polticos\\\/61565672886568\\\/\",\"https:\\\/\\\/x.com\\\/LosPoliticosVer\"]},{\"@type\":\"Person\",\"@id\":\"https:\\\/\\\/lospoliticosveracruz.com\\\/#\\\/schema\\\/person\\\/b8702bb0e538456e6efd07080bf2a4a2\",\"name\":\"Lo viste en Los Pol\u00edticos\",\"image\":{\"@type\":\"ImageObject\",\"inLanguage\":\"es\",\"@id\":\"https:\\\/\\\/secure.gravatar.com\\\/avatar\\\/3a8de04a2656d44082be478bd6c086daa447c4651605818287b9532d3d0bd435?s=96&d=mm&r=g\",\"url\":\"https:\\\/\\\/secure.gravatar.com\\\/avatar\\\/3a8de04a2656d44082be478bd6c086daa447c4651605818287b9532d3d0bd435?s=96&d=mm&r=g\",\"contentUrl\":\"https:\\\/\\\/secure.gravatar.com\\\/avatar\\\/3a8de04a2656d44082be478bd6c086daa447c4651605818287b9532d3d0bd435?s=96&d=mm&r=g\",\"caption\":\"Lo viste en Los Pol\u00edticos\"},\"url\":\"https:\\\/\\\/lospoliticosveracruz.com\\\/?author=2\"}]}<\/script>\n<!-- \/ Yoast SEO plugin. -->","yoast_head_json":{"title":"M\u00cdDETE EN ACAYUCAN\u2026 - Los pol\u00edticos Veracruz","robots":{"index":"index","follow":"follow","max-snippet":"max-snippet:-1","max-image-preview":"max-image-preview:large","max-video-preview":"max-video-preview:-1"},"canonical":"https:\/\/lospoliticosveracruz.com\/?p=134185","og_locale":"es_ES","og_type":"article","og_title":"M\u00cdDETE EN ACAYUCAN\u2026 - Los pol\u00edticos Veracruz","og_description":"[S\u00edguenos ahora tambi\u00e9n en WhatsApp.\u00a0Da clic aqu\u00ed] Jos\u00e9 Luis Ortega Vidal Claroscuros (1)Lo cuentan en los c\u00edrculos pol\u00edticos de Xalapa, la capital y centro neur\u00e1lgico del poder en Veracruz: Fredy Ayala Gonz\u00e1lez dialog\u00f3 personalmente con Roc\u00edo Nahle Garc\u00eda, la gobernadora empe\u00f1ada en mostrar d\u00eda con d\u00eda el peso de su mano en el ejercicio de [&hellip;]","og_url":"https:\/\/lospoliticosveracruz.com\/?p=134185","og_site_name":"Los pol\u00edticos Veracruz","article_publisher":"https:\/\/www.facebook.com\/people\/Notimemes-de-los-Polticos\/61565672886568\/","article_published_time":"2024-12-16T11:36:53+00:00","article_modified_time":"2024-12-16T11:37:18+00:00","og_image":[{"width":1250,"height":667,"url":"https:\/\/lospoliticosveracruz.com\/wp-content\/uploads\/2024\/03\/Jose-Luis-Ortega-Vidal.jpg","type":"image\/jpeg"}],"author":"Lo viste en Los Pol\u00edticos","twitter_card":"summary_large_image","twitter_creator":"@LosPoliticosVer","twitter_site":"@LosPoliticosVer","twitter_misc":{"Escrito por":"Lo viste en Los Pol\u00edticos","Tiempo de lectura":"5 minutos"},"schema":{"@context":"https:\/\/schema.org","@graph":[{"@type":"Article","@id":"https:\/\/lospoliticosveracruz.com\/?p=134185#article","isPartOf":{"@id":"https:\/\/lospoliticosveracruz.com\/?p=134185"},"author":{"name":"Lo viste en Los Pol\u00edticos","@id":"https:\/\/lospoliticosveracruz.com\/#\/schema\/person\/b8702bb0e538456e6efd07080bf2a4a2"},"headline":"M\u00cdDETE EN ACAYUCAN\u2026","datePublished":"2024-12-16T11:36:53+00:00","dateModified":"2024-12-16T11:37:18+00:00","mainEntityOfPage":{"@id":"https:\/\/lospoliticosveracruz.com\/?p=134185"},"wordCount":1059,"publisher":{"@id":"https:\/\/lospoliticosveracruz.com\/#organization"},"image":{"@id":"https:\/\/lospoliticosveracruz.com\/?p=134185#primaryimage"},"thumbnailUrl":"https:\/\/lospoliticosveracruz.com\/wp-content\/uploads\/2024\/03\/Jose-Luis-Ortega-Vidal.jpg","keywords":["Acayucan","Fredy Atala","Morena","Roc\u00edo Nahle","Sayula de Alem\u00e1n","Veracruz"],"articleSection":["De Opini\u00f3n"],"inLanguage":"es"},{"@type":"WebPage","@id":"https:\/\/lospoliticosveracruz.com\/?p=134185","url":"https:\/\/lospoliticosveracruz.com\/?p=134185","name":"M\u00cdDETE EN ACAYUCAN\u2026 - Los pol\u00edticos Veracruz","isPartOf":{"@id":"https:\/\/lospoliticosveracruz.com\/#website"},"primaryImageOfPage":{"@id":"https:\/\/lospoliticosveracruz.com\/?p=134185#primaryimage"},"image":{"@id":"https:\/\/lospoliticosveracruz.com\/?p=134185#primaryimage"},"thumbnailUrl":"https:\/\/lospoliticosveracruz.com\/wp-content\/uploads\/2024\/03\/Jose-Luis-Ortega-Vidal.jpg","datePublished":"2024-12-16T11:36:53+00:00","dateModified":"2024-12-16T11:37:18+00:00","breadcrumb":{"@id":"https:\/\/lospoliticosveracruz.com\/?p=134185#breadcrumb"},"inLanguage":"es","potentialAction":[{"@type":"ReadAction","target":["https:\/\/lospoliticosveracruz.com\/?p=134185"]}]},{"@type":"ImageObject","inLanguage":"es","@id":"https:\/\/lospoliticosveracruz.com\/?p=134185#primaryimage","url":"https:\/\/lospoliticosveracruz.com\/wp-content\/uploads\/2024\/03\/Jose-Luis-Ortega-Vidal.jpg","contentUrl":"https:\/\/lospoliticosveracruz.com\/wp-content\/uploads\/2024\/03\/Jose-Luis-Ortega-Vidal.jpg","width":1250,"height":667},{"@type":"BreadcrumbList","@id":"https:\/\/lospoliticosveracruz.com\/?p=134185#breadcrumb","itemListElement":[{"@type":"ListItem","position":1,"name":"Portada","item":"https:\/\/lospoliticosveracruz.com\/"},{"@type":"ListItem","position":2,"name":"M\u00cdDETE EN ACAYUCAN\u2026"}]},{"@type":"WebSite","@id":"https:\/\/lospoliticosveracruz.com\/#website","url":"https:\/\/lospoliticosveracruz.com\/","name":"Los pol\u00edticos Veracruz","description":"","publisher":{"@id":"https:\/\/lospoliticosveracruz.com\/#organization"},"potentialAction":[{"@type":"SearchAction","target":{"@type":"EntryPoint","urlTemplate":"https:\/\/lospoliticosveracruz.com\/?s={search_term_string}"},"query-input":{"@type":"PropertyValueSpecification","valueRequired":true,"valueName":"search_term_string"}}],"inLanguage":"es"},{"@type":"Organization","@id":"https:\/\/lospoliticosveracruz.com\/#organization","name":"Los pol\u00edticos Veracruz","url":"https:\/\/lospoliticosveracruz.com\/","logo":{"@type":"ImageObject","inLanguage":"es","@id":"https:\/\/lospoliticosveracruz.com\/#\/schema\/logo\/image\/","url":"https:\/\/lospoliticosveracruz.com\/wp-content\/uploads\/2025\/12\/Logo-Nuevo-LOS-POLITICOS-1.jpg","contentUrl":"https:\/\/lospoliticosveracruz.com\/wp-content\/uploads\/2025\/12\/Logo-Nuevo-LOS-POLITICOS-1.jpg","width":260,"height":70,"caption":"Los pol\u00edticos Veracruz"},"image":{"@id":"https:\/\/lospoliticosveracruz.com\/#\/schema\/logo\/image\/"},"sameAs":["https:\/\/www.facebook.com\/people\/Notimemes-de-los-Polticos\/61565672886568\/","https:\/\/x.com\/LosPoliticosVer"]},{"@type":"Person","@id":"https:\/\/lospoliticosveracruz.com\/#\/schema\/person\/b8702bb0e538456e6efd07080bf2a4a2","name":"Lo viste en Los Pol\u00edticos","image":{"@type":"ImageObject","inLanguage":"es","@id":"https:\/\/secure.gravatar.com\/avatar\/3a8de04a2656d44082be478bd6c086daa447c4651605818287b9532d3d0bd435?s=96&d=mm&r=g","url":"https:\/\/secure.gravatar.com\/avatar\/3a8de04a2656d44082be478bd6c086daa447c4651605818287b9532d3d0bd435?s=96&d=mm&r=g","contentUrl":"https:\/\/secure.gravatar.com\/avatar\/3a8de04a2656d44082be478bd6c086daa447c4651605818287b9532d3d0bd435?s=96&d=mm&r=g","caption":"Lo viste en Los Pol\u00edticos"},"url":"https:\/\/lospoliticosveracruz.com\/?author=2"}]}},"_links":{"self":[{"href":"https:\/\/lospoliticosveracruz.com\/index.php?rest_route=\/wp\/v2\/posts\/134185","targetHints":{"allow":["GET"]}}],"collection":[{"href":"https:\/\/lospoliticosveracruz.com\/index.php?rest_route=\/wp\/v2\/posts"}],"about":[{"href":"https:\/\/lospoliticosveracruz.com\/index.php?rest_route=\/wp\/v2\/types\/post"}],"author":[{"embeddable":true,"href":"https:\/\/lospoliticosveracruz.com\/index.php?rest_route=\/wp\/v2\/users\/2"}],"replies":[{"embeddable":true,"href":"https:\/\/lospoliticosveracruz.com\/index.php?rest_route=%2Fwp%2Fv2%2Fcomments&post=134185"}],"version-history":[{"count":1,"href":"https:\/\/lospoliticosveracruz.com\/index.php?rest_route=\/wp\/v2\/posts\/134185\/revisions"}],"predecessor-version":[{"id":134187,"href":"https:\/\/lospoliticosveracruz.com\/index.php?rest_route=\/wp\/v2\/posts\/134185\/revisions\/134187"}],"wp:featuredmedia":[{"embeddable":true,"href":"https:\/\/lospoliticosveracruz.com\/index.php?rest_route=\/wp\/v2\/media\/119931"}],"wp:attachment":[{"href":"https:\/\/lospoliticosveracruz.com\/index.php?rest_route=%2Fwp%2Fv2%2Fmedia&parent=134185"}],"wp:term":[{"taxonomy":"category","embeddable":true,"href":"https:\/\/lospoliticosveracruz.com\/index.php?rest_route=%2Fwp%2Fv2%2Fcategories&post=134185"},{"taxonomy":"post_tag","embeddable":true,"href":"https:\/\/lospoliticosveracruz.com\/index.php?rest_route=%2Fwp%2Fv2%2Ftags&post=134185"}],"curies":[{"name":"wp","href":"https:\/\/api.w.org\/{rel}","templated":true}]}}