{"id":134281,"date":"2024-12-17T06:46:41","date_gmt":"2024-12-17T12:46:41","guid":{"rendered":"https:\/\/lospoliticosveracruz.com.mx\/?p=134281"},"modified":"2024-12-17T08:02:30","modified_gmt":"2024-12-17T14:02:30","slug":"llamado-no-ataque","status":"publish","type":"post","link":"https:\/\/lospoliticosveracruz.com\/?p=134281","title":{"rendered":"LLAMADO, NO ATAQUE"},"content":{"rendered":"\n<p>[S\u00edguenos ahora tambi\u00e9n en WhatsApp.\u00a0<a href=\"https:\/\/whatsapp.com\/channel\/0029Va8zRWlEKyZIP3Z1dF0e\"><strong><em>Da clic aqu\u00ed<\/em><\/strong><\/a>]<br><\/p>\n\n\n\n<p><strong>Fanny Y\u00e9pez<\/strong><\/p>\n\n\n\n<p><em>La Columna<\/em><br><\/p>\n\n\n\n<p>En v\u00edsperas de la navidad cuando en la gran mayor\u00eda de la poblaci\u00f3n aflora los sentimientos m\u00e1s positivos, cuando todos deseamos que reine la calma y la tranquilidad, la Iglesia cat\u00f3lica hizo un llamado a la paz y aclaro que su aclamado a la paz no es un ataque a grupos pol\u00edticos ni a funcionarios en espec\u00edfico, sino un exhorto a la sociedad en general. Explic\u00f3 que, en esta temporada, las posadas son un camino de esperanza, un anhelo de paz, reconciliaci\u00f3n y unidad.<\/p>\n\n\n<div class=\"wp-block-image\">\n<figure class=\"alignleft size-medium\"><a href=\"https:\/\/lospoliticosveracruz.com.mx\/wp-content\/uploads\/2021\/10\/Zacauilt.jpg\"><img decoding=\"async\" src=\"https:\/\/lospoliticosveracruz.com.mx\/wp-content\/uploads\/2021\/10\/Zacauilt-150x300.jpg\" alt=\"\" class=\"wp-image-80558\"\/><\/a><\/figure>\n<\/div>\n\n\n<p><br>\u201cSe equivocan quienes aseguran que este llamado que la Iglesia ha hecho de manera continua es un posicionamiento para atacar a un grupo pol\u00edtico o a ciertos funcionarios. Este es un llamado a toda la sociedad para que juntos, en di\u00e1logo, construyamos un futuro mejor para nuestro pa\u00eds\u201d, se\u00f1al\u00f3.<br>Hay que reconocer que la Iglesia Cat\u00f3lica ha tenido y sigue teniendo un poder pol\u00edtico considerable en la historia, y en la actualidad sigue siendo un actor importante en la sociedad. Los prelados saben que la mejor herramienta persuasiva es la religi\u00f3n y por ello varios purpurados en ocasiones lanzan mensajes incendiarios desde el pulpito. Esto ocurre en \u00e9pocas electorales.<br>Pero en esta ocasi\u00f3n coincidimos con la postura de la iglesia cat\u00f3lica en demandar paz y tranquilidad. No queremos vivir en la zozobra y en la intranquilidad, ya no queremos leer en las redes sociales llamados en la b\u00fasqueda de personas desaparecidas, ya no queremos balaceras, ya no queremos saber de secuestros y extorsiones y otros delitos. Ya no queremos tanto dolor y sufrimiento.<br>Pero retomando la postura de la iglesia cat\u00f3lica, esta instituci\u00f3n se dijo convencida que la buena pol\u00edtica, es aquella que prioriza la defensa de la vida y la dignidad humana, est\u00e1 al servicio de la paz, y que, para los cristianos, trabajar por la paz, es el centro de la misi\u00f3n a la que son llamados.<br>\u201cNo cesaremos en nuestro llamado para que este tiempo, marcado por la violencia, las dificultades y las divisiones, sea tambi\u00e9n el tiempo en que volvamos a hacer del camino hacia la Navidad una oportunidad para reunirnos en familia o como vecinos, buscando superar las diferencias suscitadas al interior de nuestros hogares o en nuestros c\u00edrculos m\u00e1s cercanos\u201d, agreg\u00f3.<br>A trav\u00e9s de la editorial semanal \u201cDesde la fe\u201d, la Iglesia reiter\u00f3 que la paz empieza en nosotros mismos, y se construye d\u00eda a d\u00eda. \u201cQueremos una paz s\u00f3lida y duradera. Queremos un M\u00e9xico en el que cese la violencia\u201d, dijo.<br>Regresando al poder de la persuasi\u00f3n que han desempe\u00f1ado los l\u00edderes religiosos hay que hacer notar que han desempe\u00f1ado un papel fundamental en la pol\u00edtica desde tiempos inmemoriales. Los l\u00edderes pol\u00edticos han recurrido a diversas estrategias para convencer a las masas y obtener su apoyo. Uno de los enfoques m\u00e1s interesantes y efectivos ha sido el uso del liderazgo religioso como herramienta persuasiva.<br>La religi\u00f3n ha sido una parte integral de la sociedad durante siglos y ha sido utilizada para influir en las opiniones y acciones de las personas. Los l\u00edderes religiosos, con su autoridad moral y espiritual, han adquirido la capacidad de persuadir y movilizar a grandes audiencias. Esta influencia se ha trasladado a la esfera pol\u00edtica, donde los l\u00edderes han utilizado estrategias similares para cautivar a sus seguidores.<br>El papel del liderazgo religioso en la pol\u00edtica<br>Los l\u00edderes religiosos tambi\u00e9n tienen una gran influencia sobre sus seguidores debido a su autoridad moral y espiritual. Sus palabras y acciones son consideradas como gu\u00edas \u00e9ticas, lo que los convierte en figuras respetadas y admiradas. Al asociarse con l\u00edderes religiosos, los pol\u00edticos pueden transmitir un mensaje de integridad y valores, lo que les ayuda a ganar la confianza de la audiencia.<br>Adem\u00e1s, los l\u00edderes religiosos a menudo est\u00e1n en contacto directo con las necesidades y preocupaciones de la comunidad. Esto les brinda informaci\u00f3n valiosa sobre los problemas que afectan a la sociedad y les permite abordar estas preocupaciones en su discurso pol\u00edtico. Al mostrar empat\u00eda y ofrecer soluciones basadas en la \u00e9tica y la moral, los l\u00edderes pol\u00edticos pueden persuadir a sus seguidores de que son la mejor opci\u00f3n para representar sus intereses.<br>Ejemplos de liderazgo religioso en la pol\u00edtica<br>A lo largo de la historia, ha habido numerosos ejemplos de l\u00edderes pol\u00edticos que han utilizado el liderazgo religioso como una estrategia persuasiva efectiva. Un caso destacado es el de Mahatma Gandhi en India. Gandhi era un l\u00edder religioso y pol\u00edtico que lider\u00f3 la lucha por la independencia de India utilizando principios de no violencia y resistencia pac\u00edfica, fundamentados en sus creencias religiosas.<br>Otro ejemplo es el de Martin Luther King Jr. en Estados Unidos. King, un destacado l\u00edder religioso y activista por los derechos civiles, utiliz\u00f3 la ret\u00f3rica religiosa para movilizar a la sociedad y promover el fin de la segregaci\u00f3n racial. Sus discursos, basados en los valores cristianos de igualdad y justicia, resonaron en la conciencia colectiva y ayudaron a generar cambios significativos en el pa\u00eds.<\/p>\n","protected":false},"excerpt":{"rendered":"<p>[S\u00edguenos ahora tambi\u00e9n en WhatsApp.\u00a0Da clic aqu\u00ed] Fanny Y\u00e9pez La Columna En v\u00edsperas de la navidad cuando en la gran mayor\u00eda de la poblaci\u00f3n aflora los sentimientos m\u00e1s positivos, cuando todos deseamos que reine la calma y la tranquilidad, la Iglesia cat\u00f3lica hizo un llamado a la paz y aclaro que su aclamado a la [&hellip;]<\/p>\n","protected":false},"author":2,"featured_media":126076,"comment_status":"closed","ping_status":"closed","sticky":false,"template":"","format":"standard","meta":{"tdm_status":"","tdm_grid_status":"","footnotes":""},"categories":[70],"tags":[3055,195],"class_list":{"0":"post-134281","1":"post","2":"type-post","3":"status-publish","4":"format-standard","5":"has-post-thumbnail","7":"category-de-opinion","8":"tag-iglesia-catolica","9":"tag-veracruz"},"yoast_head":"<!-- This site is optimized with the Yoast SEO plugin v27.4 - https:\/\/yoast.com\/product\/yoast-seo-wordpress\/ -->\n<title>LLAMADO, NO ATAQUE - Los pol\u00edticos Veracruz<\/title>\n<meta name=\"robots\" content=\"index, follow, max-snippet:-1, max-image-preview:large, max-video-preview:-1\" \/>\n<link rel=\"canonical\" href=\"https:\/\/lospoliticosveracruz.com\/?p=134281\" \/>\n<meta property=\"og:locale\" content=\"es_ES\" \/>\n<meta property=\"og:type\" content=\"article\" \/>\n<meta property=\"og:title\" content=\"LLAMADO, NO ATAQUE - Los pol\u00edticos Veracruz\" \/>\n<meta property=\"og:description\" content=\"[S\u00edguenos ahora tambi\u00e9n en WhatsApp.\u00a0Da clic aqu\u00ed] Fanny Y\u00e9pez La Columna En v\u00edsperas de la navidad cuando en la gran mayor\u00eda de la poblaci\u00f3n aflora los sentimientos m\u00e1s positivos, cuando todos deseamos que reine la calma y la tranquilidad, la Iglesia cat\u00f3lica hizo un llamado a la paz y aclaro que su aclamado a la [&hellip;]\" \/>\n<meta property=\"og:url\" content=\"https:\/\/lospoliticosveracruz.com\/?p=134281\" \/>\n<meta property=\"og:site_name\" content=\"Los pol\u00edticos Veracruz\" \/>\n<meta property=\"article:publisher\" content=\"https:\/\/www.facebook.com\/people\/Notimemes-de-los-Polticos\/61565672886568\/\" \/>\n<meta property=\"article:published_time\" content=\"2024-12-17T12:46:41+00:00\" \/>\n<meta property=\"article:modified_time\" content=\"2024-12-17T14:02:30+00:00\" \/>\n<meta property=\"og:image\" content=\"https:\/\/lospoliticosveracruz.com\/wp-content\/uploads\/2024\/06\/Fanny-Yepez.jpg\" \/>\n\t<meta property=\"og:image:width\" content=\"1250\" \/>\n\t<meta property=\"og:image:height\" content=\"667\" \/>\n\t<meta property=\"og:image:type\" content=\"image\/jpeg\" \/>\n<meta name=\"author\" content=\"Lo viste en Los Pol\u00edticos\" \/>\n<meta name=\"twitter:card\" content=\"summary_large_image\" \/>\n<meta name=\"twitter:creator\" content=\"@LosPoliticosVer\" \/>\n<meta name=\"twitter:site\" content=\"@LosPoliticosVer\" \/>\n<meta name=\"twitter:label1\" content=\"Escrito por\" \/>\n\t<meta name=\"twitter:data1\" content=\"Lo viste en Los Pol\u00edticos\" \/>\n\t<meta name=\"twitter:label2\" content=\"Tiempo de lectura\" \/>\n\t<meta name=\"twitter:data2\" content=\"4 minutos\" \/>\n<script type=\"application\/ld+json\" class=\"yoast-schema-graph\">{\"@context\":\"https:\\\/\\\/schema.org\",\"@graph\":[{\"@type\":\"Article\",\"@id\":\"https:\\\/\\\/lospoliticosveracruz.com\\\/?p=134281#article\",\"isPartOf\":{\"@id\":\"https:\\\/\\\/lospoliticosveracruz.com\\\/?p=134281\"},\"author\":{\"name\":\"Lo viste en Los Pol\u00edticos\",\"@id\":\"https:\\\/\\\/lospoliticosveracruz.com\\\/#\\\/schema\\\/person\\\/b8702bb0e538456e6efd07080bf2a4a2\"},\"headline\":\"LLAMADO, NO ATAQUE\",\"datePublished\":\"2024-12-17T12:46:41+00:00\",\"dateModified\":\"2024-12-17T14:02:30+00:00\",\"mainEntityOfPage\":{\"@id\":\"https:\\\/\\\/lospoliticosveracruz.com\\\/?p=134281\"},\"wordCount\":902,\"publisher\":{\"@id\":\"https:\\\/\\\/lospoliticosveracruz.com\\\/#organization\"},\"image\":{\"@id\":\"https:\\\/\\\/lospoliticosveracruz.com\\\/?p=134281#primaryimage\"},\"thumbnailUrl\":\"https:\\\/\\\/lospoliticosveracruz.com\\\/wp-content\\\/uploads\\\/2024\\\/06\\\/Fanny-Yepez.jpg\",\"keywords\":[\"Iglesia Cat\u00f3lica\",\"Veracruz\"],\"articleSection\":[\"De Opini\u00f3n\"],\"inLanguage\":\"es\"},{\"@type\":\"WebPage\",\"@id\":\"https:\\\/\\\/lospoliticosveracruz.com\\\/?p=134281\",\"url\":\"https:\\\/\\\/lospoliticosveracruz.com\\\/?p=134281\",\"name\":\"LLAMADO, NO ATAQUE - Los pol\u00edticos Veracruz\",\"isPartOf\":{\"@id\":\"https:\\\/\\\/lospoliticosveracruz.com\\\/#website\"},\"primaryImageOfPage\":{\"@id\":\"https:\\\/\\\/lospoliticosveracruz.com\\\/?p=134281#primaryimage\"},\"image\":{\"@id\":\"https:\\\/\\\/lospoliticosveracruz.com\\\/?p=134281#primaryimage\"},\"thumbnailUrl\":\"https:\\\/\\\/lospoliticosveracruz.com\\\/wp-content\\\/uploads\\\/2024\\\/06\\\/Fanny-Yepez.jpg\",\"datePublished\":\"2024-12-17T12:46:41+00:00\",\"dateModified\":\"2024-12-17T14:02:30+00:00\",\"breadcrumb\":{\"@id\":\"https:\\\/\\\/lospoliticosveracruz.com\\\/?p=134281#breadcrumb\"},\"inLanguage\":\"es\",\"potentialAction\":[{\"@type\":\"ReadAction\",\"target\":[\"https:\\\/\\\/lospoliticosveracruz.com\\\/?p=134281\"]}]},{\"@type\":\"ImageObject\",\"inLanguage\":\"es\",\"@id\":\"https:\\\/\\\/lospoliticosveracruz.com\\\/?p=134281#primaryimage\",\"url\":\"https:\\\/\\\/lospoliticosveracruz.com\\\/wp-content\\\/uploads\\\/2024\\\/06\\\/Fanny-Yepez.jpg\",\"contentUrl\":\"https:\\\/\\\/lospoliticosveracruz.com\\\/wp-content\\\/uploads\\\/2024\\\/06\\\/Fanny-Yepez.jpg\",\"width\":1250,\"height\":667},{\"@type\":\"BreadcrumbList\",\"@id\":\"https:\\\/\\\/lospoliticosveracruz.com\\\/?p=134281#breadcrumb\",\"itemListElement\":[{\"@type\":\"ListItem\",\"position\":1,\"name\":\"Portada\",\"item\":\"https:\\\/\\\/lospoliticosveracruz.com\\\/\"},{\"@type\":\"ListItem\",\"position\":2,\"name\":\"LLAMADO, NO ATAQUE\"}]},{\"@type\":\"WebSite\",\"@id\":\"https:\\\/\\\/lospoliticosveracruz.com\\\/#website\",\"url\":\"https:\\\/\\\/lospoliticosveracruz.com\\\/\",\"name\":\"Los pol\u00edticos Veracruz\",\"description\":\"\",\"publisher\":{\"@id\":\"https:\\\/\\\/lospoliticosveracruz.com\\\/#organization\"},\"potentialAction\":[{\"@type\":\"SearchAction\",\"target\":{\"@type\":\"EntryPoint\",\"urlTemplate\":\"https:\\\/\\\/lospoliticosveracruz.com\\\/?s={search_term_string}\"},\"query-input\":{\"@type\":\"PropertyValueSpecification\",\"valueRequired\":true,\"valueName\":\"search_term_string\"}}],\"inLanguage\":\"es\"},{\"@type\":\"Organization\",\"@id\":\"https:\\\/\\\/lospoliticosveracruz.com\\\/#organization\",\"name\":\"Los pol\u00edticos Veracruz\",\"url\":\"https:\\\/\\\/lospoliticosveracruz.com\\\/\",\"logo\":{\"@type\":\"ImageObject\",\"inLanguage\":\"es\",\"@id\":\"https:\\\/\\\/lospoliticosveracruz.com\\\/#\\\/schema\\\/logo\\\/image\\\/\",\"url\":\"https:\\\/\\\/lospoliticosveracruz.com\\\/wp-content\\\/uploads\\\/2025\\\/12\\\/Logo-Nuevo-LOS-POLITICOS-1.jpg\",\"contentUrl\":\"https:\\\/\\\/lospoliticosveracruz.com\\\/wp-content\\\/uploads\\\/2025\\\/12\\\/Logo-Nuevo-LOS-POLITICOS-1.jpg\",\"width\":260,\"height\":70,\"caption\":\"Los pol\u00edticos Veracruz\"},\"image\":{\"@id\":\"https:\\\/\\\/lospoliticosveracruz.com\\\/#\\\/schema\\\/logo\\\/image\\\/\"},\"sameAs\":[\"https:\\\/\\\/www.facebook.com\\\/people\\\/Notimemes-de-los-Polticos\\\/61565672886568\\\/\",\"https:\\\/\\\/x.com\\\/LosPoliticosVer\"]},{\"@type\":\"Person\",\"@id\":\"https:\\\/\\\/lospoliticosveracruz.com\\\/#\\\/schema\\\/person\\\/b8702bb0e538456e6efd07080bf2a4a2\",\"name\":\"Lo viste en Los Pol\u00edticos\",\"image\":{\"@type\":\"ImageObject\",\"inLanguage\":\"es\",\"@id\":\"https:\\\/\\\/secure.gravatar.com\\\/avatar\\\/3a8de04a2656d44082be478bd6c086daa447c4651605818287b9532d3d0bd435?s=96&d=mm&r=g\",\"url\":\"https:\\\/\\\/secure.gravatar.com\\\/avatar\\\/3a8de04a2656d44082be478bd6c086daa447c4651605818287b9532d3d0bd435?s=96&d=mm&r=g\",\"contentUrl\":\"https:\\\/\\\/secure.gravatar.com\\\/avatar\\\/3a8de04a2656d44082be478bd6c086daa447c4651605818287b9532d3d0bd435?s=96&d=mm&r=g\",\"caption\":\"Lo viste en Los Pol\u00edticos\"},\"url\":\"https:\\\/\\\/lospoliticosveracruz.com\\\/?author=2\"}]}<\/script>\n<!-- \/ Yoast SEO plugin. -->","yoast_head_json":{"title":"LLAMADO, NO ATAQUE - Los pol\u00edticos Veracruz","robots":{"index":"index","follow":"follow","max-snippet":"max-snippet:-1","max-image-preview":"max-image-preview:large","max-video-preview":"max-video-preview:-1"},"canonical":"https:\/\/lospoliticosveracruz.com\/?p=134281","og_locale":"es_ES","og_type":"article","og_title":"LLAMADO, NO ATAQUE - Los pol\u00edticos Veracruz","og_description":"[S\u00edguenos ahora tambi\u00e9n en WhatsApp.\u00a0Da clic aqu\u00ed] Fanny Y\u00e9pez La Columna En v\u00edsperas de la navidad cuando en la gran mayor\u00eda de la poblaci\u00f3n aflora los sentimientos m\u00e1s positivos, cuando todos deseamos que reine la calma y la tranquilidad, la Iglesia cat\u00f3lica hizo un llamado a la paz y aclaro que su aclamado a la [&hellip;]","og_url":"https:\/\/lospoliticosveracruz.com\/?p=134281","og_site_name":"Los pol\u00edticos Veracruz","article_publisher":"https:\/\/www.facebook.com\/people\/Notimemes-de-los-Polticos\/61565672886568\/","article_published_time":"2024-12-17T12:46:41+00:00","article_modified_time":"2024-12-17T14:02:30+00:00","og_image":[{"width":1250,"height":667,"url":"https:\/\/lospoliticosveracruz.com\/wp-content\/uploads\/2024\/06\/Fanny-Yepez.jpg","type":"image\/jpeg"}],"author":"Lo viste en Los Pol\u00edticos","twitter_card":"summary_large_image","twitter_creator":"@LosPoliticosVer","twitter_site":"@LosPoliticosVer","twitter_misc":{"Escrito por":"Lo viste en Los Pol\u00edticos","Tiempo de lectura":"4 minutos"},"schema":{"@context":"https:\/\/schema.org","@graph":[{"@type":"Article","@id":"https:\/\/lospoliticosveracruz.com\/?p=134281#article","isPartOf":{"@id":"https:\/\/lospoliticosveracruz.com\/?p=134281"},"author":{"name":"Lo viste en Los Pol\u00edticos","@id":"https:\/\/lospoliticosveracruz.com\/#\/schema\/person\/b8702bb0e538456e6efd07080bf2a4a2"},"headline":"LLAMADO, NO ATAQUE","datePublished":"2024-12-17T12:46:41+00:00","dateModified":"2024-12-17T14:02:30+00:00","mainEntityOfPage":{"@id":"https:\/\/lospoliticosveracruz.com\/?p=134281"},"wordCount":902,"publisher":{"@id":"https:\/\/lospoliticosveracruz.com\/#organization"},"image":{"@id":"https:\/\/lospoliticosveracruz.com\/?p=134281#primaryimage"},"thumbnailUrl":"https:\/\/lospoliticosveracruz.com\/wp-content\/uploads\/2024\/06\/Fanny-Yepez.jpg","keywords":["Iglesia Cat\u00f3lica","Veracruz"],"articleSection":["De Opini\u00f3n"],"inLanguage":"es"},{"@type":"WebPage","@id":"https:\/\/lospoliticosveracruz.com\/?p=134281","url":"https:\/\/lospoliticosveracruz.com\/?p=134281","name":"LLAMADO, NO ATAQUE - Los pol\u00edticos Veracruz","isPartOf":{"@id":"https:\/\/lospoliticosveracruz.com\/#website"},"primaryImageOfPage":{"@id":"https:\/\/lospoliticosveracruz.com\/?p=134281#primaryimage"},"image":{"@id":"https:\/\/lospoliticosveracruz.com\/?p=134281#primaryimage"},"thumbnailUrl":"https:\/\/lospoliticosveracruz.com\/wp-content\/uploads\/2024\/06\/Fanny-Yepez.jpg","datePublished":"2024-12-17T12:46:41+00:00","dateModified":"2024-12-17T14:02:30+00:00","breadcrumb":{"@id":"https:\/\/lospoliticosveracruz.com\/?p=134281#breadcrumb"},"inLanguage":"es","potentialAction":[{"@type":"ReadAction","target":["https:\/\/lospoliticosveracruz.com\/?p=134281"]}]},{"@type":"ImageObject","inLanguage":"es","@id":"https:\/\/lospoliticosveracruz.com\/?p=134281#primaryimage","url":"https:\/\/lospoliticosveracruz.com\/wp-content\/uploads\/2024\/06\/Fanny-Yepez.jpg","contentUrl":"https:\/\/lospoliticosveracruz.com\/wp-content\/uploads\/2024\/06\/Fanny-Yepez.jpg","width":1250,"height":667},{"@type":"BreadcrumbList","@id":"https:\/\/lospoliticosveracruz.com\/?p=134281#breadcrumb","itemListElement":[{"@type":"ListItem","position":1,"name":"Portada","item":"https:\/\/lospoliticosveracruz.com\/"},{"@type":"ListItem","position":2,"name":"LLAMADO, NO ATAQUE"}]},{"@type":"WebSite","@id":"https:\/\/lospoliticosveracruz.com\/#website","url":"https:\/\/lospoliticosveracruz.com\/","name":"Los pol\u00edticos Veracruz","description":"","publisher":{"@id":"https:\/\/lospoliticosveracruz.com\/#organization"},"potentialAction":[{"@type":"SearchAction","target":{"@type":"EntryPoint","urlTemplate":"https:\/\/lospoliticosveracruz.com\/?s={search_term_string}"},"query-input":{"@type":"PropertyValueSpecification","valueRequired":true,"valueName":"search_term_string"}}],"inLanguage":"es"},{"@type":"Organization","@id":"https:\/\/lospoliticosveracruz.com\/#organization","name":"Los pol\u00edticos Veracruz","url":"https:\/\/lospoliticosveracruz.com\/","logo":{"@type":"ImageObject","inLanguage":"es","@id":"https:\/\/lospoliticosveracruz.com\/#\/schema\/logo\/image\/","url":"https:\/\/lospoliticosveracruz.com\/wp-content\/uploads\/2025\/12\/Logo-Nuevo-LOS-POLITICOS-1.jpg","contentUrl":"https:\/\/lospoliticosveracruz.com\/wp-content\/uploads\/2025\/12\/Logo-Nuevo-LOS-POLITICOS-1.jpg","width":260,"height":70,"caption":"Los pol\u00edticos Veracruz"},"image":{"@id":"https:\/\/lospoliticosveracruz.com\/#\/schema\/logo\/image\/"},"sameAs":["https:\/\/www.facebook.com\/people\/Notimemes-de-los-Polticos\/61565672886568\/","https:\/\/x.com\/LosPoliticosVer"]},{"@type":"Person","@id":"https:\/\/lospoliticosveracruz.com\/#\/schema\/person\/b8702bb0e538456e6efd07080bf2a4a2","name":"Lo viste en Los Pol\u00edticos","image":{"@type":"ImageObject","inLanguage":"es","@id":"https:\/\/secure.gravatar.com\/avatar\/3a8de04a2656d44082be478bd6c086daa447c4651605818287b9532d3d0bd435?s=96&d=mm&r=g","url":"https:\/\/secure.gravatar.com\/avatar\/3a8de04a2656d44082be478bd6c086daa447c4651605818287b9532d3d0bd435?s=96&d=mm&r=g","contentUrl":"https:\/\/secure.gravatar.com\/avatar\/3a8de04a2656d44082be478bd6c086daa447c4651605818287b9532d3d0bd435?s=96&d=mm&r=g","caption":"Lo viste en Los Pol\u00edticos"},"url":"https:\/\/lospoliticosveracruz.com\/?author=2"}]}},"_links":{"self":[{"href":"https:\/\/lospoliticosveracruz.com\/index.php?rest_route=\/wp\/v2\/posts\/134281","targetHints":{"allow":["GET"]}}],"collection":[{"href":"https:\/\/lospoliticosveracruz.com\/index.php?rest_route=\/wp\/v2\/posts"}],"about":[{"href":"https:\/\/lospoliticosveracruz.com\/index.php?rest_route=\/wp\/v2\/types\/post"}],"author":[{"embeddable":true,"href":"https:\/\/lospoliticosveracruz.com\/index.php?rest_route=\/wp\/v2\/users\/2"}],"replies":[{"embeddable":true,"href":"https:\/\/lospoliticosveracruz.com\/index.php?rest_route=%2Fwp%2Fv2%2Fcomments&post=134281"}],"version-history":[{"count":2,"href":"https:\/\/lospoliticosveracruz.com\/index.php?rest_route=\/wp\/v2\/posts\/134281\/revisions"}],"predecessor-version":[{"id":134291,"href":"https:\/\/lospoliticosveracruz.com\/index.php?rest_route=\/wp\/v2\/posts\/134281\/revisions\/134291"}],"wp:featuredmedia":[{"embeddable":true,"href":"https:\/\/lospoliticosveracruz.com\/index.php?rest_route=\/wp\/v2\/media\/126076"}],"wp:attachment":[{"href":"https:\/\/lospoliticosveracruz.com\/index.php?rest_route=%2Fwp%2Fv2%2Fmedia&parent=134281"}],"wp:term":[{"taxonomy":"category","embeddable":true,"href":"https:\/\/lospoliticosveracruz.com\/index.php?rest_route=%2Fwp%2Fv2%2Fcategories&post=134281"},{"taxonomy":"post_tag","embeddable":true,"href":"https:\/\/lospoliticosveracruz.com\/index.php?rest_route=%2Fwp%2Fv2%2Ftags&post=134281"}],"curies":[{"name":"wp","href":"https:\/\/api.w.org\/{rel}","templated":true}]}}