{"id":134329,"date":"2024-12-18T05:56:05","date_gmt":"2024-12-18T11:56:05","guid":{"rendered":"https:\/\/lospoliticosveracruz.com.mx\/?p=134329"},"modified":"2024-12-18T05:56:28","modified_gmt":"2024-12-18T11:56:28","slug":"la-limpia-del-pan","status":"publish","type":"post","link":"https:\/\/lospoliticosveracruz.com\/?p=134329","title":{"rendered":"LA \u00abLIMPIA\u00bb DEL PAN"},"content":{"rendered":"\n<p>[S\u00edguenos ahora tambi\u00e9n en WhatsApp.\u00a0<a href=\"https:\/\/whatsapp.com\/channel\/0029Va8zRWlEKyZIP3Z1dF0e\"><strong><em>Da clic aqu\u00ed<\/em><\/strong><\/a>]<br><strong>Ricardo Chua<\/strong><\/p>\n\n\n\n<p><em>Sale y Vale<\/em><\/p>\n\n\n\n<p>LA \u00abLIMPIA\u00bb DEL PAN EN VERACRUZ.. La Comisi\u00f3n Permanente del Consejo Estatal del PAN sesion\u00f3 hace menos de 10 d\u00edas, en secreto y ah\u00ed decidieron \u00abdesaparecer\u00bb un total de 7 secretar\u00edas del comit\u00e9 estatal, que no estaban funcionando y que s\u00f3lo las ten\u00edan para cubrir compromisos pol\u00edticos o \u00abcuotas\u00bb con grupos de poder dentro del panismo \u00abjarocho\u00bb.. Adem\u00e1s ya estaban contemplando hacer cambios de titulares de estas \u00e1reas, tal como lo hicieron hace algunas semanas con los consejeros estatales, que quitaron a muchos de la lista..<\/p>\n\n\n\n<p>Lo que es un hecho es que ya el PAN estatal hizo esa \u00ablimpia\u00bb y ya bajaron algunos secretarios que hasta esta quincena de diciembre fue la \u00faltima que cobraron.. Quitaron posiciones al por mayor.. Esos fueron los cambios que hicieron ya de manera formal.. Pero nos cuenta \u00abGarganta Profunda\u00bb que otros casos que se trataron en la sesi\u00f3n fueron los supuestos pagos de los laudos que deb\u00edan a sus ex trabajadores que demandaron.. Y el l\u00edder estatal del PAN, Federico Salom\u00f3n dijo que eran 21 millones de pesos que se ten\u00edan que pagar..<\/p>\n\n\n\n<p>Apenas pronunci\u00f3 la cifra.. El ex alcalde de Tuxpan y ex l\u00edder estatal del PAN, Jos\u00e9 Mancha Alarc\u00f3n, que siempre se \u00abagarran del chongo\u00bb con Federico Salom\u00f3n.. Le pidi\u00f3 la lista de los ex trabajadores y el monto de cada uno de ellos para llegar a esa suma.. Para que, por lo menos, as\u00ed le llevan la cuenta a Federico.. Ja Ja Ja.. Y de esa manera tambi\u00e9n para saber quienes son esos \u00abpanistas\u00bb despedidos que con sus demandas y laudos est\u00e1n \u00abacabando\u00bb con las prerrogativas del CDE del PAN..<\/p>\n\n\n\n<p>Obvio que la reuni\u00f3n fue \u00abpesada\u00bb porque si se \u00abagarraron del chongo\u00bb.. Ya que Salom\u00f3n siempre se enoja de que lo cuestionen o le reclamen acciones emprendidas.. Ya que \u00e9l quisiera que su palabra fuera ley.. Pero eso es algo que no va a suceder y menos en el Consejo Estatal del PAN.. Pero lo m\u00e1s GRAVE es que si llegaron a la conclusi\u00f3n de que S\u00cd HABR\u00c1 RECORTE DE PERSONAL para este fin de a\u00f1o.. Ya que las finanzas del PAN.. Ya no aguantan otra \u00abembestida\u00bb m\u00e1s..<\/p>\n\n\n\n<p>Por lo que era necesario solicitar otro cr\u00e9dito bancario para su partido en Veracruz.. Ya que los gastos necesarios que este organismo tiene que hacer por las campa\u00f1as a las alcald\u00edas de Veracruz.. Ameritan pedir ese pr\u00e9stamo.. Hay que pagar a los \u00aboperadores\u00bb pol\u00edticos para que puedan \u00abganar\u00bb las 80 alcald\u00edas que siempre suelta como dato en sus \u00faltimos discursos el l\u00edder del PAN en la entidad.. As\u00ed que en pocas palabras as\u00ed quedaron.. PAN CON LO MISMO..<\/p>\n\n\n\n<p>DATO.. A todos los empleados del CDE del PAN les pagaron esta quincena de diciembre.. No saben cu\u00e1nto les van a dar de aguinaldo.. El 2023 les dieron una quincena completa de esta prestaci\u00f3n.. Pero no saben si este cr\u00e9dito que pedir\u00e1n, ser\u00e1 tambi\u00e9n para darles el aguinaldo.. Pero todos saben que despu\u00e9s de las vacaciones decembrinas.. Muchos no volver\u00e1n a laborar porque entrar\u00e1n en la lista de los \u00abrecortes\u00bb que habr\u00e1 en esta dirigencia.. El PAN endeudado y sin personal.. As\u00ed van a enfrentar la elecci\u00f3n en 2025.. AMEN..<\/p>\n\n\n\n<p>ECOS DE CUITL\u00c1HUAC GARC\u00cdA.. Al terminar su sexenio en Veracruz, el ex gobernador de MORENA, Cuitl\u00e1huac Garc\u00eda Jim\u00e9nez, dej\u00f3 muchos pendientes en su gobierno.. Pese a las grandes expectativas, que \u00ablevant\u00f3\u00bb su administraci\u00f3n en 2018 y hoy en 2024 se se\u00f1ala que no supo gobernar.. Siempre se le consider\u00f3 un mandatario con una gran falta de sensibilidad pol\u00edtica.. No fue solidario con las causas y ahora \u00e9l paga las consecuencias porque la sociedad pide las cuentas ejercidas en su gobierno..<\/p>\n\n\n\n<p>Ya que por su carencia y visi\u00f3n como administrador p\u00fablico, no import\u00f3 todo el apoy\u00f3 que recibi\u00f3 desde el 2018 en Veracruz, por parte del gobierno federal de Andr\u00e9s Manuel L\u00f3pez Obrador, Cuitl\u00e1huac Garc\u00eda nunca tuvo la idea de c\u00f3mo ser un buen servidor p\u00fablico.. Y eso le cost\u00f3 mucho a Veracruz y a su ciudadan\u00eda, que es quien termina \u00abpagando los platos rotos\u00bb.. Cuitl\u00e1huac se fue, pero la sociedad y Roc\u00edo Nahle es la que se queda con los problemas..<\/p>\n\n\n\n<p>El xalape\u00f1o cada vez que ten\u00eda un problema en Veracruz, ven\u00eda el propio Ex Presidente, L\u00f3pez Obrador para RESPALDARLO de manera p\u00fablica y pol\u00edtica.. Lo hizo m\u00e1s de 17 veces.. Pero ahora que AMLO ya no est\u00e1 y \u00e9l ya se fue de la entidad .. No le caus\u00f3 problema el dejarle todos los conflictos a Roc\u00edo Nahle.. Por ello, se dice que tendr\u00e1n como gobernadora, \u00abpegar al golpe en la mesa\u00bb y alguien tambi\u00e9n tendr\u00e1 que \u00abpagar los platos rotos\u00bb porque esto no se puede quedar as\u00ed\u2026 EL QUE ENTENDI\u00d3, LO ENTENDI\u00d3..<\/p>\n","protected":false},"excerpt":{"rendered":"<p>[S\u00edguenos ahora tambi\u00e9n en WhatsApp.\u00a0Da clic aqu\u00ed]Ricardo Chua Sale y Vale LA \u00abLIMPIA\u00bb DEL PAN EN VERACRUZ.. La Comisi\u00f3n Permanente del Consejo Estatal del PAN sesion\u00f3 hace menos de 10 d\u00edas, en secreto y ah\u00ed decidieron \u00abdesaparecer\u00bb un total de 7 secretar\u00edas del comit\u00e9 estatal, que no estaban funcionando y que s\u00f3lo las ten\u00edan para [&hellip;]<\/p>\n","protected":false},"author":2,"featured_media":119817,"comment_status":"closed","ping_status":"closed","sticky":false,"template":"","format":"standard","meta":{"tdm_status":"","tdm_grid_status":"","footnotes":""},"categories":[70],"tags":[31556,1026,266,1065,195],"class_list":{"0":"post-134329","1":"post","2":"type-post","3":"status-publish","4":"format-standard","5":"has-post-thumbnail","7":"category-de-opinion","8":"tag-federico-salomon","9":"tag-morena","10":"tag-pan","11":"tag-pepe-mancha","12":"tag-veracruz"},"yoast_head":"<!-- This site is optimized with the Yoast SEO plugin v27.4 - https:\/\/yoast.com\/product\/yoast-seo-wordpress\/ -->\n<title>LA &quot;LIMPIA&quot; DEL PAN - Los pol\u00edticos Veracruz<\/title>\n<meta name=\"robots\" content=\"index, follow, max-snippet:-1, max-image-preview:large, max-video-preview:-1\" \/>\n<link rel=\"canonical\" href=\"https:\/\/lospoliticosveracruz.com\/?p=134329\" \/>\n<meta property=\"og:locale\" content=\"es_ES\" \/>\n<meta property=\"og:type\" content=\"article\" \/>\n<meta property=\"og:title\" content=\"LA &quot;LIMPIA&quot; DEL PAN - Los pol\u00edticos Veracruz\" \/>\n<meta property=\"og:description\" content=\"[S\u00edguenos ahora tambi\u00e9n en WhatsApp.\u00a0Da clic aqu\u00ed]Ricardo Chua Sale y Vale LA \u00abLIMPIA\u00bb DEL PAN EN VERACRUZ.. La Comisi\u00f3n Permanente del Consejo Estatal del PAN sesion\u00f3 hace menos de 10 d\u00edas, en secreto y ah\u00ed decidieron \u00abdesaparecer\u00bb un total de 7 secretar\u00edas del comit\u00e9 estatal, que no estaban funcionando y que s\u00f3lo las ten\u00edan para [&hellip;]\" \/>\n<meta property=\"og:url\" content=\"https:\/\/lospoliticosveracruz.com\/?p=134329\" \/>\n<meta property=\"og:site_name\" content=\"Los pol\u00edticos Veracruz\" \/>\n<meta property=\"article:publisher\" content=\"https:\/\/www.facebook.com\/people\/Notimemes-de-los-Polticos\/61565672886568\/\" \/>\n<meta property=\"article:published_time\" content=\"2024-12-18T11:56:05+00:00\" \/>\n<meta property=\"article:modified_time\" content=\"2024-12-18T11:56:28+00:00\" \/>\n<meta property=\"og:image\" content=\"https:\/\/lospoliticosveracruz.com\/wp-content\/uploads\/2024\/03\/Ricardo-Chua.jpg\" \/>\n\t<meta property=\"og:image:width\" content=\"1250\" \/>\n\t<meta property=\"og:image:height\" content=\"667\" \/>\n\t<meta property=\"og:image:type\" content=\"image\/jpeg\" \/>\n<meta name=\"author\" content=\"Lo viste en Los Pol\u00edticos\" \/>\n<meta name=\"twitter:card\" content=\"summary_large_image\" \/>\n<meta name=\"twitter:creator\" content=\"@LosPoliticosVer\" \/>\n<meta name=\"twitter:site\" content=\"@LosPoliticosVer\" \/>\n<meta name=\"twitter:label1\" content=\"Escrito por\" \/>\n\t<meta name=\"twitter:data1\" content=\"Lo viste en Los Pol\u00edticos\" \/>\n\t<meta name=\"twitter:label2\" content=\"Tiempo de lectura\" \/>\n\t<meta name=\"twitter:data2\" content=\"4 minutos\" \/>\n<script type=\"application\/ld+json\" class=\"yoast-schema-graph\">{\"@context\":\"https:\\\/\\\/schema.org\",\"@graph\":[{\"@type\":\"Article\",\"@id\":\"https:\\\/\\\/lospoliticosveracruz.com\\\/?p=134329#article\",\"isPartOf\":{\"@id\":\"https:\\\/\\\/lospoliticosveracruz.com\\\/?p=134329\"},\"author\":{\"name\":\"Lo viste en Los Pol\u00edticos\",\"@id\":\"https:\\\/\\\/lospoliticosveracruz.com\\\/#\\\/schema\\\/person\\\/b8702bb0e538456e6efd07080bf2a4a2\"},\"headline\":\"LA \u00abLIMPIA\u00bb DEL PAN\",\"datePublished\":\"2024-12-18T11:56:05+00:00\",\"dateModified\":\"2024-12-18T11:56:28+00:00\",\"mainEntityOfPage\":{\"@id\":\"https:\\\/\\\/lospoliticosveracruz.com\\\/?p=134329\"},\"wordCount\":856,\"publisher\":{\"@id\":\"https:\\\/\\\/lospoliticosveracruz.com\\\/#organization\"},\"image\":{\"@id\":\"https:\\\/\\\/lospoliticosveracruz.com\\\/?p=134329#primaryimage\"},\"thumbnailUrl\":\"https:\\\/\\\/lospoliticosveracruz.com\\\/wp-content\\\/uploads\\\/2024\\\/03\\\/Ricardo-Chua.jpg\",\"keywords\":[\"Federico Salom\u00f3n\",\"Morena\",\"PAN\",\"Pepe Mancha\",\"Veracruz\"],\"articleSection\":[\"De Opini\u00f3n\"],\"inLanguage\":\"es\"},{\"@type\":\"WebPage\",\"@id\":\"https:\\\/\\\/lospoliticosveracruz.com\\\/?p=134329\",\"url\":\"https:\\\/\\\/lospoliticosveracruz.com\\\/?p=134329\",\"name\":\"LA \\\"LIMPIA\\\" DEL PAN - Los pol\u00edticos Veracruz\",\"isPartOf\":{\"@id\":\"https:\\\/\\\/lospoliticosveracruz.com\\\/#website\"},\"primaryImageOfPage\":{\"@id\":\"https:\\\/\\\/lospoliticosveracruz.com\\\/?p=134329#primaryimage\"},\"image\":{\"@id\":\"https:\\\/\\\/lospoliticosveracruz.com\\\/?p=134329#primaryimage\"},\"thumbnailUrl\":\"https:\\\/\\\/lospoliticosveracruz.com\\\/wp-content\\\/uploads\\\/2024\\\/03\\\/Ricardo-Chua.jpg\",\"datePublished\":\"2024-12-18T11:56:05+00:00\",\"dateModified\":\"2024-12-18T11:56:28+00:00\",\"breadcrumb\":{\"@id\":\"https:\\\/\\\/lospoliticosveracruz.com\\\/?p=134329#breadcrumb\"},\"inLanguage\":\"es\",\"potentialAction\":[{\"@type\":\"ReadAction\",\"target\":[\"https:\\\/\\\/lospoliticosveracruz.com\\\/?p=134329\"]}]},{\"@type\":\"ImageObject\",\"inLanguage\":\"es\",\"@id\":\"https:\\\/\\\/lospoliticosveracruz.com\\\/?p=134329#primaryimage\",\"url\":\"https:\\\/\\\/lospoliticosveracruz.com\\\/wp-content\\\/uploads\\\/2024\\\/03\\\/Ricardo-Chua.jpg\",\"contentUrl\":\"https:\\\/\\\/lospoliticosveracruz.com\\\/wp-content\\\/uploads\\\/2024\\\/03\\\/Ricardo-Chua.jpg\",\"width\":1250,\"height\":667},{\"@type\":\"BreadcrumbList\",\"@id\":\"https:\\\/\\\/lospoliticosveracruz.com\\\/?p=134329#breadcrumb\",\"itemListElement\":[{\"@type\":\"ListItem\",\"position\":1,\"name\":\"Portada\",\"item\":\"https:\\\/\\\/lospoliticosveracruz.com\\\/\"},{\"@type\":\"ListItem\",\"position\":2,\"name\":\"LA \u00abLIMPIA\u00bb DEL PAN\"}]},{\"@type\":\"WebSite\",\"@id\":\"https:\\\/\\\/lospoliticosveracruz.com\\\/#website\",\"url\":\"https:\\\/\\\/lospoliticosveracruz.com\\\/\",\"name\":\"Los pol\u00edticos Veracruz\",\"description\":\"\",\"publisher\":{\"@id\":\"https:\\\/\\\/lospoliticosveracruz.com\\\/#organization\"},\"potentialAction\":[{\"@type\":\"SearchAction\",\"target\":{\"@type\":\"EntryPoint\",\"urlTemplate\":\"https:\\\/\\\/lospoliticosveracruz.com\\\/?s={search_term_string}\"},\"query-input\":{\"@type\":\"PropertyValueSpecification\",\"valueRequired\":true,\"valueName\":\"search_term_string\"}}],\"inLanguage\":\"es\"},{\"@type\":\"Organization\",\"@id\":\"https:\\\/\\\/lospoliticosveracruz.com\\\/#organization\",\"name\":\"Los pol\u00edticos Veracruz\",\"url\":\"https:\\\/\\\/lospoliticosveracruz.com\\\/\",\"logo\":{\"@type\":\"ImageObject\",\"inLanguage\":\"es\",\"@id\":\"https:\\\/\\\/lospoliticosveracruz.com\\\/#\\\/schema\\\/logo\\\/image\\\/\",\"url\":\"https:\\\/\\\/lospoliticosveracruz.com\\\/wp-content\\\/uploads\\\/2025\\\/12\\\/Logo-Nuevo-LOS-POLITICOS-1.jpg\",\"contentUrl\":\"https:\\\/\\\/lospoliticosveracruz.com\\\/wp-content\\\/uploads\\\/2025\\\/12\\\/Logo-Nuevo-LOS-POLITICOS-1.jpg\",\"width\":260,\"height\":70,\"caption\":\"Los pol\u00edticos Veracruz\"},\"image\":{\"@id\":\"https:\\\/\\\/lospoliticosveracruz.com\\\/#\\\/schema\\\/logo\\\/image\\\/\"},\"sameAs\":[\"https:\\\/\\\/www.facebook.com\\\/people\\\/Notimemes-de-los-Polticos\\\/61565672886568\\\/\",\"https:\\\/\\\/x.com\\\/LosPoliticosVer\"]},{\"@type\":\"Person\",\"@id\":\"https:\\\/\\\/lospoliticosveracruz.com\\\/#\\\/schema\\\/person\\\/b8702bb0e538456e6efd07080bf2a4a2\",\"name\":\"Lo viste en Los Pol\u00edticos\",\"image\":{\"@type\":\"ImageObject\",\"inLanguage\":\"es\",\"@id\":\"https:\\\/\\\/secure.gravatar.com\\\/avatar\\\/3a8de04a2656d44082be478bd6c086daa447c4651605818287b9532d3d0bd435?s=96&d=mm&r=g\",\"url\":\"https:\\\/\\\/secure.gravatar.com\\\/avatar\\\/3a8de04a2656d44082be478bd6c086daa447c4651605818287b9532d3d0bd435?s=96&d=mm&r=g\",\"contentUrl\":\"https:\\\/\\\/secure.gravatar.com\\\/avatar\\\/3a8de04a2656d44082be478bd6c086daa447c4651605818287b9532d3d0bd435?s=96&d=mm&r=g\",\"caption\":\"Lo viste en Los Pol\u00edticos\"},\"url\":\"https:\\\/\\\/lospoliticosveracruz.com\\\/?author=2\"}]}<\/script>\n<!-- \/ Yoast SEO plugin. -->","yoast_head_json":{"title":"LA \"LIMPIA\" DEL PAN - Los pol\u00edticos Veracruz","robots":{"index":"index","follow":"follow","max-snippet":"max-snippet:-1","max-image-preview":"max-image-preview:large","max-video-preview":"max-video-preview:-1"},"canonical":"https:\/\/lospoliticosveracruz.com\/?p=134329","og_locale":"es_ES","og_type":"article","og_title":"LA \"LIMPIA\" DEL PAN - Los pol\u00edticos Veracruz","og_description":"[S\u00edguenos ahora tambi\u00e9n en WhatsApp.\u00a0Da clic aqu\u00ed]Ricardo Chua Sale y Vale LA \u00abLIMPIA\u00bb DEL PAN EN VERACRUZ.. La Comisi\u00f3n Permanente del Consejo Estatal del PAN sesion\u00f3 hace menos de 10 d\u00edas, en secreto y ah\u00ed decidieron \u00abdesaparecer\u00bb un total de 7 secretar\u00edas del comit\u00e9 estatal, que no estaban funcionando y que s\u00f3lo las ten\u00edan para [&hellip;]","og_url":"https:\/\/lospoliticosveracruz.com\/?p=134329","og_site_name":"Los pol\u00edticos Veracruz","article_publisher":"https:\/\/www.facebook.com\/people\/Notimemes-de-los-Polticos\/61565672886568\/","article_published_time":"2024-12-18T11:56:05+00:00","article_modified_time":"2024-12-18T11:56:28+00:00","og_image":[{"width":1250,"height":667,"url":"https:\/\/lospoliticosveracruz.com\/wp-content\/uploads\/2024\/03\/Ricardo-Chua.jpg","type":"image\/jpeg"}],"author":"Lo viste en Los Pol\u00edticos","twitter_card":"summary_large_image","twitter_creator":"@LosPoliticosVer","twitter_site":"@LosPoliticosVer","twitter_misc":{"Escrito por":"Lo viste en Los Pol\u00edticos","Tiempo de lectura":"4 minutos"},"schema":{"@context":"https:\/\/schema.org","@graph":[{"@type":"Article","@id":"https:\/\/lospoliticosveracruz.com\/?p=134329#article","isPartOf":{"@id":"https:\/\/lospoliticosveracruz.com\/?p=134329"},"author":{"name":"Lo viste en Los Pol\u00edticos","@id":"https:\/\/lospoliticosveracruz.com\/#\/schema\/person\/b8702bb0e538456e6efd07080bf2a4a2"},"headline":"LA \u00abLIMPIA\u00bb DEL PAN","datePublished":"2024-12-18T11:56:05+00:00","dateModified":"2024-12-18T11:56:28+00:00","mainEntityOfPage":{"@id":"https:\/\/lospoliticosveracruz.com\/?p=134329"},"wordCount":856,"publisher":{"@id":"https:\/\/lospoliticosveracruz.com\/#organization"},"image":{"@id":"https:\/\/lospoliticosveracruz.com\/?p=134329#primaryimage"},"thumbnailUrl":"https:\/\/lospoliticosveracruz.com\/wp-content\/uploads\/2024\/03\/Ricardo-Chua.jpg","keywords":["Federico Salom\u00f3n","Morena","PAN","Pepe Mancha","Veracruz"],"articleSection":["De Opini\u00f3n"],"inLanguage":"es"},{"@type":"WebPage","@id":"https:\/\/lospoliticosveracruz.com\/?p=134329","url":"https:\/\/lospoliticosveracruz.com\/?p=134329","name":"LA \"LIMPIA\" DEL PAN - Los pol\u00edticos Veracruz","isPartOf":{"@id":"https:\/\/lospoliticosveracruz.com\/#website"},"primaryImageOfPage":{"@id":"https:\/\/lospoliticosveracruz.com\/?p=134329#primaryimage"},"image":{"@id":"https:\/\/lospoliticosveracruz.com\/?p=134329#primaryimage"},"thumbnailUrl":"https:\/\/lospoliticosveracruz.com\/wp-content\/uploads\/2024\/03\/Ricardo-Chua.jpg","datePublished":"2024-12-18T11:56:05+00:00","dateModified":"2024-12-18T11:56:28+00:00","breadcrumb":{"@id":"https:\/\/lospoliticosveracruz.com\/?p=134329#breadcrumb"},"inLanguage":"es","potentialAction":[{"@type":"ReadAction","target":["https:\/\/lospoliticosveracruz.com\/?p=134329"]}]},{"@type":"ImageObject","inLanguage":"es","@id":"https:\/\/lospoliticosveracruz.com\/?p=134329#primaryimage","url":"https:\/\/lospoliticosveracruz.com\/wp-content\/uploads\/2024\/03\/Ricardo-Chua.jpg","contentUrl":"https:\/\/lospoliticosveracruz.com\/wp-content\/uploads\/2024\/03\/Ricardo-Chua.jpg","width":1250,"height":667},{"@type":"BreadcrumbList","@id":"https:\/\/lospoliticosveracruz.com\/?p=134329#breadcrumb","itemListElement":[{"@type":"ListItem","position":1,"name":"Portada","item":"https:\/\/lospoliticosveracruz.com\/"},{"@type":"ListItem","position":2,"name":"LA \u00abLIMPIA\u00bb DEL PAN"}]},{"@type":"WebSite","@id":"https:\/\/lospoliticosveracruz.com\/#website","url":"https:\/\/lospoliticosveracruz.com\/","name":"Los pol\u00edticos Veracruz","description":"","publisher":{"@id":"https:\/\/lospoliticosveracruz.com\/#organization"},"potentialAction":[{"@type":"SearchAction","target":{"@type":"EntryPoint","urlTemplate":"https:\/\/lospoliticosveracruz.com\/?s={search_term_string}"},"query-input":{"@type":"PropertyValueSpecification","valueRequired":true,"valueName":"search_term_string"}}],"inLanguage":"es"},{"@type":"Organization","@id":"https:\/\/lospoliticosveracruz.com\/#organization","name":"Los pol\u00edticos Veracruz","url":"https:\/\/lospoliticosveracruz.com\/","logo":{"@type":"ImageObject","inLanguage":"es","@id":"https:\/\/lospoliticosveracruz.com\/#\/schema\/logo\/image\/","url":"https:\/\/lospoliticosveracruz.com\/wp-content\/uploads\/2025\/12\/Logo-Nuevo-LOS-POLITICOS-1.jpg","contentUrl":"https:\/\/lospoliticosveracruz.com\/wp-content\/uploads\/2025\/12\/Logo-Nuevo-LOS-POLITICOS-1.jpg","width":260,"height":70,"caption":"Los pol\u00edticos Veracruz"},"image":{"@id":"https:\/\/lospoliticosveracruz.com\/#\/schema\/logo\/image\/"},"sameAs":["https:\/\/www.facebook.com\/people\/Notimemes-de-los-Polticos\/61565672886568\/","https:\/\/x.com\/LosPoliticosVer"]},{"@type":"Person","@id":"https:\/\/lospoliticosveracruz.com\/#\/schema\/person\/b8702bb0e538456e6efd07080bf2a4a2","name":"Lo viste en Los Pol\u00edticos","image":{"@type":"ImageObject","inLanguage":"es","@id":"https:\/\/secure.gravatar.com\/avatar\/3a8de04a2656d44082be478bd6c086daa447c4651605818287b9532d3d0bd435?s=96&d=mm&r=g","url":"https:\/\/secure.gravatar.com\/avatar\/3a8de04a2656d44082be478bd6c086daa447c4651605818287b9532d3d0bd435?s=96&d=mm&r=g","contentUrl":"https:\/\/secure.gravatar.com\/avatar\/3a8de04a2656d44082be478bd6c086daa447c4651605818287b9532d3d0bd435?s=96&d=mm&r=g","caption":"Lo viste en Los Pol\u00edticos"},"url":"https:\/\/lospoliticosveracruz.com\/?author=2"}]}},"_links":{"self":[{"href":"https:\/\/lospoliticosveracruz.com\/index.php?rest_route=\/wp\/v2\/posts\/134329","targetHints":{"allow":["GET"]}}],"collection":[{"href":"https:\/\/lospoliticosveracruz.com\/index.php?rest_route=\/wp\/v2\/posts"}],"about":[{"href":"https:\/\/lospoliticosveracruz.com\/index.php?rest_route=\/wp\/v2\/types\/post"}],"author":[{"embeddable":true,"href":"https:\/\/lospoliticosveracruz.com\/index.php?rest_route=\/wp\/v2\/users\/2"}],"replies":[{"embeddable":true,"href":"https:\/\/lospoliticosveracruz.com\/index.php?rest_route=%2Fwp%2Fv2%2Fcomments&post=134329"}],"version-history":[{"count":1,"href":"https:\/\/lospoliticosveracruz.com\/index.php?rest_route=\/wp\/v2\/posts\/134329\/revisions"}],"predecessor-version":[{"id":134330,"href":"https:\/\/lospoliticosveracruz.com\/index.php?rest_route=\/wp\/v2\/posts\/134329\/revisions\/134330"}],"wp:featuredmedia":[{"embeddable":true,"href":"https:\/\/lospoliticosveracruz.com\/index.php?rest_route=\/wp\/v2\/media\/119817"}],"wp:attachment":[{"href":"https:\/\/lospoliticosveracruz.com\/index.php?rest_route=%2Fwp%2Fv2%2Fmedia&parent=134329"}],"wp:term":[{"taxonomy":"category","embeddable":true,"href":"https:\/\/lospoliticosveracruz.com\/index.php?rest_route=%2Fwp%2Fv2%2Fcategories&post=134329"},{"taxonomy":"post_tag","embeddable":true,"href":"https:\/\/lospoliticosveracruz.com\/index.php?rest_route=%2Fwp%2Fv2%2Ftags&post=134329"}],"curies":[{"name":"wp","href":"https:\/\/api.w.org\/{rel}","templated":true}]}}