{"id":13433,"date":"2014-11-11T08:36:41","date_gmt":"2014-11-11T14:36:41","guid":{"rendered":"http:\/\/www.lospoliticosveracruz.com.mx\/?p=13433"},"modified":"2014-11-11T08:36:41","modified_gmt":"2014-11-11T14:36:41","slug":"made-in-china","status":"publish","type":"post","link":"https:\/\/lospoliticosveracruz.com\/?p=13433","title":{"rendered":"Made in China"},"content":{"rendered":"<p><a href=\"http:\/\/www.lospoliticosveracruz.com.mx\/wp-content\/uploads\/2014\/11\/Obama-Pe\u00f1a-Nieto.jpg\"><img loading=\"lazy\" decoding=\"async\" class=\"alignnone size-medium wp-image-13435\" src=\"http:\/\/www.lospoliticosveracruz.com.mx\/wp-content\/uploads\/2014\/11\/Obama-Pe\u00f1a-Nieto-300x242.jpg\" alt=\"Obama Pe\u00f1a Nieto\" width=\"300\" height=\"242\" \/><\/a><br \/>\n<strong>Jorge Arturo Rodr\u00edguez<\/strong><\/p>\n<p><em>Tierra de Babel<\/em><\/p>\n<p>&nbsp;<\/p>\n<p>Dec\u00eda Luis Cernuda que el tiempo todo lo fatiga, hasta la dicha. Y por ah\u00ed escuchamos que no hay mal que dure cien a\u00f1os o sabia virtud de conocer el tiempo. Tambi\u00e9n: dale tiempo al tiempo. Aj\u00e1. El tiempo es temporal, dicen. En fin, al fin el final, sol\u00eda expresar un amigo muerto de c\u00e1ncer terminal. Qu\u00e9 cosas tiene la vida, \u00bfverdad? Bueno, mi abuelita, encabronada, expresaba: \u201cEl tiempo siempre es el mismo. Uno hace el tiempo\u201d. El que tenga o\u00eddos, oiga.<br \/>\nWiilliams Deer escribi\u00f3: \u201cAyer hubo eclipse de luna. Hoy eclipse de sol. Vivimos un tiempo eclipsado\u201d. \u00bfSer\u00e1? Albert Einstein del tiempo dir\u00eda otra cosa. Me lleva el tren. Por cierto, \u00bfqu\u00e9 hay o qui\u00e9nes est\u00e1n detr\u00e1s del tren M\u00e9xico-Quer\u00e9taro? Las malas lenguas dicen que Salinas, aunque dizque ya se echaron para atr\u00e1s. \u00bfA poco? Si a eso vamos, \u00bfqu\u00e9 hay y qui\u00e9nes est\u00e1n detr\u00e1s de las reformas que supuestamente mover\u00e1n a M\u00e9xico?<br \/>\nTenemos el pa\u00eds que queremos, \u00bfo no? Todo est\u00e1 en chino, y nom\u00e1s nos quedamos milando como los chinitos \u2013estos, en realidad, no se quedan mirando, act\u00faan. Nuestro pa\u00eds est\u00e1 ahogado de productos chinos, eso lo sabemos muy bien. Productos que son desechables a la de ya, falsos. Me suena a que tenemos un pa\u00eds enfermo de falsedades, empezando por nuestros gobiernos. Un e.mail que me enviaron dice: \u201cU\u00f1as falsas, cabello falso, sonrisa falsa\u2026 (podr\u00eda seguir) \u00bfEst\u00e1s segura de no ser Made in China?\u201d O sea, ya valimos made\u2026<\/p>\n<p><strong>Los d\u00edas y los temas<\/strong><\/p>\n<p>Lo expres\u00f3 el diputado Alfredo G\u00e1ndara Andrade: \u201cHoy que esta Legislatura inicia su segundo a\u00f1o constitucional, las diputadas y diputados que integramos el Grupo Legislativo del Partido Revolucionario Institucional refrendamos nuestro compromiso de seguir construyendo un Veracruz mejor\u201d. Y finaliza as\u00ed: \u201cEs nuestra oportunidad de conducir a nuestra entidad por la ruta de la gobernanza, de la pluralidad, en donde todas las voces cuenten y se respeten. \u00c9sta es la gran oportunidad de Veracruz, se\u00f1ores diputados\u201d. Ah\u00ed ta\u2019, clarito, clarito.<br \/>\nUn abrazo para M\u00f3nica M\u00e9ndoza, seguro har\u00e1 un excelente papel como representante de Prensa del Gobierno de Enrique Pe\u00f1a Nieto en Veracruz. Y ya que andamos por estos rumbos, felicito a Gina Dom\u00ednguez Col\u00edo por su nueva responsabilidad como presidenta de la Fundaci\u00f3n Colosio Veracruz. Har\u00e1 un buen trabajo, sin duda. Bien por el \u201cviejer\u00edo\u201d, dijera Diego Fern\u00e1ndez de Cevallos.<br \/>\nEl jueves 13 de noviembre del presente a\u00f1o, a las 18:00 horas, Jos\u00e9 Yunes Zorrilla y H\u00e9ctor Yunes Landa (\u00bfqui\u00e9n ser\u00e1 el gan\u00f3n de la gubernatura?) presentar\u00e1n el libro Tiempos de mis memorias, de Rub\u00e9n Pabello Rojas. El moderador ser\u00e1 Eduardo S\u00e1nchez Mac\u00edas, y quiz\u00e1s est\u00e9 por ah\u00ed el cuentero Eraclio Zepeda. Ser\u00e1 en el Auditorio \u201cSebasti\u00e1n Lerdo de Tejada\u201d del Palacio Legislativo.<\/p>\n<p><strong>De cinismo y anexas<\/strong><\/p>\n<p>No se pierdan el Bar de Poes\u00eda; pi\u00e9rdanse en el Bar de Poes\u00eda. Para el pintor Chino Le\u00f3n \u201cla poes\u00eda est\u00e1 afuera, pero nace de adentro\u201d. Poetas predilectos: Nicol\u00e1s Guill\u00e9n, C\u00e9sar Vallejo, Pablo Neruda.<br \/>\nGustavo Olivares Morales, director de la Galer\u00eda Ram\u00f3n Alva de la Canal: \u201cLa pintura es poes\u00eda, nada m\u00e1s que pintada\u201d. Poeta predilecto: Lope de Vega.<br \/>\nRodolfo Mendoza Rosendo, director del IVEC: \u201cLa poes\u00eda es vida, poiesis es creaci\u00f3n, no hay vida si no hay creaci\u00f3n\u201d Poeta predilecto: Octavio Paz.<br \/>\nAurelio Contreras: \u201cPoes\u00eda es una forma de vida, es una forma de ser, es una inspiraci\u00f3n divina\u201d. Poetas predilectos: Charles Baudelaire, Le\u00f3n Felipe y Federico Garc\u00eda Lorca.<br \/>\nPor lo pronto ah\u00ed se ven.<\/p>\n","protected":false},"excerpt":{"rendered":"<p>Jorge Arturo Rodr\u00edguez Tierra de Babel &nbsp; Dec\u00eda Luis Cernuda que el tiempo todo lo fatiga, hasta la dicha. Y por ah\u00ed escuchamos que no hay mal que dure cien a\u00f1os o sabia virtud de conocer el tiempo. Tambi\u00e9n: dale tiempo al tiempo. Aj\u00e1. El tiempo es temporal, dicen. En fin, al fin el final, [&hellip;]<\/p>\n","protected":false},"author":2,"featured_media":0,"comment_status":"open","ping_status":"open","sticky":false,"template":"","format":"standard","meta":{"tdm_status":"","tdm_grid_status":"","footnotes":""},"categories":[70],"tags":[811,395,812],"class_list":{"0":"post-13433","1":"post","2":"type-post","3":"status-publish","4":"format-standard","6":"category-de-opinion","7":"tag-china","8":"tag-mexico","9":"tag-salinas"},"yoast_head":"<!-- This site is optimized with the Yoast SEO plugin v27.4 - https:\/\/yoast.com\/product\/yoast-seo-wordpress\/ -->\n<title>Made in China - Los pol\u00edticos Veracruz<\/title>\n<meta name=\"robots\" content=\"index, follow, max-snippet:-1, max-image-preview:large, max-video-preview:-1\" \/>\n<link rel=\"canonical\" href=\"https:\/\/lospoliticosveracruz.com\/?p=13433\" \/>\n<meta property=\"og:locale\" content=\"es_ES\" \/>\n<meta property=\"og:type\" content=\"article\" \/>\n<meta property=\"og:title\" content=\"Made in China - Los pol\u00edticos Veracruz\" \/>\n<meta property=\"og:description\" content=\"Jorge Arturo Rodr\u00edguez Tierra de Babel &nbsp; Dec\u00eda Luis Cernuda que el tiempo todo lo fatiga, hasta la dicha. Y por ah\u00ed escuchamos que no hay mal que dure cien a\u00f1os o sabia virtud de conocer el tiempo. Tambi\u00e9n: dale tiempo al tiempo. Aj\u00e1. El tiempo es temporal, dicen. En fin, al fin el final, [&hellip;]\" \/>\n<meta property=\"og:url\" content=\"https:\/\/lospoliticosveracruz.com\/?p=13433\" \/>\n<meta property=\"og:site_name\" content=\"Los pol\u00edticos Veracruz\" \/>\n<meta property=\"article:publisher\" content=\"https:\/\/www.facebook.com\/people\/Notimemes-de-los-Polticos\/61565672886568\/\" \/>\n<meta property=\"article:published_time\" content=\"2014-11-11T14:36:41+00:00\" \/>\n<meta property=\"og:image\" content=\"https:\/\/lospoliticosveracruz.com\/wp-content\/uploads\/2016\/07\/Logo-Dor.jpg\" \/>\n\t<meta property=\"og:image:width\" content=\"200\" \/>\n\t<meta property=\"og:image:height\" content=\"200\" \/>\n\t<meta property=\"og:image:type\" content=\"image\/jpeg\" \/>\n<meta name=\"author\" content=\"Lo viste en Los Pol\u00edticos\" \/>\n<meta name=\"twitter:card\" content=\"summary_large_image\" \/>\n<meta name=\"twitter:creator\" content=\"@LosPoliticosVer\" \/>\n<meta name=\"twitter:site\" content=\"@LosPoliticosVer\" \/>\n<meta name=\"twitter:label1\" content=\"Escrito por\" \/>\n\t<meta name=\"twitter:data1\" content=\"Lo viste en Los Pol\u00edticos\" \/>\n\t<meta name=\"twitter:label2\" content=\"Tiempo de lectura\" \/>\n\t<meta name=\"twitter:data2\" content=\"3 minutos\" \/>\n<script type=\"application\/ld+json\" class=\"yoast-schema-graph\">{\"@context\":\"https:\\\/\\\/schema.org\",\"@graph\":[{\"@type\":\"Article\",\"@id\":\"https:\\\/\\\/lospoliticosveracruz.com\\\/?p=13433#article\",\"isPartOf\":{\"@id\":\"https:\\\/\\\/lospoliticosveracruz.com\\\/?p=13433\"},\"author\":{\"name\":\"Lo viste en Los Pol\u00edticos\",\"@id\":\"https:\\\/\\\/lospoliticosveracruz.com\\\/#\\\/schema\\\/person\\\/b8702bb0e538456e6efd07080bf2a4a2\"},\"headline\":\"Made in China\",\"datePublished\":\"2014-11-11T14:36:41+00:00\",\"mainEntityOfPage\":{\"@id\":\"https:\\\/\\\/lospoliticosveracruz.com\\\/?p=13433\"},\"wordCount\":648,\"commentCount\":0,\"publisher\":{\"@id\":\"https:\\\/\\\/lospoliticosveracruz.com\\\/#organization\"},\"keywords\":[\"China\",\"M\u00e9xico\",\"Salinas\"],\"articleSection\":[\"De Opini\u00f3n\"],\"inLanguage\":\"es\",\"potentialAction\":[{\"@type\":\"CommentAction\",\"name\":\"Comment\",\"target\":[\"https:\\\/\\\/lospoliticosveracruz.com\\\/?p=13433#respond\"]}]},{\"@type\":\"WebPage\",\"@id\":\"https:\\\/\\\/lospoliticosveracruz.com\\\/?p=13433\",\"url\":\"https:\\\/\\\/lospoliticosveracruz.com\\\/?p=13433\",\"name\":\"Made in China - Los pol\u00edticos Veracruz\",\"isPartOf\":{\"@id\":\"https:\\\/\\\/lospoliticosveracruz.com\\\/#website\"},\"datePublished\":\"2014-11-11T14:36:41+00:00\",\"breadcrumb\":{\"@id\":\"https:\\\/\\\/lospoliticosveracruz.com\\\/?p=13433#breadcrumb\"},\"inLanguage\":\"es\",\"potentialAction\":[{\"@type\":\"ReadAction\",\"target\":[\"https:\\\/\\\/lospoliticosveracruz.com\\\/?p=13433\"]}]},{\"@type\":\"BreadcrumbList\",\"@id\":\"https:\\\/\\\/lospoliticosveracruz.com\\\/?p=13433#breadcrumb\",\"itemListElement\":[{\"@type\":\"ListItem\",\"position\":1,\"name\":\"Portada\",\"item\":\"https:\\\/\\\/lospoliticosveracruz.com\\\/\"},{\"@type\":\"ListItem\",\"position\":2,\"name\":\"Made in China\"}]},{\"@type\":\"WebSite\",\"@id\":\"https:\\\/\\\/lospoliticosveracruz.com\\\/#website\",\"url\":\"https:\\\/\\\/lospoliticosveracruz.com\\\/\",\"name\":\"Los pol\u00edticos Veracruz\",\"description\":\"\",\"publisher\":{\"@id\":\"https:\\\/\\\/lospoliticosveracruz.com\\\/#organization\"},\"potentialAction\":[{\"@type\":\"SearchAction\",\"target\":{\"@type\":\"EntryPoint\",\"urlTemplate\":\"https:\\\/\\\/lospoliticosveracruz.com\\\/?s={search_term_string}\"},\"query-input\":{\"@type\":\"PropertyValueSpecification\",\"valueRequired\":true,\"valueName\":\"search_term_string\"}}],\"inLanguage\":\"es\"},{\"@type\":\"Organization\",\"@id\":\"https:\\\/\\\/lospoliticosveracruz.com\\\/#organization\",\"name\":\"Los pol\u00edticos Veracruz\",\"url\":\"https:\\\/\\\/lospoliticosveracruz.com\\\/\",\"logo\":{\"@type\":\"ImageObject\",\"inLanguage\":\"es\",\"@id\":\"https:\\\/\\\/lospoliticosveracruz.com\\\/#\\\/schema\\\/logo\\\/image\\\/\",\"url\":\"https:\\\/\\\/lospoliticosveracruz.com\\\/wp-content\\\/uploads\\\/2025\\\/12\\\/Logo-Nuevo-LOS-POLITICOS-1.jpg\",\"contentUrl\":\"https:\\\/\\\/lospoliticosveracruz.com\\\/wp-content\\\/uploads\\\/2025\\\/12\\\/Logo-Nuevo-LOS-POLITICOS-1.jpg\",\"width\":260,\"height\":70,\"caption\":\"Los pol\u00edticos Veracruz\"},\"image\":{\"@id\":\"https:\\\/\\\/lospoliticosveracruz.com\\\/#\\\/schema\\\/logo\\\/image\\\/\"},\"sameAs\":[\"https:\\\/\\\/www.facebook.com\\\/people\\\/Notimemes-de-los-Polticos\\\/61565672886568\\\/\",\"https:\\\/\\\/x.com\\\/LosPoliticosVer\"]},{\"@type\":\"Person\",\"@id\":\"https:\\\/\\\/lospoliticosveracruz.com\\\/#\\\/schema\\\/person\\\/b8702bb0e538456e6efd07080bf2a4a2\",\"name\":\"Lo viste en Los Pol\u00edticos\",\"image\":{\"@type\":\"ImageObject\",\"inLanguage\":\"es\",\"@id\":\"https:\\\/\\\/secure.gravatar.com\\\/avatar\\\/3a8de04a2656d44082be478bd6c086daa447c4651605818287b9532d3d0bd435?s=96&d=mm&r=g\",\"url\":\"https:\\\/\\\/secure.gravatar.com\\\/avatar\\\/3a8de04a2656d44082be478bd6c086daa447c4651605818287b9532d3d0bd435?s=96&d=mm&r=g\",\"contentUrl\":\"https:\\\/\\\/secure.gravatar.com\\\/avatar\\\/3a8de04a2656d44082be478bd6c086daa447c4651605818287b9532d3d0bd435?s=96&d=mm&r=g\",\"caption\":\"Lo viste en Los Pol\u00edticos\"},\"url\":\"https:\\\/\\\/lospoliticosveracruz.com\\\/?author=2\"}]}<\/script>\n<!-- \/ Yoast SEO plugin. -->","yoast_head_json":{"title":"Made in China - Los pol\u00edticos Veracruz","robots":{"index":"index","follow":"follow","max-snippet":"max-snippet:-1","max-image-preview":"max-image-preview:large","max-video-preview":"max-video-preview:-1"},"canonical":"https:\/\/lospoliticosveracruz.com\/?p=13433","og_locale":"es_ES","og_type":"article","og_title":"Made in China - Los pol\u00edticos Veracruz","og_description":"Jorge Arturo Rodr\u00edguez Tierra de Babel &nbsp; Dec\u00eda Luis Cernuda que el tiempo todo lo fatiga, hasta la dicha. Y por ah\u00ed escuchamos que no hay mal que dure cien a\u00f1os o sabia virtud de conocer el tiempo. Tambi\u00e9n: dale tiempo al tiempo. Aj\u00e1. El tiempo es temporal, dicen. En fin, al fin el final, [&hellip;]","og_url":"https:\/\/lospoliticosveracruz.com\/?p=13433","og_site_name":"Los pol\u00edticos Veracruz","article_publisher":"https:\/\/www.facebook.com\/people\/Notimemes-de-los-Polticos\/61565672886568\/","article_published_time":"2014-11-11T14:36:41+00:00","og_image":[{"width":200,"height":200,"url":"https:\/\/lospoliticosveracruz.com\/wp-content\/uploads\/2016\/07\/Logo-Dor.jpg","type":"image\/jpeg"}],"author":"Lo viste en Los Pol\u00edticos","twitter_card":"summary_large_image","twitter_creator":"@LosPoliticosVer","twitter_site":"@LosPoliticosVer","twitter_misc":{"Escrito por":"Lo viste en Los Pol\u00edticos","Tiempo de lectura":"3 minutos"},"schema":{"@context":"https:\/\/schema.org","@graph":[{"@type":"Article","@id":"https:\/\/lospoliticosveracruz.com\/?p=13433#article","isPartOf":{"@id":"https:\/\/lospoliticosveracruz.com\/?p=13433"},"author":{"name":"Lo viste en Los Pol\u00edticos","@id":"https:\/\/lospoliticosveracruz.com\/#\/schema\/person\/b8702bb0e538456e6efd07080bf2a4a2"},"headline":"Made in China","datePublished":"2014-11-11T14:36:41+00:00","mainEntityOfPage":{"@id":"https:\/\/lospoliticosveracruz.com\/?p=13433"},"wordCount":648,"commentCount":0,"publisher":{"@id":"https:\/\/lospoliticosveracruz.com\/#organization"},"keywords":["China","M\u00e9xico","Salinas"],"articleSection":["De Opini\u00f3n"],"inLanguage":"es","potentialAction":[{"@type":"CommentAction","name":"Comment","target":["https:\/\/lospoliticosveracruz.com\/?p=13433#respond"]}]},{"@type":"WebPage","@id":"https:\/\/lospoliticosveracruz.com\/?p=13433","url":"https:\/\/lospoliticosveracruz.com\/?p=13433","name":"Made in China - Los pol\u00edticos Veracruz","isPartOf":{"@id":"https:\/\/lospoliticosveracruz.com\/#website"},"datePublished":"2014-11-11T14:36:41+00:00","breadcrumb":{"@id":"https:\/\/lospoliticosveracruz.com\/?p=13433#breadcrumb"},"inLanguage":"es","potentialAction":[{"@type":"ReadAction","target":["https:\/\/lospoliticosveracruz.com\/?p=13433"]}]},{"@type":"BreadcrumbList","@id":"https:\/\/lospoliticosveracruz.com\/?p=13433#breadcrumb","itemListElement":[{"@type":"ListItem","position":1,"name":"Portada","item":"https:\/\/lospoliticosveracruz.com\/"},{"@type":"ListItem","position":2,"name":"Made in China"}]},{"@type":"WebSite","@id":"https:\/\/lospoliticosveracruz.com\/#website","url":"https:\/\/lospoliticosveracruz.com\/","name":"Los pol\u00edticos Veracruz","description":"","publisher":{"@id":"https:\/\/lospoliticosveracruz.com\/#organization"},"potentialAction":[{"@type":"SearchAction","target":{"@type":"EntryPoint","urlTemplate":"https:\/\/lospoliticosveracruz.com\/?s={search_term_string}"},"query-input":{"@type":"PropertyValueSpecification","valueRequired":true,"valueName":"search_term_string"}}],"inLanguage":"es"},{"@type":"Organization","@id":"https:\/\/lospoliticosveracruz.com\/#organization","name":"Los pol\u00edticos Veracruz","url":"https:\/\/lospoliticosveracruz.com\/","logo":{"@type":"ImageObject","inLanguage":"es","@id":"https:\/\/lospoliticosveracruz.com\/#\/schema\/logo\/image\/","url":"https:\/\/lospoliticosveracruz.com\/wp-content\/uploads\/2025\/12\/Logo-Nuevo-LOS-POLITICOS-1.jpg","contentUrl":"https:\/\/lospoliticosveracruz.com\/wp-content\/uploads\/2025\/12\/Logo-Nuevo-LOS-POLITICOS-1.jpg","width":260,"height":70,"caption":"Los pol\u00edticos Veracruz"},"image":{"@id":"https:\/\/lospoliticosveracruz.com\/#\/schema\/logo\/image\/"},"sameAs":["https:\/\/www.facebook.com\/people\/Notimemes-de-los-Polticos\/61565672886568\/","https:\/\/x.com\/LosPoliticosVer"]},{"@type":"Person","@id":"https:\/\/lospoliticosveracruz.com\/#\/schema\/person\/b8702bb0e538456e6efd07080bf2a4a2","name":"Lo viste en Los Pol\u00edticos","image":{"@type":"ImageObject","inLanguage":"es","@id":"https:\/\/secure.gravatar.com\/avatar\/3a8de04a2656d44082be478bd6c086daa447c4651605818287b9532d3d0bd435?s=96&d=mm&r=g","url":"https:\/\/secure.gravatar.com\/avatar\/3a8de04a2656d44082be478bd6c086daa447c4651605818287b9532d3d0bd435?s=96&d=mm&r=g","contentUrl":"https:\/\/secure.gravatar.com\/avatar\/3a8de04a2656d44082be478bd6c086daa447c4651605818287b9532d3d0bd435?s=96&d=mm&r=g","caption":"Lo viste en Los Pol\u00edticos"},"url":"https:\/\/lospoliticosveracruz.com\/?author=2"}]}},"_links":{"self":[{"href":"https:\/\/lospoliticosveracruz.com\/index.php?rest_route=\/wp\/v2\/posts\/13433","targetHints":{"allow":["GET"]}}],"collection":[{"href":"https:\/\/lospoliticosveracruz.com\/index.php?rest_route=\/wp\/v2\/posts"}],"about":[{"href":"https:\/\/lospoliticosveracruz.com\/index.php?rest_route=\/wp\/v2\/types\/post"}],"author":[{"embeddable":true,"href":"https:\/\/lospoliticosveracruz.com\/index.php?rest_route=\/wp\/v2\/users\/2"}],"replies":[{"embeddable":true,"href":"https:\/\/lospoliticosveracruz.com\/index.php?rest_route=%2Fwp%2Fv2%2Fcomments&post=13433"}],"version-history":[{"count":2,"href":"https:\/\/lospoliticosveracruz.com\/index.php?rest_route=\/wp\/v2\/posts\/13433\/revisions"}],"predecessor-version":[{"id":13436,"href":"https:\/\/lospoliticosveracruz.com\/index.php?rest_route=\/wp\/v2\/posts\/13433\/revisions\/13436"}],"wp:attachment":[{"href":"https:\/\/lospoliticosveracruz.com\/index.php?rest_route=%2Fwp%2Fv2%2Fmedia&parent=13433"}],"wp:term":[{"taxonomy":"category","embeddable":true,"href":"https:\/\/lospoliticosveracruz.com\/index.php?rest_route=%2Fwp%2Fv2%2Fcategories&post=13433"},{"taxonomy":"post_tag","embeddable":true,"href":"https:\/\/lospoliticosveracruz.com\/index.php?rest_route=%2Fwp%2Fv2%2Ftags&post=13433"}],"curies":[{"name":"wp","href":"https:\/\/api.w.org\/{rel}","templated":true}]}}