{"id":134382,"date":"2024-12-18T19:53:46","date_gmt":"2024-12-19T01:53:46","guid":{"rendered":"https:\/\/lospoliticosveracruz.com.mx\/?p=134382"},"modified":"2024-12-18T19:53:59","modified_gmt":"2024-12-19T01:53:59","slug":"ganar-veracruz-en-2025-el-reto-para-morena","status":"publish","type":"post","link":"https:\/\/lospoliticosveracruz.com\/?p=134382","title":{"rendered":"GANAR VERACRUZ EN 2025, EL RETO PARA MORENA"},"content":{"rendered":"\n<p>S\u00edguenos ahora tambi\u00e9n en WhatsApp.\u00a0<a href=\"https:\/\/whatsapp.com\/channel\/0029Va8zRWlEKyZIP3Z1dF0e\"><em><strong>Da clic aqu\u00ed<\/strong><\/em><\/a><\/p>\n\n\n\n<p><strong>Luis Alberto Romero<\/strong><\/p>\n\n\n\n<p><em>Hora cero<br><\/em><\/p>\n\n\n\n<p>En el contexto del proceso electoral local para la renovaci\u00f3n de las presidencias municipales, uno de los puntos m\u00e1s disputados en la geograf\u00eda veracruzana es el puerto de Veracruz. Este municipio, el m\u00e1s poblado del estado con m\u00e1s de 600,000 habitantes, es muy importante en t\u00e9rminos electorales.<\/p>\n\n\n\n<p>A lo largo de los a\u00f1os, el puerto ha sido considerado un feudo del PAN, aunque en los \u00faltimos procesos electorales, el partido blanquiazul ha visto cada vez m\u00e1s dif\u00edcil traducir esa hegemon\u00eda en victorias contundentes en las urnas.<\/p>\n\n\n<div class=\"wp-block-image\">\n<figure class=\"alignleft size-medium\"><a href=\"https:\/\/lospoliticosveracruz.com.mx\/wp-content\/uploads\/2021\/10\/Zacauilt.jpg\"><img decoding=\"async\" src=\"https:\/\/lospoliticosveracruz.com.mx\/wp-content\/uploads\/2021\/10\/Zacauilt-150x300.jpg\" alt=\"\" class=\"wp-image-80558\"\/><\/a><\/figure>\n<\/div>\n\n\n<p>Un ejemplo claro de esta competencia se registr\u00f3 en las elecciones municipales de 2021, donde el resultado fue tan estrecho que tuvo que ser definido en tribunales.<\/p>\n\n\n\n<p>Despu\u00e9s de que el \u00e1rbitro electoral invalidara la candidatura de Miguel \u00c1ngel Yunes M\u00e1rquez, Acci\u00f3n Nacional, en alianza con PRI y PRD, postul\u00f3 a Patricia Lobeira, mientras que Morena eligi\u00f3 al empresario Ricardo Exsome Zapata como su candidato.<\/p>\n\n\n\n<p>Antes de iniciar las precampa\u00f1as, algunas encuestas indicaban que Morena y sus aliados (PVEM y PT) gozaban de una c\u00f3moda ventaja, casi 20 puntos, sobre la coalici\u00f3n opositora. Sin embargo, conforme avanzaba la etapa de proselitismo, la diferencia se redujo a tan solo 10 o 12 puntos. Al llegar a los d\u00edas decisivos, los candidatos de ambos partidos se encontraban pr\u00e1cticamente en un empate t\u00e9cnico.<\/p>\n\n\n\n<p>Al final, con un cierre muy ajustado, Patricia Lobeira, candidata de la coalici\u00f3n PAN-PRI-PRD, logr\u00f3 imponerse por un margen muy estrecho al abanderado de Morena. El panismo local supo revertir una tendencia que parec\u00eda claramente favorable a la 4T.<\/p>\n\n\n\n<p>Los observadores de la campa\u00f1a coinciden en se\u00f1alar que a Ricardo Exsome le falt\u00f3 recorrer a fondo el municipio; le falt\u00f3 caminar, dir\u00edan los simpatizantes de Morena. Es posible que se haya confiado en el respaldo de la marca Morena y en el elevado nivel de aprobaci\u00f3n de Andr\u00e9s Manuel L\u00f3pez Obrador. Sin embargo, el PAN supo aprovechar la oportunidad y, al final, logr\u00f3 la victoria.<\/p>\n\n\n\n<p>Lo que sucedi\u00f3 posteriormente en ese ayuntamiento, con el abandono del puerto y la creciente decepci\u00f3n de los ciudadanos hacia sus autoridades locales, es un tema aparte.<\/p>\n\n\n\n<p>Esa elecci\u00f3n, antecedente reciente, deber\u00eda servir como lecci\u00f3n para Morena en este momento, cuando se est\u00e1 a punto de tomar una decisi\u00f3n crucial sobre la candidatura. Un error en la selecci\u00f3n podr\u00eda ser costoso, a pesar de la inercia favorable que la 4T mantiene a nivel nacional y, particularmente, en Veracruz.<\/p>\n\n\n\n<p>Un dato adicional: la alianza entre Miguel \u00c1ngel Yunes y el coordinador de la bancada de Morena en el Senado, Ad\u00e1n Augusto L\u00f3pez, podr\u00eda significar el fortalecimiento de este grupo en la zona conurbada; ese v\u00ednculo, traducido en apoyo al clan Yunes desde las altas esferas del Movimiento, complicar\u00eda el escenario para una candidatura d\u00e9bil de la 4T; de ah\u00ed la importancia de que el morenismo local cuide al extremo su postulaci\u00f3n a la alcald\u00eda.<\/p>\n\n\n\n<p>En la interna de Morena, hasta ahora se han considerado cuatro posibles cartas: la legisladora federal Rosa Mar\u00eda Hern\u00e1ndez Espejo, el diputado local Pep\u00edn Ruiz, la exdiputada Anil\u00fa Ingram (quien se incorpor\u00f3 recientemente a la 4T) y, nuevamente Ricardo Exsome.<\/p>\n\n\n\n<p>Lo interesante ser\u00e1 observar hacia d\u00f3nde se inclinan los simpatizantes y militantes de Morena en el puerto; habr\u00e1 que ver, tambi\u00e9n, qu\u00e9 dicen las encuesta sobre las preferencias entre la poblaci\u00f3n abierta; es decir, entre quienes no militan en los partidos de la 4T.<\/p>\n\n\n\n<p>Lo cierto es que la selecci\u00f3n de esta candidatura definir\u00e1 el futuro de Morena en el puerto de Veracruz, la zona m\u00e1s importante de todo el estado en t\u00e9rminos electorales. Un error en la postulaci\u00f3n podr\u00eda frustrar el objetivo de la 4T de derrotar al PAN en este municipio emblem\u00e1tico, uno de los reductos que a\u00fan conserva el yunismo.<\/p>\n\n\n\n<p>@luisromero85<\/p>\n","protected":false},"excerpt":{"rendered":"<p>S\u00edguenos ahora tambi\u00e9n en WhatsApp.\u00a0Da clic aqu\u00ed Luis Alberto Romero Hora cero En el contexto del proceso electoral local para la renovaci\u00f3n de las presidencias municipales, uno de los puntos m\u00e1s disputados en la geograf\u00eda veracruzana es el puerto de Veracruz. Este municipio, el m\u00e1s poblado del estado con m\u00e1s de 600,000 habitantes, es muy [&hellip;]<\/p>\n","protected":false},"author":2,"featured_media":119912,"comment_status":"closed","ping_status":"closed","sticky":false,"template":"","format":"standard","meta":{"tdm_status":"","tdm_grid_status":"","footnotes":""},"categories":[70],"tags":[536,1026,13435,195],"class_list":{"0":"post-134382","1":"post","2":"type-post","3":"status-publish","4":"format-standard","5":"has-post-thumbnail","7":"category-de-opinion","8":"tag-miguel-angel-yunes-marquez","9":"tag-morena","10":"tag-ricardo-exsome-zapata","11":"tag-veracruz"},"yoast_head":"<!-- This site is optimized with the Yoast SEO plugin v27.4 - https:\/\/yoast.com\/product\/yoast-seo-wordpress\/ -->\n<title>GANAR VERACRUZ EN 2025, EL RETO PARA MORENA - Los pol\u00edticos Veracruz<\/title>\n<meta name=\"robots\" content=\"index, follow, max-snippet:-1, max-image-preview:large, max-video-preview:-1\" \/>\n<link rel=\"canonical\" href=\"https:\/\/lospoliticosveracruz.com\/?p=134382\" \/>\n<meta property=\"og:locale\" content=\"es_ES\" \/>\n<meta property=\"og:type\" content=\"article\" \/>\n<meta property=\"og:title\" content=\"GANAR VERACRUZ EN 2025, EL RETO PARA MORENA - Los pol\u00edticos Veracruz\" \/>\n<meta property=\"og:description\" content=\"S\u00edguenos ahora tambi\u00e9n en WhatsApp.\u00a0Da clic aqu\u00ed Luis Alberto Romero Hora cero En el contexto del proceso electoral local para la renovaci\u00f3n de las presidencias municipales, uno de los puntos m\u00e1s disputados en la geograf\u00eda veracruzana es el puerto de Veracruz. Este municipio, el m\u00e1s poblado del estado con m\u00e1s de 600,000 habitantes, es muy [&hellip;]\" \/>\n<meta property=\"og:url\" content=\"https:\/\/lospoliticosveracruz.com\/?p=134382\" \/>\n<meta property=\"og:site_name\" content=\"Los pol\u00edticos Veracruz\" \/>\n<meta property=\"article:publisher\" content=\"https:\/\/www.facebook.com\/people\/Notimemes-de-los-Polticos\/61565672886568\/\" \/>\n<meta property=\"article:published_time\" content=\"2024-12-19T01:53:46+00:00\" \/>\n<meta property=\"article:modified_time\" content=\"2024-12-19T01:53:59+00:00\" \/>\n<meta property=\"og:image\" content=\"https:\/\/lospoliticosveracruz.com\/wp-content\/uploads\/2024\/03\/Luis-Romero.jpg\" \/>\n\t<meta property=\"og:image:width\" content=\"1250\" \/>\n\t<meta property=\"og:image:height\" content=\"667\" \/>\n\t<meta property=\"og:image:type\" content=\"image\/jpeg\" \/>\n<meta name=\"author\" content=\"Lo viste en Los Pol\u00edticos\" \/>\n<meta name=\"twitter:card\" content=\"summary_large_image\" \/>\n<meta name=\"twitter:creator\" content=\"@LosPoliticosVer\" \/>\n<meta name=\"twitter:site\" content=\"@LosPoliticosVer\" \/>\n<meta name=\"twitter:label1\" content=\"Escrito por\" \/>\n\t<meta name=\"twitter:data1\" content=\"Lo viste en Los Pol\u00edticos\" \/>\n\t<meta name=\"twitter:label2\" content=\"Tiempo de lectura\" \/>\n\t<meta name=\"twitter:data2\" content=\"3 minutos\" \/>\n<script type=\"application\/ld+json\" class=\"yoast-schema-graph\">{\"@context\":\"https:\\\/\\\/schema.org\",\"@graph\":[{\"@type\":\"Article\",\"@id\":\"https:\\\/\\\/lospoliticosveracruz.com\\\/?p=134382#article\",\"isPartOf\":{\"@id\":\"https:\\\/\\\/lospoliticosveracruz.com\\\/?p=134382\"},\"author\":{\"name\":\"Lo viste en Los Pol\u00edticos\",\"@id\":\"https:\\\/\\\/lospoliticosveracruz.com\\\/#\\\/schema\\\/person\\\/b8702bb0e538456e6efd07080bf2a4a2\"},\"headline\":\"GANAR VERACRUZ EN 2025, EL RETO PARA MORENA\",\"datePublished\":\"2024-12-19T01:53:46+00:00\",\"dateModified\":\"2024-12-19T01:53:59+00:00\",\"mainEntityOfPage\":{\"@id\":\"https:\\\/\\\/lospoliticosveracruz.com\\\/?p=134382\"},\"wordCount\":690,\"publisher\":{\"@id\":\"https:\\\/\\\/lospoliticosveracruz.com\\\/#organization\"},\"image\":{\"@id\":\"https:\\\/\\\/lospoliticosveracruz.com\\\/?p=134382#primaryimage\"},\"thumbnailUrl\":\"https:\\\/\\\/lospoliticosveracruz.com\\\/wp-content\\\/uploads\\\/2024\\\/03\\\/Luis-Romero.jpg\",\"keywords\":[\"Miguel \u00c1ngel Yunes M\u00e1rquez\",\"Morena\",\"Ricardo Exsome Zapata\",\"Veracruz\"],\"articleSection\":[\"De Opini\u00f3n\"],\"inLanguage\":\"es\"},{\"@type\":\"WebPage\",\"@id\":\"https:\\\/\\\/lospoliticosveracruz.com\\\/?p=134382\",\"url\":\"https:\\\/\\\/lospoliticosveracruz.com\\\/?p=134382\",\"name\":\"GANAR VERACRUZ EN 2025, EL RETO PARA MORENA - Los pol\u00edticos Veracruz\",\"isPartOf\":{\"@id\":\"https:\\\/\\\/lospoliticosveracruz.com\\\/#website\"},\"primaryImageOfPage\":{\"@id\":\"https:\\\/\\\/lospoliticosveracruz.com\\\/?p=134382#primaryimage\"},\"image\":{\"@id\":\"https:\\\/\\\/lospoliticosveracruz.com\\\/?p=134382#primaryimage\"},\"thumbnailUrl\":\"https:\\\/\\\/lospoliticosveracruz.com\\\/wp-content\\\/uploads\\\/2024\\\/03\\\/Luis-Romero.jpg\",\"datePublished\":\"2024-12-19T01:53:46+00:00\",\"dateModified\":\"2024-12-19T01:53:59+00:00\",\"breadcrumb\":{\"@id\":\"https:\\\/\\\/lospoliticosveracruz.com\\\/?p=134382#breadcrumb\"},\"inLanguage\":\"es\",\"potentialAction\":[{\"@type\":\"ReadAction\",\"target\":[\"https:\\\/\\\/lospoliticosveracruz.com\\\/?p=134382\"]}]},{\"@type\":\"ImageObject\",\"inLanguage\":\"es\",\"@id\":\"https:\\\/\\\/lospoliticosveracruz.com\\\/?p=134382#primaryimage\",\"url\":\"https:\\\/\\\/lospoliticosveracruz.com\\\/wp-content\\\/uploads\\\/2024\\\/03\\\/Luis-Romero.jpg\",\"contentUrl\":\"https:\\\/\\\/lospoliticosveracruz.com\\\/wp-content\\\/uploads\\\/2024\\\/03\\\/Luis-Romero.jpg\",\"width\":1250,\"height\":667},{\"@type\":\"BreadcrumbList\",\"@id\":\"https:\\\/\\\/lospoliticosveracruz.com\\\/?p=134382#breadcrumb\",\"itemListElement\":[{\"@type\":\"ListItem\",\"position\":1,\"name\":\"Portada\",\"item\":\"https:\\\/\\\/lospoliticosveracruz.com\\\/\"},{\"@type\":\"ListItem\",\"position\":2,\"name\":\"GANAR VERACRUZ EN 2025, EL RETO PARA MORENA\"}]},{\"@type\":\"WebSite\",\"@id\":\"https:\\\/\\\/lospoliticosveracruz.com\\\/#website\",\"url\":\"https:\\\/\\\/lospoliticosveracruz.com\\\/\",\"name\":\"Los pol\u00edticos Veracruz\",\"description\":\"\",\"publisher\":{\"@id\":\"https:\\\/\\\/lospoliticosveracruz.com\\\/#organization\"},\"potentialAction\":[{\"@type\":\"SearchAction\",\"target\":{\"@type\":\"EntryPoint\",\"urlTemplate\":\"https:\\\/\\\/lospoliticosveracruz.com\\\/?s={search_term_string}\"},\"query-input\":{\"@type\":\"PropertyValueSpecification\",\"valueRequired\":true,\"valueName\":\"search_term_string\"}}],\"inLanguage\":\"es\"},{\"@type\":\"Organization\",\"@id\":\"https:\\\/\\\/lospoliticosveracruz.com\\\/#organization\",\"name\":\"Los pol\u00edticos Veracruz\",\"url\":\"https:\\\/\\\/lospoliticosveracruz.com\\\/\",\"logo\":{\"@type\":\"ImageObject\",\"inLanguage\":\"es\",\"@id\":\"https:\\\/\\\/lospoliticosveracruz.com\\\/#\\\/schema\\\/logo\\\/image\\\/\",\"url\":\"https:\\\/\\\/lospoliticosveracruz.com\\\/wp-content\\\/uploads\\\/2025\\\/12\\\/Logo-Nuevo-LOS-POLITICOS-1.jpg\",\"contentUrl\":\"https:\\\/\\\/lospoliticosveracruz.com\\\/wp-content\\\/uploads\\\/2025\\\/12\\\/Logo-Nuevo-LOS-POLITICOS-1.jpg\",\"width\":260,\"height\":70,\"caption\":\"Los pol\u00edticos Veracruz\"},\"image\":{\"@id\":\"https:\\\/\\\/lospoliticosveracruz.com\\\/#\\\/schema\\\/logo\\\/image\\\/\"},\"sameAs\":[\"https:\\\/\\\/www.facebook.com\\\/people\\\/Notimemes-de-los-Polticos\\\/61565672886568\\\/\",\"https:\\\/\\\/x.com\\\/LosPoliticosVer\"]},{\"@type\":\"Person\",\"@id\":\"https:\\\/\\\/lospoliticosveracruz.com\\\/#\\\/schema\\\/person\\\/b8702bb0e538456e6efd07080bf2a4a2\",\"name\":\"Lo viste en Los Pol\u00edticos\",\"image\":{\"@type\":\"ImageObject\",\"inLanguage\":\"es\",\"@id\":\"https:\\\/\\\/secure.gravatar.com\\\/avatar\\\/3a8de04a2656d44082be478bd6c086daa447c4651605818287b9532d3d0bd435?s=96&d=mm&r=g\",\"url\":\"https:\\\/\\\/secure.gravatar.com\\\/avatar\\\/3a8de04a2656d44082be478bd6c086daa447c4651605818287b9532d3d0bd435?s=96&d=mm&r=g\",\"contentUrl\":\"https:\\\/\\\/secure.gravatar.com\\\/avatar\\\/3a8de04a2656d44082be478bd6c086daa447c4651605818287b9532d3d0bd435?s=96&d=mm&r=g\",\"caption\":\"Lo viste en Los Pol\u00edticos\"},\"url\":\"https:\\\/\\\/lospoliticosveracruz.com\\\/?author=2\"}]}<\/script>\n<!-- \/ Yoast SEO plugin. -->","yoast_head_json":{"title":"GANAR VERACRUZ EN 2025, EL RETO PARA MORENA - Los pol\u00edticos Veracruz","robots":{"index":"index","follow":"follow","max-snippet":"max-snippet:-1","max-image-preview":"max-image-preview:large","max-video-preview":"max-video-preview:-1"},"canonical":"https:\/\/lospoliticosveracruz.com\/?p=134382","og_locale":"es_ES","og_type":"article","og_title":"GANAR VERACRUZ EN 2025, EL RETO PARA MORENA - Los pol\u00edticos Veracruz","og_description":"S\u00edguenos ahora tambi\u00e9n en WhatsApp.\u00a0Da clic aqu\u00ed Luis Alberto Romero Hora cero En el contexto del proceso electoral local para la renovaci\u00f3n de las presidencias municipales, uno de los puntos m\u00e1s disputados en la geograf\u00eda veracruzana es el puerto de Veracruz. Este municipio, el m\u00e1s poblado del estado con m\u00e1s de 600,000 habitantes, es muy [&hellip;]","og_url":"https:\/\/lospoliticosveracruz.com\/?p=134382","og_site_name":"Los pol\u00edticos Veracruz","article_publisher":"https:\/\/www.facebook.com\/people\/Notimemes-de-los-Polticos\/61565672886568\/","article_published_time":"2024-12-19T01:53:46+00:00","article_modified_time":"2024-12-19T01:53:59+00:00","og_image":[{"width":1250,"height":667,"url":"https:\/\/lospoliticosveracruz.com\/wp-content\/uploads\/2024\/03\/Luis-Romero.jpg","type":"image\/jpeg"}],"author":"Lo viste en Los Pol\u00edticos","twitter_card":"summary_large_image","twitter_creator":"@LosPoliticosVer","twitter_site":"@LosPoliticosVer","twitter_misc":{"Escrito por":"Lo viste en Los Pol\u00edticos","Tiempo de lectura":"3 minutos"},"schema":{"@context":"https:\/\/schema.org","@graph":[{"@type":"Article","@id":"https:\/\/lospoliticosveracruz.com\/?p=134382#article","isPartOf":{"@id":"https:\/\/lospoliticosveracruz.com\/?p=134382"},"author":{"name":"Lo viste en Los Pol\u00edticos","@id":"https:\/\/lospoliticosveracruz.com\/#\/schema\/person\/b8702bb0e538456e6efd07080bf2a4a2"},"headline":"GANAR VERACRUZ EN 2025, EL RETO PARA MORENA","datePublished":"2024-12-19T01:53:46+00:00","dateModified":"2024-12-19T01:53:59+00:00","mainEntityOfPage":{"@id":"https:\/\/lospoliticosveracruz.com\/?p=134382"},"wordCount":690,"publisher":{"@id":"https:\/\/lospoliticosveracruz.com\/#organization"},"image":{"@id":"https:\/\/lospoliticosveracruz.com\/?p=134382#primaryimage"},"thumbnailUrl":"https:\/\/lospoliticosveracruz.com\/wp-content\/uploads\/2024\/03\/Luis-Romero.jpg","keywords":["Miguel \u00c1ngel Yunes M\u00e1rquez","Morena","Ricardo Exsome Zapata","Veracruz"],"articleSection":["De Opini\u00f3n"],"inLanguage":"es"},{"@type":"WebPage","@id":"https:\/\/lospoliticosveracruz.com\/?p=134382","url":"https:\/\/lospoliticosveracruz.com\/?p=134382","name":"GANAR VERACRUZ EN 2025, EL RETO PARA MORENA - Los pol\u00edticos Veracruz","isPartOf":{"@id":"https:\/\/lospoliticosveracruz.com\/#website"},"primaryImageOfPage":{"@id":"https:\/\/lospoliticosveracruz.com\/?p=134382#primaryimage"},"image":{"@id":"https:\/\/lospoliticosveracruz.com\/?p=134382#primaryimage"},"thumbnailUrl":"https:\/\/lospoliticosveracruz.com\/wp-content\/uploads\/2024\/03\/Luis-Romero.jpg","datePublished":"2024-12-19T01:53:46+00:00","dateModified":"2024-12-19T01:53:59+00:00","breadcrumb":{"@id":"https:\/\/lospoliticosveracruz.com\/?p=134382#breadcrumb"},"inLanguage":"es","potentialAction":[{"@type":"ReadAction","target":["https:\/\/lospoliticosveracruz.com\/?p=134382"]}]},{"@type":"ImageObject","inLanguage":"es","@id":"https:\/\/lospoliticosveracruz.com\/?p=134382#primaryimage","url":"https:\/\/lospoliticosveracruz.com\/wp-content\/uploads\/2024\/03\/Luis-Romero.jpg","contentUrl":"https:\/\/lospoliticosveracruz.com\/wp-content\/uploads\/2024\/03\/Luis-Romero.jpg","width":1250,"height":667},{"@type":"BreadcrumbList","@id":"https:\/\/lospoliticosveracruz.com\/?p=134382#breadcrumb","itemListElement":[{"@type":"ListItem","position":1,"name":"Portada","item":"https:\/\/lospoliticosveracruz.com\/"},{"@type":"ListItem","position":2,"name":"GANAR VERACRUZ EN 2025, EL RETO PARA MORENA"}]},{"@type":"WebSite","@id":"https:\/\/lospoliticosveracruz.com\/#website","url":"https:\/\/lospoliticosveracruz.com\/","name":"Los pol\u00edticos Veracruz","description":"","publisher":{"@id":"https:\/\/lospoliticosveracruz.com\/#organization"},"potentialAction":[{"@type":"SearchAction","target":{"@type":"EntryPoint","urlTemplate":"https:\/\/lospoliticosveracruz.com\/?s={search_term_string}"},"query-input":{"@type":"PropertyValueSpecification","valueRequired":true,"valueName":"search_term_string"}}],"inLanguage":"es"},{"@type":"Organization","@id":"https:\/\/lospoliticosveracruz.com\/#organization","name":"Los pol\u00edticos Veracruz","url":"https:\/\/lospoliticosveracruz.com\/","logo":{"@type":"ImageObject","inLanguage":"es","@id":"https:\/\/lospoliticosveracruz.com\/#\/schema\/logo\/image\/","url":"https:\/\/lospoliticosveracruz.com\/wp-content\/uploads\/2025\/12\/Logo-Nuevo-LOS-POLITICOS-1.jpg","contentUrl":"https:\/\/lospoliticosveracruz.com\/wp-content\/uploads\/2025\/12\/Logo-Nuevo-LOS-POLITICOS-1.jpg","width":260,"height":70,"caption":"Los pol\u00edticos Veracruz"},"image":{"@id":"https:\/\/lospoliticosveracruz.com\/#\/schema\/logo\/image\/"},"sameAs":["https:\/\/www.facebook.com\/people\/Notimemes-de-los-Polticos\/61565672886568\/","https:\/\/x.com\/LosPoliticosVer"]},{"@type":"Person","@id":"https:\/\/lospoliticosveracruz.com\/#\/schema\/person\/b8702bb0e538456e6efd07080bf2a4a2","name":"Lo viste en Los Pol\u00edticos","image":{"@type":"ImageObject","inLanguage":"es","@id":"https:\/\/secure.gravatar.com\/avatar\/3a8de04a2656d44082be478bd6c086daa447c4651605818287b9532d3d0bd435?s=96&d=mm&r=g","url":"https:\/\/secure.gravatar.com\/avatar\/3a8de04a2656d44082be478bd6c086daa447c4651605818287b9532d3d0bd435?s=96&d=mm&r=g","contentUrl":"https:\/\/secure.gravatar.com\/avatar\/3a8de04a2656d44082be478bd6c086daa447c4651605818287b9532d3d0bd435?s=96&d=mm&r=g","caption":"Lo viste en Los Pol\u00edticos"},"url":"https:\/\/lospoliticosveracruz.com\/?author=2"}]}},"_links":{"self":[{"href":"https:\/\/lospoliticosveracruz.com\/index.php?rest_route=\/wp\/v2\/posts\/134382","targetHints":{"allow":["GET"]}}],"collection":[{"href":"https:\/\/lospoliticosveracruz.com\/index.php?rest_route=\/wp\/v2\/posts"}],"about":[{"href":"https:\/\/lospoliticosveracruz.com\/index.php?rest_route=\/wp\/v2\/types\/post"}],"author":[{"embeddable":true,"href":"https:\/\/lospoliticosveracruz.com\/index.php?rest_route=\/wp\/v2\/users\/2"}],"replies":[{"embeddable":true,"href":"https:\/\/lospoliticosveracruz.com\/index.php?rest_route=%2Fwp%2Fv2%2Fcomments&post=134382"}],"version-history":[{"count":1,"href":"https:\/\/lospoliticosveracruz.com\/index.php?rest_route=\/wp\/v2\/posts\/134382\/revisions"}],"predecessor-version":[{"id":134384,"href":"https:\/\/lospoliticosveracruz.com\/index.php?rest_route=\/wp\/v2\/posts\/134382\/revisions\/134384"}],"wp:featuredmedia":[{"embeddable":true,"href":"https:\/\/lospoliticosveracruz.com\/index.php?rest_route=\/wp\/v2\/media\/119912"}],"wp:attachment":[{"href":"https:\/\/lospoliticosveracruz.com\/index.php?rest_route=%2Fwp%2Fv2%2Fmedia&parent=134382"}],"wp:term":[{"taxonomy":"category","embeddable":true,"href":"https:\/\/lospoliticosveracruz.com\/index.php?rest_route=%2Fwp%2Fv2%2Fcategories&post=134382"},{"taxonomy":"post_tag","embeddable":true,"href":"https:\/\/lospoliticosveracruz.com\/index.php?rest_route=%2Fwp%2Fv2%2Ftags&post=134382"}],"curies":[{"name":"wp","href":"https:\/\/api.w.org\/{rel}","templated":true}]}}