{"id":134396,"date":"2024-12-19T05:51:51","date_gmt":"2024-12-19T11:51:51","guid":{"rendered":"https:\/\/lospoliticosveracruz.com.mx\/?p=134396"},"modified":"2024-12-19T05:52:09","modified_gmt":"2024-12-19T11:52:09","slug":"nahle-su-buena-estrella-o-la-rifa-del-tigre","status":"publish","type":"post","link":"https:\/\/lospoliticosveracruz.com\/?p=134396","title":{"rendered":"NAHLE, SU BUENA ESTRELLA O LA RIFA DEL TIGRE"},"content":{"rendered":"\n<p>[S\u00edguenos ahora tambi\u00e9n en WhatsApp.\u00a0<a href=\"https:\/\/whatsapp.com\/channel\/0029Va8zRWlEKyZIP3Z1dF0e\"><strong><em>Da clic aqu\u00ed<\/em><\/strong><\/a>]<br><strong>Ricardo Chua<\/strong><\/p>\n\n\n\n<p><em>Sale y Vale<\/em><\/p>\n\n\n\n<p>A pesar de todas las irregularidades financieras y fiscales que dej\u00f3 el gobierno de Cuitl\u00e1huac Garc\u00eda.. El gobierno estatal que encabeza Roc\u00edo Nahle, ser\u00e1 la administraci\u00f3n m\u00e1s APOYADA FINANCIERAMENTE en toda la historia de Veracruz.. Esto por parte del gobierno federal que encabeza Claudia Sheinbaum.. Le aumentaron las participaciones federales para el 2025.. Y esto podr\u00eda ser su triunfo o derrota como gobernadora.. As\u00ed de claro..<\/p>\n\n\n\n<p>Ya que a Veracruz le va a tocar, por lo menos, alrededor de 178 mil millones de pesos para el ejercicio fiscal del 2025 en esta entidad.. Es decir, el dinero que manejar\u00e1 el gobierno de Roc\u00edo Nahle para el pr\u00f3ximo a\u00f1o.. Y hay que recordar que el presupuesto con el cual empez\u00f3 la administraci\u00f3n de Cuitl\u00e1huac Garc\u00eda en el 2019, fue de 121 mil millones de pesos.. Por lo que la entidad en los 6 a\u00f1os de gobierno de MORENA ha tenido un aumento sustancial de sus participaciones federales.. Esto beneficia a Nahle..<\/p>\n\n\n\n<p>Esto a pesar de que el gobierno de Veracruz, no s\u00f3lo recauda menos, sino que tambi\u00e9n ha tenido m\u00e1s de 30 mil millones de pesos en SUBEJERCICIOS.. OJO esto lo hizo Cuitl\u00e1huac Garc\u00eda cuando le regresaba todo ese dinero que le pertenec\u00eda a la entidad, al gobierno de Andr\u00e9s Manuel L\u00f3pez Obrador porque el gobernador no los ocupaba, pero el Presidente si lo hac\u00eda en sus obras \u00abfara\u00f3nicas\u00bb o en los programas sociales de su administraci\u00f3n.. Dejando a Veracruz sin esa inversi\u00f3n de sus recursos..<\/p>\n\n\n\n<p>Por ello, pese a todo esto, de que una acci\u00f3n fiscal el regresar el dinero que no te gastaste como gobierno estatal.. La federaci\u00f3n te castiga en tus participaciones federales el ejercicio fiscal del siguiente a\u00f1o.. Pero eso, nunca le pas\u00f3 a Veracruz.. Ya que nunca cambi\u00f3 la f\u00f3rmula para asignar sus recursos pese a los subejercicios de Cuitl\u00e1huac.. Toda vez que a PEMEX y a la Comisi\u00f3n Federal de Electricidad, le van a mantener los recursos o incrementarlos un poco.. Se entiende que la participaci\u00f3n del Fondo Petrolero aumentar\u00eda..<\/p>\n\n\n\n<p>Sin embargo, ya todo el IEPS (Impuesto Especial sobre Producci\u00f3n y Servicios) y el IVA (Impuesto al Valor Agregado) del pa\u00eds.. Se va en pagar deuda p\u00fablica y privada.. Adem\u00e1s de pagar las pensiones.. Por lo tanto, no hay tales excedentes petroleros como tanto ha mencionado el gobierno federal.. Todo el presupuesto de la naci\u00f3n est\u00e1 basado en que las tarifas del d\u00f3lar no cambien.. No se alteren y el barril del petr\u00f3leo no baje.. Ya que si cualquiera de las dos pasa, hay un d\u00e9ficit brutal.. Que de por s\u00ed ya es de un bill\u00f3n de pesos..<\/p>\n\n\n\n<p>Adem\u00e1s el crecimiento econ\u00f3mico en M\u00e9xico m\u00e1ximo estimado es del 1.9, lo cual es una verg\u00fcenza.. Pero el de los realistas hasta en MORENA se dice que es del 1 por ciento cerrado.. Y no habr\u00e1 m\u00e1s crecimiento, entonces, hay una gran disminuci\u00f3n de recursos en el pa\u00eds.. Pero a pesar de ello, a gobiernos estatales como el de Veracruz.. Si le est\u00e1 tocando m\u00e1s recursos federales.. S\u00f3lo hay que tomar en cuenta que le est\u00e1n llegando otros recursos de manera extraordinaria..<\/p>\n\n\n\n<p>S\u00f3lo que estos son de proyectos ya aprobados en comisiones de la c\u00e1mara de diputados federales.. Como es el tema particular del puerto de Veracruz, que recibir\u00e1 mil 300 millones de pesos extras.. Y el tema adem\u00e1s del mill\u00f3n de viviendas aprobado por el INFONAVIT en comisiones que oscila en los 38 mil millones de pesos.. Que ser\u00e1n invertidos en zonas metropolitanas, donde la entidad cuenta con 8 de ellas, ya que perdi\u00f3 una que era Acayucan por los criterios que se manejan de zonas metropolitanas.. El estado tendr\u00e1 m\u00e1s dinero..<\/p>\n\n\n\n<p>Por lo que seguramente, esos recursos ser\u00e1n destinados en gran parte del Estado.. Que va a promover la inversi\u00f3n y el empleo.. Esto a pesar de que el gobierno estatal de Veracruz, se ha PORTADO MAL financieramente.. Se puede decir que se le est\u00e1 PREMIANDO al gobierno de Roc\u00edo Nahle.. As\u00ed que digan lo que digan, esta es la realidad presupuestal para esta entidad y los proyectos que se llevar\u00e1n a cabo en la misma tambi\u00e9n.. HA SIDO PREMIADA por el gobierno federal.. NO HAY DE OTRA..<\/p>\n\n\n\n<p>REFLEXI\u00d3N.. Al final del d\u00eda a Veracruz, se le est\u00e1 PREMIANDO con el crecimiento en su presupuesto de participaciones federales.. Mientras que tuvo que haber tenido una reducci\u00f3n en los mismos, por los subejercicios realizados en el gobierno de Cuitl\u00e1huac Garc\u00eda.. As\u00ed que Roc\u00edo Nahle tendr\u00e1 todo el recurso financiero bajo su mando para convertirse en la MEJOR GOBERNADOR de la historia.. Si no es as\u00ed ser\u00e1 porque su administraci\u00f3n habr\u00e1 fallado.. Nadie le hace \u00absombra\u00bb o le afecta\u2026 Tiene todo y ella tiene la \u00faltima palabra.. El triunfo o la derrota est\u00e1 en sus manos.. AMEN..<\/p>\n","protected":false},"excerpt":{"rendered":"<p>[S\u00edguenos ahora tambi\u00e9n en WhatsApp.\u00a0Da clic aqu\u00ed]Ricardo Chua Sale y Vale A pesar de todas las irregularidades financieras y fiscales que dej\u00f3 el gobierno de Cuitl\u00e1huac Garc\u00eda.. El gobierno estatal que encabeza Roc\u00edo Nahle, ser\u00e1 la administraci\u00f3n m\u00e1s APOYADA FINANCIERAMENTE en toda la historia de Veracruz.. Esto por parte del gobierno federal que encabeza Claudia [&hellip;]<\/p>\n","protected":false},"author":2,"featured_media":119817,"comment_status":"closed","ping_status":"closed","sticky":false,"template":"","format":"standard","meta":{"tdm_status":"","tdm_grid_status":"","footnotes":""},"categories":[70],"tags":[9627,1563,1026,3578,195],"class_list":{"0":"post-134396","1":"post","2":"type-post","3":"status-publish","4":"format-standard","5":"has-post-thumbnail","7":"category-de-opinion","8":"tag-claudia-sheinbaum","9":"tag-cuitlahuac-garcia-jimenez","10":"tag-morena","11":"tag-rocio-nahle","12":"tag-veracruz"},"yoast_head":"<!-- This site is optimized with the Yoast SEO plugin v27.4 - https:\/\/yoast.com\/product\/yoast-seo-wordpress\/ -->\n<title>NAHLE, SU BUENA ESTRELLA O LA RIFA DEL TIGRE - Los pol\u00edticos Veracruz<\/title>\n<meta name=\"robots\" content=\"index, follow, max-snippet:-1, max-image-preview:large, max-video-preview:-1\" \/>\n<link rel=\"canonical\" href=\"https:\/\/lospoliticosveracruz.com\/?p=134396\" \/>\n<meta property=\"og:locale\" content=\"es_ES\" \/>\n<meta property=\"og:type\" content=\"article\" \/>\n<meta property=\"og:title\" content=\"NAHLE, SU BUENA ESTRELLA O LA RIFA DEL TIGRE - Los pol\u00edticos Veracruz\" \/>\n<meta property=\"og:description\" content=\"[S\u00edguenos ahora tambi\u00e9n en WhatsApp.\u00a0Da clic aqu\u00ed]Ricardo Chua Sale y Vale A pesar de todas las irregularidades financieras y fiscales que dej\u00f3 el gobierno de Cuitl\u00e1huac Garc\u00eda.. El gobierno estatal que encabeza Roc\u00edo Nahle, ser\u00e1 la administraci\u00f3n m\u00e1s APOYADA FINANCIERAMENTE en toda la historia de Veracruz.. Esto por parte del gobierno federal que encabeza Claudia [&hellip;]\" \/>\n<meta property=\"og:url\" content=\"https:\/\/lospoliticosveracruz.com\/?p=134396\" \/>\n<meta property=\"og:site_name\" content=\"Los pol\u00edticos Veracruz\" \/>\n<meta property=\"article:publisher\" content=\"https:\/\/www.facebook.com\/people\/Notimemes-de-los-Polticos\/61565672886568\/\" \/>\n<meta property=\"article:published_time\" content=\"2024-12-19T11:51:51+00:00\" \/>\n<meta property=\"article:modified_time\" content=\"2024-12-19T11:52:09+00:00\" \/>\n<meta property=\"og:image\" content=\"https:\/\/lospoliticosveracruz.com\/wp-content\/uploads\/2024\/03\/Ricardo-Chua.jpg\" \/>\n\t<meta property=\"og:image:width\" content=\"1250\" \/>\n\t<meta property=\"og:image:height\" content=\"667\" \/>\n\t<meta property=\"og:image:type\" content=\"image\/jpeg\" \/>\n<meta name=\"author\" content=\"Lo viste en Los Pol\u00edticos\" \/>\n<meta name=\"twitter:card\" content=\"summary_large_image\" \/>\n<meta name=\"twitter:creator\" content=\"@LosPoliticosVer\" \/>\n<meta name=\"twitter:site\" content=\"@LosPoliticosVer\" \/>\n<meta name=\"twitter:label1\" content=\"Escrito por\" \/>\n\t<meta name=\"twitter:data1\" content=\"Lo viste en Los Pol\u00edticos\" \/>\n\t<meta name=\"twitter:label2\" content=\"Tiempo de lectura\" \/>\n\t<meta name=\"twitter:data2\" content=\"4 minutos\" \/>\n<script type=\"application\/ld+json\" class=\"yoast-schema-graph\">{\"@context\":\"https:\\\/\\\/schema.org\",\"@graph\":[{\"@type\":\"Article\",\"@id\":\"https:\\\/\\\/lospoliticosveracruz.com\\\/?p=134396#article\",\"isPartOf\":{\"@id\":\"https:\\\/\\\/lospoliticosveracruz.com\\\/?p=134396\"},\"author\":{\"name\":\"Lo viste en Los Pol\u00edticos\",\"@id\":\"https:\\\/\\\/lospoliticosveracruz.com\\\/#\\\/schema\\\/person\\\/b8702bb0e538456e6efd07080bf2a4a2\"},\"headline\":\"NAHLE, SU BUENA ESTRELLA O LA RIFA DEL TIGRE\",\"datePublished\":\"2024-12-19T11:51:51+00:00\",\"dateModified\":\"2024-12-19T11:52:09+00:00\",\"mainEntityOfPage\":{\"@id\":\"https:\\\/\\\/lospoliticosveracruz.com\\\/?p=134396\"},\"wordCount\":873,\"publisher\":{\"@id\":\"https:\\\/\\\/lospoliticosveracruz.com\\\/#organization\"},\"image\":{\"@id\":\"https:\\\/\\\/lospoliticosveracruz.com\\\/?p=134396#primaryimage\"},\"thumbnailUrl\":\"https:\\\/\\\/lospoliticosveracruz.com\\\/wp-content\\\/uploads\\\/2024\\\/03\\\/Ricardo-Chua.jpg\",\"keywords\":[\"Claudia Sheinbaum\",\"Cuitl\u00e1huac Garc\u00eda Jim\u00e9nez\",\"Morena\",\"Roc\u00edo Nahle\",\"Veracruz\"],\"articleSection\":[\"De Opini\u00f3n\"],\"inLanguage\":\"es\"},{\"@type\":\"WebPage\",\"@id\":\"https:\\\/\\\/lospoliticosveracruz.com\\\/?p=134396\",\"url\":\"https:\\\/\\\/lospoliticosveracruz.com\\\/?p=134396\",\"name\":\"NAHLE, SU BUENA ESTRELLA O LA RIFA DEL TIGRE - Los pol\u00edticos Veracruz\",\"isPartOf\":{\"@id\":\"https:\\\/\\\/lospoliticosveracruz.com\\\/#website\"},\"primaryImageOfPage\":{\"@id\":\"https:\\\/\\\/lospoliticosveracruz.com\\\/?p=134396#primaryimage\"},\"image\":{\"@id\":\"https:\\\/\\\/lospoliticosveracruz.com\\\/?p=134396#primaryimage\"},\"thumbnailUrl\":\"https:\\\/\\\/lospoliticosveracruz.com\\\/wp-content\\\/uploads\\\/2024\\\/03\\\/Ricardo-Chua.jpg\",\"datePublished\":\"2024-12-19T11:51:51+00:00\",\"dateModified\":\"2024-12-19T11:52:09+00:00\",\"breadcrumb\":{\"@id\":\"https:\\\/\\\/lospoliticosveracruz.com\\\/?p=134396#breadcrumb\"},\"inLanguage\":\"es\",\"potentialAction\":[{\"@type\":\"ReadAction\",\"target\":[\"https:\\\/\\\/lospoliticosveracruz.com\\\/?p=134396\"]}]},{\"@type\":\"ImageObject\",\"inLanguage\":\"es\",\"@id\":\"https:\\\/\\\/lospoliticosveracruz.com\\\/?p=134396#primaryimage\",\"url\":\"https:\\\/\\\/lospoliticosveracruz.com\\\/wp-content\\\/uploads\\\/2024\\\/03\\\/Ricardo-Chua.jpg\",\"contentUrl\":\"https:\\\/\\\/lospoliticosveracruz.com\\\/wp-content\\\/uploads\\\/2024\\\/03\\\/Ricardo-Chua.jpg\",\"width\":1250,\"height\":667},{\"@type\":\"BreadcrumbList\",\"@id\":\"https:\\\/\\\/lospoliticosveracruz.com\\\/?p=134396#breadcrumb\",\"itemListElement\":[{\"@type\":\"ListItem\",\"position\":1,\"name\":\"Portada\",\"item\":\"https:\\\/\\\/lospoliticosveracruz.com\\\/\"},{\"@type\":\"ListItem\",\"position\":2,\"name\":\"NAHLE, SU BUENA ESTRELLA O LA RIFA DEL TIGRE\"}]},{\"@type\":\"WebSite\",\"@id\":\"https:\\\/\\\/lospoliticosveracruz.com\\\/#website\",\"url\":\"https:\\\/\\\/lospoliticosveracruz.com\\\/\",\"name\":\"Los pol\u00edticos Veracruz\",\"description\":\"\",\"publisher\":{\"@id\":\"https:\\\/\\\/lospoliticosveracruz.com\\\/#organization\"},\"potentialAction\":[{\"@type\":\"SearchAction\",\"target\":{\"@type\":\"EntryPoint\",\"urlTemplate\":\"https:\\\/\\\/lospoliticosveracruz.com\\\/?s={search_term_string}\"},\"query-input\":{\"@type\":\"PropertyValueSpecification\",\"valueRequired\":true,\"valueName\":\"search_term_string\"}}],\"inLanguage\":\"es\"},{\"@type\":\"Organization\",\"@id\":\"https:\\\/\\\/lospoliticosveracruz.com\\\/#organization\",\"name\":\"Los pol\u00edticos Veracruz\",\"url\":\"https:\\\/\\\/lospoliticosveracruz.com\\\/\",\"logo\":{\"@type\":\"ImageObject\",\"inLanguage\":\"es\",\"@id\":\"https:\\\/\\\/lospoliticosveracruz.com\\\/#\\\/schema\\\/logo\\\/image\\\/\",\"url\":\"https:\\\/\\\/lospoliticosveracruz.com\\\/wp-content\\\/uploads\\\/2025\\\/12\\\/Logo-Nuevo-LOS-POLITICOS-1.jpg\",\"contentUrl\":\"https:\\\/\\\/lospoliticosveracruz.com\\\/wp-content\\\/uploads\\\/2025\\\/12\\\/Logo-Nuevo-LOS-POLITICOS-1.jpg\",\"width\":260,\"height\":70,\"caption\":\"Los pol\u00edticos Veracruz\"},\"image\":{\"@id\":\"https:\\\/\\\/lospoliticosveracruz.com\\\/#\\\/schema\\\/logo\\\/image\\\/\"},\"sameAs\":[\"https:\\\/\\\/www.facebook.com\\\/people\\\/Notimemes-de-los-Polticos\\\/61565672886568\\\/\",\"https:\\\/\\\/x.com\\\/LosPoliticosVer\"]},{\"@type\":\"Person\",\"@id\":\"https:\\\/\\\/lospoliticosveracruz.com\\\/#\\\/schema\\\/person\\\/b8702bb0e538456e6efd07080bf2a4a2\",\"name\":\"Lo viste en Los Pol\u00edticos\",\"image\":{\"@type\":\"ImageObject\",\"inLanguage\":\"es\",\"@id\":\"https:\\\/\\\/secure.gravatar.com\\\/avatar\\\/3a8de04a2656d44082be478bd6c086daa447c4651605818287b9532d3d0bd435?s=96&d=mm&r=g\",\"url\":\"https:\\\/\\\/secure.gravatar.com\\\/avatar\\\/3a8de04a2656d44082be478bd6c086daa447c4651605818287b9532d3d0bd435?s=96&d=mm&r=g\",\"contentUrl\":\"https:\\\/\\\/secure.gravatar.com\\\/avatar\\\/3a8de04a2656d44082be478bd6c086daa447c4651605818287b9532d3d0bd435?s=96&d=mm&r=g\",\"caption\":\"Lo viste en Los Pol\u00edticos\"},\"url\":\"https:\\\/\\\/lospoliticosveracruz.com\\\/?author=2\"}]}<\/script>\n<!-- \/ Yoast SEO plugin. -->","yoast_head_json":{"title":"NAHLE, SU BUENA ESTRELLA O LA RIFA DEL TIGRE - Los pol\u00edticos Veracruz","robots":{"index":"index","follow":"follow","max-snippet":"max-snippet:-1","max-image-preview":"max-image-preview:large","max-video-preview":"max-video-preview:-1"},"canonical":"https:\/\/lospoliticosveracruz.com\/?p=134396","og_locale":"es_ES","og_type":"article","og_title":"NAHLE, SU BUENA ESTRELLA O LA RIFA DEL TIGRE - Los pol\u00edticos Veracruz","og_description":"[S\u00edguenos ahora tambi\u00e9n en WhatsApp.\u00a0Da clic aqu\u00ed]Ricardo Chua Sale y Vale A pesar de todas las irregularidades financieras y fiscales que dej\u00f3 el gobierno de Cuitl\u00e1huac Garc\u00eda.. El gobierno estatal que encabeza Roc\u00edo Nahle, ser\u00e1 la administraci\u00f3n m\u00e1s APOYADA FINANCIERAMENTE en toda la historia de Veracruz.. Esto por parte del gobierno federal que encabeza Claudia [&hellip;]","og_url":"https:\/\/lospoliticosveracruz.com\/?p=134396","og_site_name":"Los pol\u00edticos Veracruz","article_publisher":"https:\/\/www.facebook.com\/people\/Notimemes-de-los-Polticos\/61565672886568\/","article_published_time":"2024-12-19T11:51:51+00:00","article_modified_time":"2024-12-19T11:52:09+00:00","og_image":[{"width":1250,"height":667,"url":"https:\/\/lospoliticosveracruz.com\/wp-content\/uploads\/2024\/03\/Ricardo-Chua.jpg","type":"image\/jpeg"}],"author":"Lo viste en Los Pol\u00edticos","twitter_card":"summary_large_image","twitter_creator":"@LosPoliticosVer","twitter_site":"@LosPoliticosVer","twitter_misc":{"Escrito por":"Lo viste en Los Pol\u00edticos","Tiempo de lectura":"4 minutos"},"schema":{"@context":"https:\/\/schema.org","@graph":[{"@type":"Article","@id":"https:\/\/lospoliticosveracruz.com\/?p=134396#article","isPartOf":{"@id":"https:\/\/lospoliticosveracruz.com\/?p=134396"},"author":{"name":"Lo viste en Los Pol\u00edticos","@id":"https:\/\/lospoliticosveracruz.com\/#\/schema\/person\/b8702bb0e538456e6efd07080bf2a4a2"},"headline":"NAHLE, SU BUENA ESTRELLA O LA RIFA DEL TIGRE","datePublished":"2024-12-19T11:51:51+00:00","dateModified":"2024-12-19T11:52:09+00:00","mainEntityOfPage":{"@id":"https:\/\/lospoliticosveracruz.com\/?p=134396"},"wordCount":873,"publisher":{"@id":"https:\/\/lospoliticosveracruz.com\/#organization"},"image":{"@id":"https:\/\/lospoliticosveracruz.com\/?p=134396#primaryimage"},"thumbnailUrl":"https:\/\/lospoliticosveracruz.com\/wp-content\/uploads\/2024\/03\/Ricardo-Chua.jpg","keywords":["Claudia Sheinbaum","Cuitl\u00e1huac Garc\u00eda Jim\u00e9nez","Morena","Roc\u00edo Nahle","Veracruz"],"articleSection":["De Opini\u00f3n"],"inLanguage":"es"},{"@type":"WebPage","@id":"https:\/\/lospoliticosveracruz.com\/?p=134396","url":"https:\/\/lospoliticosveracruz.com\/?p=134396","name":"NAHLE, SU BUENA ESTRELLA O LA RIFA DEL TIGRE - Los pol\u00edticos Veracruz","isPartOf":{"@id":"https:\/\/lospoliticosveracruz.com\/#website"},"primaryImageOfPage":{"@id":"https:\/\/lospoliticosveracruz.com\/?p=134396#primaryimage"},"image":{"@id":"https:\/\/lospoliticosveracruz.com\/?p=134396#primaryimage"},"thumbnailUrl":"https:\/\/lospoliticosveracruz.com\/wp-content\/uploads\/2024\/03\/Ricardo-Chua.jpg","datePublished":"2024-12-19T11:51:51+00:00","dateModified":"2024-12-19T11:52:09+00:00","breadcrumb":{"@id":"https:\/\/lospoliticosveracruz.com\/?p=134396#breadcrumb"},"inLanguage":"es","potentialAction":[{"@type":"ReadAction","target":["https:\/\/lospoliticosveracruz.com\/?p=134396"]}]},{"@type":"ImageObject","inLanguage":"es","@id":"https:\/\/lospoliticosveracruz.com\/?p=134396#primaryimage","url":"https:\/\/lospoliticosveracruz.com\/wp-content\/uploads\/2024\/03\/Ricardo-Chua.jpg","contentUrl":"https:\/\/lospoliticosveracruz.com\/wp-content\/uploads\/2024\/03\/Ricardo-Chua.jpg","width":1250,"height":667},{"@type":"BreadcrumbList","@id":"https:\/\/lospoliticosveracruz.com\/?p=134396#breadcrumb","itemListElement":[{"@type":"ListItem","position":1,"name":"Portada","item":"https:\/\/lospoliticosveracruz.com\/"},{"@type":"ListItem","position":2,"name":"NAHLE, SU BUENA ESTRELLA O LA RIFA DEL TIGRE"}]},{"@type":"WebSite","@id":"https:\/\/lospoliticosveracruz.com\/#website","url":"https:\/\/lospoliticosveracruz.com\/","name":"Los pol\u00edticos Veracruz","description":"","publisher":{"@id":"https:\/\/lospoliticosveracruz.com\/#organization"},"potentialAction":[{"@type":"SearchAction","target":{"@type":"EntryPoint","urlTemplate":"https:\/\/lospoliticosveracruz.com\/?s={search_term_string}"},"query-input":{"@type":"PropertyValueSpecification","valueRequired":true,"valueName":"search_term_string"}}],"inLanguage":"es"},{"@type":"Organization","@id":"https:\/\/lospoliticosveracruz.com\/#organization","name":"Los pol\u00edticos Veracruz","url":"https:\/\/lospoliticosveracruz.com\/","logo":{"@type":"ImageObject","inLanguage":"es","@id":"https:\/\/lospoliticosveracruz.com\/#\/schema\/logo\/image\/","url":"https:\/\/lospoliticosveracruz.com\/wp-content\/uploads\/2025\/12\/Logo-Nuevo-LOS-POLITICOS-1.jpg","contentUrl":"https:\/\/lospoliticosveracruz.com\/wp-content\/uploads\/2025\/12\/Logo-Nuevo-LOS-POLITICOS-1.jpg","width":260,"height":70,"caption":"Los pol\u00edticos Veracruz"},"image":{"@id":"https:\/\/lospoliticosveracruz.com\/#\/schema\/logo\/image\/"},"sameAs":["https:\/\/www.facebook.com\/people\/Notimemes-de-los-Polticos\/61565672886568\/","https:\/\/x.com\/LosPoliticosVer"]},{"@type":"Person","@id":"https:\/\/lospoliticosveracruz.com\/#\/schema\/person\/b8702bb0e538456e6efd07080bf2a4a2","name":"Lo viste en Los Pol\u00edticos","image":{"@type":"ImageObject","inLanguage":"es","@id":"https:\/\/secure.gravatar.com\/avatar\/3a8de04a2656d44082be478bd6c086daa447c4651605818287b9532d3d0bd435?s=96&d=mm&r=g","url":"https:\/\/secure.gravatar.com\/avatar\/3a8de04a2656d44082be478bd6c086daa447c4651605818287b9532d3d0bd435?s=96&d=mm&r=g","contentUrl":"https:\/\/secure.gravatar.com\/avatar\/3a8de04a2656d44082be478bd6c086daa447c4651605818287b9532d3d0bd435?s=96&d=mm&r=g","caption":"Lo viste en Los Pol\u00edticos"},"url":"https:\/\/lospoliticosveracruz.com\/?author=2"}]}},"_links":{"self":[{"href":"https:\/\/lospoliticosveracruz.com\/index.php?rest_route=\/wp\/v2\/posts\/134396","targetHints":{"allow":["GET"]}}],"collection":[{"href":"https:\/\/lospoliticosveracruz.com\/index.php?rest_route=\/wp\/v2\/posts"}],"about":[{"href":"https:\/\/lospoliticosveracruz.com\/index.php?rest_route=\/wp\/v2\/types\/post"}],"author":[{"embeddable":true,"href":"https:\/\/lospoliticosveracruz.com\/index.php?rest_route=\/wp\/v2\/users\/2"}],"replies":[{"embeddable":true,"href":"https:\/\/lospoliticosveracruz.com\/index.php?rest_route=%2Fwp%2Fv2%2Fcomments&post=134396"}],"version-history":[{"count":1,"href":"https:\/\/lospoliticosveracruz.com\/index.php?rest_route=\/wp\/v2\/posts\/134396\/revisions"}],"predecessor-version":[{"id":134397,"href":"https:\/\/lospoliticosveracruz.com\/index.php?rest_route=\/wp\/v2\/posts\/134396\/revisions\/134397"}],"wp:featuredmedia":[{"embeddable":true,"href":"https:\/\/lospoliticosveracruz.com\/index.php?rest_route=\/wp\/v2\/media\/119817"}],"wp:attachment":[{"href":"https:\/\/lospoliticosveracruz.com\/index.php?rest_route=%2Fwp%2Fv2%2Fmedia&parent=134396"}],"wp:term":[{"taxonomy":"category","embeddable":true,"href":"https:\/\/lospoliticosveracruz.com\/index.php?rest_route=%2Fwp%2Fv2%2Fcategories&post=134396"},{"taxonomy":"post_tag","embeddable":true,"href":"https:\/\/lospoliticosveracruz.com\/index.php?rest_route=%2Fwp%2Fv2%2Ftags&post=134396"}],"curies":[{"name":"wp","href":"https:\/\/api.w.org\/{rel}","templated":true}]}}