{"id":134401,"date":"2024-12-19T07:48:05","date_gmt":"2024-12-19T13:48:05","guid":{"rendered":"https:\/\/lospoliticosveracruz.com.mx\/?p=134401"},"modified":"2024-12-19T07:48:16","modified_gmt":"2024-12-19T13:48:16","slug":"cultura-xalapena","status":"publish","type":"post","link":"https:\/\/lospoliticosveracruz.com\/?p=134401","title":{"rendered":"CULTURA XALAPE\u00d1A\u00a0"},"content":{"rendered":"\n<p>S\u00edguenos ahora tambi\u00e9n en WhatsApp.&nbsp;<a href=\"https:\/\/whatsapp.com\/channel\/0029Va8zRWlEKyZIP3Z1dF0e\"><strong><em>Da clic aqu\u00ed<\/em><\/strong><\/a><\/p>\n\n\n\n<p><strong>Uriel Flores Aguayo<\/strong>&nbsp;<\/p>\n\n\n\n<p>Pienso en definiciones amplias de la cultura como contexto de este art\u00edculo. No se debe creer que la cultura es equivalente a las artes, aunque las incluye. En el conjunto de conocimientos y pr\u00e1cticas culturales est\u00e1n las costumbres. Tambi\u00e9n ellas tienen su amplitud y complejidad. En relaci\u00f3n a Xalapa, adem\u00e1s de las pr\u00e1cticas comunes a Veracruz y a M\u00e9xico, hay elementos espec\u00edficos que crean identidad y trascienden al lenguaje y a la comunicaci\u00f3n. Tomemos algunos ejemplos de nombres de colonias: colonia \u201cRub\u00e9n Jaramillo\u201d, un aut\u00e9ntico luchador social y casi guerrillero que inspir\u00f3 a Don Juanito L\u00f3pez , su fundador, a ponerle ese nombre del que casi nadie de sus habitantes sabe el origen y significado; colonia PROVIPO, se encuentra junto a la colonia \u201c casa blanca\u201d, fue creada como gesti\u00f3n social por un grupo de activistas que se denominaron promotora de vivienda popular, antecedente del MOPI, y se le qued\u00f3 ese nombre, es seguro que quienes la habitan desconocen origen y significado; as\u00ed hay otras colonias y calles cuyos nombres fueron circunstanciales u ocurrencias. Pero se volvieron costumbre.<\/p>\n\n\n<div class=\"wp-block-image\">\n<figure class=\"alignleft size-thumbnail\"><a href=\"https:\/\/lospoliticosveracruz.com.mx\/wp-content\/uploads\/2024\/05\/IMG_0341-e1716950925234.jpeg\"><img loading=\"lazy\" decoding=\"async\" width=\"150\" height=\"150\" src=\"https:\/\/lospoliticosveracruz.com.mx\/wp-content\/uploads\/2024\/05\/IMG_0341-150x150.jpeg\" alt=\"\" class=\"wp-image-125332\"\/><\/a><\/figure>\n<\/div>\n\n\n<p>La avenida \u201c L\u00e1zaro Cardenas\u201d, de las m\u00e1s extensas de nuestra ciudad, lleva ese nombre desde hace muchos a\u00f1os, es su denominaci\u00f3n oficial, sin embargo es fecha que la mayor\u00eda de los autobuses del servicio de transporte llevan el nombre de \u201c circunvalaci\u00f3n\u201d, como se llam\u00f3 inicialmente cuando sirvi\u00f3 como libramiento de Xalapa. La zona de lo que fue la reserva territorial cuenta con unas doce colonias, pero es com\u00fan referirse a ella simplemente como la reserva. El cerro de Macuiltepetl es el cerro, los lagos del Dique son los lagos, la plazuela del carb\u00f3n es el \u00e1rbol, el parque Miguel Hidalgo son los berros, y as\u00ed se pueden se\u00f1alar otros ejemplos. \u201c La cruz de la misi\u00f3n\u201d, Ermita destruida para ampliar la calle \u201c Revoluci\u00f3n\u201d, sigue dando ese nombre a la zona que la vio nacer hace varias d\u00e9cadas; \u201c la roca de oro\u201d, popular tienda de la avenida 20 de noviembre, es referencia de esa zona despu\u00e9s de muchos a\u00f1os de haber desaparecido; igualmente pasa con \u201c el meridiano\u201d, antigua tienda de la avenida \u201c \u00c1vila Camacho\u201d. Los nombres oficiales en muchos casos resultan artificiales y sobre puestos, m\u00e1s como imposici\u00f3n del discurso oficial, pero no inciden en el imaginario popular.&nbsp;<\/p>\n\n\n\n<p>Cerca de Xalapa tenemos algunos casos de contundente confirmaci\u00f3n de lo anterior y que ilustran claramente ese af\u00e1n pol\u00edtico por disponer de la identidad cultural de las poblaciones: es el caso de San Miguel del Soldado, poblaci\u00f3n cercana a Xalapa, a la que le cambiaron el nombre por el de \u201c Rafael Lucio\u201d; es tan fuerte la costumbre de llamarla conforme a su origen que popularmente se le sigue nombrando como tal; incluso tiene una fuerte fiesta patronal. Otro caso paradigm\u00e1tico son Las Vigas, cuyo nombre fue modificado por el de \u201c Rafael Ram\u00edrez\u201d; es una conocida cabecera municipal a la que el com\u00fan de sus habitantes le contin\u00faan llamando de acuerdo a su origen. En ambos casos estamos hablando de decisiones pol\u00edticas que no respetan la identidad y costumbres de esos ciudadanos. La identidad de la gente resulta m\u00e1s fuerte que las imposiciones de nomenclatura, cuya definici\u00f3n cubre el acto de poner un nombre y a los que lo deciden ; es dignidad en muchos sentidos. Tanto en Xalapa como en el resto de Veracruz, hay muchos casos similares que deber\u00edan documentarse como parte de nuestra historia e identidad.&nbsp;<\/p>\n\n\n\n<p>Recadito: recibos de CMAS por las nubes.<\/p>\n","protected":false},"excerpt":{"rendered":"<p>S\u00edguenos ahora tambi\u00e9n en WhatsApp.&nbsp;Da clic aqu\u00ed Uriel Flores Aguayo&nbsp; Pienso en definiciones amplias de la cultura como contexto de este art\u00edculo. No se debe creer que la cultura es equivalente a las artes, aunque las incluye. En el conjunto de conocimientos y pr\u00e1cticas culturales est\u00e1n las costumbres. Tambi\u00e9n ellas tienen su amplitud y complejidad. [&hellip;]<\/p>\n","protected":false},"author":2,"featured_media":119915,"comment_status":"closed","ping_status":"closed","sticky":false,"template":"","format":"standard","meta":{"tdm_status":"","tdm_grid_status":"","footnotes":""},"categories":[70],"tags":[786,2552,96],"class_list":{"0":"post-134401","1":"post","2":"type-post","3":"status-publish","4":"format-standard","5":"has-post-thumbnail","7":"category-de-opinion","8":"tag-cmas","9":"tag-uriel-flores-aguayo","10":"tag-xalapa"},"yoast_head":"<!-- This site is optimized with the Yoast SEO plugin v27.4 - https:\/\/yoast.com\/product\/yoast-seo-wordpress\/ -->\n<title>CULTURA XALAPE\u00d1A\u00a0 - Los pol\u00edticos Veracruz<\/title>\n<meta name=\"robots\" content=\"index, follow, max-snippet:-1, max-image-preview:large, max-video-preview:-1\" \/>\n<link rel=\"canonical\" href=\"https:\/\/lospoliticosveracruz.com\/?p=134401\" \/>\n<meta property=\"og:locale\" content=\"es_ES\" \/>\n<meta property=\"og:type\" content=\"article\" \/>\n<meta property=\"og:title\" content=\"CULTURA XALAPE\u00d1A\u00a0 - Los pol\u00edticos Veracruz\" \/>\n<meta property=\"og:description\" content=\"S\u00edguenos ahora tambi\u00e9n en WhatsApp.&nbsp;Da clic aqu\u00ed Uriel Flores Aguayo&nbsp; Pienso en definiciones amplias de la cultura como contexto de este art\u00edculo. No se debe creer que la cultura es equivalente a las artes, aunque las incluye. En el conjunto de conocimientos y pr\u00e1cticas culturales est\u00e1n las costumbres. Tambi\u00e9n ellas tienen su amplitud y complejidad. [&hellip;]\" \/>\n<meta property=\"og:url\" content=\"https:\/\/lospoliticosveracruz.com\/?p=134401\" \/>\n<meta property=\"og:site_name\" content=\"Los pol\u00edticos Veracruz\" \/>\n<meta property=\"article:publisher\" content=\"https:\/\/www.facebook.com\/people\/Notimemes-de-los-Polticos\/61565672886568\/\" \/>\n<meta property=\"article:published_time\" content=\"2024-12-19T13:48:05+00:00\" \/>\n<meta property=\"article:modified_time\" content=\"2024-12-19T13:48:16+00:00\" \/>\n<meta property=\"og:image\" content=\"https:\/\/lospoliticosveracruz.com\/wp-content\/uploads\/2024\/03\/Uriel-Flores.jpg\" \/>\n\t<meta property=\"og:image:width\" content=\"1250\" \/>\n\t<meta property=\"og:image:height\" content=\"667\" \/>\n\t<meta property=\"og:image:type\" content=\"image\/jpeg\" \/>\n<meta name=\"author\" content=\"Lo viste en Los Pol\u00edticos\" \/>\n<meta name=\"twitter:card\" content=\"summary_large_image\" \/>\n<meta name=\"twitter:creator\" content=\"@LosPoliticosVer\" \/>\n<meta name=\"twitter:site\" content=\"@LosPoliticosVer\" \/>\n<meta name=\"twitter:label1\" content=\"Escrito por\" \/>\n\t<meta name=\"twitter:data1\" content=\"Lo viste en Los Pol\u00edticos\" \/>\n\t<meta name=\"twitter:label2\" content=\"Tiempo de lectura\" \/>\n\t<meta name=\"twitter:data2\" content=\"3 minutos\" \/>\n<script type=\"application\/ld+json\" class=\"yoast-schema-graph\">{\"@context\":\"https:\\\/\\\/schema.org\",\"@graph\":[{\"@type\":\"Article\",\"@id\":\"https:\\\/\\\/lospoliticosveracruz.com\\\/?p=134401#article\",\"isPartOf\":{\"@id\":\"https:\\\/\\\/lospoliticosveracruz.com\\\/?p=134401\"},\"author\":{\"name\":\"Lo viste en Los Pol\u00edticos\",\"@id\":\"https:\\\/\\\/lospoliticosveracruz.com\\\/#\\\/schema\\\/person\\\/b8702bb0e538456e6efd07080bf2a4a2\"},\"headline\":\"CULTURA XALAPE\u00d1A\u00a0\",\"datePublished\":\"2024-12-19T13:48:05+00:00\",\"dateModified\":\"2024-12-19T13:48:16+00:00\",\"mainEntityOfPage\":{\"@id\":\"https:\\\/\\\/lospoliticosveracruz.com\\\/?p=134401\"},\"wordCount\":627,\"publisher\":{\"@id\":\"https:\\\/\\\/lospoliticosveracruz.com\\\/#organization\"},\"image\":{\"@id\":\"https:\\\/\\\/lospoliticosveracruz.com\\\/?p=134401#primaryimage\"},\"thumbnailUrl\":\"https:\\\/\\\/lospoliticosveracruz.com\\\/wp-content\\\/uploads\\\/2024\\\/03\\\/Uriel-Flores.jpg\",\"keywords\":[\"CMAS\",\"Uriel Flores Aguayo\",\"Xalapa\"],\"articleSection\":[\"De Opini\u00f3n\"],\"inLanguage\":\"es\"},{\"@type\":\"WebPage\",\"@id\":\"https:\\\/\\\/lospoliticosveracruz.com\\\/?p=134401\",\"url\":\"https:\\\/\\\/lospoliticosveracruz.com\\\/?p=134401\",\"name\":\"CULTURA XALAPE\u00d1A\u00a0 - Los pol\u00edticos Veracruz\",\"isPartOf\":{\"@id\":\"https:\\\/\\\/lospoliticosveracruz.com\\\/#website\"},\"primaryImageOfPage\":{\"@id\":\"https:\\\/\\\/lospoliticosveracruz.com\\\/?p=134401#primaryimage\"},\"image\":{\"@id\":\"https:\\\/\\\/lospoliticosveracruz.com\\\/?p=134401#primaryimage\"},\"thumbnailUrl\":\"https:\\\/\\\/lospoliticosveracruz.com\\\/wp-content\\\/uploads\\\/2024\\\/03\\\/Uriel-Flores.jpg\",\"datePublished\":\"2024-12-19T13:48:05+00:00\",\"dateModified\":\"2024-12-19T13:48:16+00:00\",\"breadcrumb\":{\"@id\":\"https:\\\/\\\/lospoliticosveracruz.com\\\/?p=134401#breadcrumb\"},\"inLanguage\":\"es\",\"potentialAction\":[{\"@type\":\"ReadAction\",\"target\":[\"https:\\\/\\\/lospoliticosveracruz.com\\\/?p=134401\"]}]},{\"@type\":\"ImageObject\",\"inLanguage\":\"es\",\"@id\":\"https:\\\/\\\/lospoliticosveracruz.com\\\/?p=134401#primaryimage\",\"url\":\"https:\\\/\\\/lospoliticosveracruz.com\\\/wp-content\\\/uploads\\\/2024\\\/03\\\/Uriel-Flores.jpg\",\"contentUrl\":\"https:\\\/\\\/lospoliticosveracruz.com\\\/wp-content\\\/uploads\\\/2024\\\/03\\\/Uriel-Flores.jpg\",\"width\":1250,\"height\":667},{\"@type\":\"BreadcrumbList\",\"@id\":\"https:\\\/\\\/lospoliticosveracruz.com\\\/?p=134401#breadcrumb\",\"itemListElement\":[{\"@type\":\"ListItem\",\"position\":1,\"name\":\"Portada\",\"item\":\"https:\\\/\\\/lospoliticosveracruz.com\\\/\"},{\"@type\":\"ListItem\",\"position\":2,\"name\":\"CULTURA XALAPE\u00d1A\u00a0\"}]},{\"@type\":\"WebSite\",\"@id\":\"https:\\\/\\\/lospoliticosveracruz.com\\\/#website\",\"url\":\"https:\\\/\\\/lospoliticosveracruz.com\\\/\",\"name\":\"Los pol\u00edticos Veracruz\",\"description\":\"\",\"publisher\":{\"@id\":\"https:\\\/\\\/lospoliticosveracruz.com\\\/#organization\"},\"potentialAction\":[{\"@type\":\"SearchAction\",\"target\":{\"@type\":\"EntryPoint\",\"urlTemplate\":\"https:\\\/\\\/lospoliticosveracruz.com\\\/?s={search_term_string}\"},\"query-input\":{\"@type\":\"PropertyValueSpecification\",\"valueRequired\":true,\"valueName\":\"search_term_string\"}}],\"inLanguage\":\"es\"},{\"@type\":\"Organization\",\"@id\":\"https:\\\/\\\/lospoliticosveracruz.com\\\/#organization\",\"name\":\"Los pol\u00edticos Veracruz\",\"url\":\"https:\\\/\\\/lospoliticosveracruz.com\\\/\",\"logo\":{\"@type\":\"ImageObject\",\"inLanguage\":\"es\",\"@id\":\"https:\\\/\\\/lospoliticosveracruz.com\\\/#\\\/schema\\\/logo\\\/image\\\/\",\"url\":\"https:\\\/\\\/lospoliticosveracruz.com\\\/wp-content\\\/uploads\\\/2025\\\/12\\\/Logo-Nuevo-LOS-POLITICOS-1.jpg\",\"contentUrl\":\"https:\\\/\\\/lospoliticosveracruz.com\\\/wp-content\\\/uploads\\\/2025\\\/12\\\/Logo-Nuevo-LOS-POLITICOS-1.jpg\",\"width\":260,\"height\":70,\"caption\":\"Los pol\u00edticos Veracruz\"},\"image\":{\"@id\":\"https:\\\/\\\/lospoliticosveracruz.com\\\/#\\\/schema\\\/logo\\\/image\\\/\"},\"sameAs\":[\"https:\\\/\\\/www.facebook.com\\\/people\\\/Notimemes-de-los-Polticos\\\/61565672886568\\\/\",\"https:\\\/\\\/x.com\\\/LosPoliticosVer\"]},{\"@type\":\"Person\",\"@id\":\"https:\\\/\\\/lospoliticosveracruz.com\\\/#\\\/schema\\\/person\\\/b8702bb0e538456e6efd07080bf2a4a2\",\"name\":\"Lo viste en Los Pol\u00edticos\",\"image\":{\"@type\":\"ImageObject\",\"inLanguage\":\"es\",\"@id\":\"https:\\\/\\\/secure.gravatar.com\\\/avatar\\\/3a8de04a2656d44082be478bd6c086daa447c4651605818287b9532d3d0bd435?s=96&d=mm&r=g\",\"url\":\"https:\\\/\\\/secure.gravatar.com\\\/avatar\\\/3a8de04a2656d44082be478bd6c086daa447c4651605818287b9532d3d0bd435?s=96&d=mm&r=g\",\"contentUrl\":\"https:\\\/\\\/secure.gravatar.com\\\/avatar\\\/3a8de04a2656d44082be478bd6c086daa447c4651605818287b9532d3d0bd435?s=96&d=mm&r=g\",\"caption\":\"Lo viste en Los Pol\u00edticos\"},\"url\":\"https:\\\/\\\/lospoliticosveracruz.com\\\/?author=2\"}]}<\/script>\n<!-- \/ Yoast SEO plugin. -->","yoast_head_json":{"title":"CULTURA XALAPE\u00d1A\u00a0 - Los pol\u00edticos Veracruz","robots":{"index":"index","follow":"follow","max-snippet":"max-snippet:-1","max-image-preview":"max-image-preview:large","max-video-preview":"max-video-preview:-1"},"canonical":"https:\/\/lospoliticosveracruz.com\/?p=134401","og_locale":"es_ES","og_type":"article","og_title":"CULTURA XALAPE\u00d1A\u00a0 - Los pol\u00edticos Veracruz","og_description":"S\u00edguenos ahora tambi\u00e9n en WhatsApp.&nbsp;Da clic aqu\u00ed Uriel Flores Aguayo&nbsp; Pienso en definiciones amplias de la cultura como contexto de este art\u00edculo. No se debe creer que la cultura es equivalente a las artes, aunque las incluye. En el conjunto de conocimientos y pr\u00e1cticas culturales est\u00e1n las costumbres. Tambi\u00e9n ellas tienen su amplitud y complejidad. [&hellip;]","og_url":"https:\/\/lospoliticosveracruz.com\/?p=134401","og_site_name":"Los pol\u00edticos Veracruz","article_publisher":"https:\/\/www.facebook.com\/people\/Notimemes-de-los-Polticos\/61565672886568\/","article_published_time":"2024-12-19T13:48:05+00:00","article_modified_time":"2024-12-19T13:48:16+00:00","og_image":[{"width":1250,"height":667,"url":"https:\/\/lospoliticosveracruz.com\/wp-content\/uploads\/2024\/03\/Uriel-Flores.jpg","type":"image\/jpeg"}],"author":"Lo viste en Los Pol\u00edticos","twitter_card":"summary_large_image","twitter_creator":"@LosPoliticosVer","twitter_site":"@LosPoliticosVer","twitter_misc":{"Escrito por":"Lo viste en Los Pol\u00edticos","Tiempo de lectura":"3 minutos"},"schema":{"@context":"https:\/\/schema.org","@graph":[{"@type":"Article","@id":"https:\/\/lospoliticosveracruz.com\/?p=134401#article","isPartOf":{"@id":"https:\/\/lospoliticosveracruz.com\/?p=134401"},"author":{"name":"Lo viste en Los Pol\u00edticos","@id":"https:\/\/lospoliticosveracruz.com\/#\/schema\/person\/b8702bb0e538456e6efd07080bf2a4a2"},"headline":"CULTURA XALAPE\u00d1A\u00a0","datePublished":"2024-12-19T13:48:05+00:00","dateModified":"2024-12-19T13:48:16+00:00","mainEntityOfPage":{"@id":"https:\/\/lospoliticosveracruz.com\/?p=134401"},"wordCount":627,"publisher":{"@id":"https:\/\/lospoliticosveracruz.com\/#organization"},"image":{"@id":"https:\/\/lospoliticosveracruz.com\/?p=134401#primaryimage"},"thumbnailUrl":"https:\/\/lospoliticosveracruz.com\/wp-content\/uploads\/2024\/03\/Uriel-Flores.jpg","keywords":["CMAS","Uriel Flores Aguayo","Xalapa"],"articleSection":["De Opini\u00f3n"],"inLanguage":"es"},{"@type":"WebPage","@id":"https:\/\/lospoliticosveracruz.com\/?p=134401","url":"https:\/\/lospoliticosveracruz.com\/?p=134401","name":"CULTURA XALAPE\u00d1A\u00a0 - Los pol\u00edticos Veracruz","isPartOf":{"@id":"https:\/\/lospoliticosveracruz.com\/#website"},"primaryImageOfPage":{"@id":"https:\/\/lospoliticosveracruz.com\/?p=134401#primaryimage"},"image":{"@id":"https:\/\/lospoliticosveracruz.com\/?p=134401#primaryimage"},"thumbnailUrl":"https:\/\/lospoliticosveracruz.com\/wp-content\/uploads\/2024\/03\/Uriel-Flores.jpg","datePublished":"2024-12-19T13:48:05+00:00","dateModified":"2024-12-19T13:48:16+00:00","breadcrumb":{"@id":"https:\/\/lospoliticosveracruz.com\/?p=134401#breadcrumb"},"inLanguage":"es","potentialAction":[{"@type":"ReadAction","target":["https:\/\/lospoliticosveracruz.com\/?p=134401"]}]},{"@type":"ImageObject","inLanguage":"es","@id":"https:\/\/lospoliticosveracruz.com\/?p=134401#primaryimage","url":"https:\/\/lospoliticosveracruz.com\/wp-content\/uploads\/2024\/03\/Uriel-Flores.jpg","contentUrl":"https:\/\/lospoliticosveracruz.com\/wp-content\/uploads\/2024\/03\/Uriel-Flores.jpg","width":1250,"height":667},{"@type":"BreadcrumbList","@id":"https:\/\/lospoliticosveracruz.com\/?p=134401#breadcrumb","itemListElement":[{"@type":"ListItem","position":1,"name":"Portada","item":"https:\/\/lospoliticosveracruz.com\/"},{"@type":"ListItem","position":2,"name":"CULTURA XALAPE\u00d1A\u00a0"}]},{"@type":"WebSite","@id":"https:\/\/lospoliticosveracruz.com\/#website","url":"https:\/\/lospoliticosveracruz.com\/","name":"Los pol\u00edticos Veracruz","description":"","publisher":{"@id":"https:\/\/lospoliticosveracruz.com\/#organization"},"potentialAction":[{"@type":"SearchAction","target":{"@type":"EntryPoint","urlTemplate":"https:\/\/lospoliticosveracruz.com\/?s={search_term_string}"},"query-input":{"@type":"PropertyValueSpecification","valueRequired":true,"valueName":"search_term_string"}}],"inLanguage":"es"},{"@type":"Organization","@id":"https:\/\/lospoliticosveracruz.com\/#organization","name":"Los pol\u00edticos Veracruz","url":"https:\/\/lospoliticosveracruz.com\/","logo":{"@type":"ImageObject","inLanguage":"es","@id":"https:\/\/lospoliticosveracruz.com\/#\/schema\/logo\/image\/","url":"https:\/\/lospoliticosveracruz.com\/wp-content\/uploads\/2025\/12\/Logo-Nuevo-LOS-POLITICOS-1.jpg","contentUrl":"https:\/\/lospoliticosveracruz.com\/wp-content\/uploads\/2025\/12\/Logo-Nuevo-LOS-POLITICOS-1.jpg","width":260,"height":70,"caption":"Los pol\u00edticos Veracruz"},"image":{"@id":"https:\/\/lospoliticosveracruz.com\/#\/schema\/logo\/image\/"},"sameAs":["https:\/\/www.facebook.com\/people\/Notimemes-de-los-Polticos\/61565672886568\/","https:\/\/x.com\/LosPoliticosVer"]},{"@type":"Person","@id":"https:\/\/lospoliticosveracruz.com\/#\/schema\/person\/b8702bb0e538456e6efd07080bf2a4a2","name":"Lo viste en Los Pol\u00edticos","image":{"@type":"ImageObject","inLanguage":"es","@id":"https:\/\/secure.gravatar.com\/avatar\/3a8de04a2656d44082be478bd6c086daa447c4651605818287b9532d3d0bd435?s=96&d=mm&r=g","url":"https:\/\/secure.gravatar.com\/avatar\/3a8de04a2656d44082be478bd6c086daa447c4651605818287b9532d3d0bd435?s=96&d=mm&r=g","contentUrl":"https:\/\/secure.gravatar.com\/avatar\/3a8de04a2656d44082be478bd6c086daa447c4651605818287b9532d3d0bd435?s=96&d=mm&r=g","caption":"Lo viste en Los Pol\u00edticos"},"url":"https:\/\/lospoliticosveracruz.com\/?author=2"}]}},"_links":{"self":[{"href":"https:\/\/lospoliticosveracruz.com\/index.php?rest_route=\/wp\/v2\/posts\/134401","targetHints":{"allow":["GET"]}}],"collection":[{"href":"https:\/\/lospoliticosveracruz.com\/index.php?rest_route=\/wp\/v2\/posts"}],"about":[{"href":"https:\/\/lospoliticosveracruz.com\/index.php?rest_route=\/wp\/v2\/types\/post"}],"author":[{"embeddable":true,"href":"https:\/\/lospoliticosveracruz.com\/index.php?rest_route=\/wp\/v2\/users\/2"}],"replies":[{"embeddable":true,"href":"https:\/\/lospoliticosveracruz.com\/index.php?rest_route=%2Fwp%2Fv2%2Fcomments&post=134401"}],"version-history":[{"count":1,"href":"https:\/\/lospoliticosveracruz.com\/index.php?rest_route=\/wp\/v2\/posts\/134401\/revisions"}],"predecessor-version":[{"id":134402,"href":"https:\/\/lospoliticosveracruz.com\/index.php?rest_route=\/wp\/v2\/posts\/134401\/revisions\/134402"}],"wp:featuredmedia":[{"embeddable":true,"href":"https:\/\/lospoliticosveracruz.com\/index.php?rest_route=\/wp\/v2\/media\/119915"}],"wp:attachment":[{"href":"https:\/\/lospoliticosveracruz.com\/index.php?rest_route=%2Fwp%2Fv2%2Fmedia&parent=134401"}],"wp:term":[{"taxonomy":"category","embeddable":true,"href":"https:\/\/lospoliticosveracruz.com\/index.php?rest_route=%2Fwp%2Fv2%2Fcategories&post=134401"},{"taxonomy":"post_tag","embeddable":true,"href":"https:\/\/lospoliticosveracruz.com\/index.php?rest_route=%2Fwp%2Fv2%2Ftags&post=134401"}],"curies":[{"name":"wp","href":"https:\/\/api.w.org\/{rel}","templated":true}]}}