{"id":134405,"date":"2024-12-19T08:35:26","date_gmt":"2024-12-19T14:35:26","guid":{"rendered":"https:\/\/lospoliticosveracruz.com.mx\/?p=134405"},"modified":"2024-12-19T08:35:41","modified_gmt":"2024-12-19T14:35:41","slug":"rosa-maria","status":"publish","type":"post","link":"https:\/\/lospoliticosveracruz.com\/?p=134405","title":{"rendered":"ROSA MAR\u00cdA"},"content":{"rendered":"\n<p>S\u00edguenos ahora tambi\u00e9n en WhatsApp.\u00a0<a href=\"https:\/\/whatsapp.com\/channel\/0029Va8zRWlEKyZIP3Z1dF0e\"><strong><em>Da clic aqu\u00ed<\/em><\/strong><\/a><br><\/p>\n\n\n\n<p><strong>Miguel Valera<\/strong><br><em>Contrase\u00f1as<\/em><\/p>\n\n\n\n<p><\/p>\n\n\n\n<p><br>Es tiempo de mujeres. Ese parece ser el aire fresco que recorre el pa\u00eds, de norte a sur, de este a oeste. Es el aggiornamento \u2014como acu\u00f1aron los italianos\u2014, la puesta al d\u00eda de la pol\u00edtica mexicana. En un hecho hist\u00f3rico, una mujer, Claudia Sheinbaum encabeza por primera vez la presidencia de la Rep\u00fablica y una mujer, Roc\u00edo Nahle, la gubernatura del Estado de Veracruz. La participaci\u00f3n activa de las mujeres en la toma de decisiones desde cargos de elecci\u00f3n popular ha venido a fortalecer la democracia mexicana y a la sociedad en general.<\/p>\n\n\n<div class=\"wp-block-image\">\n<figure class=\"alignleft size-medium\"><a href=\"https:\/\/lospoliticosveracruz.com.mx\/wp-content\/uploads\/2021\/10\/Zacauilt.jpg\"><img decoding=\"async\" src=\"https:\/\/lospoliticosveracruz.com.mx\/wp-content\/uploads\/2021\/10\/Zacauilt-150x300.jpg\" alt=\"\" class=\"wp-image-80558\"\/><\/a><\/figure>\n<\/div>\n\n\n<p>Para el proceso local que ya est\u00e1 en marcha en la entidad veracruzana, las mujeres ser\u00e1n protagonistas en las plazas electorales m\u00e1s importantes. En Xalapa, la capital veracruzana, ha venido creciendo cada d\u00eda m\u00e1s la versi\u00f3n de que Daniela Griego Ceballos, ratificada como directora del Instituto de Pensiones del Estado (IPE), ser\u00e1 enviada a buscar el voto y en el puerto de Veracruz, el nombre de la diputada federal Rosa Mar\u00eda Hern\u00e1ndez Espejo suena que suena y suena.<\/p>\n\n\n\n<p>En febrero de este a\u00f1o que fenece, en reuni\u00f3n con la Asociaci\u00f3n de Comunicadores de Veracruz, siendo diputada federal de la LXV Legislatura \u2014hoy ya es legisladora del distrito XII\u2014, me dijo que la gente del puerto de Veracruz, que suele ser muy demandante y exigente \u201cquiere un cambio; ya est\u00e1 harta, ya le dio tiempo al panismo, un partido que ha abandonado la ciudad\u201d.<\/p>\n\n\n\n<p>En una nueva conversaci\u00f3n ratifica lo dicho en aquellos d\u00edas. \u201cVeracruz requiere un cambio urgente. Yo he caminado la ciudad desde hace much\u00edsimos a\u00f1os\u201d, se\u00f1ala enf\u00e1tica la mujer que como periodista dio amplia cobertura al movimiento de izquierda en el que participaron personajes como Heberto Castillo, Cuauht\u00e9moc C\u00e1rdenas y el propio Andr\u00e9s Manuel L\u00f3pez Obrador.<\/p>\n\n\n\n<p>\u201cDesde entonces soy de izquierda y en 1997 particip\u00e9 en la campa\u00f1a a la diputaci\u00f3n federal, cuya candidata fue la tambi\u00e9n periodista Socorro Aubri, obteniendo el primer triunfo para la izquierda en el puerto de Veracruz y segu\u00ed participando en las campa\u00f1as locales\u201d.<\/p>\n\n\n\n<p>Rosa Mar\u00eda Hern\u00e1ndez Espejo fue electa en 1998 regidora del Ayuntamiento de Veracruz y represent\u00f3 al movimiento de izquierda en este municipio con las comisiones de Educaci\u00f3n, Cultura, Actos C\u00edvicos y Bomberos. En 2004 organiz\u00f3 la primera presentaci\u00f3n del libro Proyecto de Naci\u00f3n de Andr\u00e9s Manuel L\u00f3pez Obrador, una obra clava que sent\u00f3 las bases del Movimiento de Regeneraci\u00f3n Nacional.<\/p>\n\n\n\n<p>\u201cEl puerto de Veracruz requiere un cambio\u201d, insiste la mujer que no ha parado sus recorridos en la demarcaci\u00f3n que representa. En febrero pasado me lo dec\u00eda as\u00ed: \u201cHe caminado mucho, conozco las necesidades de la gente. El oficio del periodismo me ha servido mucho para escuchar a la gente, para registrar sus necesidades. No he podido hacer periodismo partidista, pero no se desprende de mi ser. Cuando concluya mi carrera pol\u00edtica regresar\u00e9 a hacer periodismo\u201d.<\/p>\n\n\n\n<p>Hoy, la actual diputada de mayor\u00eda relativa por el distrito federal XII, dice que se someter\u00e1 al m\u00e9todo de elecci\u00f3n que MORENA decida, para ser candidata a la presidencia municipal del puerto de Veracruz. Est\u00e1 convencida de que hay que acelerar el cambio, porque \u201cla ciudad est\u00e1 abandonada; hay malos servicios; la ciudad est\u00e1 a oscuras; no hay obras; pavimentan una cuadra y difunden como si hubieran construido calles completas; llueve un poco y la ciudad se inunda\u201d, asienta.<\/p>\n\n\n\n<p>Convencida, de que el aire fresco que impulsa a las mujeres, puede favorecerle, Rosa Mar\u00eda Hern\u00e1ndez Espejo se muestra convencida de que se deben desterrar las d\u00e1divas de la pol\u00edtica. \u201cHay algunos que quieren seguir en esa din\u00e1mica, de compra de votos y conciencias; nosotros luchamos por derechos, no por d\u00e1divas. La lucha que yo encabezo es diferente. S\u00e9 que la vieja pol\u00edtica mal acostumbr\u00f3 a la gente, pero nosotros tenemos que cambiar eso. La gente debe saber que los programas sociales que recibe son su derecho, ganados en la lucha que todos hemos emprendido y no forman parte de una estrategia electoral o de campa\u00f1a\u201d, asevera.<\/p>\n\n\n\n<p>Rosa Mar\u00eda ha medido las muestras de cari\u00f1o y apoyo en este municipio; ha hecho la tarea, sabe que cuenta con el respaldo total de siete de los diez delegados del partido en el puerto de Veracruz y cada semana recorre su demarcaci\u00f3n, porque sabe que se debe a la gente. De propia mano me regala el Dec\u00e1logo del Humanismo Mexicano del movimiento en el que trabaja: 1. La prosperidad debe ser compartida. 2. No puede haber gobierno rico, con pueblo pobre. 3. Las y los gobernantes deben ser honrados y honestos. 4. La democracia es el gobierno del pueblo, por el pueblo y para el pueblo. 5. Prohibido prohibir. La libertad es la esencia de la democracia.<\/p>\n\n\n\n<ol start=\"6\" class=\"wp-block-list\">\n<li>Desarrollo y bienestar con cuidado del medio ambiente. 7. Las mujeres tenemos derecho a la igualdad sustantiva. 8. M\u00e9xico es un pa\u00eds soberano, independiente y democr\u00e1tico. 9. La pol\u00edtica se hace con amor, no con odio. 10. Condenamos el clasismo y cualquier forma de discriminaci\u00f3n.<\/li>\n<\/ol>\n\n\n\n<p>@MValeraH<\/p>\n","protected":false},"excerpt":{"rendered":"<p>S\u00edguenos ahora tambi\u00e9n en WhatsApp.\u00a0Da clic aqu\u00ed Miguel ValeraContrase\u00f1as Es tiempo de mujeres. Ese parece ser el aire fresco que recorre el pa\u00eds, de norte a sur, de este a oeste. Es el aggiornamento \u2014como acu\u00f1aron los italianos\u2014, la puesta al d\u00eda de la pol\u00edtica mexicana. En un hecho hist\u00f3rico, una mujer, Claudia Sheinbaum encabeza [&hellip;]<\/p>\n","protected":false},"author":2,"featured_media":119815,"comment_status":"closed","ping_status":"closed","sticky":false,"template":"","format":"standard","meta":{"tdm_status":"","tdm_grid_status":"","footnotes":""},"categories":[70],"tags":[6657],"class_list":{"0":"post-134405","1":"post","2":"type-post","3":"status-publish","4":"format-standard","5":"has-post-thumbnail","7":"category-de-opinion","8":"tag-daniela-griego-ceballos"},"yoast_head":"<!-- This site is optimized with the Yoast SEO plugin v27.4 - https:\/\/yoast.com\/product\/yoast-seo-wordpress\/ -->\n<title>ROSA MAR\u00cdA - Los pol\u00edticos Veracruz<\/title>\n<meta name=\"robots\" content=\"index, follow, max-snippet:-1, max-image-preview:large, max-video-preview:-1\" \/>\n<link rel=\"canonical\" href=\"https:\/\/lospoliticosveracruz.com\/?p=134405\" \/>\n<meta property=\"og:locale\" content=\"es_ES\" \/>\n<meta property=\"og:type\" content=\"article\" \/>\n<meta property=\"og:title\" content=\"ROSA MAR\u00cdA - Los pol\u00edticos Veracruz\" \/>\n<meta property=\"og:description\" content=\"S\u00edguenos ahora tambi\u00e9n en WhatsApp.\u00a0Da clic aqu\u00ed Miguel ValeraContrase\u00f1as Es tiempo de mujeres. Ese parece ser el aire fresco que recorre el pa\u00eds, de norte a sur, de este a oeste. Es el aggiornamento \u2014como acu\u00f1aron los italianos\u2014, la puesta al d\u00eda de la pol\u00edtica mexicana. En un hecho hist\u00f3rico, una mujer, Claudia Sheinbaum encabeza [&hellip;]\" \/>\n<meta property=\"og:url\" content=\"https:\/\/lospoliticosveracruz.com\/?p=134405\" \/>\n<meta property=\"og:site_name\" content=\"Los pol\u00edticos Veracruz\" \/>\n<meta property=\"article:publisher\" content=\"https:\/\/www.facebook.com\/people\/Notimemes-de-los-Polticos\/61565672886568\/\" \/>\n<meta property=\"article:published_time\" content=\"2024-12-19T14:35:26+00:00\" \/>\n<meta property=\"article:modified_time\" content=\"2024-12-19T14:35:41+00:00\" \/>\n<meta property=\"og:image\" content=\"https:\/\/lospoliticosveracruz.com\/wp-content\/uploads\/2024\/03\/Miguel-Valera.jpg\" \/>\n\t<meta property=\"og:image:width\" content=\"1250\" \/>\n\t<meta property=\"og:image:height\" content=\"667\" \/>\n\t<meta property=\"og:image:type\" content=\"image\/jpeg\" \/>\n<meta name=\"author\" content=\"Lo viste en Los Pol\u00edticos\" \/>\n<meta name=\"twitter:card\" content=\"summary_large_image\" \/>\n<meta name=\"twitter:creator\" content=\"@LosPoliticosVer\" \/>\n<meta name=\"twitter:site\" content=\"@LosPoliticosVer\" \/>\n<meta name=\"twitter:label1\" content=\"Escrito por\" \/>\n\t<meta name=\"twitter:data1\" content=\"Lo viste en Los Pol\u00edticos\" \/>\n\t<meta name=\"twitter:label2\" content=\"Tiempo de lectura\" \/>\n\t<meta name=\"twitter:data2\" content=\"4 minutos\" \/>\n<script type=\"application\/ld+json\" class=\"yoast-schema-graph\">{\"@context\":\"https:\\\/\\\/schema.org\",\"@graph\":[{\"@type\":\"Article\",\"@id\":\"https:\\\/\\\/lospoliticosveracruz.com\\\/?p=134405#article\",\"isPartOf\":{\"@id\":\"https:\\\/\\\/lospoliticosveracruz.com\\\/?p=134405\"},\"author\":{\"name\":\"Lo viste en Los Pol\u00edticos\",\"@id\":\"https:\\\/\\\/lospoliticosveracruz.com\\\/#\\\/schema\\\/person\\\/b8702bb0e538456e6efd07080bf2a4a2\"},\"headline\":\"ROSA MAR\u00cdA\",\"datePublished\":\"2024-12-19T14:35:26+00:00\",\"dateModified\":\"2024-12-19T14:35:41+00:00\",\"mainEntityOfPage\":{\"@id\":\"https:\\\/\\\/lospoliticosveracruz.com\\\/?p=134405\"},\"wordCount\":891,\"publisher\":{\"@id\":\"https:\\\/\\\/lospoliticosveracruz.com\\\/#organization\"},\"image\":{\"@id\":\"https:\\\/\\\/lospoliticosveracruz.com\\\/?p=134405#primaryimage\"},\"thumbnailUrl\":\"https:\\\/\\\/lospoliticosveracruz.com\\\/wp-content\\\/uploads\\\/2024\\\/03\\\/Miguel-Valera.jpg\",\"keywords\":[\"Daniela Griego Ceballos\"],\"articleSection\":[\"De Opini\u00f3n\"],\"inLanguage\":\"es\"},{\"@type\":\"WebPage\",\"@id\":\"https:\\\/\\\/lospoliticosveracruz.com\\\/?p=134405\",\"url\":\"https:\\\/\\\/lospoliticosveracruz.com\\\/?p=134405\",\"name\":\"ROSA MAR\u00cdA - Los pol\u00edticos Veracruz\",\"isPartOf\":{\"@id\":\"https:\\\/\\\/lospoliticosveracruz.com\\\/#website\"},\"primaryImageOfPage\":{\"@id\":\"https:\\\/\\\/lospoliticosveracruz.com\\\/?p=134405#primaryimage\"},\"image\":{\"@id\":\"https:\\\/\\\/lospoliticosveracruz.com\\\/?p=134405#primaryimage\"},\"thumbnailUrl\":\"https:\\\/\\\/lospoliticosveracruz.com\\\/wp-content\\\/uploads\\\/2024\\\/03\\\/Miguel-Valera.jpg\",\"datePublished\":\"2024-12-19T14:35:26+00:00\",\"dateModified\":\"2024-12-19T14:35:41+00:00\",\"breadcrumb\":{\"@id\":\"https:\\\/\\\/lospoliticosveracruz.com\\\/?p=134405#breadcrumb\"},\"inLanguage\":\"es\",\"potentialAction\":[{\"@type\":\"ReadAction\",\"target\":[\"https:\\\/\\\/lospoliticosveracruz.com\\\/?p=134405\"]}]},{\"@type\":\"ImageObject\",\"inLanguage\":\"es\",\"@id\":\"https:\\\/\\\/lospoliticosveracruz.com\\\/?p=134405#primaryimage\",\"url\":\"https:\\\/\\\/lospoliticosveracruz.com\\\/wp-content\\\/uploads\\\/2024\\\/03\\\/Miguel-Valera.jpg\",\"contentUrl\":\"https:\\\/\\\/lospoliticosveracruz.com\\\/wp-content\\\/uploads\\\/2024\\\/03\\\/Miguel-Valera.jpg\",\"width\":1250,\"height\":667},{\"@type\":\"BreadcrumbList\",\"@id\":\"https:\\\/\\\/lospoliticosveracruz.com\\\/?p=134405#breadcrumb\",\"itemListElement\":[{\"@type\":\"ListItem\",\"position\":1,\"name\":\"Portada\",\"item\":\"https:\\\/\\\/lospoliticosveracruz.com\\\/\"},{\"@type\":\"ListItem\",\"position\":2,\"name\":\"ROSA MAR\u00cdA\"}]},{\"@type\":\"WebSite\",\"@id\":\"https:\\\/\\\/lospoliticosveracruz.com\\\/#website\",\"url\":\"https:\\\/\\\/lospoliticosveracruz.com\\\/\",\"name\":\"Los pol\u00edticos Veracruz\",\"description\":\"\",\"publisher\":{\"@id\":\"https:\\\/\\\/lospoliticosveracruz.com\\\/#organization\"},\"potentialAction\":[{\"@type\":\"SearchAction\",\"target\":{\"@type\":\"EntryPoint\",\"urlTemplate\":\"https:\\\/\\\/lospoliticosveracruz.com\\\/?s={search_term_string}\"},\"query-input\":{\"@type\":\"PropertyValueSpecification\",\"valueRequired\":true,\"valueName\":\"search_term_string\"}}],\"inLanguage\":\"es\"},{\"@type\":\"Organization\",\"@id\":\"https:\\\/\\\/lospoliticosveracruz.com\\\/#organization\",\"name\":\"Los pol\u00edticos Veracruz\",\"url\":\"https:\\\/\\\/lospoliticosveracruz.com\\\/\",\"logo\":{\"@type\":\"ImageObject\",\"inLanguage\":\"es\",\"@id\":\"https:\\\/\\\/lospoliticosveracruz.com\\\/#\\\/schema\\\/logo\\\/image\\\/\",\"url\":\"https:\\\/\\\/lospoliticosveracruz.com\\\/wp-content\\\/uploads\\\/2025\\\/12\\\/Logo-Nuevo-LOS-POLITICOS-1.jpg\",\"contentUrl\":\"https:\\\/\\\/lospoliticosveracruz.com\\\/wp-content\\\/uploads\\\/2025\\\/12\\\/Logo-Nuevo-LOS-POLITICOS-1.jpg\",\"width\":260,\"height\":70,\"caption\":\"Los pol\u00edticos Veracruz\"},\"image\":{\"@id\":\"https:\\\/\\\/lospoliticosveracruz.com\\\/#\\\/schema\\\/logo\\\/image\\\/\"},\"sameAs\":[\"https:\\\/\\\/www.facebook.com\\\/people\\\/Notimemes-de-los-Polticos\\\/61565672886568\\\/\",\"https:\\\/\\\/x.com\\\/LosPoliticosVer\"]},{\"@type\":\"Person\",\"@id\":\"https:\\\/\\\/lospoliticosveracruz.com\\\/#\\\/schema\\\/person\\\/b8702bb0e538456e6efd07080bf2a4a2\",\"name\":\"Lo viste en Los Pol\u00edticos\",\"image\":{\"@type\":\"ImageObject\",\"inLanguage\":\"es\",\"@id\":\"https:\\\/\\\/secure.gravatar.com\\\/avatar\\\/3a8de04a2656d44082be478bd6c086daa447c4651605818287b9532d3d0bd435?s=96&d=mm&r=g\",\"url\":\"https:\\\/\\\/secure.gravatar.com\\\/avatar\\\/3a8de04a2656d44082be478bd6c086daa447c4651605818287b9532d3d0bd435?s=96&d=mm&r=g\",\"contentUrl\":\"https:\\\/\\\/secure.gravatar.com\\\/avatar\\\/3a8de04a2656d44082be478bd6c086daa447c4651605818287b9532d3d0bd435?s=96&d=mm&r=g\",\"caption\":\"Lo viste en Los Pol\u00edticos\"},\"url\":\"https:\\\/\\\/lospoliticosveracruz.com\\\/?author=2\"}]}<\/script>\n<!-- \/ Yoast SEO plugin. -->","yoast_head_json":{"title":"ROSA MAR\u00cdA - Los pol\u00edticos Veracruz","robots":{"index":"index","follow":"follow","max-snippet":"max-snippet:-1","max-image-preview":"max-image-preview:large","max-video-preview":"max-video-preview:-1"},"canonical":"https:\/\/lospoliticosveracruz.com\/?p=134405","og_locale":"es_ES","og_type":"article","og_title":"ROSA MAR\u00cdA - Los pol\u00edticos Veracruz","og_description":"S\u00edguenos ahora tambi\u00e9n en WhatsApp.\u00a0Da clic aqu\u00ed Miguel ValeraContrase\u00f1as Es tiempo de mujeres. Ese parece ser el aire fresco que recorre el pa\u00eds, de norte a sur, de este a oeste. Es el aggiornamento \u2014como acu\u00f1aron los italianos\u2014, la puesta al d\u00eda de la pol\u00edtica mexicana. En un hecho hist\u00f3rico, una mujer, Claudia Sheinbaum encabeza [&hellip;]","og_url":"https:\/\/lospoliticosveracruz.com\/?p=134405","og_site_name":"Los pol\u00edticos Veracruz","article_publisher":"https:\/\/www.facebook.com\/people\/Notimemes-de-los-Polticos\/61565672886568\/","article_published_time":"2024-12-19T14:35:26+00:00","article_modified_time":"2024-12-19T14:35:41+00:00","og_image":[{"width":1250,"height":667,"url":"https:\/\/lospoliticosveracruz.com\/wp-content\/uploads\/2024\/03\/Miguel-Valera.jpg","type":"image\/jpeg"}],"author":"Lo viste en Los Pol\u00edticos","twitter_card":"summary_large_image","twitter_creator":"@LosPoliticosVer","twitter_site":"@LosPoliticosVer","twitter_misc":{"Escrito por":"Lo viste en Los Pol\u00edticos","Tiempo de lectura":"4 minutos"},"schema":{"@context":"https:\/\/schema.org","@graph":[{"@type":"Article","@id":"https:\/\/lospoliticosveracruz.com\/?p=134405#article","isPartOf":{"@id":"https:\/\/lospoliticosveracruz.com\/?p=134405"},"author":{"name":"Lo viste en Los Pol\u00edticos","@id":"https:\/\/lospoliticosveracruz.com\/#\/schema\/person\/b8702bb0e538456e6efd07080bf2a4a2"},"headline":"ROSA MAR\u00cdA","datePublished":"2024-12-19T14:35:26+00:00","dateModified":"2024-12-19T14:35:41+00:00","mainEntityOfPage":{"@id":"https:\/\/lospoliticosveracruz.com\/?p=134405"},"wordCount":891,"publisher":{"@id":"https:\/\/lospoliticosveracruz.com\/#organization"},"image":{"@id":"https:\/\/lospoliticosveracruz.com\/?p=134405#primaryimage"},"thumbnailUrl":"https:\/\/lospoliticosveracruz.com\/wp-content\/uploads\/2024\/03\/Miguel-Valera.jpg","keywords":["Daniela Griego Ceballos"],"articleSection":["De Opini\u00f3n"],"inLanguage":"es"},{"@type":"WebPage","@id":"https:\/\/lospoliticosveracruz.com\/?p=134405","url":"https:\/\/lospoliticosveracruz.com\/?p=134405","name":"ROSA MAR\u00cdA - Los pol\u00edticos Veracruz","isPartOf":{"@id":"https:\/\/lospoliticosveracruz.com\/#website"},"primaryImageOfPage":{"@id":"https:\/\/lospoliticosveracruz.com\/?p=134405#primaryimage"},"image":{"@id":"https:\/\/lospoliticosveracruz.com\/?p=134405#primaryimage"},"thumbnailUrl":"https:\/\/lospoliticosveracruz.com\/wp-content\/uploads\/2024\/03\/Miguel-Valera.jpg","datePublished":"2024-12-19T14:35:26+00:00","dateModified":"2024-12-19T14:35:41+00:00","breadcrumb":{"@id":"https:\/\/lospoliticosveracruz.com\/?p=134405#breadcrumb"},"inLanguage":"es","potentialAction":[{"@type":"ReadAction","target":["https:\/\/lospoliticosveracruz.com\/?p=134405"]}]},{"@type":"ImageObject","inLanguage":"es","@id":"https:\/\/lospoliticosveracruz.com\/?p=134405#primaryimage","url":"https:\/\/lospoliticosveracruz.com\/wp-content\/uploads\/2024\/03\/Miguel-Valera.jpg","contentUrl":"https:\/\/lospoliticosveracruz.com\/wp-content\/uploads\/2024\/03\/Miguel-Valera.jpg","width":1250,"height":667},{"@type":"BreadcrumbList","@id":"https:\/\/lospoliticosveracruz.com\/?p=134405#breadcrumb","itemListElement":[{"@type":"ListItem","position":1,"name":"Portada","item":"https:\/\/lospoliticosveracruz.com\/"},{"@type":"ListItem","position":2,"name":"ROSA MAR\u00cdA"}]},{"@type":"WebSite","@id":"https:\/\/lospoliticosveracruz.com\/#website","url":"https:\/\/lospoliticosveracruz.com\/","name":"Los pol\u00edticos Veracruz","description":"","publisher":{"@id":"https:\/\/lospoliticosveracruz.com\/#organization"},"potentialAction":[{"@type":"SearchAction","target":{"@type":"EntryPoint","urlTemplate":"https:\/\/lospoliticosveracruz.com\/?s={search_term_string}"},"query-input":{"@type":"PropertyValueSpecification","valueRequired":true,"valueName":"search_term_string"}}],"inLanguage":"es"},{"@type":"Organization","@id":"https:\/\/lospoliticosveracruz.com\/#organization","name":"Los pol\u00edticos Veracruz","url":"https:\/\/lospoliticosveracruz.com\/","logo":{"@type":"ImageObject","inLanguage":"es","@id":"https:\/\/lospoliticosveracruz.com\/#\/schema\/logo\/image\/","url":"https:\/\/lospoliticosveracruz.com\/wp-content\/uploads\/2025\/12\/Logo-Nuevo-LOS-POLITICOS-1.jpg","contentUrl":"https:\/\/lospoliticosveracruz.com\/wp-content\/uploads\/2025\/12\/Logo-Nuevo-LOS-POLITICOS-1.jpg","width":260,"height":70,"caption":"Los pol\u00edticos Veracruz"},"image":{"@id":"https:\/\/lospoliticosveracruz.com\/#\/schema\/logo\/image\/"},"sameAs":["https:\/\/www.facebook.com\/people\/Notimemes-de-los-Polticos\/61565672886568\/","https:\/\/x.com\/LosPoliticosVer"]},{"@type":"Person","@id":"https:\/\/lospoliticosveracruz.com\/#\/schema\/person\/b8702bb0e538456e6efd07080bf2a4a2","name":"Lo viste en Los Pol\u00edticos","image":{"@type":"ImageObject","inLanguage":"es","@id":"https:\/\/secure.gravatar.com\/avatar\/3a8de04a2656d44082be478bd6c086daa447c4651605818287b9532d3d0bd435?s=96&d=mm&r=g","url":"https:\/\/secure.gravatar.com\/avatar\/3a8de04a2656d44082be478bd6c086daa447c4651605818287b9532d3d0bd435?s=96&d=mm&r=g","contentUrl":"https:\/\/secure.gravatar.com\/avatar\/3a8de04a2656d44082be478bd6c086daa447c4651605818287b9532d3d0bd435?s=96&d=mm&r=g","caption":"Lo viste en Los Pol\u00edticos"},"url":"https:\/\/lospoliticosveracruz.com\/?author=2"}]}},"_links":{"self":[{"href":"https:\/\/lospoliticosveracruz.com\/index.php?rest_route=\/wp\/v2\/posts\/134405","targetHints":{"allow":["GET"]}}],"collection":[{"href":"https:\/\/lospoliticosveracruz.com\/index.php?rest_route=\/wp\/v2\/posts"}],"about":[{"href":"https:\/\/lospoliticosveracruz.com\/index.php?rest_route=\/wp\/v2\/types\/post"}],"author":[{"embeddable":true,"href":"https:\/\/lospoliticosveracruz.com\/index.php?rest_route=\/wp\/v2\/users\/2"}],"replies":[{"embeddable":true,"href":"https:\/\/lospoliticosveracruz.com\/index.php?rest_route=%2Fwp%2Fv2%2Fcomments&post=134405"}],"version-history":[{"count":2,"href":"https:\/\/lospoliticosveracruz.com\/index.php?rest_route=\/wp\/v2\/posts\/134405\/revisions"}],"predecessor-version":[{"id":134407,"href":"https:\/\/lospoliticosveracruz.com\/index.php?rest_route=\/wp\/v2\/posts\/134405\/revisions\/134407"}],"wp:featuredmedia":[{"embeddable":true,"href":"https:\/\/lospoliticosveracruz.com\/index.php?rest_route=\/wp\/v2\/media\/119815"}],"wp:attachment":[{"href":"https:\/\/lospoliticosveracruz.com\/index.php?rest_route=%2Fwp%2Fv2%2Fmedia&parent=134405"}],"wp:term":[{"taxonomy":"category","embeddable":true,"href":"https:\/\/lospoliticosveracruz.com\/index.php?rest_route=%2Fwp%2Fv2%2Fcategories&post=134405"},{"taxonomy":"post_tag","embeddable":true,"href":"https:\/\/lospoliticosveracruz.com\/index.php?rest_route=%2Fwp%2Fv2%2Ftags&post=134405"}],"curies":[{"name":"wp","href":"https:\/\/api.w.org\/{rel}","templated":true}]}}