{"id":134628,"date":"2024-12-26T10:10:57","date_gmt":"2024-12-26T16:10:57","guid":{"rendered":"https:\/\/lospoliticosveracruz.com.mx\/?p=134628"},"modified":"2024-12-26T10:11:16","modified_gmt":"2024-12-26T16:11:16","slug":"el-rector-y-el-presupuesto-perdido","status":"publish","type":"post","link":"https:\/\/lospoliticosveracruz.com\/?p=134628","title":{"rendered":"EL RECTOR Y EL PRESUPUESTO PERDIDO"},"content":{"rendered":"\n<p>S\u00edguenos ahora tambi\u00e9n en WhatsApp.&nbsp;<a href=\"https:\/\/whatsapp.com\/channel\/0029Va8zRWlEKyZIP3Z1dF0e\"><strong><em>Da clic aqu\u00ed<\/em><\/strong><\/a><\/p>\n\n\n\n<p><strong>Luis Alberto Romero<\/strong><\/p>\n\n\n\n<p>Hora cero<\/p>\n\n\n\n<p>El rector de la Universidad Veracruzana, Mart\u00edn Aguilar S\u00e1nchez, expres\u00f3 su inconformidad con los recursos asignados a la m\u00e1xima casa de estudios de la entidad en el Presupuesto de Egresos aprobado por el Congreso local para el ejercicio fiscal de 2025.<\/p>\n\n\n\n<p>Seg\u00fan Aguilar, la instituci\u00f3n enfrentar\u00e1 un recorte en sus recursos.<\/p>\n\n\n\n<p>Para 2025, la UV recibir\u00e1 6,836 millones de pesos, cifra que, de acuerdo con el rector, incumple con lo establecido en la Constituci\u00f3n Pol\u00edtica de Veracruz, que estipula que la universidad debe recibir el 4% del presupuesto general del Estado.<\/p>\n\n\n\n<p>Aguilar S\u00e1nchez argument\u00f3 que existe un problema en la interpretaci\u00f3n de la ley, ya que los recursos asignados corresponden al 4% de los fondos de libre disposici\u00f3n y no del presupuesto total del Estado. Este criterio, afirma, resulta en una disminuci\u00f3n considerable de los recursos.<\/p>\n\n\n\n<p>El presupuesto aprobado contempla 3,658 millones de pesos provenientes de recursos estatales y 3,178 millones de fondos federales. No obstante, seg\u00fan Aguilar, los recursos estatales deber\u00edan ascender a 5,152 millones de pesos para cumplir con el marco legal.<\/p>\n\n\n\n<p>M\u00e1s all\u00e1 de la demanda presupuestal, destaca el cambio en la postura del rector Aguilar S\u00e1nchez. Desde que asumi\u00f3 el cargo el 1 de septiembre de 2021, su relaci\u00f3n con el gobierno estatal se caracteriz\u00f3 por una actitud conciliadora, rayando en la sumisi\u00f3n. Durante gran parte de su gesti\u00f3n, evit\u00f3 cuestionar el incumplimiento de la ley en materia presupuestal, pese a las alertas de algunos sectores universitarios. Incluso, en agosto de 2023, el Consejo Universitario General (CUG) aprob\u00f3 buscar el di\u00e1logo y la negociaci\u00f3n con el gobierno estatal para garantizar el cumplimiento constitucional, pero el rector hizo un llamado a la prudencia en lugar de ejercer una postura m\u00e1s firme.<\/p>\n\n\n\n<p>Este enfoque moderado no logr\u00f3 resultados significativos: el presupuesto asignado nunca alcanz\u00f3 el 4% establecido por la ley. Ahora, a pocos meses de concluir su periodo como rector, Aguilar S\u00e1nchez adopta un tono m\u00e1s cr\u00edtico y exige un incremento en los recursos, aunque el margen de acci\u00f3n es m\u00ednimo debido a la reciente aprobaci\u00f3n del presupuesto por parte del Congreso local el pasado 20 de diciembre.<\/p>\n\n\n\n<p>En noviembre pasado, el CUG instruy\u00f3 a Aguilar S\u00e1nchez a exigir el cumplimiento constitucional, pero los resultados obtenidos fueron insuficientes. El incremento logrado es calificado como insignificante, dejando a la UV en una posici\u00f3n financiera precaria y a su rector debilitado pol\u00edticamente de cara a la pr\u00f3xima renovaci\u00f3n en la rector\u00eda.<\/p>\n\n\n\n<p>El caso de la Universidad Veracruzana refleja una problem\u00e1tica mayor: el reto de garantizar la suficiencia presupuestal para las instituciones de educaci\u00f3n superior en un contexto de restricciones financieras. Adem\u00e1s, pone en evidencia la necesidad de claridad en la interpretaci\u00f3n y aplicaci\u00f3n de las leyes que rigen la asignaci\u00f3n de recursos p\u00fablicos. Para el pr\u00f3ximo rector, el principal problema ser\u00e1 construir una estrategia efectiva para defender el presupuesto universitario, basada en la transparencia y una comunicaci\u00f3n coherente con las demandas de la comunidad acad\u00e9mica.<\/p>\n\n\n\n<p>En agosto pr\u00f3ximo, por cierto, terminar\u00e1 el periodo de Mart\u00edn Aguilar en la rector\u00eda y concluir\u00e1 una etapa para el olvido en la Universidad Veracruzana.<\/p>\n\n\n\n<p>@luisromero85<\/p>\n","protected":false},"excerpt":{"rendered":"<p>S\u00edguenos ahora tambi\u00e9n en WhatsApp.&nbsp;Da clic aqu\u00ed Luis Alberto Romero Hora cero El rector de la Universidad Veracruzana, Mart\u00edn Aguilar S\u00e1nchez, expres\u00f3 su inconformidad con los recursos asignados a la m\u00e1xima casa de estudios de la entidad en el Presupuesto de Egresos aprobado por el Congreso local para el ejercicio fiscal de 2025. Seg\u00fan Aguilar, [&hellip;]<\/p>\n","protected":false},"author":2,"featured_media":119912,"comment_status":"closed","ping_status":"closed","sticky":false,"template":"","format":"standard","meta":{"tdm_status":"","tdm_grid_status":"","footnotes":""},"categories":[70],"tags":[29146,219],"class_list":{"0":"post-134628","1":"post","2":"type-post","3":"status-publish","4":"format-standard","5":"has-post-thumbnail","7":"category-de-opinion","8":"tag-martin-aguilar-sanchez-2","9":"tag-universidad-veracruzana"},"yoast_head":"<!-- This site is optimized with the Yoast SEO plugin v27.4 - https:\/\/yoast.com\/product\/yoast-seo-wordpress\/ -->\n<title>EL RECTOR Y EL PRESUPUESTO PERDIDO - Los pol\u00edticos Veracruz<\/title>\n<meta name=\"robots\" content=\"index, follow, max-snippet:-1, max-image-preview:large, max-video-preview:-1\" \/>\n<link rel=\"canonical\" href=\"https:\/\/lospoliticosveracruz.com\/?p=134628\" \/>\n<meta property=\"og:locale\" content=\"es_ES\" \/>\n<meta property=\"og:type\" content=\"article\" \/>\n<meta property=\"og:title\" content=\"EL RECTOR Y EL PRESUPUESTO PERDIDO - Los pol\u00edticos Veracruz\" \/>\n<meta property=\"og:description\" content=\"S\u00edguenos ahora tambi\u00e9n en WhatsApp.&nbsp;Da clic aqu\u00ed Luis Alberto Romero Hora cero El rector de la Universidad Veracruzana, Mart\u00edn Aguilar S\u00e1nchez, expres\u00f3 su inconformidad con los recursos asignados a la m\u00e1xima casa de estudios de la entidad en el Presupuesto de Egresos aprobado por el Congreso local para el ejercicio fiscal de 2025. Seg\u00fan Aguilar, [&hellip;]\" \/>\n<meta property=\"og:url\" content=\"https:\/\/lospoliticosveracruz.com\/?p=134628\" \/>\n<meta property=\"og:site_name\" content=\"Los pol\u00edticos Veracruz\" \/>\n<meta property=\"article:publisher\" content=\"https:\/\/www.facebook.com\/people\/Notimemes-de-los-Polticos\/61565672886568\/\" \/>\n<meta property=\"article:published_time\" content=\"2024-12-26T16:10:57+00:00\" \/>\n<meta property=\"article:modified_time\" content=\"2024-12-26T16:11:16+00:00\" \/>\n<meta property=\"og:image\" content=\"https:\/\/lospoliticosveracruz.com\/wp-content\/uploads\/2024\/03\/Luis-Romero.jpg\" \/>\n\t<meta property=\"og:image:width\" content=\"1250\" \/>\n\t<meta property=\"og:image:height\" content=\"667\" \/>\n\t<meta property=\"og:image:type\" content=\"image\/jpeg\" \/>\n<meta name=\"author\" content=\"Lo viste en Los Pol\u00edticos\" \/>\n<meta name=\"twitter:card\" content=\"summary_large_image\" \/>\n<meta name=\"twitter:creator\" content=\"@LosPoliticosVer\" \/>\n<meta name=\"twitter:site\" content=\"@LosPoliticosVer\" \/>\n<meta name=\"twitter:label1\" content=\"Escrito por\" \/>\n\t<meta name=\"twitter:data1\" content=\"Lo viste en Los Pol\u00edticos\" \/>\n\t<meta name=\"twitter:label2\" content=\"Tiempo de lectura\" \/>\n\t<meta name=\"twitter:data2\" content=\"3 minutos\" \/>\n<script type=\"application\/ld+json\" class=\"yoast-schema-graph\">{\"@context\":\"https:\\\/\\\/schema.org\",\"@graph\":[{\"@type\":\"Article\",\"@id\":\"https:\\\/\\\/lospoliticosveracruz.com\\\/?p=134628#article\",\"isPartOf\":{\"@id\":\"https:\\\/\\\/lospoliticosveracruz.com\\\/?p=134628\"},\"author\":{\"name\":\"Lo viste en Los Pol\u00edticos\",\"@id\":\"https:\\\/\\\/lospoliticosveracruz.com\\\/#\\\/schema\\\/person\\\/b8702bb0e538456e6efd07080bf2a4a2\"},\"headline\":\"EL RECTOR Y EL PRESUPUESTO PERDIDO\",\"datePublished\":\"2024-12-26T16:10:57+00:00\",\"dateModified\":\"2024-12-26T16:11:16+00:00\",\"mainEntityOfPage\":{\"@id\":\"https:\\\/\\\/lospoliticosveracruz.com\\\/?p=134628\"},\"wordCount\":566,\"publisher\":{\"@id\":\"https:\\\/\\\/lospoliticosveracruz.com\\\/#organization\"},\"image\":{\"@id\":\"https:\\\/\\\/lospoliticosveracruz.com\\\/?p=134628#primaryimage\"},\"thumbnailUrl\":\"https:\\\/\\\/lospoliticosveracruz.com\\\/wp-content\\\/uploads\\\/2024\\\/03\\\/Luis-Romero.jpg\",\"keywords\":[\"Mart\u00edn Aguilar S\u00e1nchez\",\"Universidad Veracruzana\"],\"articleSection\":[\"De Opini\u00f3n\"],\"inLanguage\":\"es\"},{\"@type\":\"WebPage\",\"@id\":\"https:\\\/\\\/lospoliticosveracruz.com\\\/?p=134628\",\"url\":\"https:\\\/\\\/lospoliticosveracruz.com\\\/?p=134628\",\"name\":\"EL RECTOR Y EL PRESUPUESTO PERDIDO - Los pol\u00edticos Veracruz\",\"isPartOf\":{\"@id\":\"https:\\\/\\\/lospoliticosveracruz.com\\\/#website\"},\"primaryImageOfPage\":{\"@id\":\"https:\\\/\\\/lospoliticosveracruz.com\\\/?p=134628#primaryimage\"},\"image\":{\"@id\":\"https:\\\/\\\/lospoliticosveracruz.com\\\/?p=134628#primaryimage\"},\"thumbnailUrl\":\"https:\\\/\\\/lospoliticosveracruz.com\\\/wp-content\\\/uploads\\\/2024\\\/03\\\/Luis-Romero.jpg\",\"datePublished\":\"2024-12-26T16:10:57+00:00\",\"dateModified\":\"2024-12-26T16:11:16+00:00\",\"breadcrumb\":{\"@id\":\"https:\\\/\\\/lospoliticosveracruz.com\\\/?p=134628#breadcrumb\"},\"inLanguage\":\"es\",\"potentialAction\":[{\"@type\":\"ReadAction\",\"target\":[\"https:\\\/\\\/lospoliticosveracruz.com\\\/?p=134628\"]}]},{\"@type\":\"ImageObject\",\"inLanguage\":\"es\",\"@id\":\"https:\\\/\\\/lospoliticosveracruz.com\\\/?p=134628#primaryimage\",\"url\":\"https:\\\/\\\/lospoliticosveracruz.com\\\/wp-content\\\/uploads\\\/2024\\\/03\\\/Luis-Romero.jpg\",\"contentUrl\":\"https:\\\/\\\/lospoliticosveracruz.com\\\/wp-content\\\/uploads\\\/2024\\\/03\\\/Luis-Romero.jpg\",\"width\":1250,\"height\":667},{\"@type\":\"BreadcrumbList\",\"@id\":\"https:\\\/\\\/lospoliticosveracruz.com\\\/?p=134628#breadcrumb\",\"itemListElement\":[{\"@type\":\"ListItem\",\"position\":1,\"name\":\"Portada\",\"item\":\"https:\\\/\\\/lospoliticosveracruz.com\\\/\"},{\"@type\":\"ListItem\",\"position\":2,\"name\":\"EL RECTOR Y EL PRESUPUESTO PERDIDO\"}]},{\"@type\":\"WebSite\",\"@id\":\"https:\\\/\\\/lospoliticosveracruz.com\\\/#website\",\"url\":\"https:\\\/\\\/lospoliticosveracruz.com\\\/\",\"name\":\"Los pol\u00edticos Veracruz\",\"description\":\"\",\"publisher\":{\"@id\":\"https:\\\/\\\/lospoliticosveracruz.com\\\/#organization\"},\"potentialAction\":[{\"@type\":\"SearchAction\",\"target\":{\"@type\":\"EntryPoint\",\"urlTemplate\":\"https:\\\/\\\/lospoliticosveracruz.com\\\/?s={search_term_string}\"},\"query-input\":{\"@type\":\"PropertyValueSpecification\",\"valueRequired\":true,\"valueName\":\"search_term_string\"}}],\"inLanguage\":\"es\"},{\"@type\":\"Organization\",\"@id\":\"https:\\\/\\\/lospoliticosveracruz.com\\\/#organization\",\"name\":\"Los pol\u00edticos Veracruz\",\"url\":\"https:\\\/\\\/lospoliticosveracruz.com\\\/\",\"logo\":{\"@type\":\"ImageObject\",\"inLanguage\":\"es\",\"@id\":\"https:\\\/\\\/lospoliticosveracruz.com\\\/#\\\/schema\\\/logo\\\/image\\\/\",\"url\":\"https:\\\/\\\/lospoliticosveracruz.com\\\/wp-content\\\/uploads\\\/2025\\\/12\\\/Logo-Nuevo-LOS-POLITICOS-1.jpg\",\"contentUrl\":\"https:\\\/\\\/lospoliticosveracruz.com\\\/wp-content\\\/uploads\\\/2025\\\/12\\\/Logo-Nuevo-LOS-POLITICOS-1.jpg\",\"width\":260,\"height\":70,\"caption\":\"Los pol\u00edticos Veracruz\"},\"image\":{\"@id\":\"https:\\\/\\\/lospoliticosveracruz.com\\\/#\\\/schema\\\/logo\\\/image\\\/\"},\"sameAs\":[\"https:\\\/\\\/www.facebook.com\\\/people\\\/Notimemes-de-los-Polticos\\\/61565672886568\\\/\",\"https:\\\/\\\/x.com\\\/LosPoliticosVer\"]},{\"@type\":\"Person\",\"@id\":\"https:\\\/\\\/lospoliticosveracruz.com\\\/#\\\/schema\\\/person\\\/b8702bb0e538456e6efd07080bf2a4a2\",\"name\":\"Lo viste en Los Pol\u00edticos\",\"image\":{\"@type\":\"ImageObject\",\"inLanguage\":\"es\",\"@id\":\"https:\\\/\\\/secure.gravatar.com\\\/avatar\\\/3a8de04a2656d44082be478bd6c086daa447c4651605818287b9532d3d0bd435?s=96&d=mm&r=g\",\"url\":\"https:\\\/\\\/secure.gravatar.com\\\/avatar\\\/3a8de04a2656d44082be478bd6c086daa447c4651605818287b9532d3d0bd435?s=96&d=mm&r=g\",\"contentUrl\":\"https:\\\/\\\/secure.gravatar.com\\\/avatar\\\/3a8de04a2656d44082be478bd6c086daa447c4651605818287b9532d3d0bd435?s=96&d=mm&r=g\",\"caption\":\"Lo viste en Los Pol\u00edticos\"},\"url\":\"https:\\\/\\\/lospoliticosveracruz.com\\\/?author=2\"}]}<\/script>\n<!-- \/ Yoast SEO plugin. -->","yoast_head_json":{"title":"EL RECTOR Y EL PRESUPUESTO PERDIDO - Los pol\u00edticos Veracruz","robots":{"index":"index","follow":"follow","max-snippet":"max-snippet:-1","max-image-preview":"max-image-preview:large","max-video-preview":"max-video-preview:-1"},"canonical":"https:\/\/lospoliticosveracruz.com\/?p=134628","og_locale":"es_ES","og_type":"article","og_title":"EL RECTOR Y EL PRESUPUESTO PERDIDO - Los pol\u00edticos Veracruz","og_description":"S\u00edguenos ahora tambi\u00e9n en WhatsApp.&nbsp;Da clic aqu\u00ed Luis Alberto Romero Hora cero El rector de la Universidad Veracruzana, Mart\u00edn Aguilar S\u00e1nchez, expres\u00f3 su inconformidad con los recursos asignados a la m\u00e1xima casa de estudios de la entidad en el Presupuesto de Egresos aprobado por el Congreso local para el ejercicio fiscal de 2025. Seg\u00fan Aguilar, [&hellip;]","og_url":"https:\/\/lospoliticosveracruz.com\/?p=134628","og_site_name":"Los pol\u00edticos Veracruz","article_publisher":"https:\/\/www.facebook.com\/people\/Notimemes-de-los-Polticos\/61565672886568\/","article_published_time":"2024-12-26T16:10:57+00:00","article_modified_time":"2024-12-26T16:11:16+00:00","og_image":[{"width":1250,"height":667,"url":"https:\/\/lospoliticosveracruz.com\/wp-content\/uploads\/2024\/03\/Luis-Romero.jpg","type":"image\/jpeg"}],"author":"Lo viste en Los Pol\u00edticos","twitter_card":"summary_large_image","twitter_creator":"@LosPoliticosVer","twitter_site":"@LosPoliticosVer","twitter_misc":{"Escrito por":"Lo viste en Los Pol\u00edticos","Tiempo de lectura":"3 minutos"},"schema":{"@context":"https:\/\/schema.org","@graph":[{"@type":"Article","@id":"https:\/\/lospoliticosveracruz.com\/?p=134628#article","isPartOf":{"@id":"https:\/\/lospoliticosveracruz.com\/?p=134628"},"author":{"name":"Lo viste en Los Pol\u00edticos","@id":"https:\/\/lospoliticosveracruz.com\/#\/schema\/person\/b8702bb0e538456e6efd07080bf2a4a2"},"headline":"EL RECTOR Y EL PRESUPUESTO PERDIDO","datePublished":"2024-12-26T16:10:57+00:00","dateModified":"2024-12-26T16:11:16+00:00","mainEntityOfPage":{"@id":"https:\/\/lospoliticosveracruz.com\/?p=134628"},"wordCount":566,"publisher":{"@id":"https:\/\/lospoliticosveracruz.com\/#organization"},"image":{"@id":"https:\/\/lospoliticosveracruz.com\/?p=134628#primaryimage"},"thumbnailUrl":"https:\/\/lospoliticosveracruz.com\/wp-content\/uploads\/2024\/03\/Luis-Romero.jpg","keywords":["Mart\u00edn Aguilar S\u00e1nchez","Universidad Veracruzana"],"articleSection":["De Opini\u00f3n"],"inLanguage":"es"},{"@type":"WebPage","@id":"https:\/\/lospoliticosveracruz.com\/?p=134628","url":"https:\/\/lospoliticosveracruz.com\/?p=134628","name":"EL RECTOR Y EL PRESUPUESTO PERDIDO - Los pol\u00edticos Veracruz","isPartOf":{"@id":"https:\/\/lospoliticosveracruz.com\/#website"},"primaryImageOfPage":{"@id":"https:\/\/lospoliticosveracruz.com\/?p=134628#primaryimage"},"image":{"@id":"https:\/\/lospoliticosveracruz.com\/?p=134628#primaryimage"},"thumbnailUrl":"https:\/\/lospoliticosveracruz.com\/wp-content\/uploads\/2024\/03\/Luis-Romero.jpg","datePublished":"2024-12-26T16:10:57+00:00","dateModified":"2024-12-26T16:11:16+00:00","breadcrumb":{"@id":"https:\/\/lospoliticosveracruz.com\/?p=134628#breadcrumb"},"inLanguage":"es","potentialAction":[{"@type":"ReadAction","target":["https:\/\/lospoliticosveracruz.com\/?p=134628"]}]},{"@type":"ImageObject","inLanguage":"es","@id":"https:\/\/lospoliticosveracruz.com\/?p=134628#primaryimage","url":"https:\/\/lospoliticosveracruz.com\/wp-content\/uploads\/2024\/03\/Luis-Romero.jpg","contentUrl":"https:\/\/lospoliticosveracruz.com\/wp-content\/uploads\/2024\/03\/Luis-Romero.jpg","width":1250,"height":667},{"@type":"BreadcrumbList","@id":"https:\/\/lospoliticosveracruz.com\/?p=134628#breadcrumb","itemListElement":[{"@type":"ListItem","position":1,"name":"Portada","item":"https:\/\/lospoliticosveracruz.com\/"},{"@type":"ListItem","position":2,"name":"EL RECTOR Y EL PRESUPUESTO PERDIDO"}]},{"@type":"WebSite","@id":"https:\/\/lospoliticosveracruz.com\/#website","url":"https:\/\/lospoliticosveracruz.com\/","name":"Los pol\u00edticos Veracruz","description":"","publisher":{"@id":"https:\/\/lospoliticosveracruz.com\/#organization"},"potentialAction":[{"@type":"SearchAction","target":{"@type":"EntryPoint","urlTemplate":"https:\/\/lospoliticosveracruz.com\/?s={search_term_string}"},"query-input":{"@type":"PropertyValueSpecification","valueRequired":true,"valueName":"search_term_string"}}],"inLanguage":"es"},{"@type":"Organization","@id":"https:\/\/lospoliticosveracruz.com\/#organization","name":"Los pol\u00edticos Veracruz","url":"https:\/\/lospoliticosveracruz.com\/","logo":{"@type":"ImageObject","inLanguage":"es","@id":"https:\/\/lospoliticosveracruz.com\/#\/schema\/logo\/image\/","url":"https:\/\/lospoliticosveracruz.com\/wp-content\/uploads\/2025\/12\/Logo-Nuevo-LOS-POLITICOS-1.jpg","contentUrl":"https:\/\/lospoliticosveracruz.com\/wp-content\/uploads\/2025\/12\/Logo-Nuevo-LOS-POLITICOS-1.jpg","width":260,"height":70,"caption":"Los pol\u00edticos Veracruz"},"image":{"@id":"https:\/\/lospoliticosveracruz.com\/#\/schema\/logo\/image\/"},"sameAs":["https:\/\/www.facebook.com\/people\/Notimemes-de-los-Polticos\/61565672886568\/","https:\/\/x.com\/LosPoliticosVer"]},{"@type":"Person","@id":"https:\/\/lospoliticosveracruz.com\/#\/schema\/person\/b8702bb0e538456e6efd07080bf2a4a2","name":"Lo viste en Los Pol\u00edticos","image":{"@type":"ImageObject","inLanguage":"es","@id":"https:\/\/secure.gravatar.com\/avatar\/3a8de04a2656d44082be478bd6c086daa447c4651605818287b9532d3d0bd435?s=96&d=mm&r=g","url":"https:\/\/secure.gravatar.com\/avatar\/3a8de04a2656d44082be478bd6c086daa447c4651605818287b9532d3d0bd435?s=96&d=mm&r=g","contentUrl":"https:\/\/secure.gravatar.com\/avatar\/3a8de04a2656d44082be478bd6c086daa447c4651605818287b9532d3d0bd435?s=96&d=mm&r=g","caption":"Lo viste en Los Pol\u00edticos"},"url":"https:\/\/lospoliticosveracruz.com\/?author=2"}]}},"_links":{"self":[{"href":"https:\/\/lospoliticosveracruz.com\/index.php?rest_route=\/wp\/v2\/posts\/134628","targetHints":{"allow":["GET"]}}],"collection":[{"href":"https:\/\/lospoliticosveracruz.com\/index.php?rest_route=\/wp\/v2\/posts"}],"about":[{"href":"https:\/\/lospoliticosveracruz.com\/index.php?rest_route=\/wp\/v2\/types\/post"}],"author":[{"embeddable":true,"href":"https:\/\/lospoliticosveracruz.com\/index.php?rest_route=\/wp\/v2\/users\/2"}],"replies":[{"embeddable":true,"href":"https:\/\/lospoliticosveracruz.com\/index.php?rest_route=%2Fwp%2Fv2%2Fcomments&post=134628"}],"version-history":[{"count":1,"href":"https:\/\/lospoliticosveracruz.com\/index.php?rest_route=\/wp\/v2\/posts\/134628\/revisions"}],"predecessor-version":[{"id":134629,"href":"https:\/\/lospoliticosveracruz.com\/index.php?rest_route=\/wp\/v2\/posts\/134628\/revisions\/134629"}],"wp:featuredmedia":[{"embeddable":true,"href":"https:\/\/lospoliticosveracruz.com\/index.php?rest_route=\/wp\/v2\/media\/119912"}],"wp:attachment":[{"href":"https:\/\/lospoliticosveracruz.com\/index.php?rest_route=%2Fwp%2Fv2%2Fmedia&parent=134628"}],"wp:term":[{"taxonomy":"category","embeddable":true,"href":"https:\/\/lospoliticosveracruz.com\/index.php?rest_route=%2Fwp%2Fv2%2Fcategories&post=134628"},{"taxonomy":"post_tag","embeddable":true,"href":"https:\/\/lospoliticosveracruz.com\/index.php?rest_route=%2Fwp%2Fv2%2Ftags&post=134628"}],"curies":[{"name":"wp","href":"https:\/\/api.w.org\/{rel}","templated":true}]}}