{"id":13477,"date":"2014-11-12T10:49:47","date_gmt":"2014-11-12T16:49:47","guid":{"rendered":"http:\/\/www.lospoliticosveracruz.com.mx\/?p=13477"},"modified":"2014-11-12T10:49:47","modified_gmt":"2014-11-12T16:49:47","slug":"clausura-temporal-de-obra-de-gasolinera-en-avenida-xalapa","status":"publish","type":"post","link":"https:\/\/lospoliticosveracruz.com\/?p=13477","title":{"rendered":"Clausura temporal de obra de gasolinera en avenida Xalapa"},"content":{"rendered":"<p><a href=\"http:\/\/www.lospoliticosveracruz.com.mx\/wp-content\/uploads\/2014\/11\/gasolinera-avenida-xalapa.jpg\"><img loading=\"lazy\" decoding=\"async\" class=\"alignnone size-medium wp-image-13479\" src=\"http:\/\/www.lospoliticosveracruz.com.mx\/wp-content\/uploads\/2014\/11\/gasolinera-avenida-xalapa-300x167.jpg\" alt=\"gasolinera-avenida-xalapa\" width=\"300\" height=\"167\" \/><\/a><\/p>\n<p><strong>Miguel Angel Cristiani<\/strong><\/p>\n<p><em>Bit\u00e1cora Veracruz<\/em><\/p>\n<p>&nbsp;<\/p>\n<p>Hay que reconocer la decisi\u00f3n del ayuntamiento de Xalapa, que acaba de dar a conocer el Director de Desarrollo Urbano, Ram\u00f3n Hern\u00e1ndez Salas, en el sentido de que se suspende aunque sea temporalmente y se proceder\u00e1 a revisar las condiciones en que se edifica una estaci\u00f3n gasolinera sobre la avenida Xalapa, lo que ha provocado protestas y hasta manifestaciones por parte de los vecinos.<\/p>\n<p>M\u00e1s all\u00e1 de que si cuenta con los permisos correspondientes para construir y operar una gasolinera en ese lugar, habr\u00eda que ver en principio, si se debieron de haber otorgado o no esas licencias de construcci\u00f3n, porque en este caso, no se trata nada m\u00e1s de presentar planos y caracter\u00edsticas de la obra para que sea autorizada por la autoridad municipal.<\/p>\n<p>Hay que aclarar, que la clausura de la obra no es definitiva, sino en \u201cforma temporal\u201d hasta que se certifique si la construcci\u00f3n incurre en alguna irregularidad que amerite su cierre definitivo.<\/p>\n<p>Por lo que se espera que no se trate nada m\u00e1s de una medida disuasiva para esperar a que los vecinos que ya han tapizado los frentes de sus casas con mantas de protesta ante la construcci\u00f3n de la gasolinera, se calmen y puedan seguir con la obra.<\/p>\n<p>Porque no ser\u00e1 posible, que se autorice la terminaci\u00f3n de la gasolinera, para que luego se puedan constatar por las autoridades que ahora han dado generosamente los permisos de construcci\u00f3n y operaci\u00f3n, para que se puedan comprobar los problemas viales y la inseguridad que habr\u00e1 de generar su funcionamiento.<\/p>\n<p>A prop\u00f3sito de obras en Xalapa, tampoco se ha informado hasta el momento, en que consisten los trabajos de construcci\u00f3n que ya se han iniciado desde hace varios d\u00edas en los amplios terrenos de los campos de f\u00fatbol y b\u00e9isbol, en donde todos los fines de semana se reun\u00edan a jugar decenas de deportistas de esas disciplinas.<\/p>\n<p>Porque resulta que de un d\u00eda para otro, comenzaron a levantar con maquinaria el pasto que cubr\u00eda toda la enorme superficie de terreno, introdujeron maquinaria para sacar piedras de un costado y esta semana, comenzaron ya a trazar divisiones en el suelo y a cavar lo que seguramente ser\u00e1n cimientos de construcci\u00f3n.<\/p>\n<p>Pero hasta ahora, no se ha dado a conocer el cambio de uso del suelo, ni el prop\u00f3sito de lo que se est\u00e1 haciendo, ni si se trata como en el caso de la gasolinera de un particular o cu\u00e1l es el prop\u00f3sito de las obras en los campos de f\u00fatbol y b\u00e9isbol en la colonia 21 de marzo, sobre la avenida L\u00e1zaro C\u00e1rdenas, a la salida a Banderilla.<\/p>\n<p>Para que luego no nos vuelvan a salir, con que se tienen todos los permisos de ley, para construir quien sabe qu\u00e9 cosa se les ocurra a nuestras autoridades municipales, en lugar de los campos deportivos, argumentando que ya se cuenta ahora con otras modernas instalaciones para los Juegos Centroamericanos y del Caribe.<\/p>\n","protected":false},"excerpt":{"rendered":"<p>Miguel Angel Cristiani Bit\u00e1cora Veracruz &nbsp; Hay que reconocer la decisi\u00f3n del ayuntamiento de Xalapa, que acaba de dar a conocer el Director de Desarrollo Urbano, Ram\u00f3n Hern\u00e1ndez Salas, en el sentido de que se suspende aunque sea temporalmente y se proceder\u00e1 a revisar las condiciones en que se edifica una estaci\u00f3n gasolinera sobre la [&hellip;]<\/p>\n","protected":false},"author":2,"featured_media":0,"comment_status":"open","ping_status":"open","sticky":false,"template":"","format":"standard","meta":{"tdm_status":"","tdm_grid_status":"","footnotes":""},"categories":[70],"tags":[836,96],"class_list":{"0":"post-13477","1":"post","2":"type-post","3":"status-publish","4":"format-standard","6":"category-de-opinion","7":"tag-gasolinera","8":"tag-xalapa"},"yoast_head":"<!-- This site is optimized with the Yoast SEO plugin v27.4 - https:\/\/yoast.com\/product\/yoast-seo-wordpress\/ -->\n<title>Clausura temporal de obra de gasolinera en avenida Xalapa - Los pol\u00edticos Veracruz<\/title>\n<meta name=\"robots\" content=\"index, follow, max-snippet:-1, max-image-preview:large, max-video-preview:-1\" \/>\n<link rel=\"canonical\" href=\"https:\/\/lospoliticosveracruz.com\/?p=13477\" \/>\n<meta property=\"og:locale\" content=\"es_ES\" \/>\n<meta property=\"og:type\" content=\"article\" \/>\n<meta property=\"og:title\" content=\"Clausura temporal de obra de gasolinera en avenida Xalapa - Los pol\u00edticos Veracruz\" \/>\n<meta property=\"og:description\" content=\"Miguel Angel Cristiani Bit\u00e1cora Veracruz &nbsp; Hay que reconocer la decisi\u00f3n del ayuntamiento de Xalapa, que acaba de dar a conocer el Director de Desarrollo Urbano, Ram\u00f3n Hern\u00e1ndez Salas, en el sentido de que se suspende aunque sea temporalmente y se proceder\u00e1 a revisar las condiciones en que se edifica una estaci\u00f3n gasolinera sobre la [&hellip;]\" \/>\n<meta property=\"og:url\" content=\"https:\/\/lospoliticosveracruz.com\/?p=13477\" \/>\n<meta property=\"og:site_name\" content=\"Los pol\u00edticos Veracruz\" \/>\n<meta property=\"article:publisher\" content=\"https:\/\/www.facebook.com\/people\/Notimemes-de-los-Polticos\/61565672886568\/\" \/>\n<meta property=\"article:published_time\" content=\"2014-11-12T16:49:47+00:00\" \/>\n<meta property=\"og:image\" content=\"http:\/\/www.lospoliticosveracruz.com.mx\/wp-content\/uploads\/2014\/11\/gasolinera-avenida-xalapa-300x167.jpg\" \/>\n<meta name=\"author\" content=\"Lo viste en Los Pol\u00edticos\" \/>\n<meta name=\"twitter:card\" content=\"summary_large_image\" \/>\n<meta name=\"twitter:creator\" content=\"@LosPoliticosVer\" \/>\n<meta name=\"twitter:site\" content=\"@LosPoliticosVer\" \/>\n<meta name=\"twitter:label1\" content=\"Escrito por\" \/>\n\t<meta name=\"twitter:data1\" content=\"Lo viste en Los Pol\u00edticos\" \/>\n\t<meta name=\"twitter:label2\" content=\"Tiempo de lectura\" \/>\n\t<meta name=\"twitter:data2\" content=\"3 minutos\" \/>\n<script type=\"application\/ld+json\" class=\"yoast-schema-graph\">{\"@context\":\"https:\\\/\\\/schema.org\",\"@graph\":[{\"@type\":\"Article\",\"@id\":\"https:\\\/\\\/lospoliticosveracruz.com\\\/?p=13477#article\",\"isPartOf\":{\"@id\":\"https:\\\/\\\/lospoliticosveracruz.com\\\/?p=13477\"},\"author\":{\"name\":\"Lo viste en Los Pol\u00edticos\",\"@id\":\"https:\\\/\\\/lospoliticosveracruz.com\\\/#\\\/schema\\\/person\\\/b8702bb0e538456e6efd07080bf2a4a2\"},\"headline\":\"Clausura temporal de obra de gasolinera en avenida Xalapa\",\"datePublished\":\"2014-11-12T16:49:47+00:00\",\"mainEntityOfPage\":{\"@id\":\"https:\\\/\\\/lospoliticosveracruz.com\\\/?p=13477\"},\"wordCount\":532,\"commentCount\":0,\"publisher\":{\"@id\":\"https:\\\/\\\/lospoliticosveracruz.com\\\/#organization\"},\"image\":{\"@id\":\"https:\\\/\\\/lospoliticosveracruz.com\\\/?p=13477#primaryimage\"},\"thumbnailUrl\":\"http:\\\/\\\/www.lospoliticosveracruz.com.mx\\\/wp-content\\\/uploads\\\/2014\\\/11\\\/gasolinera-avenida-xalapa-300x167.jpg\",\"keywords\":[\"gasolinera\",\"Xalapa\"],\"articleSection\":[\"De Opini\u00f3n\"],\"inLanguage\":\"es\",\"potentialAction\":[{\"@type\":\"CommentAction\",\"name\":\"Comment\",\"target\":[\"https:\\\/\\\/lospoliticosveracruz.com\\\/?p=13477#respond\"]}]},{\"@type\":\"WebPage\",\"@id\":\"https:\\\/\\\/lospoliticosveracruz.com\\\/?p=13477\",\"url\":\"https:\\\/\\\/lospoliticosveracruz.com\\\/?p=13477\",\"name\":\"Clausura temporal de obra de gasolinera en avenida Xalapa - Los pol\u00edticos Veracruz\",\"isPartOf\":{\"@id\":\"https:\\\/\\\/lospoliticosveracruz.com\\\/#website\"},\"primaryImageOfPage\":{\"@id\":\"https:\\\/\\\/lospoliticosveracruz.com\\\/?p=13477#primaryimage\"},\"image\":{\"@id\":\"https:\\\/\\\/lospoliticosveracruz.com\\\/?p=13477#primaryimage\"},\"thumbnailUrl\":\"http:\\\/\\\/www.lospoliticosveracruz.com.mx\\\/wp-content\\\/uploads\\\/2014\\\/11\\\/gasolinera-avenida-xalapa-300x167.jpg\",\"datePublished\":\"2014-11-12T16:49:47+00:00\",\"breadcrumb\":{\"@id\":\"https:\\\/\\\/lospoliticosveracruz.com\\\/?p=13477#breadcrumb\"},\"inLanguage\":\"es\",\"potentialAction\":[{\"@type\":\"ReadAction\",\"target\":[\"https:\\\/\\\/lospoliticosveracruz.com\\\/?p=13477\"]}]},{\"@type\":\"ImageObject\",\"inLanguage\":\"es\",\"@id\":\"https:\\\/\\\/lospoliticosveracruz.com\\\/?p=13477#primaryimage\",\"url\":\"http:\\\/\\\/www.lospoliticosveracruz.com.mx\\\/wp-content\\\/uploads\\\/2014\\\/11\\\/gasolinera-avenida-xalapa-300x167.jpg\",\"contentUrl\":\"http:\\\/\\\/www.lospoliticosveracruz.com.mx\\\/wp-content\\\/uploads\\\/2014\\\/11\\\/gasolinera-avenida-xalapa-300x167.jpg\"},{\"@type\":\"BreadcrumbList\",\"@id\":\"https:\\\/\\\/lospoliticosveracruz.com\\\/?p=13477#breadcrumb\",\"itemListElement\":[{\"@type\":\"ListItem\",\"position\":1,\"name\":\"Portada\",\"item\":\"https:\\\/\\\/lospoliticosveracruz.com\\\/\"},{\"@type\":\"ListItem\",\"position\":2,\"name\":\"Clausura temporal de obra de gasolinera en avenida Xalapa\"}]},{\"@type\":\"WebSite\",\"@id\":\"https:\\\/\\\/lospoliticosveracruz.com\\\/#website\",\"url\":\"https:\\\/\\\/lospoliticosveracruz.com\\\/\",\"name\":\"Los pol\u00edticos Veracruz\",\"description\":\"\",\"publisher\":{\"@id\":\"https:\\\/\\\/lospoliticosveracruz.com\\\/#organization\"},\"potentialAction\":[{\"@type\":\"SearchAction\",\"target\":{\"@type\":\"EntryPoint\",\"urlTemplate\":\"https:\\\/\\\/lospoliticosveracruz.com\\\/?s={search_term_string}\"},\"query-input\":{\"@type\":\"PropertyValueSpecification\",\"valueRequired\":true,\"valueName\":\"search_term_string\"}}],\"inLanguage\":\"es\"},{\"@type\":\"Organization\",\"@id\":\"https:\\\/\\\/lospoliticosveracruz.com\\\/#organization\",\"name\":\"Los pol\u00edticos Veracruz\",\"url\":\"https:\\\/\\\/lospoliticosveracruz.com\\\/\",\"logo\":{\"@type\":\"ImageObject\",\"inLanguage\":\"es\",\"@id\":\"https:\\\/\\\/lospoliticosveracruz.com\\\/#\\\/schema\\\/logo\\\/image\\\/\",\"url\":\"https:\\\/\\\/lospoliticosveracruz.com\\\/wp-content\\\/uploads\\\/2025\\\/12\\\/Logo-Nuevo-LOS-POLITICOS-1.jpg\",\"contentUrl\":\"https:\\\/\\\/lospoliticosveracruz.com\\\/wp-content\\\/uploads\\\/2025\\\/12\\\/Logo-Nuevo-LOS-POLITICOS-1.jpg\",\"width\":260,\"height\":70,\"caption\":\"Los pol\u00edticos Veracruz\"},\"image\":{\"@id\":\"https:\\\/\\\/lospoliticosveracruz.com\\\/#\\\/schema\\\/logo\\\/image\\\/\"},\"sameAs\":[\"https:\\\/\\\/www.facebook.com\\\/people\\\/Notimemes-de-los-Polticos\\\/61565672886568\\\/\",\"https:\\\/\\\/x.com\\\/LosPoliticosVer\"]},{\"@type\":\"Person\",\"@id\":\"https:\\\/\\\/lospoliticosveracruz.com\\\/#\\\/schema\\\/person\\\/b8702bb0e538456e6efd07080bf2a4a2\",\"name\":\"Lo viste en Los Pol\u00edticos\",\"image\":{\"@type\":\"ImageObject\",\"inLanguage\":\"es\",\"@id\":\"https:\\\/\\\/secure.gravatar.com\\\/avatar\\\/3a8de04a2656d44082be478bd6c086daa447c4651605818287b9532d3d0bd435?s=96&d=mm&r=g\",\"url\":\"https:\\\/\\\/secure.gravatar.com\\\/avatar\\\/3a8de04a2656d44082be478bd6c086daa447c4651605818287b9532d3d0bd435?s=96&d=mm&r=g\",\"contentUrl\":\"https:\\\/\\\/secure.gravatar.com\\\/avatar\\\/3a8de04a2656d44082be478bd6c086daa447c4651605818287b9532d3d0bd435?s=96&d=mm&r=g\",\"caption\":\"Lo viste en Los Pol\u00edticos\"},\"url\":\"https:\\\/\\\/lospoliticosveracruz.com\\\/?author=2\"}]}<\/script>\n<!-- \/ Yoast SEO plugin. -->","yoast_head_json":{"title":"Clausura temporal de obra de gasolinera en avenida Xalapa - Los pol\u00edticos Veracruz","robots":{"index":"index","follow":"follow","max-snippet":"max-snippet:-1","max-image-preview":"max-image-preview:large","max-video-preview":"max-video-preview:-1"},"canonical":"https:\/\/lospoliticosveracruz.com\/?p=13477","og_locale":"es_ES","og_type":"article","og_title":"Clausura temporal de obra de gasolinera en avenida Xalapa - Los pol\u00edticos Veracruz","og_description":"Miguel Angel Cristiani Bit\u00e1cora Veracruz &nbsp; Hay que reconocer la decisi\u00f3n del ayuntamiento de Xalapa, que acaba de dar a conocer el Director de Desarrollo Urbano, Ram\u00f3n Hern\u00e1ndez Salas, en el sentido de que se suspende aunque sea temporalmente y se proceder\u00e1 a revisar las condiciones en que se edifica una estaci\u00f3n gasolinera sobre la [&hellip;]","og_url":"https:\/\/lospoliticosveracruz.com\/?p=13477","og_site_name":"Los pol\u00edticos Veracruz","article_publisher":"https:\/\/www.facebook.com\/people\/Notimemes-de-los-Polticos\/61565672886568\/","article_published_time":"2014-11-12T16:49:47+00:00","og_image":[{"url":"http:\/\/www.lospoliticosveracruz.com.mx\/wp-content\/uploads\/2014\/11\/gasolinera-avenida-xalapa-300x167.jpg","type":"","width":"","height":""}],"author":"Lo viste en Los Pol\u00edticos","twitter_card":"summary_large_image","twitter_creator":"@LosPoliticosVer","twitter_site":"@LosPoliticosVer","twitter_misc":{"Escrito por":"Lo viste en Los Pol\u00edticos","Tiempo de lectura":"3 minutos"},"schema":{"@context":"https:\/\/schema.org","@graph":[{"@type":"Article","@id":"https:\/\/lospoliticosveracruz.com\/?p=13477#article","isPartOf":{"@id":"https:\/\/lospoliticosveracruz.com\/?p=13477"},"author":{"name":"Lo viste en Los Pol\u00edticos","@id":"https:\/\/lospoliticosveracruz.com\/#\/schema\/person\/b8702bb0e538456e6efd07080bf2a4a2"},"headline":"Clausura temporal de obra de gasolinera en avenida Xalapa","datePublished":"2014-11-12T16:49:47+00:00","mainEntityOfPage":{"@id":"https:\/\/lospoliticosveracruz.com\/?p=13477"},"wordCount":532,"commentCount":0,"publisher":{"@id":"https:\/\/lospoliticosveracruz.com\/#organization"},"image":{"@id":"https:\/\/lospoliticosveracruz.com\/?p=13477#primaryimage"},"thumbnailUrl":"http:\/\/www.lospoliticosveracruz.com.mx\/wp-content\/uploads\/2014\/11\/gasolinera-avenida-xalapa-300x167.jpg","keywords":["gasolinera","Xalapa"],"articleSection":["De Opini\u00f3n"],"inLanguage":"es","potentialAction":[{"@type":"CommentAction","name":"Comment","target":["https:\/\/lospoliticosveracruz.com\/?p=13477#respond"]}]},{"@type":"WebPage","@id":"https:\/\/lospoliticosveracruz.com\/?p=13477","url":"https:\/\/lospoliticosveracruz.com\/?p=13477","name":"Clausura temporal de obra de gasolinera en avenida Xalapa - Los pol\u00edticos Veracruz","isPartOf":{"@id":"https:\/\/lospoliticosveracruz.com\/#website"},"primaryImageOfPage":{"@id":"https:\/\/lospoliticosveracruz.com\/?p=13477#primaryimage"},"image":{"@id":"https:\/\/lospoliticosveracruz.com\/?p=13477#primaryimage"},"thumbnailUrl":"http:\/\/www.lospoliticosveracruz.com.mx\/wp-content\/uploads\/2014\/11\/gasolinera-avenida-xalapa-300x167.jpg","datePublished":"2014-11-12T16:49:47+00:00","breadcrumb":{"@id":"https:\/\/lospoliticosveracruz.com\/?p=13477#breadcrumb"},"inLanguage":"es","potentialAction":[{"@type":"ReadAction","target":["https:\/\/lospoliticosveracruz.com\/?p=13477"]}]},{"@type":"ImageObject","inLanguage":"es","@id":"https:\/\/lospoliticosveracruz.com\/?p=13477#primaryimage","url":"http:\/\/www.lospoliticosveracruz.com.mx\/wp-content\/uploads\/2014\/11\/gasolinera-avenida-xalapa-300x167.jpg","contentUrl":"http:\/\/www.lospoliticosveracruz.com.mx\/wp-content\/uploads\/2014\/11\/gasolinera-avenida-xalapa-300x167.jpg"},{"@type":"BreadcrumbList","@id":"https:\/\/lospoliticosveracruz.com\/?p=13477#breadcrumb","itemListElement":[{"@type":"ListItem","position":1,"name":"Portada","item":"https:\/\/lospoliticosveracruz.com\/"},{"@type":"ListItem","position":2,"name":"Clausura temporal de obra de gasolinera en avenida Xalapa"}]},{"@type":"WebSite","@id":"https:\/\/lospoliticosveracruz.com\/#website","url":"https:\/\/lospoliticosveracruz.com\/","name":"Los pol\u00edticos Veracruz","description":"","publisher":{"@id":"https:\/\/lospoliticosveracruz.com\/#organization"},"potentialAction":[{"@type":"SearchAction","target":{"@type":"EntryPoint","urlTemplate":"https:\/\/lospoliticosveracruz.com\/?s={search_term_string}"},"query-input":{"@type":"PropertyValueSpecification","valueRequired":true,"valueName":"search_term_string"}}],"inLanguage":"es"},{"@type":"Organization","@id":"https:\/\/lospoliticosveracruz.com\/#organization","name":"Los pol\u00edticos Veracruz","url":"https:\/\/lospoliticosveracruz.com\/","logo":{"@type":"ImageObject","inLanguage":"es","@id":"https:\/\/lospoliticosveracruz.com\/#\/schema\/logo\/image\/","url":"https:\/\/lospoliticosveracruz.com\/wp-content\/uploads\/2025\/12\/Logo-Nuevo-LOS-POLITICOS-1.jpg","contentUrl":"https:\/\/lospoliticosveracruz.com\/wp-content\/uploads\/2025\/12\/Logo-Nuevo-LOS-POLITICOS-1.jpg","width":260,"height":70,"caption":"Los pol\u00edticos Veracruz"},"image":{"@id":"https:\/\/lospoliticosveracruz.com\/#\/schema\/logo\/image\/"},"sameAs":["https:\/\/www.facebook.com\/people\/Notimemes-de-los-Polticos\/61565672886568\/","https:\/\/x.com\/LosPoliticosVer"]},{"@type":"Person","@id":"https:\/\/lospoliticosveracruz.com\/#\/schema\/person\/b8702bb0e538456e6efd07080bf2a4a2","name":"Lo viste en Los Pol\u00edticos","image":{"@type":"ImageObject","inLanguage":"es","@id":"https:\/\/secure.gravatar.com\/avatar\/3a8de04a2656d44082be478bd6c086daa447c4651605818287b9532d3d0bd435?s=96&d=mm&r=g","url":"https:\/\/secure.gravatar.com\/avatar\/3a8de04a2656d44082be478bd6c086daa447c4651605818287b9532d3d0bd435?s=96&d=mm&r=g","contentUrl":"https:\/\/secure.gravatar.com\/avatar\/3a8de04a2656d44082be478bd6c086daa447c4651605818287b9532d3d0bd435?s=96&d=mm&r=g","caption":"Lo viste en Los Pol\u00edticos"},"url":"https:\/\/lospoliticosveracruz.com\/?author=2"}]}},"_links":{"self":[{"href":"https:\/\/lospoliticosveracruz.com\/index.php?rest_route=\/wp\/v2\/posts\/13477","targetHints":{"allow":["GET"]}}],"collection":[{"href":"https:\/\/lospoliticosveracruz.com\/index.php?rest_route=\/wp\/v2\/posts"}],"about":[{"href":"https:\/\/lospoliticosveracruz.com\/index.php?rest_route=\/wp\/v2\/types\/post"}],"author":[{"embeddable":true,"href":"https:\/\/lospoliticosveracruz.com\/index.php?rest_route=\/wp\/v2\/users\/2"}],"replies":[{"embeddable":true,"href":"https:\/\/lospoliticosveracruz.com\/index.php?rest_route=%2Fwp%2Fv2%2Fcomments&post=13477"}],"version-history":[{"count":1,"href":"https:\/\/lospoliticosveracruz.com\/index.php?rest_route=\/wp\/v2\/posts\/13477\/revisions"}],"predecessor-version":[{"id":13480,"href":"https:\/\/lospoliticosveracruz.com\/index.php?rest_route=\/wp\/v2\/posts\/13477\/revisions\/13480"}],"wp:attachment":[{"href":"https:\/\/lospoliticosveracruz.com\/index.php?rest_route=%2Fwp%2Fv2%2Fmedia&parent=13477"}],"wp:term":[{"taxonomy":"category","embeddable":true,"href":"https:\/\/lospoliticosveracruz.com\/index.php?rest_route=%2Fwp%2Fv2%2Fcategories&post=13477"},{"taxonomy":"post_tag","embeddable":true,"href":"https:\/\/lospoliticosveracruz.com\/index.php?rest_route=%2Fwp%2Fv2%2Ftags&post=13477"}],"curies":[{"name":"wp","href":"https:\/\/api.w.org\/{rel}","templated":true}]}}