{"id":134938,"date":"2025-01-03T19:51:16","date_gmt":"2025-01-04T01:51:16","guid":{"rendered":"https:\/\/lospoliticosveracruz.com.mx\/?p=134938"},"modified":"2025-01-03T19:51:41","modified_gmt":"2025-01-04T01:51:41","slug":"ya-vienen-los-reyes-magos","status":"publish","type":"post","link":"https:\/\/lospoliticosveracruz.com\/?p=134938","title":{"rendered":"YA VIENEN LOS REYES MAGOS!"},"content":{"rendered":"\n<p>S\u00edguenos ahora tambi\u00e9n en WhatsApp.\u00a0<a href=\"https:\/\/whatsapp.com\/channel\/0029Va8zRWlEKyZIP3Z1dF0e\"><em><strong>Da clic aqu\u00ed<\/strong><\/em><\/a><\/p>\n\n\n\n<p><strong>Brenda Caballero<br><\/strong><em>N\u00fameros Rojos<\/em><\/p>\n\n\n\n<p>No es tan dif\u00edcil encontrar a los Reyes Magos si te portas bien. Pero \u00bfqu\u00e9 pasa si te portas mal? Bueno, tienes la estrella de Bel\u00e9n a la que puedes seguir.<br>Y as\u00ed lo hicimos. \u00a1Pin, pon papas! Y all\u00ed estaba el camello de Melchor. \u00a1Error! era la joroba pero del puente de L\u00e1zaro C\u00e1rdenas. Un d\u00eda m\u00e1s y all\u00ed estaban \u00bfen la Plaza del Juguete? \u00a1No, qu\u00e9 va! \u00a1andaban en el Caf\u00e9 La Parroquia en el puritito mitote!<\/p>\n\n\n<div class=\"wp-block-image\">\n<figure class=\"alignleft size-thumbnail\"><a href=\"https:\/\/lospoliticosveracruz.com.mx\/wp-content\/uploads\/2024\/05\/IMG_0341-e1716950925234.jpeg\"><img loading=\"lazy\" decoding=\"async\" width=\"150\" height=\"150\" src=\"https:\/\/lospoliticosveracruz.com.mx\/wp-content\/uploads\/2024\/05\/IMG_0341-150x150.jpeg\" alt=\"\" class=\"wp-image-125332\"\/><\/a><\/figure>\n<\/div>\n\n\n<p><br>Con cautela me acerqu\u00e9 a Melchor, pero no se crea que por el oro, sino por ser el m\u00e1s grande de los 3.<br>-\u00a1Don Melchor! \u00a1Don Melchor! \u00bfPodr\u00eda entrevistarlo?<br>-Mmm solamente si eres youtuber\u2026<br>-H\u00edjole, nada de eso. Soy una simple reportera.<br>-\u00bfEres Ticktokera o tienes un podcast?- intervino Gaspar\u2026<br>-No, a\u00fan no, pero me dicen chayotera \u00bfeso sirve?<br>-Para nada -respondi\u00f3 Baltazar- Sigue tu camino.<br>-\u00a1Oigan! pero s\u00f3lo 5 minutos. Adem\u00e1s \u00a1Es Tiempo de Mujeres! y ustedes est\u00e1n en Veracruz donde hay una mujer gobernadora.<br>-\u00a1Ya sabemos! \u00a1Ya sabemos! \u00bfA ver qu\u00e9 quieres? No sea que despues nos acuses de violencia o discriminaci\u00f3n. \u00a1Pero modern\u00edzate! \u00a1Hasta los ni\u00f1os piden ipads y celulares!<br>-\u00bfY los pol\u00edticos qu\u00e9 les piden?<br>-Bueno, depende. Algunos piden huesos, huesitos o huesotes. Aunque otros, que los pongan donde hay.<br>-\u00bfDonde hay qu\u00e9?<br>-Pues donde hay trabajo, o donde hay pueblo, pues tienen vocaci\u00f3n de servir.<br>-\u00a1De servirse! dir\u00eda yo.<br>-\u00a1No seas mal pensada! Tambi\u00e9n hay buenos pol\u00edticos.<br>-\u00bfY qu\u00e9 les piden esos buenos pol\u00edticos?<br>-Ac\u00e1 entre nos, este a\u00f1o hemos recibido muchas cartas con un solo regalo: \u201cser candidatos de Morena\u201d\u2026<br>-Bueno, se entiende, es a\u00f1o electoral. Entonces \u00bfqu\u00e9 le ha pedido la oposici\u00f3n?<br>-All\u00ed tambi\u00e9n depende de qu\u00e9 partido pol\u00edtico se trate. Por ejemplo: el PAN, m\u00ednimo conservar Veracruz y Boca del R\u00edo; el PRI, no desaparecer del territorio veracruzano; y Movimiento Ciudadano, un guante de beisbol.<br>\u2013\u00bfUn guante de b\u00e9isbol? Ellos s\u00ed que saben pedir juguetes.<br>-No, reportera ilusa. Un guante de beis para cachar todo lo que venga de otros partidos.<br>-\u00bfY los diputados qu\u00e9 les pidieron?<br>-Tambi\u00e9n depende. Los de la oposici\u00f3n, bancadas y m\u00e1s bancadas, mientras que los de Morena no piden nada, \u00a1Pues ya tienen la mayor\u00eda!<br>-\u00bfEntonces ning\u00fan diputado de Morena pidi\u00f3 nada?<br>-\u00a1Qu\u00e9 va! Quieren kits de construcci\u00f3n, esos sets de Lego, dizque para seguir construyendo los pisos de la Transformaci\u00f3n.<br>-\u00bfY les van a traer todos esos regalos a los pol\u00edticos de Veracruz?<br>-Pues en realidad se han portado muy mal.<br>-Mmm \u00bfya ven por qu\u00e9 el pueblo mejor cree en los Reyes que en los Pol\u00edticos?<\/p>\n\n\n\n<p>*Entrevista ficticia con el \u00fanico fin de sacarle una sonrisa.<br>correo:caballero_brenda@hotmail.com<br>Twitter: @NumerosRojos_BC<\/p>\n","protected":false},"excerpt":{"rendered":"<p>S\u00edguenos ahora tambi\u00e9n en WhatsApp.\u00a0Da clic aqu\u00ed Brenda CaballeroN\u00fameros Rojos No es tan dif\u00edcil encontrar a los Reyes Magos si te portas bien. Pero \u00bfqu\u00e9 pasa si te portas mal? Bueno, tienes la estrella de Bel\u00e9n a la que puedes seguir.Y as\u00ed lo hicimos. \u00a1Pin, pon papas! Y all\u00ed estaba el camello de Melchor. \u00a1Error! [&hellip;]<\/p>\n","protected":false},"author":2,"featured_media":119809,"comment_status":"closed","ping_status":"closed","sticky":false,"template":"","format":"standard","meta":{"tdm_status":"","tdm_grid_status":"","footnotes":""},"categories":[70],"tags":[2687,16042,1296],"class_list":{"0":"post-134938","1":"post","2":"type-post","3":"status-publish","4":"format-standard","5":"has-post-thumbnail","7":"category-de-opinion","8":"tag-brenda-caballero","9":"tag-melchor","10":"tag-reyes-magos"},"yoast_head":"<!-- This site is optimized with the Yoast SEO plugin v27.4 - https:\/\/yoast.com\/product\/yoast-seo-wordpress\/ -->\n<title>YA VIENEN LOS REYES MAGOS! - Los pol\u00edticos Veracruz<\/title>\n<meta name=\"robots\" content=\"index, follow, max-snippet:-1, max-image-preview:large, max-video-preview:-1\" \/>\n<link rel=\"canonical\" href=\"https:\/\/lospoliticosveracruz.com\/?p=134938\" \/>\n<meta property=\"og:locale\" content=\"es_ES\" \/>\n<meta property=\"og:type\" content=\"article\" \/>\n<meta property=\"og:title\" content=\"YA VIENEN LOS REYES MAGOS! - Los pol\u00edticos Veracruz\" \/>\n<meta property=\"og:description\" content=\"S\u00edguenos ahora tambi\u00e9n en WhatsApp.\u00a0Da clic aqu\u00ed Brenda CaballeroN\u00fameros Rojos No es tan dif\u00edcil encontrar a los Reyes Magos si te portas bien. Pero \u00bfqu\u00e9 pasa si te portas mal? Bueno, tienes la estrella de Bel\u00e9n a la que puedes seguir.Y as\u00ed lo hicimos. \u00a1Pin, pon papas! Y all\u00ed estaba el camello de Melchor. \u00a1Error! [&hellip;]\" \/>\n<meta property=\"og:url\" content=\"https:\/\/lospoliticosveracruz.com\/?p=134938\" \/>\n<meta property=\"og:site_name\" content=\"Los pol\u00edticos Veracruz\" \/>\n<meta property=\"article:publisher\" content=\"https:\/\/www.facebook.com\/people\/Notimemes-de-los-Polticos\/61565672886568\/\" \/>\n<meta property=\"article:published_time\" content=\"2025-01-04T01:51:16+00:00\" \/>\n<meta property=\"article:modified_time\" content=\"2025-01-04T01:51:41+00:00\" \/>\n<meta property=\"og:image\" content=\"https:\/\/lospoliticosveracruz.com\/wp-content\/uploads\/2024\/03\/Brenda-Caballero.jpg\" \/>\n\t<meta property=\"og:image:width\" content=\"1600\" \/>\n\t<meta property=\"og:image:height\" content=\"853\" \/>\n\t<meta property=\"og:image:type\" content=\"image\/jpeg\" \/>\n<meta name=\"author\" content=\"Lo viste en Los Pol\u00edticos\" \/>\n<meta name=\"twitter:card\" content=\"summary_large_image\" \/>\n<meta name=\"twitter:creator\" content=\"@LosPoliticosVer\" \/>\n<meta name=\"twitter:site\" content=\"@LosPoliticosVer\" \/>\n<meta name=\"twitter:label1\" content=\"Escrito por\" \/>\n\t<meta name=\"twitter:data1\" content=\"Lo viste en Los Pol\u00edticos\" \/>\n\t<meta name=\"twitter:label2\" content=\"Tiempo de lectura\" \/>\n\t<meta name=\"twitter:data2\" content=\"3 minutos\" \/>\n<script type=\"application\/ld+json\" class=\"yoast-schema-graph\">{\"@context\":\"https:\\\/\\\/schema.org\",\"@graph\":[{\"@type\":\"Article\",\"@id\":\"https:\\\/\\\/lospoliticosveracruz.com\\\/?p=134938#article\",\"isPartOf\":{\"@id\":\"https:\\\/\\\/lospoliticosveracruz.com\\\/?p=134938\"},\"author\":{\"name\":\"Lo viste en Los Pol\u00edticos\",\"@id\":\"https:\\\/\\\/lospoliticosveracruz.com\\\/#\\\/schema\\\/person\\\/b8702bb0e538456e6efd07080bf2a4a2\"},\"headline\":\"YA VIENEN LOS REYES MAGOS!\",\"datePublished\":\"2025-01-04T01:51:16+00:00\",\"dateModified\":\"2025-01-04T01:51:41+00:00\",\"mainEntityOfPage\":{\"@id\":\"https:\\\/\\\/lospoliticosveracruz.com\\\/?p=134938\"},\"wordCount\":518,\"publisher\":{\"@id\":\"https:\\\/\\\/lospoliticosveracruz.com\\\/#organization\"},\"image\":{\"@id\":\"https:\\\/\\\/lospoliticosveracruz.com\\\/?p=134938#primaryimage\"},\"thumbnailUrl\":\"https:\\\/\\\/lospoliticosveracruz.com\\\/wp-content\\\/uploads\\\/2024\\\/03\\\/Brenda-Caballero.jpg\",\"keywords\":[\"Brenda Caballero\",\"Melchor\",\"Reyes Magos\"],\"articleSection\":[\"De Opini\u00f3n\"],\"inLanguage\":\"es\"},{\"@type\":\"WebPage\",\"@id\":\"https:\\\/\\\/lospoliticosveracruz.com\\\/?p=134938\",\"url\":\"https:\\\/\\\/lospoliticosveracruz.com\\\/?p=134938\",\"name\":\"YA VIENEN LOS REYES MAGOS! - Los pol\u00edticos Veracruz\",\"isPartOf\":{\"@id\":\"https:\\\/\\\/lospoliticosveracruz.com\\\/#website\"},\"primaryImageOfPage\":{\"@id\":\"https:\\\/\\\/lospoliticosveracruz.com\\\/?p=134938#primaryimage\"},\"image\":{\"@id\":\"https:\\\/\\\/lospoliticosveracruz.com\\\/?p=134938#primaryimage\"},\"thumbnailUrl\":\"https:\\\/\\\/lospoliticosveracruz.com\\\/wp-content\\\/uploads\\\/2024\\\/03\\\/Brenda-Caballero.jpg\",\"datePublished\":\"2025-01-04T01:51:16+00:00\",\"dateModified\":\"2025-01-04T01:51:41+00:00\",\"breadcrumb\":{\"@id\":\"https:\\\/\\\/lospoliticosveracruz.com\\\/?p=134938#breadcrumb\"},\"inLanguage\":\"es\",\"potentialAction\":[{\"@type\":\"ReadAction\",\"target\":[\"https:\\\/\\\/lospoliticosveracruz.com\\\/?p=134938\"]}]},{\"@type\":\"ImageObject\",\"inLanguage\":\"es\",\"@id\":\"https:\\\/\\\/lospoliticosveracruz.com\\\/?p=134938#primaryimage\",\"url\":\"https:\\\/\\\/lospoliticosveracruz.com\\\/wp-content\\\/uploads\\\/2024\\\/03\\\/Brenda-Caballero.jpg\",\"contentUrl\":\"https:\\\/\\\/lospoliticosveracruz.com\\\/wp-content\\\/uploads\\\/2024\\\/03\\\/Brenda-Caballero.jpg\",\"width\":1600,\"height\":853},{\"@type\":\"BreadcrumbList\",\"@id\":\"https:\\\/\\\/lospoliticosveracruz.com\\\/?p=134938#breadcrumb\",\"itemListElement\":[{\"@type\":\"ListItem\",\"position\":1,\"name\":\"Portada\",\"item\":\"https:\\\/\\\/lospoliticosveracruz.com\\\/\"},{\"@type\":\"ListItem\",\"position\":2,\"name\":\"YA VIENEN LOS REYES MAGOS!\"}]},{\"@type\":\"WebSite\",\"@id\":\"https:\\\/\\\/lospoliticosveracruz.com\\\/#website\",\"url\":\"https:\\\/\\\/lospoliticosveracruz.com\\\/\",\"name\":\"Los pol\u00edticos Veracruz\",\"description\":\"\",\"publisher\":{\"@id\":\"https:\\\/\\\/lospoliticosveracruz.com\\\/#organization\"},\"potentialAction\":[{\"@type\":\"SearchAction\",\"target\":{\"@type\":\"EntryPoint\",\"urlTemplate\":\"https:\\\/\\\/lospoliticosveracruz.com\\\/?s={search_term_string}\"},\"query-input\":{\"@type\":\"PropertyValueSpecification\",\"valueRequired\":true,\"valueName\":\"search_term_string\"}}],\"inLanguage\":\"es\"},{\"@type\":\"Organization\",\"@id\":\"https:\\\/\\\/lospoliticosveracruz.com\\\/#organization\",\"name\":\"Los pol\u00edticos Veracruz\",\"url\":\"https:\\\/\\\/lospoliticosveracruz.com\\\/\",\"logo\":{\"@type\":\"ImageObject\",\"inLanguage\":\"es\",\"@id\":\"https:\\\/\\\/lospoliticosveracruz.com\\\/#\\\/schema\\\/logo\\\/image\\\/\",\"url\":\"https:\\\/\\\/lospoliticosveracruz.com\\\/wp-content\\\/uploads\\\/2025\\\/12\\\/Logo-Nuevo-LOS-POLITICOS-1.jpg\",\"contentUrl\":\"https:\\\/\\\/lospoliticosveracruz.com\\\/wp-content\\\/uploads\\\/2025\\\/12\\\/Logo-Nuevo-LOS-POLITICOS-1.jpg\",\"width\":260,\"height\":70,\"caption\":\"Los pol\u00edticos Veracruz\"},\"image\":{\"@id\":\"https:\\\/\\\/lospoliticosveracruz.com\\\/#\\\/schema\\\/logo\\\/image\\\/\"},\"sameAs\":[\"https:\\\/\\\/www.facebook.com\\\/people\\\/Notimemes-de-los-Polticos\\\/61565672886568\\\/\",\"https:\\\/\\\/x.com\\\/LosPoliticosVer\"]},{\"@type\":\"Person\",\"@id\":\"https:\\\/\\\/lospoliticosveracruz.com\\\/#\\\/schema\\\/person\\\/b8702bb0e538456e6efd07080bf2a4a2\",\"name\":\"Lo viste en Los Pol\u00edticos\",\"image\":{\"@type\":\"ImageObject\",\"inLanguage\":\"es\",\"@id\":\"https:\\\/\\\/secure.gravatar.com\\\/avatar\\\/3a8de04a2656d44082be478bd6c086daa447c4651605818287b9532d3d0bd435?s=96&d=mm&r=g\",\"url\":\"https:\\\/\\\/secure.gravatar.com\\\/avatar\\\/3a8de04a2656d44082be478bd6c086daa447c4651605818287b9532d3d0bd435?s=96&d=mm&r=g\",\"contentUrl\":\"https:\\\/\\\/secure.gravatar.com\\\/avatar\\\/3a8de04a2656d44082be478bd6c086daa447c4651605818287b9532d3d0bd435?s=96&d=mm&r=g\",\"caption\":\"Lo viste en Los Pol\u00edticos\"},\"url\":\"https:\\\/\\\/lospoliticosveracruz.com\\\/?author=2\"}]}<\/script>\n<!-- \/ Yoast SEO plugin. -->","yoast_head_json":{"title":"YA VIENEN LOS REYES MAGOS! - Los pol\u00edticos Veracruz","robots":{"index":"index","follow":"follow","max-snippet":"max-snippet:-1","max-image-preview":"max-image-preview:large","max-video-preview":"max-video-preview:-1"},"canonical":"https:\/\/lospoliticosveracruz.com\/?p=134938","og_locale":"es_ES","og_type":"article","og_title":"YA VIENEN LOS REYES MAGOS! - Los pol\u00edticos Veracruz","og_description":"S\u00edguenos ahora tambi\u00e9n en WhatsApp.\u00a0Da clic aqu\u00ed Brenda CaballeroN\u00fameros Rojos No es tan dif\u00edcil encontrar a los Reyes Magos si te portas bien. Pero \u00bfqu\u00e9 pasa si te portas mal? Bueno, tienes la estrella de Bel\u00e9n a la que puedes seguir.Y as\u00ed lo hicimos. \u00a1Pin, pon papas! Y all\u00ed estaba el camello de Melchor. \u00a1Error! [&hellip;]","og_url":"https:\/\/lospoliticosveracruz.com\/?p=134938","og_site_name":"Los pol\u00edticos Veracruz","article_publisher":"https:\/\/www.facebook.com\/people\/Notimemes-de-los-Polticos\/61565672886568\/","article_published_time":"2025-01-04T01:51:16+00:00","article_modified_time":"2025-01-04T01:51:41+00:00","og_image":[{"width":1600,"height":853,"url":"https:\/\/lospoliticosveracruz.com\/wp-content\/uploads\/2024\/03\/Brenda-Caballero.jpg","type":"image\/jpeg"}],"author":"Lo viste en Los Pol\u00edticos","twitter_card":"summary_large_image","twitter_creator":"@LosPoliticosVer","twitter_site":"@LosPoliticosVer","twitter_misc":{"Escrito por":"Lo viste en Los Pol\u00edticos","Tiempo de lectura":"3 minutos"},"schema":{"@context":"https:\/\/schema.org","@graph":[{"@type":"Article","@id":"https:\/\/lospoliticosveracruz.com\/?p=134938#article","isPartOf":{"@id":"https:\/\/lospoliticosveracruz.com\/?p=134938"},"author":{"name":"Lo viste en Los Pol\u00edticos","@id":"https:\/\/lospoliticosveracruz.com\/#\/schema\/person\/b8702bb0e538456e6efd07080bf2a4a2"},"headline":"YA VIENEN LOS REYES MAGOS!","datePublished":"2025-01-04T01:51:16+00:00","dateModified":"2025-01-04T01:51:41+00:00","mainEntityOfPage":{"@id":"https:\/\/lospoliticosveracruz.com\/?p=134938"},"wordCount":518,"publisher":{"@id":"https:\/\/lospoliticosveracruz.com\/#organization"},"image":{"@id":"https:\/\/lospoliticosveracruz.com\/?p=134938#primaryimage"},"thumbnailUrl":"https:\/\/lospoliticosveracruz.com\/wp-content\/uploads\/2024\/03\/Brenda-Caballero.jpg","keywords":["Brenda Caballero","Melchor","Reyes Magos"],"articleSection":["De Opini\u00f3n"],"inLanguage":"es"},{"@type":"WebPage","@id":"https:\/\/lospoliticosveracruz.com\/?p=134938","url":"https:\/\/lospoliticosveracruz.com\/?p=134938","name":"YA VIENEN LOS REYES MAGOS! - Los pol\u00edticos Veracruz","isPartOf":{"@id":"https:\/\/lospoliticosveracruz.com\/#website"},"primaryImageOfPage":{"@id":"https:\/\/lospoliticosveracruz.com\/?p=134938#primaryimage"},"image":{"@id":"https:\/\/lospoliticosveracruz.com\/?p=134938#primaryimage"},"thumbnailUrl":"https:\/\/lospoliticosveracruz.com\/wp-content\/uploads\/2024\/03\/Brenda-Caballero.jpg","datePublished":"2025-01-04T01:51:16+00:00","dateModified":"2025-01-04T01:51:41+00:00","breadcrumb":{"@id":"https:\/\/lospoliticosveracruz.com\/?p=134938#breadcrumb"},"inLanguage":"es","potentialAction":[{"@type":"ReadAction","target":["https:\/\/lospoliticosveracruz.com\/?p=134938"]}]},{"@type":"ImageObject","inLanguage":"es","@id":"https:\/\/lospoliticosveracruz.com\/?p=134938#primaryimage","url":"https:\/\/lospoliticosveracruz.com\/wp-content\/uploads\/2024\/03\/Brenda-Caballero.jpg","contentUrl":"https:\/\/lospoliticosveracruz.com\/wp-content\/uploads\/2024\/03\/Brenda-Caballero.jpg","width":1600,"height":853},{"@type":"BreadcrumbList","@id":"https:\/\/lospoliticosveracruz.com\/?p=134938#breadcrumb","itemListElement":[{"@type":"ListItem","position":1,"name":"Portada","item":"https:\/\/lospoliticosveracruz.com\/"},{"@type":"ListItem","position":2,"name":"YA VIENEN LOS REYES MAGOS!"}]},{"@type":"WebSite","@id":"https:\/\/lospoliticosveracruz.com\/#website","url":"https:\/\/lospoliticosveracruz.com\/","name":"Los pol\u00edticos Veracruz","description":"","publisher":{"@id":"https:\/\/lospoliticosveracruz.com\/#organization"},"potentialAction":[{"@type":"SearchAction","target":{"@type":"EntryPoint","urlTemplate":"https:\/\/lospoliticosveracruz.com\/?s={search_term_string}"},"query-input":{"@type":"PropertyValueSpecification","valueRequired":true,"valueName":"search_term_string"}}],"inLanguage":"es"},{"@type":"Organization","@id":"https:\/\/lospoliticosveracruz.com\/#organization","name":"Los pol\u00edticos Veracruz","url":"https:\/\/lospoliticosveracruz.com\/","logo":{"@type":"ImageObject","inLanguage":"es","@id":"https:\/\/lospoliticosveracruz.com\/#\/schema\/logo\/image\/","url":"https:\/\/lospoliticosveracruz.com\/wp-content\/uploads\/2025\/12\/Logo-Nuevo-LOS-POLITICOS-1.jpg","contentUrl":"https:\/\/lospoliticosveracruz.com\/wp-content\/uploads\/2025\/12\/Logo-Nuevo-LOS-POLITICOS-1.jpg","width":260,"height":70,"caption":"Los pol\u00edticos Veracruz"},"image":{"@id":"https:\/\/lospoliticosveracruz.com\/#\/schema\/logo\/image\/"},"sameAs":["https:\/\/www.facebook.com\/people\/Notimemes-de-los-Polticos\/61565672886568\/","https:\/\/x.com\/LosPoliticosVer"]},{"@type":"Person","@id":"https:\/\/lospoliticosveracruz.com\/#\/schema\/person\/b8702bb0e538456e6efd07080bf2a4a2","name":"Lo viste en Los Pol\u00edticos","image":{"@type":"ImageObject","inLanguage":"es","@id":"https:\/\/secure.gravatar.com\/avatar\/3a8de04a2656d44082be478bd6c086daa447c4651605818287b9532d3d0bd435?s=96&d=mm&r=g","url":"https:\/\/secure.gravatar.com\/avatar\/3a8de04a2656d44082be478bd6c086daa447c4651605818287b9532d3d0bd435?s=96&d=mm&r=g","contentUrl":"https:\/\/secure.gravatar.com\/avatar\/3a8de04a2656d44082be478bd6c086daa447c4651605818287b9532d3d0bd435?s=96&d=mm&r=g","caption":"Lo viste en Los Pol\u00edticos"},"url":"https:\/\/lospoliticosveracruz.com\/?author=2"}]}},"_links":{"self":[{"href":"https:\/\/lospoliticosveracruz.com\/index.php?rest_route=\/wp\/v2\/posts\/134938","targetHints":{"allow":["GET"]}}],"collection":[{"href":"https:\/\/lospoliticosveracruz.com\/index.php?rest_route=\/wp\/v2\/posts"}],"about":[{"href":"https:\/\/lospoliticosveracruz.com\/index.php?rest_route=\/wp\/v2\/types\/post"}],"author":[{"embeddable":true,"href":"https:\/\/lospoliticosveracruz.com\/index.php?rest_route=\/wp\/v2\/users\/2"}],"replies":[{"embeddable":true,"href":"https:\/\/lospoliticosveracruz.com\/index.php?rest_route=%2Fwp%2Fv2%2Fcomments&post=134938"}],"version-history":[{"count":2,"href":"https:\/\/lospoliticosveracruz.com\/index.php?rest_route=\/wp\/v2\/posts\/134938\/revisions"}],"predecessor-version":[{"id":134940,"href":"https:\/\/lospoliticosveracruz.com\/index.php?rest_route=\/wp\/v2\/posts\/134938\/revisions\/134940"}],"wp:featuredmedia":[{"embeddable":true,"href":"https:\/\/lospoliticosveracruz.com\/index.php?rest_route=\/wp\/v2\/media\/119809"}],"wp:attachment":[{"href":"https:\/\/lospoliticosveracruz.com\/index.php?rest_route=%2Fwp%2Fv2%2Fmedia&parent=134938"}],"wp:term":[{"taxonomy":"category","embeddable":true,"href":"https:\/\/lospoliticosveracruz.com\/index.php?rest_route=%2Fwp%2Fv2%2Fcategories&post=134938"},{"taxonomy":"post_tag","embeddable":true,"href":"https:\/\/lospoliticosveracruz.com\/index.php?rest_route=%2Fwp%2Fv2%2Ftags&post=134938"}],"curies":[{"name":"wp","href":"https:\/\/api.w.org\/{rel}","templated":true}]}}