{"id":134942,"date":"2025-01-04T06:16:03","date_gmt":"2025-01-04T12:16:03","guid":{"rendered":"https:\/\/lospoliticosveracruz.com.mx\/?p=134942"},"modified":"2025-01-04T06:16:23","modified_gmt":"2025-01-04T12:16:23","slug":"veracruz-y-morena-la-eleccion-que-viene","status":"publish","type":"post","link":"https:\/\/lospoliticosveracruz.com\/?p=134942","title":{"rendered":"VERACRUZ Y MORENA, LA ELECCI\u00d3N QUE VIENE"},"content":{"rendered":"\n<p>[S\u00edguenos ahora tambi\u00e9n en WhatsApp.\u00a0<a href=\"https:\/\/whatsapp.com\/channel\/0029Va8zRWlEKyZIP3Z1dF0e\"><strong><em>Da clic aqu\u00ed<\/em><\/strong><\/a>]<br><strong>Ricardo Chua<\/strong><\/p>\n\n\n\n<p><em>Sale y Vale<\/em><\/p>\n\n\n\n<p>Este a\u00f1o habr\u00e1 elecciones a alcaldes en Veracruz.. Y al menos, dentro del partido MORENA, los aspirantes ya empezaron a \u00absuspirar\u00bb y candidatearse.. Pero tendr\u00e1n que esperar que la gobernadora, Roc\u00edo Nahle, \u00abjuegue\u00bb su papel de la gran electora en la entidad.. Ya que si se \u00abadelantan\u00bb a los tiempos, posiblemente tal o cual aspirante, no tendr\u00e1 cabida en ning\u00fan partido de la 4T porque las multas del INE son millonarias.. Pero ella tendr\u00e1 el poder de la decisi\u00f3n con los Morenos..<\/p>\n\n\n\n<p>Es que seg\u00fan para esos momentos.. La gobernadora estar\u00e1 inmersa en el proceso de designar a sus candidatos a alcaldes.. Obviamente que llevan el \u00absello\u00bb de Roc\u00edo Nahle, Claudia Shienbaum y de Andr\u00e9s Manuel L\u00f3pez Obrador.. Que estos se la deban a ella, no a los que se fueron del gobierno de Cuitl\u00e1huac Garc\u00eda.. Para que no le \u00abjueguen\u00bb a querer imponer a candidatos ligados al gobierno de MORENA pasado.. Que fueron hasta antag\u00f3nicos a ella y que ya se est\u00e1n moviendo para postularse..<\/p>\n\n\n\n<p>Sobre todo donde personajes como Eric Cisneros Burgos, ex secretario de Gobierno, y uno de los principales detractores de Nahle en su momento.. Tienen intereses muy fijos como es el caso de Papantla, Poza Rica y P\u00e1nuco.. Todos esos alcaldes de la zona norte, que en su momento le dieron la \u00abespalda\u00bb a Roc\u00edo Nahle para operar con otro aspirantes aun sabiendo que la \u00abbuena\u00bb era la \u00abT\u00eda Chio\u00bb.. Por eso, la gobernadora tiene un gran reto a sabiendas que en MORENA no hay dirigentes confiables y todo se puede esperar de ellos..<\/p>\n\n\n\n<p>Ya que muchos de los l\u00edderes actuales de MORENA en Veracruz, siguen obedeciendo a los intereses que tiene Cuitl\u00e1huac Garc\u00eda y de los que fueron.. Por ello, Roc\u00edo Nahle debe tener cuidado para evitar que desde este partido, le dinamiten todo el proceso electoral interno, ya que seguramente le van a querer meter encuestas en favor de sus intereses y no los del partido.. Pero con esa intenci\u00f3n, el conflicto quedar\u00e1 para ella porque se le van a \u00abdestapar infiernos\u00bb por culpa del gobierno pasado..<\/p>\n\n\n\n<p>Motivo por el cual, se dice que los mejores aliados de Nahle son ahora el PT y el PVEM.. Para que de esa manera, el Movimiento de la 4T, pueda meter candidatos comunes y aliados de Roc\u00edo pese a la disputa que pueden tener por esta causa. Es un hecho.. Sobre todo por los grupos y sus conflictos que se va armar en MORENA al interior y que tendr\u00e1 de alguna manera de sacarlo adelante para que no empiecen con desventaja la elecci\u00f3n a las alcald\u00edas..<\/p>\n\n\n\n<p>Esto debido a que los actores de MORENA van a querer todo y meter a sus candidatos.. As\u00ed que la disputa estar\u00e1 con todo.. Ya que todos querr\u00e1n un \u00abpedazo de pastel\u00bb.. Por ello, es que Nahle tiene que \u00ablevantar todas sus antenas\u00bb y construir, adem\u00e1s de poner a prueba, su \u00abfilling\u00bb pol\u00edtico, la agudeza y el sentido com\u00fan de mujer.. Sobre todo para detectar a los aspirantes y saber quien tiene \u00abespolones\u00bb porque la elecci\u00f3n que viene a las presidencias municipales, es la que realmente despierta las pasiones..<\/p>\n\n\n\n<p>Adem\u00e1s esto se presenta porque los programas sociales est\u00e1n protegidos y garantizados.. Por lo cual, Roc\u00edo Nahle tiene que escoger a los mejores perfiles competitivos para la 4T y que levanten sus pasiones.. Y que sean los personajes van a resolver los problemas de fondo de la 4T por los problemas que le dejaron los anteriores alcaldes y que ahora s\u00f3lo est\u00e1n pensando en el fest\u00edn tambi\u00e9n.. As\u00ed que si no tienen cuidado.. Su proyecto se podr\u00eda quedar varado.. Es mejor consultar..<\/p>\n\n\n\n<p>Lo importante es que la 4T para ella.. No empiece con una debacle electoral en municipios que son cabeceras de distrito.. Lo cual ser\u00eda una de las primeras afrenta y que los puede hacer \u00abdespertar\u00bb a todos de las \u00abborracheras del triunfalismo\u00bb.. Ya aqu\u00ed, Roc\u00edo Nahle no puede darse el lujo de equivocarse o que le gane la emoci\u00f3n y mande a personajes que no tiene experiencia, ni carrera pol\u00edtica, ni discurso, una narrativa que pueda argumentar el porqu\u00e9 salieron nominados..<\/p>\n\n\n\n<p>Sobre todo que los candidatos se alinean al proyecto que lleva Nahle para el estado de Veracruz.. Adaptado tambi\u00e9n para el \u00absegundo piso\u00bb de la 4T.. Y que Roc\u00edo lo tendr\u00e1 que echar en marcha junto con los alcaldes y ella como gobernadora.. Para observar si esto dio resultado o no.. Adem\u00e1s todo se har\u00eda en conjunto para tambi\u00e9n beneficiar en Veracruz, las figuras de Roc\u00edo Nahle y Claudia Shienbaum.. Finalmente ellas aliadas.. As\u00ed tendr\u00e1n que ser todos los candidatos de la 4T a las alcald\u00edas de Veracruz.. AMEN..<\/p>\n","protected":false},"excerpt":{"rendered":"<p>[S\u00edguenos ahora tambi\u00e9n en WhatsApp.\u00a0Da clic aqu\u00ed]Ricardo Chua Sale y Vale Este a\u00f1o habr\u00e1 elecciones a alcaldes en Veracruz.. Y al menos, dentro del partido MORENA, los aspirantes ya empezaron a \u00absuspirar\u00bb y candidatearse.. Pero tendr\u00e1n que esperar que la gobernadora, Roc\u00edo Nahle, \u00abjuegue\u00bb su papel de la gran electora en la entidad.. Ya que [&hellip;]<\/p>\n","protected":false},"author":2,"featured_media":119817,"comment_status":"closed","ping_status":"closed","sticky":false,"template":"","format":"standard","meta":{"tdm_status":"","tdm_grid_status":"","footnotes":""},"categories":[70],"tags":[15946,1563,1026,3578,195],"class_list":{"0":"post-134942","1":"post","2":"type-post","3":"status-publish","4":"format-standard","5":"has-post-thumbnail","7":"category-de-opinion","8":"tag-bola-8","9":"tag-cuitlahuac-garcia-jimenez","10":"tag-morena","11":"tag-rocio-nahle","12":"tag-veracruz"},"yoast_head":"<!-- This site is optimized with the Yoast SEO plugin v27.4 - https:\/\/yoast.com\/product\/yoast-seo-wordpress\/ -->\n<title>VERACRUZ Y MORENA, LA ELECCI\u00d3N QUE VIENE - Los pol\u00edticos Veracruz<\/title>\n<meta name=\"robots\" content=\"index, follow, max-snippet:-1, max-image-preview:large, max-video-preview:-1\" \/>\n<link rel=\"canonical\" href=\"https:\/\/lospoliticosveracruz.com\/?p=134942\" \/>\n<meta property=\"og:locale\" content=\"es_ES\" \/>\n<meta property=\"og:type\" content=\"article\" \/>\n<meta property=\"og:title\" content=\"VERACRUZ Y MORENA, LA ELECCI\u00d3N QUE VIENE - Los pol\u00edticos Veracruz\" \/>\n<meta property=\"og:description\" content=\"[S\u00edguenos ahora tambi\u00e9n en WhatsApp.\u00a0Da clic aqu\u00ed]Ricardo Chua Sale y Vale Este a\u00f1o habr\u00e1 elecciones a alcaldes en Veracruz.. Y al menos, dentro del partido MORENA, los aspirantes ya empezaron a \u00absuspirar\u00bb y candidatearse.. Pero tendr\u00e1n que esperar que la gobernadora, Roc\u00edo Nahle, \u00abjuegue\u00bb su papel de la gran electora en la entidad.. Ya que [&hellip;]\" \/>\n<meta property=\"og:url\" content=\"https:\/\/lospoliticosveracruz.com\/?p=134942\" \/>\n<meta property=\"og:site_name\" content=\"Los pol\u00edticos Veracruz\" \/>\n<meta property=\"article:publisher\" content=\"https:\/\/www.facebook.com\/people\/Notimemes-de-los-Polticos\/61565672886568\/\" \/>\n<meta property=\"article:published_time\" content=\"2025-01-04T12:16:03+00:00\" \/>\n<meta property=\"article:modified_time\" content=\"2025-01-04T12:16:23+00:00\" \/>\n<meta property=\"og:image\" content=\"https:\/\/lospoliticosveracruz.com\/wp-content\/uploads\/2024\/03\/Ricardo-Chua.jpg\" \/>\n\t<meta property=\"og:image:width\" content=\"1250\" \/>\n\t<meta property=\"og:image:height\" content=\"667\" \/>\n\t<meta property=\"og:image:type\" content=\"image\/jpeg\" \/>\n<meta name=\"author\" content=\"Lo viste en Los Pol\u00edticos\" \/>\n<meta name=\"twitter:card\" content=\"summary_large_image\" \/>\n<meta name=\"twitter:creator\" content=\"@LosPoliticosVer\" \/>\n<meta name=\"twitter:site\" content=\"@LosPoliticosVer\" \/>\n<meta name=\"twitter:label1\" content=\"Escrito por\" \/>\n\t<meta name=\"twitter:data1\" content=\"Lo viste en Los Pol\u00edticos\" \/>\n\t<meta name=\"twitter:label2\" content=\"Tiempo de lectura\" \/>\n\t<meta name=\"twitter:data2\" content=\"4 minutos\" \/>\n<script type=\"application\/ld+json\" class=\"yoast-schema-graph\">{\"@context\":\"https:\\\/\\\/schema.org\",\"@graph\":[{\"@type\":\"Article\",\"@id\":\"https:\\\/\\\/lospoliticosveracruz.com\\\/?p=134942#article\",\"isPartOf\":{\"@id\":\"https:\\\/\\\/lospoliticosveracruz.com\\\/?p=134942\"},\"author\":{\"name\":\"Lo viste en Los Pol\u00edticos\",\"@id\":\"https:\\\/\\\/lospoliticosveracruz.com\\\/#\\\/schema\\\/person\\\/b8702bb0e538456e6efd07080bf2a4a2\"},\"headline\":\"VERACRUZ Y MORENA, LA ELECCI\u00d3N QUE VIENE\",\"datePublished\":\"2025-01-04T12:16:03+00:00\",\"dateModified\":\"2025-01-04T12:16:23+00:00\",\"mainEntityOfPage\":{\"@id\":\"https:\\\/\\\/lospoliticosveracruz.com\\\/?p=134942\"},\"wordCount\":843,\"publisher\":{\"@id\":\"https:\\\/\\\/lospoliticosveracruz.com\\\/#organization\"},\"image\":{\"@id\":\"https:\\\/\\\/lospoliticosveracruz.com\\\/?p=134942#primaryimage\"},\"thumbnailUrl\":\"https:\\\/\\\/lospoliticosveracruz.com\\\/wp-content\\\/uploads\\\/2024\\\/03\\\/Ricardo-Chua.jpg\",\"keywords\":[\"Bola 8\",\"Cuitl\u00e1huac Garc\u00eda Jim\u00e9nez\",\"Morena\",\"Roc\u00edo Nahle\",\"Veracruz\"],\"articleSection\":[\"De Opini\u00f3n\"],\"inLanguage\":\"es\"},{\"@type\":\"WebPage\",\"@id\":\"https:\\\/\\\/lospoliticosveracruz.com\\\/?p=134942\",\"url\":\"https:\\\/\\\/lospoliticosveracruz.com\\\/?p=134942\",\"name\":\"VERACRUZ Y MORENA, LA ELECCI\u00d3N QUE VIENE - Los pol\u00edticos Veracruz\",\"isPartOf\":{\"@id\":\"https:\\\/\\\/lospoliticosveracruz.com\\\/#website\"},\"primaryImageOfPage\":{\"@id\":\"https:\\\/\\\/lospoliticosveracruz.com\\\/?p=134942#primaryimage\"},\"image\":{\"@id\":\"https:\\\/\\\/lospoliticosveracruz.com\\\/?p=134942#primaryimage\"},\"thumbnailUrl\":\"https:\\\/\\\/lospoliticosveracruz.com\\\/wp-content\\\/uploads\\\/2024\\\/03\\\/Ricardo-Chua.jpg\",\"datePublished\":\"2025-01-04T12:16:03+00:00\",\"dateModified\":\"2025-01-04T12:16:23+00:00\",\"breadcrumb\":{\"@id\":\"https:\\\/\\\/lospoliticosveracruz.com\\\/?p=134942#breadcrumb\"},\"inLanguage\":\"es\",\"potentialAction\":[{\"@type\":\"ReadAction\",\"target\":[\"https:\\\/\\\/lospoliticosveracruz.com\\\/?p=134942\"]}]},{\"@type\":\"ImageObject\",\"inLanguage\":\"es\",\"@id\":\"https:\\\/\\\/lospoliticosveracruz.com\\\/?p=134942#primaryimage\",\"url\":\"https:\\\/\\\/lospoliticosveracruz.com\\\/wp-content\\\/uploads\\\/2024\\\/03\\\/Ricardo-Chua.jpg\",\"contentUrl\":\"https:\\\/\\\/lospoliticosveracruz.com\\\/wp-content\\\/uploads\\\/2024\\\/03\\\/Ricardo-Chua.jpg\",\"width\":1250,\"height\":667},{\"@type\":\"BreadcrumbList\",\"@id\":\"https:\\\/\\\/lospoliticosveracruz.com\\\/?p=134942#breadcrumb\",\"itemListElement\":[{\"@type\":\"ListItem\",\"position\":1,\"name\":\"Portada\",\"item\":\"https:\\\/\\\/lospoliticosveracruz.com\\\/\"},{\"@type\":\"ListItem\",\"position\":2,\"name\":\"VERACRUZ Y MORENA, LA ELECCI\u00d3N QUE VIENE\"}]},{\"@type\":\"WebSite\",\"@id\":\"https:\\\/\\\/lospoliticosveracruz.com\\\/#website\",\"url\":\"https:\\\/\\\/lospoliticosveracruz.com\\\/\",\"name\":\"Los pol\u00edticos Veracruz\",\"description\":\"\",\"publisher\":{\"@id\":\"https:\\\/\\\/lospoliticosveracruz.com\\\/#organization\"},\"potentialAction\":[{\"@type\":\"SearchAction\",\"target\":{\"@type\":\"EntryPoint\",\"urlTemplate\":\"https:\\\/\\\/lospoliticosveracruz.com\\\/?s={search_term_string}\"},\"query-input\":{\"@type\":\"PropertyValueSpecification\",\"valueRequired\":true,\"valueName\":\"search_term_string\"}}],\"inLanguage\":\"es\"},{\"@type\":\"Organization\",\"@id\":\"https:\\\/\\\/lospoliticosveracruz.com\\\/#organization\",\"name\":\"Los pol\u00edticos Veracruz\",\"url\":\"https:\\\/\\\/lospoliticosveracruz.com\\\/\",\"logo\":{\"@type\":\"ImageObject\",\"inLanguage\":\"es\",\"@id\":\"https:\\\/\\\/lospoliticosveracruz.com\\\/#\\\/schema\\\/logo\\\/image\\\/\",\"url\":\"https:\\\/\\\/lospoliticosveracruz.com\\\/wp-content\\\/uploads\\\/2025\\\/12\\\/Logo-Nuevo-LOS-POLITICOS-1.jpg\",\"contentUrl\":\"https:\\\/\\\/lospoliticosveracruz.com\\\/wp-content\\\/uploads\\\/2025\\\/12\\\/Logo-Nuevo-LOS-POLITICOS-1.jpg\",\"width\":260,\"height\":70,\"caption\":\"Los pol\u00edticos Veracruz\"},\"image\":{\"@id\":\"https:\\\/\\\/lospoliticosveracruz.com\\\/#\\\/schema\\\/logo\\\/image\\\/\"},\"sameAs\":[\"https:\\\/\\\/www.facebook.com\\\/people\\\/Notimemes-de-los-Polticos\\\/61565672886568\\\/\",\"https:\\\/\\\/x.com\\\/LosPoliticosVer\"]},{\"@type\":\"Person\",\"@id\":\"https:\\\/\\\/lospoliticosveracruz.com\\\/#\\\/schema\\\/person\\\/b8702bb0e538456e6efd07080bf2a4a2\",\"name\":\"Lo viste en Los Pol\u00edticos\",\"image\":{\"@type\":\"ImageObject\",\"inLanguage\":\"es\",\"@id\":\"https:\\\/\\\/secure.gravatar.com\\\/avatar\\\/3a8de04a2656d44082be478bd6c086daa447c4651605818287b9532d3d0bd435?s=96&d=mm&r=g\",\"url\":\"https:\\\/\\\/secure.gravatar.com\\\/avatar\\\/3a8de04a2656d44082be478bd6c086daa447c4651605818287b9532d3d0bd435?s=96&d=mm&r=g\",\"contentUrl\":\"https:\\\/\\\/secure.gravatar.com\\\/avatar\\\/3a8de04a2656d44082be478bd6c086daa447c4651605818287b9532d3d0bd435?s=96&d=mm&r=g\",\"caption\":\"Lo viste en Los Pol\u00edticos\"},\"url\":\"https:\\\/\\\/lospoliticosveracruz.com\\\/?author=2\"}]}<\/script>\n<!-- \/ Yoast SEO plugin. -->","yoast_head_json":{"title":"VERACRUZ Y MORENA, LA ELECCI\u00d3N QUE VIENE - Los pol\u00edticos Veracruz","robots":{"index":"index","follow":"follow","max-snippet":"max-snippet:-1","max-image-preview":"max-image-preview:large","max-video-preview":"max-video-preview:-1"},"canonical":"https:\/\/lospoliticosveracruz.com\/?p=134942","og_locale":"es_ES","og_type":"article","og_title":"VERACRUZ Y MORENA, LA ELECCI\u00d3N QUE VIENE - Los pol\u00edticos Veracruz","og_description":"[S\u00edguenos ahora tambi\u00e9n en WhatsApp.\u00a0Da clic aqu\u00ed]Ricardo Chua Sale y Vale Este a\u00f1o habr\u00e1 elecciones a alcaldes en Veracruz.. Y al menos, dentro del partido MORENA, los aspirantes ya empezaron a \u00absuspirar\u00bb y candidatearse.. Pero tendr\u00e1n que esperar que la gobernadora, Roc\u00edo Nahle, \u00abjuegue\u00bb su papel de la gran electora en la entidad.. Ya que [&hellip;]","og_url":"https:\/\/lospoliticosveracruz.com\/?p=134942","og_site_name":"Los pol\u00edticos Veracruz","article_publisher":"https:\/\/www.facebook.com\/people\/Notimemes-de-los-Polticos\/61565672886568\/","article_published_time":"2025-01-04T12:16:03+00:00","article_modified_time":"2025-01-04T12:16:23+00:00","og_image":[{"width":1250,"height":667,"url":"https:\/\/lospoliticosveracruz.com\/wp-content\/uploads\/2024\/03\/Ricardo-Chua.jpg","type":"image\/jpeg"}],"author":"Lo viste en Los Pol\u00edticos","twitter_card":"summary_large_image","twitter_creator":"@LosPoliticosVer","twitter_site":"@LosPoliticosVer","twitter_misc":{"Escrito por":"Lo viste en Los Pol\u00edticos","Tiempo de lectura":"4 minutos"},"schema":{"@context":"https:\/\/schema.org","@graph":[{"@type":"Article","@id":"https:\/\/lospoliticosveracruz.com\/?p=134942#article","isPartOf":{"@id":"https:\/\/lospoliticosveracruz.com\/?p=134942"},"author":{"name":"Lo viste en Los Pol\u00edticos","@id":"https:\/\/lospoliticosveracruz.com\/#\/schema\/person\/b8702bb0e538456e6efd07080bf2a4a2"},"headline":"VERACRUZ Y MORENA, LA ELECCI\u00d3N QUE VIENE","datePublished":"2025-01-04T12:16:03+00:00","dateModified":"2025-01-04T12:16:23+00:00","mainEntityOfPage":{"@id":"https:\/\/lospoliticosveracruz.com\/?p=134942"},"wordCount":843,"publisher":{"@id":"https:\/\/lospoliticosveracruz.com\/#organization"},"image":{"@id":"https:\/\/lospoliticosveracruz.com\/?p=134942#primaryimage"},"thumbnailUrl":"https:\/\/lospoliticosveracruz.com\/wp-content\/uploads\/2024\/03\/Ricardo-Chua.jpg","keywords":["Bola 8","Cuitl\u00e1huac Garc\u00eda Jim\u00e9nez","Morena","Roc\u00edo Nahle","Veracruz"],"articleSection":["De Opini\u00f3n"],"inLanguage":"es"},{"@type":"WebPage","@id":"https:\/\/lospoliticosveracruz.com\/?p=134942","url":"https:\/\/lospoliticosveracruz.com\/?p=134942","name":"VERACRUZ Y MORENA, LA ELECCI\u00d3N QUE VIENE - Los pol\u00edticos Veracruz","isPartOf":{"@id":"https:\/\/lospoliticosveracruz.com\/#website"},"primaryImageOfPage":{"@id":"https:\/\/lospoliticosveracruz.com\/?p=134942#primaryimage"},"image":{"@id":"https:\/\/lospoliticosveracruz.com\/?p=134942#primaryimage"},"thumbnailUrl":"https:\/\/lospoliticosveracruz.com\/wp-content\/uploads\/2024\/03\/Ricardo-Chua.jpg","datePublished":"2025-01-04T12:16:03+00:00","dateModified":"2025-01-04T12:16:23+00:00","breadcrumb":{"@id":"https:\/\/lospoliticosveracruz.com\/?p=134942#breadcrumb"},"inLanguage":"es","potentialAction":[{"@type":"ReadAction","target":["https:\/\/lospoliticosveracruz.com\/?p=134942"]}]},{"@type":"ImageObject","inLanguage":"es","@id":"https:\/\/lospoliticosveracruz.com\/?p=134942#primaryimage","url":"https:\/\/lospoliticosveracruz.com\/wp-content\/uploads\/2024\/03\/Ricardo-Chua.jpg","contentUrl":"https:\/\/lospoliticosveracruz.com\/wp-content\/uploads\/2024\/03\/Ricardo-Chua.jpg","width":1250,"height":667},{"@type":"BreadcrumbList","@id":"https:\/\/lospoliticosveracruz.com\/?p=134942#breadcrumb","itemListElement":[{"@type":"ListItem","position":1,"name":"Portada","item":"https:\/\/lospoliticosveracruz.com\/"},{"@type":"ListItem","position":2,"name":"VERACRUZ Y MORENA, LA ELECCI\u00d3N QUE VIENE"}]},{"@type":"WebSite","@id":"https:\/\/lospoliticosveracruz.com\/#website","url":"https:\/\/lospoliticosveracruz.com\/","name":"Los pol\u00edticos Veracruz","description":"","publisher":{"@id":"https:\/\/lospoliticosveracruz.com\/#organization"},"potentialAction":[{"@type":"SearchAction","target":{"@type":"EntryPoint","urlTemplate":"https:\/\/lospoliticosveracruz.com\/?s={search_term_string}"},"query-input":{"@type":"PropertyValueSpecification","valueRequired":true,"valueName":"search_term_string"}}],"inLanguage":"es"},{"@type":"Organization","@id":"https:\/\/lospoliticosveracruz.com\/#organization","name":"Los pol\u00edticos Veracruz","url":"https:\/\/lospoliticosveracruz.com\/","logo":{"@type":"ImageObject","inLanguage":"es","@id":"https:\/\/lospoliticosveracruz.com\/#\/schema\/logo\/image\/","url":"https:\/\/lospoliticosveracruz.com\/wp-content\/uploads\/2025\/12\/Logo-Nuevo-LOS-POLITICOS-1.jpg","contentUrl":"https:\/\/lospoliticosveracruz.com\/wp-content\/uploads\/2025\/12\/Logo-Nuevo-LOS-POLITICOS-1.jpg","width":260,"height":70,"caption":"Los pol\u00edticos Veracruz"},"image":{"@id":"https:\/\/lospoliticosveracruz.com\/#\/schema\/logo\/image\/"},"sameAs":["https:\/\/www.facebook.com\/people\/Notimemes-de-los-Polticos\/61565672886568\/","https:\/\/x.com\/LosPoliticosVer"]},{"@type":"Person","@id":"https:\/\/lospoliticosveracruz.com\/#\/schema\/person\/b8702bb0e538456e6efd07080bf2a4a2","name":"Lo viste en Los Pol\u00edticos","image":{"@type":"ImageObject","inLanguage":"es","@id":"https:\/\/secure.gravatar.com\/avatar\/3a8de04a2656d44082be478bd6c086daa447c4651605818287b9532d3d0bd435?s=96&d=mm&r=g","url":"https:\/\/secure.gravatar.com\/avatar\/3a8de04a2656d44082be478bd6c086daa447c4651605818287b9532d3d0bd435?s=96&d=mm&r=g","contentUrl":"https:\/\/secure.gravatar.com\/avatar\/3a8de04a2656d44082be478bd6c086daa447c4651605818287b9532d3d0bd435?s=96&d=mm&r=g","caption":"Lo viste en Los Pol\u00edticos"},"url":"https:\/\/lospoliticosveracruz.com\/?author=2"}]}},"_links":{"self":[{"href":"https:\/\/lospoliticosveracruz.com\/index.php?rest_route=\/wp\/v2\/posts\/134942","targetHints":{"allow":["GET"]}}],"collection":[{"href":"https:\/\/lospoliticosveracruz.com\/index.php?rest_route=\/wp\/v2\/posts"}],"about":[{"href":"https:\/\/lospoliticosveracruz.com\/index.php?rest_route=\/wp\/v2\/types\/post"}],"author":[{"embeddable":true,"href":"https:\/\/lospoliticosveracruz.com\/index.php?rest_route=\/wp\/v2\/users\/2"}],"replies":[{"embeddable":true,"href":"https:\/\/lospoliticosveracruz.com\/index.php?rest_route=%2Fwp%2Fv2%2Fcomments&post=134942"}],"version-history":[{"count":2,"href":"https:\/\/lospoliticosveracruz.com\/index.php?rest_route=\/wp\/v2\/posts\/134942\/revisions"}],"predecessor-version":[{"id":134944,"href":"https:\/\/lospoliticosveracruz.com\/index.php?rest_route=\/wp\/v2\/posts\/134942\/revisions\/134944"}],"wp:featuredmedia":[{"embeddable":true,"href":"https:\/\/lospoliticosveracruz.com\/index.php?rest_route=\/wp\/v2\/media\/119817"}],"wp:attachment":[{"href":"https:\/\/lospoliticosveracruz.com\/index.php?rest_route=%2Fwp%2Fv2%2Fmedia&parent=134942"}],"wp:term":[{"taxonomy":"category","embeddable":true,"href":"https:\/\/lospoliticosveracruz.com\/index.php?rest_route=%2Fwp%2Fv2%2Fcategories&post=134942"},{"taxonomy":"post_tag","embeddable":true,"href":"https:\/\/lospoliticosveracruz.com\/index.php?rest_route=%2Fwp%2Fv2%2Ftags&post=134942"}],"curies":[{"name":"wp","href":"https:\/\/api.w.org\/{rel}","templated":true}]}}