{"id":134970,"date":"2025-01-05T12:04:28","date_gmt":"2025-01-05T18:04:28","guid":{"rendered":"https:\/\/lospoliticosveracruz.com.mx\/?p=134970"},"modified":"2025-01-05T12:05:01","modified_gmt":"2025-01-05T18:05:01","slug":"cenagas-pobre-mexico","status":"publish","type":"post","link":"https:\/\/lospoliticosveracruz.com\/?p=134970","title":{"rendered":"CENAGAS: POBRE M\u00c9XICO\u00a0"},"content":{"rendered":"\n<p>S\u00edguenos ahora tambi\u00e9n en WhatsApp.&nbsp;<a href=\"https:\/\/whatsapp.com\/channel\/0029Va8zRWlEKyZIP3Z1dF0e\"><strong><em>Da clic aqu\u00ed<\/em><\/strong><\/a><\/p>\n\n\n\n<p><strong>Juan de Dios S\u00e1nchez Abreu<\/strong><\/p>\n\n\n\n<p><em>El Gordito de Oro<\/em><\/p>\n\n\n\n<p>Hola amigos estamos de regreso este 2025 con m\u00e1s energ\u00eda, fuerza, vigor, br\u00edo y firmeza, para poder seguir trabajando para ustedes, venimos con m\u00e1s proyectos que van a ir viendo durante el desarrollo del a\u00f1o, todo es para darles un mejor servicio, les env\u00edo un abrazote y que les vaya muy bien este 2025.<\/p>\n\n\n\n<p>*Mi m\u00e1s sentida condolencia a la familia Charleston Hern\u00e1ndez por el sensible fallecimiento del Lic. Fernando Arturo Charleston Salinas, quien me distingui\u00f3 con su amistad y consejos; un excelente hombre, pol\u00edtico y funcionario honesto. \u00a1Que Dios lo tenga en su Gloria! \u00a1Am\u00e9n!&nbsp;<\/p>\n\n\n\n<p>**Cuitl\u00e1huac Garc\u00eda a CENAGAS: pobre M\u00e9xico.<\/p>\n\n\n\n<p>**A un mes de trabajo, ya se ven resultados en Veracruz de Roc\u00edo Nahle como gobernadora.<\/p>\n\n\n\n<p>**El maestro y diputado Esteban Bautista, presidente de la Junta de Coordinaci\u00f3n Pol\u00edtica (JUCOPO) del Congreso del Estado, ah\u00ed la lleva en su trabajo legislativo.<\/p>\n\n\n\n<p>**Amecope-Veracruz sigue avanzando: este 2025 venimos con todo.&nbsp;<\/p>\n\n\n\n<p>***Xalapa, Veracruz. No estamos en el d\u00eda 28 de diciembre (d\u00eda de los inocentes), sino el 3 de enero del 2025, amanecemos con la sorpresa que nuestro lindo pa\u00eds (M\u00e9xico), recibe la noticia de que el ex gobernador de Veracruz, Cuitl\u00e1huac Garc\u00eda Jim\u00e9nez, fue nombrado director general del Centro Nacional de Control de Gas Naturales (CENAGAS), que depende de la Secretar\u00eda de Energ\u00eda; en verdad debe de tener un gran compromiso la presidenta de la rep\u00fablica, Claudia Sheinbaum Pardo, con el ex presidente Manuel L\u00f3pez Obrador para cometer ese garrafal nombramiento de Cuitl\u00e1huac Garc\u00eda, ya que todos saben del mal papel que desarroll\u00f3 durante sus seis a\u00f1os como gobernador de Veracruz, el cual dej\u00f3 caliente, destruido y quebrado a la gobernadora Roc\u00edo Nahle Garc\u00eda. En verdad hay que atreverse a invitar a trabajar a su lado a una persona que nunca supo lo que era ser gobernador de un excelente estado como Veracruz, el cual lo dej\u00f3 con carreteras destruidas, sin empleo, con una alta taza de inseguridad, sin obra p\u00fablica, etc., etc. Esperemos que no se arrepienta la presidenta Sheinbaum de este nombramiento que diera a nivel nacional al peor gobernador que ha tenido Veracruz (tiempo al tiempo).<\/p>\n\n\n\n<p>***A un mes de haber asumido el cargo de gobernadora en Veracruz, Roc\u00edo Nahle Garc\u00eda, ha dado muestras de resultados inmediatos de quitar el cobro de la caseta de Coatzacoalcos, adem\u00e1s de quitar el problema de las gr\u00faas que tanto dolor de cabeza dan a la ciudadan\u00eda del estado, platicar y supervisar el tema del transporte p\u00fablico&#8230;, y as\u00ed va agarrando el toro por los cuernos, ya que le dejaron un estado desecho, sabe ella que no es f\u00e1cil pero est\u00e1 demostrando que trae ganas de que haya un Veracruz diferente. El fin de a\u00f1o se realiz\u00f3 el desfile de la alegr\u00eda en el puerto de Veracruz para cerrar con entusiasmo el 2024, y recibir un a\u00f1o nuevo con mucha alegr\u00eda, los veracruzanos tenemos la confianza que, con Nahle, nos va a ir dando se\u00f1ales de buenos resultados en trabajos y obras, para que el estado se vea diferente a como se lo dejaron. Ah\u00ed la lleva con gran esfuerzo y ganas de demostrar que por algo arras\u00f3 en las pasadas elecciones (prontos se ver\u00e1n m\u00e1s resultados).<\/p>\n\n\n\n<p>***A pesar de tener fuego amigo en el camino durante estos dos meses de trabajo como presidente de la Coordinaci\u00f3n Pol\u00edtica del Congreso del Estado, el maestro y diputado Esteban Bautista Hern\u00e1ndez, ha logrado hacer un excelente trabajo legislativo, ya que desde el 5 de noviembre del 2024 que asumi\u00f3 la coordinaci\u00f3n, se encontr\u00f3 con las comparecencias de los ex funcionarios de gobierno, despu\u00e9s la toma de protesta de la gobernadora Roc\u00edo Nahle que tuvo de invitada de lujo a la presidenta, Claudia Sheinbaum, y donde todo sali\u00f3 muy bien; despu\u00e9s se dio la repartici\u00f3n de las comisiones a los 50 diputados locales de las diferentes fracciones parlamentarias sin ning\u00fan problema, y as\u00ed la lleva cada semana en las sesiones legislativas en unidad. Sabemos que en la vida \u00a1HAY PLUMAJES QUE CRUZAN EL PANTANO Y NO SE MANCHAN\u2026! \u00a1EL PLUMAJE DEL DIPUTADO ESTEBAN ES DE ESOS!\u201d As\u00ed es Esteban Bautista, quien a pesar de tener enemigos pol\u00edticos internos, es normal ya que m\u00e1s de uno quisiera tener la confianza de la gobernadora Roc\u00edo Nahle, la cual defendi\u00f3 en d\u00edas pasados al diputado Bautista de los se\u00f1alamientos, que le hicieron en la ma\u00f1anera de Claudia Sheinbaum, sobre el tema de mis\u00f3gino, el cual fue aclarado sin ning\u00fan problema, y sus compa\u00f1eras diputadas de morena le dieron su respaldo a Esteban Bautista sobre la campa\u00f1a de difamaci\u00f3n en su contra, luego de denunciarlo por presuntos actos il\u00edcitos. Las diputadas dijeron que el presidente la JUCOPO es un hombre con honradez, honestidad, respeto y lucha social. As\u00ed son los celos internos en morena, pero sabemos que Bautista debe tener mucho cuidado e irse con tiente ya que los enemigos pol\u00edticos son gratis. \u00a1SANCHO, DEJAD QUE LOS PERROS LADREN! \u00a1ES SE\u00d1AL DE QUE CABALGAMOS!&nbsp;&nbsp;<\/p>\n\n\n\n<p>***Este 2025 la Asociaci\u00f3n Mexicana de Comunicadores y Periodistas del Estado de Veracruz (Amecope-Veracruz), estaremos m\u00e1s activos en diferentes eventos durante el a\u00f1o; en febrero realizaremos algunas actividades para los socios y compa\u00f1eros Comunicadores y Periodistas del todo el estado, y as\u00ed sucesivamente durante todos los meses de este a\u00f1o; la idea es que Amecope siga activo. Los compa\u00f1eros socios y quienes se quieran sumar a nuestra asociaci\u00f3n, est\u00e9n pendientes de nuestras actividades para as\u00ed capacitarse y preparase d\u00eda a d\u00eda. El periodismo es una actividad que tiene que estar al d\u00eda de las nuevas redes digitales. Tambi\u00e9n programaremos nuestro tercer congreso estatal, al cual cada a\u00f1o asisten m\u00e1s miembros e invitados. Ah\u00ed les iremos informando. (\u00c1nimo).<\/p>\n\n\n\n<p>****Nos leemos la pr\u00f3xima semana. Te invitamos a que nos sigas por todas nuestras plataformas y redes sociales. Noticias y entrevista INNOVA-DIGITAL, L\u00daDICO con \u201cEL GORDITO DE ORO\u201d, y la revista virtual INNOVA-DIGITAL.<\/p>\n","protected":false},"excerpt":{"rendered":"<p>S\u00edguenos ahora tambi\u00e9n en WhatsApp.&nbsp;Da clic aqu\u00ed Juan de Dios S\u00e1nchez Abreu El Gordito de Oro Hola amigos estamos de regreso este 2025 con m\u00e1s energ\u00eda, fuerza, vigor, br\u00edo y firmeza, para poder seguir trabajando para ustedes, venimos con m\u00e1s proyectos que van a ir viendo durante el desarrollo del a\u00f1o, todo es para darles [&hellip;]<\/p>\n","protected":false},"author":2,"featured_media":132305,"comment_status":"closed","ping_status":"closed","sticky":false,"template":"","format":"standard","meta":{"tdm_status":"","tdm_grid_status":"","footnotes":""},"categories":[70],"tags":[618,1563,1026,195],"class_list":{"0":"post-134970","1":"post","2":"type-post","3":"status-publish","4":"format-standard","5":"has-post-thumbnail","7":"category-de-opinion","8":"tag-andres-manuel-lopez-obrador","9":"tag-cuitlahuac-garcia-jimenez","10":"tag-morena","11":"tag-veracruz"},"yoast_head":"<!-- This site is optimized with the Yoast SEO plugin v27.4 - https:\/\/yoast.com\/product\/yoast-seo-wordpress\/ -->\n<title>CENAGAS: POBRE M\u00c9XICO\u00a0 - Los pol\u00edticos Veracruz<\/title>\n<meta name=\"robots\" content=\"index, follow, max-snippet:-1, max-image-preview:large, max-video-preview:-1\" \/>\n<link rel=\"canonical\" href=\"https:\/\/lospoliticosveracruz.com\/?p=134970\" \/>\n<meta property=\"og:locale\" content=\"es_ES\" \/>\n<meta property=\"og:type\" content=\"article\" \/>\n<meta property=\"og:title\" content=\"CENAGAS: POBRE M\u00c9XICO\u00a0 - Los pol\u00edticos Veracruz\" \/>\n<meta property=\"og:description\" content=\"S\u00edguenos ahora tambi\u00e9n en WhatsApp.&nbsp;Da clic aqu\u00ed Juan de Dios S\u00e1nchez Abreu El Gordito de Oro Hola amigos estamos de regreso este 2025 con m\u00e1s energ\u00eda, fuerza, vigor, br\u00edo y firmeza, para poder seguir trabajando para ustedes, venimos con m\u00e1s proyectos que van a ir viendo durante el desarrollo del a\u00f1o, todo es para darles [&hellip;]\" \/>\n<meta property=\"og:url\" content=\"https:\/\/lospoliticosveracruz.com\/?p=134970\" \/>\n<meta property=\"og:site_name\" content=\"Los pol\u00edticos Veracruz\" \/>\n<meta property=\"article:publisher\" content=\"https:\/\/www.facebook.com\/people\/Notimemes-de-los-Polticos\/61565672886568\/\" \/>\n<meta property=\"article:published_time\" content=\"2025-01-05T18:04:28+00:00\" \/>\n<meta property=\"article:modified_time\" content=\"2025-01-05T18:05:01+00:00\" \/>\n<meta property=\"og:image\" content=\"https:\/\/lospoliticosveracruz.com\/wp-content\/uploads\/2024\/11\/Juan-de-Dios-SanchezAbreu.jpg\" \/>\n\t<meta property=\"og:image:width\" content=\"1250\" \/>\n\t<meta property=\"og:image:height\" content=\"667\" \/>\n\t<meta property=\"og:image:type\" content=\"image\/jpeg\" \/>\n<meta name=\"author\" content=\"Lo viste en Los Pol\u00edticos\" \/>\n<meta name=\"twitter:card\" content=\"summary_large_image\" \/>\n<meta name=\"twitter:creator\" content=\"@LosPoliticosVer\" \/>\n<meta name=\"twitter:site\" content=\"@LosPoliticosVer\" \/>\n<meta name=\"twitter:label1\" content=\"Escrito por\" \/>\n\t<meta name=\"twitter:data1\" content=\"Lo viste en Los Pol\u00edticos\" \/>\n\t<meta name=\"twitter:label2\" content=\"Tiempo de lectura\" \/>\n\t<meta name=\"twitter:data2\" content=\"5 minutos\" \/>\n<script type=\"application\/ld+json\" class=\"yoast-schema-graph\">{\"@context\":\"https:\\\/\\\/schema.org\",\"@graph\":[{\"@type\":\"Article\",\"@id\":\"https:\\\/\\\/lospoliticosveracruz.com\\\/?p=134970#article\",\"isPartOf\":{\"@id\":\"https:\\\/\\\/lospoliticosveracruz.com\\\/?p=134970\"},\"author\":{\"name\":\"Lo viste en Los Pol\u00edticos\",\"@id\":\"https:\\\/\\\/lospoliticosveracruz.com\\\/#\\\/schema\\\/person\\\/b8702bb0e538456e6efd07080bf2a4a2\"},\"headline\":\"CENAGAS: POBRE M\u00c9XICO\u00a0\",\"datePublished\":\"2025-01-05T18:04:28+00:00\",\"dateModified\":\"2025-01-05T18:05:01+00:00\",\"mainEntityOfPage\":{\"@id\":\"https:\\\/\\\/lospoliticosveracruz.com\\\/?p=134970\"},\"wordCount\":1071,\"publisher\":{\"@id\":\"https:\\\/\\\/lospoliticosveracruz.com\\\/#organization\"},\"image\":{\"@id\":\"https:\\\/\\\/lospoliticosveracruz.com\\\/?p=134970#primaryimage\"},\"thumbnailUrl\":\"https:\\\/\\\/lospoliticosveracruz.com\\\/wp-content\\\/uploads\\\/2024\\\/11\\\/Juan-de-Dios-SanchezAbreu.jpg\",\"keywords\":[\"Andr\u00e9s Manuel L\u00f3pez Obrador\",\"Cuitl\u00e1huac Garc\u00eda Jim\u00e9nez\",\"Morena\",\"Veracruz\"],\"articleSection\":[\"De Opini\u00f3n\"],\"inLanguage\":\"es\"},{\"@type\":\"WebPage\",\"@id\":\"https:\\\/\\\/lospoliticosveracruz.com\\\/?p=134970\",\"url\":\"https:\\\/\\\/lospoliticosveracruz.com\\\/?p=134970\",\"name\":\"CENAGAS: POBRE M\u00c9XICO\u00a0 - Los pol\u00edticos Veracruz\",\"isPartOf\":{\"@id\":\"https:\\\/\\\/lospoliticosveracruz.com\\\/#website\"},\"primaryImageOfPage\":{\"@id\":\"https:\\\/\\\/lospoliticosveracruz.com\\\/?p=134970#primaryimage\"},\"image\":{\"@id\":\"https:\\\/\\\/lospoliticosveracruz.com\\\/?p=134970#primaryimage\"},\"thumbnailUrl\":\"https:\\\/\\\/lospoliticosveracruz.com\\\/wp-content\\\/uploads\\\/2024\\\/11\\\/Juan-de-Dios-SanchezAbreu.jpg\",\"datePublished\":\"2025-01-05T18:04:28+00:00\",\"dateModified\":\"2025-01-05T18:05:01+00:00\",\"breadcrumb\":{\"@id\":\"https:\\\/\\\/lospoliticosveracruz.com\\\/?p=134970#breadcrumb\"},\"inLanguage\":\"es\",\"potentialAction\":[{\"@type\":\"ReadAction\",\"target\":[\"https:\\\/\\\/lospoliticosveracruz.com\\\/?p=134970\"]}]},{\"@type\":\"ImageObject\",\"inLanguage\":\"es\",\"@id\":\"https:\\\/\\\/lospoliticosveracruz.com\\\/?p=134970#primaryimage\",\"url\":\"https:\\\/\\\/lospoliticosveracruz.com\\\/wp-content\\\/uploads\\\/2024\\\/11\\\/Juan-de-Dios-SanchezAbreu.jpg\",\"contentUrl\":\"https:\\\/\\\/lospoliticosveracruz.com\\\/wp-content\\\/uploads\\\/2024\\\/11\\\/Juan-de-Dios-SanchezAbreu.jpg\",\"width\":1250,\"height\":667},{\"@type\":\"BreadcrumbList\",\"@id\":\"https:\\\/\\\/lospoliticosveracruz.com\\\/?p=134970#breadcrumb\",\"itemListElement\":[{\"@type\":\"ListItem\",\"position\":1,\"name\":\"Portada\",\"item\":\"https:\\\/\\\/lospoliticosveracruz.com\\\/\"},{\"@type\":\"ListItem\",\"position\":2,\"name\":\"CENAGAS: POBRE M\u00c9XICO\u00a0\"}]},{\"@type\":\"WebSite\",\"@id\":\"https:\\\/\\\/lospoliticosveracruz.com\\\/#website\",\"url\":\"https:\\\/\\\/lospoliticosveracruz.com\\\/\",\"name\":\"Los pol\u00edticos Veracruz\",\"description\":\"\",\"publisher\":{\"@id\":\"https:\\\/\\\/lospoliticosveracruz.com\\\/#organization\"},\"potentialAction\":[{\"@type\":\"SearchAction\",\"target\":{\"@type\":\"EntryPoint\",\"urlTemplate\":\"https:\\\/\\\/lospoliticosveracruz.com\\\/?s={search_term_string}\"},\"query-input\":{\"@type\":\"PropertyValueSpecification\",\"valueRequired\":true,\"valueName\":\"search_term_string\"}}],\"inLanguage\":\"es\"},{\"@type\":\"Organization\",\"@id\":\"https:\\\/\\\/lospoliticosveracruz.com\\\/#organization\",\"name\":\"Los pol\u00edticos Veracruz\",\"url\":\"https:\\\/\\\/lospoliticosveracruz.com\\\/\",\"logo\":{\"@type\":\"ImageObject\",\"inLanguage\":\"es\",\"@id\":\"https:\\\/\\\/lospoliticosveracruz.com\\\/#\\\/schema\\\/logo\\\/image\\\/\",\"url\":\"https:\\\/\\\/lospoliticosveracruz.com\\\/wp-content\\\/uploads\\\/2025\\\/12\\\/Logo-Nuevo-LOS-POLITICOS-1.jpg\",\"contentUrl\":\"https:\\\/\\\/lospoliticosveracruz.com\\\/wp-content\\\/uploads\\\/2025\\\/12\\\/Logo-Nuevo-LOS-POLITICOS-1.jpg\",\"width\":260,\"height\":70,\"caption\":\"Los pol\u00edticos Veracruz\"},\"image\":{\"@id\":\"https:\\\/\\\/lospoliticosveracruz.com\\\/#\\\/schema\\\/logo\\\/image\\\/\"},\"sameAs\":[\"https:\\\/\\\/www.facebook.com\\\/people\\\/Notimemes-de-los-Polticos\\\/61565672886568\\\/\",\"https:\\\/\\\/x.com\\\/LosPoliticosVer\"]},{\"@type\":\"Person\",\"@id\":\"https:\\\/\\\/lospoliticosveracruz.com\\\/#\\\/schema\\\/person\\\/b8702bb0e538456e6efd07080bf2a4a2\",\"name\":\"Lo viste en Los Pol\u00edticos\",\"image\":{\"@type\":\"ImageObject\",\"inLanguage\":\"es\",\"@id\":\"https:\\\/\\\/secure.gravatar.com\\\/avatar\\\/3a8de04a2656d44082be478bd6c086daa447c4651605818287b9532d3d0bd435?s=96&d=mm&r=g\",\"url\":\"https:\\\/\\\/secure.gravatar.com\\\/avatar\\\/3a8de04a2656d44082be478bd6c086daa447c4651605818287b9532d3d0bd435?s=96&d=mm&r=g\",\"contentUrl\":\"https:\\\/\\\/secure.gravatar.com\\\/avatar\\\/3a8de04a2656d44082be478bd6c086daa447c4651605818287b9532d3d0bd435?s=96&d=mm&r=g\",\"caption\":\"Lo viste en Los Pol\u00edticos\"},\"url\":\"https:\\\/\\\/lospoliticosveracruz.com\\\/?author=2\"}]}<\/script>\n<!-- \/ Yoast SEO plugin. -->","yoast_head_json":{"title":"CENAGAS: POBRE M\u00c9XICO\u00a0 - Los pol\u00edticos Veracruz","robots":{"index":"index","follow":"follow","max-snippet":"max-snippet:-1","max-image-preview":"max-image-preview:large","max-video-preview":"max-video-preview:-1"},"canonical":"https:\/\/lospoliticosveracruz.com\/?p=134970","og_locale":"es_ES","og_type":"article","og_title":"CENAGAS: POBRE M\u00c9XICO\u00a0 - Los pol\u00edticos Veracruz","og_description":"S\u00edguenos ahora tambi\u00e9n en WhatsApp.&nbsp;Da clic aqu\u00ed Juan de Dios S\u00e1nchez Abreu El Gordito de Oro Hola amigos estamos de regreso este 2025 con m\u00e1s energ\u00eda, fuerza, vigor, br\u00edo y firmeza, para poder seguir trabajando para ustedes, venimos con m\u00e1s proyectos que van a ir viendo durante el desarrollo del a\u00f1o, todo es para darles [&hellip;]","og_url":"https:\/\/lospoliticosveracruz.com\/?p=134970","og_site_name":"Los pol\u00edticos Veracruz","article_publisher":"https:\/\/www.facebook.com\/people\/Notimemes-de-los-Polticos\/61565672886568\/","article_published_time":"2025-01-05T18:04:28+00:00","article_modified_time":"2025-01-05T18:05:01+00:00","og_image":[{"width":1250,"height":667,"url":"https:\/\/lospoliticosveracruz.com\/wp-content\/uploads\/2024\/11\/Juan-de-Dios-SanchezAbreu.jpg","type":"image\/jpeg"}],"author":"Lo viste en Los Pol\u00edticos","twitter_card":"summary_large_image","twitter_creator":"@LosPoliticosVer","twitter_site":"@LosPoliticosVer","twitter_misc":{"Escrito por":"Lo viste en Los Pol\u00edticos","Tiempo de lectura":"5 minutos"},"schema":{"@context":"https:\/\/schema.org","@graph":[{"@type":"Article","@id":"https:\/\/lospoliticosveracruz.com\/?p=134970#article","isPartOf":{"@id":"https:\/\/lospoliticosveracruz.com\/?p=134970"},"author":{"name":"Lo viste en Los Pol\u00edticos","@id":"https:\/\/lospoliticosveracruz.com\/#\/schema\/person\/b8702bb0e538456e6efd07080bf2a4a2"},"headline":"CENAGAS: POBRE M\u00c9XICO\u00a0","datePublished":"2025-01-05T18:04:28+00:00","dateModified":"2025-01-05T18:05:01+00:00","mainEntityOfPage":{"@id":"https:\/\/lospoliticosveracruz.com\/?p=134970"},"wordCount":1071,"publisher":{"@id":"https:\/\/lospoliticosveracruz.com\/#organization"},"image":{"@id":"https:\/\/lospoliticosveracruz.com\/?p=134970#primaryimage"},"thumbnailUrl":"https:\/\/lospoliticosveracruz.com\/wp-content\/uploads\/2024\/11\/Juan-de-Dios-SanchezAbreu.jpg","keywords":["Andr\u00e9s Manuel L\u00f3pez Obrador","Cuitl\u00e1huac Garc\u00eda Jim\u00e9nez","Morena","Veracruz"],"articleSection":["De Opini\u00f3n"],"inLanguage":"es"},{"@type":"WebPage","@id":"https:\/\/lospoliticosveracruz.com\/?p=134970","url":"https:\/\/lospoliticosveracruz.com\/?p=134970","name":"CENAGAS: POBRE M\u00c9XICO\u00a0 - Los pol\u00edticos Veracruz","isPartOf":{"@id":"https:\/\/lospoliticosveracruz.com\/#website"},"primaryImageOfPage":{"@id":"https:\/\/lospoliticosveracruz.com\/?p=134970#primaryimage"},"image":{"@id":"https:\/\/lospoliticosveracruz.com\/?p=134970#primaryimage"},"thumbnailUrl":"https:\/\/lospoliticosveracruz.com\/wp-content\/uploads\/2024\/11\/Juan-de-Dios-SanchezAbreu.jpg","datePublished":"2025-01-05T18:04:28+00:00","dateModified":"2025-01-05T18:05:01+00:00","breadcrumb":{"@id":"https:\/\/lospoliticosveracruz.com\/?p=134970#breadcrumb"},"inLanguage":"es","potentialAction":[{"@type":"ReadAction","target":["https:\/\/lospoliticosveracruz.com\/?p=134970"]}]},{"@type":"ImageObject","inLanguage":"es","@id":"https:\/\/lospoliticosveracruz.com\/?p=134970#primaryimage","url":"https:\/\/lospoliticosveracruz.com\/wp-content\/uploads\/2024\/11\/Juan-de-Dios-SanchezAbreu.jpg","contentUrl":"https:\/\/lospoliticosveracruz.com\/wp-content\/uploads\/2024\/11\/Juan-de-Dios-SanchezAbreu.jpg","width":1250,"height":667},{"@type":"BreadcrumbList","@id":"https:\/\/lospoliticosveracruz.com\/?p=134970#breadcrumb","itemListElement":[{"@type":"ListItem","position":1,"name":"Portada","item":"https:\/\/lospoliticosveracruz.com\/"},{"@type":"ListItem","position":2,"name":"CENAGAS: POBRE M\u00c9XICO\u00a0"}]},{"@type":"WebSite","@id":"https:\/\/lospoliticosveracruz.com\/#website","url":"https:\/\/lospoliticosveracruz.com\/","name":"Los pol\u00edticos Veracruz","description":"","publisher":{"@id":"https:\/\/lospoliticosveracruz.com\/#organization"},"potentialAction":[{"@type":"SearchAction","target":{"@type":"EntryPoint","urlTemplate":"https:\/\/lospoliticosveracruz.com\/?s={search_term_string}"},"query-input":{"@type":"PropertyValueSpecification","valueRequired":true,"valueName":"search_term_string"}}],"inLanguage":"es"},{"@type":"Organization","@id":"https:\/\/lospoliticosveracruz.com\/#organization","name":"Los pol\u00edticos Veracruz","url":"https:\/\/lospoliticosveracruz.com\/","logo":{"@type":"ImageObject","inLanguage":"es","@id":"https:\/\/lospoliticosveracruz.com\/#\/schema\/logo\/image\/","url":"https:\/\/lospoliticosveracruz.com\/wp-content\/uploads\/2025\/12\/Logo-Nuevo-LOS-POLITICOS-1.jpg","contentUrl":"https:\/\/lospoliticosveracruz.com\/wp-content\/uploads\/2025\/12\/Logo-Nuevo-LOS-POLITICOS-1.jpg","width":260,"height":70,"caption":"Los pol\u00edticos Veracruz"},"image":{"@id":"https:\/\/lospoliticosveracruz.com\/#\/schema\/logo\/image\/"},"sameAs":["https:\/\/www.facebook.com\/people\/Notimemes-de-los-Polticos\/61565672886568\/","https:\/\/x.com\/LosPoliticosVer"]},{"@type":"Person","@id":"https:\/\/lospoliticosveracruz.com\/#\/schema\/person\/b8702bb0e538456e6efd07080bf2a4a2","name":"Lo viste en Los Pol\u00edticos","image":{"@type":"ImageObject","inLanguage":"es","@id":"https:\/\/secure.gravatar.com\/avatar\/3a8de04a2656d44082be478bd6c086daa447c4651605818287b9532d3d0bd435?s=96&d=mm&r=g","url":"https:\/\/secure.gravatar.com\/avatar\/3a8de04a2656d44082be478bd6c086daa447c4651605818287b9532d3d0bd435?s=96&d=mm&r=g","contentUrl":"https:\/\/secure.gravatar.com\/avatar\/3a8de04a2656d44082be478bd6c086daa447c4651605818287b9532d3d0bd435?s=96&d=mm&r=g","caption":"Lo viste en Los Pol\u00edticos"},"url":"https:\/\/lospoliticosveracruz.com\/?author=2"}]}},"_links":{"self":[{"href":"https:\/\/lospoliticosveracruz.com\/index.php?rest_route=\/wp\/v2\/posts\/134970","targetHints":{"allow":["GET"]}}],"collection":[{"href":"https:\/\/lospoliticosveracruz.com\/index.php?rest_route=\/wp\/v2\/posts"}],"about":[{"href":"https:\/\/lospoliticosveracruz.com\/index.php?rest_route=\/wp\/v2\/types\/post"}],"author":[{"embeddable":true,"href":"https:\/\/lospoliticosveracruz.com\/index.php?rest_route=\/wp\/v2\/users\/2"}],"replies":[{"embeddable":true,"href":"https:\/\/lospoliticosveracruz.com\/index.php?rest_route=%2Fwp%2Fv2%2Fcomments&post=134970"}],"version-history":[{"count":1,"href":"https:\/\/lospoliticosveracruz.com\/index.php?rest_route=\/wp\/v2\/posts\/134970\/revisions"}],"predecessor-version":[{"id":134971,"href":"https:\/\/lospoliticosveracruz.com\/index.php?rest_route=\/wp\/v2\/posts\/134970\/revisions\/134971"}],"wp:featuredmedia":[{"embeddable":true,"href":"https:\/\/lospoliticosveracruz.com\/index.php?rest_route=\/wp\/v2\/media\/132305"}],"wp:attachment":[{"href":"https:\/\/lospoliticosveracruz.com\/index.php?rest_route=%2Fwp%2Fv2%2Fmedia&parent=134970"}],"wp:term":[{"taxonomy":"category","embeddable":true,"href":"https:\/\/lospoliticosveracruz.com\/index.php?rest_route=%2Fwp%2Fv2%2Fcategories&post=134970"},{"taxonomy":"post_tag","embeddable":true,"href":"https:\/\/lospoliticosveracruz.com\/index.php?rest_route=%2Fwp%2Fv2%2Ftags&post=134970"}],"curies":[{"name":"wp","href":"https:\/\/api.w.org\/{rel}","templated":true}]}}