{"id":134974,"date":"2025-01-05T18:41:19","date_gmt":"2025-01-06T00:41:19","guid":{"rendered":"https:\/\/lospoliticosveracruz.com.mx\/?p=134974"},"modified":"2025-01-05T18:41:41","modified_gmt":"2025-01-06T00:41:41","slug":"carta-a-reyes-magos-de-los-ediles-que-buscan-repetir","status":"publish","type":"post","link":"https:\/\/lospoliticosveracruz.com\/?p=134974","title":{"rendered":"CARTA A REYES MAGOS DE LOS EDILES QUE BUSCAN REPETIR"},"content":{"rendered":"\n<p>S\u00edguenos ahora tambi\u00e9n en WhatsApp.&nbsp;<a href=\"https:\/\/whatsapp.com\/channel\/0029Va8zRWlEKyZIP3Z1dF0e\"><strong><em>Da clic aqu\u00ed<\/em><\/strong><\/a><\/p>\n\n\n\n<p><strong>Jos\u00e9 Luis Enr\u00edquez Ambell&nbsp;<\/strong><\/p>\n\n\n\n<p><em>Caf\u00e9 de Ma\u00f1ana<\/em><\/p>\n\n\n\n<p>En la tradicional Carta a los 3 Reyes Magos (Melchor, Gaspar y Baltasar),&nbsp;<\/p>\n\n\n\n<p>por la noche del 5 de enero &#8211; colocada en el pino, zapato o enviada ahora de manera virtual &#8211; est\u00e1 relacionada al nacimiento de Jes\u00fas.<\/p>\n\n\n\n<p>As\u00ed pues, siguiendo la narrativa b\u00edblica seg\u00fan el Evangelio de Mateo, y llevado al entorno pol\u00edtico electoral de este 2025 para el proceso de relevo en los 212 Ayuntamientos de Veracruz, los s\u00edndicos (as) y regidores (as) en la actualidad, \u00absi est\u00e1n en condiciones legales para registrarse formalmente&nbsp;<\/p>\n\n\n\n<p>por la candidatura a la Presidencia Municipal de su territorialidad en t\u00e9rminos de demarcaci\u00f3n y domicilio\u00bb.<\/p>\n\n\n\n<p>\u00abDicho esto, m\u00e1s de uno de los ediles veracruzanos actuales, creo que no habr\u00e1n de dudar en incluir en su Carta a Los Reyes Magos, el pedir ampliar su periodo como servidores p\u00fablicos electos en las comunas del territorio municipal al que pertenecen\u00bb, a partir de volver a participar desde las urnas el venidero domingo 1o. de Junio en lo que ser\u00e1 la primer jornada electoral a celebrarse durante el mandato de la Gobernadora Roc\u00edo Nahle.<\/p>\n\n\n\n<p>\u00abNo as\u00ed los actuales Alcaldes\u00bb, porque la Constituci\u00f3n Pol\u00edtica de los Estados Unidos Mexicanos mandata que solo se podr\u00e1 la reelecci\u00f3n de ediles en aquellos ayuntamientos que no duren m\u00e1s de tres a\u00f1os, y en el caso de Veracruz, las administraciones en la actualidad fueron electas para cuatro a\u00f1os.<\/p>\n\n\n\n<p>Y es que los actuales s\u00edndicos y las s\u00edndicas, as\u00ed como los regidores y las regidoras s\u00ed pueden construir el camino para la candidatura a la Presidencia&nbsp;&nbsp;Municipal &#8211; no caen en la figura de \u00abreelecci\u00f3n\u00bb &#8211; al tratarse de un cargo edilicio diferente al que han venido ocupando.<\/p>\n\n\n\n<p>Dicho de otra forma, los alcaldes en esta ocasi\u00f3n no podr\u00edan reelegirse por el mismo cargo, mientras que ediles &#8211; s\u00edndicas (os) y regidoras (es)-, est\u00e1n en condiciones con la oportunidad de la alcald\u00eda, \u00abprevia separaci\u00f3n en tiempo y forma del actual encargo\u00bb.<\/p>\n\n\n\n<p>Cabe tener presente que el Art\u00edculo 115 de la Constituci\u00f3n Federal en su p\u00e1rrafo I expresamente se\u00f1ala que las Constituciones de los Estados de la Rep\u00fablica deber\u00e1n establecer la elecci\u00f3n consecutiva para el cargo de presidentes municipales, \u00absiempre y cuando el periodo del mandato de los ayuntamientos no sea superior a tres a\u00f1os\u00bb.&nbsp;<\/p>\n\n\n\n<p><strong>DE SOBREMESA<\/strong><\/p>\n\n\n\n<p>Los alcaldes que fueron electos como suplentes y entraron en funciones, si podr\u00edan buscar separarse del cargo de Presidente Municipal y contender para s\u00edndicos (as) o regidores (as), cuando menos.<\/p>\n\n\n\n<p>\u00abEsto es,&nbsp;&nbsp;todo edil que est\u00e9 en sus funciones puede separarse para contender por otro cargo edilicio que no sea el mismo en este 2025\u00bb.<\/p>\n\n\n\n<p><strong>UN CAF\u00c9 LECHERO LIGHT&nbsp;<\/strong><\/p>\n\n\n\n<p>Esa es la regla, si un suplente est\u00e1 en funciones tambi\u00e9n puede separarse, para contender por otro cargo edilicio.<\/p>\n\n\n\n<p>As\u00ed pues, Veracruz contin\u00faa haciendo historia, y en este escenario de una aparente reelecci\u00f3n edilicia, estar\u00eda por darse como la primera vez en la vida pol\u00edtica municipal de nuestro estado.<\/p>\n\n\n\n<p>\u00abOtro momento hist\u00f3rico en Veracruz, en el sexenio de la Gobernadora Roc\u00edo Nahle, primera mujer titular del Poder Ejecutivo Estatal\u00bb.<\/p>\n\n\n\n<p><strong>UN CAF\u00c9 CON CANELA&nbsp;<\/strong><\/p>\n\n\n\n<p>El Consejo General del OPLE, imagino y supongo, estar\u00e1n por tener trabajo y tiempos extras atendiendo asuntos&nbsp;&nbsp;por el tema de \u00abla reelecci\u00f3n\u00bb, esto en t\u00e9rminos de la aplicatoriedad de la ley, y que en 2021 ya caus\u00f3 sobresaltos, y es que ya algunos casos llegaron a la instancia jurisdiccional del Tribunal Electoral de Veracruz.&nbsp;<\/p>\n\n\n\n<p><strong>UN CAF\u00c9 CON DOBLE CARGA&nbsp;<\/strong><\/p>\n\n\n\n<p>No hay pol\u00edtico, pol\u00edtica o servidores p\u00fablicos &#8211; mujeres y hombres &#8211; que dejen de asegurar se portan bien cuando se trata de hacer Carta a los Reyes Magos &#8211; no precisamente a los del lejano Oriente &#8211; pues para efecto de agarrar hueso, hasta cambian el oro, incienso y mirra a cambio de pedir repetir en un cargo edilicio, ya aunque sea diferente al que fueron electos en 2021.<\/p>\n\n\n\n<p><strong>UN CAF\u00c9 CON PILONCILLO&nbsp;<\/strong><\/p>\n\n\n\n<p>\u00abBien dicen que dec\u00eda Don Jes\u00fas Reyes Heroles, que cada veracruzano al nacer al menos aspira a gobernar su tierra\u00bb.<\/p>\n\n\n\n<p><strong>UN CAF\u00c9 CON PIQUETE&nbsp;<\/strong><\/p>\n\n\n\n<p>El primer s\u00e1bado del a\u00f1o, al dirigente nacional del Movimiento Ciudadano (MC) Jorge Maynez, Diputado Sergio Gil, Dante Delgado Jr., entre otros \u00abnaranjas\u00bb, se les cruz\u00f3 un sabroso embotellamiento, no precisamente de tr\u00e1fico en Xalapa, pues se ve\u00edan muy animados comiendo en la zona de Indeco \u00c1nimas, donde a decir de los presentes, transmit\u00edan alegr\u00eda de cara a los venideros comicios electorales municipales.<\/p>\n\n\n\n<p><strong>UN CAF\u00c9 NEGRO CALIENTE<\/strong><\/p>\n\n\n\n<p>El 110 aniversario de la Promulgaci\u00f3n de la Ley Agraria, este dia 6 de enero en el Faro Carranza en la Macroplaza de Veracruz, ser\u00e1 encabezada por la Gobernadora Nahle &#8211; aliada del sector campesino en la defensa del campo veracruzano &#8211; y estar\u00e1 acompa\u00f1ada de autoridades de ese sector social como del gobierno federal, estatal y municipal.<\/p>\n\n\n\n<p>El programa contempla ofrenda floral y mensaje pol\u00edtico.<\/p>\n\n\n\n<p>\u00a1ES CUANTO!<\/p>\n\n\n\n<p>enriquezambell@gmail.com;<\/p>\n\n\n\n<p>enamjl62@gmail.com<\/p>\n","protected":false},"excerpt":{"rendered":"<p>S\u00edguenos ahora tambi\u00e9n en WhatsApp.&nbsp;Da clic aqu\u00ed Jos\u00e9 Luis Enr\u00edquez Ambell&nbsp; Caf\u00e9 de Ma\u00f1ana En la tradicional Carta a los 3 Reyes Magos (Melchor, Gaspar y Baltasar),&nbsp; por la noche del 5 de enero &#8211; colocada en el pino, zapato o enviada ahora de manera virtual &#8211; est\u00e1 relacionada al nacimiento de Jes\u00fas. As\u00ed pues, [&hellip;]<\/p>\n","protected":false},"author":2,"featured_media":119814,"comment_status":"closed","ping_status":"closed","sticky":false,"template":"","format":"standard","meta":{"tdm_status":"","tdm_grid_status":"","footnotes":""},"categories":[70],"tags":[],"class_list":{"0":"post-134974","1":"post","2":"type-post","3":"status-publish","4":"format-standard","5":"has-post-thumbnail","7":"category-de-opinion"},"yoast_head":"<!-- This site is optimized with the Yoast SEO plugin v27.4 - https:\/\/yoast.com\/product\/yoast-seo-wordpress\/ -->\n<title>CARTA A REYES MAGOS DE LOS EDILES QUE BUSCAN REPETIR - Los pol\u00edticos Veracruz<\/title>\n<meta name=\"robots\" content=\"index, follow, max-snippet:-1, max-image-preview:large, max-video-preview:-1\" \/>\n<link rel=\"canonical\" href=\"https:\/\/lospoliticosveracruz.com\/?p=134974\" \/>\n<meta property=\"og:locale\" content=\"es_ES\" \/>\n<meta property=\"og:type\" content=\"article\" \/>\n<meta property=\"og:title\" content=\"CARTA A REYES MAGOS DE LOS EDILES QUE BUSCAN REPETIR - Los pol\u00edticos Veracruz\" \/>\n<meta property=\"og:description\" content=\"S\u00edguenos ahora tambi\u00e9n en WhatsApp.&nbsp;Da clic aqu\u00ed Jos\u00e9 Luis Enr\u00edquez Ambell&nbsp; Caf\u00e9 de Ma\u00f1ana En la tradicional Carta a los 3 Reyes Magos (Melchor, Gaspar y Baltasar),&nbsp; por la noche del 5 de enero &#8211; colocada en el pino, zapato o enviada ahora de manera virtual &#8211; est\u00e1 relacionada al nacimiento de Jes\u00fas. As\u00ed pues, [&hellip;]\" \/>\n<meta property=\"og:url\" content=\"https:\/\/lospoliticosveracruz.com\/?p=134974\" \/>\n<meta property=\"og:site_name\" content=\"Los pol\u00edticos Veracruz\" \/>\n<meta property=\"article:publisher\" content=\"https:\/\/www.facebook.com\/people\/Notimemes-de-los-Polticos\/61565672886568\/\" \/>\n<meta property=\"article:published_time\" content=\"2025-01-06T00:41:19+00:00\" \/>\n<meta property=\"article:modified_time\" content=\"2025-01-06T00:41:41+00:00\" \/>\n<meta property=\"og:image\" content=\"https:\/\/lospoliticosveracruz.com\/wp-content\/uploads\/2024\/03\/Ambell.jpg\" \/>\n\t<meta property=\"og:image:width\" content=\"1250\" \/>\n\t<meta property=\"og:image:height\" content=\"667\" \/>\n\t<meta property=\"og:image:type\" content=\"image\/jpeg\" \/>\n<meta name=\"author\" content=\"Lo viste en Los Pol\u00edticos\" \/>\n<meta name=\"twitter:card\" content=\"summary_large_image\" \/>\n<meta name=\"twitter:creator\" content=\"@LosPoliticosVer\" \/>\n<meta name=\"twitter:site\" content=\"@LosPoliticosVer\" \/>\n<meta name=\"twitter:label1\" content=\"Escrito por\" \/>\n\t<meta name=\"twitter:data1\" content=\"Lo viste en Los Pol\u00edticos\" \/>\n\t<meta name=\"twitter:label2\" content=\"Tiempo de lectura\" \/>\n\t<meta name=\"twitter:data2\" content=\"4 minutos\" \/>\n<script type=\"application\/ld+json\" class=\"yoast-schema-graph\">{\"@context\":\"https:\\\/\\\/schema.org\",\"@graph\":[{\"@type\":\"Article\",\"@id\":\"https:\\\/\\\/lospoliticosveracruz.com\\\/?p=134974#article\",\"isPartOf\":{\"@id\":\"https:\\\/\\\/lospoliticosveracruz.com\\\/?p=134974\"},\"author\":{\"name\":\"Lo viste en Los Pol\u00edticos\",\"@id\":\"https:\\\/\\\/lospoliticosveracruz.com\\\/#\\\/schema\\\/person\\\/b8702bb0e538456e6efd07080bf2a4a2\"},\"headline\":\"CARTA A REYES MAGOS DE LOS EDILES QUE BUSCAN REPETIR\",\"datePublished\":\"2025-01-06T00:41:19+00:00\",\"dateModified\":\"2025-01-06T00:41:41+00:00\",\"mainEntityOfPage\":{\"@id\":\"https:\\\/\\\/lospoliticosveracruz.com\\\/?p=134974\"},\"wordCount\":904,\"publisher\":{\"@id\":\"https:\\\/\\\/lospoliticosveracruz.com\\\/#organization\"},\"image\":{\"@id\":\"https:\\\/\\\/lospoliticosveracruz.com\\\/?p=134974#primaryimage\"},\"thumbnailUrl\":\"https:\\\/\\\/lospoliticosveracruz.com\\\/wp-content\\\/uploads\\\/2024\\\/03\\\/Ambell.jpg\",\"articleSection\":[\"De Opini\u00f3n\"],\"inLanguage\":\"es\"},{\"@type\":\"WebPage\",\"@id\":\"https:\\\/\\\/lospoliticosveracruz.com\\\/?p=134974\",\"url\":\"https:\\\/\\\/lospoliticosveracruz.com\\\/?p=134974\",\"name\":\"CARTA A REYES MAGOS DE LOS EDILES QUE BUSCAN REPETIR - Los pol\u00edticos Veracruz\",\"isPartOf\":{\"@id\":\"https:\\\/\\\/lospoliticosveracruz.com\\\/#website\"},\"primaryImageOfPage\":{\"@id\":\"https:\\\/\\\/lospoliticosveracruz.com\\\/?p=134974#primaryimage\"},\"image\":{\"@id\":\"https:\\\/\\\/lospoliticosveracruz.com\\\/?p=134974#primaryimage\"},\"thumbnailUrl\":\"https:\\\/\\\/lospoliticosveracruz.com\\\/wp-content\\\/uploads\\\/2024\\\/03\\\/Ambell.jpg\",\"datePublished\":\"2025-01-06T00:41:19+00:00\",\"dateModified\":\"2025-01-06T00:41:41+00:00\",\"breadcrumb\":{\"@id\":\"https:\\\/\\\/lospoliticosveracruz.com\\\/?p=134974#breadcrumb\"},\"inLanguage\":\"es\",\"potentialAction\":[{\"@type\":\"ReadAction\",\"target\":[\"https:\\\/\\\/lospoliticosveracruz.com\\\/?p=134974\"]}]},{\"@type\":\"ImageObject\",\"inLanguage\":\"es\",\"@id\":\"https:\\\/\\\/lospoliticosveracruz.com\\\/?p=134974#primaryimage\",\"url\":\"https:\\\/\\\/lospoliticosveracruz.com\\\/wp-content\\\/uploads\\\/2024\\\/03\\\/Ambell.jpg\",\"contentUrl\":\"https:\\\/\\\/lospoliticosveracruz.com\\\/wp-content\\\/uploads\\\/2024\\\/03\\\/Ambell.jpg\",\"width\":1250,\"height\":667},{\"@type\":\"BreadcrumbList\",\"@id\":\"https:\\\/\\\/lospoliticosveracruz.com\\\/?p=134974#breadcrumb\",\"itemListElement\":[{\"@type\":\"ListItem\",\"position\":1,\"name\":\"Portada\",\"item\":\"https:\\\/\\\/lospoliticosveracruz.com\\\/\"},{\"@type\":\"ListItem\",\"position\":2,\"name\":\"CARTA A REYES MAGOS DE LOS EDILES QUE BUSCAN REPETIR\"}]},{\"@type\":\"WebSite\",\"@id\":\"https:\\\/\\\/lospoliticosveracruz.com\\\/#website\",\"url\":\"https:\\\/\\\/lospoliticosveracruz.com\\\/\",\"name\":\"Los pol\u00edticos Veracruz\",\"description\":\"\",\"publisher\":{\"@id\":\"https:\\\/\\\/lospoliticosveracruz.com\\\/#organization\"},\"potentialAction\":[{\"@type\":\"SearchAction\",\"target\":{\"@type\":\"EntryPoint\",\"urlTemplate\":\"https:\\\/\\\/lospoliticosveracruz.com\\\/?s={search_term_string}\"},\"query-input\":{\"@type\":\"PropertyValueSpecification\",\"valueRequired\":true,\"valueName\":\"search_term_string\"}}],\"inLanguage\":\"es\"},{\"@type\":\"Organization\",\"@id\":\"https:\\\/\\\/lospoliticosveracruz.com\\\/#organization\",\"name\":\"Los pol\u00edticos Veracruz\",\"url\":\"https:\\\/\\\/lospoliticosveracruz.com\\\/\",\"logo\":{\"@type\":\"ImageObject\",\"inLanguage\":\"es\",\"@id\":\"https:\\\/\\\/lospoliticosveracruz.com\\\/#\\\/schema\\\/logo\\\/image\\\/\",\"url\":\"https:\\\/\\\/lospoliticosveracruz.com\\\/wp-content\\\/uploads\\\/2025\\\/12\\\/Logo-Nuevo-LOS-POLITICOS-1.jpg\",\"contentUrl\":\"https:\\\/\\\/lospoliticosveracruz.com\\\/wp-content\\\/uploads\\\/2025\\\/12\\\/Logo-Nuevo-LOS-POLITICOS-1.jpg\",\"width\":260,\"height\":70,\"caption\":\"Los pol\u00edticos Veracruz\"},\"image\":{\"@id\":\"https:\\\/\\\/lospoliticosveracruz.com\\\/#\\\/schema\\\/logo\\\/image\\\/\"},\"sameAs\":[\"https:\\\/\\\/www.facebook.com\\\/people\\\/Notimemes-de-los-Polticos\\\/61565672886568\\\/\",\"https:\\\/\\\/x.com\\\/LosPoliticosVer\"]},{\"@type\":\"Person\",\"@id\":\"https:\\\/\\\/lospoliticosveracruz.com\\\/#\\\/schema\\\/person\\\/b8702bb0e538456e6efd07080bf2a4a2\",\"name\":\"Lo viste en Los Pol\u00edticos\",\"image\":{\"@type\":\"ImageObject\",\"inLanguage\":\"es\",\"@id\":\"https:\\\/\\\/secure.gravatar.com\\\/avatar\\\/3a8de04a2656d44082be478bd6c086daa447c4651605818287b9532d3d0bd435?s=96&d=mm&r=g\",\"url\":\"https:\\\/\\\/secure.gravatar.com\\\/avatar\\\/3a8de04a2656d44082be478bd6c086daa447c4651605818287b9532d3d0bd435?s=96&d=mm&r=g\",\"contentUrl\":\"https:\\\/\\\/secure.gravatar.com\\\/avatar\\\/3a8de04a2656d44082be478bd6c086daa447c4651605818287b9532d3d0bd435?s=96&d=mm&r=g\",\"caption\":\"Lo viste en Los Pol\u00edticos\"},\"url\":\"https:\\\/\\\/lospoliticosveracruz.com\\\/?author=2\"}]}<\/script>\n<!-- \/ Yoast SEO plugin. -->","yoast_head_json":{"title":"CARTA A REYES MAGOS DE LOS EDILES QUE BUSCAN REPETIR - Los pol\u00edticos Veracruz","robots":{"index":"index","follow":"follow","max-snippet":"max-snippet:-1","max-image-preview":"max-image-preview:large","max-video-preview":"max-video-preview:-1"},"canonical":"https:\/\/lospoliticosveracruz.com\/?p=134974","og_locale":"es_ES","og_type":"article","og_title":"CARTA A REYES MAGOS DE LOS EDILES QUE BUSCAN REPETIR - Los pol\u00edticos Veracruz","og_description":"S\u00edguenos ahora tambi\u00e9n en WhatsApp.&nbsp;Da clic aqu\u00ed Jos\u00e9 Luis Enr\u00edquez Ambell&nbsp; Caf\u00e9 de Ma\u00f1ana En la tradicional Carta a los 3 Reyes Magos (Melchor, Gaspar y Baltasar),&nbsp; por la noche del 5 de enero &#8211; colocada en el pino, zapato o enviada ahora de manera virtual &#8211; est\u00e1 relacionada al nacimiento de Jes\u00fas. As\u00ed pues, [&hellip;]","og_url":"https:\/\/lospoliticosveracruz.com\/?p=134974","og_site_name":"Los pol\u00edticos Veracruz","article_publisher":"https:\/\/www.facebook.com\/people\/Notimemes-de-los-Polticos\/61565672886568\/","article_published_time":"2025-01-06T00:41:19+00:00","article_modified_time":"2025-01-06T00:41:41+00:00","og_image":[{"width":1250,"height":667,"url":"https:\/\/lospoliticosveracruz.com\/wp-content\/uploads\/2024\/03\/Ambell.jpg","type":"image\/jpeg"}],"author":"Lo viste en Los Pol\u00edticos","twitter_card":"summary_large_image","twitter_creator":"@LosPoliticosVer","twitter_site":"@LosPoliticosVer","twitter_misc":{"Escrito por":"Lo viste en Los Pol\u00edticos","Tiempo de lectura":"4 minutos"},"schema":{"@context":"https:\/\/schema.org","@graph":[{"@type":"Article","@id":"https:\/\/lospoliticosveracruz.com\/?p=134974#article","isPartOf":{"@id":"https:\/\/lospoliticosveracruz.com\/?p=134974"},"author":{"name":"Lo viste en Los Pol\u00edticos","@id":"https:\/\/lospoliticosveracruz.com\/#\/schema\/person\/b8702bb0e538456e6efd07080bf2a4a2"},"headline":"CARTA A REYES MAGOS DE LOS EDILES QUE BUSCAN REPETIR","datePublished":"2025-01-06T00:41:19+00:00","dateModified":"2025-01-06T00:41:41+00:00","mainEntityOfPage":{"@id":"https:\/\/lospoliticosveracruz.com\/?p=134974"},"wordCount":904,"publisher":{"@id":"https:\/\/lospoliticosveracruz.com\/#organization"},"image":{"@id":"https:\/\/lospoliticosveracruz.com\/?p=134974#primaryimage"},"thumbnailUrl":"https:\/\/lospoliticosveracruz.com\/wp-content\/uploads\/2024\/03\/Ambell.jpg","articleSection":["De Opini\u00f3n"],"inLanguage":"es"},{"@type":"WebPage","@id":"https:\/\/lospoliticosveracruz.com\/?p=134974","url":"https:\/\/lospoliticosveracruz.com\/?p=134974","name":"CARTA A REYES MAGOS DE LOS EDILES QUE BUSCAN REPETIR - Los pol\u00edticos Veracruz","isPartOf":{"@id":"https:\/\/lospoliticosveracruz.com\/#website"},"primaryImageOfPage":{"@id":"https:\/\/lospoliticosveracruz.com\/?p=134974#primaryimage"},"image":{"@id":"https:\/\/lospoliticosveracruz.com\/?p=134974#primaryimage"},"thumbnailUrl":"https:\/\/lospoliticosveracruz.com\/wp-content\/uploads\/2024\/03\/Ambell.jpg","datePublished":"2025-01-06T00:41:19+00:00","dateModified":"2025-01-06T00:41:41+00:00","breadcrumb":{"@id":"https:\/\/lospoliticosveracruz.com\/?p=134974#breadcrumb"},"inLanguage":"es","potentialAction":[{"@type":"ReadAction","target":["https:\/\/lospoliticosveracruz.com\/?p=134974"]}]},{"@type":"ImageObject","inLanguage":"es","@id":"https:\/\/lospoliticosveracruz.com\/?p=134974#primaryimage","url":"https:\/\/lospoliticosveracruz.com\/wp-content\/uploads\/2024\/03\/Ambell.jpg","contentUrl":"https:\/\/lospoliticosveracruz.com\/wp-content\/uploads\/2024\/03\/Ambell.jpg","width":1250,"height":667},{"@type":"BreadcrumbList","@id":"https:\/\/lospoliticosveracruz.com\/?p=134974#breadcrumb","itemListElement":[{"@type":"ListItem","position":1,"name":"Portada","item":"https:\/\/lospoliticosveracruz.com\/"},{"@type":"ListItem","position":2,"name":"CARTA A REYES MAGOS DE LOS EDILES QUE BUSCAN REPETIR"}]},{"@type":"WebSite","@id":"https:\/\/lospoliticosveracruz.com\/#website","url":"https:\/\/lospoliticosveracruz.com\/","name":"Los pol\u00edticos Veracruz","description":"","publisher":{"@id":"https:\/\/lospoliticosveracruz.com\/#organization"},"potentialAction":[{"@type":"SearchAction","target":{"@type":"EntryPoint","urlTemplate":"https:\/\/lospoliticosveracruz.com\/?s={search_term_string}"},"query-input":{"@type":"PropertyValueSpecification","valueRequired":true,"valueName":"search_term_string"}}],"inLanguage":"es"},{"@type":"Organization","@id":"https:\/\/lospoliticosveracruz.com\/#organization","name":"Los pol\u00edticos Veracruz","url":"https:\/\/lospoliticosveracruz.com\/","logo":{"@type":"ImageObject","inLanguage":"es","@id":"https:\/\/lospoliticosveracruz.com\/#\/schema\/logo\/image\/","url":"https:\/\/lospoliticosveracruz.com\/wp-content\/uploads\/2025\/12\/Logo-Nuevo-LOS-POLITICOS-1.jpg","contentUrl":"https:\/\/lospoliticosveracruz.com\/wp-content\/uploads\/2025\/12\/Logo-Nuevo-LOS-POLITICOS-1.jpg","width":260,"height":70,"caption":"Los pol\u00edticos Veracruz"},"image":{"@id":"https:\/\/lospoliticosveracruz.com\/#\/schema\/logo\/image\/"},"sameAs":["https:\/\/www.facebook.com\/people\/Notimemes-de-los-Polticos\/61565672886568\/","https:\/\/x.com\/LosPoliticosVer"]},{"@type":"Person","@id":"https:\/\/lospoliticosveracruz.com\/#\/schema\/person\/b8702bb0e538456e6efd07080bf2a4a2","name":"Lo viste en Los Pol\u00edticos","image":{"@type":"ImageObject","inLanguage":"es","@id":"https:\/\/secure.gravatar.com\/avatar\/3a8de04a2656d44082be478bd6c086daa447c4651605818287b9532d3d0bd435?s=96&d=mm&r=g","url":"https:\/\/secure.gravatar.com\/avatar\/3a8de04a2656d44082be478bd6c086daa447c4651605818287b9532d3d0bd435?s=96&d=mm&r=g","contentUrl":"https:\/\/secure.gravatar.com\/avatar\/3a8de04a2656d44082be478bd6c086daa447c4651605818287b9532d3d0bd435?s=96&d=mm&r=g","caption":"Lo viste en Los Pol\u00edticos"},"url":"https:\/\/lospoliticosveracruz.com\/?author=2"}]}},"_links":{"self":[{"href":"https:\/\/lospoliticosveracruz.com\/index.php?rest_route=\/wp\/v2\/posts\/134974","targetHints":{"allow":["GET"]}}],"collection":[{"href":"https:\/\/lospoliticosveracruz.com\/index.php?rest_route=\/wp\/v2\/posts"}],"about":[{"href":"https:\/\/lospoliticosveracruz.com\/index.php?rest_route=\/wp\/v2\/types\/post"}],"author":[{"embeddable":true,"href":"https:\/\/lospoliticosveracruz.com\/index.php?rest_route=\/wp\/v2\/users\/2"}],"replies":[{"embeddable":true,"href":"https:\/\/lospoliticosveracruz.com\/index.php?rest_route=%2Fwp%2Fv2%2Fcomments&post=134974"}],"version-history":[{"count":1,"href":"https:\/\/lospoliticosveracruz.com\/index.php?rest_route=\/wp\/v2\/posts\/134974\/revisions"}],"predecessor-version":[{"id":134975,"href":"https:\/\/lospoliticosveracruz.com\/index.php?rest_route=\/wp\/v2\/posts\/134974\/revisions\/134975"}],"wp:featuredmedia":[{"embeddable":true,"href":"https:\/\/lospoliticosveracruz.com\/index.php?rest_route=\/wp\/v2\/media\/119814"}],"wp:attachment":[{"href":"https:\/\/lospoliticosveracruz.com\/index.php?rest_route=%2Fwp%2Fv2%2Fmedia&parent=134974"}],"wp:term":[{"taxonomy":"category","embeddable":true,"href":"https:\/\/lospoliticosveracruz.com\/index.php?rest_route=%2Fwp%2Fv2%2Fcategories&post=134974"},{"taxonomy":"post_tag","embeddable":true,"href":"https:\/\/lospoliticosveracruz.com\/index.php?rest_route=%2Fwp%2Fv2%2Ftags&post=134974"}],"curies":[{"name":"wp","href":"https:\/\/api.w.org\/{rel}","templated":true}]}}