{"id":134994,"date":"2025-01-06T06:44:17","date_gmt":"2025-01-06T12:44:17","guid":{"rendered":"https:\/\/lospoliticosveracruz.com.mx\/?p=134994"},"modified":"2025-01-06T06:46:09","modified_gmt":"2025-01-06T12:46:09","slug":"quimeras-aspiracionistas","status":"publish","type":"post","link":"https:\/\/lospoliticosveracruz.com\/?p=134994","title":{"rendered":"QUIMERAS ASPIRACIONISTAS"},"content":{"rendered":"\n<p>[S\u00edguenos ahora tambi\u00e9n en WhatsApp.\u00a0<a href=\"https:\/\/whatsapp.com\/channel\/0029Va8zRWlEKyZIP3Z1dF0e\"><strong><em>Da clic aqu\u00ed<\/em><\/strong><\/a>]<br>Fanny Y\u00e9pez<br>La Columna<br>Los partidos que logren superar los odios, rencores, venganzas, y antepongan los intereses de sus respectivos institutos pol\u00edticos es el que obtendr\u00e1 la mayor\u00eda de las victorias en las elecciones municipales que se celebraran el 1 de junio de este a\u00f1o.<br>Pero son quimeras el solo pensar que los aspirantes privilegiaran los intereses de sus partidos, porque a d\u00edas de que se inicien los procesos internos estamos observando, golpes bajos, fuego amigo y las campa\u00f1as negras. Todos contra todos, no han reflexionado que este tipo acciones afecta la imagen en la opini\u00f3n publica de sus organismos pol\u00edticos y de sus aspirantes.<br>Porque lanzan el mensaje de divisi\u00f3n, confrontaci\u00f3n y que podr\u00eda darse el riesgo de voto en contra, hasta este l\u00edmite han llegado. Es como darse un tiro en el pie.<br>Precisamente este lunes en el Movimiento Regeneraci\u00f3n Nacional (Morena) iniciara el registro virtual de quienes aspiran a una candidatura para contender por las alcald\u00edas de los 212 municipios de Veracruz.<br>Fue el dirigente estatal del partido, Esteban Ram\u00edrez Zepeta, quien record\u00f3 que la convocatoria fue emitida desde el 12 de diciembre, y especifica que aquellos perfiles que cumplan con los requisitos podr\u00e1n registrarse y pasar a la etapa de encuesta, donde ser\u00e1n los militantes y simpatizantes quienes decidan a sus candidatos.<br>\u201cQue se registren la primera semana de enero, 6, 7 y 8 de enero, ese es el proceso interno para que nosotros podamos llevar ya el orden\u201d, expres\u00f3.<br>Hay muchas interrogantes sobre la mec\u00e1nica del proceso de selecci\u00f3n interna en MORENA, hasta la fecha se desconoce el nombre de la empresa que realizara la encuesta en cada municipio, \u00bfsi se permitir\u00e1 la realizaci\u00f3n de encuestas espejo?, \u00bfsi se aceptaran observadores de los primeros interesados en los levantamientos los sondeos de opini\u00f3n? Estos y otros cuestionamientos est\u00e1n en aire y este factor generan dudas y resquemores sobre la equidad e imparcialidad de la elecci\u00f3n interna.<br>Algunos de los tiradores han comentado que las encuestas no ser\u00e1n factor de decisi\u00f3n, porque ser\u00e1n otros los que decidan quienes ser\u00e1n las y los candidatos que representen a los partidos. Muy mal el manoseo de los procesos internos, esto insisto afectara a los partidos en la intenci\u00f3n del voto.<\/p>\n\n\n\n<p>Que MORENA ponga atenci\u00f3n en Jamapa y Medellin<br>Un ejemplo es lo que est\u00e1 sucediendo en los municipios de Jamapa y Medellin, donde se est\u00e1 registrando dif\u00edcil decisi\u00f3n la de elegir un candidato id\u00f3neo para representar en las pr\u00f3ximas elecciones al movimiento tan exitoso como el de MORENA, porque es tal el arrastre que tiene el partido que piensan que por el solo hecho de ser elegidos candidatos en autom\u00e1tico van a ganar, nada m\u00e1s equivocado de la realidad ya que la gente tiene memoria y conoce muy bien los antecedentes de las aspirantes.<br>Las y los aspirantes deben ser analizados e investigados, y hasta se les debe exigir una prueba antidoping.<br>Insisto en la dificultad de elegir un candidato id\u00f3neo y que tenga arrastre real entre la ciudadan\u00eda, ya que ahora cualquiera que se acerca a MORENA y reparte panfletos ya se siente con el derecho de ser candidato, como el caso de Medell\u00edn donde se est\u00e1n peleando la candidatura la hermana del actual alcalde Bertha Isle\u00f1o y la esposa del Director de tr\u00e1nsito estatal actual Andr\u00e9s Delgado o como lo que se est\u00e1 registrando en Jamapa con el actual Jefe de la oficina de Hacienda de Medell\u00edn Reynaldo Fern\u00e1ndez Ortiz, el cual por cierto est\u00e1 inhabilitado por 10 a\u00f1os por malos manejos cuando estuvo a cargo de la tesorer\u00eda municipal. Muchos lugare\u00f1os comentan que no se pueden explicar c\u00f3mo es que le dieron el puesto con tantos nefastos antecedentes.<br>Tambi\u00e9n un caso similar est\u00e1 sucediendo con la titular de oficial\u00eda del Registro Civil de Jamapa Ang\u00e9lica Fern\u00e1ndez que firma como licenciada teniendo solo la secundaria terminada, ojo ostentar profesi\u00f3n no realizada es un delito. Por todo ello y m\u00e1s recomendamos a Morena ser sumamente escrupuloso en la elecci\u00f3n de candidatos con arraigo, con trayectorias incuestionables.<\/p>\n","protected":false},"excerpt":{"rendered":"<p>[S\u00edguenos ahora tambi\u00e9n en WhatsApp.\u00a0Da clic aqu\u00ed]Fanny Y\u00e9pezLa ColumnaLos partidos que logren superar los odios, rencores, venganzas, y antepongan los intereses de sus respectivos institutos pol\u00edticos es el que obtendr\u00e1 la mayor\u00eda de las victorias en las elecciones municipales que se celebraran el 1 de junio de este a\u00f1o.Pero son quimeras el solo pensar que [&hellip;]<\/p>\n","protected":false},"author":2,"featured_media":126076,"comment_status":"closed","ping_status":"closed","sticky":false,"template":"","format":"standard","meta":{"tdm_status":"","tdm_grid_status":"","footnotes":""},"categories":[70],"tags":[17053,1026,195],"class_list":{"0":"post-134994","1":"post","2":"type-post","3":"status-publish","4":"format-standard","5":"has-post-thumbnail","7":"category-de-opinion","8":"tag-esteban-ramirez-zepeta","9":"tag-morena","10":"tag-veracruz"},"yoast_head":"<!-- This site is optimized with the Yoast SEO plugin v27.4 - https:\/\/yoast.com\/product\/yoast-seo-wordpress\/ -->\n<title>QUIMERAS ASPIRACIONISTAS - Los pol\u00edticos Veracruz<\/title>\n<meta name=\"robots\" content=\"index, follow, max-snippet:-1, max-image-preview:large, max-video-preview:-1\" \/>\n<link rel=\"canonical\" href=\"https:\/\/lospoliticosveracruz.com\/?p=134994\" \/>\n<meta property=\"og:locale\" content=\"es_ES\" \/>\n<meta property=\"og:type\" content=\"article\" \/>\n<meta property=\"og:title\" content=\"QUIMERAS ASPIRACIONISTAS - Los pol\u00edticos Veracruz\" \/>\n<meta property=\"og:description\" content=\"[S\u00edguenos ahora tambi\u00e9n en WhatsApp.\u00a0Da clic aqu\u00ed]Fanny Y\u00e9pezLa ColumnaLos partidos que logren superar los odios, rencores, venganzas, y antepongan los intereses de sus respectivos institutos pol\u00edticos es el que obtendr\u00e1 la mayor\u00eda de las victorias en las elecciones municipales que se celebraran el 1 de junio de este a\u00f1o.Pero son quimeras el solo pensar que [&hellip;]\" \/>\n<meta property=\"og:url\" content=\"https:\/\/lospoliticosveracruz.com\/?p=134994\" \/>\n<meta property=\"og:site_name\" content=\"Los pol\u00edticos Veracruz\" \/>\n<meta property=\"article:publisher\" content=\"https:\/\/www.facebook.com\/people\/Notimemes-de-los-Polticos\/61565672886568\/\" \/>\n<meta property=\"article:published_time\" content=\"2025-01-06T12:44:17+00:00\" \/>\n<meta property=\"article:modified_time\" content=\"2025-01-06T12:46:09+00:00\" \/>\n<meta property=\"og:image\" content=\"https:\/\/lospoliticosveracruz.com\/wp-content\/uploads\/2024\/06\/Fanny-Yepez.jpg\" \/>\n\t<meta property=\"og:image:width\" content=\"1250\" \/>\n\t<meta property=\"og:image:height\" content=\"667\" \/>\n\t<meta property=\"og:image:type\" content=\"image\/jpeg\" \/>\n<meta name=\"author\" content=\"Lo viste en Los Pol\u00edticos\" \/>\n<meta name=\"twitter:card\" content=\"summary_large_image\" \/>\n<meta name=\"twitter:creator\" content=\"@LosPoliticosVer\" \/>\n<meta name=\"twitter:site\" content=\"@LosPoliticosVer\" \/>\n<meta name=\"twitter:label1\" content=\"Escrito por\" \/>\n\t<meta name=\"twitter:data1\" content=\"Lo viste en Los Pol\u00edticos\" \/>\n\t<meta name=\"twitter:label2\" content=\"Tiempo de lectura\" \/>\n\t<meta name=\"twitter:data2\" content=\"4 minutos\" \/>\n<script type=\"application\/ld+json\" class=\"yoast-schema-graph\">{\"@context\":\"https:\\\/\\\/schema.org\",\"@graph\":[{\"@type\":\"Article\",\"@id\":\"https:\\\/\\\/lospoliticosveracruz.com\\\/?p=134994#article\",\"isPartOf\":{\"@id\":\"https:\\\/\\\/lospoliticosveracruz.com\\\/?p=134994\"},\"author\":{\"name\":\"Lo viste en Los Pol\u00edticos\",\"@id\":\"https:\\\/\\\/lospoliticosveracruz.com\\\/#\\\/schema\\\/person\\\/b8702bb0e538456e6efd07080bf2a4a2\"},\"headline\":\"QUIMERAS ASPIRACIONISTAS\",\"datePublished\":\"2025-01-06T12:44:17+00:00\",\"dateModified\":\"2025-01-06T12:46:09+00:00\",\"mainEntityOfPage\":{\"@id\":\"https:\\\/\\\/lospoliticosveracruz.com\\\/?p=134994\"},\"wordCount\":724,\"publisher\":{\"@id\":\"https:\\\/\\\/lospoliticosveracruz.com\\\/#organization\"},\"image\":{\"@id\":\"https:\\\/\\\/lospoliticosveracruz.com\\\/?p=134994#primaryimage\"},\"thumbnailUrl\":\"https:\\\/\\\/lospoliticosveracruz.com\\\/wp-content\\\/uploads\\\/2024\\\/06\\\/Fanny-Yepez.jpg\",\"keywords\":[\"Esteban Ram\u00edrez Zepeta\",\"Morena\",\"Veracruz\"],\"articleSection\":[\"De Opini\u00f3n\"],\"inLanguage\":\"es\"},{\"@type\":\"WebPage\",\"@id\":\"https:\\\/\\\/lospoliticosveracruz.com\\\/?p=134994\",\"url\":\"https:\\\/\\\/lospoliticosveracruz.com\\\/?p=134994\",\"name\":\"QUIMERAS ASPIRACIONISTAS - Los pol\u00edticos Veracruz\",\"isPartOf\":{\"@id\":\"https:\\\/\\\/lospoliticosveracruz.com\\\/#website\"},\"primaryImageOfPage\":{\"@id\":\"https:\\\/\\\/lospoliticosveracruz.com\\\/?p=134994#primaryimage\"},\"image\":{\"@id\":\"https:\\\/\\\/lospoliticosveracruz.com\\\/?p=134994#primaryimage\"},\"thumbnailUrl\":\"https:\\\/\\\/lospoliticosveracruz.com\\\/wp-content\\\/uploads\\\/2024\\\/06\\\/Fanny-Yepez.jpg\",\"datePublished\":\"2025-01-06T12:44:17+00:00\",\"dateModified\":\"2025-01-06T12:46:09+00:00\",\"breadcrumb\":{\"@id\":\"https:\\\/\\\/lospoliticosveracruz.com\\\/?p=134994#breadcrumb\"},\"inLanguage\":\"es\",\"potentialAction\":[{\"@type\":\"ReadAction\",\"target\":[\"https:\\\/\\\/lospoliticosveracruz.com\\\/?p=134994\"]}]},{\"@type\":\"ImageObject\",\"inLanguage\":\"es\",\"@id\":\"https:\\\/\\\/lospoliticosveracruz.com\\\/?p=134994#primaryimage\",\"url\":\"https:\\\/\\\/lospoliticosveracruz.com\\\/wp-content\\\/uploads\\\/2024\\\/06\\\/Fanny-Yepez.jpg\",\"contentUrl\":\"https:\\\/\\\/lospoliticosveracruz.com\\\/wp-content\\\/uploads\\\/2024\\\/06\\\/Fanny-Yepez.jpg\",\"width\":1250,\"height\":667},{\"@type\":\"BreadcrumbList\",\"@id\":\"https:\\\/\\\/lospoliticosveracruz.com\\\/?p=134994#breadcrumb\",\"itemListElement\":[{\"@type\":\"ListItem\",\"position\":1,\"name\":\"Portada\",\"item\":\"https:\\\/\\\/lospoliticosveracruz.com\\\/\"},{\"@type\":\"ListItem\",\"position\":2,\"name\":\"QUIMERAS ASPIRACIONISTAS\"}]},{\"@type\":\"WebSite\",\"@id\":\"https:\\\/\\\/lospoliticosveracruz.com\\\/#website\",\"url\":\"https:\\\/\\\/lospoliticosveracruz.com\\\/\",\"name\":\"Los pol\u00edticos Veracruz\",\"description\":\"\",\"publisher\":{\"@id\":\"https:\\\/\\\/lospoliticosveracruz.com\\\/#organization\"},\"potentialAction\":[{\"@type\":\"SearchAction\",\"target\":{\"@type\":\"EntryPoint\",\"urlTemplate\":\"https:\\\/\\\/lospoliticosveracruz.com\\\/?s={search_term_string}\"},\"query-input\":{\"@type\":\"PropertyValueSpecification\",\"valueRequired\":true,\"valueName\":\"search_term_string\"}}],\"inLanguage\":\"es\"},{\"@type\":\"Organization\",\"@id\":\"https:\\\/\\\/lospoliticosveracruz.com\\\/#organization\",\"name\":\"Los pol\u00edticos Veracruz\",\"url\":\"https:\\\/\\\/lospoliticosveracruz.com\\\/\",\"logo\":{\"@type\":\"ImageObject\",\"inLanguage\":\"es\",\"@id\":\"https:\\\/\\\/lospoliticosveracruz.com\\\/#\\\/schema\\\/logo\\\/image\\\/\",\"url\":\"https:\\\/\\\/lospoliticosveracruz.com\\\/wp-content\\\/uploads\\\/2025\\\/12\\\/Logo-Nuevo-LOS-POLITICOS-1.jpg\",\"contentUrl\":\"https:\\\/\\\/lospoliticosveracruz.com\\\/wp-content\\\/uploads\\\/2025\\\/12\\\/Logo-Nuevo-LOS-POLITICOS-1.jpg\",\"width\":260,\"height\":70,\"caption\":\"Los pol\u00edticos Veracruz\"},\"image\":{\"@id\":\"https:\\\/\\\/lospoliticosveracruz.com\\\/#\\\/schema\\\/logo\\\/image\\\/\"},\"sameAs\":[\"https:\\\/\\\/www.facebook.com\\\/people\\\/Notimemes-de-los-Polticos\\\/61565672886568\\\/\",\"https:\\\/\\\/x.com\\\/LosPoliticosVer\"]},{\"@type\":\"Person\",\"@id\":\"https:\\\/\\\/lospoliticosveracruz.com\\\/#\\\/schema\\\/person\\\/b8702bb0e538456e6efd07080bf2a4a2\",\"name\":\"Lo viste en Los Pol\u00edticos\",\"image\":{\"@type\":\"ImageObject\",\"inLanguage\":\"es\",\"@id\":\"https:\\\/\\\/secure.gravatar.com\\\/avatar\\\/3a8de04a2656d44082be478bd6c086daa447c4651605818287b9532d3d0bd435?s=96&d=mm&r=g\",\"url\":\"https:\\\/\\\/secure.gravatar.com\\\/avatar\\\/3a8de04a2656d44082be478bd6c086daa447c4651605818287b9532d3d0bd435?s=96&d=mm&r=g\",\"contentUrl\":\"https:\\\/\\\/secure.gravatar.com\\\/avatar\\\/3a8de04a2656d44082be478bd6c086daa447c4651605818287b9532d3d0bd435?s=96&d=mm&r=g\",\"caption\":\"Lo viste en Los Pol\u00edticos\"},\"url\":\"https:\\\/\\\/lospoliticosveracruz.com\\\/?author=2\"}]}<\/script>\n<!-- \/ Yoast SEO plugin. -->","yoast_head_json":{"title":"QUIMERAS ASPIRACIONISTAS - Los pol\u00edticos Veracruz","robots":{"index":"index","follow":"follow","max-snippet":"max-snippet:-1","max-image-preview":"max-image-preview:large","max-video-preview":"max-video-preview:-1"},"canonical":"https:\/\/lospoliticosveracruz.com\/?p=134994","og_locale":"es_ES","og_type":"article","og_title":"QUIMERAS ASPIRACIONISTAS - Los pol\u00edticos Veracruz","og_description":"[S\u00edguenos ahora tambi\u00e9n en WhatsApp.\u00a0Da clic aqu\u00ed]Fanny Y\u00e9pezLa ColumnaLos partidos que logren superar los odios, rencores, venganzas, y antepongan los intereses de sus respectivos institutos pol\u00edticos es el que obtendr\u00e1 la mayor\u00eda de las victorias en las elecciones municipales que se celebraran el 1 de junio de este a\u00f1o.Pero son quimeras el solo pensar que [&hellip;]","og_url":"https:\/\/lospoliticosveracruz.com\/?p=134994","og_site_name":"Los pol\u00edticos Veracruz","article_publisher":"https:\/\/www.facebook.com\/people\/Notimemes-de-los-Polticos\/61565672886568\/","article_published_time":"2025-01-06T12:44:17+00:00","article_modified_time":"2025-01-06T12:46:09+00:00","og_image":[{"width":1250,"height":667,"url":"https:\/\/lospoliticosveracruz.com\/wp-content\/uploads\/2024\/06\/Fanny-Yepez.jpg","type":"image\/jpeg"}],"author":"Lo viste en Los Pol\u00edticos","twitter_card":"summary_large_image","twitter_creator":"@LosPoliticosVer","twitter_site":"@LosPoliticosVer","twitter_misc":{"Escrito por":"Lo viste en Los Pol\u00edticos","Tiempo de lectura":"4 minutos"},"schema":{"@context":"https:\/\/schema.org","@graph":[{"@type":"Article","@id":"https:\/\/lospoliticosveracruz.com\/?p=134994#article","isPartOf":{"@id":"https:\/\/lospoliticosveracruz.com\/?p=134994"},"author":{"name":"Lo viste en Los Pol\u00edticos","@id":"https:\/\/lospoliticosveracruz.com\/#\/schema\/person\/b8702bb0e538456e6efd07080bf2a4a2"},"headline":"QUIMERAS ASPIRACIONISTAS","datePublished":"2025-01-06T12:44:17+00:00","dateModified":"2025-01-06T12:46:09+00:00","mainEntityOfPage":{"@id":"https:\/\/lospoliticosveracruz.com\/?p=134994"},"wordCount":724,"publisher":{"@id":"https:\/\/lospoliticosveracruz.com\/#organization"},"image":{"@id":"https:\/\/lospoliticosveracruz.com\/?p=134994#primaryimage"},"thumbnailUrl":"https:\/\/lospoliticosveracruz.com\/wp-content\/uploads\/2024\/06\/Fanny-Yepez.jpg","keywords":["Esteban Ram\u00edrez Zepeta","Morena","Veracruz"],"articleSection":["De Opini\u00f3n"],"inLanguage":"es"},{"@type":"WebPage","@id":"https:\/\/lospoliticosveracruz.com\/?p=134994","url":"https:\/\/lospoliticosveracruz.com\/?p=134994","name":"QUIMERAS ASPIRACIONISTAS - Los pol\u00edticos Veracruz","isPartOf":{"@id":"https:\/\/lospoliticosveracruz.com\/#website"},"primaryImageOfPage":{"@id":"https:\/\/lospoliticosveracruz.com\/?p=134994#primaryimage"},"image":{"@id":"https:\/\/lospoliticosveracruz.com\/?p=134994#primaryimage"},"thumbnailUrl":"https:\/\/lospoliticosveracruz.com\/wp-content\/uploads\/2024\/06\/Fanny-Yepez.jpg","datePublished":"2025-01-06T12:44:17+00:00","dateModified":"2025-01-06T12:46:09+00:00","breadcrumb":{"@id":"https:\/\/lospoliticosveracruz.com\/?p=134994#breadcrumb"},"inLanguage":"es","potentialAction":[{"@type":"ReadAction","target":["https:\/\/lospoliticosveracruz.com\/?p=134994"]}]},{"@type":"ImageObject","inLanguage":"es","@id":"https:\/\/lospoliticosveracruz.com\/?p=134994#primaryimage","url":"https:\/\/lospoliticosveracruz.com\/wp-content\/uploads\/2024\/06\/Fanny-Yepez.jpg","contentUrl":"https:\/\/lospoliticosveracruz.com\/wp-content\/uploads\/2024\/06\/Fanny-Yepez.jpg","width":1250,"height":667},{"@type":"BreadcrumbList","@id":"https:\/\/lospoliticosveracruz.com\/?p=134994#breadcrumb","itemListElement":[{"@type":"ListItem","position":1,"name":"Portada","item":"https:\/\/lospoliticosveracruz.com\/"},{"@type":"ListItem","position":2,"name":"QUIMERAS ASPIRACIONISTAS"}]},{"@type":"WebSite","@id":"https:\/\/lospoliticosveracruz.com\/#website","url":"https:\/\/lospoliticosveracruz.com\/","name":"Los pol\u00edticos Veracruz","description":"","publisher":{"@id":"https:\/\/lospoliticosveracruz.com\/#organization"},"potentialAction":[{"@type":"SearchAction","target":{"@type":"EntryPoint","urlTemplate":"https:\/\/lospoliticosveracruz.com\/?s={search_term_string}"},"query-input":{"@type":"PropertyValueSpecification","valueRequired":true,"valueName":"search_term_string"}}],"inLanguage":"es"},{"@type":"Organization","@id":"https:\/\/lospoliticosveracruz.com\/#organization","name":"Los pol\u00edticos Veracruz","url":"https:\/\/lospoliticosveracruz.com\/","logo":{"@type":"ImageObject","inLanguage":"es","@id":"https:\/\/lospoliticosveracruz.com\/#\/schema\/logo\/image\/","url":"https:\/\/lospoliticosveracruz.com\/wp-content\/uploads\/2025\/12\/Logo-Nuevo-LOS-POLITICOS-1.jpg","contentUrl":"https:\/\/lospoliticosveracruz.com\/wp-content\/uploads\/2025\/12\/Logo-Nuevo-LOS-POLITICOS-1.jpg","width":260,"height":70,"caption":"Los pol\u00edticos Veracruz"},"image":{"@id":"https:\/\/lospoliticosveracruz.com\/#\/schema\/logo\/image\/"},"sameAs":["https:\/\/www.facebook.com\/people\/Notimemes-de-los-Polticos\/61565672886568\/","https:\/\/x.com\/LosPoliticosVer"]},{"@type":"Person","@id":"https:\/\/lospoliticosveracruz.com\/#\/schema\/person\/b8702bb0e538456e6efd07080bf2a4a2","name":"Lo viste en Los Pol\u00edticos","image":{"@type":"ImageObject","inLanguage":"es","@id":"https:\/\/secure.gravatar.com\/avatar\/3a8de04a2656d44082be478bd6c086daa447c4651605818287b9532d3d0bd435?s=96&d=mm&r=g","url":"https:\/\/secure.gravatar.com\/avatar\/3a8de04a2656d44082be478bd6c086daa447c4651605818287b9532d3d0bd435?s=96&d=mm&r=g","contentUrl":"https:\/\/secure.gravatar.com\/avatar\/3a8de04a2656d44082be478bd6c086daa447c4651605818287b9532d3d0bd435?s=96&d=mm&r=g","caption":"Lo viste en Los Pol\u00edticos"},"url":"https:\/\/lospoliticosveracruz.com\/?author=2"}]}},"_links":{"self":[{"href":"https:\/\/lospoliticosveracruz.com\/index.php?rest_route=\/wp\/v2\/posts\/134994","targetHints":{"allow":["GET"]}}],"collection":[{"href":"https:\/\/lospoliticosveracruz.com\/index.php?rest_route=\/wp\/v2\/posts"}],"about":[{"href":"https:\/\/lospoliticosveracruz.com\/index.php?rest_route=\/wp\/v2\/types\/post"}],"author":[{"embeddable":true,"href":"https:\/\/lospoliticosveracruz.com\/index.php?rest_route=\/wp\/v2\/users\/2"}],"replies":[{"embeddable":true,"href":"https:\/\/lospoliticosveracruz.com\/index.php?rest_route=%2Fwp%2Fv2%2Fcomments&post=134994"}],"version-history":[{"count":1,"href":"https:\/\/lospoliticosveracruz.com\/index.php?rest_route=\/wp\/v2\/posts\/134994\/revisions"}],"predecessor-version":[{"id":134995,"href":"https:\/\/lospoliticosveracruz.com\/index.php?rest_route=\/wp\/v2\/posts\/134994\/revisions\/134995"}],"wp:featuredmedia":[{"embeddable":true,"href":"https:\/\/lospoliticosveracruz.com\/index.php?rest_route=\/wp\/v2\/media\/126076"}],"wp:attachment":[{"href":"https:\/\/lospoliticosveracruz.com\/index.php?rest_route=%2Fwp%2Fv2%2Fmedia&parent=134994"}],"wp:term":[{"taxonomy":"category","embeddable":true,"href":"https:\/\/lospoliticosveracruz.com\/index.php?rest_route=%2Fwp%2Fv2%2Fcategories&post=134994"},{"taxonomy":"post_tag","embeddable":true,"href":"https:\/\/lospoliticosveracruz.com\/index.php?rest_route=%2Fwp%2Fv2%2Ftags&post=134994"}],"curies":[{"name":"wp","href":"https:\/\/api.w.org\/{rel}","templated":true}]}}