{"id":135000,"date":"2025-01-06T07:48:08","date_gmt":"2025-01-06T13:48:08","guid":{"rendered":"https:\/\/lospoliticosveracruz.com.mx\/?p=135000"},"modified":"2025-01-06T07:48:23","modified_gmt":"2025-01-06T13:48:23","slug":"la-torre-bdr","status":"publish","type":"post","link":"https:\/\/lospoliticosveracruz.com\/?p=135000","title":{"rendered":"LA TORRE BDR\u2026"},"content":{"rendered":"\n<p>S\u00edguenos ahora tambi\u00e9n en WhatsApp.&nbsp;<a href=\"https:\/\/whatsapp.com\/channel\/0029Va8zRWlEKyZIP3Z1dF0e\"><strong><em>Da clic aqu\u00ed<\/em><\/strong><\/a><\/p>\n\n\n\n<p><strong>Oved Contreras<\/strong><\/p>\n\n\n\n<p><em>Secas mecas&nbsp;<\/em><\/p>\n\n\n\n<p>A la gobernadora Roc\u00edo Nahle le prestaron un mega penthouse para su centro de batalla en la torre de lujo antes llamada Torre Ocean, hoy llamada torre BDR, propiedad de Grupo Bambino, donde se sabe hay pol\u00edticos y prestanombres de pol\u00edticos que de altos vuelos del PAN.<\/p>\n\n\n<div class=\"wp-block-image\">\n<figure class=\"alignleft size-thumbnail\"><a href=\"https:\/\/lospoliticosveracruz.com.mx\/wp-content\/uploads\/2024\/05\/IMG_0341-e1716950925234.jpeg\"><img loading=\"lazy\" decoding=\"async\" width=\"150\" height=\"150\" src=\"https:\/\/lospoliticosveracruz.com.mx\/wp-content\/uploads\/2024\/05\/IMG_0341-150x150.jpeg\" alt=\"\" class=\"wp-image-125332\"\/><\/a><\/figure>\n<\/div>\n\n\n<p>Pero nos dice el chambero que dicha concesi\u00f3n no fue de gratis: la condici\u00f3n de este enjuague es que les otorguen todos los permisos necesarios para sus desarrollos actuales y futuros\u2026y ahora que la t\u00eda Ch\u00edo se siente en las nubes en el penthouse de lujo con vista al Golfo de M\u00e9xico, ya no se quiere salir; y ahora est\u00e1 dispuesta a pagar una renta de 500 mil pesos mensuales por el lugar.<\/p>\n\n\n\n<p>Estamos hablando de una friolera de 36 millones de pesos por los 6 a\u00f1os de su gobierno que claro est\u00e1 no saldr\u00edan de su bolsa\u2026ya habr\u00e1 partida de d\u00f3nde sacar esa lana pero la do\u00f1a se queda en su penthouse de lujo por seis a\u00f1os\u2026h\u00e1gase la austeridad en los bueyes de mi compadre.<\/p>\n\n\n\n<p>SE APUNTA ROSA\u2026la diputada federal Rosa Mar\u00eda Hern\u00e1ndez Espejo anunci\u00f3 ayer su registro para participar en el proceso de selecci\u00f3n interno de Morena para la candidatura a la alcald\u00eda&nbsp;&nbsp;porte\u00f1a, en presencia de miembros fundadores y de la estructura territorial de Morena en el puerto de Veracruz con quienes celebr\u00f3 la partida de la tradicional Rosca de Reyes.<\/p>\n\n\n\n<p>La legisladora se\u00f1ala que es el momento de Morena en el puerto de Veracruz y refiri\u00f3 la necesidad urgente de hacerle justicia a los fundadores de este gran movimiento, que en su caso, reiter\u00f3 siempre le han acompa\u00f1ado en todas las luchas electorales\u2026Rosa Mar\u00eda Hern\u00e1ndez se declar\u00f3 obradorista de coraz\u00f3n y siempre leal a sus convicciones de izquierda, en cuya corriente ha caminado desde siempre, incluso desde su posici\u00f3n de periodista.<\/p>\n\n\n\n<p>La diputada federal se dijo agradecida de haber sido acogida desde muy ni\u00f1a en la heroica ciudad de Veracruz, en donde ha logrado, a base de mucho esfuerzo y tes\u00f3n, formarse profesionalmente con dos carreras, adem\u00e1s de conformar una hermosa familia con su esposo, sus dos hijos y sus nietos.<\/p>\n\n\n\n<p>Ante el arranque formal del gran proyecto para hacer de Veracruz una ciudad transformadora, Rosa Mar\u00eda Hern\u00e1ndez adelant\u00f3 que llevar\u00e1 a cabo su registro formal para someterse a la encuesta que habr\u00e1 de decidir a la persona que abandere la causa en favor de Morena en la ciudad de Veracruz.<\/p>\n\n\n\n<p>LAS ENCUESTAS\u2026la dirigente nacional de Morena, Luisa Mar\u00eda Alcalde Luj\u00e1n, dijo desde noviembre pasado que los diferentes liderazgos municipales de Morena habr\u00e1n de llegar a consensos para definir las candidaturas por las 212 alcald\u00edas de Veracruz y que, de no darse, ser\u00e1 la encuesta del CEN que decida todo.<\/p>\n\n\n\n<p>En el puerto de Veracruz los \u00e1nimos est\u00e1n que arden entre tres aspirantes morenistas que, lejos de buscar dicho consenso, se acusan de sacar y promoverse en encuestas patito, pero deber\u00edan tener cuidado con las encuestas que difunden, porque les afecta en lugar de beneficiar.<\/p>\n\n\n\n<p>All\u00ed deber\u00eda ponerle mucho ojo Rosa Mar\u00eda Hern\u00e1ndez porque su gente presumi\u00f3 datos de Massive Caller, empresa desacreditada por el morenismo que dio por ganador a Pepe Yunes Zorrilla en la elecci\u00f3n de 2024, donde la ganadora fue la hoy gobernadora Roc\u00edo Nahle. No cabe duda que Rosa Mar\u00eda ha caminado mucho pero promoverse con esa encuestadora no es del todo positiva. Aguas.<\/p>\n\n\n\n<p>LOS REYES EN BOCA\u2026Ante m\u00e1s de tres mil personas, el alcalde de Boca del R\u00edo, Juan Manuel Un\u00e1nue Abascal, encabez\u00f3 la celebraci\u00f3n del D\u00eda de Reyes Magos, en una tarde llena de alegr\u00eda y sorpresas para los boque\u00f1itos\u2026un d\u00eda muy especial, ya toda una tradici\u00f3n en el Dren B de Boca del R\u00edo, donde se repartieron muchos regalos, rifas de bicicletas, show de payasos, dulces, una tarde agradable con la familia.<\/p>\n\n\n\n<p>Previo a la celebraci\u00f3n, todos los peque\u00f1os recibieron un regalo y su boleto para la rifa de 50 bicicletas. Adem\u00e1s disfrutaron de juegos, inflables y el show de los payasos \u201cLos Trif\u00e1sicos\u201d, Cr\u00edquet El Payaso, Payaso Farolito y La Payasa ghiighii \u00abyiyi\u00bb. Y muy importante, se cont\u00f3 con la presencia de los Reyes Magos: Melchor, Gaspar y Baltasar para que hicieran entrega de todos los regalos.<\/p>\n\n\n\n<p>Por su parte, la Presidenta DIF municipal, Melina Rivera de Un\u00e1nue, enfatiz\u00f3 que este d\u00eda es muy importante para la administraci\u00f3n municipal para darle un momento de alegr\u00eda a los peque\u00f1os boque\u00f1os a quienes dese\u00f3 un feliz a\u00f1o lleno de salud y cosas hermosas para sus familias.<\/p>\n","protected":false},"excerpt":{"rendered":"<p>S\u00edguenos ahora tambi\u00e9n en WhatsApp.&nbsp;Da clic aqu\u00ed Oved Contreras Secas mecas&nbsp; A la gobernadora Roc\u00edo Nahle le prestaron un mega penthouse para su centro de batalla en la torre de lujo antes llamada Torre Ocean, hoy llamada torre BDR, propiedad de Grupo Bambino, donde se sabe hay pol\u00edticos y prestanombres de pol\u00edticos que de altos [&hellip;]<\/p>\n","protected":false},"author":2,"featured_media":119816,"comment_status":"closed","ping_status":"closed","sticky":false,"template":"","format":"standard","meta":{"tdm_status":"","tdm_grid_status":"","footnotes":""},"categories":[70],"tags":[1026,3578,195],"class_list":{"0":"post-135000","1":"post","2":"type-post","3":"status-publish","4":"format-standard","5":"has-post-thumbnail","7":"category-de-opinion","8":"tag-morena","9":"tag-rocio-nahle","10":"tag-veracruz"},"yoast_head":"<!-- This site is optimized with the Yoast SEO plugin v27.4 - https:\/\/yoast.com\/product\/yoast-seo-wordpress\/ -->\n<title>LA TORRE BDR\u2026 - Los pol\u00edticos Veracruz<\/title>\n<meta name=\"robots\" content=\"index, follow, max-snippet:-1, max-image-preview:large, max-video-preview:-1\" \/>\n<link rel=\"canonical\" href=\"https:\/\/lospoliticosveracruz.com\/?p=135000\" \/>\n<meta property=\"og:locale\" content=\"es_ES\" \/>\n<meta property=\"og:type\" content=\"article\" \/>\n<meta property=\"og:title\" content=\"LA TORRE BDR\u2026 - Los pol\u00edticos Veracruz\" \/>\n<meta property=\"og:description\" content=\"S\u00edguenos ahora tambi\u00e9n en WhatsApp.&nbsp;Da clic aqu\u00ed Oved Contreras Secas mecas&nbsp; A la gobernadora Roc\u00edo Nahle le prestaron un mega penthouse para su centro de batalla en la torre de lujo antes llamada Torre Ocean, hoy llamada torre BDR, propiedad de Grupo Bambino, donde se sabe hay pol\u00edticos y prestanombres de pol\u00edticos que de altos [&hellip;]\" \/>\n<meta property=\"og:url\" content=\"https:\/\/lospoliticosveracruz.com\/?p=135000\" \/>\n<meta property=\"og:site_name\" content=\"Los pol\u00edticos Veracruz\" \/>\n<meta property=\"article:publisher\" content=\"https:\/\/www.facebook.com\/people\/Notimemes-de-los-Polticos\/61565672886568\/\" \/>\n<meta property=\"article:published_time\" content=\"2025-01-06T13:48:08+00:00\" \/>\n<meta property=\"article:modified_time\" content=\"2025-01-06T13:48:23+00:00\" \/>\n<meta property=\"og:image\" content=\"https:\/\/lospoliticosveracruz.com\/wp-content\/uploads\/2024\/03\/Oved-Contreras.jpg\" \/>\n\t<meta property=\"og:image:width\" content=\"1250\" \/>\n\t<meta property=\"og:image:height\" content=\"667\" \/>\n\t<meta property=\"og:image:type\" content=\"image\/jpeg\" \/>\n<meta name=\"author\" content=\"Lo viste en Los Pol\u00edticos\" \/>\n<meta name=\"twitter:card\" content=\"summary_large_image\" \/>\n<meta name=\"twitter:creator\" content=\"@LosPoliticosVer\" \/>\n<meta name=\"twitter:site\" content=\"@LosPoliticosVer\" \/>\n<meta name=\"twitter:label1\" content=\"Escrito por\" \/>\n\t<meta name=\"twitter:data1\" content=\"Lo viste en Los Pol\u00edticos\" \/>\n\t<meta name=\"twitter:label2\" content=\"Tiempo de lectura\" \/>\n\t<meta name=\"twitter:data2\" content=\"4 minutos\" \/>\n<script type=\"application\/ld+json\" class=\"yoast-schema-graph\">{\"@context\":\"https:\\\/\\\/schema.org\",\"@graph\":[{\"@type\":\"Article\",\"@id\":\"https:\\\/\\\/lospoliticosveracruz.com\\\/?p=135000#article\",\"isPartOf\":{\"@id\":\"https:\\\/\\\/lospoliticosveracruz.com\\\/?p=135000\"},\"author\":{\"name\":\"Lo viste en Los Pol\u00edticos\",\"@id\":\"https:\\\/\\\/lospoliticosveracruz.com\\\/#\\\/schema\\\/person\\\/b8702bb0e538456e6efd07080bf2a4a2\"},\"headline\":\"LA TORRE BDR\u2026\",\"datePublished\":\"2025-01-06T13:48:08+00:00\",\"dateModified\":\"2025-01-06T13:48:23+00:00\",\"mainEntityOfPage\":{\"@id\":\"https:\\\/\\\/lospoliticosveracruz.com\\\/?p=135000\"},\"wordCount\":830,\"publisher\":{\"@id\":\"https:\\\/\\\/lospoliticosveracruz.com\\\/#organization\"},\"image\":{\"@id\":\"https:\\\/\\\/lospoliticosveracruz.com\\\/?p=135000#primaryimage\"},\"thumbnailUrl\":\"https:\\\/\\\/lospoliticosveracruz.com\\\/wp-content\\\/uploads\\\/2024\\\/03\\\/Oved-Contreras.jpg\",\"keywords\":[\"Morena\",\"Roc\u00edo Nahle\",\"Veracruz\"],\"articleSection\":[\"De Opini\u00f3n\"],\"inLanguage\":\"es\"},{\"@type\":\"WebPage\",\"@id\":\"https:\\\/\\\/lospoliticosveracruz.com\\\/?p=135000\",\"url\":\"https:\\\/\\\/lospoliticosveracruz.com\\\/?p=135000\",\"name\":\"LA TORRE BDR\u2026 - Los pol\u00edticos Veracruz\",\"isPartOf\":{\"@id\":\"https:\\\/\\\/lospoliticosveracruz.com\\\/#website\"},\"primaryImageOfPage\":{\"@id\":\"https:\\\/\\\/lospoliticosveracruz.com\\\/?p=135000#primaryimage\"},\"image\":{\"@id\":\"https:\\\/\\\/lospoliticosveracruz.com\\\/?p=135000#primaryimage\"},\"thumbnailUrl\":\"https:\\\/\\\/lospoliticosveracruz.com\\\/wp-content\\\/uploads\\\/2024\\\/03\\\/Oved-Contreras.jpg\",\"datePublished\":\"2025-01-06T13:48:08+00:00\",\"dateModified\":\"2025-01-06T13:48:23+00:00\",\"breadcrumb\":{\"@id\":\"https:\\\/\\\/lospoliticosveracruz.com\\\/?p=135000#breadcrumb\"},\"inLanguage\":\"es\",\"potentialAction\":[{\"@type\":\"ReadAction\",\"target\":[\"https:\\\/\\\/lospoliticosveracruz.com\\\/?p=135000\"]}]},{\"@type\":\"ImageObject\",\"inLanguage\":\"es\",\"@id\":\"https:\\\/\\\/lospoliticosveracruz.com\\\/?p=135000#primaryimage\",\"url\":\"https:\\\/\\\/lospoliticosveracruz.com\\\/wp-content\\\/uploads\\\/2024\\\/03\\\/Oved-Contreras.jpg\",\"contentUrl\":\"https:\\\/\\\/lospoliticosveracruz.com\\\/wp-content\\\/uploads\\\/2024\\\/03\\\/Oved-Contreras.jpg\",\"width\":1250,\"height\":667},{\"@type\":\"BreadcrumbList\",\"@id\":\"https:\\\/\\\/lospoliticosveracruz.com\\\/?p=135000#breadcrumb\",\"itemListElement\":[{\"@type\":\"ListItem\",\"position\":1,\"name\":\"Portada\",\"item\":\"https:\\\/\\\/lospoliticosveracruz.com\\\/\"},{\"@type\":\"ListItem\",\"position\":2,\"name\":\"LA TORRE BDR\u2026\"}]},{\"@type\":\"WebSite\",\"@id\":\"https:\\\/\\\/lospoliticosveracruz.com\\\/#website\",\"url\":\"https:\\\/\\\/lospoliticosveracruz.com\\\/\",\"name\":\"Los pol\u00edticos Veracruz\",\"description\":\"\",\"publisher\":{\"@id\":\"https:\\\/\\\/lospoliticosveracruz.com\\\/#organization\"},\"potentialAction\":[{\"@type\":\"SearchAction\",\"target\":{\"@type\":\"EntryPoint\",\"urlTemplate\":\"https:\\\/\\\/lospoliticosveracruz.com\\\/?s={search_term_string}\"},\"query-input\":{\"@type\":\"PropertyValueSpecification\",\"valueRequired\":true,\"valueName\":\"search_term_string\"}}],\"inLanguage\":\"es\"},{\"@type\":\"Organization\",\"@id\":\"https:\\\/\\\/lospoliticosveracruz.com\\\/#organization\",\"name\":\"Los pol\u00edticos Veracruz\",\"url\":\"https:\\\/\\\/lospoliticosveracruz.com\\\/\",\"logo\":{\"@type\":\"ImageObject\",\"inLanguage\":\"es\",\"@id\":\"https:\\\/\\\/lospoliticosveracruz.com\\\/#\\\/schema\\\/logo\\\/image\\\/\",\"url\":\"https:\\\/\\\/lospoliticosveracruz.com\\\/wp-content\\\/uploads\\\/2025\\\/12\\\/Logo-Nuevo-LOS-POLITICOS-1.jpg\",\"contentUrl\":\"https:\\\/\\\/lospoliticosveracruz.com\\\/wp-content\\\/uploads\\\/2025\\\/12\\\/Logo-Nuevo-LOS-POLITICOS-1.jpg\",\"width\":260,\"height\":70,\"caption\":\"Los pol\u00edticos Veracruz\"},\"image\":{\"@id\":\"https:\\\/\\\/lospoliticosveracruz.com\\\/#\\\/schema\\\/logo\\\/image\\\/\"},\"sameAs\":[\"https:\\\/\\\/www.facebook.com\\\/people\\\/Notimemes-de-los-Polticos\\\/61565672886568\\\/\",\"https:\\\/\\\/x.com\\\/LosPoliticosVer\"]},{\"@type\":\"Person\",\"@id\":\"https:\\\/\\\/lospoliticosveracruz.com\\\/#\\\/schema\\\/person\\\/b8702bb0e538456e6efd07080bf2a4a2\",\"name\":\"Lo viste en Los Pol\u00edticos\",\"image\":{\"@type\":\"ImageObject\",\"inLanguage\":\"es\",\"@id\":\"https:\\\/\\\/secure.gravatar.com\\\/avatar\\\/3a8de04a2656d44082be478bd6c086daa447c4651605818287b9532d3d0bd435?s=96&d=mm&r=g\",\"url\":\"https:\\\/\\\/secure.gravatar.com\\\/avatar\\\/3a8de04a2656d44082be478bd6c086daa447c4651605818287b9532d3d0bd435?s=96&d=mm&r=g\",\"contentUrl\":\"https:\\\/\\\/secure.gravatar.com\\\/avatar\\\/3a8de04a2656d44082be478bd6c086daa447c4651605818287b9532d3d0bd435?s=96&d=mm&r=g\",\"caption\":\"Lo viste en Los Pol\u00edticos\"},\"url\":\"https:\\\/\\\/lospoliticosveracruz.com\\\/?author=2\"}]}<\/script>\n<!-- \/ Yoast SEO plugin. -->","yoast_head_json":{"title":"LA TORRE BDR\u2026 - Los pol\u00edticos Veracruz","robots":{"index":"index","follow":"follow","max-snippet":"max-snippet:-1","max-image-preview":"max-image-preview:large","max-video-preview":"max-video-preview:-1"},"canonical":"https:\/\/lospoliticosveracruz.com\/?p=135000","og_locale":"es_ES","og_type":"article","og_title":"LA TORRE BDR\u2026 - Los pol\u00edticos Veracruz","og_description":"S\u00edguenos ahora tambi\u00e9n en WhatsApp.&nbsp;Da clic aqu\u00ed Oved Contreras Secas mecas&nbsp; A la gobernadora Roc\u00edo Nahle le prestaron un mega penthouse para su centro de batalla en la torre de lujo antes llamada Torre Ocean, hoy llamada torre BDR, propiedad de Grupo Bambino, donde se sabe hay pol\u00edticos y prestanombres de pol\u00edticos que de altos [&hellip;]","og_url":"https:\/\/lospoliticosveracruz.com\/?p=135000","og_site_name":"Los pol\u00edticos Veracruz","article_publisher":"https:\/\/www.facebook.com\/people\/Notimemes-de-los-Polticos\/61565672886568\/","article_published_time":"2025-01-06T13:48:08+00:00","article_modified_time":"2025-01-06T13:48:23+00:00","og_image":[{"width":1250,"height":667,"url":"https:\/\/lospoliticosveracruz.com\/wp-content\/uploads\/2024\/03\/Oved-Contreras.jpg","type":"image\/jpeg"}],"author":"Lo viste en Los Pol\u00edticos","twitter_card":"summary_large_image","twitter_creator":"@LosPoliticosVer","twitter_site":"@LosPoliticosVer","twitter_misc":{"Escrito por":"Lo viste en Los Pol\u00edticos","Tiempo de lectura":"4 minutos"},"schema":{"@context":"https:\/\/schema.org","@graph":[{"@type":"Article","@id":"https:\/\/lospoliticosveracruz.com\/?p=135000#article","isPartOf":{"@id":"https:\/\/lospoliticosveracruz.com\/?p=135000"},"author":{"name":"Lo viste en Los Pol\u00edticos","@id":"https:\/\/lospoliticosveracruz.com\/#\/schema\/person\/b8702bb0e538456e6efd07080bf2a4a2"},"headline":"LA TORRE BDR\u2026","datePublished":"2025-01-06T13:48:08+00:00","dateModified":"2025-01-06T13:48:23+00:00","mainEntityOfPage":{"@id":"https:\/\/lospoliticosveracruz.com\/?p=135000"},"wordCount":830,"publisher":{"@id":"https:\/\/lospoliticosveracruz.com\/#organization"},"image":{"@id":"https:\/\/lospoliticosveracruz.com\/?p=135000#primaryimage"},"thumbnailUrl":"https:\/\/lospoliticosveracruz.com\/wp-content\/uploads\/2024\/03\/Oved-Contreras.jpg","keywords":["Morena","Roc\u00edo Nahle","Veracruz"],"articleSection":["De Opini\u00f3n"],"inLanguage":"es"},{"@type":"WebPage","@id":"https:\/\/lospoliticosveracruz.com\/?p=135000","url":"https:\/\/lospoliticosveracruz.com\/?p=135000","name":"LA TORRE BDR\u2026 - Los pol\u00edticos Veracruz","isPartOf":{"@id":"https:\/\/lospoliticosveracruz.com\/#website"},"primaryImageOfPage":{"@id":"https:\/\/lospoliticosveracruz.com\/?p=135000#primaryimage"},"image":{"@id":"https:\/\/lospoliticosveracruz.com\/?p=135000#primaryimage"},"thumbnailUrl":"https:\/\/lospoliticosveracruz.com\/wp-content\/uploads\/2024\/03\/Oved-Contreras.jpg","datePublished":"2025-01-06T13:48:08+00:00","dateModified":"2025-01-06T13:48:23+00:00","breadcrumb":{"@id":"https:\/\/lospoliticosveracruz.com\/?p=135000#breadcrumb"},"inLanguage":"es","potentialAction":[{"@type":"ReadAction","target":["https:\/\/lospoliticosveracruz.com\/?p=135000"]}]},{"@type":"ImageObject","inLanguage":"es","@id":"https:\/\/lospoliticosveracruz.com\/?p=135000#primaryimage","url":"https:\/\/lospoliticosveracruz.com\/wp-content\/uploads\/2024\/03\/Oved-Contreras.jpg","contentUrl":"https:\/\/lospoliticosveracruz.com\/wp-content\/uploads\/2024\/03\/Oved-Contreras.jpg","width":1250,"height":667},{"@type":"BreadcrumbList","@id":"https:\/\/lospoliticosveracruz.com\/?p=135000#breadcrumb","itemListElement":[{"@type":"ListItem","position":1,"name":"Portada","item":"https:\/\/lospoliticosveracruz.com\/"},{"@type":"ListItem","position":2,"name":"LA TORRE BDR\u2026"}]},{"@type":"WebSite","@id":"https:\/\/lospoliticosveracruz.com\/#website","url":"https:\/\/lospoliticosveracruz.com\/","name":"Los pol\u00edticos Veracruz","description":"","publisher":{"@id":"https:\/\/lospoliticosveracruz.com\/#organization"},"potentialAction":[{"@type":"SearchAction","target":{"@type":"EntryPoint","urlTemplate":"https:\/\/lospoliticosveracruz.com\/?s={search_term_string}"},"query-input":{"@type":"PropertyValueSpecification","valueRequired":true,"valueName":"search_term_string"}}],"inLanguage":"es"},{"@type":"Organization","@id":"https:\/\/lospoliticosveracruz.com\/#organization","name":"Los pol\u00edticos Veracruz","url":"https:\/\/lospoliticosveracruz.com\/","logo":{"@type":"ImageObject","inLanguage":"es","@id":"https:\/\/lospoliticosveracruz.com\/#\/schema\/logo\/image\/","url":"https:\/\/lospoliticosveracruz.com\/wp-content\/uploads\/2025\/12\/Logo-Nuevo-LOS-POLITICOS-1.jpg","contentUrl":"https:\/\/lospoliticosveracruz.com\/wp-content\/uploads\/2025\/12\/Logo-Nuevo-LOS-POLITICOS-1.jpg","width":260,"height":70,"caption":"Los pol\u00edticos Veracruz"},"image":{"@id":"https:\/\/lospoliticosveracruz.com\/#\/schema\/logo\/image\/"},"sameAs":["https:\/\/www.facebook.com\/people\/Notimemes-de-los-Polticos\/61565672886568\/","https:\/\/x.com\/LosPoliticosVer"]},{"@type":"Person","@id":"https:\/\/lospoliticosveracruz.com\/#\/schema\/person\/b8702bb0e538456e6efd07080bf2a4a2","name":"Lo viste en Los Pol\u00edticos","image":{"@type":"ImageObject","inLanguage":"es","@id":"https:\/\/secure.gravatar.com\/avatar\/3a8de04a2656d44082be478bd6c086daa447c4651605818287b9532d3d0bd435?s=96&d=mm&r=g","url":"https:\/\/secure.gravatar.com\/avatar\/3a8de04a2656d44082be478bd6c086daa447c4651605818287b9532d3d0bd435?s=96&d=mm&r=g","contentUrl":"https:\/\/secure.gravatar.com\/avatar\/3a8de04a2656d44082be478bd6c086daa447c4651605818287b9532d3d0bd435?s=96&d=mm&r=g","caption":"Lo viste en Los Pol\u00edticos"},"url":"https:\/\/lospoliticosveracruz.com\/?author=2"}]}},"_links":{"self":[{"href":"https:\/\/lospoliticosveracruz.com\/index.php?rest_route=\/wp\/v2\/posts\/135000","targetHints":{"allow":["GET"]}}],"collection":[{"href":"https:\/\/lospoliticosveracruz.com\/index.php?rest_route=\/wp\/v2\/posts"}],"about":[{"href":"https:\/\/lospoliticosveracruz.com\/index.php?rest_route=\/wp\/v2\/types\/post"}],"author":[{"embeddable":true,"href":"https:\/\/lospoliticosveracruz.com\/index.php?rest_route=\/wp\/v2\/users\/2"}],"replies":[{"embeddable":true,"href":"https:\/\/lospoliticosveracruz.com\/index.php?rest_route=%2Fwp%2Fv2%2Fcomments&post=135000"}],"version-history":[{"count":1,"href":"https:\/\/lospoliticosveracruz.com\/index.php?rest_route=\/wp\/v2\/posts\/135000\/revisions"}],"predecessor-version":[{"id":135001,"href":"https:\/\/lospoliticosveracruz.com\/index.php?rest_route=\/wp\/v2\/posts\/135000\/revisions\/135001"}],"wp:featuredmedia":[{"embeddable":true,"href":"https:\/\/lospoliticosveracruz.com\/index.php?rest_route=\/wp\/v2\/media\/119816"}],"wp:attachment":[{"href":"https:\/\/lospoliticosveracruz.com\/index.php?rest_route=%2Fwp%2Fv2%2Fmedia&parent=135000"}],"wp:term":[{"taxonomy":"category","embeddable":true,"href":"https:\/\/lospoliticosveracruz.com\/index.php?rest_route=%2Fwp%2Fv2%2Fcategories&post=135000"},{"taxonomy":"post_tag","embeddable":true,"href":"https:\/\/lospoliticosveracruz.com\/index.php?rest_route=%2Fwp%2Fv2%2Ftags&post=135000"}],"curies":[{"name":"wp","href":"https:\/\/api.w.org\/{rel}","templated":true}]}}