{"id":135005,"date":"2025-01-06T09:26:24","date_gmt":"2025-01-06T15:26:24","guid":{"rendered":"https:\/\/lospoliticosveracruz.com.mx\/?p=135005"},"modified":"2025-01-06T09:26:55","modified_gmt":"2025-01-06T15:26:55","slug":"cmas-la-pesadilla","status":"publish","type":"post","link":"https:\/\/lospoliticosveracruz.com\/?p=135005","title":{"rendered":"CMAS, LA PESADILLA!"},"content":{"rendered":"\n<p>[S\u00edguenos ahora tambi\u00e9n en WhatsApp.\u00a0<a href=\"https:\/\/whatsapp.com\/channel\/0029Va8zRWlEKyZIP3Z1dF0e\"><strong><em>Da clic aqu\u00ed<\/em><\/strong><\/a>]<\/p>\n\n\n\n<p><strong>Miguel Valera&nbsp;<\/strong><\/p>\n\n\n\n<p><em>Contrase\u00f1as<\/em><\/p>\n\n\n\n<p>El agua \u2014ha dicho la ONU\u2014 es un derecho humano, vital para la salud y para la supervivencia de todos los seres vivos en este planeta. La crisis mundial del agua \u2014han se\u00f1alado los expertos\u2014&nbsp;es un desaf\u00edo que debe considerar diversos factores como el cambio clim\u00e1tico, la contaminaci\u00f3n, el aumento de la demanda por el crecimiento poblacional y el desarrollo econ\u00f3mico.<\/p>\n\n\n\n<p>Tambi\u00e9n, y hay que decirlo con claridad, ha sido un gran bot\u00edn para los gobiernos que administran los organismos operadores del agua. Para el negocio no hay color, partido ni preferencia. En Xalapa todos conocemos la historia del pasado inmediato y&nbsp;losnombres&nbsp;de quienes&nbsp;se&nbsp;enriquecieron&nbsp;con una deuda en la Comisi\u00f3n Municipal de Agua Potable y Saneamiento (CMAS) que hasta la fecha seguimos pagando.<\/p>\n\n\n\n<p>A ese hecho \u2014que sigue en la memoria colectiva\u2014 se han venido dando acciones de gobiernos que ofrecieron un cambio, una&nbsp;<em>metanoia<\/em>&nbsp;administrativa, un nuevo rumbo. Este escribiente vivi\u00f3 en carne propia un atraco en el pago anual del agua que con&nbsp;cinco&nbsp;personas en casa pagaba unos 3 mil 500 pesos anuales. De pronto, el a\u00f1o antepasado el monto se duplic\u00f3 a 7 mil, a pesar de que dos personas, por razones de estudio, ya no se encontraban en casa.&nbsp;<\/p>\n\n\n\n<p>El d\u00eda que empec\u00e9 a realizar mi gesti\u00f3n para aclarar el tema me encontr\u00e9 al entonces regidor&nbsp;<strong>Antonio Ballesteros&nbsp;<\/strong><strong>Grayeb<\/strong>&nbsp;y me pidi\u00f3 que buscara a la directora de Servicios al Usuario&nbsp;<strong>Jessica Cid Arroyo.&nbsp;<\/strong>Fui a su oficina, me atendi\u00f3 una persona a su nombre, porque ella, me dijo, estaba en la oficina de otro regidor, atendi\u00e9ndole varios temas. Me hicieron una inspecci\u00f3n en casa, porque, de entrada, argumentaron, que podr\u00eda haber fugas. Fue una persona, lo atend\u00ed, revis\u00f3 la instalaci\u00f3n y su dictamen fue justamente ese, que hab\u00eda fugas.<\/p>\n\n\n\n<p>Llam\u00e9 al&nbsp;fontanero que siempre me ayuda con ese tema, vino, revis\u00f3 y su dictamen fue que no hab\u00eda ninguna fuga. Regres\u00e9 a la CMAS y el veredicto fue inapelable: el consumo de mi domicilio se hab\u00eda elevado y no se pod\u00eda hacer nada, ten\u00eda que pagar esa cantidad. No me quise quedar ah\u00ed y busqu\u00e9 a otra regidora, la encargada del agua,&nbsp;<strong>Helen&nbsp;Sarmiento Ja\u00e9n<\/strong>, ex colaboradora de la ahora diputada&nbsp;<strong>Dorheny<\/strong><strong>Garc\u00eda Cayetano<\/strong>&nbsp;e hija de un viejo compa\u00f1ero de trabajo, el comunic\u00f3logo&nbsp;<strong>Francisco Sarmiento Morales<\/strong>. Una persona me atendi\u00f3 amablemente pero nunca tuve respuesta a mi petici\u00f3n. Me qued\u00f3 claro que la instrucci\u00f3n era cobrar el nuevo monto a costa de lo que fuera.<\/p>\n\n\n\n<p>En esos d\u00edas en su cuenta de Facebook, la periodista&nbsp;<strong>Fanny Y\u00e9pez<\/strong>, quien en ese momento trabajaba en la Coordinaci\u00f3n de Comunicaci\u00f3n Social del Gobierno del Estado que presid\u00eda&nbsp;<strong>Cuitl\u00e1huac Garc\u00eda Jim\u00e9nez<\/strong>, public\u00f3 que el monto de su recibo del agua hab\u00eda llegado con una cantidad muy alta. Me comuniqu\u00e9 con ella para consultarle el camino que sigui\u00f3 y me dijo que hab\u00eda hablado directamente con el alcalde&nbsp;<strong>Ricardo Ahued&nbsp;<\/strong><strong>Bardahuil<\/strong>, quien se hab\u00eda comprometido a intervenir. No supe m\u00e1s, si su influencia hab\u00eda dado resultados, si se aclar\u00f3 su caso o si la CMAS le cobr\u00f3, como a m\u00ed, lo que marcaba el presunto consumo.<\/p>\n\n\n\n<p>El 4 de diciembre del a\u00f1o que reci\u00e9n termin\u00f3, otra compa\u00f1era periodista,&nbsp;<strong>Patricia Rangel Pe\u00f1a,&nbsp;<\/strong>quien fue mi jefa de redacci\u00f3n en Radiotelevisi\u00f3n de Veracruz, cuando trabaj\u00e9 ah\u00ed en el periodo de&nbsp;<strong>Miguel \u00c1ngel S\u00e1nchez de Armas<\/strong>, escribi\u00f3 su historia en la red Facebook, que reproduzco aqu\u00ed en mi recuento de que algo huele a podrido en el organismo operador del agua de Xalapa:<\/p>\n\n\n\n<p>\u201cMi&nbsp;historia con CMAS.&nbsp;El mes pasado recib\u00ed el primer buen susto, de esos que te da la Comisi\u00f3n Municipal de Agua y Saneamiento&nbsp;<a href=\"https:\/\/www.facebook.com\/hashtag\/cmas?__eep__=6&amp;__cft__%5b0%5d=AZWuEwCKnFQpf49K1ekteekPnpE3VyKNKhk8F-fxynv74DuU0hq2PTqWnqpb2YD6-wpZFah0srrMMC9jWSBOKMN4BvyNYYUo8LTLpY3-AgDzgug8JRCyFogZnhf8ks6_yB4zLzXsXVWyJFWvNBK0t8q3Mpy2dTqvj1RC-dpZlWCPzg01EYCz9HOlzHIBOHw-XsM&amp;__tn__=*NK-R\">#cmas<\/a>&nbsp;Xalapa. Mi consumo normal, cuando hay excesos ha sido de hasta 478 pesos y el m\u00ednimo 348. Ese recibo lleg\u00f3 en mil 200 pesos, casi 200 por ciento de incremento. Sent\u00ed de todo: enojo, impotencia, frustraci\u00f3n. Y fui, como todo mundo, a buscar un cobro justo.<\/p>\n\n\n\n<p>\u201cEl procedimiento incluyo acudir al m\u00f3dulo de atenci\u00f3n, solicitar la revisi\u00f3n de las instalaciones, la visita de un inspector, la revisi\u00f3n y el cambio del medidor.<\/p>\n\n\n\n<p>Me tocaba ir a conocer el resultado de la inspecci\u00f3n. El primer comentario era que no ten\u00edan la informaci\u00f3n cargada en el sistema, as\u00ed que deb\u00eda esperar, ya una se\u00f1orita muy amable me llam\u00f3 para comentarme que \u201cla deuda\u201d se redujo a mil 100, pero que ya inclu\u00eda diciembre, porque hoy me entregaron el papelito con la bonita cuenta de mil 689 pesos.<\/p>\n\n\n\n<p>\u201cSoy hipertensa, no me hagan eso, se\u00f1ores de&nbsp;<a href=\"https:\/\/www.facebook.com\/hashtag\/cmas?__eep__=6&amp;__cft__%5b0%5d=AZWuEwCKnFQpf49K1ekteekPnpE3VyKNKhk8F-fxynv74DuU0hq2PTqWnqpb2YD6-wpZFah0srrMMC9jWSBOKMN4BvyNYYUo8LTLpY3-AgDzgug8JRCyFogZnhf8ks6_yB4zLzXsXVWyJFWvNBK0t8q3Mpy2dTqvj1RC-dpZlWCPzg01EYCz9HOlzHIBOHw-XsM&amp;__tn__=*NK-R\">#cmas<\/a>.El chiste es que en ese recibo se contemplaban mis mil 200 anteriores, recargos, intereses y este mes, que fueron buena onda y me cobraron la cuota m\u00e1s baja, lo cual agradezco.<\/p>\n\n\n\n<p>Coment\u00e9 que no estaba de acuerdo, porque qui\u00e9n me aseguraba que de aqu\u00ed&nbsp;pa\u2019l&nbsp;real no me cobrar\u00edan casi 800 pesos mensuales, cuando en casa somos 3 adultos, dos ni\u00f1os y una gatita a la que no le gusta ba\u00f1arse.<\/p>\n\n\n\n<p>\u201cPues me rebajaron, y pagu\u00e9 la bonita cantidad de mil 31 pesos por los dos meses.&nbsp;Escribo esto porque no quiero ni pensar lo que est\u00e1 pasando y porque no he terminado de digerir todo el malestar y los contratiempos que esta acci\u00f3n ha significado\u201d.<\/p>\n\n\n\n<p>Hasta ah\u00ed la historia. Lo cierto es que las denuncias siguen, siguen y siguen y nadie hace nada. La CMAS \u2014en donde regidores tienen enquistados a la mitad de su n\u00f3mina\u2014 sigue siendo una fuente de lucro, con el consentimiento de la autoridad municipal.&nbsp;Los que tenemos que pagar sus \u201cgustitos\u201d somos nosotros, los usuarios del servicio del agua. Ni hablar.&nbsp;<\/p>\n\n\n\n<p><strong>@MValeraH<\/strong><\/p>\n","protected":false},"excerpt":{"rendered":"<p>[S\u00edguenos ahora tambi\u00e9n en WhatsApp.\u00a0Da clic aqu\u00ed] Miguel Valera&nbsp; Contrase\u00f1as El agua \u2014ha dicho la ONU\u2014 es un derecho humano, vital para la salud y para la supervivencia de todos los seres vivos en este planeta. La crisis mundial del agua \u2014han se\u00f1alado los expertos\u2014&nbsp;es un desaf\u00edo que debe considerar diversos factores como el cambio [&hellip;]<\/p>\n","protected":false},"author":2,"featured_media":119815,"comment_status":"closed","ping_status":"closed","sticky":false,"template":"","format":"standard","meta":{"tdm_status":"","tdm_grid_status":"","footnotes":""},"categories":[70],"tags":[32354,786,96],"class_list":{"0":"post-135005","1":"post","2":"type-post","3":"status-publish","4":"format-standard","5":"has-post-thumbnail","7":"category-de-opinion","8":"tag-antonio-ballesteros-grayeb","9":"tag-cmas","10":"tag-xalapa"},"yoast_head":"<!-- This site is optimized with the Yoast SEO plugin v27.4 - https:\/\/yoast.com\/product\/yoast-seo-wordpress\/ -->\n<title>CMAS, LA PESADILLA! - Los pol\u00edticos Veracruz<\/title>\n<meta name=\"robots\" content=\"index, follow, max-snippet:-1, max-image-preview:large, max-video-preview:-1\" \/>\n<link rel=\"canonical\" href=\"https:\/\/lospoliticosveracruz.com\/?p=135005\" \/>\n<meta property=\"og:locale\" content=\"es_ES\" \/>\n<meta property=\"og:type\" content=\"article\" \/>\n<meta property=\"og:title\" content=\"CMAS, LA PESADILLA! - Los pol\u00edticos Veracruz\" \/>\n<meta property=\"og:description\" content=\"[S\u00edguenos ahora tambi\u00e9n en WhatsApp.\u00a0Da clic aqu\u00ed] Miguel Valera&nbsp; Contrase\u00f1as El agua \u2014ha dicho la ONU\u2014 es un derecho humano, vital para la salud y para la supervivencia de todos los seres vivos en este planeta. La crisis mundial del agua \u2014han se\u00f1alado los expertos\u2014&nbsp;es un desaf\u00edo que debe considerar diversos factores como el cambio [&hellip;]\" \/>\n<meta property=\"og:url\" content=\"https:\/\/lospoliticosveracruz.com\/?p=135005\" \/>\n<meta property=\"og:site_name\" content=\"Los pol\u00edticos Veracruz\" \/>\n<meta property=\"article:publisher\" content=\"https:\/\/www.facebook.com\/people\/Notimemes-de-los-Polticos\/61565672886568\/\" \/>\n<meta property=\"article:published_time\" content=\"2025-01-06T15:26:24+00:00\" \/>\n<meta property=\"article:modified_time\" content=\"2025-01-06T15:26:55+00:00\" \/>\n<meta property=\"og:image\" content=\"https:\/\/lospoliticosveracruz.com\/wp-content\/uploads\/2024\/03\/Miguel-Valera.jpg\" \/>\n\t<meta property=\"og:image:width\" content=\"1250\" \/>\n\t<meta property=\"og:image:height\" content=\"667\" \/>\n\t<meta property=\"og:image:type\" content=\"image\/jpeg\" \/>\n<meta name=\"author\" content=\"Lo viste en Los Pol\u00edticos\" \/>\n<meta name=\"twitter:card\" content=\"summary_large_image\" \/>\n<meta name=\"twitter:creator\" content=\"@LosPoliticosVer\" \/>\n<meta name=\"twitter:site\" content=\"@LosPoliticosVer\" \/>\n<meta name=\"twitter:label1\" content=\"Escrito por\" \/>\n\t<meta name=\"twitter:data1\" content=\"Lo viste en Los Pol\u00edticos\" \/>\n\t<meta name=\"twitter:label2\" content=\"Tiempo de lectura\" \/>\n\t<meta name=\"twitter:data2\" content=\"5 minutos\" \/>\n<script type=\"application\/ld+json\" class=\"yoast-schema-graph\">{\"@context\":\"https:\\\/\\\/schema.org\",\"@graph\":[{\"@type\":\"Article\",\"@id\":\"https:\\\/\\\/lospoliticosveracruz.com\\\/?p=135005#article\",\"isPartOf\":{\"@id\":\"https:\\\/\\\/lospoliticosveracruz.com\\\/?p=135005\"},\"author\":{\"name\":\"Lo viste en Los Pol\u00edticos\",\"@id\":\"https:\\\/\\\/lospoliticosveracruz.com\\\/#\\\/schema\\\/person\\\/b8702bb0e538456e6efd07080bf2a4a2\"},\"headline\":\"CMAS, LA PESADILLA!\",\"datePublished\":\"2025-01-06T15:26:24+00:00\",\"dateModified\":\"2025-01-06T15:26:55+00:00\",\"mainEntityOfPage\":{\"@id\":\"https:\\\/\\\/lospoliticosveracruz.com\\\/?p=135005\"},\"wordCount\":1045,\"publisher\":{\"@id\":\"https:\\\/\\\/lospoliticosveracruz.com\\\/#organization\"},\"image\":{\"@id\":\"https:\\\/\\\/lospoliticosveracruz.com\\\/?p=135005#primaryimage\"},\"thumbnailUrl\":\"https:\\\/\\\/lospoliticosveracruz.com\\\/wp-content\\\/uploads\\\/2024\\\/03\\\/Miguel-Valera.jpg\",\"keywords\":[\"Antonio Ballesteros Grayeb\",\"CMAS\",\"Xalapa\"],\"articleSection\":[\"De Opini\u00f3n\"],\"inLanguage\":\"es\"},{\"@type\":\"WebPage\",\"@id\":\"https:\\\/\\\/lospoliticosveracruz.com\\\/?p=135005\",\"url\":\"https:\\\/\\\/lospoliticosveracruz.com\\\/?p=135005\",\"name\":\"CMAS, LA PESADILLA! - Los pol\u00edticos Veracruz\",\"isPartOf\":{\"@id\":\"https:\\\/\\\/lospoliticosveracruz.com\\\/#website\"},\"primaryImageOfPage\":{\"@id\":\"https:\\\/\\\/lospoliticosveracruz.com\\\/?p=135005#primaryimage\"},\"image\":{\"@id\":\"https:\\\/\\\/lospoliticosveracruz.com\\\/?p=135005#primaryimage\"},\"thumbnailUrl\":\"https:\\\/\\\/lospoliticosveracruz.com\\\/wp-content\\\/uploads\\\/2024\\\/03\\\/Miguel-Valera.jpg\",\"datePublished\":\"2025-01-06T15:26:24+00:00\",\"dateModified\":\"2025-01-06T15:26:55+00:00\",\"breadcrumb\":{\"@id\":\"https:\\\/\\\/lospoliticosveracruz.com\\\/?p=135005#breadcrumb\"},\"inLanguage\":\"es\",\"potentialAction\":[{\"@type\":\"ReadAction\",\"target\":[\"https:\\\/\\\/lospoliticosveracruz.com\\\/?p=135005\"]}]},{\"@type\":\"ImageObject\",\"inLanguage\":\"es\",\"@id\":\"https:\\\/\\\/lospoliticosveracruz.com\\\/?p=135005#primaryimage\",\"url\":\"https:\\\/\\\/lospoliticosveracruz.com\\\/wp-content\\\/uploads\\\/2024\\\/03\\\/Miguel-Valera.jpg\",\"contentUrl\":\"https:\\\/\\\/lospoliticosveracruz.com\\\/wp-content\\\/uploads\\\/2024\\\/03\\\/Miguel-Valera.jpg\",\"width\":1250,\"height\":667},{\"@type\":\"BreadcrumbList\",\"@id\":\"https:\\\/\\\/lospoliticosveracruz.com\\\/?p=135005#breadcrumb\",\"itemListElement\":[{\"@type\":\"ListItem\",\"position\":1,\"name\":\"Portada\",\"item\":\"https:\\\/\\\/lospoliticosveracruz.com\\\/\"},{\"@type\":\"ListItem\",\"position\":2,\"name\":\"CMAS, LA PESADILLA!\"}]},{\"@type\":\"WebSite\",\"@id\":\"https:\\\/\\\/lospoliticosveracruz.com\\\/#website\",\"url\":\"https:\\\/\\\/lospoliticosveracruz.com\\\/\",\"name\":\"Los pol\u00edticos Veracruz\",\"description\":\"\",\"publisher\":{\"@id\":\"https:\\\/\\\/lospoliticosveracruz.com\\\/#organization\"},\"potentialAction\":[{\"@type\":\"SearchAction\",\"target\":{\"@type\":\"EntryPoint\",\"urlTemplate\":\"https:\\\/\\\/lospoliticosveracruz.com\\\/?s={search_term_string}\"},\"query-input\":{\"@type\":\"PropertyValueSpecification\",\"valueRequired\":true,\"valueName\":\"search_term_string\"}}],\"inLanguage\":\"es\"},{\"@type\":\"Organization\",\"@id\":\"https:\\\/\\\/lospoliticosveracruz.com\\\/#organization\",\"name\":\"Los pol\u00edticos Veracruz\",\"url\":\"https:\\\/\\\/lospoliticosveracruz.com\\\/\",\"logo\":{\"@type\":\"ImageObject\",\"inLanguage\":\"es\",\"@id\":\"https:\\\/\\\/lospoliticosveracruz.com\\\/#\\\/schema\\\/logo\\\/image\\\/\",\"url\":\"https:\\\/\\\/lospoliticosveracruz.com\\\/wp-content\\\/uploads\\\/2025\\\/12\\\/Logo-Nuevo-LOS-POLITICOS-1.jpg\",\"contentUrl\":\"https:\\\/\\\/lospoliticosveracruz.com\\\/wp-content\\\/uploads\\\/2025\\\/12\\\/Logo-Nuevo-LOS-POLITICOS-1.jpg\",\"width\":260,\"height\":70,\"caption\":\"Los pol\u00edticos Veracruz\"},\"image\":{\"@id\":\"https:\\\/\\\/lospoliticosveracruz.com\\\/#\\\/schema\\\/logo\\\/image\\\/\"},\"sameAs\":[\"https:\\\/\\\/www.facebook.com\\\/people\\\/Notimemes-de-los-Polticos\\\/61565672886568\\\/\",\"https:\\\/\\\/x.com\\\/LosPoliticosVer\"]},{\"@type\":\"Person\",\"@id\":\"https:\\\/\\\/lospoliticosveracruz.com\\\/#\\\/schema\\\/person\\\/b8702bb0e538456e6efd07080bf2a4a2\",\"name\":\"Lo viste en Los Pol\u00edticos\",\"image\":{\"@type\":\"ImageObject\",\"inLanguage\":\"es\",\"@id\":\"https:\\\/\\\/secure.gravatar.com\\\/avatar\\\/3a8de04a2656d44082be478bd6c086daa447c4651605818287b9532d3d0bd435?s=96&d=mm&r=g\",\"url\":\"https:\\\/\\\/secure.gravatar.com\\\/avatar\\\/3a8de04a2656d44082be478bd6c086daa447c4651605818287b9532d3d0bd435?s=96&d=mm&r=g\",\"contentUrl\":\"https:\\\/\\\/secure.gravatar.com\\\/avatar\\\/3a8de04a2656d44082be478bd6c086daa447c4651605818287b9532d3d0bd435?s=96&d=mm&r=g\",\"caption\":\"Lo viste en Los Pol\u00edticos\"},\"url\":\"https:\\\/\\\/lospoliticosveracruz.com\\\/?author=2\"}]}<\/script>\n<!-- \/ Yoast SEO plugin. -->","yoast_head_json":{"title":"CMAS, LA PESADILLA! - Los pol\u00edticos Veracruz","robots":{"index":"index","follow":"follow","max-snippet":"max-snippet:-1","max-image-preview":"max-image-preview:large","max-video-preview":"max-video-preview:-1"},"canonical":"https:\/\/lospoliticosveracruz.com\/?p=135005","og_locale":"es_ES","og_type":"article","og_title":"CMAS, LA PESADILLA! - Los pol\u00edticos Veracruz","og_description":"[S\u00edguenos ahora tambi\u00e9n en WhatsApp.\u00a0Da clic aqu\u00ed] Miguel Valera&nbsp; Contrase\u00f1as El agua \u2014ha dicho la ONU\u2014 es un derecho humano, vital para la salud y para la supervivencia de todos los seres vivos en este planeta. La crisis mundial del agua \u2014han se\u00f1alado los expertos\u2014&nbsp;es un desaf\u00edo que debe considerar diversos factores como el cambio [&hellip;]","og_url":"https:\/\/lospoliticosveracruz.com\/?p=135005","og_site_name":"Los pol\u00edticos Veracruz","article_publisher":"https:\/\/www.facebook.com\/people\/Notimemes-de-los-Polticos\/61565672886568\/","article_published_time":"2025-01-06T15:26:24+00:00","article_modified_time":"2025-01-06T15:26:55+00:00","og_image":[{"width":1250,"height":667,"url":"https:\/\/lospoliticosveracruz.com\/wp-content\/uploads\/2024\/03\/Miguel-Valera.jpg","type":"image\/jpeg"}],"author":"Lo viste en Los Pol\u00edticos","twitter_card":"summary_large_image","twitter_creator":"@LosPoliticosVer","twitter_site":"@LosPoliticosVer","twitter_misc":{"Escrito por":"Lo viste en Los Pol\u00edticos","Tiempo de lectura":"5 minutos"},"schema":{"@context":"https:\/\/schema.org","@graph":[{"@type":"Article","@id":"https:\/\/lospoliticosveracruz.com\/?p=135005#article","isPartOf":{"@id":"https:\/\/lospoliticosveracruz.com\/?p=135005"},"author":{"name":"Lo viste en Los Pol\u00edticos","@id":"https:\/\/lospoliticosveracruz.com\/#\/schema\/person\/b8702bb0e538456e6efd07080bf2a4a2"},"headline":"CMAS, LA PESADILLA!","datePublished":"2025-01-06T15:26:24+00:00","dateModified":"2025-01-06T15:26:55+00:00","mainEntityOfPage":{"@id":"https:\/\/lospoliticosveracruz.com\/?p=135005"},"wordCount":1045,"publisher":{"@id":"https:\/\/lospoliticosveracruz.com\/#organization"},"image":{"@id":"https:\/\/lospoliticosveracruz.com\/?p=135005#primaryimage"},"thumbnailUrl":"https:\/\/lospoliticosveracruz.com\/wp-content\/uploads\/2024\/03\/Miguel-Valera.jpg","keywords":["Antonio Ballesteros Grayeb","CMAS","Xalapa"],"articleSection":["De Opini\u00f3n"],"inLanguage":"es"},{"@type":"WebPage","@id":"https:\/\/lospoliticosveracruz.com\/?p=135005","url":"https:\/\/lospoliticosveracruz.com\/?p=135005","name":"CMAS, LA PESADILLA! - Los pol\u00edticos Veracruz","isPartOf":{"@id":"https:\/\/lospoliticosveracruz.com\/#website"},"primaryImageOfPage":{"@id":"https:\/\/lospoliticosveracruz.com\/?p=135005#primaryimage"},"image":{"@id":"https:\/\/lospoliticosveracruz.com\/?p=135005#primaryimage"},"thumbnailUrl":"https:\/\/lospoliticosveracruz.com\/wp-content\/uploads\/2024\/03\/Miguel-Valera.jpg","datePublished":"2025-01-06T15:26:24+00:00","dateModified":"2025-01-06T15:26:55+00:00","breadcrumb":{"@id":"https:\/\/lospoliticosveracruz.com\/?p=135005#breadcrumb"},"inLanguage":"es","potentialAction":[{"@type":"ReadAction","target":["https:\/\/lospoliticosveracruz.com\/?p=135005"]}]},{"@type":"ImageObject","inLanguage":"es","@id":"https:\/\/lospoliticosveracruz.com\/?p=135005#primaryimage","url":"https:\/\/lospoliticosveracruz.com\/wp-content\/uploads\/2024\/03\/Miguel-Valera.jpg","contentUrl":"https:\/\/lospoliticosveracruz.com\/wp-content\/uploads\/2024\/03\/Miguel-Valera.jpg","width":1250,"height":667},{"@type":"BreadcrumbList","@id":"https:\/\/lospoliticosveracruz.com\/?p=135005#breadcrumb","itemListElement":[{"@type":"ListItem","position":1,"name":"Portada","item":"https:\/\/lospoliticosveracruz.com\/"},{"@type":"ListItem","position":2,"name":"CMAS, LA PESADILLA!"}]},{"@type":"WebSite","@id":"https:\/\/lospoliticosveracruz.com\/#website","url":"https:\/\/lospoliticosveracruz.com\/","name":"Los pol\u00edticos Veracruz","description":"","publisher":{"@id":"https:\/\/lospoliticosveracruz.com\/#organization"},"potentialAction":[{"@type":"SearchAction","target":{"@type":"EntryPoint","urlTemplate":"https:\/\/lospoliticosveracruz.com\/?s={search_term_string}"},"query-input":{"@type":"PropertyValueSpecification","valueRequired":true,"valueName":"search_term_string"}}],"inLanguage":"es"},{"@type":"Organization","@id":"https:\/\/lospoliticosveracruz.com\/#organization","name":"Los pol\u00edticos Veracruz","url":"https:\/\/lospoliticosveracruz.com\/","logo":{"@type":"ImageObject","inLanguage":"es","@id":"https:\/\/lospoliticosveracruz.com\/#\/schema\/logo\/image\/","url":"https:\/\/lospoliticosveracruz.com\/wp-content\/uploads\/2025\/12\/Logo-Nuevo-LOS-POLITICOS-1.jpg","contentUrl":"https:\/\/lospoliticosveracruz.com\/wp-content\/uploads\/2025\/12\/Logo-Nuevo-LOS-POLITICOS-1.jpg","width":260,"height":70,"caption":"Los pol\u00edticos Veracruz"},"image":{"@id":"https:\/\/lospoliticosveracruz.com\/#\/schema\/logo\/image\/"},"sameAs":["https:\/\/www.facebook.com\/people\/Notimemes-de-los-Polticos\/61565672886568\/","https:\/\/x.com\/LosPoliticosVer"]},{"@type":"Person","@id":"https:\/\/lospoliticosveracruz.com\/#\/schema\/person\/b8702bb0e538456e6efd07080bf2a4a2","name":"Lo viste en Los Pol\u00edticos","image":{"@type":"ImageObject","inLanguage":"es","@id":"https:\/\/secure.gravatar.com\/avatar\/3a8de04a2656d44082be478bd6c086daa447c4651605818287b9532d3d0bd435?s=96&d=mm&r=g","url":"https:\/\/secure.gravatar.com\/avatar\/3a8de04a2656d44082be478bd6c086daa447c4651605818287b9532d3d0bd435?s=96&d=mm&r=g","contentUrl":"https:\/\/secure.gravatar.com\/avatar\/3a8de04a2656d44082be478bd6c086daa447c4651605818287b9532d3d0bd435?s=96&d=mm&r=g","caption":"Lo viste en Los Pol\u00edticos"},"url":"https:\/\/lospoliticosveracruz.com\/?author=2"}]}},"_links":{"self":[{"href":"https:\/\/lospoliticosveracruz.com\/index.php?rest_route=\/wp\/v2\/posts\/135005","targetHints":{"allow":["GET"]}}],"collection":[{"href":"https:\/\/lospoliticosveracruz.com\/index.php?rest_route=\/wp\/v2\/posts"}],"about":[{"href":"https:\/\/lospoliticosveracruz.com\/index.php?rest_route=\/wp\/v2\/types\/post"}],"author":[{"embeddable":true,"href":"https:\/\/lospoliticosveracruz.com\/index.php?rest_route=\/wp\/v2\/users\/2"}],"replies":[{"embeddable":true,"href":"https:\/\/lospoliticosveracruz.com\/index.php?rest_route=%2Fwp%2Fv2%2Fcomments&post=135005"}],"version-history":[{"count":2,"href":"https:\/\/lospoliticosveracruz.com\/index.php?rest_route=\/wp\/v2\/posts\/135005\/revisions"}],"predecessor-version":[{"id":135008,"href":"https:\/\/lospoliticosveracruz.com\/index.php?rest_route=\/wp\/v2\/posts\/135005\/revisions\/135008"}],"wp:featuredmedia":[{"embeddable":true,"href":"https:\/\/lospoliticosveracruz.com\/index.php?rest_route=\/wp\/v2\/media\/119815"}],"wp:attachment":[{"href":"https:\/\/lospoliticosveracruz.com\/index.php?rest_route=%2Fwp%2Fv2%2Fmedia&parent=135005"}],"wp:term":[{"taxonomy":"category","embeddable":true,"href":"https:\/\/lospoliticosveracruz.com\/index.php?rest_route=%2Fwp%2Fv2%2Fcategories&post=135005"},{"taxonomy":"post_tag","embeddable":true,"href":"https:\/\/lospoliticosveracruz.com\/index.php?rest_route=%2Fwp%2Fv2%2Ftags&post=135005"}],"curies":[{"name":"wp","href":"https:\/\/api.w.org\/{rel}","templated":true}]}}