{"id":135035,"date":"2025-01-06T13:01:57","date_gmt":"2025-01-06T19:01:57","guid":{"rendered":"https:\/\/lospoliticosveracruz.com.mx\/?p=135035"},"modified":"2025-01-06T13:02:20","modified_gmt":"2025-01-06T19:02:20","slug":"mc-refugio-de-narcopoliticos","status":"publish","type":"post","link":"https:\/\/lospoliticosveracruz.com\/?p=135035","title":{"rendered":"MC, REFUGIO DE NARCOPOL\u00cdTICOS"},"content":{"rendered":"\n<p>S\u00edguenos ahora tambi\u00e9n en WhatsApp.\u00a0<a href=\"https:\/\/whatsapp.com\/channel\/0029Va8zRWlEKyZIP3Z1dF0e\"><em><strong>Da clic aqu\u00ed<\/strong><\/em><\/a><\/p>\n\n\n\n<p><strong>Inocencio Y\u00e1\u00f1ez Vicencio<br><\/strong>La ma\u00f1ana del martes 31 de diciembre de 2024, no pocos que creen en los camaleones de Movimiento Ciudadano se simbraron al ver que el peri\u00f3dico El Universal, diario de circulaci\u00f3n nacional, dedicaba sus ocho columnas a mostrar que :\u00bb MC abandera pol\u00edticos con nexos criminales\u2026\u00bb<\/p>\n\n\n<div class=\"wp-block-image\">\n<figure class=\"alignleft size-thumbnail\"><a href=\"https:\/\/lospoliticosveracruz.com.mx\/wp-content\/uploads\/2024\/05\/IMG_0341-e1716950925234.jpeg\"><img loading=\"lazy\" decoding=\"async\" width=\"150\" height=\"150\" src=\"https:\/\/lospoliticosveracruz.com.mx\/wp-content\/uploads\/2024\/05\/IMG_0341-150x150.jpeg\" alt=\"\" class=\"wp-image-125332\"\/><\/a><\/figure>\n<\/div>\n\n\n<p><br>En el cuerpo de la nota da cuenta que MC postul\u00f3 en las pasadas elecciones, que buscaba la reelecci\u00f3n por Taxco, Guerrero, con v\u00ednculos conocidos con la Familia Michoacana. En Apulco, Zacatecas ; llev\u00f3 a la presidencia municipal a Mauro Yuriel, que un mes m\u00e1s tarde fue desaforado y destituido del cargo. Tiene \u00f3rdenes de aprehensi\u00f3n. Est\u00e1 pr\u00f3fugo. En Tetecala de la Reforma, Morelos; abander\u00f3 a Cutberto Aguirre, hermano de Mario Aguirre, asesinado en abril pasado, se\u00f1alado de tener v\u00ednculos con grupos delictivos.<br>Para quienes conocemos el origen nada honorable de Convergencia, hoy Movimiento Ciudadano, no es ninguna sorpresa que se ventilen las andanzas de esta banda.<br>Convergencia, hoy Movimiento Ciudadano, es fundado por Dante Delgado, que lamento su enfermedad, pero ellos no me obliga a tapar el esc\u00e1ndalo de corrupci\u00f3n en que se vio envuelto al terminar el cargo de gobernador que le hered\u00f3 don Fernando Guti\u00e9rrez Barrios; esc\u00e1ndalo, no menor al de Javier Duarte, que tambi\u00e9n lo condujo a la c\u00e1rcel, de d\u00f3nde sali\u00f3 con el estigma porque no obstante las contundentes pruebas de saquear al Estado, no fue ni hallado culpable ni hallado inocente, porque la consignaci\u00f3n de los supuestos il\u00edcitos se realiz\u00f3 fuera de tiempo, lo que capitaliz\u00f3 para hacerse v\u00edctima y con sus beneficiarios organizar su partido convergencia.<br>No s\u00f3lo fue su cambio de nombre de Convergencia a Movimiento Ciudadano lo que ensanch\u00f3 sus puertas sino que, igual que Morena, hiciera pol\u00edtica atacando a la pol\u00edtica, ubic\u00e1ndose fuera de la pol\u00edtica, present\u00e1ndose como una opci\u00f3n al descr\u00e9dito de la pol\u00edtica.<br>La complacencia de las autoridades electorales le permiti\u00f3 a Morena, borrar para su uso el r\u00f3tulo de partido, como tambi\u00e9n fueron omisas con Movimiento Ciudadano. Que es un doble enga\u00f1o, porque no puede haber partido ciudadano, porque ciudadano es el status de una comunidad pol\u00edtica, que , como dec\u00eda Arist\u00f3teles, es doblemente ciudadano cuando se involucra en los asuntos p\u00fablicos, en tanto que si encerrarse en lo privado se convierte en un idiota. Hoy que un partido se autodenomina ciudadano significa no s\u00f3lo decantarse por lo no pol\u00edtico sino partir de una sociedad homog\u00e9nea, sin diferencias sociales, donde al abolir la pluralidad, no tiene raz\u00f3n de ser la pol\u00edtica, porque la raz\u00f3n de ser de la pol\u00edtica es la diferencia, por lo que la pol\u00edtica tiene como objeto encauzar la diferencia, no sofocarla, porque como bien dice Carl J. Friedrich: En realidad, el orden democr\u00e1tico se basa no en un acuerdo sobre lo fundamental, sino sobre una organizaci\u00f3n de sus divergencias( El hombre y el gobierno. Editorial Tecnos. Madrid. 1968. Pag. 376 ). Lo cito porque tal vez mis juicios valgan un cacahuate, pero la academia acepta a este autor como un cl\u00e1sico, por lo que si Claudia Sheinbaum, lo consultara, se evitar\u00eda muchos rid\u00edculos y barbaridades<br>Movimiento Ciudadano, tiene pendiente en Veracruz, la muerte de quien promovi\u00f3 a la alcald\u00eda de Cazones, que pol\u00edticamente se resolvi\u00f3 pero judicialmente no ha sido aclarado. El robo de SAGALMEX le salpic\u00f3 y debe esclarecerse y deslindarse plenamente. Las dos gubernaturas que ha conseguido han dejado muchas interrogantes. En Jalisco, Enrique Alfaro, viene de una estirpe, porril, porril. En Nuevo Le\u00f3n, los propios diputados de Morena, hicieron p\u00fablicas las \u00f3rdenes de AMLO, para hacer triunfar a Samuel, el que cada rato le salen m\u00e1s sinverg\u00fcenzadas. No le cuaj\u00f3 la candidatura de Palazuelos, pero lo sustituy\u00f3 con un senador que le prest\u00f3 Morena. Los medios han puesto en la mira a los Yunes azules, como traidores, pero tambi\u00e9n el senador de Movimiento Ciudadano por Campeche, bajo pretextos muy contradictorios se escondi\u00f3 para facilitarle a Morena que desmantelara el Poder Judicial y la Rep\u00fablica.<br>Los dirigentes de Movimiento Ciudadano, pecan de inocentes o en verdad creen que no tenemos memoria. En cualquier caso quiero decirles que por mucho que haya quien muerda el anzuelo, siempre habr\u00e1 quien les refresque su monstruosa historia y les haga ver a los que su desesperaci\u00f3n los lleve a buscar el color naranja para participar en las pr\u00f3ximas elecciones, que ese s\u00f3lo hecho, los har\u00e1 sospechosos de estar en un partido camuflado y se\u00f1alado de tener v\u00ednculos con el crimen organizado.<\/p>\n","protected":false},"excerpt":{"rendered":"<p>S\u00edguenos ahora tambi\u00e9n en WhatsApp.\u00a0Da clic aqu\u00ed Inocencio Y\u00e1\u00f1ez VicencioLa ma\u00f1ana del martes 31 de diciembre de 2024, no pocos que creen en los camaleones de Movimiento Ciudadano se simbraron al ver que el peri\u00f3dico El Universal, diario de circulaci\u00f3n nacional, dedicaba sus ocho columnas a mostrar que :\u00bb MC abandera pol\u00edticos con nexos criminales\u2026\u00bb [&hellip;]<\/p>\n","protected":false},"author":2,"featured_media":120033,"comment_status":"closed","ping_status":"closed","sticky":false,"template":"","format":"standard","meta":{"tdm_status":"","tdm_grid_status":"","footnotes":""},"categories":[70],"tags":[2219,8256,2327],"class_list":{"0":"post-135035","1":"post","2":"type-post","3":"status-publish","4":"format-standard","5":"has-post-thumbnail","7":"category-de-opinion","8":"tag-dante-delgado","9":"tag-inocencio-yanez-vicencio","10":"tag-movimiento-ciudadano"},"yoast_head":"<!-- This site is optimized with the Yoast SEO plugin v27.4 - https:\/\/yoast.com\/product\/yoast-seo-wordpress\/ -->\n<title>MC, REFUGIO DE NARCOPOL\u00cdTICOS - Los pol\u00edticos Veracruz<\/title>\n<meta name=\"robots\" content=\"index, follow, max-snippet:-1, max-image-preview:large, max-video-preview:-1\" \/>\n<link rel=\"canonical\" href=\"https:\/\/lospoliticosveracruz.com\/?p=135035\" \/>\n<meta property=\"og:locale\" content=\"es_ES\" \/>\n<meta property=\"og:type\" content=\"article\" \/>\n<meta property=\"og:title\" content=\"MC, REFUGIO DE NARCOPOL\u00cdTICOS - Los pol\u00edticos Veracruz\" \/>\n<meta property=\"og:description\" content=\"S\u00edguenos ahora tambi\u00e9n en WhatsApp.\u00a0Da clic aqu\u00ed Inocencio Y\u00e1\u00f1ez VicencioLa ma\u00f1ana del martes 31 de diciembre de 2024, no pocos que creen en los camaleones de Movimiento Ciudadano se simbraron al ver que el peri\u00f3dico El Universal, diario de circulaci\u00f3n nacional, dedicaba sus ocho columnas a mostrar que :\u00bb MC abandera pol\u00edticos con nexos criminales\u2026\u00bb [&hellip;]\" \/>\n<meta property=\"og:url\" content=\"https:\/\/lospoliticosveracruz.com\/?p=135035\" \/>\n<meta property=\"og:site_name\" content=\"Los pol\u00edticos Veracruz\" \/>\n<meta property=\"article:publisher\" content=\"https:\/\/www.facebook.com\/people\/Notimemes-de-los-Polticos\/61565672886568\/\" \/>\n<meta property=\"article:published_time\" content=\"2025-01-06T19:01:57+00:00\" \/>\n<meta property=\"article:modified_time\" content=\"2025-01-06T19:02:20+00:00\" \/>\n<meta property=\"og:image\" content=\"https:\/\/lospoliticosveracruz.com\/wp-content\/uploads\/2024\/03\/Inocencio-Yanez-Vicencio.jpg\" \/>\n\t<meta property=\"og:image:width\" content=\"1250\" \/>\n\t<meta property=\"og:image:height\" content=\"667\" \/>\n\t<meta property=\"og:image:type\" content=\"image\/jpeg\" \/>\n<meta name=\"author\" content=\"Lo viste en Los Pol\u00edticos\" \/>\n<meta name=\"twitter:card\" content=\"summary_large_image\" \/>\n<meta name=\"twitter:creator\" content=\"@LosPoliticosVer\" \/>\n<meta name=\"twitter:site\" content=\"@LosPoliticosVer\" \/>\n<meta name=\"twitter:label1\" content=\"Escrito por\" \/>\n\t<meta name=\"twitter:data1\" content=\"Lo viste en Los Pol\u00edticos\" \/>\n\t<meta name=\"twitter:label2\" content=\"Tiempo de lectura\" \/>\n\t<meta name=\"twitter:data2\" content=\"4 minutos\" \/>\n<script type=\"application\/ld+json\" class=\"yoast-schema-graph\">{\"@context\":\"https:\\\/\\\/schema.org\",\"@graph\":[{\"@type\":\"Article\",\"@id\":\"https:\\\/\\\/lospoliticosveracruz.com\\\/?p=135035#article\",\"isPartOf\":{\"@id\":\"https:\\\/\\\/lospoliticosveracruz.com\\\/?p=135035\"},\"author\":{\"name\":\"Lo viste en Los Pol\u00edticos\",\"@id\":\"https:\\\/\\\/lospoliticosveracruz.com\\\/#\\\/schema\\\/person\\\/b8702bb0e538456e6efd07080bf2a4a2\"},\"headline\":\"MC, REFUGIO DE NARCOPOL\u00cdTICOS\",\"datePublished\":\"2025-01-06T19:01:57+00:00\",\"dateModified\":\"2025-01-06T19:02:20+00:00\",\"mainEntityOfPage\":{\"@id\":\"https:\\\/\\\/lospoliticosveracruz.com\\\/?p=135035\"},\"wordCount\":805,\"publisher\":{\"@id\":\"https:\\\/\\\/lospoliticosveracruz.com\\\/#organization\"},\"image\":{\"@id\":\"https:\\\/\\\/lospoliticosveracruz.com\\\/?p=135035#primaryimage\"},\"thumbnailUrl\":\"https:\\\/\\\/lospoliticosveracruz.com\\\/wp-content\\\/uploads\\\/2024\\\/03\\\/Inocencio-Yanez-Vicencio.jpg\",\"keywords\":[\"Dante Delgado\",\"Inocencio Y\u00e1\u00f1ez Vicencio\",\"Movimiento Ciudadano\"],\"articleSection\":[\"De Opini\u00f3n\"],\"inLanguage\":\"es\"},{\"@type\":\"WebPage\",\"@id\":\"https:\\\/\\\/lospoliticosveracruz.com\\\/?p=135035\",\"url\":\"https:\\\/\\\/lospoliticosveracruz.com\\\/?p=135035\",\"name\":\"MC, REFUGIO DE NARCOPOL\u00cdTICOS - Los pol\u00edticos Veracruz\",\"isPartOf\":{\"@id\":\"https:\\\/\\\/lospoliticosveracruz.com\\\/#website\"},\"primaryImageOfPage\":{\"@id\":\"https:\\\/\\\/lospoliticosveracruz.com\\\/?p=135035#primaryimage\"},\"image\":{\"@id\":\"https:\\\/\\\/lospoliticosveracruz.com\\\/?p=135035#primaryimage\"},\"thumbnailUrl\":\"https:\\\/\\\/lospoliticosveracruz.com\\\/wp-content\\\/uploads\\\/2024\\\/03\\\/Inocencio-Yanez-Vicencio.jpg\",\"datePublished\":\"2025-01-06T19:01:57+00:00\",\"dateModified\":\"2025-01-06T19:02:20+00:00\",\"breadcrumb\":{\"@id\":\"https:\\\/\\\/lospoliticosveracruz.com\\\/?p=135035#breadcrumb\"},\"inLanguage\":\"es\",\"potentialAction\":[{\"@type\":\"ReadAction\",\"target\":[\"https:\\\/\\\/lospoliticosveracruz.com\\\/?p=135035\"]}]},{\"@type\":\"ImageObject\",\"inLanguage\":\"es\",\"@id\":\"https:\\\/\\\/lospoliticosveracruz.com\\\/?p=135035#primaryimage\",\"url\":\"https:\\\/\\\/lospoliticosveracruz.com\\\/wp-content\\\/uploads\\\/2024\\\/03\\\/Inocencio-Yanez-Vicencio.jpg\",\"contentUrl\":\"https:\\\/\\\/lospoliticosveracruz.com\\\/wp-content\\\/uploads\\\/2024\\\/03\\\/Inocencio-Yanez-Vicencio.jpg\",\"width\":1250,\"height\":667},{\"@type\":\"BreadcrumbList\",\"@id\":\"https:\\\/\\\/lospoliticosveracruz.com\\\/?p=135035#breadcrumb\",\"itemListElement\":[{\"@type\":\"ListItem\",\"position\":1,\"name\":\"Portada\",\"item\":\"https:\\\/\\\/lospoliticosveracruz.com\\\/\"},{\"@type\":\"ListItem\",\"position\":2,\"name\":\"MC, REFUGIO DE NARCOPOL\u00cdTICOS\"}]},{\"@type\":\"WebSite\",\"@id\":\"https:\\\/\\\/lospoliticosveracruz.com\\\/#website\",\"url\":\"https:\\\/\\\/lospoliticosveracruz.com\\\/\",\"name\":\"Los pol\u00edticos Veracruz\",\"description\":\"\",\"publisher\":{\"@id\":\"https:\\\/\\\/lospoliticosveracruz.com\\\/#organization\"},\"potentialAction\":[{\"@type\":\"SearchAction\",\"target\":{\"@type\":\"EntryPoint\",\"urlTemplate\":\"https:\\\/\\\/lospoliticosveracruz.com\\\/?s={search_term_string}\"},\"query-input\":{\"@type\":\"PropertyValueSpecification\",\"valueRequired\":true,\"valueName\":\"search_term_string\"}}],\"inLanguage\":\"es\"},{\"@type\":\"Organization\",\"@id\":\"https:\\\/\\\/lospoliticosveracruz.com\\\/#organization\",\"name\":\"Los pol\u00edticos Veracruz\",\"url\":\"https:\\\/\\\/lospoliticosveracruz.com\\\/\",\"logo\":{\"@type\":\"ImageObject\",\"inLanguage\":\"es\",\"@id\":\"https:\\\/\\\/lospoliticosveracruz.com\\\/#\\\/schema\\\/logo\\\/image\\\/\",\"url\":\"https:\\\/\\\/lospoliticosveracruz.com\\\/wp-content\\\/uploads\\\/2025\\\/12\\\/Logo-Nuevo-LOS-POLITICOS-1.jpg\",\"contentUrl\":\"https:\\\/\\\/lospoliticosveracruz.com\\\/wp-content\\\/uploads\\\/2025\\\/12\\\/Logo-Nuevo-LOS-POLITICOS-1.jpg\",\"width\":260,\"height\":70,\"caption\":\"Los pol\u00edticos Veracruz\"},\"image\":{\"@id\":\"https:\\\/\\\/lospoliticosveracruz.com\\\/#\\\/schema\\\/logo\\\/image\\\/\"},\"sameAs\":[\"https:\\\/\\\/www.facebook.com\\\/people\\\/Notimemes-de-los-Polticos\\\/61565672886568\\\/\",\"https:\\\/\\\/x.com\\\/LosPoliticosVer\"]},{\"@type\":\"Person\",\"@id\":\"https:\\\/\\\/lospoliticosveracruz.com\\\/#\\\/schema\\\/person\\\/b8702bb0e538456e6efd07080bf2a4a2\",\"name\":\"Lo viste en Los Pol\u00edticos\",\"image\":{\"@type\":\"ImageObject\",\"inLanguage\":\"es\",\"@id\":\"https:\\\/\\\/secure.gravatar.com\\\/avatar\\\/3a8de04a2656d44082be478bd6c086daa447c4651605818287b9532d3d0bd435?s=96&d=mm&r=g\",\"url\":\"https:\\\/\\\/secure.gravatar.com\\\/avatar\\\/3a8de04a2656d44082be478bd6c086daa447c4651605818287b9532d3d0bd435?s=96&d=mm&r=g\",\"contentUrl\":\"https:\\\/\\\/secure.gravatar.com\\\/avatar\\\/3a8de04a2656d44082be478bd6c086daa447c4651605818287b9532d3d0bd435?s=96&d=mm&r=g\",\"caption\":\"Lo viste en Los Pol\u00edticos\"},\"url\":\"https:\\\/\\\/lospoliticosveracruz.com\\\/?author=2\"}]}<\/script>\n<!-- \/ Yoast SEO plugin. -->","yoast_head_json":{"title":"MC, REFUGIO DE NARCOPOL\u00cdTICOS - Los pol\u00edticos Veracruz","robots":{"index":"index","follow":"follow","max-snippet":"max-snippet:-1","max-image-preview":"max-image-preview:large","max-video-preview":"max-video-preview:-1"},"canonical":"https:\/\/lospoliticosveracruz.com\/?p=135035","og_locale":"es_ES","og_type":"article","og_title":"MC, REFUGIO DE NARCOPOL\u00cdTICOS - Los pol\u00edticos Veracruz","og_description":"S\u00edguenos ahora tambi\u00e9n en WhatsApp.\u00a0Da clic aqu\u00ed Inocencio Y\u00e1\u00f1ez VicencioLa ma\u00f1ana del martes 31 de diciembre de 2024, no pocos que creen en los camaleones de Movimiento Ciudadano se simbraron al ver que el peri\u00f3dico El Universal, diario de circulaci\u00f3n nacional, dedicaba sus ocho columnas a mostrar que :\u00bb MC abandera pol\u00edticos con nexos criminales\u2026\u00bb [&hellip;]","og_url":"https:\/\/lospoliticosveracruz.com\/?p=135035","og_site_name":"Los pol\u00edticos Veracruz","article_publisher":"https:\/\/www.facebook.com\/people\/Notimemes-de-los-Polticos\/61565672886568\/","article_published_time":"2025-01-06T19:01:57+00:00","article_modified_time":"2025-01-06T19:02:20+00:00","og_image":[{"width":1250,"height":667,"url":"https:\/\/lospoliticosveracruz.com\/wp-content\/uploads\/2024\/03\/Inocencio-Yanez-Vicencio.jpg","type":"image\/jpeg"}],"author":"Lo viste en Los Pol\u00edticos","twitter_card":"summary_large_image","twitter_creator":"@LosPoliticosVer","twitter_site":"@LosPoliticosVer","twitter_misc":{"Escrito por":"Lo viste en Los Pol\u00edticos","Tiempo de lectura":"4 minutos"},"schema":{"@context":"https:\/\/schema.org","@graph":[{"@type":"Article","@id":"https:\/\/lospoliticosveracruz.com\/?p=135035#article","isPartOf":{"@id":"https:\/\/lospoliticosveracruz.com\/?p=135035"},"author":{"name":"Lo viste en Los Pol\u00edticos","@id":"https:\/\/lospoliticosveracruz.com\/#\/schema\/person\/b8702bb0e538456e6efd07080bf2a4a2"},"headline":"MC, REFUGIO DE NARCOPOL\u00cdTICOS","datePublished":"2025-01-06T19:01:57+00:00","dateModified":"2025-01-06T19:02:20+00:00","mainEntityOfPage":{"@id":"https:\/\/lospoliticosveracruz.com\/?p=135035"},"wordCount":805,"publisher":{"@id":"https:\/\/lospoliticosveracruz.com\/#organization"},"image":{"@id":"https:\/\/lospoliticosveracruz.com\/?p=135035#primaryimage"},"thumbnailUrl":"https:\/\/lospoliticosveracruz.com\/wp-content\/uploads\/2024\/03\/Inocencio-Yanez-Vicencio.jpg","keywords":["Dante Delgado","Inocencio Y\u00e1\u00f1ez Vicencio","Movimiento Ciudadano"],"articleSection":["De Opini\u00f3n"],"inLanguage":"es"},{"@type":"WebPage","@id":"https:\/\/lospoliticosveracruz.com\/?p=135035","url":"https:\/\/lospoliticosveracruz.com\/?p=135035","name":"MC, REFUGIO DE NARCOPOL\u00cdTICOS - Los pol\u00edticos Veracruz","isPartOf":{"@id":"https:\/\/lospoliticosveracruz.com\/#website"},"primaryImageOfPage":{"@id":"https:\/\/lospoliticosveracruz.com\/?p=135035#primaryimage"},"image":{"@id":"https:\/\/lospoliticosveracruz.com\/?p=135035#primaryimage"},"thumbnailUrl":"https:\/\/lospoliticosveracruz.com\/wp-content\/uploads\/2024\/03\/Inocencio-Yanez-Vicencio.jpg","datePublished":"2025-01-06T19:01:57+00:00","dateModified":"2025-01-06T19:02:20+00:00","breadcrumb":{"@id":"https:\/\/lospoliticosveracruz.com\/?p=135035#breadcrumb"},"inLanguage":"es","potentialAction":[{"@type":"ReadAction","target":["https:\/\/lospoliticosveracruz.com\/?p=135035"]}]},{"@type":"ImageObject","inLanguage":"es","@id":"https:\/\/lospoliticosveracruz.com\/?p=135035#primaryimage","url":"https:\/\/lospoliticosveracruz.com\/wp-content\/uploads\/2024\/03\/Inocencio-Yanez-Vicencio.jpg","contentUrl":"https:\/\/lospoliticosveracruz.com\/wp-content\/uploads\/2024\/03\/Inocencio-Yanez-Vicencio.jpg","width":1250,"height":667},{"@type":"BreadcrumbList","@id":"https:\/\/lospoliticosveracruz.com\/?p=135035#breadcrumb","itemListElement":[{"@type":"ListItem","position":1,"name":"Portada","item":"https:\/\/lospoliticosveracruz.com\/"},{"@type":"ListItem","position":2,"name":"MC, REFUGIO DE NARCOPOL\u00cdTICOS"}]},{"@type":"WebSite","@id":"https:\/\/lospoliticosveracruz.com\/#website","url":"https:\/\/lospoliticosveracruz.com\/","name":"Los pol\u00edticos Veracruz","description":"","publisher":{"@id":"https:\/\/lospoliticosveracruz.com\/#organization"},"potentialAction":[{"@type":"SearchAction","target":{"@type":"EntryPoint","urlTemplate":"https:\/\/lospoliticosveracruz.com\/?s={search_term_string}"},"query-input":{"@type":"PropertyValueSpecification","valueRequired":true,"valueName":"search_term_string"}}],"inLanguage":"es"},{"@type":"Organization","@id":"https:\/\/lospoliticosveracruz.com\/#organization","name":"Los pol\u00edticos Veracruz","url":"https:\/\/lospoliticosveracruz.com\/","logo":{"@type":"ImageObject","inLanguage":"es","@id":"https:\/\/lospoliticosveracruz.com\/#\/schema\/logo\/image\/","url":"https:\/\/lospoliticosveracruz.com\/wp-content\/uploads\/2025\/12\/Logo-Nuevo-LOS-POLITICOS-1.jpg","contentUrl":"https:\/\/lospoliticosveracruz.com\/wp-content\/uploads\/2025\/12\/Logo-Nuevo-LOS-POLITICOS-1.jpg","width":260,"height":70,"caption":"Los pol\u00edticos Veracruz"},"image":{"@id":"https:\/\/lospoliticosveracruz.com\/#\/schema\/logo\/image\/"},"sameAs":["https:\/\/www.facebook.com\/people\/Notimemes-de-los-Polticos\/61565672886568\/","https:\/\/x.com\/LosPoliticosVer"]},{"@type":"Person","@id":"https:\/\/lospoliticosveracruz.com\/#\/schema\/person\/b8702bb0e538456e6efd07080bf2a4a2","name":"Lo viste en Los Pol\u00edticos","image":{"@type":"ImageObject","inLanguage":"es","@id":"https:\/\/secure.gravatar.com\/avatar\/3a8de04a2656d44082be478bd6c086daa447c4651605818287b9532d3d0bd435?s=96&d=mm&r=g","url":"https:\/\/secure.gravatar.com\/avatar\/3a8de04a2656d44082be478bd6c086daa447c4651605818287b9532d3d0bd435?s=96&d=mm&r=g","contentUrl":"https:\/\/secure.gravatar.com\/avatar\/3a8de04a2656d44082be478bd6c086daa447c4651605818287b9532d3d0bd435?s=96&d=mm&r=g","caption":"Lo viste en Los Pol\u00edticos"},"url":"https:\/\/lospoliticosveracruz.com\/?author=2"}]}},"_links":{"self":[{"href":"https:\/\/lospoliticosveracruz.com\/index.php?rest_route=\/wp\/v2\/posts\/135035","targetHints":{"allow":["GET"]}}],"collection":[{"href":"https:\/\/lospoliticosveracruz.com\/index.php?rest_route=\/wp\/v2\/posts"}],"about":[{"href":"https:\/\/lospoliticosveracruz.com\/index.php?rest_route=\/wp\/v2\/types\/post"}],"author":[{"embeddable":true,"href":"https:\/\/lospoliticosveracruz.com\/index.php?rest_route=\/wp\/v2\/users\/2"}],"replies":[{"embeddable":true,"href":"https:\/\/lospoliticosveracruz.com\/index.php?rest_route=%2Fwp%2Fv2%2Fcomments&post=135035"}],"version-history":[{"count":2,"href":"https:\/\/lospoliticosveracruz.com\/index.php?rest_route=\/wp\/v2\/posts\/135035\/revisions"}],"predecessor-version":[{"id":135037,"href":"https:\/\/lospoliticosveracruz.com\/index.php?rest_route=\/wp\/v2\/posts\/135035\/revisions\/135037"}],"wp:featuredmedia":[{"embeddable":true,"href":"https:\/\/lospoliticosveracruz.com\/index.php?rest_route=\/wp\/v2\/media\/120033"}],"wp:attachment":[{"href":"https:\/\/lospoliticosveracruz.com\/index.php?rest_route=%2Fwp%2Fv2%2Fmedia&parent=135035"}],"wp:term":[{"taxonomy":"category","embeddable":true,"href":"https:\/\/lospoliticosveracruz.com\/index.php?rest_route=%2Fwp%2Fv2%2Fcategories&post=135035"},{"taxonomy":"post_tag","embeddable":true,"href":"https:\/\/lospoliticosveracruz.com\/index.php?rest_route=%2Fwp%2Fv2%2Ftags&post=135035"}],"curies":[{"name":"wp","href":"https:\/\/api.w.org\/{rel}","templated":true}]}}