{"id":135088,"date":"2025-01-07T08:09:18","date_gmt":"2025-01-07T14:09:18","guid":{"rendered":"https:\/\/lospoliticosveracruz.com.mx\/?p=135088"},"modified":"2025-01-07T08:09:47","modified_gmt":"2025-01-07T14:09:47","slug":"la-corredera","status":"publish","type":"post","link":"https:\/\/lospoliticosveracruz.com\/?p=135088","title":{"rendered":"LA CORREDERA&#8230;"},"content":{"rendered":"\n<p>S\u00edguenos ahora tambi\u00e9n en WhatsApp.&nbsp;<a href=\"https:\/\/whatsapp.com\/channel\/0029Va8zRWlEKyZIP3Z1dF0e\"><strong><em>Da clic aqu\u00ed<\/em><\/strong><\/a><\/p>\n\n\n\n<p><strong>Oved Contreras<\/strong><\/p>\n\n\n\n<p><em>Secas Mecas<\/em><\/p>\n\n\n\n<p>\u00abEn el barrio La Cachimaba se ha soltado la correderaaaa\u00bb&#8230;as\u00ed merito como dice la canci\u00f3n del Cuarto de Tula&#8230;aquella que se qued\u00f3 dormida sin apagar la vela&#8230;as\u00ed le pas\u00f3 a todos los morenacos&#8230;morenecos&#8230;y moreneques&#8230;pa inscribirse ayer en la lista de los que quieren ser candidatos a las alcald\u00edas&#8230;<\/p>\n\n\n\n<p>En el puerto&#8230;casi se tropiezan para ir a anotarse como si fuera a repartir despensas&#8230;o entregar becas&#8230;hasta se ba\u00f1aron, peinaron y se pudieron sus mejores garras&#8230;por si se aparec\u00edan los fot\u00f3grafos&#8230;camar\u00f3grafos&#8230;y los chismosos de las redes sociales con sus celulares.<\/p>\n\n\n\n<p>Ayer comenz\u00f3 el registro oficial de aspirantes de Morena a las candidaturas a las 212 presidencias municipales del estado de Veracruz\u2026el proceso de inscripci\u00f3n concluir\u00e1 el mi\u00e9rcoles 8 de enero a las 23:59 horas y la v\u00eda para hacerlo es a trav\u00e9s de la plataforma electr\u00f3nica en la p\u00e1gina www.morena.org.<\/p>\n\n\n\n<p>Los ganadores del proceso se dar\u00e1n a conocer el pr\u00f3ximo 13 de marzo y las candidaturas se ratificar\u00e1n un d\u00eda despu\u00e9s, de acuerdo con la convocatoria lanzada por Morena desde diciembre pasado\u2026entre los requisitos solicitados a los aspirantes est\u00e1n presentar un curr\u00edculo con fotograf\u00eda firmado de manera aut\u00f3grafa, en el que se destaque la trayectoria personal, laboral y pol\u00edtica, as\u00ed como sus \u201catributos \u00e9ticos-pol\u00edticos\u201d.<\/p>\n\n\n\n<p>Asimismo, se debe demostrar, mediante documentaci\u00f3n soporte, la \u201cantig\u00fcedad en la lucha de las causas sociales y la vida democr\u00e1tica\u201d, as\u00ed como su \u201caportaci\u00f3n al proceso de transformaci\u00f3n\u201d, en los formatos que determine la Comisi\u00f3n Nacional de Elecciones.<\/p>\n\n\n\n<p>ROSA, ANIL\u00da Y PEP\u00cdN VAN\u2026La diputada federal Rosa Mar\u00eda Hern\u00e1ndez Espejo, como lo anunci\u00f3 un d\u00eda antes, se registr\u00f3 ayer como aspirante a la alcald\u00eda del puerto de Veracruz.,,y confirm\u00f3 el tr\u00e1mite a trav\u00e9s de sus redes sociales: \u201cQueridxs compa\u00f1erxs de causa, tal como lo anunci\u00e9, este lunes concret\u00e9 mi registro ante la Comisi\u00f3n de Procesos Internos de Morena como aspirante a la alcald\u00eda de mi amado puerto de Veracruz.<\/p>\n\n\n\n<p>Lo hice plenamente convencida de que la ciudad de Veracruz requiere de personas de convicciones aut\u00e9nticas y con alto sentido de responsabilidad y honestidad. \u00a1Vamos con todo, en unidad, a favor del pueblo! Es tiempo de mujeres, pero de mujeres Transformadoras, escribi\u00f3 Rosa Mar\u00eda en sus redes.<\/p>\n\n\n\n<p>Anil\u00fa Ingram hizo lo propio, acompa\u00f1ada de fundadores del movimiento y de l\u00edderes sociales\u2026Dijo estar lista para una contienda interna de respeto y unidad, pero sobre todo para una elecci\u00f3n constitucional que erradique la corrupci\u00f3n en la ciudad, y agreg\u00f3 que seguir\u00e1 sum\u00e1ndole a Morena y a la ciudad de Veracruz para que llegue la transformaci\u00f3n al puerto.<\/p>\n\n\n\n<p>Pep\u00edn Ruiz tambi\u00e9n se registr\u00f3 como aspirante morenista a la alcald\u00eda del puerto de Veracruz, y sostiene que en todas las encuestas serias que se han dado a conocer, es quien lidera la contienda rumbo al proceso electoral de junio pr\u00f3ximo.<\/p>\n\n\n\n<p>VENDEN AUDIENCIAS\u2026vaya que salieron buenos pal billete algunos de estos comisionados de la CEAPP\u2026nos enteramos en el portal \u201cVersiones\u201d de Pepe Ortiz que hay un comisionado que anda pidiendo dinero a cambio de conseguir una audiencia con la t\u00eda Ch\u00edo\u2026estos aplican la m\u00e1xima \u201cponme donde hay que de agarrar yo me encargo\u201d.<\/p>\n\n\n\n<p>Lo grave del asunto -dice Pepe Ortiz- es que algunos incautos s\u00ed han ca\u00eddo en la trampa y le han dado la lana a esta asquerosa rata de dos patas. Y como todo ha sido una estafa, ya varios afectados andan \u201ccazando\u201d a este timador para encararlo y que les devuelva el billullo.&nbsp;<\/p>\n\n\n\n<p>Como pista, Pepe refiere que al fulano le gusta \u201cdominguear\u201d y es Pinto, pero no se confundan, no se trata del que tiene apodo de batracio\u2026las acusaciones de quienes fueron estafados con las mentadas audiencias son contra Ra\u00fal Dom\u00ednguez que junto con su hermano Jos\u00e9, les apodan all\u00e1 en el sur como \u00ablos hermanos Macana\u00bb porque se dedican a extorsionar a quien se deje.<\/p>\n\n\n\n<p>Un tiempo Ra\u00fal fue asesor de Gonzalo Gu\u00edzar Valladares, pero Gonzalo lo corri\u00f3 porque lo sorprendi\u00f3 \u00aborde\u00f1ando\u00bb sobres para los reporteros que publicaban los boletines de Gonzalo&#8230;Ahora Ra\u00fal logr\u00f3 ser comisionado de la CEAPP porque desde hace a\u00f1os le aplaude mucho a la t\u00eda Ch\u00edo, eso cuentan los compas del sur, se le pone de tapete, le quema incienso y que eso tuvo su recompensa\u2026aunque siendo serios, varios comisionados de la Ceapp cubren el mismo perfil de Ra\u00fal: personas lambisconas con do\u00f1a Zacatecas\u2026puro aplaudirle en redes.<\/p>\n\n\n\n<p>QUE LE ECHE LUPA\u2026 Lo primero que deber\u00eda de hacer el perredista Ignacio del Moral Acosta, nuevo delegado regional de la SEV en Veracruz, es pedir que intervenga contralor\u00eda interna y fiscalice la obra de remodelaci\u00f3n del edificio ubicado en esta ciudad, porque evidentemente est\u00e1 mal hecha\u2026no hicieron nada, simularon una supuesta rehabilitaci\u00f3n que cost\u00f3 8 millones de pesos.<\/p>\n\n\n\n<p>En los documentos cobran por la reja de enfrente del edificio donde se encuentra la delegaci\u00f3n, que en teor\u00eda ser\u00eda una reja nueva pero se trata de la misma de antes, solo la medio pintaron y est\u00e1 hasta oxidada\u2026los anteriores responsables de la delegaci\u00f3n en lugar de poner colado en el techo, quitaron las l\u00e1minas de asbesto y pusieron l\u00e1minas s\u00faper delgadas que no sirven, y que en cada aguacero se filtra el agua al interior.<\/p>\n\n\n\n<p>Fue una robadera de parte de la ex delegada Diana Huesca, con la complacencia de las autoridades de la SEV en Xalapa\u2026hasta fotos acaba de subir a sus redes que anda con su familia de paseo en Canad\u00e1\u2026una auditor\u00eda a la obra que cost\u00f3 8 millones seguro que obligar\u00eda a una reparaci\u00f3n del da\u00f1o o devoluci\u00f3n del dinero.<\/p>\n","protected":false},"excerpt":{"rendered":"<p>S\u00edguenos ahora tambi\u00e9n en WhatsApp.&nbsp;Da clic aqu\u00ed Oved Contreras Secas Mecas \u00abEn el barrio La Cachimaba se ha soltado la correderaaaa\u00bb&#8230;as\u00ed merito como dice la canci\u00f3n del Cuarto de Tula&#8230;aquella que se qued\u00f3 dormida sin apagar la vela&#8230;as\u00ed le pas\u00f3 a todos los morenacos&#8230;morenecos&#8230;y moreneques&#8230;pa inscribirse ayer en la lista de los que quieren ser [&hellip;]<\/p>\n","protected":false},"author":2,"featured_media":119816,"comment_status":"closed","ping_status":"closed","sticky":false,"template":"","format":"standard","meta":{"tdm_status":"","tdm_grid_status":"","footnotes":""},"categories":[70],"tags":[],"class_list":{"0":"post-135088","1":"post","2":"type-post","3":"status-publish","4":"format-standard","5":"has-post-thumbnail","7":"category-de-opinion"},"yoast_head":"<!-- This site is optimized with the Yoast SEO plugin v27.4 - https:\/\/yoast.com\/product\/yoast-seo-wordpress\/ -->\n<title>LA CORREDERA... - Los pol\u00edticos Veracruz<\/title>\n<meta name=\"robots\" content=\"index, follow, max-snippet:-1, max-image-preview:large, max-video-preview:-1\" \/>\n<link rel=\"canonical\" href=\"https:\/\/lospoliticosveracruz.com\/?p=135088\" \/>\n<meta property=\"og:locale\" content=\"es_ES\" \/>\n<meta property=\"og:type\" content=\"article\" \/>\n<meta property=\"og:title\" content=\"LA CORREDERA... - Los pol\u00edticos Veracruz\" \/>\n<meta property=\"og:description\" content=\"S\u00edguenos ahora tambi\u00e9n en WhatsApp.&nbsp;Da clic aqu\u00ed Oved Contreras Secas Mecas \u00abEn el barrio La Cachimaba se ha soltado la correderaaaa\u00bb&#8230;as\u00ed merito como dice la canci\u00f3n del Cuarto de Tula&#8230;aquella que se qued\u00f3 dormida sin apagar la vela&#8230;as\u00ed le pas\u00f3 a todos los morenacos&#8230;morenecos&#8230;y moreneques&#8230;pa inscribirse ayer en la lista de los que quieren ser [&hellip;]\" \/>\n<meta property=\"og:url\" content=\"https:\/\/lospoliticosveracruz.com\/?p=135088\" \/>\n<meta property=\"og:site_name\" content=\"Los pol\u00edticos Veracruz\" \/>\n<meta property=\"article:publisher\" content=\"https:\/\/www.facebook.com\/people\/Notimemes-de-los-Polticos\/61565672886568\/\" \/>\n<meta property=\"article:published_time\" content=\"2025-01-07T14:09:18+00:00\" \/>\n<meta property=\"article:modified_time\" content=\"2025-01-07T14:09:47+00:00\" \/>\n<meta property=\"og:image\" content=\"https:\/\/lospoliticosveracruz.com\/wp-content\/uploads\/2024\/03\/Oved-Contreras.jpg\" \/>\n\t<meta property=\"og:image:width\" content=\"1250\" \/>\n\t<meta property=\"og:image:height\" content=\"667\" \/>\n\t<meta property=\"og:image:type\" content=\"image\/jpeg\" \/>\n<meta name=\"author\" content=\"Lo viste en Los Pol\u00edticos\" \/>\n<meta name=\"twitter:card\" content=\"summary_large_image\" \/>\n<meta name=\"twitter:creator\" content=\"@LosPoliticosVer\" \/>\n<meta name=\"twitter:site\" content=\"@LosPoliticosVer\" \/>\n<meta name=\"twitter:label1\" content=\"Escrito por\" \/>\n\t<meta name=\"twitter:data1\" content=\"Lo viste en Los Pol\u00edticos\" \/>\n\t<meta name=\"twitter:label2\" content=\"Tiempo de lectura\" \/>\n\t<meta name=\"twitter:data2\" content=\"5 minutos\" \/>\n<script type=\"application\/ld+json\" class=\"yoast-schema-graph\">{\"@context\":\"https:\\\/\\\/schema.org\",\"@graph\":[{\"@type\":\"Article\",\"@id\":\"https:\\\/\\\/lospoliticosveracruz.com\\\/?p=135088#article\",\"isPartOf\":{\"@id\":\"https:\\\/\\\/lospoliticosveracruz.com\\\/?p=135088\"},\"author\":{\"name\":\"Lo viste en Los Pol\u00edticos\",\"@id\":\"https:\\\/\\\/lospoliticosveracruz.com\\\/#\\\/schema\\\/person\\\/b8702bb0e538456e6efd07080bf2a4a2\"},\"headline\":\"LA CORREDERA&#8230;\",\"datePublished\":\"2025-01-07T14:09:18+00:00\",\"dateModified\":\"2025-01-07T14:09:47+00:00\",\"mainEntityOfPage\":{\"@id\":\"https:\\\/\\\/lospoliticosveracruz.com\\\/?p=135088\"},\"wordCount\":1028,\"publisher\":{\"@id\":\"https:\\\/\\\/lospoliticosveracruz.com\\\/#organization\"},\"image\":{\"@id\":\"https:\\\/\\\/lospoliticosveracruz.com\\\/?p=135088#primaryimage\"},\"thumbnailUrl\":\"https:\\\/\\\/lospoliticosveracruz.com\\\/wp-content\\\/uploads\\\/2024\\\/03\\\/Oved-Contreras.jpg\",\"articleSection\":[\"De Opini\u00f3n\"],\"inLanguage\":\"es\"},{\"@type\":\"WebPage\",\"@id\":\"https:\\\/\\\/lospoliticosveracruz.com\\\/?p=135088\",\"url\":\"https:\\\/\\\/lospoliticosveracruz.com\\\/?p=135088\",\"name\":\"LA CORREDERA... - Los pol\u00edticos Veracruz\",\"isPartOf\":{\"@id\":\"https:\\\/\\\/lospoliticosveracruz.com\\\/#website\"},\"primaryImageOfPage\":{\"@id\":\"https:\\\/\\\/lospoliticosveracruz.com\\\/?p=135088#primaryimage\"},\"image\":{\"@id\":\"https:\\\/\\\/lospoliticosveracruz.com\\\/?p=135088#primaryimage\"},\"thumbnailUrl\":\"https:\\\/\\\/lospoliticosveracruz.com\\\/wp-content\\\/uploads\\\/2024\\\/03\\\/Oved-Contreras.jpg\",\"datePublished\":\"2025-01-07T14:09:18+00:00\",\"dateModified\":\"2025-01-07T14:09:47+00:00\",\"breadcrumb\":{\"@id\":\"https:\\\/\\\/lospoliticosveracruz.com\\\/?p=135088#breadcrumb\"},\"inLanguage\":\"es\",\"potentialAction\":[{\"@type\":\"ReadAction\",\"target\":[\"https:\\\/\\\/lospoliticosveracruz.com\\\/?p=135088\"]}]},{\"@type\":\"ImageObject\",\"inLanguage\":\"es\",\"@id\":\"https:\\\/\\\/lospoliticosveracruz.com\\\/?p=135088#primaryimage\",\"url\":\"https:\\\/\\\/lospoliticosveracruz.com\\\/wp-content\\\/uploads\\\/2024\\\/03\\\/Oved-Contreras.jpg\",\"contentUrl\":\"https:\\\/\\\/lospoliticosveracruz.com\\\/wp-content\\\/uploads\\\/2024\\\/03\\\/Oved-Contreras.jpg\",\"width\":1250,\"height\":667},{\"@type\":\"BreadcrumbList\",\"@id\":\"https:\\\/\\\/lospoliticosveracruz.com\\\/?p=135088#breadcrumb\",\"itemListElement\":[{\"@type\":\"ListItem\",\"position\":1,\"name\":\"Portada\",\"item\":\"https:\\\/\\\/lospoliticosveracruz.com\\\/\"},{\"@type\":\"ListItem\",\"position\":2,\"name\":\"LA CORREDERA&#8230;\"}]},{\"@type\":\"WebSite\",\"@id\":\"https:\\\/\\\/lospoliticosveracruz.com\\\/#website\",\"url\":\"https:\\\/\\\/lospoliticosveracruz.com\\\/\",\"name\":\"Los pol\u00edticos Veracruz\",\"description\":\"\",\"publisher\":{\"@id\":\"https:\\\/\\\/lospoliticosveracruz.com\\\/#organization\"},\"potentialAction\":[{\"@type\":\"SearchAction\",\"target\":{\"@type\":\"EntryPoint\",\"urlTemplate\":\"https:\\\/\\\/lospoliticosveracruz.com\\\/?s={search_term_string}\"},\"query-input\":{\"@type\":\"PropertyValueSpecification\",\"valueRequired\":true,\"valueName\":\"search_term_string\"}}],\"inLanguage\":\"es\"},{\"@type\":\"Organization\",\"@id\":\"https:\\\/\\\/lospoliticosveracruz.com\\\/#organization\",\"name\":\"Los pol\u00edticos Veracruz\",\"url\":\"https:\\\/\\\/lospoliticosveracruz.com\\\/\",\"logo\":{\"@type\":\"ImageObject\",\"inLanguage\":\"es\",\"@id\":\"https:\\\/\\\/lospoliticosveracruz.com\\\/#\\\/schema\\\/logo\\\/image\\\/\",\"url\":\"https:\\\/\\\/lospoliticosveracruz.com\\\/wp-content\\\/uploads\\\/2025\\\/12\\\/Logo-Nuevo-LOS-POLITICOS-1.jpg\",\"contentUrl\":\"https:\\\/\\\/lospoliticosveracruz.com\\\/wp-content\\\/uploads\\\/2025\\\/12\\\/Logo-Nuevo-LOS-POLITICOS-1.jpg\",\"width\":260,\"height\":70,\"caption\":\"Los pol\u00edticos Veracruz\"},\"image\":{\"@id\":\"https:\\\/\\\/lospoliticosveracruz.com\\\/#\\\/schema\\\/logo\\\/image\\\/\"},\"sameAs\":[\"https:\\\/\\\/www.facebook.com\\\/people\\\/Notimemes-de-los-Polticos\\\/61565672886568\\\/\",\"https:\\\/\\\/x.com\\\/LosPoliticosVer\"]},{\"@type\":\"Person\",\"@id\":\"https:\\\/\\\/lospoliticosveracruz.com\\\/#\\\/schema\\\/person\\\/b8702bb0e538456e6efd07080bf2a4a2\",\"name\":\"Lo viste en Los Pol\u00edticos\",\"image\":{\"@type\":\"ImageObject\",\"inLanguage\":\"es\",\"@id\":\"https:\\\/\\\/secure.gravatar.com\\\/avatar\\\/3a8de04a2656d44082be478bd6c086daa447c4651605818287b9532d3d0bd435?s=96&d=mm&r=g\",\"url\":\"https:\\\/\\\/secure.gravatar.com\\\/avatar\\\/3a8de04a2656d44082be478bd6c086daa447c4651605818287b9532d3d0bd435?s=96&d=mm&r=g\",\"contentUrl\":\"https:\\\/\\\/secure.gravatar.com\\\/avatar\\\/3a8de04a2656d44082be478bd6c086daa447c4651605818287b9532d3d0bd435?s=96&d=mm&r=g\",\"caption\":\"Lo viste en Los Pol\u00edticos\"},\"url\":\"https:\\\/\\\/lospoliticosveracruz.com\\\/?author=2\"}]}<\/script>\n<!-- \/ Yoast SEO plugin. -->","yoast_head_json":{"title":"LA CORREDERA... - Los pol\u00edticos Veracruz","robots":{"index":"index","follow":"follow","max-snippet":"max-snippet:-1","max-image-preview":"max-image-preview:large","max-video-preview":"max-video-preview:-1"},"canonical":"https:\/\/lospoliticosveracruz.com\/?p=135088","og_locale":"es_ES","og_type":"article","og_title":"LA CORREDERA... - Los pol\u00edticos Veracruz","og_description":"S\u00edguenos ahora tambi\u00e9n en WhatsApp.&nbsp;Da clic aqu\u00ed Oved Contreras Secas Mecas \u00abEn el barrio La Cachimaba se ha soltado la correderaaaa\u00bb&#8230;as\u00ed merito como dice la canci\u00f3n del Cuarto de Tula&#8230;aquella que se qued\u00f3 dormida sin apagar la vela&#8230;as\u00ed le pas\u00f3 a todos los morenacos&#8230;morenecos&#8230;y moreneques&#8230;pa inscribirse ayer en la lista de los que quieren ser [&hellip;]","og_url":"https:\/\/lospoliticosveracruz.com\/?p=135088","og_site_name":"Los pol\u00edticos Veracruz","article_publisher":"https:\/\/www.facebook.com\/people\/Notimemes-de-los-Polticos\/61565672886568\/","article_published_time":"2025-01-07T14:09:18+00:00","article_modified_time":"2025-01-07T14:09:47+00:00","og_image":[{"width":1250,"height":667,"url":"https:\/\/lospoliticosveracruz.com\/wp-content\/uploads\/2024\/03\/Oved-Contreras.jpg","type":"image\/jpeg"}],"author":"Lo viste en Los Pol\u00edticos","twitter_card":"summary_large_image","twitter_creator":"@LosPoliticosVer","twitter_site":"@LosPoliticosVer","twitter_misc":{"Escrito por":"Lo viste en Los Pol\u00edticos","Tiempo de lectura":"5 minutos"},"schema":{"@context":"https:\/\/schema.org","@graph":[{"@type":"Article","@id":"https:\/\/lospoliticosveracruz.com\/?p=135088#article","isPartOf":{"@id":"https:\/\/lospoliticosveracruz.com\/?p=135088"},"author":{"name":"Lo viste en Los Pol\u00edticos","@id":"https:\/\/lospoliticosveracruz.com\/#\/schema\/person\/b8702bb0e538456e6efd07080bf2a4a2"},"headline":"LA CORREDERA&#8230;","datePublished":"2025-01-07T14:09:18+00:00","dateModified":"2025-01-07T14:09:47+00:00","mainEntityOfPage":{"@id":"https:\/\/lospoliticosveracruz.com\/?p=135088"},"wordCount":1028,"publisher":{"@id":"https:\/\/lospoliticosveracruz.com\/#organization"},"image":{"@id":"https:\/\/lospoliticosveracruz.com\/?p=135088#primaryimage"},"thumbnailUrl":"https:\/\/lospoliticosveracruz.com\/wp-content\/uploads\/2024\/03\/Oved-Contreras.jpg","articleSection":["De Opini\u00f3n"],"inLanguage":"es"},{"@type":"WebPage","@id":"https:\/\/lospoliticosveracruz.com\/?p=135088","url":"https:\/\/lospoliticosveracruz.com\/?p=135088","name":"LA CORREDERA... - Los pol\u00edticos Veracruz","isPartOf":{"@id":"https:\/\/lospoliticosveracruz.com\/#website"},"primaryImageOfPage":{"@id":"https:\/\/lospoliticosveracruz.com\/?p=135088#primaryimage"},"image":{"@id":"https:\/\/lospoliticosveracruz.com\/?p=135088#primaryimage"},"thumbnailUrl":"https:\/\/lospoliticosveracruz.com\/wp-content\/uploads\/2024\/03\/Oved-Contreras.jpg","datePublished":"2025-01-07T14:09:18+00:00","dateModified":"2025-01-07T14:09:47+00:00","breadcrumb":{"@id":"https:\/\/lospoliticosveracruz.com\/?p=135088#breadcrumb"},"inLanguage":"es","potentialAction":[{"@type":"ReadAction","target":["https:\/\/lospoliticosveracruz.com\/?p=135088"]}]},{"@type":"ImageObject","inLanguage":"es","@id":"https:\/\/lospoliticosveracruz.com\/?p=135088#primaryimage","url":"https:\/\/lospoliticosveracruz.com\/wp-content\/uploads\/2024\/03\/Oved-Contreras.jpg","contentUrl":"https:\/\/lospoliticosveracruz.com\/wp-content\/uploads\/2024\/03\/Oved-Contreras.jpg","width":1250,"height":667},{"@type":"BreadcrumbList","@id":"https:\/\/lospoliticosveracruz.com\/?p=135088#breadcrumb","itemListElement":[{"@type":"ListItem","position":1,"name":"Portada","item":"https:\/\/lospoliticosveracruz.com\/"},{"@type":"ListItem","position":2,"name":"LA CORREDERA&#8230;"}]},{"@type":"WebSite","@id":"https:\/\/lospoliticosveracruz.com\/#website","url":"https:\/\/lospoliticosveracruz.com\/","name":"Los pol\u00edticos Veracruz","description":"","publisher":{"@id":"https:\/\/lospoliticosveracruz.com\/#organization"},"potentialAction":[{"@type":"SearchAction","target":{"@type":"EntryPoint","urlTemplate":"https:\/\/lospoliticosveracruz.com\/?s={search_term_string}"},"query-input":{"@type":"PropertyValueSpecification","valueRequired":true,"valueName":"search_term_string"}}],"inLanguage":"es"},{"@type":"Organization","@id":"https:\/\/lospoliticosveracruz.com\/#organization","name":"Los pol\u00edticos Veracruz","url":"https:\/\/lospoliticosveracruz.com\/","logo":{"@type":"ImageObject","inLanguage":"es","@id":"https:\/\/lospoliticosveracruz.com\/#\/schema\/logo\/image\/","url":"https:\/\/lospoliticosveracruz.com\/wp-content\/uploads\/2025\/12\/Logo-Nuevo-LOS-POLITICOS-1.jpg","contentUrl":"https:\/\/lospoliticosveracruz.com\/wp-content\/uploads\/2025\/12\/Logo-Nuevo-LOS-POLITICOS-1.jpg","width":260,"height":70,"caption":"Los pol\u00edticos Veracruz"},"image":{"@id":"https:\/\/lospoliticosveracruz.com\/#\/schema\/logo\/image\/"},"sameAs":["https:\/\/www.facebook.com\/people\/Notimemes-de-los-Polticos\/61565672886568\/","https:\/\/x.com\/LosPoliticosVer"]},{"@type":"Person","@id":"https:\/\/lospoliticosveracruz.com\/#\/schema\/person\/b8702bb0e538456e6efd07080bf2a4a2","name":"Lo viste en Los Pol\u00edticos","image":{"@type":"ImageObject","inLanguage":"es","@id":"https:\/\/secure.gravatar.com\/avatar\/3a8de04a2656d44082be478bd6c086daa447c4651605818287b9532d3d0bd435?s=96&d=mm&r=g","url":"https:\/\/secure.gravatar.com\/avatar\/3a8de04a2656d44082be478bd6c086daa447c4651605818287b9532d3d0bd435?s=96&d=mm&r=g","contentUrl":"https:\/\/secure.gravatar.com\/avatar\/3a8de04a2656d44082be478bd6c086daa447c4651605818287b9532d3d0bd435?s=96&d=mm&r=g","caption":"Lo viste en Los Pol\u00edticos"},"url":"https:\/\/lospoliticosveracruz.com\/?author=2"}]}},"_links":{"self":[{"href":"https:\/\/lospoliticosveracruz.com\/index.php?rest_route=\/wp\/v2\/posts\/135088","targetHints":{"allow":["GET"]}}],"collection":[{"href":"https:\/\/lospoliticosveracruz.com\/index.php?rest_route=\/wp\/v2\/posts"}],"about":[{"href":"https:\/\/lospoliticosveracruz.com\/index.php?rest_route=\/wp\/v2\/types\/post"}],"author":[{"embeddable":true,"href":"https:\/\/lospoliticosveracruz.com\/index.php?rest_route=\/wp\/v2\/users\/2"}],"replies":[{"embeddable":true,"href":"https:\/\/lospoliticosveracruz.com\/index.php?rest_route=%2Fwp%2Fv2%2Fcomments&post=135088"}],"version-history":[{"count":1,"href":"https:\/\/lospoliticosveracruz.com\/index.php?rest_route=\/wp\/v2\/posts\/135088\/revisions"}],"predecessor-version":[{"id":135089,"href":"https:\/\/lospoliticosveracruz.com\/index.php?rest_route=\/wp\/v2\/posts\/135088\/revisions\/135089"}],"wp:featuredmedia":[{"embeddable":true,"href":"https:\/\/lospoliticosveracruz.com\/index.php?rest_route=\/wp\/v2\/media\/119816"}],"wp:attachment":[{"href":"https:\/\/lospoliticosveracruz.com\/index.php?rest_route=%2Fwp%2Fv2%2Fmedia&parent=135088"}],"wp:term":[{"taxonomy":"category","embeddable":true,"href":"https:\/\/lospoliticosveracruz.com\/index.php?rest_route=%2Fwp%2Fv2%2Fcategories&post=135088"},{"taxonomy":"post_tag","embeddable":true,"href":"https:\/\/lospoliticosveracruz.com\/index.php?rest_route=%2Fwp%2Fv2%2Ftags&post=135088"}],"curies":[{"name":"wp","href":"https:\/\/api.w.org\/{rel}","templated":true}]}}