{"id":135096,"date":"2025-01-07T08:52:08","date_gmt":"2025-01-07T14:52:08","guid":{"rendered":"https:\/\/lospoliticosveracruz.com.mx\/?p=135096"},"modified":"2025-01-07T08:52:21","modified_gmt":"2025-01-07T14:52:21","slug":"tirso","status":"publish","type":"post","link":"https:\/\/lospoliticosveracruz.com\/?p=135096","title":{"rendered":"TIRSO"},"content":{"rendered":"\n<p>S\u00edguenos ahora tambi\u00e9n en WhatsApp.&nbsp;<a href=\"https:\/\/whatsapp.com\/channel\/0029Va8zRWlEKyZIP3Z1dF0e\"><strong><em>Da clic aqu\u00ed<\/em><\/strong><\/a><\/p>\n\n\n\n<p><strong>Sergio Gonz\u00e1lez Levet<\/strong><\/p>\n\n\n\n<p><em>Sin tacto<\/em><\/p>\n\n\n\n<p>En una decisi\u00f3n que honra a la LXVII Legislatura veracruzana, el maestro Tirso Bautista C\u00e1rdenas recibir\u00e1 el pr\u00f3ximo jueves la Medalla Adolfo Ruiz Cortines, que se otorga a veracruzanos que han destacado en actividades ciudadanas, p\u00fablicas o sociales, y que han conseguido mejorar de alguna manera las condiciones de vida de los pobladores del estado.<\/p>\n\n\n\n<p>&nbsp;&nbsp; &nbsp;&nbsp;En la ceremonia estar\u00e1 presente la Gobernadora Constitucional, Roc\u00edo Nahle Garc\u00eda, y autoridades de todos los niveles de la entidad. El pleno del Congreso local entregar\u00e1 la medalla al reconocido maestro rural, oriundo del municipio de Chicontepec, poeta en su idioma natal, el n\u00e1huatl y un destacado conservador de las lenguas originarias de Veracruz.<\/p>\n\n\n\n<p>&nbsp;&nbsp; &nbsp;&nbsp;La comisi\u00f3n de selecci\u00f3n y premiaci\u00f3n est\u00e1 formada por cuatro integrantes del grupo mayoritario: Bertha Ahued Malpica -Presidenta-, Ang\u00e9lica Pe\u00f1a Mart\u00ednez \u2013Secretaria-, Jos\u00e9 Reveriano Mar\u00edn Hern\u00e1ndez y Dulce Mar\u00eda Hern\u00e1ndez Tepole, as\u00ed como Indira de Jes\u00fas Rosales San Rom\u00e1n del PAN, Ana Rosa Vald\u00e9s Salazar del PRI y Elena C\u00f3rdoba Molina de MC.<\/p>\n\n\n\n<p>&nbsp;&nbsp; &nbsp;&nbsp;Tirso Bautista defiende las lenguas desde adentro y en las regiones en las que sobreviven los idiomas propios de esta tierra, colgados de la brocha de una tendencia que parece moda en favor de la defensa de nuestra riqueza cultural y de nuestro riqu\u00edsimo pasado ind\u00edgena.<\/p>\n\n\n\n<p>&nbsp;&nbsp; &nbsp;&nbsp;Tirso es indio huasteco a toda honra, y por eso sabe decir los nombres originales de las cosas y las personas, y conoce sobre todo los sentimientos que puede traducir en bellas palabras, porque para eso se hizo poeta.<\/p>\n\n\n\n<p>&nbsp;&nbsp; &nbsp;&nbsp;Este invencible profesor de la UPN ha tra\u00eddo por a\u00f1os sobre los hombros, como un tocado y no como una carga, la larga tradici\u00f3n de los tlacuilos, de los tlamitini \u2013los que saben cosas- y m\u00e1s a\u00fan de los tlamatimine \u2013poetas y fil\u00f3sofos en uno-, y desde ese alto sitial de la creaci\u00f3n no ha desmayado en luchar por la lengua y los conocimientos antiguos, primero, pero siempre contra la injusticia y la violencia que se han cernido sobre los pueblos originarios desde que llegaron los invasores mexicas por un lado y espa\u00f1oles por el otro.<\/p>\n\n\n\n<p>&nbsp;&nbsp; &nbsp;&nbsp;Nuestro h\u00e9roe merecedor de la Medalla Ruiz Cortines representa una lucha de seis siglos en contra de la amenaza for\u00e1nea que ha explotado riquezas, honras y vidas en su terru\u00f1o.<\/p>\n\n\n\n<p>&nbsp;&nbsp; &nbsp;&nbsp;Al recibir a medalla como un desfatigado indio veracruzano, Tirso Bautista C\u00e1rdenas se transforma en el receptor del orgullo de las razas jarochas seculares; al aceptarla como un digno maestro y luchador social, el profesor Tirso representa a todos los hombres de buena fe que siguen luchando por la justicia, por la paz y la prosperidad esperada por los pueblos desde hace cientos de a\u00f1os.<\/p>\n\n\n\n<p>&nbsp;&nbsp; &nbsp;&nbsp;Qu\u00e9 orgullo que alguien con tantos valores humanos y raciales como Tirso reciba esta condecoraci\u00f3n que honra a quienes han honrado nuestra tradici\u00f3n.<\/p>\n\n\n\n<p>&nbsp;&nbsp; &nbsp;&nbsp;Muchas felicidades, profesor Tirso y qu\u00e9 bien otorgada esa medalla esta vez\u2026 como otras.<\/p>\n\n\n\n<p>sglevet@gmail.com<\/p>\n","protected":false},"excerpt":{"rendered":"<p>S\u00edguenos ahora tambi\u00e9n en WhatsApp.&nbsp;Da clic aqu\u00ed Sergio Gonz\u00e1lez Levet Sin tacto En una decisi\u00f3n que honra a la LXVII Legislatura veracruzana, el maestro Tirso Bautista C\u00e1rdenas recibir\u00e1 el pr\u00f3ximo jueves la Medalla Adolfo Ruiz Cortines, que se otorga a veracruzanos que han destacado en actividades ciudadanas, p\u00fablicas o sociales, y que han conseguido mejorar [&hellip;]<\/p>\n","protected":false},"author":2,"featured_media":119911,"comment_status":"closed","ping_status":"closed","sticky":false,"template":"","format":"standard","meta":{"tdm_status":"","tdm_grid_status":"","footnotes":""},"categories":[70],"tags":[1282],"class_list":{"0":"post-135096","1":"post","2":"type-post","3":"status-publish","4":"format-standard","5":"has-post-thumbnail","7":"category-de-opinion","8":"tag-sergio-gonzalez-levet"},"yoast_head":"<!-- This site is optimized with the Yoast SEO plugin v27.4 - https:\/\/yoast.com\/product\/yoast-seo-wordpress\/ -->\n<title>TIRSO - Los pol\u00edticos Veracruz<\/title>\n<meta name=\"robots\" content=\"index, follow, max-snippet:-1, max-image-preview:large, max-video-preview:-1\" \/>\n<link rel=\"canonical\" href=\"https:\/\/lospoliticosveracruz.com\/?p=135096\" \/>\n<meta property=\"og:locale\" content=\"es_ES\" \/>\n<meta property=\"og:type\" content=\"article\" \/>\n<meta property=\"og:title\" content=\"TIRSO - Los pol\u00edticos Veracruz\" \/>\n<meta property=\"og:description\" content=\"S\u00edguenos ahora tambi\u00e9n en WhatsApp.&nbsp;Da clic aqu\u00ed Sergio Gonz\u00e1lez Levet Sin tacto En una decisi\u00f3n que honra a la LXVII Legislatura veracruzana, el maestro Tirso Bautista C\u00e1rdenas recibir\u00e1 el pr\u00f3ximo jueves la Medalla Adolfo Ruiz Cortines, que se otorga a veracruzanos que han destacado en actividades ciudadanas, p\u00fablicas o sociales, y que han conseguido mejorar [&hellip;]\" \/>\n<meta property=\"og:url\" content=\"https:\/\/lospoliticosveracruz.com\/?p=135096\" \/>\n<meta property=\"og:site_name\" content=\"Los pol\u00edticos Veracruz\" \/>\n<meta property=\"article:publisher\" content=\"https:\/\/www.facebook.com\/people\/Notimemes-de-los-Polticos\/61565672886568\/\" \/>\n<meta property=\"article:published_time\" content=\"2025-01-07T14:52:08+00:00\" \/>\n<meta property=\"article:modified_time\" content=\"2025-01-07T14:52:21+00:00\" \/>\n<meta property=\"og:image\" content=\"https:\/\/lospoliticosveracruz.com\/wp-content\/uploads\/2024\/03\/Levet.jpg\" \/>\n\t<meta property=\"og:image:width\" content=\"1250\" \/>\n\t<meta property=\"og:image:height\" content=\"667\" \/>\n\t<meta property=\"og:image:type\" content=\"image\/jpeg\" \/>\n<meta name=\"author\" content=\"Lo viste en Los Pol\u00edticos\" \/>\n<meta name=\"twitter:card\" content=\"summary_large_image\" \/>\n<meta name=\"twitter:creator\" content=\"@LosPoliticosVer\" \/>\n<meta name=\"twitter:site\" content=\"@LosPoliticosVer\" \/>\n<meta name=\"twitter:label1\" content=\"Escrito por\" \/>\n\t<meta name=\"twitter:data1\" content=\"Lo viste en Los Pol\u00edticos\" \/>\n\t<meta name=\"twitter:label2\" content=\"Tiempo de lectura\" \/>\n\t<meta name=\"twitter:data2\" content=\"3 minutos\" \/>\n<script type=\"application\/ld+json\" class=\"yoast-schema-graph\">{\"@context\":\"https:\\\/\\\/schema.org\",\"@graph\":[{\"@type\":\"Article\",\"@id\":\"https:\\\/\\\/lospoliticosveracruz.com\\\/?p=135096#article\",\"isPartOf\":{\"@id\":\"https:\\\/\\\/lospoliticosveracruz.com\\\/?p=135096\"},\"author\":{\"name\":\"Lo viste en Los Pol\u00edticos\",\"@id\":\"https:\\\/\\\/lospoliticosveracruz.com\\\/#\\\/schema\\\/person\\\/b8702bb0e538456e6efd07080bf2a4a2\"},\"headline\":\"TIRSO\",\"datePublished\":\"2025-01-07T14:52:08+00:00\",\"dateModified\":\"2025-01-07T14:52:21+00:00\",\"mainEntityOfPage\":{\"@id\":\"https:\\\/\\\/lospoliticosveracruz.com\\\/?p=135096\"},\"wordCount\":570,\"publisher\":{\"@id\":\"https:\\\/\\\/lospoliticosveracruz.com\\\/#organization\"},\"image\":{\"@id\":\"https:\\\/\\\/lospoliticosveracruz.com\\\/?p=135096#primaryimage\"},\"thumbnailUrl\":\"https:\\\/\\\/lospoliticosveracruz.com\\\/wp-content\\\/uploads\\\/2024\\\/03\\\/Levet.jpg\",\"keywords\":[\"Sergio Gonz\u00e1lez Levet\"],\"articleSection\":[\"De Opini\u00f3n\"],\"inLanguage\":\"es\"},{\"@type\":\"WebPage\",\"@id\":\"https:\\\/\\\/lospoliticosveracruz.com\\\/?p=135096\",\"url\":\"https:\\\/\\\/lospoliticosveracruz.com\\\/?p=135096\",\"name\":\"TIRSO - Los pol\u00edticos Veracruz\",\"isPartOf\":{\"@id\":\"https:\\\/\\\/lospoliticosveracruz.com\\\/#website\"},\"primaryImageOfPage\":{\"@id\":\"https:\\\/\\\/lospoliticosveracruz.com\\\/?p=135096#primaryimage\"},\"image\":{\"@id\":\"https:\\\/\\\/lospoliticosveracruz.com\\\/?p=135096#primaryimage\"},\"thumbnailUrl\":\"https:\\\/\\\/lospoliticosveracruz.com\\\/wp-content\\\/uploads\\\/2024\\\/03\\\/Levet.jpg\",\"datePublished\":\"2025-01-07T14:52:08+00:00\",\"dateModified\":\"2025-01-07T14:52:21+00:00\",\"breadcrumb\":{\"@id\":\"https:\\\/\\\/lospoliticosveracruz.com\\\/?p=135096#breadcrumb\"},\"inLanguage\":\"es\",\"potentialAction\":[{\"@type\":\"ReadAction\",\"target\":[\"https:\\\/\\\/lospoliticosveracruz.com\\\/?p=135096\"]}]},{\"@type\":\"ImageObject\",\"inLanguage\":\"es\",\"@id\":\"https:\\\/\\\/lospoliticosveracruz.com\\\/?p=135096#primaryimage\",\"url\":\"https:\\\/\\\/lospoliticosveracruz.com\\\/wp-content\\\/uploads\\\/2024\\\/03\\\/Levet.jpg\",\"contentUrl\":\"https:\\\/\\\/lospoliticosveracruz.com\\\/wp-content\\\/uploads\\\/2024\\\/03\\\/Levet.jpg\",\"width\":1250,\"height\":667},{\"@type\":\"BreadcrumbList\",\"@id\":\"https:\\\/\\\/lospoliticosveracruz.com\\\/?p=135096#breadcrumb\",\"itemListElement\":[{\"@type\":\"ListItem\",\"position\":1,\"name\":\"Portada\",\"item\":\"https:\\\/\\\/lospoliticosveracruz.com\\\/\"},{\"@type\":\"ListItem\",\"position\":2,\"name\":\"TIRSO\"}]},{\"@type\":\"WebSite\",\"@id\":\"https:\\\/\\\/lospoliticosveracruz.com\\\/#website\",\"url\":\"https:\\\/\\\/lospoliticosveracruz.com\\\/\",\"name\":\"Los pol\u00edticos Veracruz\",\"description\":\"\",\"publisher\":{\"@id\":\"https:\\\/\\\/lospoliticosveracruz.com\\\/#organization\"},\"potentialAction\":[{\"@type\":\"SearchAction\",\"target\":{\"@type\":\"EntryPoint\",\"urlTemplate\":\"https:\\\/\\\/lospoliticosveracruz.com\\\/?s={search_term_string}\"},\"query-input\":{\"@type\":\"PropertyValueSpecification\",\"valueRequired\":true,\"valueName\":\"search_term_string\"}}],\"inLanguage\":\"es\"},{\"@type\":\"Organization\",\"@id\":\"https:\\\/\\\/lospoliticosveracruz.com\\\/#organization\",\"name\":\"Los pol\u00edticos Veracruz\",\"url\":\"https:\\\/\\\/lospoliticosveracruz.com\\\/\",\"logo\":{\"@type\":\"ImageObject\",\"inLanguage\":\"es\",\"@id\":\"https:\\\/\\\/lospoliticosveracruz.com\\\/#\\\/schema\\\/logo\\\/image\\\/\",\"url\":\"https:\\\/\\\/lospoliticosveracruz.com\\\/wp-content\\\/uploads\\\/2025\\\/12\\\/Logo-Nuevo-LOS-POLITICOS-1.jpg\",\"contentUrl\":\"https:\\\/\\\/lospoliticosveracruz.com\\\/wp-content\\\/uploads\\\/2025\\\/12\\\/Logo-Nuevo-LOS-POLITICOS-1.jpg\",\"width\":260,\"height\":70,\"caption\":\"Los pol\u00edticos Veracruz\"},\"image\":{\"@id\":\"https:\\\/\\\/lospoliticosveracruz.com\\\/#\\\/schema\\\/logo\\\/image\\\/\"},\"sameAs\":[\"https:\\\/\\\/www.facebook.com\\\/people\\\/Notimemes-de-los-Polticos\\\/61565672886568\\\/\",\"https:\\\/\\\/x.com\\\/LosPoliticosVer\"]},{\"@type\":\"Person\",\"@id\":\"https:\\\/\\\/lospoliticosveracruz.com\\\/#\\\/schema\\\/person\\\/b8702bb0e538456e6efd07080bf2a4a2\",\"name\":\"Lo viste en Los Pol\u00edticos\",\"image\":{\"@type\":\"ImageObject\",\"inLanguage\":\"es\",\"@id\":\"https:\\\/\\\/secure.gravatar.com\\\/avatar\\\/3a8de04a2656d44082be478bd6c086daa447c4651605818287b9532d3d0bd435?s=96&d=mm&r=g\",\"url\":\"https:\\\/\\\/secure.gravatar.com\\\/avatar\\\/3a8de04a2656d44082be478bd6c086daa447c4651605818287b9532d3d0bd435?s=96&d=mm&r=g\",\"contentUrl\":\"https:\\\/\\\/secure.gravatar.com\\\/avatar\\\/3a8de04a2656d44082be478bd6c086daa447c4651605818287b9532d3d0bd435?s=96&d=mm&r=g\",\"caption\":\"Lo viste en Los Pol\u00edticos\"},\"url\":\"https:\\\/\\\/lospoliticosveracruz.com\\\/?author=2\"}]}<\/script>\n<!-- \/ Yoast SEO plugin. -->","yoast_head_json":{"title":"TIRSO - Los pol\u00edticos Veracruz","robots":{"index":"index","follow":"follow","max-snippet":"max-snippet:-1","max-image-preview":"max-image-preview:large","max-video-preview":"max-video-preview:-1"},"canonical":"https:\/\/lospoliticosveracruz.com\/?p=135096","og_locale":"es_ES","og_type":"article","og_title":"TIRSO - Los pol\u00edticos Veracruz","og_description":"S\u00edguenos ahora tambi\u00e9n en WhatsApp.&nbsp;Da clic aqu\u00ed Sergio Gonz\u00e1lez Levet Sin tacto En una decisi\u00f3n que honra a la LXVII Legislatura veracruzana, el maestro Tirso Bautista C\u00e1rdenas recibir\u00e1 el pr\u00f3ximo jueves la Medalla Adolfo Ruiz Cortines, que se otorga a veracruzanos que han destacado en actividades ciudadanas, p\u00fablicas o sociales, y que han conseguido mejorar [&hellip;]","og_url":"https:\/\/lospoliticosveracruz.com\/?p=135096","og_site_name":"Los pol\u00edticos Veracruz","article_publisher":"https:\/\/www.facebook.com\/people\/Notimemes-de-los-Polticos\/61565672886568\/","article_published_time":"2025-01-07T14:52:08+00:00","article_modified_time":"2025-01-07T14:52:21+00:00","og_image":[{"width":1250,"height":667,"url":"https:\/\/lospoliticosveracruz.com\/wp-content\/uploads\/2024\/03\/Levet.jpg","type":"image\/jpeg"}],"author":"Lo viste en Los Pol\u00edticos","twitter_card":"summary_large_image","twitter_creator":"@LosPoliticosVer","twitter_site":"@LosPoliticosVer","twitter_misc":{"Escrito por":"Lo viste en Los Pol\u00edticos","Tiempo de lectura":"3 minutos"},"schema":{"@context":"https:\/\/schema.org","@graph":[{"@type":"Article","@id":"https:\/\/lospoliticosveracruz.com\/?p=135096#article","isPartOf":{"@id":"https:\/\/lospoliticosveracruz.com\/?p=135096"},"author":{"name":"Lo viste en Los Pol\u00edticos","@id":"https:\/\/lospoliticosveracruz.com\/#\/schema\/person\/b8702bb0e538456e6efd07080bf2a4a2"},"headline":"TIRSO","datePublished":"2025-01-07T14:52:08+00:00","dateModified":"2025-01-07T14:52:21+00:00","mainEntityOfPage":{"@id":"https:\/\/lospoliticosveracruz.com\/?p=135096"},"wordCount":570,"publisher":{"@id":"https:\/\/lospoliticosveracruz.com\/#organization"},"image":{"@id":"https:\/\/lospoliticosveracruz.com\/?p=135096#primaryimage"},"thumbnailUrl":"https:\/\/lospoliticosveracruz.com\/wp-content\/uploads\/2024\/03\/Levet.jpg","keywords":["Sergio Gonz\u00e1lez Levet"],"articleSection":["De Opini\u00f3n"],"inLanguage":"es"},{"@type":"WebPage","@id":"https:\/\/lospoliticosveracruz.com\/?p=135096","url":"https:\/\/lospoliticosveracruz.com\/?p=135096","name":"TIRSO - Los pol\u00edticos Veracruz","isPartOf":{"@id":"https:\/\/lospoliticosveracruz.com\/#website"},"primaryImageOfPage":{"@id":"https:\/\/lospoliticosveracruz.com\/?p=135096#primaryimage"},"image":{"@id":"https:\/\/lospoliticosveracruz.com\/?p=135096#primaryimage"},"thumbnailUrl":"https:\/\/lospoliticosveracruz.com\/wp-content\/uploads\/2024\/03\/Levet.jpg","datePublished":"2025-01-07T14:52:08+00:00","dateModified":"2025-01-07T14:52:21+00:00","breadcrumb":{"@id":"https:\/\/lospoliticosveracruz.com\/?p=135096#breadcrumb"},"inLanguage":"es","potentialAction":[{"@type":"ReadAction","target":["https:\/\/lospoliticosveracruz.com\/?p=135096"]}]},{"@type":"ImageObject","inLanguage":"es","@id":"https:\/\/lospoliticosveracruz.com\/?p=135096#primaryimage","url":"https:\/\/lospoliticosveracruz.com\/wp-content\/uploads\/2024\/03\/Levet.jpg","contentUrl":"https:\/\/lospoliticosveracruz.com\/wp-content\/uploads\/2024\/03\/Levet.jpg","width":1250,"height":667},{"@type":"BreadcrumbList","@id":"https:\/\/lospoliticosveracruz.com\/?p=135096#breadcrumb","itemListElement":[{"@type":"ListItem","position":1,"name":"Portada","item":"https:\/\/lospoliticosveracruz.com\/"},{"@type":"ListItem","position":2,"name":"TIRSO"}]},{"@type":"WebSite","@id":"https:\/\/lospoliticosveracruz.com\/#website","url":"https:\/\/lospoliticosveracruz.com\/","name":"Los pol\u00edticos Veracruz","description":"","publisher":{"@id":"https:\/\/lospoliticosveracruz.com\/#organization"},"potentialAction":[{"@type":"SearchAction","target":{"@type":"EntryPoint","urlTemplate":"https:\/\/lospoliticosveracruz.com\/?s={search_term_string}"},"query-input":{"@type":"PropertyValueSpecification","valueRequired":true,"valueName":"search_term_string"}}],"inLanguage":"es"},{"@type":"Organization","@id":"https:\/\/lospoliticosveracruz.com\/#organization","name":"Los pol\u00edticos Veracruz","url":"https:\/\/lospoliticosveracruz.com\/","logo":{"@type":"ImageObject","inLanguage":"es","@id":"https:\/\/lospoliticosveracruz.com\/#\/schema\/logo\/image\/","url":"https:\/\/lospoliticosveracruz.com\/wp-content\/uploads\/2025\/12\/Logo-Nuevo-LOS-POLITICOS-1.jpg","contentUrl":"https:\/\/lospoliticosveracruz.com\/wp-content\/uploads\/2025\/12\/Logo-Nuevo-LOS-POLITICOS-1.jpg","width":260,"height":70,"caption":"Los pol\u00edticos Veracruz"},"image":{"@id":"https:\/\/lospoliticosveracruz.com\/#\/schema\/logo\/image\/"},"sameAs":["https:\/\/www.facebook.com\/people\/Notimemes-de-los-Polticos\/61565672886568\/","https:\/\/x.com\/LosPoliticosVer"]},{"@type":"Person","@id":"https:\/\/lospoliticosveracruz.com\/#\/schema\/person\/b8702bb0e538456e6efd07080bf2a4a2","name":"Lo viste en Los Pol\u00edticos","image":{"@type":"ImageObject","inLanguage":"es","@id":"https:\/\/secure.gravatar.com\/avatar\/3a8de04a2656d44082be478bd6c086daa447c4651605818287b9532d3d0bd435?s=96&d=mm&r=g","url":"https:\/\/secure.gravatar.com\/avatar\/3a8de04a2656d44082be478bd6c086daa447c4651605818287b9532d3d0bd435?s=96&d=mm&r=g","contentUrl":"https:\/\/secure.gravatar.com\/avatar\/3a8de04a2656d44082be478bd6c086daa447c4651605818287b9532d3d0bd435?s=96&d=mm&r=g","caption":"Lo viste en Los Pol\u00edticos"},"url":"https:\/\/lospoliticosveracruz.com\/?author=2"}]}},"_links":{"self":[{"href":"https:\/\/lospoliticosveracruz.com\/index.php?rest_route=\/wp\/v2\/posts\/135096","targetHints":{"allow":["GET"]}}],"collection":[{"href":"https:\/\/lospoliticosveracruz.com\/index.php?rest_route=\/wp\/v2\/posts"}],"about":[{"href":"https:\/\/lospoliticosveracruz.com\/index.php?rest_route=\/wp\/v2\/types\/post"}],"author":[{"embeddable":true,"href":"https:\/\/lospoliticosveracruz.com\/index.php?rest_route=\/wp\/v2\/users\/2"}],"replies":[{"embeddable":true,"href":"https:\/\/lospoliticosveracruz.com\/index.php?rest_route=%2Fwp%2Fv2%2Fcomments&post=135096"}],"version-history":[{"count":2,"href":"https:\/\/lospoliticosveracruz.com\/index.php?rest_route=\/wp\/v2\/posts\/135096\/revisions"}],"predecessor-version":[{"id":135098,"href":"https:\/\/lospoliticosveracruz.com\/index.php?rest_route=\/wp\/v2\/posts\/135096\/revisions\/135098"}],"wp:featuredmedia":[{"embeddable":true,"href":"https:\/\/lospoliticosveracruz.com\/index.php?rest_route=\/wp\/v2\/media\/119911"}],"wp:attachment":[{"href":"https:\/\/lospoliticosveracruz.com\/index.php?rest_route=%2Fwp%2Fv2%2Fmedia&parent=135096"}],"wp:term":[{"taxonomy":"category","embeddable":true,"href":"https:\/\/lospoliticosveracruz.com\/index.php?rest_route=%2Fwp%2Fv2%2Fcategories&post=135096"},{"taxonomy":"post_tag","embeddable":true,"href":"https:\/\/lospoliticosveracruz.com\/index.php?rest_route=%2Fwp%2Fv2%2Ftags&post=135096"}],"curies":[{"name":"wp","href":"https:\/\/api.w.org\/{rel}","templated":true}]}}