{"id":135160,"date":"2025-01-08T07:17:47","date_gmt":"2025-01-08T13:17:47","guid":{"rendered":"https:\/\/lospoliticosveracruz.com.mx\/?p=135160"},"modified":"2025-01-08T07:18:58","modified_gmt":"2025-01-08T13:18:58","slug":"rosa-maria-es-la-respuesta","status":"publish","type":"post","link":"https:\/\/lospoliticosveracruz.com\/?p=135160","title":{"rendered":"ROSA MAR\u00cdA ES LA RESPUESTA!"},"content":{"rendered":"\n<p>[S\u00edguenos ahora tambi\u00e9n en WhatsApp.\u00a0<a href=\"https:\/\/whatsapp.com\/channel\/0029Va8zRWlEKyZIP3Z1dF0e\"><strong><em>Da clic aqu\u00ed<\/em><\/strong><\/a>]<\/p>\n\n\n\n<p><strong>Miguel Valera&nbsp;<\/strong><\/p>\n\n\n\n<p><em>Contrase\u00f1as<\/em><\/p>\n\n\n\n<p>\u201cEs el momento de MORENA, es el momento del pueblo y las posibilidades son todas\u2026 todas, todas, todas\u201d, refrenda enf\u00e1tica&nbsp;<strong>Rosa Mar\u00eda Hern\u00e1ndez Espejo<\/strong>, la legisladora federal que ya le ha ganado al PAN en el corredor Veracruz-Boca del R\u00edo y que ahora se ha inscrito en el proceso interno de su partido para llevar la bandera guinda en la jornada comicial municipal.<\/p>\n\n\n\n<p>La acad\u00e9mica universitaria, que ejerci\u00f3 durante muchos&nbsp;a\u00f1os el periodismo, en charla con este reportero; con el director de la revista An\u00e1lisis Pol\u00edtico,&nbsp;<strong>Melit\u00f3n Morales Dom\u00ednguez<\/strong>&nbsp;y con el conductor radiof\u00f3nico&nbsp;<strong>Luis Emmanuel Dom\u00ednguez<\/strong>, se\u00f1ala contundente: \u201cLa gente est\u00e1 harta de los mismos apellidos, de las mismas familias que han gobernado&nbsp;el puerto de&nbsp;Veracruz por m\u00e1s de 20 a\u00f1os y que han denostado por completo esta ciudad.&nbsp;Es el gran momento para impulsar el aterrizaje de la 4T en el puerto de Veracruz\u201d.<\/p>\n\n\n\n<p><strong>Rosa Mar\u00eda Hern\u00e1ndez Espejo<\/strong>&nbsp;conoce como la palma de su mano la zona conurbada Veracruz-Boca del R\u00edo. Camin\u00f3 el puerto de Veracruz siendo reportera. Luego, se enganch\u00f3 al proyecto de&nbsp;<strong>Andr\u00e9s Manuel L\u00f3pez Obrador<\/strong>&nbsp;desde la izquierda que abander\u00f3 en el PRD. En&nbsp;1997 particip\u00f3&nbsp;en la campa\u00f1a a la diputaci\u00f3n federal, cuya candidata fue la tambi\u00e9n periodista Socorro&nbsp;Aubri. Ah\u00ed obtuvieron el primer triunfo de la izquierda en el puerto jarocho.&nbsp;<\/p>\n\n\n\n<p>En 1998 fue elegida como regidora&nbsp;del Ayuntamiento de Veracruz y represent\u00f3 al movimiento de izquierda en este municipio con las comisiones de Educaci\u00f3n, Cultura, Actos C\u00edvicos y Bomberos. En 2004 organiz\u00f3 la primera presentaci\u00f3n del libro&nbsp;\u201cProyecto de Naci\u00f3n\u201d,&nbsp;de&nbsp;<strong>Andr\u00e9s Manuel L\u00f3pez Obrador<\/strong>, una obra clava que sent\u00f3 las bases del Movimiento de Regeneraci\u00f3n Nacional.<\/p>\n\n\n\n<p>Ahora, nos dice a los comunicadores sentados en un restaurante de la zona, se inscribi\u00f3 para buscar abanderar a su movimiento en las elecciones municipales.&nbsp;\u201cTengo que esperar a que&nbsp;la Comisi\u00f3n de Elecciones del Movimiento nos diga que s\u00ed pasamos los requisitos, que todo est\u00e1 bien y que s\u00ed somos ya aspirantes a la candidatura y luego de eso, esperar que el Comit\u00e9 Ejecutivo decida si se va por consenso o por encuesta\u201d.&nbsp;<\/p>\n\n\n\n<p><strong>\u2014\u00bfCu\u00e1ntos votos obtuvo en la pasada elecci\u00f3n?<\/strong><\/p>\n\n\n\n<p>\u201cEn la \u00faltima votaci\u00f3n de este 2023 logramos casi 100 mil votos. Somos de los diputados m\u00e1s votados en el estado. En la anterior elecci\u00f3n ya hab\u00edamos ganado otro distrito. En la&nbsp;redistritaci\u00f3n&nbsp;del INE pasamos del distrito 4 al distrito 12 que ten\u00eda el PAN. Se lo arrebatamos al PAN. Venimos de ganarle al PAN\u201d, refrenda.<\/p>\n\n\n\n<p>La Doctora en Ciencias Jur\u00eddicas, Administrativas y de la Educaci\u00f3n, con una licenciatura en Ciencias y T\u00e9cnicas de la Comunicaci\u00f3n y otra en Derecho, refrenda que ha caminado&nbsp;la ciudad de&nbsp;Veracruz&nbsp;desde los 80 que empez\u00f3&nbsp;como reportera.&nbsp;<\/p>\n\n\n\n<p>\u201cComo reportera&nbsp;he caminado la ciudad&nbsp;escuchando los problemas, d\u00e1ndole voz a la gente que no ten\u00eda voz, en los espacios noticiosos y siempre simpatizando con la izquierda. Hemos caminado con la gente, platicando con la gente, he recorrido todas las calles, callejuelas, colonias. Eso nos da mucha legitimidad para poder aspirar\u201d.&nbsp;<\/p>\n\n\n\n<p>\u201cNosotros somos de izquierda, reitera una y otra vez.Hemos caminado con&nbsp;<strong>Andr\u00e9s Manuel L\u00f3pez Obrador<\/strong>. Fui regidora cuando&nbsp;L\u00f3pez Obrador&nbsp;fue presidente de nuestro partido, en aquel entonces PRD. Fui regidora del Ayuntamiento de Veracruz. Conozco el \u00e1mbito municipal en aquello que se tiene que hacer\u201d, asienta.<\/p>\n\n\n\n<p>Y as\u00ed, tomando aire, para darle fuerza a sus palabras, a\u00f1ade: \u201cEs tiempo de mujeres, pero de mujeres transformadoras\u201d.&nbsp;Su frase tiene sentido, significado. Sabe que hay otras mujeres que llegaron apenas, que vienen del viejo r\u00e9gimen y que se han disfrazado para enquistarse en el movimiento.&nbsp;<strong>Rosa Mar\u00eda<\/strong>&nbsp;defiende su origen, su trayectoria, su legitimidad.&nbsp;<\/p>\n\n\n\n<p>A\u00f1ade: \u201cVeracruz requiere un cambio urgente. Ha sido gobernado por familias que se han enriquecido&nbsp;pero que no han aportado nada a Veracruz. Lo han saqueado. Veracruz tiene 3 mil millones de pesos redondeando, de presupuesto. Es el municipio con m\u00e1s presupuesto de todo el estado y&nbsp;\u00bfd\u00f3nde est\u00e1 ese presupuesto?, no se ve&nbsp;por ning\u00fan lado. Las necesidades de Veracruz son inmensas, las calles, las banquetas, el alumbrado, el problema tan grande del agua. Todos los servicios p\u00fablicos, la limpia p\u00fablicatarda&nbsp;hasta cuatro d\u00edas\u201d, refiere.<\/p>\n\n\n\n<p>A estas alturas,&nbsp;<strong>Rosa Mar\u00eda Hern\u00e1ndez Espejo&nbsp;<\/strong>cuenta ya con el diagn\u00f3stico completo y el proyecto para rescatar el puerto de Veracruz e impulsarlo con un mejor futuro. Por eso le dice al reportero, para replicarlo entre la sociedad de la zona porte\u00f1a: \u201cSi les llaman y les preguntan en la encuesta,&nbsp;<strong>Rosa Mar\u00eda<\/strong>es la respuesta\u201d.<\/p>\n\n\n\n<p><strong>@MValeraH<\/strong><\/p>\n","protected":false},"excerpt":{"rendered":"<p>[S\u00edguenos ahora tambi\u00e9n en WhatsApp.\u00a0Da clic aqu\u00ed] Miguel Valera&nbsp; Contrase\u00f1as \u201cEs el momento de MORENA, es el momento del pueblo y las posibilidades son todas\u2026 todas, todas, todas\u201d, refrenda enf\u00e1tica&nbsp;Rosa Mar\u00eda Hern\u00e1ndez Espejo, la legisladora federal que ya le ha ganado al PAN en el corredor Veracruz-Boca del R\u00edo y que ahora se ha inscrito [&hellip;]<\/p>\n","protected":false},"author":2,"featured_media":119815,"comment_status":"closed","ping_status":"closed","sticky":false,"template":"","format":"standard","meta":{"tdm_status":"","tdm_grid_status":"","footnotes":""},"categories":[70],"tags":[4500],"class_list":{"0":"post-135160","1":"post","2":"type-post","3":"status-publish","4":"format-standard","5":"has-post-thumbnail","7":"category-de-opinion","8":"tag-encuesta"},"yoast_head":"<!-- This site is optimized with the Yoast SEO plugin v27.4 - https:\/\/yoast.com\/product\/yoast-seo-wordpress\/ -->\n<title>ROSA MAR\u00cdA ES LA RESPUESTA! - Los pol\u00edticos Veracruz<\/title>\n<meta name=\"robots\" content=\"index, follow, max-snippet:-1, max-image-preview:large, max-video-preview:-1\" \/>\n<link rel=\"canonical\" href=\"https:\/\/lospoliticosveracruz.com\/?p=135160\" \/>\n<meta property=\"og:locale\" content=\"es_ES\" \/>\n<meta property=\"og:type\" content=\"article\" \/>\n<meta property=\"og:title\" content=\"ROSA MAR\u00cdA ES LA RESPUESTA! - Los pol\u00edticos Veracruz\" \/>\n<meta property=\"og:description\" content=\"[S\u00edguenos ahora tambi\u00e9n en WhatsApp.\u00a0Da clic aqu\u00ed] Miguel Valera&nbsp; Contrase\u00f1as \u201cEs el momento de MORENA, es el momento del pueblo y las posibilidades son todas\u2026 todas, todas, todas\u201d, refrenda enf\u00e1tica&nbsp;Rosa Mar\u00eda Hern\u00e1ndez Espejo, la legisladora federal que ya le ha ganado al PAN en el corredor Veracruz-Boca del R\u00edo y que ahora se ha inscrito [&hellip;]\" \/>\n<meta property=\"og:url\" content=\"https:\/\/lospoliticosveracruz.com\/?p=135160\" \/>\n<meta property=\"og:site_name\" content=\"Los pol\u00edticos Veracruz\" \/>\n<meta property=\"article:publisher\" content=\"https:\/\/www.facebook.com\/people\/Notimemes-de-los-Polticos\/61565672886568\/\" \/>\n<meta property=\"article:published_time\" content=\"2025-01-08T13:17:47+00:00\" \/>\n<meta property=\"article:modified_time\" content=\"2025-01-08T13:18:58+00:00\" \/>\n<meta property=\"og:image\" content=\"https:\/\/lospoliticosveracruz.com\/wp-content\/uploads\/2024\/03\/Miguel-Valera.jpg\" \/>\n\t<meta property=\"og:image:width\" content=\"1250\" \/>\n\t<meta property=\"og:image:height\" content=\"667\" \/>\n\t<meta property=\"og:image:type\" content=\"image\/jpeg\" \/>\n<meta name=\"author\" content=\"Lo viste en Los Pol\u00edticos\" \/>\n<meta name=\"twitter:card\" content=\"summary_large_image\" \/>\n<meta name=\"twitter:creator\" content=\"@LosPoliticosVer\" \/>\n<meta name=\"twitter:site\" content=\"@LosPoliticosVer\" \/>\n<meta name=\"twitter:label1\" content=\"Escrito por\" \/>\n\t<meta name=\"twitter:data1\" content=\"Lo viste en Los Pol\u00edticos\" \/>\n\t<meta name=\"twitter:label2\" content=\"Tiempo de lectura\" \/>\n\t<meta name=\"twitter:data2\" content=\"4 minutos\" \/>\n<script type=\"application\/ld+json\" class=\"yoast-schema-graph\">{\"@context\":\"https:\\\/\\\/schema.org\",\"@graph\":[{\"@type\":\"Article\",\"@id\":\"https:\\\/\\\/lospoliticosveracruz.com\\\/?p=135160#article\",\"isPartOf\":{\"@id\":\"https:\\\/\\\/lospoliticosveracruz.com\\\/?p=135160\"},\"author\":{\"name\":\"Lo viste en Los Pol\u00edticos\",\"@id\":\"https:\\\/\\\/lospoliticosveracruz.com\\\/#\\\/schema\\\/person\\\/b8702bb0e538456e6efd07080bf2a4a2\"},\"headline\":\"ROSA MAR\u00cdA ES LA RESPUESTA!\",\"datePublished\":\"2025-01-08T13:17:47+00:00\",\"dateModified\":\"2025-01-08T13:18:58+00:00\",\"mainEntityOfPage\":{\"@id\":\"https:\\\/\\\/lospoliticosveracruz.com\\\/?p=135160\"},\"wordCount\":872,\"publisher\":{\"@id\":\"https:\\\/\\\/lospoliticosveracruz.com\\\/#organization\"},\"image\":{\"@id\":\"https:\\\/\\\/lospoliticosveracruz.com\\\/?p=135160#primaryimage\"},\"thumbnailUrl\":\"https:\\\/\\\/lospoliticosveracruz.com\\\/wp-content\\\/uploads\\\/2024\\\/03\\\/Miguel-Valera.jpg\",\"keywords\":[\"encuesta\"],\"articleSection\":[\"De Opini\u00f3n\"],\"inLanguage\":\"es\"},{\"@type\":\"WebPage\",\"@id\":\"https:\\\/\\\/lospoliticosveracruz.com\\\/?p=135160\",\"url\":\"https:\\\/\\\/lospoliticosveracruz.com\\\/?p=135160\",\"name\":\"ROSA MAR\u00cdA ES LA RESPUESTA! - Los pol\u00edticos Veracruz\",\"isPartOf\":{\"@id\":\"https:\\\/\\\/lospoliticosveracruz.com\\\/#website\"},\"primaryImageOfPage\":{\"@id\":\"https:\\\/\\\/lospoliticosveracruz.com\\\/?p=135160#primaryimage\"},\"image\":{\"@id\":\"https:\\\/\\\/lospoliticosveracruz.com\\\/?p=135160#primaryimage\"},\"thumbnailUrl\":\"https:\\\/\\\/lospoliticosveracruz.com\\\/wp-content\\\/uploads\\\/2024\\\/03\\\/Miguel-Valera.jpg\",\"datePublished\":\"2025-01-08T13:17:47+00:00\",\"dateModified\":\"2025-01-08T13:18:58+00:00\",\"breadcrumb\":{\"@id\":\"https:\\\/\\\/lospoliticosveracruz.com\\\/?p=135160#breadcrumb\"},\"inLanguage\":\"es\",\"potentialAction\":[{\"@type\":\"ReadAction\",\"target\":[\"https:\\\/\\\/lospoliticosveracruz.com\\\/?p=135160\"]}]},{\"@type\":\"ImageObject\",\"inLanguage\":\"es\",\"@id\":\"https:\\\/\\\/lospoliticosveracruz.com\\\/?p=135160#primaryimage\",\"url\":\"https:\\\/\\\/lospoliticosveracruz.com\\\/wp-content\\\/uploads\\\/2024\\\/03\\\/Miguel-Valera.jpg\",\"contentUrl\":\"https:\\\/\\\/lospoliticosveracruz.com\\\/wp-content\\\/uploads\\\/2024\\\/03\\\/Miguel-Valera.jpg\",\"width\":1250,\"height\":667},{\"@type\":\"BreadcrumbList\",\"@id\":\"https:\\\/\\\/lospoliticosveracruz.com\\\/?p=135160#breadcrumb\",\"itemListElement\":[{\"@type\":\"ListItem\",\"position\":1,\"name\":\"Portada\",\"item\":\"https:\\\/\\\/lospoliticosveracruz.com\\\/\"},{\"@type\":\"ListItem\",\"position\":2,\"name\":\"ROSA MAR\u00cdA ES LA RESPUESTA!\"}]},{\"@type\":\"WebSite\",\"@id\":\"https:\\\/\\\/lospoliticosveracruz.com\\\/#website\",\"url\":\"https:\\\/\\\/lospoliticosveracruz.com\\\/\",\"name\":\"Los pol\u00edticos Veracruz\",\"description\":\"\",\"publisher\":{\"@id\":\"https:\\\/\\\/lospoliticosveracruz.com\\\/#organization\"},\"potentialAction\":[{\"@type\":\"SearchAction\",\"target\":{\"@type\":\"EntryPoint\",\"urlTemplate\":\"https:\\\/\\\/lospoliticosveracruz.com\\\/?s={search_term_string}\"},\"query-input\":{\"@type\":\"PropertyValueSpecification\",\"valueRequired\":true,\"valueName\":\"search_term_string\"}}],\"inLanguage\":\"es\"},{\"@type\":\"Organization\",\"@id\":\"https:\\\/\\\/lospoliticosveracruz.com\\\/#organization\",\"name\":\"Los pol\u00edticos Veracruz\",\"url\":\"https:\\\/\\\/lospoliticosveracruz.com\\\/\",\"logo\":{\"@type\":\"ImageObject\",\"inLanguage\":\"es\",\"@id\":\"https:\\\/\\\/lospoliticosveracruz.com\\\/#\\\/schema\\\/logo\\\/image\\\/\",\"url\":\"https:\\\/\\\/lospoliticosveracruz.com\\\/wp-content\\\/uploads\\\/2025\\\/12\\\/Logo-Nuevo-LOS-POLITICOS-1.jpg\",\"contentUrl\":\"https:\\\/\\\/lospoliticosveracruz.com\\\/wp-content\\\/uploads\\\/2025\\\/12\\\/Logo-Nuevo-LOS-POLITICOS-1.jpg\",\"width\":260,\"height\":70,\"caption\":\"Los pol\u00edticos Veracruz\"},\"image\":{\"@id\":\"https:\\\/\\\/lospoliticosveracruz.com\\\/#\\\/schema\\\/logo\\\/image\\\/\"},\"sameAs\":[\"https:\\\/\\\/www.facebook.com\\\/people\\\/Notimemes-de-los-Polticos\\\/61565672886568\\\/\",\"https:\\\/\\\/x.com\\\/LosPoliticosVer\"]},{\"@type\":\"Person\",\"@id\":\"https:\\\/\\\/lospoliticosveracruz.com\\\/#\\\/schema\\\/person\\\/b8702bb0e538456e6efd07080bf2a4a2\",\"name\":\"Lo viste en Los Pol\u00edticos\",\"image\":{\"@type\":\"ImageObject\",\"inLanguage\":\"es\",\"@id\":\"https:\\\/\\\/secure.gravatar.com\\\/avatar\\\/3a8de04a2656d44082be478bd6c086daa447c4651605818287b9532d3d0bd435?s=96&d=mm&r=g\",\"url\":\"https:\\\/\\\/secure.gravatar.com\\\/avatar\\\/3a8de04a2656d44082be478bd6c086daa447c4651605818287b9532d3d0bd435?s=96&d=mm&r=g\",\"contentUrl\":\"https:\\\/\\\/secure.gravatar.com\\\/avatar\\\/3a8de04a2656d44082be478bd6c086daa447c4651605818287b9532d3d0bd435?s=96&d=mm&r=g\",\"caption\":\"Lo viste en Los Pol\u00edticos\"},\"url\":\"https:\\\/\\\/lospoliticosveracruz.com\\\/?author=2\"}]}<\/script>\n<!-- \/ Yoast SEO plugin. -->","yoast_head_json":{"title":"ROSA MAR\u00cdA ES LA RESPUESTA! - Los pol\u00edticos Veracruz","robots":{"index":"index","follow":"follow","max-snippet":"max-snippet:-1","max-image-preview":"max-image-preview:large","max-video-preview":"max-video-preview:-1"},"canonical":"https:\/\/lospoliticosveracruz.com\/?p=135160","og_locale":"es_ES","og_type":"article","og_title":"ROSA MAR\u00cdA ES LA RESPUESTA! - Los pol\u00edticos Veracruz","og_description":"[S\u00edguenos ahora tambi\u00e9n en WhatsApp.\u00a0Da clic aqu\u00ed] Miguel Valera&nbsp; Contrase\u00f1as \u201cEs el momento de MORENA, es el momento del pueblo y las posibilidades son todas\u2026 todas, todas, todas\u201d, refrenda enf\u00e1tica&nbsp;Rosa Mar\u00eda Hern\u00e1ndez Espejo, la legisladora federal que ya le ha ganado al PAN en el corredor Veracruz-Boca del R\u00edo y que ahora se ha inscrito [&hellip;]","og_url":"https:\/\/lospoliticosveracruz.com\/?p=135160","og_site_name":"Los pol\u00edticos Veracruz","article_publisher":"https:\/\/www.facebook.com\/people\/Notimemes-de-los-Polticos\/61565672886568\/","article_published_time":"2025-01-08T13:17:47+00:00","article_modified_time":"2025-01-08T13:18:58+00:00","og_image":[{"width":1250,"height":667,"url":"https:\/\/lospoliticosveracruz.com\/wp-content\/uploads\/2024\/03\/Miguel-Valera.jpg","type":"image\/jpeg"}],"author":"Lo viste en Los Pol\u00edticos","twitter_card":"summary_large_image","twitter_creator":"@LosPoliticosVer","twitter_site":"@LosPoliticosVer","twitter_misc":{"Escrito por":"Lo viste en Los Pol\u00edticos","Tiempo de lectura":"4 minutos"},"schema":{"@context":"https:\/\/schema.org","@graph":[{"@type":"Article","@id":"https:\/\/lospoliticosveracruz.com\/?p=135160#article","isPartOf":{"@id":"https:\/\/lospoliticosveracruz.com\/?p=135160"},"author":{"name":"Lo viste en Los Pol\u00edticos","@id":"https:\/\/lospoliticosveracruz.com\/#\/schema\/person\/b8702bb0e538456e6efd07080bf2a4a2"},"headline":"ROSA MAR\u00cdA ES LA RESPUESTA!","datePublished":"2025-01-08T13:17:47+00:00","dateModified":"2025-01-08T13:18:58+00:00","mainEntityOfPage":{"@id":"https:\/\/lospoliticosveracruz.com\/?p=135160"},"wordCount":872,"publisher":{"@id":"https:\/\/lospoliticosveracruz.com\/#organization"},"image":{"@id":"https:\/\/lospoliticosveracruz.com\/?p=135160#primaryimage"},"thumbnailUrl":"https:\/\/lospoliticosveracruz.com\/wp-content\/uploads\/2024\/03\/Miguel-Valera.jpg","keywords":["encuesta"],"articleSection":["De Opini\u00f3n"],"inLanguage":"es"},{"@type":"WebPage","@id":"https:\/\/lospoliticosveracruz.com\/?p=135160","url":"https:\/\/lospoliticosveracruz.com\/?p=135160","name":"ROSA MAR\u00cdA ES LA RESPUESTA! - Los pol\u00edticos Veracruz","isPartOf":{"@id":"https:\/\/lospoliticosveracruz.com\/#website"},"primaryImageOfPage":{"@id":"https:\/\/lospoliticosveracruz.com\/?p=135160#primaryimage"},"image":{"@id":"https:\/\/lospoliticosveracruz.com\/?p=135160#primaryimage"},"thumbnailUrl":"https:\/\/lospoliticosveracruz.com\/wp-content\/uploads\/2024\/03\/Miguel-Valera.jpg","datePublished":"2025-01-08T13:17:47+00:00","dateModified":"2025-01-08T13:18:58+00:00","breadcrumb":{"@id":"https:\/\/lospoliticosveracruz.com\/?p=135160#breadcrumb"},"inLanguage":"es","potentialAction":[{"@type":"ReadAction","target":["https:\/\/lospoliticosveracruz.com\/?p=135160"]}]},{"@type":"ImageObject","inLanguage":"es","@id":"https:\/\/lospoliticosveracruz.com\/?p=135160#primaryimage","url":"https:\/\/lospoliticosveracruz.com\/wp-content\/uploads\/2024\/03\/Miguel-Valera.jpg","contentUrl":"https:\/\/lospoliticosveracruz.com\/wp-content\/uploads\/2024\/03\/Miguel-Valera.jpg","width":1250,"height":667},{"@type":"BreadcrumbList","@id":"https:\/\/lospoliticosveracruz.com\/?p=135160#breadcrumb","itemListElement":[{"@type":"ListItem","position":1,"name":"Portada","item":"https:\/\/lospoliticosveracruz.com\/"},{"@type":"ListItem","position":2,"name":"ROSA MAR\u00cdA ES LA RESPUESTA!"}]},{"@type":"WebSite","@id":"https:\/\/lospoliticosveracruz.com\/#website","url":"https:\/\/lospoliticosveracruz.com\/","name":"Los pol\u00edticos Veracruz","description":"","publisher":{"@id":"https:\/\/lospoliticosveracruz.com\/#organization"},"potentialAction":[{"@type":"SearchAction","target":{"@type":"EntryPoint","urlTemplate":"https:\/\/lospoliticosveracruz.com\/?s={search_term_string}"},"query-input":{"@type":"PropertyValueSpecification","valueRequired":true,"valueName":"search_term_string"}}],"inLanguage":"es"},{"@type":"Organization","@id":"https:\/\/lospoliticosveracruz.com\/#organization","name":"Los pol\u00edticos Veracruz","url":"https:\/\/lospoliticosveracruz.com\/","logo":{"@type":"ImageObject","inLanguage":"es","@id":"https:\/\/lospoliticosveracruz.com\/#\/schema\/logo\/image\/","url":"https:\/\/lospoliticosveracruz.com\/wp-content\/uploads\/2025\/12\/Logo-Nuevo-LOS-POLITICOS-1.jpg","contentUrl":"https:\/\/lospoliticosveracruz.com\/wp-content\/uploads\/2025\/12\/Logo-Nuevo-LOS-POLITICOS-1.jpg","width":260,"height":70,"caption":"Los pol\u00edticos Veracruz"},"image":{"@id":"https:\/\/lospoliticosveracruz.com\/#\/schema\/logo\/image\/"},"sameAs":["https:\/\/www.facebook.com\/people\/Notimemes-de-los-Polticos\/61565672886568\/","https:\/\/x.com\/LosPoliticosVer"]},{"@type":"Person","@id":"https:\/\/lospoliticosveracruz.com\/#\/schema\/person\/b8702bb0e538456e6efd07080bf2a4a2","name":"Lo viste en Los Pol\u00edticos","image":{"@type":"ImageObject","inLanguage":"es","@id":"https:\/\/secure.gravatar.com\/avatar\/3a8de04a2656d44082be478bd6c086daa447c4651605818287b9532d3d0bd435?s=96&d=mm&r=g","url":"https:\/\/secure.gravatar.com\/avatar\/3a8de04a2656d44082be478bd6c086daa447c4651605818287b9532d3d0bd435?s=96&d=mm&r=g","contentUrl":"https:\/\/secure.gravatar.com\/avatar\/3a8de04a2656d44082be478bd6c086daa447c4651605818287b9532d3d0bd435?s=96&d=mm&r=g","caption":"Lo viste en Los Pol\u00edticos"},"url":"https:\/\/lospoliticosveracruz.com\/?author=2"}]}},"_links":{"self":[{"href":"https:\/\/lospoliticosveracruz.com\/index.php?rest_route=\/wp\/v2\/posts\/135160","targetHints":{"allow":["GET"]}}],"collection":[{"href":"https:\/\/lospoliticosveracruz.com\/index.php?rest_route=\/wp\/v2\/posts"}],"about":[{"href":"https:\/\/lospoliticosveracruz.com\/index.php?rest_route=\/wp\/v2\/types\/post"}],"author":[{"embeddable":true,"href":"https:\/\/lospoliticosveracruz.com\/index.php?rest_route=\/wp\/v2\/users\/2"}],"replies":[{"embeddable":true,"href":"https:\/\/lospoliticosveracruz.com\/index.php?rest_route=%2Fwp%2Fv2%2Fcomments&post=135160"}],"version-history":[{"count":2,"href":"https:\/\/lospoliticosveracruz.com\/index.php?rest_route=\/wp\/v2\/posts\/135160\/revisions"}],"predecessor-version":[{"id":135163,"href":"https:\/\/lospoliticosveracruz.com\/index.php?rest_route=\/wp\/v2\/posts\/135160\/revisions\/135163"}],"wp:featuredmedia":[{"embeddable":true,"href":"https:\/\/lospoliticosveracruz.com\/index.php?rest_route=\/wp\/v2\/media\/119815"}],"wp:attachment":[{"href":"https:\/\/lospoliticosveracruz.com\/index.php?rest_route=%2Fwp%2Fv2%2Fmedia&parent=135160"}],"wp:term":[{"taxonomy":"category","embeddable":true,"href":"https:\/\/lospoliticosveracruz.com\/index.php?rest_route=%2Fwp%2Fv2%2Fcategories&post=135160"},{"taxonomy":"post_tag","embeddable":true,"href":"https:\/\/lospoliticosveracruz.com\/index.php?rest_route=%2Fwp%2Fv2%2Ftags&post=135160"}],"curies":[{"name":"wp","href":"https:\/\/api.w.org\/{rel}","templated":true}]}}