{"id":135166,"date":"2025-01-08T07:34:57","date_gmt":"2025-01-08T13:34:57","guid":{"rendered":"https:\/\/lospoliticosveracruz.com.mx\/?p=135166"},"modified":"2025-01-08T07:35:10","modified_gmt":"2025-01-08T13:35:10","slug":"la-necedad-de-los-alcaldes","status":"publish","type":"post","link":"https:\/\/lospoliticosveracruz.com\/?p=135166","title":{"rendered":"LA NECEDAD DE LOS ALCALDES"},"content":{"rendered":"\n<p><strong>[S\u00edguenos ahora tambi\u00e9n en WhatsApp.\u00a0<a href=\"https:\/\/whatsapp.com\/channel\/0029Va8zRWlEKyZIP3Z1dF0e\"><strong><em>Da clic aqu\u00ed<\/em><\/strong><\/a>]<\/strong><\/p>\n\n\n\n<p><strong>Yamiri\u00a0Rodr\u00edguez Madrid<\/strong><\/p>\n\n\n\n<p><em>La vuelta a Veracruz en un\u00a0teclazo<\/em><\/p>\n\n\n\n<p>Ahora s\u00ed, oficialmente, inici\u00f3 ya el proceso interno del partido Morena para la selecci\u00f3n de sus candidatas y candidatos a las 212 presidencias municipales en Veracruz. Como lo marca su convocatoria, en el primer minuto de&nbsp;este lunes 6 de enero, se abri\u00f3 el registro en l\u00ednea, mismo que concluye el mi\u00e9rcoles 8 a las 23:59&nbsp;hrs.&nbsp;y ya hay una cascada de registros: caras nuevas, otras muy viejas, as\u00ed como la parentela de muchos alcaldes.<\/p>\n\n\n\n<p>Parece que no se enteraron o simplemente no les interesa lo dicho por la presidenta de la Rep\u00fablica, Claudia Sheinbaum y la gobernadora Roc\u00edo Nahle, en el sentido de que no heredar\u00e1n los actuales mun\u00edcipes esas posiciones a sus familiares.&nbsp;Ejemplos hay para dar y repartir a lo largo y ancho del estado de ediles que quieren dejar al hermano, a la hermana, a la pareja y hasta los hijos.<\/p>\n\n\n\n<p>El 24 de octubre del a\u00f1o pasado, la&nbsp;Presidenta&nbsp;anunci\u00f3 que en este 2025&nbsp;enviar\u00e1 una reforma constitucional para evitar que familiares directos de&nbsp;presidentes&nbsp;municipales&nbsp;o diputados puedan ser candidatos en los periodos inmediatamente posteriores, como parte de su compromiso de erradicar el nepotismo en la pol\u00edtica mexicana.&nbsp;La gobernadora ya lo ratific\u00f3.<\/p>\n\n\n\n<p>Y aunque no faltar\u00e1 el que salga con que no hay impedimento legal alguno para que un familiar sea candidato -ah\u00ed est\u00e1n los casos de Emiliano Zapata y Bejucal de Ocampo en Chiapas en 2021-, a ver qui\u00e9n se pone bravo para contrariarlas; qui\u00e9n se atreve a romper el deber moral que han aceptado como morenistas, porque se supone que ellos no son iguales a los del PRI ni a los PAN, y a\u00fan as\u00ed insisten en dejar hermanos, hermanas, hijos y esposos.<\/p>\n\n\n\n<p>La convocatoria de Morena&nbsp;tambi\u00e9n&nbsp;estipula que en caso de aprobarse m\u00e1s de un registro y hasta 4 por parte de la Comisi\u00f3n Nacional de Elecciones para las presidencias municipales, las personas aspirantes se someter\u00e1n a una encuesta y\/o estudio de opini\u00f3n realizado por la Comisi\u00f3n de Encuestas, para determinar el perfil id\u00f3neo y mejor posicionado para representar al partido en la candidatura correspondiente. Este ser\u00e1 el com\u00fan denominador&nbsp;en todos los ayuntamientos, pues en las primeras 24 horas en que se abri\u00f3, hab\u00eda m\u00e1s de mil 500 registros, con un porcentaje m\u00ednimo de Durango, que es el otro estado con elecciones municipales.<\/p>\n\n\n\n<p>Con esta cl\u00e1usula y la reserva de incluir perfiles desde M\u00e9xico, los parientes van a quedar inmovilizados.&nbsp;Aun as\u00ed, al cierre de la convocatoria, veremos qui\u00e9nes fueron los que se atrevieron a desafiar lo dicho p\u00fablicamente por la&nbsp;Presidenta&nbsp;y la Gobernadora.<\/p>\n\n\n\n<p>@YamiriRodriguez<\/p>\n","protected":false},"excerpt":{"rendered":"<p>[S\u00edguenos ahora tambi\u00e9n en WhatsApp.\u00a0Da clic aqu\u00ed] Yamiri\u00a0Rodr\u00edguez Madrid La vuelta a Veracruz en un\u00a0teclazo Ahora s\u00ed, oficialmente, inici\u00f3 ya el proceso interno del partido Morena para la selecci\u00f3n de sus candidatas y candidatos a las 212 presidencias municipales en Veracruz. Como lo marca su convocatoria, en el primer minuto de&nbsp;este lunes 6 de enero, [&hellip;]<\/p>\n","protected":false},"author":2,"featured_media":133405,"comment_status":"closed","ping_status":"closed","sticky":false,"template":"","format":"standard","meta":{"tdm_status":"","tdm_grid_status":"","footnotes":""},"categories":[70],"tags":[9627,1026,42635,195],"class_list":{"0":"post-135166","1":"post","2":"type-post","3":"status-publish","4":"format-standard","5":"has-post-thumbnail","7":"category-de-opinion","8":"tag-claudia-sheinbaum","9":"tag-morena","10":"tag-parientes","11":"tag-veracruz"},"yoast_head":"<!-- This site is optimized with the Yoast SEO plugin v27.4 - https:\/\/yoast.com\/product\/yoast-seo-wordpress\/ -->\n<title>LA NECEDAD DE LOS ALCALDES - Los pol\u00edticos Veracruz<\/title>\n<meta name=\"robots\" content=\"index, follow, max-snippet:-1, max-image-preview:large, max-video-preview:-1\" \/>\n<link rel=\"canonical\" href=\"https:\/\/lospoliticosveracruz.com\/?p=135166\" \/>\n<meta property=\"og:locale\" content=\"es_ES\" \/>\n<meta property=\"og:type\" content=\"article\" \/>\n<meta property=\"og:title\" content=\"LA NECEDAD DE LOS ALCALDES - Los pol\u00edticos Veracruz\" \/>\n<meta property=\"og:description\" content=\"[S\u00edguenos ahora tambi\u00e9n en WhatsApp.\u00a0Da clic aqu\u00ed] Yamiri\u00a0Rodr\u00edguez Madrid La vuelta a Veracruz en un\u00a0teclazo Ahora s\u00ed, oficialmente, inici\u00f3 ya el proceso interno del partido Morena para la selecci\u00f3n de sus candidatas y candidatos a las 212 presidencias municipales en Veracruz. Como lo marca su convocatoria, en el primer minuto de&nbsp;este lunes 6 de enero, [&hellip;]\" \/>\n<meta property=\"og:url\" content=\"https:\/\/lospoliticosveracruz.com\/?p=135166\" \/>\n<meta property=\"og:site_name\" content=\"Los pol\u00edticos Veracruz\" \/>\n<meta property=\"article:publisher\" content=\"https:\/\/www.facebook.com\/people\/Notimemes-de-los-Polticos\/61565672886568\/\" \/>\n<meta property=\"article:published_time\" content=\"2025-01-08T13:34:57+00:00\" \/>\n<meta property=\"article:modified_time\" content=\"2025-01-08T13:35:10+00:00\" \/>\n<meta property=\"og:image\" content=\"https:\/\/lospoliticosveracruz.com\/wp-content\/uploads\/2024\/12\/Yamiri.jpg\" \/>\n\t<meta property=\"og:image:width\" content=\"1250\" \/>\n\t<meta property=\"og:image:height\" content=\"667\" \/>\n\t<meta property=\"og:image:type\" content=\"image\/jpeg\" \/>\n<meta name=\"author\" content=\"Lo viste en Los Pol\u00edticos\" \/>\n<meta name=\"twitter:card\" content=\"summary_large_image\" \/>\n<meta name=\"twitter:creator\" content=\"@LosPoliticosVer\" \/>\n<meta name=\"twitter:site\" content=\"@LosPoliticosVer\" \/>\n<meta name=\"twitter:label1\" content=\"Escrito por\" \/>\n\t<meta name=\"twitter:data1\" content=\"Lo viste en Los Pol\u00edticos\" \/>\n\t<meta name=\"twitter:label2\" content=\"Tiempo de lectura\" \/>\n\t<meta name=\"twitter:data2\" content=\"2 minutos\" \/>\n<script type=\"application\/ld+json\" class=\"yoast-schema-graph\">{\"@context\":\"https:\\\/\\\/schema.org\",\"@graph\":[{\"@type\":\"Article\",\"@id\":\"https:\\\/\\\/lospoliticosveracruz.com\\\/?p=135166#article\",\"isPartOf\":{\"@id\":\"https:\\\/\\\/lospoliticosveracruz.com\\\/?p=135166\"},\"author\":{\"name\":\"Lo viste en Los Pol\u00edticos\",\"@id\":\"https:\\\/\\\/lospoliticosveracruz.com\\\/#\\\/schema\\\/person\\\/b8702bb0e538456e6efd07080bf2a4a2\"},\"headline\":\"LA NECEDAD DE LOS ALCALDES\",\"datePublished\":\"2025-01-08T13:34:57+00:00\",\"dateModified\":\"2025-01-08T13:35:10+00:00\",\"mainEntityOfPage\":{\"@id\":\"https:\\\/\\\/lospoliticosveracruz.com\\\/?p=135166\"},\"wordCount\":492,\"publisher\":{\"@id\":\"https:\\\/\\\/lospoliticosveracruz.com\\\/#organization\"},\"image\":{\"@id\":\"https:\\\/\\\/lospoliticosveracruz.com\\\/?p=135166#primaryimage\"},\"thumbnailUrl\":\"https:\\\/\\\/lospoliticosveracruz.com\\\/wp-content\\\/uploads\\\/2024\\\/12\\\/Yamiri.jpg\",\"keywords\":[\"Claudia Sheinbaum\",\"Morena\",\"Parientes\",\"Veracruz\"],\"articleSection\":[\"De Opini\u00f3n\"],\"inLanguage\":\"es\"},{\"@type\":\"WebPage\",\"@id\":\"https:\\\/\\\/lospoliticosveracruz.com\\\/?p=135166\",\"url\":\"https:\\\/\\\/lospoliticosveracruz.com\\\/?p=135166\",\"name\":\"LA NECEDAD DE LOS ALCALDES - Los pol\u00edticos Veracruz\",\"isPartOf\":{\"@id\":\"https:\\\/\\\/lospoliticosveracruz.com\\\/#website\"},\"primaryImageOfPage\":{\"@id\":\"https:\\\/\\\/lospoliticosveracruz.com\\\/?p=135166#primaryimage\"},\"image\":{\"@id\":\"https:\\\/\\\/lospoliticosveracruz.com\\\/?p=135166#primaryimage\"},\"thumbnailUrl\":\"https:\\\/\\\/lospoliticosveracruz.com\\\/wp-content\\\/uploads\\\/2024\\\/12\\\/Yamiri.jpg\",\"datePublished\":\"2025-01-08T13:34:57+00:00\",\"dateModified\":\"2025-01-08T13:35:10+00:00\",\"breadcrumb\":{\"@id\":\"https:\\\/\\\/lospoliticosveracruz.com\\\/?p=135166#breadcrumb\"},\"inLanguage\":\"es\",\"potentialAction\":[{\"@type\":\"ReadAction\",\"target\":[\"https:\\\/\\\/lospoliticosveracruz.com\\\/?p=135166\"]}]},{\"@type\":\"ImageObject\",\"inLanguage\":\"es\",\"@id\":\"https:\\\/\\\/lospoliticosveracruz.com\\\/?p=135166#primaryimage\",\"url\":\"https:\\\/\\\/lospoliticosveracruz.com\\\/wp-content\\\/uploads\\\/2024\\\/12\\\/Yamiri.jpg\",\"contentUrl\":\"https:\\\/\\\/lospoliticosveracruz.com\\\/wp-content\\\/uploads\\\/2024\\\/12\\\/Yamiri.jpg\",\"width\":1250,\"height\":667},{\"@type\":\"BreadcrumbList\",\"@id\":\"https:\\\/\\\/lospoliticosveracruz.com\\\/?p=135166#breadcrumb\",\"itemListElement\":[{\"@type\":\"ListItem\",\"position\":1,\"name\":\"Portada\",\"item\":\"https:\\\/\\\/lospoliticosveracruz.com\\\/\"},{\"@type\":\"ListItem\",\"position\":2,\"name\":\"LA NECEDAD DE LOS ALCALDES\"}]},{\"@type\":\"WebSite\",\"@id\":\"https:\\\/\\\/lospoliticosveracruz.com\\\/#website\",\"url\":\"https:\\\/\\\/lospoliticosveracruz.com\\\/\",\"name\":\"Los pol\u00edticos Veracruz\",\"description\":\"\",\"publisher\":{\"@id\":\"https:\\\/\\\/lospoliticosveracruz.com\\\/#organization\"},\"potentialAction\":[{\"@type\":\"SearchAction\",\"target\":{\"@type\":\"EntryPoint\",\"urlTemplate\":\"https:\\\/\\\/lospoliticosveracruz.com\\\/?s={search_term_string}\"},\"query-input\":{\"@type\":\"PropertyValueSpecification\",\"valueRequired\":true,\"valueName\":\"search_term_string\"}}],\"inLanguage\":\"es\"},{\"@type\":\"Organization\",\"@id\":\"https:\\\/\\\/lospoliticosveracruz.com\\\/#organization\",\"name\":\"Los pol\u00edticos Veracruz\",\"url\":\"https:\\\/\\\/lospoliticosveracruz.com\\\/\",\"logo\":{\"@type\":\"ImageObject\",\"inLanguage\":\"es\",\"@id\":\"https:\\\/\\\/lospoliticosveracruz.com\\\/#\\\/schema\\\/logo\\\/image\\\/\",\"url\":\"https:\\\/\\\/lospoliticosveracruz.com\\\/wp-content\\\/uploads\\\/2025\\\/12\\\/Logo-Nuevo-LOS-POLITICOS-1.jpg\",\"contentUrl\":\"https:\\\/\\\/lospoliticosveracruz.com\\\/wp-content\\\/uploads\\\/2025\\\/12\\\/Logo-Nuevo-LOS-POLITICOS-1.jpg\",\"width\":260,\"height\":70,\"caption\":\"Los pol\u00edticos Veracruz\"},\"image\":{\"@id\":\"https:\\\/\\\/lospoliticosveracruz.com\\\/#\\\/schema\\\/logo\\\/image\\\/\"},\"sameAs\":[\"https:\\\/\\\/www.facebook.com\\\/people\\\/Notimemes-de-los-Polticos\\\/61565672886568\\\/\",\"https:\\\/\\\/x.com\\\/LosPoliticosVer\"]},{\"@type\":\"Person\",\"@id\":\"https:\\\/\\\/lospoliticosveracruz.com\\\/#\\\/schema\\\/person\\\/b8702bb0e538456e6efd07080bf2a4a2\",\"name\":\"Lo viste en Los Pol\u00edticos\",\"image\":{\"@type\":\"ImageObject\",\"inLanguage\":\"es\",\"@id\":\"https:\\\/\\\/secure.gravatar.com\\\/avatar\\\/3a8de04a2656d44082be478bd6c086daa447c4651605818287b9532d3d0bd435?s=96&d=mm&r=g\",\"url\":\"https:\\\/\\\/secure.gravatar.com\\\/avatar\\\/3a8de04a2656d44082be478bd6c086daa447c4651605818287b9532d3d0bd435?s=96&d=mm&r=g\",\"contentUrl\":\"https:\\\/\\\/secure.gravatar.com\\\/avatar\\\/3a8de04a2656d44082be478bd6c086daa447c4651605818287b9532d3d0bd435?s=96&d=mm&r=g\",\"caption\":\"Lo viste en Los Pol\u00edticos\"},\"url\":\"https:\\\/\\\/lospoliticosveracruz.com\\\/?author=2\"}]}<\/script>\n<!-- \/ Yoast SEO plugin. -->","yoast_head_json":{"title":"LA NECEDAD DE LOS ALCALDES - Los pol\u00edticos Veracruz","robots":{"index":"index","follow":"follow","max-snippet":"max-snippet:-1","max-image-preview":"max-image-preview:large","max-video-preview":"max-video-preview:-1"},"canonical":"https:\/\/lospoliticosveracruz.com\/?p=135166","og_locale":"es_ES","og_type":"article","og_title":"LA NECEDAD DE LOS ALCALDES - Los pol\u00edticos Veracruz","og_description":"[S\u00edguenos ahora tambi\u00e9n en WhatsApp.\u00a0Da clic aqu\u00ed] Yamiri\u00a0Rodr\u00edguez Madrid La vuelta a Veracruz en un\u00a0teclazo Ahora s\u00ed, oficialmente, inici\u00f3 ya el proceso interno del partido Morena para la selecci\u00f3n de sus candidatas y candidatos a las 212 presidencias municipales en Veracruz. Como lo marca su convocatoria, en el primer minuto de&nbsp;este lunes 6 de enero, [&hellip;]","og_url":"https:\/\/lospoliticosveracruz.com\/?p=135166","og_site_name":"Los pol\u00edticos Veracruz","article_publisher":"https:\/\/www.facebook.com\/people\/Notimemes-de-los-Polticos\/61565672886568\/","article_published_time":"2025-01-08T13:34:57+00:00","article_modified_time":"2025-01-08T13:35:10+00:00","og_image":[{"width":1250,"height":667,"url":"https:\/\/lospoliticosveracruz.com\/wp-content\/uploads\/2024\/12\/Yamiri.jpg","type":"image\/jpeg"}],"author":"Lo viste en Los Pol\u00edticos","twitter_card":"summary_large_image","twitter_creator":"@LosPoliticosVer","twitter_site":"@LosPoliticosVer","twitter_misc":{"Escrito por":"Lo viste en Los Pol\u00edticos","Tiempo de lectura":"2 minutos"},"schema":{"@context":"https:\/\/schema.org","@graph":[{"@type":"Article","@id":"https:\/\/lospoliticosveracruz.com\/?p=135166#article","isPartOf":{"@id":"https:\/\/lospoliticosveracruz.com\/?p=135166"},"author":{"name":"Lo viste en Los Pol\u00edticos","@id":"https:\/\/lospoliticosveracruz.com\/#\/schema\/person\/b8702bb0e538456e6efd07080bf2a4a2"},"headline":"LA NECEDAD DE LOS ALCALDES","datePublished":"2025-01-08T13:34:57+00:00","dateModified":"2025-01-08T13:35:10+00:00","mainEntityOfPage":{"@id":"https:\/\/lospoliticosveracruz.com\/?p=135166"},"wordCount":492,"publisher":{"@id":"https:\/\/lospoliticosveracruz.com\/#organization"},"image":{"@id":"https:\/\/lospoliticosveracruz.com\/?p=135166#primaryimage"},"thumbnailUrl":"https:\/\/lospoliticosveracruz.com\/wp-content\/uploads\/2024\/12\/Yamiri.jpg","keywords":["Claudia Sheinbaum","Morena","Parientes","Veracruz"],"articleSection":["De Opini\u00f3n"],"inLanguage":"es"},{"@type":"WebPage","@id":"https:\/\/lospoliticosveracruz.com\/?p=135166","url":"https:\/\/lospoliticosveracruz.com\/?p=135166","name":"LA NECEDAD DE LOS ALCALDES - Los pol\u00edticos Veracruz","isPartOf":{"@id":"https:\/\/lospoliticosveracruz.com\/#website"},"primaryImageOfPage":{"@id":"https:\/\/lospoliticosveracruz.com\/?p=135166#primaryimage"},"image":{"@id":"https:\/\/lospoliticosveracruz.com\/?p=135166#primaryimage"},"thumbnailUrl":"https:\/\/lospoliticosveracruz.com\/wp-content\/uploads\/2024\/12\/Yamiri.jpg","datePublished":"2025-01-08T13:34:57+00:00","dateModified":"2025-01-08T13:35:10+00:00","breadcrumb":{"@id":"https:\/\/lospoliticosveracruz.com\/?p=135166#breadcrumb"},"inLanguage":"es","potentialAction":[{"@type":"ReadAction","target":["https:\/\/lospoliticosveracruz.com\/?p=135166"]}]},{"@type":"ImageObject","inLanguage":"es","@id":"https:\/\/lospoliticosveracruz.com\/?p=135166#primaryimage","url":"https:\/\/lospoliticosveracruz.com\/wp-content\/uploads\/2024\/12\/Yamiri.jpg","contentUrl":"https:\/\/lospoliticosveracruz.com\/wp-content\/uploads\/2024\/12\/Yamiri.jpg","width":1250,"height":667},{"@type":"BreadcrumbList","@id":"https:\/\/lospoliticosveracruz.com\/?p=135166#breadcrumb","itemListElement":[{"@type":"ListItem","position":1,"name":"Portada","item":"https:\/\/lospoliticosveracruz.com\/"},{"@type":"ListItem","position":2,"name":"LA NECEDAD DE LOS ALCALDES"}]},{"@type":"WebSite","@id":"https:\/\/lospoliticosveracruz.com\/#website","url":"https:\/\/lospoliticosveracruz.com\/","name":"Los pol\u00edticos Veracruz","description":"","publisher":{"@id":"https:\/\/lospoliticosveracruz.com\/#organization"},"potentialAction":[{"@type":"SearchAction","target":{"@type":"EntryPoint","urlTemplate":"https:\/\/lospoliticosveracruz.com\/?s={search_term_string}"},"query-input":{"@type":"PropertyValueSpecification","valueRequired":true,"valueName":"search_term_string"}}],"inLanguage":"es"},{"@type":"Organization","@id":"https:\/\/lospoliticosveracruz.com\/#organization","name":"Los pol\u00edticos Veracruz","url":"https:\/\/lospoliticosveracruz.com\/","logo":{"@type":"ImageObject","inLanguage":"es","@id":"https:\/\/lospoliticosveracruz.com\/#\/schema\/logo\/image\/","url":"https:\/\/lospoliticosveracruz.com\/wp-content\/uploads\/2025\/12\/Logo-Nuevo-LOS-POLITICOS-1.jpg","contentUrl":"https:\/\/lospoliticosveracruz.com\/wp-content\/uploads\/2025\/12\/Logo-Nuevo-LOS-POLITICOS-1.jpg","width":260,"height":70,"caption":"Los pol\u00edticos Veracruz"},"image":{"@id":"https:\/\/lospoliticosveracruz.com\/#\/schema\/logo\/image\/"},"sameAs":["https:\/\/www.facebook.com\/people\/Notimemes-de-los-Polticos\/61565672886568\/","https:\/\/x.com\/LosPoliticosVer"]},{"@type":"Person","@id":"https:\/\/lospoliticosveracruz.com\/#\/schema\/person\/b8702bb0e538456e6efd07080bf2a4a2","name":"Lo viste en Los Pol\u00edticos","image":{"@type":"ImageObject","inLanguage":"es","@id":"https:\/\/secure.gravatar.com\/avatar\/3a8de04a2656d44082be478bd6c086daa447c4651605818287b9532d3d0bd435?s=96&d=mm&r=g","url":"https:\/\/secure.gravatar.com\/avatar\/3a8de04a2656d44082be478bd6c086daa447c4651605818287b9532d3d0bd435?s=96&d=mm&r=g","contentUrl":"https:\/\/secure.gravatar.com\/avatar\/3a8de04a2656d44082be478bd6c086daa447c4651605818287b9532d3d0bd435?s=96&d=mm&r=g","caption":"Lo viste en Los Pol\u00edticos"},"url":"https:\/\/lospoliticosveracruz.com\/?author=2"}]}},"_links":{"self":[{"href":"https:\/\/lospoliticosveracruz.com\/index.php?rest_route=\/wp\/v2\/posts\/135166","targetHints":{"allow":["GET"]}}],"collection":[{"href":"https:\/\/lospoliticosveracruz.com\/index.php?rest_route=\/wp\/v2\/posts"}],"about":[{"href":"https:\/\/lospoliticosveracruz.com\/index.php?rest_route=\/wp\/v2\/types\/post"}],"author":[{"embeddable":true,"href":"https:\/\/lospoliticosveracruz.com\/index.php?rest_route=\/wp\/v2\/users\/2"}],"replies":[{"embeddable":true,"href":"https:\/\/lospoliticosveracruz.com\/index.php?rest_route=%2Fwp%2Fv2%2Fcomments&post=135166"}],"version-history":[{"count":1,"href":"https:\/\/lospoliticosveracruz.com\/index.php?rest_route=\/wp\/v2\/posts\/135166\/revisions"}],"predecessor-version":[{"id":135168,"href":"https:\/\/lospoliticosveracruz.com\/index.php?rest_route=\/wp\/v2\/posts\/135166\/revisions\/135168"}],"wp:featuredmedia":[{"embeddable":true,"href":"https:\/\/lospoliticosveracruz.com\/index.php?rest_route=\/wp\/v2\/media\/133405"}],"wp:attachment":[{"href":"https:\/\/lospoliticosveracruz.com\/index.php?rest_route=%2Fwp%2Fv2%2Fmedia&parent=135166"}],"wp:term":[{"taxonomy":"category","embeddable":true,"href":"https:\/\/lospoliticosveracruz.com\/index.php?rest_route=%2Fwp%2Fv2%2Fcategories&post=135166"},{"taxonomy":"post_tag","embeddable":true,"href":"https:\/\/lospoliticosveracruz.com\/index.php?rest_route=%2Fwp%2Fv2%2Ftags&post=135166"}],"curies":[{"name":"wp","href":"https:\/\/api.w.org\/{rel}","templated":true}]}}