{"id":135185,"date":"2025-01-08T09:40:05","date_gmt":"2025-01-08T15:40:05","guid":{"rendered":"https:\/\/lospoliticosveracruz.com.mx\/?p=135185"},"modified":"2025-01-08T09:41:39","modified_gmt":"2025-01-08T15:41:39","slug":"la-recien-creada-oficina-vs-trump","status":"publish","type":"post","link":"https:\/\/lospoliticosveracruz.com\/?p=135185","title":{"rendered":"LA RECI\u00c9N CREADA OFICINA vs TRUMP"},"content":{"rendered":"\n<p><br>[S\u00edguenos ahora tambi\u00e9n en WhatsApp.\u00a0<a href=\"https:\/\/whatsapp.com\/channel\/0029Va8zRWlEKyZIP3Z1dF0e\"><strong><em>Da clic aqu\u00ed<\/em><\/strong><\/a>]<\/p>\n\n\n\n<p><strong>Alejandro Aguirre Guerrero<\/strong><\/p>\n\n\n\n<p><em>Al respecto\u2026<\/em><\/p>\n\n\n\n<p>Hace apenas unos d\u00edas la presidenta Sheinbaum fue enterada de lo que Donald Trump pretend\u00eda decir sobre la inseguridad en el pa\u00eds y decidi\u00f3 (previa charla con su canciller), dejarlo pasar y esperar a que de manera aut\u00e9ntica el magnate tome las riendas del gobierno.<\/p>\n\n\n\n<p>Se cree que Trump variar\u00e1 (en poca o mediana medida) la agresividad de sus acciones y dichos apenas se convierta en presidente, el pr\u00f3ximo d\u00eda 20. A\u00fan as\u00ed, en Palacio Nacional saben de sobra que el aut\u00e9ntico enemigo del actual gobierno mexicano est\u00e1 en el vecino pa\u00eds del norte, y no aqu\u00ed.<\/p>\n\n\n\n<p>Ante ello, en la canciller\u00eda crearon un grupo (con instalaciones propias), donde se generar\u00e1 un esquema \u201cnunca antes visto en gobierno alguno mexicano\u201d: un ala para responder con agresividad (y argumentos reales) a cada embestida (o amenaza) de Donald Trump ahora que despache desde la Oficina Oval.<\/p>\n\n\n\n<p>El grupo del \u201cojo por ojo y diente por diente\u201d se cre\u00f3 sobre la idea que la presidenta desarroll\u00f3 en alguna ma\u00f1anera; aquella donde ante cualquier arancel que Trump imponga a M\u00e9xico, se le contestar\u00e1 con uno igual o peor: \u201carancel por arancel, ofensiva por ofensiva\u201d.<\/p>\n\n\n\n<p>Por eso cuando Claudia Sheinbaum supo que el magnate afirmar\u00eda que la seguridad en nuestro pa\u00eds era peligrosa, y que adem\u00e1s, arremeter\u00eda de nuevo con \u201cel asunto de los aranceles\u201d, pidi\u00f3 tanto a Juan Ram\u00f3n de la Fuente como a Marcelo Ebrard (por diferentes rutas), preparar el \u201cdocumento de r\u00e9plicas para defender la soberan\u00eda\u201d.<\/p>\n\n\n\n<p>La estrategia tiene como objetivo nunca ponerse de rodillas ante el agresivo magnate estadunidense, pero sin perder las herramientas para cabildear asuntos que son torales en ambos pa\u00edses (y donde nunca puede perderse la negociaci\u00f3n), como los asuntos migratorios y de seguridad fronteriza, por ejemplo.<\/p>\n\n\n\n<p>Cuando en Palacio Nacional se enteraron de la \u201ccruzada trumpista\u201d por cambiar el nombre del Golfo de M\u00e9xico a Golfo de Am\u00e9rica, m\u00e1s de uno pens\u00f3 en que dentro de esa l\u00f3gica de pensamiento extremista (e incre\u00edble), el magnate querr\u00eda hasta modificar el nombre del estado Nuevo M\u00e9xico (ubicado al sur de EU), por Nueva Am\u00e9rica.<\/p>\n\n\n\n<p>Veremos qu\u00e9 ocurre, y qu\u00e9 tan bien funciona esa oficina de reciente creaci\u00f3n para responder a Trump\u2026 no es cosa menor.<\/p>\n\n\n\n<p>X: @aaguirre_g<\/p>\n","protected":false},"excerpt":{"rendered":"<p>[S\u00edguenos ahora tambi\u00e9n en WhatsApp.\u00a0Da clic aqu\u00ed] Alejandro Aguirre Guerrero Al respecto\u2026 Hace apenas unos d\u00edas la presidenta Sheinbaum fue enterada de lo que Donald Trump pretend\u00eda decir sobre la inseguridad en el pa\u00eds y decidi\u00f3 (previa charla con su canciller), dejarlo pasar y esperar a que de manera aut\u00e9ntica el magnate tome las riendas [&hellip;]<\/p>\n","protected":false},"author":2,"featured_media":119938,"comment_status":"closed","ping_status":"closed","sticky":false,"template":"","format":"standard","meta":{"tdm_status":"","tdm_grid_status":"","footnotes":""},"categories":[70],"tags":[9627,2846,14703],"class_list":{"0":"post-135185","1":"post","2":"type-post","3":"status-publish","4":"format-standard","5":"has-post-thumbnail","7":"category-de-opinion","8":"tag-claudia-sheinbaum","9":"tag-donald-trump","10":"tag-marcelo-ebrard"},"yoast_head":"<!-- This site is optimized with the Yoast SEO plugin v27.4 - https:\/\/yoast.com\/product\/yoast-seo-wordpress\/ -->\n<title>LA RECI\u00c9N CREADA OFICINA vs TRUMP - Los pol\u00edticos Veracruz<\/title>\n<meta name=\"robots\" content=\"index, follow, max-snippet:-1, max-image-preview:large, max-video-preview:-1\" \/>\n<link rel=\"canonical\" href=\"https:\/\/lospoliticosveracruz.com\/?p=135185\" \/>\n<meta property=\"og:locale\" content=\"es_ES\" \/>\n<meta property=\"og:type\" content=\"article\" \/>\n<meta property=\"og:title\" content=\"LA RECI\u00c9N CREADA OFICINA vs TRUMP - Los pol\u00edticos Veracruz\" \/>\n<meta property=\"og:description\" content=\"[S\u00edguenos ahora tambi\u00e9n en WhatsApp.\u00a0Da clic aqu\u00ed] Alejandro Aguirre Guerrero Al respecto\u2026 Hace apenas unos d\u00edas la presidenta Sheinbaum fue enterada de lo que Donald Trump pretend\u00eda decir sobre la inseguridad en el pa\u00eds y decidi\u00f3 (previa charla con su canciller), dejarlo pasar y esperar a que de manera aut\u00e9ntica el magnate tome las riendas [&hellip;]\" \/>\n<meta property=\"og:url\" content=\"https:\/\/lospoliticosveracruz.com\/?p=135185\" \/>\n<meta property=\"og:site_name\" content=\"Los pol\u00edticos Veracruz\" \/>\n<meta property=\"article:publisher\" content=\"https:\/\/www.facebook.com\/people\/Notimemes-de-los-Polticos\/61565672886568\/\" \/>\n<meta property=\"article:published_time\" content=\"2025-01-08T15:40:05+00:00\" \/>\n<meta property=\"article:modified_time\" content=\"2025-01-08T15:41:39+00:00\" \/>\n<meta property=\"og:image\" content=\"https:\/\/lospoliticosveracruz.com\/wp-content\/uploads\/2024\/03\/Alejandro-Aguirre-Guerrero.jpg\" \/>\n\t<meta property=\"og:image:width\" content=\"1250\" \/>\n\t<meta property=\"og:image:height\" content=\"667\" \/>\n\t<meta property=\"og:image:type\" content=\"image\/jpeg\" \/>\n<meta name=\"author\" content=\"Lo viste en Los Pol\u00edticos\" \/>\n<meta name=\"twitter:card\" content=\"summary_large_image\" \/>\n<meta name=\"twitter:creator\" content=\"@LosPoliticosVer\" \/>\n<meta name=\"twitter:site\" content=\"@LosPoliticosVer\" \/>\n<meta name=\"twitter:label1\" content=\"Escrito por\" \/>\n\t<meta name=\"twitter:data1\" content=\"Lo viste en Los Pol\u00edticos\" \/>\n\t<meta name=\"twitter:label2\" content=\"Tiempo de lectura\" \/>\n\t<meta name=\"twitter:data2\" content=\"2 minutos\" \/>\n<script type=\"application\/ld+json\" class=\"yoast-schema-graph\">{\"@context\":\"https:\\\/\\\/schema.org\",\"@graph\":[{\"@type\":\"Article\",\"@id\":\"https:\\\/\\\/lospoliticosveracruz.com\\\/?p=135185#article\",\"isPartOf\":{\"@id\":\"https:\\\/\\\/lospoliticosveracruz.com\\\/?p=135185\"},\"author\":{\"name\":\"Lo viste en Los Pol\u00edticos\",\"@id\":\"https:\\\/\\\/lospoliticosveracruz.com\\\/#\\\/schema\\\/person\\\/b8702bb0e538456e6efd07080bf2a4a2\"},\"headline\":\"LA RECI\u00c9N CREADA OFICINA vs TRUMP\",\"datePublished\":\"2025-01-08T15:40:05+00:00\",\"dateModified\":\"2025-01-08T15:41:39+00:00\",\"mainEntityOfPage\":{\"@id\":\"https:\\\/\\\/lospoliticosveracruz.com\\\/?p=135185\"},\"wordCount\":420,\"publisher\":{\"@id\":\"https:\\\/\\\/lospoliticosveracruz.com\\\/#organization\"},\"image\":{\"@id\":\"https:\\\/\\\/lospoliticosveracruz.com\\\/?p=135185#primaryimage\"},\"thumbnailUrl\":\"https:\\\/\\\/lospoliticosveracruz.com\\\/wp-content\\\/uploads\\\/2024\\\/03\\\/Alejandro-Aguirre-Guerrero.jpg\",\"keywords\":[\"Claudia Sheinbaum\",\"Donald Trump\",\"Marcelo Ebrard\"],\"articleSection\":[\"De Opini\u00f3n\"],\"inLanguage\":\"es\"},{\"@type\":\"WebPage\",\"@id\":\"https:\\\/\\\/lospoliticosveracruz.com\\\/?p=135185\",\"url\":\"https:\\\/\\\/lospoliticosveracruz.com\\\/?p=135185\",\"name\":\"LA RECI\u00c9N CREADA OFICINA vs TRUMP - Los pol\u00edticos Veracruz\",\"isPartOf\":{\"@id\":\"https:\\\/\\\/lospoliticosveracruz.com\\\/#website\"},\"primaryImageOfPage\":{\"@id\":\"https:\\\/\\\/lospoliticosveracruz.com\\\/?p=135185#primaryimage\"},\"image\":{\"@id\":\"https:\\\/\\\/lospoliticosveracruz.com\\\/?p=135185#primaryimage\"},\"thumbnailUrl\":\"https:\\\/\\\/lospoliticosveracruz.com\\\/wp-content\\\/uploads\\\/2024\\\/03\\\/Alejandro-Aguirre-Guerrero.jpg\",\"datePublished\":\"2025-01-08T15:40:05+00:00\",\"dateModified\":\"2025-01-08T15:41:39+00:00\",\"breadcrumb\":{\"@id\":\"https:\\\/\\\/lospoliticosveracruz.com\\\/?p=135185#breadcrumb\"},\"inLanguage\":\"es\",\"potentialAction\":[{\"@type\":\"ReadAction\",\"target\":[\"https:\\\/\\\/lospoliticosveracruz.com\\\/?p=135185\"]}]},{\"@type\":\"ImageObject\",\"inLanguage\":\"es\",\"@id\":\"https:\\\/\\\/lospoliticosveracruz.com\\\/?p=135185#primaryimage\",\"url\":\"https:\\\/\\\/lospoliticosveracruz.com\\\/wp-content\\\/uploads\\\/2024\\\/03\\\/Alejandro-Aguirre-Guerrero.jpg\",\"contentUrl\":\"https:\\\/\\\/lospoliticosveracruz.com\\\/wp-content\\\/uploads\\\/2024\\\/03\\\/Alejandro-Aguirre-Guerrero.jpg\",\"width\":1250,\"height\":667},{\"@type\":\"BreadcrumbList\",\"@id\":\"https:\\\/\\\/lospoliticosveracruz.com\\\/?p=135185#breadcrumb\",\"itemListElement\":[{\"@type\":\"ListItem\",\"position\":1,\"name\":\"Portada\",\"item\":\"https:\\\/\\\/lospoliticosveracruz.com\\\/\"},{\"@type\":\"ListItem\",\"position\":2,\"name\":\"LA RECI\u00c9N CREADA OFICINA vs TRUMP\"}]},{\"@type\":\"WebSite\",\"@id\":\"https:\\\/\\\/lospoliticosveracruz.com\\\/#website\",\"url\":\"https:\\\/\\\/lospoliticosveracruz.com\\\/\",\"name\":\"Los pol\u00edticos Veracruz\",\"description\":\"\",\"publisher\":{\"@id\":\"https:\\\/\\\/lospoliticosveracruz.com\\\/#organization\"},\"potentialAction\":[{\"@type\":\"SearchAction\",\"target\":{\"@type\":\"EntryPoint\",\"urlTemplate\":\"https:\\\/\\\/lospoliticosveracruz.com\\\/?s={search_term_string}\"},\"query-input\":{\"@type\":\"PropertyValueSpecification\",\"valueRequired\":true,\"valueName\":\"search_term_string\"}}],\"inLanguage\":\"es\"},{\"@type\":\"Organization\",\"@id\":\"https:\\\/\\\/lospoliticosveracruz.com\\\/#organization\",\"name\":\"Los pol\u00edticos Veracruz\",\"url\":\"https:\\\/\\\/lospoliticosveracruz.com\\\/\",\"logo\":{\"@type\":\"ImageObject\",\"inLanguage\":\"es\",\"@id\":\"https:\\\/\\\/lospoliticosveracruz.com\\\/#\\\/schema\\\/logo\\\/image\\\/\",\"url\":\"https:\\\/\\\/lospoliticosveracruz.com\\\/wp-content\\\/uploads\\\/2025\\\/12\\\/Logo-Nuevo-LOS-POLITICOS-1.jpg\",\"contentUrl\":\"https:\\\/\\\/lospoliticosveracruz.com\\\/wp-content\\\/uploads\\\/2025\\\/12\\\/Logo-Nuevo-LOS-POLITICOS-1.jpg\",\"width\":260,\"height\":70,\"caption\":\"Los pol\u00edticos Veracruz\"},\"image\":{\"@id\":\"https:\\\/\\\/lospoliticosveracruz.com\\\/#\\\/schema\\\/logo\\\/image\\\/\"},\"sameAs\":[\"https:\\\/\\\/www.facebook.com\\\/people\\\/Notimemes-de-los-Polticos\\\/61565672886568\\\/\",\"https:\\\/\\\/x.com\\\/LosPoliticosVer\"]},{\"@type\":\"Person\",\"@id\":\"https:\\\/\\\/lospoliticosveracruz.com\\\/#\\\/schema\\\/person\\\/b8702bb0e538456e6efd07080bf2a4a2\",\"name\":\"Lo viste en Los Pol\u00edticos\",\"image\":{\"@type\":\"ImageObject\",\"inLanguage\":\"es\",\"@id\":\"https:\\\/\\\/secure.gravatar.com\\\/avatar\\\/3a8de04a2656d44082be478bd6c086daa447c4651605818287b9532d3d0bd435?s=96&d=mm&r=g\",\"url\":\"https:\\\/\\\/secure.gravatar.com\\\/avatar\\\/3a8de04a2656d44082be478bd6c086daa447c4651605818287b9532d3d0bd435?s=96&d=mm&r=g\",\"contentUrl\":\"https:\\\/\\\/secure.gravatar.com\\\/avatar\\\/3a8de04a2656d44082be478bd6c086daa447c4651605818287b9532d3d0bd435?s=96&d=mm&r=g\",\"caption\":\"Lo viste en Los Pol\u00edticos\"},\"url\":\"https:\\\/\\\/lospoliticosveracruz.com\\\/?author=2\"}]}<\/script>\n<!-- \/ Yoast SEO plugin. -->","yoast_head_json":{"title":"LA RECI\u00c9N CREADA OFICINA vs TRUMP - Los pol\u00edticos Veracruz","robots":{"index":"index","follow":"follow","max-snippet":"max-snippet:-1","max-image-preview":"max-image-preview:large","max-video-preview":"max-video-preview:-1"},"canonical":"https:\/\/lospoliticosveracruz.com\/?p=135185","og_locale":"es_ES","og_type":"article","og_title":"LA RECI\u00c9N CREADA OFICINA vs TRUMP - Los pol\u00edticos Veracruz","og_description":"[S\u00edguenos ahora tambi\u00e9n en WhatsApp.\u00a0Da clic aqu\u00ed] Alejandro Aguirre Guerrero Al respecto\u2026 Hace apenas unos d\u00edas la presidenta Sheinbaum fue enterada de lo que Donald Trump pretend\u00eda decir sobre la inseguridad en el pa\u00eds y decidi\u00f3 (previa charla con su canciller), dejarlo pasar y esperar a que de manera aut\u00e9ntica el magnate tome las riendas [&hellip;]","og_url":"https:\/\/lospoliticosveracruz.com\/?p=135185","og_site_name":"Los pol\u00edticos Veracruz","article_publisher":"https:\/\/www.facebook.com\/people\/Notimemes-de-los-Polticos\/61565672886568\/","article_published_time":"2025-01-08T15:40:05+00:00","article_modified_time":"2025-01-08T15:41:39+00:00","og_image":[{"width":1250,"height":667,"url":"https:\/\/lospoliticosveracruz.com\/wp-content\/uploads\/2024\/03\/Alejandro-Aguirre-Guerrero.jpg","type":"image\/jpeg"}],"author":"Lo viste en Los Pol\u00edticos","twitter_card":"summary_large_image","twitter_creator":"@LosPoliticosVer","twitter_site":"@LosPoliticosVer","twitter_misc":{"Escrito por":"Lo viste en Los Pol\u00edticos","Tiempo de lectura":"2 minutos"},"schema":{"@context":"https:\/\/schema.org","@graph":[{"@type":"Article","@id":"https:\/\/lospoliticosveracruz.com\/?p=135185#article","isPartOf":{"@id":"https:\/\/lospoliticosveracruz.com\/?p=135185"},"author":{"name":"Lo viste en Los Pol\u00edticos","@id":"https:\/\/lospoliticosveracruz.com\/#\/schema\/person\/b8702bb0e538456e6efd07080bf2a4a2"},"headline":"LA RECI\u00c9N CREADA OFICINA vs TRUMP","datePublished":"2025-01-08T15:40:05+00:00","dateModified":"2025-01-08T15:41:39+00:00","mainEntityOfPage":{"@id":"https:\/\/lospoliticosveracruz.com\/?p=135185"},"wordCount":420,"publisher":{"@id":"https:\/\/lospoliticosveracruz.com\/#organization"},"image":{"@id":"https:\/\/lospoliticosveracruz.com\/?p=135185#primaryimage"},"thumbnailUrl":"https:\/\/lospoliticosveracruz.com\/wp-content\/uploads\/2024\/03\/Alejandro-Aguirre-Guerrero.jpg","keywords":["Claudia Sheinbaum","Donald Trump","Marcelo Ebrard"],"articleSection":["De Opini\u00f3n"],"inLanguage":"es"},{"@type":"WebPage","@id":"https:\/\/lospoliticosveracruz.com\/?p=135185","url":"https:\/\/lospoliticosveracruz.com\/?p=135185","name":"LA RECI\u00c9N CREADA OFICINA vs TRUMP - Los pol\u00edticos Veracruz","isPartOf":{"@id":"https:\/\/lospoliticosveracruz.com\/#website"},"primaryImageOfPage":{"@id":"https:\/\/lospoliticosveracruz.com\/?p=135185#primaryimage"},"image":{"@id":"https:\/\/lospoliticosveracruz.com\/?p=135185#primaryimage"},"thumbnailUrl":"https:\/\/lospoliticosveracruz.com\/wp-content\/uploads\/2024\/03\/Alejandro-Aguirre-Guerrero.jpg","datePublished":"2025-01-08T15:40:05+00:00","dateModified":"2025-01-08T15:41:39+00:00","breadcrumb":{"@id":"https:\/\/lospoliticosveracruz.com\/?p=135185#breadcrumb"},"inLanguage":"es","potentialAction":[{"@type":"ReadAction","target":["https:\/\/lospoliticosveracruz.com\/?p=135185"]}]},{"@type":"ImageObject","inLanguage":"es","@id":"https:\/\/lospoliticosveracruz.com\/?p=135185#primaryimage","url":"https:\/\/lospoliticosveracruz.com\/wp-content\/uploads\/2024\/03\/Alejandro-Aguirre-Guerrero.jpg","contentUrl":"https:\/\/lospoliticosveracruz.com\/wp-content\/uploads\/2024\/03\/Alejandro-Aguirre-Guerrero.jpg","width":1250,"height":667},{"@type":"BreadcrumbList","@id":"https:\/\/lospoliticosveracruz.com\/?p=135185#breadcrumb","itemListElement":[{"@type":"ListItem","position":1,"name":"Portada","item":"https:\/\/lospoliticosveracruz.com\/"},{"@type":"ListItem","position":2,"name":"LA RECI\u00c9N CREADA OFICINA vs TRUMP"}]},{"@type":"WebSite","@id":"https:\/\/lospoliticosveracruz.com\/#website","url":"https:\/\/lospoliticosveracruz.com\/","name":"Los pol\u00edticos Veracruz","description":"","publisher":{"@id":"https:\/\/lospoliticosveracruz.com\/#organization"},"potentialAction":[{"@type":"SearchAction","target":{"@type":"EntryPoint","urlTemplate":"https:\/\/lospoliticosveracruz.com\/?s={search_term_string}"},"query-input":{"@type":"PropertyValueSpecification","valueRequired":true,"valueName":"search_term_string"}}],"inLanguage":"es"},{"@type":"Organization","@id":"https:\/\/lospoliticosveracruz.com\/#organization","name":"Los pol\u00edticos Veracruz","url":"https:\/\/lospoliticosveracruz.com\/","logo":{"@type":"ImageObject","inLanguage":"es","@id":"https:\/\/lospoliticosveracruz.com\/#\/schema\/logo\/image\/","url":"https:\/\/lospoliticosveracruz.com\/wp-content\/uploads\/2025\/12\/Logo-Nuevo-LOS-POLITICOS-1.jpg","contentUrl":"https:\/\/lospoliticosveracruz.com\/wp-content\/uploads\/2025\/12\/Logo-Nuevo-LOS-POLITICOS-1.jpg","width":260,"height":70,"caption":"Los pol\u00edticos Veracruz"},"image":{"@id":"https:\/\/lospoliticosveracruz.com\/#\/schema\/logo\/image\/"},"sameAs":["https:\/\/www.facebook.com\/people\/Notimemes-de-los-Polticos\/61565672886568\/","https:\/\/x.com\/LosPoliticosVer"]},{"@type":"Person","@id":"https:\/\/lospoliticosveracruz.com\/#\/schema\/person\/b8702bb0e538456e6efd07080bf2a4a2","name":"Lo viste en Los Pol\u00edticos","image":{"@type":"ImageObject","inLanguage":"es","@id":"https:\/\/secure.gravatar.com\/avatar\/3a8de04a2656d44082be478bd6c086daa447c4651605818287b9532d3d0bd435?s=96&d=mm&r=g","url":"https:\/\/secure.gravatar.com\/avatar\/3a8de04a2656d44082be478bd6c086daa447c4651605818287b9532d3d0bd435?s=96&d=mm&r=g","contentUrl":"https:\/\/secure.gravatar.com\/avatar\/3a8de04a2656d44082be478bd6c086daa447c4651605818287b9532d3d0bd435?s=96&d=mm&r=g","caption":"Lo viste en Los Pol\u00edticos"},"url":"https:\/\/lospoliticosveracruz.com\/?author=2"}]}},"_links":{"self":[{"href":"https:\/\/lospoliticosveracruz.com\/index.php?rest_route=\/wp\/v2\/posts\/135185","targetHints":{"allow":["GET"]}}],"collection":[{"href":"https:\/\/lospoliticosveracruz.com\/index.php?rest_route=\/wp\/v2\/posts"}],"about":[{"href":"https:\/\/lospoliticosveracruz.com\/index.php?rest_route=\/wp\/v2\/types\/post"}],"author":[{"embeddable":true,"href":"https:\/\/lospoliticosveracruz.com\/index.php?rest_route=\/wp\/v2\/users\/2"}],"replies":[{"embeddable":true,"href":"https:\/\/lospoliticosveracruz.com\/index.php?rest_route=%2Fwp%2Fv2%2Fcomments&post=135185"}],"version-history":[{"count":1,"href":"https:\/\/lospoliticosveracruz.com\/index.php?rest_route=\/wp\/v2\/posts\/135185\/revisions"}],"predecessor-version":[{"id":135186,"href":"https:\/\/lospoliticosveracruz.com\/index.php?rest_route=\/wp\/v2\/posts\/135185\/revisions\/135186"}],"wp:featuredmedia":[{"embeddable":true,"href":"https:\/\/lospoliticosveracruz.com\/index.php?rest_route=\/wp\/v2\/media\/119938"}],"wp:attachment":[{"href":"https:\/\/lospoliticosveracruz.com\/index.php?rest_route=%2Fwp%2Fv2%2Fmedia&parent=135185"}],"wp:term":[{"taxonomy":"category","embeddable":true,"href":"https:\/\/lospoliticosveracruz.com\/index.php?rest_route=%2Fwp%2Fv2%2Fcategories&post=135185"},{"taxonomy":"post_tag","embeddable":true,"href":"https:\/\/lospoliticosveracruz.com\/index.php?rest_route=%2Fwp%2Fv2%2Ftags&post=135185"}],"curies":[{"name":"wp","href":"https:\/\/api.w.org\/{rel}","templated":true}]}}