{"id":13524,"date":"2014-11-16T15:34:49","date_gmt":"2014-11-16T21:34:49","guid":{"rendered":"http:\/\/www.lospoliticosveracruz.com.mx\/?p=13524"},"modified":"2014-11-16T15:34:49","modified_gmt":"2014-11-16T21:34:49","slug":"negocios-ocultos-de-gina-dominguez","status":"publish","type":"post","link":"https:\/\/lospoliticosveracruz.com\/?p=13524","title":{"rendered":"Negocios ocultos de Gina Dom\u00ednguez"},"content":{"rendered":"<p><a href=\"http:\/\/www.lospoliticosveracruz.com.mx\/wp-content\/uploads\/2013\/12\/Gina-BLOG.jpg\"><img loading=\"lazy\" decoding=\"async\" class=\"alignnone size-medium wp-image-10423\" src=\"http:\/\/www.lospoliticosveracruz.com.mx\/wp-content\/uploads\/2013\/12\/Gina-BLOG-294x300.jpg\" alt=\"Gina-BLOG\" width=\"294\" height=\"300\" \/><\/a><\/p>\n<p><strong>Claudia Guerrero Mart\u00ednez<\/strong><\/p>\n<p><em>Entre lo ut\u00f3pico lo ut\u00f3pico y lo verdadero<\/em><\/p>\n<p>&nbsp;<\/p>\n<p>Y como hab\u00edamos prometido, realizamos una profunda investigaci\u00f3n a la Madame Gina Dom\u00ednguez Col\u00edo, ex vocera y ex coordinadora General de In-comunicaci\u00f3n Social del Estado, hoy titular de la Fundaci\u00f3n Colosio Veracruz y quien est\u00e1, a las \u00f3rdenes de Elizabeth Morales Garc\u00eda, dirigente del PRI Estatal\u2026 Encontramos unas verdaderas joyas informativas, que nos llevaron a conocer su imperio en medios de comunicaci\u00f3n, propiedades, negocios cuestionables y adem\u00e1s, un s\u00e9quito de incondicionales al servicio de \u00e9sta desvergonzada pilla, quien desv\u00edo recursos p\u00fablicos de los veracruzanos para su beneficio personal\u2026<\/p>\n<p>Llegamos a un conocido edificio, cercano a una Universidad de Turismo, sobre la Avenida Orizaba, en la capital del estado, donde se localizan las oficinas de un consorcio radiof\u00f3nico y de redes sociales llamado: \u201cRadio Voces de Veracruz\u201d, con la direcci\u00f3n electr\u00f3nica radiovocesdeveracruz.org\u2026 En esas oficinas, con tecnolog\u00eda de punta compuesta por costosas computadoras, c\u00e1maras, micr\u00f3fonos profesionales, entre otros, adem\u00e1s de mobiliario para oficina, el mismo, fue adquirido unos d\u00edas antes de ser despedida por el que dice gobernar, Javier Duarte de Ochoa y adquirido por la propia Mar\u00eda Gina Dom\u00ednguez Col\u00edo, en tiendas como Liverpool, empresas de audio y mobiliario, con cargo a la Coordinaci\u00f3n General de Comunicaci\u00f3n Social del Estado\u2026<\/p>\n<p>En esa empresa, albergan tres estaciones de radio: \u201cViva la Cuenca Radio\u201d transmitida en el 93.7 FM en Tlacotalpan; \u201cVoz de la Huasteca\u201d, con la frecuencia 90.7 FM en \u00c1lamo y \u201cVoz del Totonacapan\u201d, con el 90.3 FM en Papantla, todas propiedad de la millonaria Mar\u00eda Gina Dom\u00ednguez Col\u00edo, con un tel\u00e9fono sin costo 01 800 050 9000 y conducidas en programas radiales \u201cConexi\u00f3n Veracruz Radio\u201d dirigidos por Iv\u00e1n Peralta, exfuncionario de CGCS e incondicional de la Madame Gina, quien tambi\u00e9n tiene en su programaci\u00f3n segmentos como Voces del \u00c1gora, Sexo con cinco letras, Conexi\u00f3n Deportes y Conexi\u00f3n R2\u2026<\/p>\n<p>Lamentable, como dir\u00eda la Magistrada Yolanda Cecilia Casta\u00f1eda, \u201cCualquier pend\u2026 puede ser Magistrado\u201d\u2026 En medios de comunicaci\u00f3n, cualquier pend\u2026 se cree ser periodista, con tan s\u00f3lo cargar una c\u00e1mara y una grabadora\u2026 Este es el caso de Laura Valencia, mejor conocida como Laura \u201cViolencia\u201d por sus arranques de diva y denigraci\u00f3n a empleados de la CGCS\u2026 \u00c9sta seudo periodista trabajaba como empleada dom\u00e9stica en la casa de Mar\u00eda Gina Dom\u00ednguez hace seis a\u00f1os, para luego, demostr\u00f3 su lealtad e inteligencia en los \u201cnegocios\u201d, llev\u00e1ndola a tal extremo, gracias a cursos por correspondencia, ser Jefa de Redacci\u00f3n en la Coordinaci\u00f3n de Comunicaci\u00f3n Social, en tiempos ginistas\u2026 Pablo Yahir, conocido columnista veracruzano, era uno de varios periodistas que criticaban los errores ortogr\u00e1ficos y de sintaxis en boletines y comunicados del Gobierno de Veracruz y hasta en uno, se le\u00eda como \u201cGina Dom\u00ednguez de Duarte\u201d\u2026 Lleg\u00f3 a tal grado el poder de Laura \u201cLori\u201d Valencia, conocida en el Twitter como @LoriValencia, que le quit\u00f3 la chamba a la exreportera de TVAzteca Sandra Garc\u00eda, en la dependencia estatal\u2026<\/p>\n<p>Hoy Laura \u201cLori\u201d Valencia, llena de soberbia sube un tuit, (como lo nombra la RAE) sobre un video casero, grabando todas las instalaciones y equipo de \u201cRadio Voces de Veracruz\u201d, as\u00ed como tambi\u00e9n, las actividades de las nuevas radiodifusoras, de sus trabajadores y agregados, incluyendo a ella, como conductora de un programa de radio llamado \u201cRosa Mexicano\u201d\u2026 Gracias a ella y sus indiscreciones, pudimos rastrear \u00e9stas empresas cuestionadas y adquiridas por la habilidad de la delincuente Mar\u00eda Gina Dom\u00ednguez Col\u00edo\u2026 En la grabaci\u00f3n, se observan varias cabinas, costoso sistema de audio y computadoras, sin olvidar la evidente adquisici\u00f3n de tres concesiones radiof\u00f3nicas en FM y siete empleados de base y de tiempo completo\u2026<\/p>\n<p>Y si esto ya le caus\u00f3 n\u00e1useas, inteligentes lectoras y lectores, con la liga http:\/\/www.sive.mx\/ del Sistema Informativo Veracruzano, empresa fundada desde el 2012, la misma, propiedad de Mar\u00eda Gina Dom\u00ednguez, quien incrusta anuncios de sus negocios como \u201cFlor de la Vida: Caf\u00e9 y Th\u00e9\u201d ubicado en Rafael Murillo Vidal 107, del Fraccionamiento Ensue\u00f1o\u2026. \u00c9ste Portal de presuntas noticias tiene el Twitter @SIVEmx y contaba con un convenio publicitario de 125 mil pesos, auto otorgado por la propia Gina para su \u201cportalito\u201d informativo&#8230; Hoy, SIVE cuenta con publicidad de aliados, entre ellos del Ayuntamiento de Xalapa y otorgado por Miguel Valera, actual titular de la Coordinaci\u00f3n Social del Ayuntamiento de Xalapa e incondicional de Gina Dom\u00ednguez\u2026 Cabe mencionar que Laura \u201cLori\u201d Valencia e Iv\u00e1n Peralta manejan varias cuentas en Twitter, como @torredemadero, en lo referente al negocio de venta de tabaco y puros; @Flordelavida_tw, @RadioconexionV, @VivalaCuenca937, @VozTotonacapan, entre otras\u2026<\/p>\n<p>Lo interesante de esto, es que estamos ventilando la desverg\u00fcenza de \u00e9sta exfuncionaria estatal, Gina Dom\u00ednguez, quien es hoy, titular de la Fundaci\u00f3n Colosio en Veracruz y encargada de elaborar la plataforma pol\u00edtica de los candidatos del PRI, con miras al 2015 y la Gubernatura en el 2016\u2026 A\u00fan est\u00e1 a tiempo, el empleado de los veracruzanos Javier Duarte de Ochoa, de realizar una auditor\u00eda a \u00e9sta pilla Mar\u00eda Gina Dom\u00ednguez Col\u00edo y que \u00e9sta delincuente regrese los millones de pesos en recursos estatales que obtuvo, al \u201crasurar\u201d convenios pidiendo el diez, veinte y treinta por ciento de muchas facturas de medios de comunicaci\u00f3n estatales\u2026 Y adem\u00e1s, el dispendio de gastos con cargo a la CGCS para instalar \u00e9stas oficinas y equipo radiof\u00f3nico, aclarando que los sueldos de sus empleados son pagados desde la oficina de la Coordinaci\u00f3n General de Comunicaci\u00f3n Social, dirigida por Alberto Silva Ramos, seg\u00fan asegura Laura Valencia e Iv\u00e1n Peralta\u2026<\/p>\n<p>Sabemos los alcances de la oriunda de Jalacingo, Gina Dom\u00ednguez Col\u00edo\u2026 No nos extra\u00f1a, el inicio de ataques cibern\u00e9ticos a nuestro Portal Peri\u00f3dico Veraz, a nuestras cuentas de correo y Redes Sociales, sin olvidar comentarios de pseudoperiodistas con averiguaciones ministeriales abiertas\u2026 Y tampoco nos extra\u00f1ar\u00eda, que la Madame Gina est\u00e9 involucrada en los recientes y extra\u00f1os ataques perpetrados a las instalaciones del PRI Estatal y en la guerra sucia implementada por columnistas y medios de comunicaci\u00f3n ginistas en contra de Elizabeth Morales Garc\u00eda, pues no es un secreto, que Gina desea a toda costa ser la Presidenta del PRI en Veracruz\u2026<\/p>\n<p>Javier Duarte est\u00e1 a tiempo de realizar auditor\u00edas y no permitir que Gina Dom\u00ednguez vuelva a desviar recursos para su uso personal. Si no lo hace, nos queda claro que el Gobernador de Veracruz es c\u00f3mplice de todo esto y eso, s\u00ed ser\u00e1 preocupante\u2026.<\/p>\n<p>Dudas y comentarios: claudiaguerreromtz@gmail.com<\/p>\n","protected":false},"excerpt":{"rendered":"<p>Claudia Guerrero Mart\u00ednez Entre lo ut\u00f3pico lo ut\u00f3pico y lo verdadero &nbsp; Y como hab\u00edamos prometido, realizamos una profunda investigaci\u00f3n a la Madame Gina Dom\u00ednguez Col\u00edo, ex vocera y ex coordinadora General de In-comunicaci\u00f3n Social del Estado, hoy titular de la Fundaci\u00f3n Colosio Veracruz y quien est\u00e1, a las \u00f3rdenes de Elizabeth Morales Garc\u00eda, dirigente [&hellip;]<\/p>\n","protected":false},"author":2,"featured_media":0,"comment_status":"open","ping_status":"open","sticky":false,"template":"","format":"standard","meta":{"tdm_status":"","tdm_grid_status":"","footnotes":""},"categories":[70],"tags":[387,162,868,867,869],"class_list":{"0":"post-13524","1":"post","2":"type-post","3":"status-publish","4":"format-standard","6":"category-de-opinion","7":"tag-gina-dominguez","8":"tag-javier-duarte","9":"tag-laura-valencia","10":"tag-radio-voces-de-veracruz","11":"tag-sandra-garcia"},"yoast_head":"<!-- This site is optimized with the Yoast SEO plugin v27.4 - https:\/\/yoast.com\/product\/yoast-seo-wordpress\/ -->\n<title>Negocios ocultos de Gina Dom\u00ednguez - Los pol\u00edticos Veracruz<\/title>\n<meta name=\"robots\" content=\"index, follow, max-snippet:-1, max-image-preview:large, max-video-preview:-1\" \/>\n<link rel=\"canonical\" href=\"https:\/\/lospoliticosveracruz.com\/?p=13524\" \/>\n<meta property=\"og:locale\" content=\"es_ES\" \/>\n<meta property=\"og:type\" content=\"article\" \/>\n<meta property=\"og:title\" content=\"Negocios ocultos de Gina Dom\u00ednguez - Los pol\u00edticos Veracruz\" \/>\n<meta property=\"og:description\" content=\"Claudia Guerrero Mart\u00ednez Entre lo ut\u00f3pico lo ut\u00f3pico y lo verdadero &nbsp; Y como hab\u00edamos prometido, realizamos una profunda investigaci\u00f3n a la Madame Gina Dom\u00ednguez Col\u00edo, ex vocera y ex coordinadora General de In-comunicaci\u00f3n Social del Estado, hoy titular de la Fundaci\u00f3n Colosio Veracruz y quien est\u00e1, a las \u00f3rdenes de Elizabeth Morales Garc\u00eda, dirigente [&hellip;]\" \/>\n<meta property=\"og:url\" content=\"https:\/\/lospoliticosveracruz.com\/?p=13524\" \/>\n<meta property=\"og:site_name\" content=\"Los pol\u00edticos Veracruz\" \/>\n<meta property=\"article:publisher\" content=\"https:\/\/www.facebook.com\/people\/Notimemes-de-los-Polticos\/61565672886568\/\" \/>\n<meta property=\"article:published_time\" content=\"2014-11-16T21:34:49+00:00\" \/>\n<meta property=\"og:image\" content=\"http:\/\/www.lospoliticosveracruz.com.mx\/wp-content\/uploads\/2013\/12\/Gina-BLOG-294x300.jpg\" \/>\n<meta name=\"author\" content=\"Lo viste en Los Pol\u00edticos\" \/>\n<meta name=\"twitter:card\" content=\"summary_large_image\" \/>\n<meta name=\"twitter:creator\" content=\"@LosPoliticosVer\" \/>\n<meta name=\"twitter:site\" content=\"@LosPoliticosVer\" \/>\n<meta name=\"twitter:label1\" content=\"Escrito por\" \/>\n\t<meta name=\"twitter:data1\" content=\"Lo viste en Los Pol\u00edticos\" \/>\n\t<meta name=\"twitter:label2\" content=\"Tiempo de lectura\" \/>\n\t<meta name=\"twitter:data2\" content=\"6 minutos\" \/>\n<script type=\"application\/ld+json\" class=\"yoast-schema-graph\">{\"@context\":\"https:\\\/\\\/schema.org\",\"@graph\":[{\"@type\":\"Article\",\"@id\":\"https:\\\/\\\/lospoliticosveracruz.com\\\/?p=13524#article\",\"isPartOf\":{\"@id\":\"https:\\\/\\\/lospoliticosveracruz.com\\\/?p=13524\"},\"author\":{\"name\":\"Lo viste en Los Pol\u00edticos\",\"@id\":\"https:\\\/\\\/lospoliticosveracruz.com\\\/#\\\/schema\\\/person\\\/b8702bb0e538456e6efd07080bf2a4a2\"},\"headline\":\"Negocios ocultos de Gina Dom\u00ednguez\",\"datePublished\":\"2014-11-16T21:34:49+00:00\",\"mainEntityOfPage\":{\"@id\":\"https:\\\/\\\/lospoliticosveracruz.com\\\/?p=13524\"},\"wordCount\":1150,\"commentCount\":0,\"publisher\":{\"@id\":\"https:\\\/\\\/lospoliticosveracruz.com\\\/#organization\"},\"image\":{\"@id\":\"https:\\\/\\\/lospoliticosveracruz.com\\\/?p=13524#primaryimage\"},\"thumbnailUrl\":\"http:\\\/\\\/www.lospoliticosveracruz.com.mx\\\/wp-content\\\/uploads\\\/2013\\\/12\\\/Gina-BLOG-294x300.jpg\",\"keywords\":[\"Gina Dom\u00ednguez\",\"Javier Duarte\",\"Laura Valencia\",\"Radio Voces de Veracruz\",\"Sandra Garc\u00eda\"],\"articleSection\":[\"De Opini\u00f3n\"],\"inLanguage\":\"es\",\"potentialAction\":[{\"@type\":\"CommentAction\",\"name\":\"Comment\",\"target\":[\"https:\\\/\\\/lospoliticosveracruz.com\\\/?p=13524#respond\"]}]},{\"@type\":\"WebPage\",\"@id\":\"https:\\\/\\\/lospoliticosveracruz.com\\\/?p=13524\",\"url\":\"https:\\\/\\\/lospoliticosveracruz.com\\\/?p=13524\",\"name\":\"Negocios ocultos de Gina Dom\u00ednguez - Los pol\u00edticos Veracruz\",\"isPartOf\":{\"@id\":\"https:\\\/\\\/lospoliticosveracruz.com\\\/#website\"},\"primaryImageOfPage\":{\"@id\":\"https:\\\/\\\/lospoliticosveracruz.com\\\/?p=13524#primaryimage\"},\"image\":{\"@id\":\"https:\\\/\\\/lospoliticosveracruz.com\\\/?p=13524#primaryimage\"},\"thumbnailUrl\":\"http:\\\/\\\/www.lospoliticosveracruz.com.mx\\\/wp-content\\\/uploads\\\/2013\\\/12\\\/Gina-BLOG-294x300.jpg\",\"datePublished\":\"2014-11-16T21:34:49+00:00\",\"breadcrumb\":{\"@id\":\"https:\\\/\\\/lospoliticosveracruz.com\\\/?p=13524#breadcrumb\"},\"inLanguage\":\"es\",\"potentialAction\":[{\"@type\":\"ReadAction\",\"target\":[\"https:\\\/\\\/lospoliticosveracruz.com\\\/?p=13524\"]}]},{\"@type\":\"ImageObject\",\"inLanguage\":\"es\",\"@id\":\"https:\\\/\\\/lospoliticosveracruz.com\\\/?p=13524#primaryimage\",\"url\":\"http:\\\/\\\/www.lospoliticosveracruz.com.mx\\\/wp-content\\\/uploads\\\/2013\\\/12\\\/Gina-BLOG-294x300.jpg\",\"contentUrl\":\"http:\\\/\\\/www.lospoliticosveracruz.com.mx\\\/wp-content\\\/uploads\\\/2013\\\/12\\\/Gina-BLOG-294x300.jpg\"},{\"@type\":\"BreadcrumbList\",\"@id\":\"https:\\\/\\\/lospoliticosveracruz.com\\\/?p=13524#breadcrumb\",\"itemListElement\":[{\"@type\":\"ListItem\",\"position\":1,\"name\":\"Portada\",\"item\":\"https:\\\/\\\/lospoliticosveracruz.com\\\/\"},{\"@type\":\"ListItem\",\"position\":2,\"name\":\"Negocios ocultos de Gina Dom\u00ednguez\"}]},{\"@type\":\"WebSite\",\"@id\":\"https:\\\/\\\/lospoliticosveracruz.com\\\/#website\",\"url\":\"https:\\\/\\\/lospoliticosveracruz.com\\\/\",\"name\":\"Los pol\u00edticos Veracruz\",\"description\":\"\",\"publisher\":{\"@id\":\"https:\\\/\\\/lospoliticosveracruz.com\\\/#organization\"},\"potentialAction\":[{\"@type\":\"SearchAction\",\"target\":{\"@type\":\"EntryPoint\",\"urlTemplate\":\"https:\\\/\\\/lospoliticosveracruz.com\\\/?s={search_term_string}\"},\"query-input\":{\"@type\":\"PropertyValueSpecification\",\"valueRequired\":true,\"valueName\":\"search_term_string\"}}],\"inLanguage\":\"es\"},{\"@type\":\"Organization\",\"@id\":\"https:\\\/\\\/lospoliticosveracruz.com\\\/#organization\",\"name\":\"Los pol\u00edticos Veracruz\",\"url\":\"https:\\\/\\\/lospoliticosveracruz.com\\\/\",\"logo\":{\"@type\":\"ImageObject\",\"inLanguage\":\"es\",\"@id\":\"https:\\\/\\\/lospoliticosveracruz.com\\\/#\\\/schema\\\/logo\\\/image\\\/\",\"url\":\"https:\\\/\\\/lospoliticosveracruz.com\\\/wp-content\\\/uploads\\\/2025\\\/12\\\/Logo-Nuevo-LOS-POLITICOS-1.jpg\",\"contentUrl\":\"https:\\\/\\\/lospoliticosveracruz.com\\\/wp-content\\\/uploads\\\/2025\\\/12\\\/Logo-Nuevo-LOS-POLITICOS-1.jpg\",\"width\":260,\"height\":70,\"caption\":\"Los pol\u00edticos Veracruz\"},\"image\":{\"@id\":\"https:\\\/\\\/lospoliticosveracruz.com\\\/#\\\/schema\\\/logo\\\/image\\\/\"},\"sameAs\":[\"https:\\\/\\\/www.facebook.com\\\/people\\\/Notimemes-de-los-Polticos\\\/61565672886568\\\/\",\"https:\\\/\\\/x.com\\\/LosPoliticosVer\"]},{\"@type\":\"Person\",\"@id\":\"https:\\\/\\\/lospoliticosveracruz.com\\\/#\\\/schema\\\/person\\\/b8702bb0e538456e6efd07080bf2a4a2\",\"name\":\"Lo viste en Los Pol\u00edticos\",\"image\":{\"@type\":\"ImageObject\",\"inLanguage\":\"es\",\"@id\":\"https:\\\/\\\/secure.gravatar.com\\\/avatar\\\/3a8de04a2656d44082be478bd6c086daa447c4651605818287b9532d3d0bd435?s=96&d=mm&r=g\",\"url\":\"https:\\\/\\\/secure.gravatar.com\\\/avatar\\\/3a8de04a2656d44082be478bd6c086daa447c4651605818287b9532d3d0bd435?s=96&d=mm&r=g\",\"contentUrl\":\"https:\\\/\\\/secure.gravatar.com\\\/avatar\\\/3a8de04a2656d44082be478bd6c086daa447c4651605818287b9532d3d0bd435?s=96&d=mm&r=g\",\"caption\":\"Lo viste en Los Pol\u00edticos\"},\"url\":\"https:\\\/\\\/lospoliticosveracruz.com\\\/?author=2\"}]}<\/script>\n<!-- \/ Yoast SEO plugin. -->","yoast_head_json":{"title":"Negocios ocultos de Gina Dom\u00ednguez - Los pol\u00edticos Veracruz","robots":{"index":"index","follow":"follow","max-snippet":"max-snippet:-1","max-image-preview":"max-image-preview:large","max-video-preview":"max-video-preview:-1"},"canonical":"https:\/\/lospoliticosveracruz.com\/?p=13524","og_locale":"es_ES","og_type":"article","og_title":"Negocios ocultos de Gina Dom\u00ednguez - Los pol\u00edticos Veracruz","og_description":"Claudia Guerrero Mart\u00ednez Entre lo ut\u00f3pico lo ut\u00f3pico y lo verdadero &nbsp; Y como hab\u00edamos prometido, realizamos una profunda investigaci\u00f3n a la Madame Gina Dom\u00ednguez Col\u00edo, ex vocera y ex coordinadora General de In-comunicaci\u00f3n Social del Estado, hoy titular de la Fundaci\u00f3n Colosio Veracruz y quien est\u00e1, a las \u00f3rdenes de Elizabeth Morales Garc\u00eda, dirigente [&hellip;]","og_url":"https:\/\/lospoliticosveracruz.com\/?p=13524","og_site_name":"Los pol\u00edticos Veracruz","article_publisher":"https:\/\/www.facebook.com\/people\/Notimemes-de-los-Polticos\/61565672886568\/","article_published_time":"2014-11-16T21:34:49+00:00","og_image":[{"url":"http:\/\/www.lospoliticosveracruz.com.mx\/wp-content\/uploads\/2013\/12\/Gina-BLOG-294x300.jpg","type":"","width":"","height":""}],"author":"Lo viste en Los Pol\u00edticos","twitter_card":"summary_large_image","twitter_creator":"@LosPoliticosVer","twitter_site":"@LosPoliticosVer","twitter_misc":{"Escrito por":"Lo viste en Los Pol\u00edticos","Tiempo de lectura":"6 minutos"},"schema":{"@context":"https:\/\/schema.org","@graph":[{"@type":"Article","@id":"https:\/\/lospoliticosveracruz.com\/?p=13524#article","isPartOf":{"@id":"https:\/\/lospoliticosveracruz.com\/?p=13524"},"author":{"name":"Lo viste en Los Pol\u00edticos","@id":"https:\/\/lospoliticosveracruz.com\/#\/schema\/person\/b8702bb0e538456e6efd07080bf2a4a2"},"headline":"Negocios ocultos de Gina Dom\u00ednguez","datePublished":"2014-11-16T21:34:49+00:00","mainEntityOfPage":{"@id":"https:\/\/lospoliticosveracruz.com\/?p=13524"},"wordCount":1150,"commentCount":0,"publisher":{"@id":"https:\/\/lospoliticosveracruz.com\/#organization"},"image":{"@id":"https:\/\/lospoliticosveracruz.com\/?p=13524#primaryimage"},"thumbnailUrl":"http:\/\/www.lospoliticosveracruz.com.mx\/wp-content\/uploads\/2013\/12\/Gina-BLOG-294x300.jpg","keywords":["Gina Dom\u00ednguez","Javier Duarte","Laura Valencia","Radio Voces de Veracruz","Sandra Garc\u00eda"],"articleSection":["De Opini\u00f3n"],"inLanguage":"es","potentialAction":[{"@type":"CommentAction","name":"Comment","target":["https:\/\/lospoliticosveracruz.com\/?p=13524#respond"]}]},{"@type":"WebPage","@id":"https:\/\/lospoliticosveracruz.com\/?p=13524","url":"https:\/\/lospoliticosveracruz.com\/?p=13524","name":"Negocios ocultos de Gina Dom\u00ednguez - Los pol\u00edticos Veracruz","isPartOf":{"@id":"https:\/\/lospoliticosveracruz.com\/#website"},"primaryImageOfPage":{"@id":"https:\/\/lospoliticosveracruz.com\/?p=13524#primaryimage"},"image":{"@id":"https:\/\/lospoliticosveracruz.com\/?p=13524#primaryimage"},"thumbnailUrl":"http:\/\/www.lospoliticosveracruz.com.mx\/wp-content\/uploads\/2013\/12\/Gina-BLOG-294x300.jpg","datePublished":"2014-11-16T21:34:49+00:00","breadcrumb":{"@id":"https:\/\/lospoliticosveracruz.com\/?p=13524#breadcrumb"},"inLanguage":"es","potentialAction":[{"@type":"ReadAction","target":["https:\/\/lospoliticosveracruz.com\/?p=13524"]}]},{"@type":"ImageObject","inLanguage":"es","@id":"https:\/\/lospoliticosveracruz.com\/?p=13524#primaryimage","url":"http:\/\/www.lospoliticosveracruz.com.mx\/wp-content\/uploads\/2013\/12\/Gina-BLOG-294x300.jpg","contentUrl":"http:\/\/www.lospoliticosveracruz.com.mx\/wp-content\/uploads\/2013\/12\/Gina-BLOG-294x300.jpg"},{"@type":"BreadcrumbList","@id":"https:\/\/lospoliticosveracruz.com\/?p=13524#breadcrumb","itemListElement":[{"@type":"ListItem","position":1,"name":"Portada","item":"https:\/\/lospoliticosveracruz.com\/"},{"@type":"ListItem","position":2,"name":"Negocios ocultos de Gina Dom\u00ednguez"}]},{"@type":"WebSite","@id":"https:\/\/lospoliticosveracruz.com\/#website","url":"https:\/\/lospoliticosveracruz.com\/","name":"Los pol\u00edticos Veracruz","description":"","publisher":{"@id":"https:\/\/lospoliticosveracruz.com\/#organization"},"potentialAction":[{"@type":"SearchAction","target":{"@type":"EntryPoint","urlTemplate":"https:\/\/lospoliticosveracruz.com\/?s={search_term_string}"},"query-input":{"@type":"PropertyValueSpecification","valueRequired":true,"valueName":"search_term_string"}}],"inLanguage":"es"},{"@type":"Organization","@id":"https:\/\/lospoliticosveracruz.com\/#organization","name":"Los pol\u00edticos Veracruz","url":"https:\/\/lospoliticosveracruz.com\/","logo":{"@type":"ImageObject","inLanguage":"es","@id":"https:\/\/lospoliticosveracruz.com\/#\/schema\/logo\/image\/","url":"https:\/\/lospoliticosveracruz.com\/wp-content\/uploads\/2025\/12\/Logo-Nuevo-LOS-POLITICOS-1.jpg","contentUrl":"https:\/\/lospoliticosveracruz.com\/wp-content\/uploads\/2025\/12\/Logo-Nuevo-LOS-POLITICOS-1.jpg","width":260,"height":70,"caption":"Los pol\u00edticos Veracruz"},"image":{"@id":"https:\/\/lospoliticosveracruz.com\/#\/schema\/logo\/image\/"},"sameAs":["https:\/\/www.facebook.com\/people\/Notimemes-de-los-Polticos\/61565672886568\/","https:\/\/x.com\/LosPoliticosVer"]},{"@type":"Person","@id":"https:\/\/lospoliticosveracruz.com\/#\/schema\/person\/b8702bb0e538456e6efd07080bf2a4a2","name":"Lo viste en Los Pol\u00edticos","image":{"@type":"ImageObject","inLanguage":"es","@id":"https:\/\/secure.gravatar.com\/avatar\/3a8de04a2656d44082be478bd6c086daa447c4651605818287b9532d3d0bd435?s=96&d=mm&r=g","url":"https:\/\/secure.gravatar.com\/avatar\/3a8de04a2656d44082be478bd6c086daa447c4651605818287b9532d3d0bd435?s=96&d=mm&r=g","contentUrl":"https:\/\/secure.gravatar.com\/avatar\/3a8de04a2656d44082be478bd6c086daa447c4651605818287b9532d3d0bd435?s=96&d=mm&r=g","caption":"Lo viste en Los Pol\u00edticos"},"url":"https:\/\/lospoliticosveracruz.com\/?author=2"}]}},"_links":{"self":[{"href":"https:\/\/lospoliticosveracruz.com\/index.php?rest_route=\/wp\/v2\/posts\/13524","targetHints":{"allow":["GET"]}}],"collection":[{"href":"https:\/\/lospoliticosveracruz.com\/index.php?rest_route=\/wp\/v2\/posts"}],"about":[{"href":"https:\/\/lospoliticosveracruz.com\/index.php?rest_route=\/wp\/v2\/types\/post"}],"author":[{"embeddable":true,"href":"https:\/\/lospoliticosveracruz.com\/index.php?rest_route=\/wp\/v2\/users\/2"}],"replies":[{"embeddable":true,"href":"https:\/\/lospoliticosveracruz.com\/index.php?rest_route=%2Fwp%2Fv2%2Fcomments&post=13524"}],"version-history":[{"count":1,"href":"https:\/\/lospoliticosveracruz.com\/index.php?rest_route=\/wp\/v2\/posts\/13524\/revisions"}],"predecessor-version":[{"id":13525,"href":"https:\/\/lospoliticosveracruz.com\/index.php?rest_route=\/wp\/v2\/posts\/13524\/revisions\/13525"}],"wp:attachment":[{"href":"https:\/\/lospoliticosveracruz.com\/index.php?rest_route=%2Fwp%2Fv2%2Fmedia&parent=13524"}],"wp:term":[{"taxonomy":"category","embeddable":true,"href":"https:\/\/lospoliticosveracruz.com\/index.php?rest_route=%2Fwp%2Fv2%2Fcategories&post=13524"},{"taxonomy":"post_tag","embeddable":true,"href":"https:\/\/lospoliticosveracruz.com\/index.php?rest_route=%2Fwp%2Fv2%2Ftags&post=13524"}],"curies":[{"name":"wp","href":"https:\/\/api.w.org\/{rel}","templated":true}]}}