{"id":13526,"date":"2014-11-16T15:54:55","date_gmt":"2014-11-16T21:54:55","guid":{"rendered":"http:\/\/www.lospoliticosveracruz.com.mx\/?p=13526"},"modified":"2014-11-16T15:54:55","modified_gmt":"2014-11-16T21:54:55","slug":"el-nuevo-momento-mexicano-la-crisis-del-estado","status":"publish","type":"post","link":"https:\/\/lospoliticosveracruz.com\/?p=13526","title":{"rendered":"El nuevo momento mexicano: la crisis del Estado"},"content":{"rendered":"<p><del><a href=\"http:\/\/www.lospoliticosveracruz.com.mx\/wp-content\/uploads\/2014\/11\/Crisis.jpg\"><img loading=\"lazy\" decoding=\"async\" class=\"alignnone size-medium wp-image-13527\" src=\"http:\/\/www.lospoliticosveracruz.com.mx\/wp-content\/uploads\/2014\/11\/Crisis-300x222.jpg\" alt=\"Crisis\" width=\"300\" height=\"222\" \/><\/a><\/del><\/p>\n<p><strong>Eduardo de la Torre Jaramillo<\/strong><\/p>\n<p><em>Escenarios<\/em><br \/>\nLos efectos sociales del caso Ayotzinapa, no se pueden identificar con el concepto gramsciano de \u201ccrisis\u201d, \u00e9sta definida por el te\u00f3rico marxista italiano como: \u201cla crisis consiste justamente en que lo viejo muere y lo nuevo no puede nacer\u201d; y lo \u201cviejo\u201d no muere porque en el interior del sistema pol\u00edtico mexicano y particularmente en el subsistema de partidos pol\u00edticos, lo \u201cviejo\u201d sigue siendo lo que le da forma y consistencia a este sistema pol\u00edtico, sustentado en el cemento de la sociedad pol\u00edtica que es la corrupci\u00f3n, la cual se le vincula con la complicidad y la impunidad; y por supuesto lo \u201cnuevo no puede nacer\u201d, porque lo \u201cnuevo\u201d son las manifestaciones de rechazo, de indignaci\u00f3n y hasta de violencia por parte de la sociedad; empero a\u00fan, no se desdobla de la protesta a la propuesta.<br \/>\nProbablemente ya pasamos una primera fase, que bien podr\u00eda ser una crisis de legitimidad hacia las autoridades de justicia y hacia el gobierno en general, por cierto aquellas presentan un \u201ccansancio cr\u00f3nico\u201d, ya que la sociedad mexicana no le otorga credibilidad y ni confianza a sus funciones y sobre todo a su narrativa; pero \u00bfpor qu\u00e9 est\u00e1 pasando este rechazo hacia las autoridades?, pues bien, el gobierno mexicano act\u00fao en el caso de Iguala de la misma manera que ha actuado en d\u00e9cadas anteriores, pensaron que era un asunto de \u201coperatividad pol\u00edtica\u201d, de reducirlo a un asunto menor, es decir local, y no de concepto.<br \/>\nLa segunda fase se tradujo en una crisis de gobernabilidad, la que se podr\u00eda reducir a la nulidad de resultados por parte del gobierno federal, quien tradicionalmente puso todo para intentar encontrar a los 43 normalistas y hasta el momento no hay certidumbre sobre el destino de los j\u00f3venes, y lo peor que tienen que ser los expertos argentinos a quienes si le confiaron los padres de los estudiantes; por lo que al menos en el sistema de procuraci\u00f3n y administraci\u00f3n de justicia la crisis ya es sist\u00e9mica, donde los ministerios p\u00fablicos o fiscales, jueces, y polic\u00edas son el problema y no la soluci\u00f3n, m\u00e1s all\u00e1 de la corrupci\u00f3n, todos ya est\u00e1n \u201ccercados\u201d por los grupos criminales; por eso est\u00e1n frente a las presiones internas y externas, lo que ya pr\u00e1cticamente desapareci\u00f3 al poder judicial.<br \/>\nLo anterior, despu\u00e9s de conjugarse la crisis de legitimidad y crisis de gobernabilidad, puedo definir que lo que est\u00e1 experimentando M\u00e9xico es una crisis del Estado mexicano, donde el orden no se rige por la ley, sino por y desde el poder pol\u00edtico, a trav\u00e9s de los \u201carreglos, pactos, amarres\u201d de manera cupular, que son opacos y discrecionales; cuyo resultado es el debilitamiento de las instituciones mexicanas desde el propio Estado, el cual perdi\u00f3 su raz\u00f3n de ser, que es dotarle de seguridad a sus ciudadanos a trav\u00e9s del ejercicio del monopolio leg\u00edtimo de la violencia; esto traducido en la ineficacia de sus polic\u00edas hasta llegar al funcionamiento del poder judicial, \u00e9ste es el centro del debate actual, porque el grave problema reside en nuestro ef\u00edmero Estado de Derecho y en la cultura de la ilegalidad.<br \/>\nContinuando con la l\u00ednea de interpretaci\u00f3n anterior, para combatir la corrupci\u00f3n que ya es una instituci\u00f3n nacional (no es algo cultural) se necesita una cultura c\u00edvica que la combata, es decir, las nuevas rutas que tendr\u00e1 la sociedad civil organizada ser\u00e1 en varias v\u00edas retomar una reforma al sistema penal, el cual implosion\u00f3 y es muy complejo su redise\u00f1o; es pertinente mencionar que la reforma al sistema penal que arranc\u00f3 en el a\u00f1o 2008tiene plazo para concretarse hasta el 2016 para que se implemente de manera general; sin embargo la llamada de atenci\u00f3n de lo que sucedi\u00f3 en Guerrero, es s\u00f3lo el comienzo de lo que se vive en el pa\u00eds, en cualquier municipio y en cualquier estado, la ineficacia y dsifuncionalidad de las instituciones locales, impiden tener un Estado eficaz.<br \/>\nPor otra parte, el pasmo gubernamental es tal, que en el pasado inmediato por citar dos ejemplos: en 1994 con la irrupci\u00f3n del EZLN y con la matanza en Acteal en 1997, en ambas situaciones se destituy\u00f3 a los secretarios de gobernaci\u00f3n de aquellos tiempos; actualmente, ni el procurador general de la rep\u00fablica ni el secretario de gobernaci\u00f3n han sido destituidos, quiz\u00e1 porque los dos son del estado de Hidalgo y se romper\u00eda su coalici\u00f3n gobernante entre la clase pol\u00edtica del Estado de M\u00e9xico e Hidalgo; si a esto le agrego que ni con la aprehensi\u00f3n de la \u201cpareja infernal\u201d, ni con una respuesta satisfactoria sobre el destino de los 43 normalistas se resuelve la crisis del Estado mexicano.<br \/>\nFinalmente, para recomponer la actual situaci\u00f3n del Estado en M\u00e9xico, ser\u00e1 necesario aplicar la ley y \u00e9sta se convertir\u00e1 en un enfrentamiento con las clases pol\u00edticas en diversos estados, lo que implica necesariamente un proceso de \u201cjibarizaci\u00f3n\u201d de la elite pol\u00edtica, es decir, no s\u00f3lo el achicamiento de la clase gobernante, sino su purga jur\u00eddica, muchos tendr\u00e1n que ser encarcelados para recobrar un poco de legitimidad de la sociedad frente a un gobierno extraviada en sus desdibujadas reformas estructurales. En fin, se tendr\u00e1 que acceder a la justicia, \u00e9sta con la puesta en marcha del proceso donde los pol\u00edticos tendr\u00e1n que ser necesariamente justiciables.<\/p>\n","protected":false},"excerpt":{"rendered":"<p>Eduardo de la Torre Jaramillo Escenarios Los efectos sociales del caso Ayotzinapa, no se pueden identificar con el concepto gramsciano de \u201ccrisis\u201d, \u00e9sta definida por el te\u00f3rico marxista italiano como: \u201cla crisis consiste justamente en que lo viejo muere y lo nuevo no puede nacer\u201d; y lo \u201cviejo\u201d no muere porque en el interior del [&hellip;]<\/p>\n","protected":false},"author":2,"featured_media":0,"comment_status":"open","ping_status":"open","sticky":false,"template":"","format":"standard","meta":{"tdm_status":"","tdm_grid_status":"","footnotes":""},"categories":[70],"tags":[101,871,873,870],"class_list":{"0":"post-13526","1":"post","2":"type-post","3":"status-publish","4":"format-standard","6":"category-de-opinion","7":"tag-ayotzinapa","8":"tag-crisis","9":"tag-ezln","10":"tag-gobierno"},"yoast_head":"<!-- This site is optimized with the Yoast SEO plugin v27.4 - https:\/\/yoast.com\/product\/yoast-seo-wordpress\/ -->\n<title>El nuevo momento mexicano: la crisis del Estado - Los pol\u00edticos Veracruz<\/title>\n<meta name=\"robots\" content=\"index, follow, max-snippet:-1, max-image-preview:large, max-video-preview:-1\" \/>\n<link rel=\"canonical\" href=\"https:\/\/lospoliticosveracruz.com\/?p=13526\" \/>\n<meta property=\"og:locale\" content=\"es_ES\" \/>\n<meta property=\"og:type\" content=\"article\" \/>\n<meta property=\"og:title\" content=\"El nuevo momento mexicano: la crisis del Estado - Los pol\u00edticos Veracruz\" \/>\n<meta property=\"og:description\" content=\"Eduardo de la Torre Jaramillo Escenarios Los efectos sociales del caso Ayotzinapa, no se pueden identificar con el concepto gramsciano de \u201ccrisis\u201d, \u00e9sta definida por el te\u00f3rico marxista italiano como: \u201cla crisis consiste justamente en que lo viejo muere y lo nuevo no puede nacer\u201d; y lo \u201cviejo\u201d no muere porque en el interior del [&hellip;]\" \/>\n<meta property=\"og:url\" content=\"https:\/\/lospoliticosveracruz.com\/?p=13526\" \/>\n<meta property=\"og:site_name\" content=\"Los pol\u00edticos Veracruz\" \/>\n<meta property=\"article:publisher\" content=\"https:\/\/www.facebook.com\/people\/Notimemes-de-los-Polticos\/61565672886568\/\" \/>\n<meta property=\"article:published_time\" content=\"2014-11-16T21:54:55+00:00\" \/>\n<meta property=\"og:image\" content=\"http:\/\/www.lospoliticosveracruz.com.mx\/wp-content\/uploads\/2014\/11\/Crisis-300x222.jpg\" \/>\n<meta name=\"author\" content=\"Lo viste en Los Pol\u00edticos\" \/>\n<meta name=\"twitter:card\" content=\"summary_large_image\" \/>\n<meta name=\"twitter:creator\" content=\"@LosPoliticosVer\" \/>\n<meta name=\"twitter:site\" content=\"@LosPoliticosVer\" \/>\n<meta name=\"twitter:label1\" content=\"Escrito por\" \/>\n\t<meta name=\"twitter:data1\" content=\"Lo viste en Los Pol\u00edticos\" \/>\n\t<meta name=\"twitter:label2\" content=\"Tiempo de lectura\" \/>\n\t<meta name=\"twitter:data2\" content=\"5 minutos\" \/>\n<script type=\"application\/ld+json\" class=\"yoast-schema-graph\">{\"@context\":\"https:\\\/\\\/schema.org\",\"@graph\":[{\"@type\":\"Article\",\"@id\":\"https:\\\/\\\/lospoliticosveracruz.com\\\/?p=13526#article\",\"isPartOf\":{\"@id\":\"https:\\\/\\\/lospoliticosveracruz.com\\\/?p=13526\"},\"author\":{\"name\":\"Lo viste en Los Pol\u00edticos\",\"@id\":\"https:\\\/\\\/lospoliticosveracruz.com\\\/#\\\/schema\\\/person\\\/b8702bb0e538456e6efd07080bf2a4a2\"},\"headline\":\"El nuevo momento mexicano: la crisis del Estado\",\"datePublished\":\"2014-11-16T21:54:55+00:00\",\"mainEntityOfPage\":{\"@id\":\"https:\\\/\\\/lospoliticosveracruz.com\\\/?p=13526\"},\"wordCount\":940,\"commentCount\":0,\"publisher\":{\"@id\":\"https:\\\/\\\/lospoliticosveracruz.com\\\/#organization\"},\"image\":{\"@id\":\"https:\\\/\\\/lospoliticosveracruz.com\\\/?p=13526#primaryimage\"},\"thumbnailUrl\":\"http:\\\/\\\/www.lospoliticosveracruz.com.mx\\\/wp-content\\\/uploads\\\/2014\\\/11\\\/Crisis-300x222.jpg\",\"keywords\":[\"Ayotzinapa\",\"crisis\",\"EZLN\",\"Gobierno\"],\"articleSection\":[\"De Opini\u00f3n\"],\"inLanguage\":\"es\",\"potentialAction\":[{\"@type\":\"CommentAction\",\"name\":\"Comment\",\"target\":[\"https:\\\/\\\/lospoliticosveracruz.com\\\/?p=13526#respond\"]}]},{\"@type\":\"WebPage\",\"@id\":\"https:\\\/\\\/lospoliticosveracruz.com\\\/?p=13526\",\"url\":\"https:\\\/\\\/lospoliticosveracruz.com\\\/?p=13526\",\"name\":\"El nuevo momento mexicano: la crisis del Estado - Los pol\u00edticos Veracruz\",\"isPartOf\":{\"@id\":\"https:\\\/\\\/lospoliticosveracruz.com\\\/#website\"},\"primaryImageOfPage\":{\"@id\":\"https:\\\/\\\/lospoliticosveracruz.com\\\/?p=13526#primaryimage\"},\"image\":{\"@id\":\"https:\\\/\\\/lospoliticosveracruz.com\\\/?p=13526#primaryimage\"},\"thumbnailUrl\":\"http:\\\/\\\/www.lospoliticosveracruz.com.mx\\\/wp-content\\\/uploads\\\/2014\\\/11\\\/Crisis-300x222.jpg\",\"datePublished\":\"2014-11-16T21:54:55+00:00\",\"breadcrumb\":{\"@id\":\"https:\\\/\\\/lospoliticosveracruz.com\\\/?p=13526#breadcrumb\"},\"inLanguage\":\"es\",\"potentialAction\":[{\"@type\":\"ReadAction\",\"target\":[\"https:\\\/\\\/lospoliticosveracruz.com\\\/?p=13526\"]}]},{\"@type\":\"ImageObject\",\"inLanguage\":\"es\",\"@id\":\"https:\\\/\\\/lospoliticosveracruz.com\\\/?p=13526#primaryimage\",\"url\":\"http:\\\/\\\/www.lospoliticosveracruz.com.mx\\\/wp-content\\\/uploads\\\/2014\\\/11\\\/Crisis-300x222.jpg\",\"contentUrl\":\"http:\\\/\\\/www.lospoliticosveracruz.com.mx\\\/wp-content\\\/uploads\\\/2014\\\/11\\\/Crisis-300x222.jpg\"},{\"@type\":\"BreadcrumbList\",\"@id\":\"https:\\\/\\\/lospoliticosveracruz.com\\\/?p=13526#breadcrumb\",\"itemListElement\":[{\"@type\":\"ListItem\",\"position\":1,\"name\":\"Portada\",\"item\":\"https:\\\/\\\/lospoliticosveracruz.com\\\/\"},{\"@type\":\"ListItem\",\"position\":2,\"name\":\"El nuevo momento mexicano: la crisis del Estado\"}]},{\"@type\":\"WebSite\",\"@id\":\"https:\\\/\\\/lospoliticosveracruz.com\\\/#website\",\"url\":\"https:\\\/\\\/lospoliticosveracruz.com\\\/\",\"name\":\"Los pol\u00edticos Veracruz\",\"description\":\"\",\"publisher\":{\"@id\":\"https:\\\/\\\/lospoliticosveracruz.com\\\/#organization\"},\"potentialAction\":[{\"@type\":\"SearchAction\",\"target\":{\"@type\":\"EntryPoint\",\"urlTemplate\":\"https:\\\/\\\/lospoliticosveracruz.com\\\/?s={search_term_string}\"},\"query-input\":{\"@type\":\"PropertyValueSpecification\",\"valueRequired\":true,\"valueName\":\"search_term_string\"}}],\"inLanguage\":\"es\"},{\"@type\":\"Organization\",\"@id\":\"https:\\\/\\\/lospoliticosveracruz.com\\\/#organization\",\"name\":\"Los pol\u00edticos Veracruz\",\"url\":\"https:\\\/\\\/lospoliticosveracruz.com\\\/\",\"logo\":{\"@type\":\"ImageObject\",\"inLanguage\":\"es\",\"@id\":\"https:\\\/\\\/lospoliticosveracruz.com\\\/#\\\/schema\\\/logo\\\/image\\\/\",\"url\":\"https:\\\/\\\/lospoliticosveracruz.com\\\/wp-content\\\/uploads\\\/2025\\\/12\\\/Logo-Nuevo-LOS-POLITICOS-1.jpg\",\"contentUrl\":\"https:\\\/\\\/lospoliticosveracruz.com\\\/wp-content\\\/uploads\\\/2025\\\/12\\\/Logo-Nuevo-LOS-POLITICOS-1.jpg\",\"width\":260,\"height\":70,\"caption\":\"Los pol\u00edticos Veracruz\"},\"image\":{\"@id\":\"https:\\\/\\\/lospoliticosveracruz.com\\\/#\\\/schema\\\/logo\\\/image\\\/\"},\"sameAs\":[\"https:\\\/\\\/www.facebook.com\\\/people\\\/Notimemes-de-los-Polticos\\\/61565672886568\\\/\",\"https:\\\/\\\/x.com\\\/LosPoliticosVer\"]},{\"@type\":\"Person\",\"@id\":\"https:\\\/\\\/lospoliticosveracruz.com\\\/#\\\/schema\\\/person\\\/b8702bb0e538456e6efd07080bf2a4a2\",\"name\":\"Lo viste en Los Pol\u00edticos\",\"image\":{\"@type\":\"ImageObject\",\"inLanguage\":\"es\",\"@id\":\"https:\\\/\\\/secure.gravatar.com\\\/avatar\\\/3a8de04a2656d44082be478bd6c086daa447c4651605818287b9532d3d0bd435?s=96&d=mm&r=g\",\"url\":\"https:\\\/\\\/secure.gravatar.com\\\/avatar\\\/3a8de04a2656d44082be478bd6c086daa447c4651605818287b9532d3d0bd435?s=96&d=mm&r=g\",\"contentUrl\":\"https:\\\/\\\/secure.gravatar.com\\\/avatar\\\/3a8de04a2656d44082be478bd6c086daa447c4651605818287b9532d3d0bd435?s=96&d=mm&r=g\",\"caption\":\"Lo viste en Los Pol\u00edticos\"},\"url\":\"https:\\\/\\\/lospoliticosveracruz.com\\\/?author=2\"}]}<\/script>\n<!-- \/ Yoast SEO plugin. -->","yoast_head_json":{"title":"El nuevo momento mexicano: la crisis del Estado - Los pol\u00edticos Veracruz","robots":{"index":"index","follow":"follow","max-snippet":"max-snippet:-1","max-image-preview":"max-image-preview:large","max-video-preview":"max-video-preview:-1"},"canonical":"https:\/\/lospoliticosveracruz.com\/?p=13526","og_locale":"es_ES","og_type":"article","og_title":"El nuevo momento mexicano: la crisis del Estado - Los pol\u00edticos Veracruz","og_description":"Eduardo de la Torre Jaramillo Escenarios Los efectos sociales del caso Ayotzinapa, no se pueden identificar con el concepto gramsciano de \u201ccrisis\u201d, \u00e9sta definida por el te\u00f3rico marxista italiano como: \u201cla crisis consiste justamente en que lo viejo muere y lo nuevo no puede nacer\u201d; y lo \u201cviejo\u201d no muere porque en el interior del [&hellip;]","og_url":"https:\/\/lospoliticosveracruz.com\/?p=13526","og_site_name":"Los pol\u00edticos Veracruz","article_publisher":"https:\/\/www.facebook.com\/people\/Notimemes-de-los-Polticos\/61565672886568\/","article_published_time":"2014-11-16T21:54:55+00:00","og_image":[{"url":"http:\/\/www.lospoliticosveracruz.com.mx\/wp-content\/uploads\/2014\/11\/Crisis-300x222.jpg","type":"","width":"","height":""}],"author":"Lo viste en Los Pol\u00edticos","twitter_card":"summary_large_image","twitter_creator":"@LosPoliticosVer","twitter_site":"@LosPoliticosVer","twitter_misc":{"Escrito por":"Lo viste en Los Pol\u00edticos","Tiempo de lectura":"5 minutos"},"schema":{"@context":"https:\/\/schema.org","@graph":[{"@type":"Article","@id":"https:\/\/lospoliticosveracruz.com\/?p=13526#article","isPartOf":{"@id":"https:\/\/lospoliticosveracruz.com\/?p=13526"},"author":{"name":"Lo viste en Los Pol\u00edticos","@id":"https:\/\/lospoliticosveracruz.com\/#\/schema\/person\/b8702bb0e538456e6efd07080bf2a4a2"},"headline":"El nuevo momento mexicano: la crisis del Estado","datePublished":"2014-11-16T21:54:55+00:00","mainEntityOfPage":{"@id":"https:\/\/lospoliticosveracruz.com\/?p=13526"},"wordCount":940,"commentCount":0,"publisher":{"@id":"https:\/\/lospoliticosveracruz.com\/#organization"},"image":{"@id":"https:\/\/lospoliticosveracruz.com\/?p=13526#primaryimage"},"thumbnailUrl":"http:\/\/www.lospoliticosveracruz.com.mx\/wp-content\/uploads\/2014\/11\/Crisis-300x222.jpg","keywords":["Ayotzinapa","crisis","EZLN","Gobierno"],"articleSection":["De Opini\u00f3n"],"inLanguage":"es","potentialAction":[{"@type":"CommentAction","name":"Comment","target":["https:\/\/lospoliticosveracruz.com\/?p=13526#respond"]}]},{"@type":"WebPage","@id":"https:\/\/lospoliticosveracruz.com\/?p=13526","url":"https:\/\/lospoliticosveracruz.com\/?p=13526","name":"El nuevo momento mexicano: la crisis del Estado - Los pol\u00edticos Veracruz","isPartOf":{"@id":"https:\/\/lospoliticosveracruz.com\/#website"},"primaryImageOfPage":{"@id":"https:\/\/lospoliticosveracruz.com\/?p=13526#primaryimage"},"image":{"@id":"https:\/\/lospoliticosveracruz.com\/?p=13526#primaryimage"},"thumbnailUrl":"http:\/\/www.lospoliticosveracruz.com.mx\/wp-content\/uploads\/2014\/11\/Crisis-300x222.jpg","datePublished":"2014-11-16T21:54:55+00:00","breadcrumb":{"@id":"https:\/\/lospoliticosveracruz.com\/?p=13526#breadcrumb"},"inLanguage":"es","potentialAction":[{"@type":"ReadAction","target":["https:\/\/lospoliticosveracruz.com\/?p=13526"]}]},{"@type":"ImageObject","inLanguage":"es","@id":"https:\/\/lospoliticosveracruz.com\/?p=13526#primaryimage","url":"http:\/\/www.lospoliticosveracruz.com.mx\/wp-content\/uploads\/2014\/11\/Crisis-300x222.jpg","contentUrl":"http:\/\/www.lospoliticosveracruz.com.mx\/wp-content\/uploads\/2014\/11\/Crisis-300x222.jpg"},{"@type":"BreadcrumbList","@id":"https:\/\/lospoliticosveracruz.com\/?p=13526#breadcrumb","itemListElement":[{"@type":"ListItem","position":1,"name":"Portada","item":"https:\/\/lospoliticosveracruz.com\/"},{"@type":"ListItem","position":2,"name":"El nuevo momento mexicano: la crisis del Estado"}]},{"@type":"WebSite","@id":"https:\/\/lospoliticosveracruz.com\/#website","url":"https:\/\/lospoliticosveracruz.com\/","name":"Los pol\u00edticos Veracruz","description":"","publisher":{"@id":"https:\/\/lospoliticosveracruz.com\/#organization"},"potentialAction":[{"@type":"SearchAction","target":{"@type":"EntryPoint","urlTemplate":"https:\/\/lospoliticosveracruz.com\/?s={search_term_string}"},"query-input":{"@type":"PropertyValueSpecification","valueRequired":true,"valueName":"search_term_string"}}],"inLanguage":"es"},{"@type":"Organization","@id":"https:\/\/lospoliticosveracruz.com\/#organization","name":"Los pol\u00edticos Veracruz","url":"https:\/\/lospoliticosveracruz.com\/","logo":{"@type":"ImageObject","inLanguage":"es","@id":"https:\/\/lospoliticosveracruz.com\/#\/schema\/logo\/image\/","url":"https:\/\/lospoliticosveracruz.com\/wp-content\/uploads\/2025\/12\/Logo-Nuevo-LOS-POLITICOS-1.jpg","contentUrl":"https:\/\/lospoliticosveracruz.com\/wp-content\/uploads\/2025\/12\/Logo-Nuevo-LOS-POLITICOS-1.jpg","width":260,"height":70,"caption":"Los pol\u00edticos Veracruz"},"image":{"@id":"https:\/\/lospoliticosveracruz.com\/#\/schema\/logo\/image\/"},"sameAs":["https:\/\/www.facebook.com\/people\/Notimemes-de-los-Polticos\/61565672886568\/","https:\/\/x.com\/LosPoliticosVer"]},{"@type":"Person","@id":"https:\/\/lospoliticosveracruz.com\/#\/schema\/person\/b8702bb0e538456e6efd07080bf2a4a2","name":"Lo viste en Los Pol\u00edticos","image":{"@type":"ImageObject","inLanguage":"es","@id":"https:\/\/secure.gravatar.com\/avatar\/3a8de04a2656d44082be478bd6c086daa447c4651605818287b9532d3d0bd435?s=96&d=mm&r=g","url":"https:\/\/secure.gravatar.com\/avatar\/3a8de04a2656d44082be478bd6c086daa447c4651605818287b9532d3d0bd435?s=96&d=mm&r=g","contentUrl":"https:\/\/secure.gravatar.com\/avatar\/3a8de04a2656d44082be478bd6c086daa447c4651605818287b9532d3d0bd435?s=96&d=mm&r=g","caption":"Lo viste en Los Pol\u00edticos"},"url":"https:\/\/lospoliticosveracruz.com\/?author=2"}]}},"_links":{"self":[{"href":"https:\/\/lospoliticosveracruz.com\/index.php?rest_route=\/wp\/v2\/posts\/13526","targetHints":{"allow":["GET"]}}],"collection":[{"href":"https:\/\/lospoliticosveracruz.com\/index.php?rest_route=\/wp\/v2\/posts"}],"about":[{"href":"https:\/\/lospoliticosveracruz.com\/index.php?rest_route=\/wp\/v2\/types\/post"}],"author":[{"embeddable":true,"href":"https:\/\/lospoliticosveracruz.com\/index.php?rest_route=\/wp\/v2\/users\/2"}],"replies":[{"embeddable":true,"href":"https:\/\/lospoliticosveracruz.com\/index.php?rest_route=%2Fwp%2Fv2%2Fcomments&post=13526"}],"version-history":[{"count":1,"href":"https:\/\/lospoliticosveracruz.com\/index.php?rest_route=\/wp\/v2\/posts\/13526\/revisions"}],"predecessor-version":[{"id":13528,"href":"https:\/\/lospoliticosveracruz.com\/index.php?rest_route=\/wp\/v2\/posts\/13526\/revisions\/13528"}],"wp:attachment":[{"href":"https:\/\/lospoliticosveracruz.com\/index.php?rest_route=%2Fwp%2Fv2%2Fmedia&parent=13526"}],"wp:term":[{"taxonomy":"category","embeddable":true,"href":"https:\/\/lospoliticosveracruz.com\/index.php?rest_route=%2Fwp%2Fv2%2Fcategories&post=13526"},{"taxonomy":"post_tag","embeddable":true,"href":"https:\/\/lospoliticosveracruz.com\/index.php?rest_route=%2Fwp%2Fv2%2Ftags&post=13526"}],"curies":[{"name":"wp","href":"https:\/\/api.w.org\/{rel}","templated":true}]}}