{"id":135260,"date":"2025-01-09T07:45:37","date_gmt":"2025-01-09T13:45:37","guid":{"rendered":"https:\/\/lospoliticosveracruz.com.mx\/?p=135260"},"modified":"2025-01-09T07:45:48","modified_gmt":"2025-01-09T13:45:48","slug":"subio-3-puntos","status":"publish","type":"post","link":"https:\/\/lospoliticosveracruz.com\/?p=135260","title":{"rendered":"SUBI\u00d3 3 PUNTOS!"},"content":{"rendered":"\n<p>S\u00edguenos ahora tambi\u00e9n en WhatsApp.&nbsp;<a href=\"https:\/\/whatsapp.com\/channel\/0029Va8zRWlEKyZIP3Z1dF0e\"><strong><em>Da clic aqu\u00ed<\/em><\/strong><\/a><\/p>\n\n\n\n<p><strong>Fanny Y\u00e9pez<\/strong><\/p>\n\n\n\n<p><em>La Columna<\/em><\/p>\n\n\n\n<p>Este jueves se cumplen 100 d\u00edas del gobierno de presidencial de Claudia Sheinbaum Pardo y con ese motivo, ya iniciaron los preparativos para el informe que presentar\u00e1 la Presidenta, el domingo 12 de enero en el z\u00f3calo capitalino.<\/p>\n\n\n\n<p>Este el tiempo preciso de hacer un balance de lo logrado y lo que falta por hacer, tambi\u00e9n es el tiempo adecuado para valorar el trabajo de los funcionarios que integran el gabinete legal y ampliado. Seria excelente que se les realizara un examen acucioso y el que no pase el an\u00e1lisis darle las gracias.&nbsp; &nbsp;<\/p>\n\n\n\n<p>Entre tanto, para este evento que se desarrollar\u00e1 el pr\u00f3ximo domingo ya se giraron invitaciones a todos los gobernadores y se les avis\u00f3 a los integrantes del gabinete que no hagan compromisos pues su presencia es requerida en el templete.<\/p>\n\n\n\n<p>De hecho, comentan que incluso ya iniciaron los ensayos en palacio nacional desde el viernes a mediod\u00eda y que estos seguir\u00e1n la pr\u00f3xima semana despu\u00e9s de las conferencias ma\u00f1aneras pues quieren que todo salga perfecto en la transmisi\u00f3n que se har\u00e1 por redes sociales y la televisi\u00f3n estatal.<\/p>\n\n\n\n<p>Precisamente este jueves el peri\u00f3dico el Universal publica en forma destacada una encuesta donde resalta que Claudia Sheinbaum ha comenzado su mandato como presidenta de M\u00e9xico con un respaldo s\u00f3lido, alcanzando una aprobaci\u00f3n de 77% en sus primeros 100 d\u00edas, de acuerdo con la m\u00e1s reciente encuesta nacional en vivienda realizada por Buend\u00eda &amp; M\u00e1rquez para EL UNIVERSAL. Este dato no s\u00f3lo sobresale por su magnitud, sino tambi\u00e9n por su distribuci\u00f3n uniforme entre diversos segmentos demogr\u00e1ficos y socioecon\u00f3micos del pa\u00eds<\/p>\n\n\n\n<p>El 65% de los mexicanos consideran que el pa\u00eds est\u00e1 mejor (38%) o igual de bien (27%) desde que Sheinbaum asumi\u00f3 la Presidencia. Sin embargo, el an\u00e1lisis por afiliaci\u00f3n pol\u00edtica revela divisiones importantes: mientras que 54% de los simpatizantes de Morena opinan que el pa\u00eds est\u00e1 mejor, esta percepci\u00f3n cae a 27% entre independientes y opositores. En el agregado, el optimismo es predominante, ya que los morenistas constituyen el grupo m\u00e1s grande del electorado (44%), en comparaci\u00f3n con los panistas y priistas, que juntos representan tan s\u00f3lo 10%.<\/p>\n\n\n\n<p>El dato m\u00e1s destacado sigue siendo la aprobaci\u00f3n presidencial de 77%, un incremento de tres puntos respecto a noviembre de 2024, dentro del margen de error. Incluso entre los independientes, que representan un considerable 36% del electorado y suelen ser cr\u00edticos, Sheinbaum logra un respaldo notable de 63%.<\/p>\n\n\n\n<p>Este apoyo se distribuye de manera consistente en casi todos los segmentos demogr\u00e1ficos y regiones del pa\u00eds. Desde adultos mayores (83%), amas de casa (80%) o j\u00f3venes de 18 a 29 a\u00f1os (79%), hasta adultos maduros entre 45 y 60 a\u00f1os (72%) o personas con alta escolaridad (69%), la aprobaci\u00f3n presidencial pr\u00e1cticamente supera 70% en cada grupo analizado.<\/p>\n\n\n\n<p>Los temas que siguen pesando como una l\u00e1pida a la administraci\u00f3n federal es la inseguridad, los \u00edndices de violencia, desapariciones, corrupci\u00f3n, carencias en la atenci\u00f3n m\u00e9dica, el desabasto de medicamentos, entre otros temas trascendentales, que desde luego impactan negativamente en el \u00e1nimo y bienestar de la poblaci\u00f3n.&nbsp;&nbsp;<\/p>\n\n\n\n<p>Otro de los aspectos eu hay que revisar es la econom\u00eda que se registrar en el pa\u00eds,&nbsp;&nbsp;por ejemplo en diciembre de 2024, la inflaci\u00f3n general anual alcanz\u00f3 un nivel de 4.21 por ciento, el m\u00e1s bajo para un mismo periodo en los \u00faltimos cuatro a\u00f1os, de acuerdo con el Instituto Nacional de Estad\u00edstica y Geograf\u00eda (Inegi).<\/p>\n\n\n\n<p>Con ello, la inflaci\u00f3n tambi\u00e9n cerr\u00f3 el a\u00f1o fuera del rango objetivo del Banco de M\u00e9xico (Banxico), que va del dos al cuatro por ciento.<\/p>\n\n\n\n<p>Incluso, el nivel de inflaci\u00f3n registrado en diciembre de 2024 fue ligeramente inferior al estimado de 4.3 por ciento de la Secretar\u00eda de Hacienda y Cr\u00e9dito P\u00fablico (SHCP).&nbsp; &nbsp;<\/p>\n\n\n\n<p>Seg\u00fan los datos del Inegi, que encabeza Graciela M\u00e1rquez Col\u00edn, en el \u00faltimo mes de 2024 la inflaci\u00f3n fue presionada por mayores precios de frutas, verduras, servicios y productos pecuarios como carne de res, pollo o huevo.<\/p>\n\n\n\n<p>En particular, destacaron los aumentos anuales de 43.4 y 40.7 por ciento en el costo de la uva y sand\u00eda, respectivamente. Por el lado de los servicios, la mayor alza se dio en los paquetes tur\u00edsticos, con un repunte de 13 por ciento.<\/p>\n\n\n\n<p>Los aumentos de precios fueron m\u00e1s notorios en entidades como Baja California, Baja California Sur, Nayarit, Veracruz y Yucat\u00e1n.<\/p>\n\n\n\n<p>Si bien es cierto que el incremento al salario m\u00ednimo fue del 12 % , para este a\u00f1o una parte ser\u00e1 absorbido por la inflaci\u00f3n del 2024, y otra parte se va a ir a lo largo del a\u00f1o, por lo que el incremento real salarial ser\u00e1 muy marginal. Ojala esta carrera precios salarios, no la pierdan los sueldos<\/p>\n","protected":false},"excerpt":{"rendered":"<p>S\u00edguenos ahora tambi\u00e9n en WhatsApp.&nbsp;Da clic aqu\u00ed Fanny Y\u00e9pez La Columna Este jueves se cumplen 100 d\u00edas del gobierno de presidencial de Claudia Sheinbaum Pardo y con ese motivo, ya iniciaron los preparativos para el informe que presentar\u00e1 la Presidenta, el domingo 12 de enero en el z\u00f3calo capitalino. Este el tiempo preciso de hacer [&hellip;]<\/p>\n","protected":false},"author":2,"featured_media":126076,"comment_status":"closed","ping_status":"closed","sticky":false,"template":"","format":"standard","meta":{"tdm_status":"","tdm_grid_status":"","footnotes":""},"categories":[70],"tags":[17763],"class_list":{"0":"post-135260","1":"post","2":"type-post","3":"status-publish","4":"format-standard","5":"has-post-thumbnail","7":"category-de-opinion","8":"tag-claudia-sheinbaum-pardo"},"yoast_head":"<!-- This site is optimized with the Yoast SEO plugin v27.4 - https:\/\/yoast.com\/product\/yoast-seo-wordpress\/ -->\n<title>SUBI\u00d3 3 PUNTOS! - Los pol\u00edticos Veracruz<\/title>\n<meta name=\"robots\" content=\"index, follow, max-snippet:-1, max-image-preview:large, max-video-preview:-1\" \/>\n<link rel=\"canonical\" href=\"https:\/\/lospoliticosveracruz.com\/?p=135260\" \/>\n<meta property=\"og:locale\" content=\"es_ES\" \/>\n<meta property=\"og:type\" content=\"article\" \/>\n<meta property=\"og:title\" content=\"SUBI\u00d3 3 PUNTOS! - Los pol\u00edticos Veracruz\" \/>\n<meta property=\"og:description\" content=\"S\u00edguenos ahora tambi\u00e9n en WhatsApp.&nbsp;Da clic aqu\u00ed Fanny Y\u00e9pez La Columna Este jueves se cumplen 100 d\u00edas del gobierno de presidencial de Claudia Sheinbaum Pardo y con ese motivo, ya iniciaron los preparativos para el informe que presentar\u00e1 la Presidenta, el domingo 12 de enero en el z\u00f3calo capitalino. Este el tiempo preciso de hacer [&hellip;]\" \/>\n<meta property=\"og:url\" content=\"https:\/\/lospoliticosveracruz.com\/?p=135260\" \/>\n<meta property=\"og:site_name\" content=\"Los pol\u00edticos Veracruz\" \/>\n<meta property=\"article:publisher\" content=\"https:\/\/www.facebook.com\/people\/Notimemes-de-los-Polticos\/61565672886568\/\" \/>\n<meta property=\"article:published_time\" content=\"2025-01-09T13:45:37+00:00\" \/>\n<meta property=\"article:modified_time\" content=\"2025-01-09T13:45:48+00:00\" \/>\n<meta property=\"og:image\" content=\"https:\/\/lospoliticosveracruz.com\/wp-content\/uploads\/2024\/06\/Fanny-Yepez.jpg\" \/>\n\t<meta property=\"og:image:width\" content=\"1250\" \/>\n\t<meta property=\"og:image:height\" content=\"667\" \/>\n\t<meta property=\"og:image:type\" content=\"image\/jpeg\" \/>\n<meta name=\"author\" content=\"Lo viste en Los Pol\u00edticos\" \/>\n<meta name=\"twitter:card\" content=\"summary_large_image\" \/>\n<meta name=\"twitter:creator\" content=\"@LosPoliticosVer\" \/>\n<meta name=\"twitter:site\" content=\"@LosPoliticosVer\" \/>\n<meta name=\"twitter:label1\" content=\"Escrito por\" \/>\n\t<meta name=\"twitter:data1\" content=\"Lo viste en Los Pol\u00edticos\" \/>\n\t<meta name=\"twitter:label2\" content=\"Tiempo de lectura\" \/>\n\t<meta name=\"twitter:data2\" content=\"4 minutos\" \/>\n<script type=\"application\/ld+json\" class=\"yoast-schema-graph\">{\"@context\":\"https:\\\/\\\/schema.org\",\"@graph\":[{\"@type\":\"Article\",\"@id\":\"https:\\\/\\\/lospoliticosveracruz.com\\\/?p=135260#article\",\"isPartOf\":{\"@id\":\"https:\\\/\\\/lospoliticosveracruz.com\\\/?p=135260\"},\"author\":{\"name\":\"Lo viste en Los Pol\u00edticos\",\"@id\":\"https:\\\/\\\/lospoliticosveracruz.com\\\/#\\\/schema\\\/person\\\/b8702bb0e538456e6efd07080bf2a4a2\"},\"headline\":\"SUBI\u00d3 3 PUNTOS!\",\"datePublished\":\"2025-01-09T13:45:37+00:00\",\"dateModified\":\"2025-01-09T13:45:48+00:00\",\"mainEntityOfPage\":{\"@id\":\"https:\\\/\\\/lospoliticosveracruz.com\\\/?p=135260\"},\"wordCount\":837,\"publisher\":{\"@id\":\"https:\\\/\\\/lospoliticosveracruz.com\\\/#organization\"},\"image\":{\"@id\":\"https:\\\/\\\/lospoliticosveracruz.com\\\/?p=135260#primaryimage\"},\"thumbnailUrl\":\"https:\\\/\\\/lospoliticosveracruz.com\\\/wp-content\\\/uploads\\\/2024\\\/06\\\/Fanny-Yepez.jpg\",\"keywords\":[\"Claudia Sheinbaum Pardo\"],\"articleSection\":[\"De Opini\u00f3n\"],\"inLanguage\":\"es\"},{\"@type\":\"WebPage\",\"@id\":\"https:\\\/\\\/lospoliticosveracruz.com\\\/?p=135260\",\"url\":\"https:\\\/\\\/lospoliticosveracruz.com\\\/?p=135260\",\"name\":\"SUBI\u00d3 3 PUNTOS! - Los pol\u00edticos Veracruz\",\"isPartOf\":{\"@id\":\"https:\\\/\\\/lospoliticosveracruz.com\\\/#website\"},\"primaryImageOfPage\":{\"@id\":\"https:\\\/\\\/lospoliticosveracruz.com\\\/?p=135260#primaryimage\"},\"image\":{\"@id\":\"https:\\\/\\\/lospoliticosveracruz.com\\\/?p=135260#primaryimage\"},\"thumbnailUrl\":\"https:\\\/\\\/lospoliticosveracruz.com\\\/wp-content\\\/uploads\\\/2024\\\/06\\\/Fanny-Yepez.jpg\",\"datePublished\":\"2025-01-09T13:45:37+00:00\",\"dateModified\":\"2025-01-09T13:45:48+00:00\",\"breadcrumb\":{\"@id\":\"https:\\\/\\\/lospoliticosveracruz.com\\\/?p=135260#breadcrumb\"},\"inLanguage\":\"es\",\"potentialAction\":[{\"@type\":\"ReadAction\",\"target\":[\"https:\\\/\\\/lospoliticosveracruz.com\\\/?p=135260\"]}]},{\"@type\":\"ImageObject\",\"inLanguage\":\"es\",\"@id\":\"https:\\\/\\\/lospoliticosveracruz.com\\\/?p=135260#primaryimage\",\"url\":\"https:\\\/\\\/lospoliticosveracruz.com\\\/wp-content\\\/uploads\\\/2024\\\/06\\\/Fanny-Yepez.jpg\",\"contentUrl\":\"https:\\\/\\\/lospoliticosveracruz.com\\\/wp-content\\\/uploads\\\/2024\\\/06\\\/Fanny-Yepez.jpg\",\"width\":1250,\"height\":667},{\"@type\":\"BreadcrumbList\",\"@id\":\"https:\\\/\\\/lospoliticosveracruz.com\\\/?p=135260#breadcrumb\",\"itemListElement\":[{\"@type\":\"ListItem\",\"position\":1,\"name\":\"Portada\",\"item\":\"https:\\\/\\\/lospoliticosveracruz.com\\\/\"},{\"@type\":\"ListItem\",\"position\":2,\"name\":\"SUBI\u00d3 3 PUNTOS!\"}]},{\"@type\":\"WebSite\",\"@id\":\"https:\\\/\\\/lospoliticosveracruz.com\\\/#website\",\"url\":\"https:\\\/\\\/lospoliticosveracruz.com\\\/\",\"name\":\"Los pol\u00edticos Veracruz\",\"description\":\"\",\"publisher\":{\"@id\":\"https:\\\/\\\/lospoliticosveracruz.com\\\/#organization\"},\"potentialAction\":[{\"@type\":\"SearchAction\",\"target\":{\"@type\":\"EntryPoint\",\"urlTemplate\":\"https:\\\/\\\/lospoliticosveracruz.com\\\/?s={search_term_string}\"},\"query-input\":{\"@type\":\"PropertyValueSpecification\",\"valueRequired\":true,\"valueName\":\"search_term_string\"}}],\"inLanguage\":\"es\"},{\"@type\":\"Organization\",\"@id\":\"https:\\\/\\\/lospoliticosveracruz.com\\\/#organization\",\"name\":\"Los pol\u00edticos Veracruz\",\"url\":\"https:\\\/\\\/lospoliticosveracruz.com\\\/\",\"logo\":{\"@type\":\"ImageObject\",\"inLanguage\":\"es\",\"@id\":\"https:\\\/\\\/lospoliticosveracruz.com\\\/#\\\/schema\\\/logo\\\/image\\\/\",\"url\":\"https:\\\/\\\/lospoliticosveracruz.com\\\/wp-content\\\/uploads\\\/2025\\\/12\\\/Logo-Nuevo-LOS-POLITICOS-1.jpg\",\"contentUrl\":\"https:\\\/\\\/lospoliticosveracruz.com\\\/wp-content\\\/uploads\\\/2025\\\/12\\\/Logo-Nuevo-LOS-POLITICOS-1.jpg\",\"width\":260,\"height\":70,\"caption\":\"Los pol\u00edticos Veracruz\"},\"image\":{\"@id\":\"https:\\\/\\\/lospoliticosveracruz.com\\\/#\\\/schema\\\/logo\\\/image\\\/\"},\"sameAs\":[\"https:\\\/\\\/www.facebook.com\\\/people\\\/Notimemes-de-los-Polticos\\\/61565672886568\\\/\",\"https:\\\/\\\/x.com\\\/LosPoliticosVer\"]},{\"@type\":\"Person\",\"@id\":\"https:\\\/\\\/lospoliticosveracruz.com\\\/#\\\/schema\\\/person\\\/b8702bb0e538456e6efd07080bf2a4a2\",\"name\":\"Lo viste en Los Pol\u00edticos\",\"image\":{\"@type\":\"ImageObject\",\"inLanguage\":\"es\",\"@id\":\"https:\\\/\\\/secure.gravatar.com\\\/avatar\\\/3a8de04a2656d44082be478bd6c086daa447c4651605818287b9532d3d0bd435?s=96&d=mm&r=g\",\"url\":\"https:\\\/\\\/secure.gravatar.com\\\/avatar\\\/3a8de04a2656d44082be478bd6c086daa447c4651605818287b9532d3d0bd435?s=96&d=mm&r=g\",\"contentUrl\":\"https:\\\/\\\/secure.gravatar.com\\\/avatar\\\/3a8de04a2656d44082be478bd6c086daa447c4651605818287b9532d3d0bd435?s=96&d=mm&r=g\",\"caption\":\"Lo viste en Los Pol\u00edticos\"},\"url\":\"https:\\\/\\\/lospoliticosveracruz.com\\\/?author=2\"}]}<\/script>\n<!-- \/ Yoast SEO plugin. -->","yoast_head_json":{"title":"SUBI\u00d3 3 PUNTOS! - Los pol\u00edticos Veracruz","robots":{"index":"index","follow":"follow","max-snippet":"max-snippet:-1","max-image-preview":"max-image-preview:large","max-video-preview":"max-video-preview:-1"},"canonical":"https:\/\/lospoliticosveracruz.com\/?p=135260","og_locale":"es_ES","og_type":"article","og_title":"SUBI\u00d3 3 PUNTOS! - Los pol\u00edticos Veracruz","og_description":"S\u00edguenos ahora tambi\u00e9n en WhatsApp.&nbsp;Da clic aqu\u00ed Fanny Y\u00e9pez La Columna Este jueves se cumplen 100 d\u00edas del gobierno de presidencial de Claudia Sheinbaum Pardo y con ese motivo, ya iniciaron los preparativos para el informe que presentar\u00e1 la Presidenta, el domingo 12 de enero en el z\u00f3calo capitalino. Este el tiempo preciso de hacer [&hellip;]","og_url":"https:\/\/lospoliticosveracruz.com\/?p=135260","og_site_name":"Los pol\u00edticos Veracruz","article_publisher":"https:\/\/www.facebook.com\/people\/Notimemes-de-los-Polticos\/61565672886568\/","article_published_time":"2025-01-09T13:45:37+00:00","article_modified_time":"2025-01-09T13:45:48+00:00","og_image":[{"width":1250,"height":667,"url":"https:\/\/lospoliticosveracruz.com\/wp-content\/uploads\/2024\/06\/Fanny-Yepez.jpg","type":"image\/jpeg"}],"author":"Lo viste en Los Pol\u00edticos","twitter_card":"summary_large_image","twitter_creator":"@LosPoliticosVer","twitter_site":"@LosPoliticosVer","twitter_misc":{"Escrito por":"Lo viste en Los Pol\u00edticos","Tiempo de lectura":"4 minutos"},"schema":{"@context":"https:\/\/schema.org","@graph":[{"@type":"Article","@id":"https:\/\/lospoliticosveracruz.com\/?p=135260#article","isPartOf":{"@id":"https:\/\/lospoliticosveracruz.com\/?p=135260"},"author":{"name":"Lo viste en Los Pol\u00edticos","@id":"https:\/\/lospoliticosveracruz.com\/#\/schema\/person\/b8702bb0e538456e6efd07080bf2a4a2"},"headline":"SUBI\u00d3 3 PUNTOS!","datePublished":"2025-01-09T13:45:37+00:00","dateModified":"2025-01-09T13:45:48+00:00","mainEntityOfPage":{"@id":"https:\/\/lospoliticosveracruz.com\/?p=135260"},"wordCount":837,"publisher":{"@id":"https:\/\/lospoliticosveracruz.com\/#organization"},"image":{"@id":"https:\/\/lospoliticosveracruz.com\/?p=135260#primaryimage"},"thumbnailUrl":"https:\/\/lospoliticosveracruz.com\/wp-content\/uploads\/2024\/06\/Fanny-Yepez.jpg","keywords":["Claudia Sheinbaum Pardo"],"articleSection":["De Opini\u00f3n"],"inLanguage":"es"},{"@type":"WebPage","@id":"https:\/\/lospoliticosveracruz.com\/?p=135260","url":"https:\/\/lospoliticosveracruz.com\/?p=135260","name":"SUBI\u00d3 3 PUNTOS! - Los pol\u00edticos Veracruz","isPartOf":{"@id":"https:\/\/lospoliticosveracruz.com\/#website"},"primaryImageOfPage":{"@id":"https:\/\/lospoliticosveracruz.com\/?p=135260#primaryimage"},"image":{"@id":"https:\/\/lospoliticosveracruz.com\/?p=135260#primaryimage"},"thumbnailUrl":"https:\/\/lospoliticosveracruz.com\/wp-content\/uploads\/2024\/06\/Fanny-Yepez.jpg","datePublished":"2025-01-09T13:45:37+00:00","dateModified":"2025-01-09T13:45:48+00:00","breadcrumb":{"@id":"https:\/\/lospoliticosveracruz.com\/?p=135260#breadcrumb"},"inLanguage":"es","potentialAction":[{"@type":"ReadAction","target":["https:\/\/lospoliticosveracruz.com\/?p=135260"]}]},{"@type":"ImageObject","inLanguage":"es","@id":"https:\/\/lospoliticosveracruz.com\/?p=135260#primaryimage","url":"https:\/\/lospoliticosveracruz.com\/wp-content\/uploads\/2024\/06\/Fanny-Yepez.jpg","contentUrl":"https:\/\/lospoliticosveracruz.com\/wp-content\/uploads\/2024\/06\/Fanny-Yepez.jpg","width":1250,"height":667},{"@type":"BreadcrumbList","@id":"https:\/\/lospoliticosveracruz.com\/?p=135260#breadcrumb","itemListElement":[{"@type":"ListItem","position":1,"name":"Portada","item":"https:\/\/lospoliticosveracruz.com\/"},{"@type":"ListItem","position":2,"name":"SUBI\u00d3 3 PUNTOS!"}]},{"@type":"WebSite","@id":"https:\/\/lospoliticosveracruz.com\/#website","url":"https:\/\/lospoliticosveracruz.com\/","name":"Los pol\u00edticos Veracruz","description":"","publisher":{"@id":"https:\/\/lospoliticosveracruz.com\/#organization"},"potentialAction":[{"@type":"SearchAction","target":{"@type":"EntryPoint","urlTemplate":"https:\/\/lospoliticosveracruz.com\/?s={search_term_string}"},"query-input":{"@type":"PropertyValueSpecification","valueRequired":true,"valueName":"search_term_string"}}],"inLanguage":"es"},{"@type":"Organization","@id":"https:\/\/lospoliticosveracruz.com\/#organization","name":"Los pol\u00edticos Veracruz","url":"https:\/\/lospoliticosveracruz.com\/","logo":{"@type":"ImageObject","inLanguage":"es","@id":"https:\/\/lospoliticosveracruz.com\/#\/schema\/logo\/image\/","url":"https:\/\/lospoliticosveracruz.com\/wp-content\/uploads\/2025\/12\/Logo-Nuevo-LOS-POLITICOS-1.jpg","contentUrl":"https:\/\/lospoliticosveracruz.com\/wp-content\/uploads\/2025\/12\/Logo-Nuevo-LOS-POLITICOS-1.jpg","width":260,"height":70,"caption":"Los pol\u00edticos Veracruz"},"image":{"@id":"https:\/\/lospoliticosveracruz.com\/#\/schema\/logo\/image\/"},"sameAs":["https:\/\/www.facebook.com\/people\/Notimemes-de-los-Polticos\/61565672886568\/","https:\/\/x.com\/LosPoliticosVer"]},{"@type":"Person","@id":"https:\/\/lospoliticosveracruz.com\/#\/schema\/person\/b8702bb0e538456e6efd07080bf2a4a2","name":"Lo viste en Los Pol\u00edticos","image":{"@type":"ImageObject","inLanguage":"es","@id":"https:\/\/secure.gravatar.com\/avatar\/3a8de04a2656d44082be478bd6c086daa447c4651605818287b9532d3d0bd435?s=96&d=mm&r=g","url":"https:\/\/secure.gravatar.com\/avatar\/3a8de04a2656d44082be478bd6c086daa447c4651605818287b9532d3d0bd435?s=96&d=mm&r=g","contentUrl":"https:\/\/secure.gravatar.com\/avatar\/3a8de04a2656d44082be478bd6c086daa447c4651605818287b9532d3d0bd435?s=96&d=mm&r=g","caption":"Lo viste en Los Pol\u00edticos"},"url":"https:\/\/lospoliticosveracruz.com\/?author=2"}]}},"_links":{"self":[{"href":"https:\/\/lospoliticosveracruz.com\/index.php?rest_route=\/wp\/v2\/posts\/135260","targetHints":{"allow":["GET"]}}],"collection":[{"href":"https:\/\/lospoliticosveracruz.com\/index.php?rest_route=\/wp\/v2\/posts"}],"about":[{"href":"https:\/\/lospoliticosveracruz.com\/index.php?rest_route=\/wp\/v2\/types\/post"}],"author":[{"embeddable":true,"href":"https:\/\/lospoliticosveracruz.com\/index.php?rest_route=\/wp\/v2\/users\/2"}],"replies":[{"embeddable":true,"href":"https:\/\/lospoliticosveracruz.com\/index.php?rest_route=%2Fwp%2Fv2%2Fcomments&post=135260"}],"version-history":[{"count":1,"href":"https:\/\/lospoliticosveracruz.com\/index.php?rest_route=\/wp\/v2\/posts\/135260\/revisions"}],"predecessor-version":[{"id":135261,"href":"https:\/\/lospoliticosveracruz.com\/index.php?rest_route=\/wp\/v2\/posts\/135260\/revisions\/135261"}],"wp:featuredmedia":[{"embeddable":true,"href":"https:\/\/lospoliticosveracruz.com\/index.php?rest_route=\/wp\/v2\/media\/126076"}],"wp:attachment":[{"href":"https:\/\/lospoliticosveracruz.com\/index.php?rest_route=%2Fwp%2Fv2%2Fmedia&parent=135260"}],"wp:term":[{"taxonomy":"category","embeddable":true,"href":"https:\/\/lospoliticosveracruz.com\/index.php?rest_route=%2Fwp%2Fv2%2Fcategories&post=135260"},{"taxonomy":"post_tag","embeddable":true,"href":"https:\/\/lospoliticosveracruz.com\/index.php?rest_route=%2Fwp%2Fv2%2Ftags&post=135260"}],"curies":[{"name":"wp","href":"https:\/\/api.w.org\/{rel}","templated":true}]}}