{"id":135262,"date":"2025-01-09T07:50:09","date_gmt":"2025-01-09T13:50:09","guid":{"rendered":"https:\/\/lospoliticosveracruz.com.mx\/?p=135262"},"modified":"2025-01-09T07:50:21","modified_gmt":"2025-01-09T13:50:21","slug":"eramos-muchos","status":"publish","type":"post","link":"https:\/\/lospoliticosveracruz.com\/?p=135262","title":{"rendered":"\u00c9RAMOS MUCHOS\u2026"},"content":{"rendered":"\n<p>S\u00edguenos ahora tambi\u00e9n en WhatsApp.&nbsp;<a href=\"https:\/\/whatsapp.com\/channel\/0029Va8zRWlEKyZIP3Z1dF0e\"><strong><em>Da clic aqu\u00ed<\/em><\/strong><\/a><\/p>\n\n\n\n<p><strong>Oved Contreras<\/strong><\/p>\n\n\n\n<p><em>Secas Mecas&nbsp;<\/em><\/p>\n\n\n\n<p>Y pari\u00f3 la abuela\u2026as\u00ed reza el popular refr\u00e1n\u2026ahora resulta que hay muchos tiradores guindas que van por la alcald\u00eda boque\u00f1a\u2026ayer aparecieron otros tres que se inscribieron en el proceso interno y obvio todos dicen amar a Boca del R\u00edo y que van a llevar la transformaci\u00f3n\u2026pues todos estos aspirantes y suspirantes morenacos deben estar ciegos o de plano no viven en Boca porque, por si no se han dado cuenta, el alcalde Juan Manuel Unanue tiene al municipio trabajando pian pianito.<\/p>\n\n\n\n<p>Solo hay que ver todo el desarrollo empresarial asentado en territorio boque\u00f1o, la hoteler\u00eda y el turismo caminando de la mano, y por ende los dem\u00e1s prestadores de servicios que generan empleos y prosperidad en Boca del R\u00edo\u2026as\u00ed que se oyen mal estos aspirantes morenos prometiendo como si el municipio estuviera en penumbras\u2026quieren sentarse a la mesa puesta.<\/p>\n\n\n\n<p>La que sufre ni se acongoja es la diputada federal Maryjose Gamboa que se perfila para ser la abanderada del PAN a la alcald\u00eda\u2026todos los d\u00edas recorre las colonias boque\u00f1as para atender gestiones de la gente\u2026o realizar talleres para que aprendan a realizar alguna manualidad, servicio o productos que les permitan un ingreso extra a las familias\u2026trabajo y m\u00e1s trabajo es su carta de presentaci\u00f3n\u2026no es fortuito que haya ganado cuatro elecciones seguidas cuando la gente sabe que hace compromisos y los cumple.<\/p>\n\n\n\n<p><strong>SPRINT DE LA COMADRE<\/strong>&#8230;.ni Ana Guevara ni los corredores kenianos que ganan todo donde compiten&#8230;le ganan a la comadrita Claudia Tello&#8230;quien ayer no le importaron ni las reumas ni la ci\u00e1tica&#8230;ni las v\u00e1rices&#8230;y se ech\u00f3 a correr de los tundeteclas orizabe\u00f1os que le iban a preguntar cosas que no le gustan a la do\u00f1a&#8230;<\/p>\n\n\n\n<p>Fue en el poliforum Mier y Pesado donde la secre de Educaci\u00f3n acudi\u00f3 al Foro Regional de Bienestar Social&#8230;y al salir no quiso atender a la prensa&#8230;dijo que no ten\u00eda tiempo&#8230;que la T\u00eda Ch\u00edo&#8230;osease su comadris&#8230;la esperaba para un asunto s\u00faper urgente&#8230;que de ellas dos depend\u00eda que el Trump no invadiera a Veracruz y que por eso se iba a preparar las catanas y los ca\u00f1ones&#8230;.y que pone pies en polvorosa&#8230;<\/p>\n\n\n\n<p>Todo porque le pasaron el pitazo de que le iban a preguntar del despapaye que hay en la delegaci\u00f3n de la SEV&#8230;desde tiempos del mu\u00f1ecote Zenyazen Escobar&#8230;de los casos de nepostismo&#8230; venta de plazas&#8230;aviadores&#8230;y acoso sexual a empleadas y estudiantes&#8230;uta pos es todo lo que la Tello jura y perjura que ya se acab\u00f3&#8230;desde que ella lleg\u00f3 a despachar en la secretar\u00eda&#8230;as\u00ed c\u00f3mo quieren que se detuviera a dar la entrevista????&#8230;juar juar juar&#8230;<\/p>\n\n\n\n<p>Y la comadrita mejor se ech\u00f3 esa ochentera de Flans&#8230;corre&#8230;corre&#8230;por el bulevar&#8230;corre&#8230;corre&#8230;sin mirar atr\u00e1s!!!&#8230;juarrrr&#8230;a todos les dijo si tienen tele all\u00ed se ven\u2026ni el polvo le vieron los metiches y preguntones tundeteclas.<\/p>\n\n\n\n<p><strong>PRIMO DEL MU\u00d1ECOTE<\/strong>&#8230;perooo no falt\u00f3 el reportero de buena pierna que le sigui\u00f3 el paso y se ech\u00f3 la carrera pa alcanzarla y preguntarle de varios casos de acoso sexual a alumnas por parte del delegado \u00c1ngel Huerta Anzures&#8230;al que acaba de ratificar &#8230;y la Tello\u00a0\u00a0no tuvo de otra que decirle&#8230; \u00abh\u00e1ganmela llegar (la denuncia&#8230;no es albur)&#8230;y lo atendemos\u00bb\u2026c\u00f3mo la beisbol??? Ahora resulta que en lugar de ordenar una investigaci\u00f3n&#8230;son los tundes los que tienen que hacerla de ministerio p\u00fablico o contralores de la SEV&#8230;qu\u00e9 c\u00f3moda la comadrita&#8230;ni sufre ni se despeina.<\/p>\n\n\n\n<p>Por si no sab\u00edan&#8230;el tal Huerta Anzures dicen que es primo del Zenyi Escobar&#8230;quesque el mu\u00f1ecote sigue mandando y haciendo negocios en varias delegaciones de la SEV&#8230;entre ellas la de Orizaba&#8230;y que la comadre Tello tiene prohibido tocarlo&#8230;porque si lo hace se le aparece Tarz\u00e1n Boy en chones y medias sangre de pinch\u00f3n. Zasss culebra&#8230;!!!<\/p>\n\n\n\n<p>Aunque es harina de otro costal y como mi pecho no es bodega\u2026aqu\u00ed les va otra, anda tan interesado el mu\u00f1ecote Zenyazen en meterse a la interna de Morena para la alcald\u00eda de C\u00f3rdoba, que lleva dos cartas: uno es el diputado local Juan Tress Zilli que ayer ofreci\u00f3 conferencia de prensa con chamarra Hugo Boss de ocho mil pesos\u2026y el jefe de prensa de Zenyi, Aldo Valeriano, se dio cuenta del detalle que edit\u00f3 las fotos que envi\u00f3 a prensa para borrarle el nombre de la marca\u2026juar juar\u2026pero ya todo andaba en redes as\u00ed que no pudieron parar la exhibida.<\/p>\n\n\n\n<p><strong>CON UNA PATITA AFUERA<\/strong>&#8230;.as\u00ed est\u00e1 el Duartocho que ahora gan\u00f3 otrooo amparo pa que se reponga la audiencia judicial por el delito de incumplimiento de un deber legal&#8230;que le concedi\u00f3 el Segundo Tribunal Colegiado en Materia Penal del S\u00e9ptimo Circuito en Xalapa.<\/p>\n\n\n\n<p>El juez que ampar\u00f3 al Malvado Doctor Tocino tiene un apellido bien raro&#8230;Sartorius&#8230;.Ren\u00e9 Ortiz Sartorius&#8230;hasta mello da!!!&#8230;suena como a integrante de la banda de Los Sopranos&#8230;juar juar juar&#8230;pos Dios los hace y el diablo los arrejunta porque el Sartorius ampar\u00f3 a Duartochorius&#8230;pa que pueda alegar y que le tumben ese delito.<\/p>\n","protected":false},"excerpt":{"rendered":"<p>S\u00edguenos ahora tambi\u00e9n en WhatsApp.&nbsp;Da clic aqu\u00ed Oved Contreras Secas Mecas&nbsp; Y pari\u00f3 la abuela\u2026as\u00ed reza el popular refr\u00e1n\u2026ahora resulta que hay muchos tiradores guindas que van por la alcald\u00eda boque\u00f1a\u2026ayer aparecieron otros tres que se inscribieron en el proceso interno y obvio todos dicen amar a Boca del R\u00edo y que van a llevar [&hellip;]<\/p>\n","protected":false},"author":2,"featured_media":119816,"comment_status":"closed","ping_status":"closed","sticky":false,"template":"","format":"standard","meta":{"tdm_status":"","tdm_grid_status":"","footnotes":""},"categories":[70],"tags":[],"class_list":{"0":"post-135262","1":"post","2":"type-post","3":"status-publish","4":"format-standard","5":"has-post-thumbnail","7":"category-de-opinion"},"yoast_head":"<!-- This site is optimized with the Yoast SEO plugin v27.4 - https:\/\/yoast.com\/product\/yoast-seo-wordpress\/ -->\n<title>\u00c9RAMOS MUCHOS\u2026 - Los pol\u00edticos Veracruz<\/title>\n<meta name=\"robots\" content=\"index, follow, max-snippet:-1, max-image-preview:large, max-video-preview:-1\" \/>\n<link rel=\"canonical\" href=\"https:\/\/lospoliticosveracruz.com\/?p=135262\" \/>\n<meta property=\"og:locale\" content=\"es_ES\" \/>\n<meta property=\"og:type\" content=\"article\" \/>\n<meta property=\"og:title\" content=\"\u00c9RAMOS MUCHOS\u2026 - Los pol\u00edticos Veracruz\" \/>\n<meta property=\"og:description\" content=\"S\u00edguenos ahora tambi\u00e9n en WhatsApp.&nbsp;Da clic aqu\u00ed Oved Contreras Secas Mecas&nbsp; Y pari\u00f3 la abuela\u2026as\u00ed reza el popular refr\u00e1n\u2026ahora resulta que hay muchos tiradores guindas que van por la alcald\u00eda boque\u00f1a\u2026ayer aparecieron otros tres que se inscribieron en el proceso interno y obvio todos dicen amar a Boca del R\u00edo y que van a llevar [&hellip;]\" \/>\n<meta property=\"og:url\" content=\"https:\/\/lospoliticosveracruz.com\/?p=135262\" \/>\n<meta property=\"og:site_name\" content=\"Los pol\u00edticos Veracruz\" \/>\n<meta property=\"article:publisher\" content=\"https:\/\/www.facebook.com\/people\/Notimemes-de-los-Polticos\/61565672886568\/\" \/>\n<meta property=\"article:published_time\" content=\"2025-01-09T13:50:09+00:00\" \/>\n<meta property=\"article:modified_time\" content=\"2025-01-09T13:50:21+00:00\" \/>\n<meta property=\"og:image\" content=\"https:\/\/lospoliticosveracruz.com\/wp-content\/uploads\/2024\/03\/Oved-Contreras.jpg\" \/>\n\t<meta property=\"og:image:width\" content=\"1250\" \/>\n\t<meta property=\"og:image:height\" content=\"667\" \/>\n\t<meta property=\"og:image:type\" content=\"image\/jpeg\" \/>\n<meta name=\"author\" content=\"Lo viste en Los Pol\u00edticos\" \/>\n<meta name=\"twitter:card\" content=\"summary_large_image\" \/>\n<meta name=\"twitter:creator\" content=\"@LosPoliticosVer\" \/>\n<meta name=\"twitter:site\" content=\"@LosPoliticosVer\" \/>\n<meta name=\"twitter:label1\" content=\"Escrito por\" \/>\n\t<meta name=\"twitter:data1\" content=\"Lo viste en Los Pol\u00edticos\" \/>\n\t<meta name=\"twitter:label2\" content=\"Tiempo de lectura\" \/>\n\t<meta name=\"twitter:data2\" content=\"5 minutos\" \/>\n<script type=\"application\/ld+json\" class=\"yoast-schema-graph\">{\"@context\":\"https:\\\/\\\/schema.org\",\"@graph\":[{\"@type\":\"Article\",\"@id\":\"https:\\\/\\\/lospoliticosveracruz.com\\\/?p=135262#article\",\"isPartOf\":{\"@id\":\"https:\\\/\\\/lospoliticosveracruz.com\\\/?p=135262\"},\"author\":{\"name\":\"Lo viste en Los Pol\u00edticos\",\"@id\":\"https:\\\/\\\/lospoliticosveracruz.com\\\/#\\\/schema\\\/person\\\/b8702bb0e538456e6efd07080bf2a4a2\"},\"headline\":\"\u00c9RAMOS MUCHOS\u2026\",\"datePublished\":\"2025-01-09T13:50:09+00:00\",\"dateModified\":\"2025-01-09T13:50:21+00:00\",\"mainEntityOfPage\":{\"@id\":\"https:\\\/\\\/lospoliticosveracruz.com\\\/?p=135262\"},\"wordCount\":921,\"publisher\":{\"@id\":\"https:\\\/\\\/lospoliticosveracruz.com\\\/#organization\"},\"image\":{\"@id\":\"https:\\\/\\\/lospoliticosveracruz.com\\\/?p=135262#primaryimage\"},\"thumbnailUrl\":\"https:\\\/\\\/lospoliticosveracruz.com\\\/wp-content\\\/uploads\\\/2024\\\/03\\\/Oved-Contreras.jpg\",\"articleSection\":[\"De Opini\u00f3n\"],\"inLanguage\":\"es\"},{\"@type\":\"WebPage\",\"@id\":\"https:\\\/\\\/lospoliticosveracruz.com\\\/?p=135262\",\"url\":\"https:\\\/\\\/lospoliticosveracruz.com\\\/?p=135262\",\"name\":\"\u00c9RAMOS MUCHOS\u2026 - Los pol\u00edticos Veracruz\",\"isPartOf\":{\"@id\":\"https:\\\/\\\/lospoliticosveracruz.com\\\/#website\"},\"primaryImageOfPage\":{\"@id\":\"https:\\\/\\\/lospoliticosveracruz.com\\\/?p=135262#primaryimage\"},\"image\":{\"@id\":\"https:\\\/\\\/lospoliticosveracruz.com\\\/?p=135262#primaryimage\"},\"thumbnailUrl\":\"https:\\\/\\\/lospoliticosveracruz.com\\\/wp-content\\\/uploads\\\/2024\\\/03\\\/Oved-Contreras.jpg\",\"datePublished\":\"2025-01-09T13:50:09+00:00\",\"dateModified\":\"2025-01-09T13:50:21+00:00\",\"breadcrumb\":{\"@id\":\"https:\\\/\\\/lospoliticosveracruz.com\\\/?p=135262#breadcrumb\"},\"inLanguage\":\"es\",\"potentialAction\":[{\"@type\":\"ReadAction\",\"target\":[\"https:\\\/\\\/lospoliticosveracruz.com\\\/?p=135262\"]}]},{\"@type\":\"ImageObject\",\"inLanguage\":\"es\",\"@id\":\"https:\\\/\\\/lospoliticosveracruz.com\\\/?p=135262#primaryimage\",\"url\":\"https:\\\/\\\/lospoliticosveracruz.com\\\/wp-content\\\/uploads\\\/2024\\\/03\\\/Oved-Contreras.jpg\",\"contentUrl\":\"https:\\\/\\\/lospoliticosveracruz.com\\\/wp-content\\\/uploads\\\/2024\\\/03\\\/Oved-Contreras.jpg\",\"width\":1250,\"height\":667},{\"@type\":\"BreadcrumbList\",\"@id\":\"https:\\\/\\\/lospoliticosveracruz.com\\\/?p=135262#breadcrumb\",\"itemListElement\":[{\"@type\":\"ListItem\",\"position\":1,\"name\":\"Portada\",\"item\":\"https:\\\/\\\/lospoliticosveracruz.com\\\/\"},{\"@type\":\"ListItem\",\"position\":2,\"name\":\"\u00c9RAMOS MUCHOS\u2026\"}]},{\"@type\":\"WebSite\",\"@id\":\"https:\\\/\\\/lospoliticosveracruz.com\\\/#website\",\"url\":\"https:\\\/\\\/lospoliticosveracruz.com\\\/\",\"name\":\"Los pol\u00edticos Veracruz\",\"description\":\"\",\"publisher\":{\"@id\":\"https:\\\/\\\/lospoliticosveracruz.com\\\/#organization\"},\"potentialAction\":[{\"@type\":\"SearchAction\",\"target\":{\"@type\":\"EntryPoint\",\"urlTemplate\":\"https:\\\/\\\/lospoliticosveracruz.com\\\/?s={search_term_string}\"},\"query-input\":{\"@type\":\"PropertyValueSpecification\",\"valueRequired\":true,\"valueName\":\"search_term_string\"}}],\"inLanguage\":\"es\"},{\"@type\":\"Organization\",\"@id\":\"https:\\\/\\\/lospoliticosveracruz.com\\\/#organization\",\"name\":\"Los pol\u00edticos Veracruz\",\"url\":\"https:\\\/\\\/lospoliticosveracruz.com\\\/\",\"logo\":{\"@type\":\"ImageObject\",\"inLanguage\":\"es\",\"@id\":\"https:\\\/\\\/lospoliticosveracruz.com\\\/#\\\/schema\\\/logo\\\/image\\\/\",\"url\":\"https:\\\/\\\/lospoliticosveracruz.com\\\/wp-content\\\/uploads\\\/2025\\\/12\\\/Logo-Nuevo-LOS-POLITICOS-1.jpg\",\"contentUrl\":\"https:\\\/\\\/lospoliticosveracruz.com\\\/wp-content\\\/uploads\\\/2025\\\/12\\\/Logo-Nuevo-LOS-POLITICOS-1.jpg\",\"width\":260,\"height\":70,\"caption\":\"Los pol\u00edticos Veracruz\"},\"image\":{\"@id\":\"https:\\\/\\\/lospoliticosveracruz.com\\\/#\\\/schema\\\/logo\\\/image\\\/\"},\"sameAs\":[\"https:\\\/\\\/www.facebook.com\\\/people\\\/Notimemes-de-los-Polticos\\\/61565672886568\\\/\",\"https:\\\/\\\/x.com\\\/LosPoliticosVer\"]},{\"@type\":\"Person\",\"@id\":\"https:\\\/\\\/lospoliticosveracruz.com\\\/#\\\/schema\\\/person\\\/b8702bb0e538456e6efd07080bf2a4a2\",\"name\":\"Lo viste en Los Pol\u00edticos\",\"image\":{\"@type\":\"ImageObject\",\"inLanguage\":\"es\",\"@id\":\"https:\\\/\\\/secure.gravatar.com\\\/avatar\\\/3a8de04a2656d44082be478bd6c086daa447c4651605818287b9532d3d0bd435?s=96&d=mm&r=g\",\"url\":\"https:\\\/\\\/secure.gravatar.com\\\/avatar\\\/3a8de04a2656d44082be478bd6c086daa447c4651605818287b9532d3d0bd435?s=96&d=mm&r=g\",\"contentUrl\":\"https:\\\/\\\/secure.gravatar.com\\\/avatar\\\/3a8de04a2656d44082be478bd6c086daa447c4651605818287b9532d3d0bd435?s=96&d=mm&r=g\",\"caption\":\"Lo viste en Los Pol\u00edticos\"},\"url\":\"https:\\\/\\\/lospoliticosveracruz.com\\\/?author=2\"}]}<\/script>\n<!-- \/ Yoast SEO plugin. -->","yoast_head_json":{"title":"\u00c9RAMOS MUCHOS\u2026 - Los pol\u00edticos Veracruz","robots":{"index":"index","follow":"follow","max-snippet":"max-snippet:-1","max-image-preview":"max-image-preview:large","max-video-preview":"max-video-preview:-1"},"canonical":"https:\/\/lospoliticosveracruz.com\/?p=135262","og_locale":"es_ES","og_type":"article","og_title":"\u00c9RAMOS MUCHOS\u2026 - Los pol\u00edticos Veracruz","og_description":"S\u00edguenos ahora tambi\u00e9n en WhatsApp.&nbsp;Da clic aqu\u00ed Oved Contreras Secas Mecas&nbsp; Y pari\u00f3 la abuela\u2026as\u00ed reza el popular refr\u00e1n\u2026ahora resulta que hay muchos tiradores guindas que van por la alcald\u00eda boque\u00f1a\u2026ayer aparecieron otros tres que se inscribieron en el proceso interno y obvio todos dicen amar a Boca del R\u00edo y que van a llevar [&hellip;]","og_url":"https:\/\/lospoliticosveracruz.com\/?p=135262","og_site_name":"Los pol\u00edticos Veracruz","article_publisher":"https:\/\/www.facebook.com\/people\/Notimemes-de-los-Polticos\/61565672886568\/","article_published_time":"2025-01-09T13:50:09+00:00","article_modified_time":"2025-01-09T13:50:21+00:00","og_image":[{"width":1250,"height":667,"url":"https:\/\/lospoliticosveracruz.com\/wp-content\/uploads\/2024\/03\/Oved-Contreras.jpg","type":"image\/jpeg"}],"author":"Lo viste en Los Pol\u00edticos","twitter_card":"summary_large_image","twitter_creator":"@LosPoliticosVer","twitter_site":"@LosPoliticosVer","twitter_misc":{"Escrito por":"Lo viste en Los Pol\u00edticos","Tiempo de lectura":"5 minutos"},"schema":{"@context":"https:\/\/schema.org","@graph":[{"@type":"Article","@id":"https:\/\/lospoliticosveracruz.com\/?p=135262#article","isPartOf":{"@id":"https:\/\/lospoliticosveracruz.com\/?p=135262"},"author":{"name":"Lo viste en Los Pol\u00edticos","@id":"https:\/\/lospoliticosveracruz.com\/#\/schema\/person\/b8702bb0e538456e6efd07080bf2a4a2"},"headline":"\u00c9RAMOS MUCHOS\u2026","datePublished":"2025-01-09T13:50:09+00:00","dateModified":"2025-01-09T13:50:21+00:00","mainEntityOfPage":{"@id":"https:\/\/lospoliticosveracruz.com\/?p=135262"},"wordCount":921,"publisher":{"@id":"https:\/\/lospoliticosveracruz.com\/#organization"},"image":{"@id":"https:\/\/lospoliticosveracruz.com\/?p=135262#primaryimage"},"thumbnailUrl":"https:\/\/lospoliticosveracruz.com\/wp-content\/uploads\/2024\/03\/Oved-Contreras.jpg","articleSection":["De Opini\u00f3n"],"inLanguage":"es"},{"@type":"WebPage","@id":"https:\/\/lospoliticosveracruz.com\/?p=135262","url":"https:\/\/lospoliticosveracruz.com\/?p=135262","name":"\u00c9RAMOS MUCHOS\u2026 - Los pol\u00edticos Veracruz","isPartOf":{"@id":"https:\/\/lospoliticosveracruz.com\/#website"},"primaryImageOfPage":{"@id":"https:\/\/lospoliticosveracruz.com\/?p=135262#primaryimage"},"image":{"@id":"https:\/\/lospoliticosveracruz.com\/?p=135262#primaryimage"},"thumbnailUrl":"https:\/\/lospoliticosveracruz.com\/wp-content\/uploads\/2024\/03\/Oved-Contreras.jpg","datePublished":"2025-01-09T13:50:09+00:00","dateModified":"2025-01-09T13:50:21+00:00","breadcrumb":{"@id":"https:\/\/lospoliticosveracruz.com\/?p=135262#breadcrumb"},"inLanguage":"es","potentialAction":[{"@type":"ReadAction","target":["https:\/\/lospoliticosveracruz.com\/?p=135262"]}]},{"@type":"ImageObject","inLanguage":"es","@id":"https:\/\/lospoliticosveracruz.com\/?p=135262#primaryimage","url":"https:\/\/lospoliticosveracruz.com\/wp-content\/uploads\/2024\/03\/Oved-Contreras.jpg","contentUrl":"https:\/\/lospoliticosveracruz.com\/wp-content\/uploads\/2024\/03\/Oved-Contreras.jpg","width":1250,"height":667},{"@type":"BreadcrumbList","@id":"https:\/\/lospoliticosveracruz.com\/?p=135262#breadcrumb","itemListElement":[{"@type":"ListItem","position":1,"name":"Portada","item":"https:\/\/lospoliticosveracruz.com\/"},{"@type":"ListItem","position":2,"name":"\u00c9RAMOS MUCHOS\u2026"}]},{"@type":"WebSite","@id":"https:\/\/lospoliticosveracruz.com\/#website","url":"https:\/\/lospoliticosveracruz.com\/","name":"Los pol\u00edticos Veracruz","description":"","publisher":{"@id":"https:\/\/lospoliticosveracruz.com\/#organization"},"potentialAction":[{"@type":"SearchAction","target":{"@type":"EntryPoint","urlTemplate":"https:\/\/lospoliticosveracruz.com\/?s={search_term_string}"},"query-input":{"@type":"PropertyValueSpecification","valueRequired":true,"valueName":"search_term_string"}}],"inLanguage":"es"},{"@type":"Organization","@id":"https:\/\/lospoliticosveracruz.com\/#organization","name":"Los pol\u00edticos Veracruz","url":"https:\/\/lospoliticosveracruz.com\/","logo":{"@type":"ImageObject","inLanguage":"es","@id":"https:\/\/lospoliticosveracruz.com\/#\/schema\/logo\/image\/","url":"https:\/\/lospoliticosveracruz.com\/wp-content\/uploads\/2025\/12\/Logo-Nuevo-LOS-POLITICOS-1.jpg","contentUrl":"https:\/\/lospoliticosveracruz.com\/wp-content\/uploads\/2025\/12\/Logo-Nuevo-LOS-POLITICOS-1.jpg","width":260,"height":70,"caption":"Los pol\u00edticos Veracruz"},"image":{"@id":"https:\/\/lospoliticosveracruz.com\/#\/schema\/logo\/image\/"},"sameAs":["https:\/\/www.facebook.com\/people\/Notimemes-de-los-Polticos\/61565672886568\/","https:\/\/x.com\/LosPoliticosVer"]},{"@type":"Person","@id":"https:\/\/lospoliticosveracruz.com\/#\/schema\/person\/b8702bb0e538456e6efd07080bf2a4a2","name":"Lo viste en Los Pol\u00edticos","image":{"@type":"ImageObject","inLanguage":"es","@id":"https:\/\/secure.gravatar.com\/avatar\/3a8de04a2656d44082be478bd6c086daa447c4651605818287b9532d3d0bd435?s=96&d=mm&r=g","url":"https:\/\/secure.gravatar.com\/avatar\/3a8de04a2656d44082be478bd6c086daa447c4651605818287b9532d3d0bd435?s=96&d=mm&r=g","contentUrl":"https:\/\/secure.gravatar.com\/avatar\/3a8de04a2656d44082be478bd6c086daa447c4651605818287b9532d3d0bd435?s=96&d=mm&r=g","caption":"Lo viste en Los Pol\u00edticos"},"url":"https:\/\/lospoliticosveracruz.com\/?author=2"}]}},"_links":{"self":[{"href":"https:\/\/lospoliticosveracruz.com\/index.php?rest_route=\/wp\/v2\/posts\/135262","targetHints":{"allow":["GET"]}}],"collection":[{"href":"https:\/\/lospoliticosveracruz.com\/index.php?rest_route=\/wp\/v2\/posts"}],"about":[{"href":"https:\/\/lospoliticosveracruz.com\/index.php?rest_route=\/wp\/v2\/types\/post"}],"author":[{"embeddable":true,"href":"https:\/\/lospoliticosveracruz.com\/index.php?rest_route=\/wp\/v2\/users\/2"}],"replies":[{"embeddable":true,"href":"https:\/\/lospoliticosveracruz.com\/index.php?rest_route=%2Fwp%2Fv2%2Fcomments&post=135262"}],"version-history":[{"count":2,"href":"https:\/\/lospoliticosveracruz.com\/index.php?rest_route=\/wp\/v2\/posts\/135262\/revisions"}],"predecessor-version":[{"id":135264,"href":"https:\/\/lospoliticosveracruz.com\/index.php?rest_route=\/wp\/v2\/posts\/135262\/revisions\/135264"}],"wp:featuredmedia":[{"embeddable":true,"href":"https:\/\/lospoliticosveracruz.com\/index.php?rest_route=\/wp\/v2\/media\/119816"}],"wp:attachment":[{"href":"https:\/\/lospoliticosveracruz.com\/index.php?rest_route=%2Fwp%2Fv2%2Fmedia&parent=135262"}],"wp:term":[{"taxonomy":"category","embeddable":true,"href":"https:\/\/lospoliticosveracruz.com\/index.php?rest_route=%2Fwp%2Fv2%2Fcategories&post=135262"},{"taxonomy":"post_tag","embeddable":true,"href":"https:\/\/lospoliticosveracruz.com\/index.php?rest_route=%2Fwp%2Fv2%2Ftags&post=135262"}],"curies":[{"name":"wp","href":"https:\/\/api.w.org\/{rel}","templated":true}]}}