{"id":135265,"date":"2025-01-09T07:55:41","date_gmt":"2025-01-09T13:55:41","guid":{"rendered":"https:\/\/lospoliticosveracruz.com.mx\/?p=135265"},"modified":"2025-01-09T07:55:54","modified_gmt":"2025-01-09T13:55:54","slug":"tres-de-morena-por-martinez-de-la-torre","status":"publish","type":"post","link":"https:\/\/lospoliticosveracruz.com\/?p=135265","title":{"rendered":"TRES DE MORENA POR MART\u00cdNEZ DE LA TORRE"},"content":{"rendered":"\n<p>S\u00edguenos ahora tambi\u00e9n en WhatsApp.&nbsp;<a href=\"https:\/\/whatsapp.com\/channel\/0029Va8zRWlEKyZIP3Z1dF0e\"><strong><em>Da clic aqu\u00ed<\/em><\/strong><\/a><\/p>\n\n\n\n<p><strong>Luis Alberto Romero<\/strong><\/p>\n\n\n\n<p><em>Hora cero<\/em><\/p>\n\n\n\n<p>Mart\u00ednez de la Torre es un municipio con cerca de 110 mil habitantes, de acuerdo con el censo m\u00e1s reciente, de 2020.<\/p>\n\n\n\n<p>Este lugar registra una destacada actividad econ\u00f3mica, por ser el punto m\u00e1s importante del pa\u00eds en t\u00e9rminos de exportaci\u00f3n citr\u00edcola. Un alto porcentaje del lim\u00f3n persa que se exporta de M\u00e9xico tiene como origen Mart\u00ednez de la Torre.<\/p>\n\n\n\n<p>Como ejemplo de esa actividad se podr\u00edan citar los datos de la Secretar\u00eda de Econom\u00eda, que ubicaron en 2023 las ventas internaciones de Mart\u00ednez de la Torre, b\u00e1sicamente c\u00edtricos frescos o secos, en 167 millones de d\u00f3lares, que se env\u00edan a Estados Unidos, diversos pa\u00eds de Europa, y Asia.<\/p>\n\n\n\n<p>S\u00f3lo durante julio de 2024, los datos m\u00e1s recientes disponibles en la SE, las exportaciones generaron 24.4 millones de d\u00f3lares.<\/p>\n\n\n\n<p>En este municipio, la tasa de desocupaci\u00f3n apenas llega al 2%, pero a pesar de que esta es una regi\u00f3n que genera empleos, sobre todo en el sector primario de la econom\u00eda, las remesas que env\u00edan los connacionales que trabajan en otros pa\u00eds \u2013particularmente Estados Unidos\u2013 son una fuente importante de recursos: durante el segundo trimestre de 2024, por ejemplo, el monto de esos recursos ascendi\u00f3 a 18.5 millones de d\u00f3lares.<\/p>\n\n\n\n<p>Mart\u00ednez de la Torre es, en t\u00e9rminos generales, un lugar que genera riqueza, aunque ello no siempre se refleja en la calidad de vida de sus habitantes: casi el 20% de la poblaci\u00f3n no cuenta con agua potable; y hay 1,865 viviendas sin drenaje.<\/p>\n\n\n\n<p>En este lugar hay 30 mil habitantes en condici\u00f3n de vulnerabilidad por carencias sociales; m\u00e1s de 50 mil en pobreza moderada; y casi 12 mil en pobreza extrema.<\/p>\n\n\n\n<p>M\u00e1s datos: hay 25 mil martinenses en rezago educativo; m\u00e1s de 48 mil no tienen acceso a los servicios de salud; y 77 mil carecen de seguridad social, de acuerdo con datos de la Secretar\u00eda de Bienestar, correspondientes a 2022.<\/p>\n\n\n\n<p>Ese es el panorama que presenta este municipio veracruzano caracterizado por la enorme desigualdad social: un alto volumen de exportaciones, pero elevada tasa de poblaci\u00f3n en condici\u00f3n de pobreza, m\u00e1s de la mitad.<\/p>\n\n\n\n<p>En este lugar, Morena prepara su contienda interna para la selecci\u00f3n de la candidatura a la presidencia municipal. Tres actores pol\u00edticos locales, m\u00e1s los que se registren de \u00faltima hora este mi\u00e9rcoles, se han inscrito en los t\u00e9rminos de la convocatoria del partido: la ex presidenta de la Mesa Directiva en el Congreso del Estado y actual directora del ICATVER, Adriana Esther Mart\u00ednez S\u00e1nchez; el presidente municipal suplente, Modesto Vel\u00e1zquez Toral; y el empresario V\u00edctor Manuel Vega Jim\u00e9nez, quien se desenvuelve en la industria de la construcci\u00f3n.<\/p>\n\n\n\n<p>La ecuaci\u00f3n parece simple en este lugar: si la candidatura se reserva para una mujer, Adriana Esther Mart\u00ednez ser\u00e1 abanderada de la 4T; si se determina que la posici\u00f3n sea ocupada por un hombre, el tema se resolver\u00e1 entre el suplente y el empresario constructor, ambos, por cierto, muy vinculados al actual secretario de Agricultura del gobierno estatal, Rodrigo Calder\u00f3n Salas; y ambos, con trabajo de a\u00f1os en las colonias y comunidades de este lugar, reconocido por la calidad de sus c\u00edtricos.<\/p>\n\n\n\n<p>En este municipio, el proceso interno de Morena tiene altas probabilidades de definir al pr\u00f3ximo alcalde, dado el respaldo ciudadano con el que cuenta la 4T. El PRI, como en el resto del estado, est\u00e1 desfondado; y el PAN, desarticulado.<\/p>\n\n\n\n<p>@luisromero85<\/p>\n","protected":false},"excerpt":{"rendered":"<p>S\u00edguenos ahora tambi\u00e9n en WhatsApp.&nbsp;Da clic aqu\u00ed Luis Alberto Romero Hora cero Mart\u00ednez de la Torre es un municipio con cerca de 110 mil habitantes, de acuerdo con el censo m\u00e1s reciente, de 2020. Este lugar registra una destacada actividad econ\u00f3mica, por ser el punto m\u00e1s importante del pa\u00eds en t\u00e9rminos de exportaci\u00f3n citr\u00edcola. Un [&hellip;]<\/p>\n","protected":false},"author":2,"featured_media":119912,"comment_status":"closed","ping_status":"closed","sticky":false,"template":"","format":"standard","meta":{"tdm_status":"","tdm_grid_status":"","footnotes":""},"categories":[70],"tags":[963],"class_list":{"0":"post-135265","1":"post","2":"type-post","3":"status-publish","4":"format-standard","5":"has-post-thumbnail","7":"category-de-opinion","8":"tag-martinez-de-la-torre"},"yoast_head":"<!-- This site is optimized with the Yoast SEO plugin v27.4 - https:\/\/yoast.com\/product\/yoast-seo-wordpress\/ -->\n<title>TRES DE MORENA POR MART\u00cdNEZ DE LA TORRE - Los pol\u00edticos Veracruz<\/title>\n<meta name=\"robots\" content=\"index, follow, max-snippet:-1, max-image-preview:large, max-video-preview:-1\" \/>\n<link rel=\"canonical\" href=\"https:\/\/lospoliticosveracruz.com\/?p=135265\" \/>\n<meta property=\"og:locale\" content=\"es_ES\" \/>\n<meta property=\"og:type\" content=\"article\" \/>\n<meta property=\"og:title\" content=\"TRES DE MORENA POR MART\u00cdNEZ DE LA TORRE - Los pol\u00edticos Veracruz\" \/>\n<meta property=\"og:description\" content=\"S\u00edguenos ahora tambi\u00e9n en WhatsApp.&nbsp;Da clic aqu\u00ed Luis Alberto Romero Hora cero Mart\u00ednez de la Torre es un municipio con cerca de 110 mil habitantes, de acuerdo con el censo m\u00e1s reciente, de 2020. Este lugar registra una destacada actividad econ\u00f3mica, por ser el punto m\u00e1s importante del pa\u00eds en t\u00e9rminos de exportaci\u00f3n citr\u00edcola. Un [&hellip;]\" \/>\n<meta property=\"og:url\" content=\"https:\/\/lospoliticosveracruz.com\/?p=135265\" \/>\n<meta property=\"og:site_name\" content=\"Los pol\u00edticos Veracruz\" \/>\n<meta property=\"article:publisher\" content=\"https:\/\/www.facebook.com\/people\/Notimemes-de-los-Polticos\/61565672886568\/\" \/>\n<meta property=\"article:published_time\" content=\"2025-01-09T13:55:41+00:00\" \/>\n<meta property=\"article:modified_time\" content=\"2025-01-09T13:55:54+00:00\" \/>\n<meta property=\"og:image\" content=\"https:\/\/lospoliticosveracruz.com\/wp-content\/uploads\/2024\/03\/Luis-Romero.jpg\" \/>\n\t<meta property=\"og:image:width\" content=\"1250\" \/>\n\t<meta property=\"og:image:height\" content=\"667\" \/>\n\t<meta property=\"og:image:type\" content=\"image\/jpeg\" \/>\n<meta name=\"author\" content=\"Lo viste en Los Pol\u00edticos\" \/>\n<meta name=\"twitter:card\" content=\"summary_large_image\" \/>\n<meta name=\"twitter:creator\" content=\"@LosPoliticosVer\" \/>\n<meta name=\"twitter:site\" content=\"@LosPoliticosVer\" \/>\n<meta name=\"twitter:label1\" content=\"Escrito por\" \/>\n\t<meta name=\"twitter:data1\" content=\"Lo viste en Los Pol\u00edticos\" \/>\n\t<meta name=\"twitter:label2\" content=\"Tiempo de lectura\" \/>\n\t<meta name=\"twitter:data2\" content=\"3 minutos\" \/>\n<script type=\"application\/ld+json\" class=\"yoast-schema-graph\">{\"@context\":\"https:\\\/\\\/schema.org\",\"@graph\":[{\"@type\":\"Article\",\"@id\":\"https:\\\/\\\/lospoliticosveracruz.com\\\/?p=135265#article\",\"isPartOf\":{\"@id\":\"https:\\\/\\\/lospoliticosveracruz.com\\\/?p=135265\"},\"author\":{\"name\":\"Lo viste en Los Pol\u00edticos\",\"@id\":\"https:\\\/\\\/lospoliticosveracruz.com\\\/#\\\/schema\\\/person\\\/b8702bb0e538456e6efd07080bf2a4a2\"},\"headline\":\"TRES DE MORENA POR MART\u00cdNEZ DE LA TORRE\",\"datePublished\":\"2025-01-09T13:55:41+00:00\",\"dateModified\":\"2025-01-09T13:55:54+00:00\",\"mainEntityOfPage\":{\"@id\":\"https:\\\/\\\/lospoliticosveracruz.com\\\/?p=135265\"},\"wordCount\":620,\"publisher\":{\"@id\":\"https:\\\/\\\/lospoliticosveracruz.com\\\/#organization\"},\"image\":{\"@id\":\"https:\\\/\\\/lospoliticosveracruz.com\\\/?p=135265#primaryimage\"},\"thumbnailUrl\":\"https:\\\/\\\/lospoliticosveracruz.com\\\/wp-content\\\/uploads\\\/2024\\\/03\\\/Luis-Romero.jpg\",\"keywords\":[\"Mart\u00ednez de la Torre\"],\"articleSection\":[\"De Opini\u00f3n\"],\"inLanguage\":\"es\"},{\"@type\":\"WebPage\",\"@id\":\"https:\\\/\\\/lospoliticosveracruz.com\\\/?p=135265\",\"url\":\"https:\\\/\\\/lospoliticosveracruz.com\\\/?p=135265\",\"name\":\"TRES DE MORENA POR MART\u00cdNEZ DE LA TORRE - Los pol\u00edticos Veracruz\",\"isPartOf\":{\"@id\":\"https:\\\/\\\/lospoliticosveracruz.com\\\/#website\"},\"primaryImageOfPage\":{\"@id\":\"https:\\\/\\\/lospoliticosveracruz.com\\\/?p=135265#primaryimage\"},\"image\":{\"@id\":\"https:\\\/\\\/lospoliticosveracruz.com\\\/?p=135265#primaryimage\"},\"thumbnailUrl\":\"https:\\\/\\\/lospoliticosveracruz.com\\\/wp-content\\\/uploads\\\/2024\\\/03\\\/Luis-Romero.jpg\",\"datePublished\":\"2025-01-09T13:55:41+00:00\",\"dateModified\":\"2025-01-09T13:55:54+00:00\",\"breadcrumb\":{\"@id\":\"https:\\\/\\\/lospoliticosveracruz.com\\\/?p=135265#breadcrumb\"},\"inLanguage\":\"es\",\"potentialAction\":[{\"@type\":\"ReadAction\",\"target\":[\"https:\\\/\\\/lospoliticosveracruz.com\\\/?p=135265\"]}]},{\"@type\":\"ImageObject\",\"inLanguage\":\"es\",\"@id\":\"https:\\\/\\\/lospoliticosveracruz.com\\\/?p=135265#primaryimage\",\"url\":\"https:\\\/\\\/lospoliticosveracruz.com\\\/wp-content\\\/uploads\\\/2024\\\/03\\\/Luis-Romero.jpg\",\"contentUrl\":\"https:\\\/\\\/lospoliticosveracruz.com\\\/wp-content\\\/uploads\\\/2024\\\/03\\\/Luis-Romero.jpg\",\"width\":1250,\"height\":667},{\"@type\":\"BreadcrumbList\",\"@id\":\"https:\\\/\\\/lospoliticosveracruz.com\\\/?p=135265#breadcrumb\",\"itemListElement\":[{\"@type\":\"ListItem\",\"position\":1,\"name\":\"Portada\",\"item\":\"https:\\\/\\\/lospoliticosveracruz.com\\\/\"},{\"@type\":\"ListItem\",\"position\":2,\"name\":\"TRES DE MORENA POR MART\u00cdNEZ DE LA TORRE\"}]},{\"@type\":\"WebSite\",\"@id\":\"https:\\\/\\\/lospoliticosveracruz.com\\\/#website\",\"url\":\"https:\\\/\\\/lospoliticosveracruz.com\\\/\",\"name\":\"Los pol\u00edticos Veracruz\",\"description\":\"\",\"publisher\":{\"@id\":\"https:\\\/\\\/lospoliticosveracruz.com\\\/#organization\"},\"potentialAction\":[{\"@type\":\"SearchAction\",\"target\":{\"@type\":\"EntryPoint\",\"urlTemplate\":\"https:\\\/\\\/lospoliticosveracruz.com\\\/?s={search_term_string}\"},\"query-input\":{\"@type\":\"PropertyValueSpecification\",\"valueRequired\":true,\"valueName\":\"search_term_string\"}}],\"inLanguage\":\"es\"},{\"@type\":\"Organization\",\"@id\":\"https:\\\/\\\/lospoliticosveracruz.com\\\/#organization\",\"name\":\"Los pol\u00edticos Veracruz\",\"url\":\"https:\\\/\\\/lospoliticosveracruz.com\\\/\",\"logo\":{\"@type\":\"ImageObject\",\"inLanguage\":\"es\",\"@id\":\"https:\\\/\\\/lospoliticosveracruz.com\\\/#\\\/schema\\\/logo\\\/image\\\/\",\"url\":\"https:\\\/\\\/lospoliticosveracruz.com\\\/wp-content\\\/uploads\\\/2025\\\/12\\\/Logo-Nuevo-LOS-POLITICOS-1.jpg\",\"contentUrl\":\"https:\\\/\\\/lospoliticosveracruz.com\\\/wp-content\\\/uploads\\\/2025\\\/12\\\/Logo-Nuevo-LOS-POLITICOS-1.jpg\",\"width\":260,\"height\":70,\"caption\":\"Los pol\u00edticos Veracruz\"},\"image\":{\"@id\":\"https:\\\/\\\/lospoliticosveracruz.com\\\/#\\\/schema\\\/logo\\\/image\\\/\"},\"sameAs\":[\"https:\\\/\\\/www.facebook.com\\\/people\\\/Notimemes-de-los-Polticos\\\/61565672886568\\\/\",\"https:\\\/\\\/x.com\\\/LosPoliticosVer\"]},{\"@type\":\"Person\",\"@id\":\"https:\\\/\\\/lospoliticosveracruz.com\\\/#\\\/schema\\\/person\\\/b8702bb0e538456e6efd07080bf2a4a2\",\"name\":\"Lo viste en Los Pol\u00edticos\",\"image\":{\"@type\":\"ImageObject\",\"inLanguage\":\"es\",\"@id\":\"https:\\\/\\\/secure.gravatar.com\\\/avatar\\\/3a8de04a2656d44082be478bd6c086daa447c4651605818287b9532d3d0bd435?s=96&d=mm&r=g\",\"url\":\"https:\\\/\\\/secure.gravatar.com\\\/avatar\\\/3a8de04a2656d44082be478bd6c086daa447c4651605818287b9532d3d0bd435?s=96&d=mm&r=g\",\"contentUrl\":\"https:\\\/\\\/secure.gravatar.com\\\/avatar\\\/3a8de04a2656d44082be478bd6c086daa447c4651605818287b9532d3d0bd435?s=96&d=mm&r=g\",\"caption\":\"Lo viste en Los Pol\u00edticos\"},\"url\":\"https:\\\/\\\/lospoliticosveracruz.com\\\/?author=2\"}]}<\/script>\n<!-- \/ Yoast SEO plugin. -->","yoast_head_json":{"title":"TRES DE MORENA POR MART\u00cdNEZ DE LA TORRE - Los pol\u00edticos Veracruz","robots":{"index":"index","follow":"follow","max-snippet":"max-snippet:-1","max-image-preview":"max-image-preview:large","max-video-preview":"max-video-preview:-1"},"canonical":"https:\/\/lospoliticosveracruz.com\/?p=135265","og_locale":"es_ES","og_type":"article","og_title":"TRES DE MORENA POR MART\u00cdNEZ DE LA TORRE - Los pol\u00edticos Veracruz","og_description":"S\u00edguenos ahora tambi\u00e9n en WhatsApp.&nbsp;Da clic aqu\u00ed Luis Alberto Romero Hora cero Mart\u00ednez de la Torre es un municipio con cerca de 110 mil habitantes, de acuerdo con el censo m\u00e1s reciente, de 2020. Este lugar registra una destacada actividad econ\u00f3mica, por ser el punto m\u00e1s importante del pa\u00eds en t\u00e9rminos de exportaci\u00f3n citr\u00edcola. Un [&hellip;]","og_url":"https:\/\/lospoliticosveracruz.com\/?p=135265","og_site_name":"Los pol\u00edticos Veracruz","article_publisher":"https:\/\/www.facebook.com\/people\/Notimemes-de-los-Polticos\/61565672886568\/","article_published_time":"2025-01-09T13:55:41+00:00","article_modified_time":"2025-01-09T13:55:54+00:00","og_image":[{"width":1250,"height":667,"url":"https:\/\/lospoliticosveracruz.com\/wp-content\/uploads\/2024\/03\/Luis-Romero.jpg","type":"image\/jpeg"}],"author":"Lo viste en Los Pol\u00edticos","twitter_card":"summary_large_image","twitter_creator":"@LosPoliticosVer","twitter_site":"@LosPoliticosVer","twitter_misc":{"Escrito por":"Lo viste en Los Pol\u00edticos","Tiempo de lectura":"3 minutos"},"schema":{"@context":"https:\/\/schema.org","@graph":[{"@type":"Article","@id":"https:\/\/lospoliticosveracruz.com\/?p=135265#article","isPartOf":{"@id":"https:\/\/lospoliticosveracruz.com\/?p=135265"},"author":{"name":"Lo viste en Los Pol\u00edticos","@id":"https:\/\/lospoliticosveracruz.com\/#\/schema\/person\/b8702bb0e538456e6efd07080bf2a4a2"},"headline":"TRES DE MORENA POR MART\u00cdNEZ DE LA TORRE","datePublished":"2025-01-09T13:55:41+00:00","dateModified":"2025-01-09T13:55:54+00:00","mainEntityOfPage":{"@id":"https:\/\/lospoliticosveracruz.com\/?p=135265"},"wordCount":620,"publisher":{"@id":"https:\/\/lospoliticosveracruz.com\/#organization"},"image":{"@id":"https:\/\/lospoliticosveracruz.com\/?p=135265#primaryimage"},"thumbnailUrl":"https:\/\/lospoliticosveracruz.com\/wp-content\/uploads\/2024\/03\/Luis-Romero.jpg","keywords":["Mart\u00ednez de la Torre"],"articleSection":["De Opini\u00f3n"],"inLanguage":"es"},{"@type":"WebPage","@id":"https:\/\/lospoliticosveracruz.com\/?p=135265","url":"https:\/\/lospoliticosveracruz.com\/?p=135265","name":"TRES DE MORENA POR MART\u00cdNEZ DE LA TORRE - Los pol\u00edticos Veracruz","isPartOf":{"@id":"https:\/\/lospoliticosveracruz.com\/#website"},"primaryImageOfPage":{"@id":"https:\/\/lospoliticosveracruz.com\/?p=135265#primaryimage"},"image":{"@id":"https:\/\/lospoliticosveracruz.com\/?p=135265#primaryimage"},"thumbnailUrl":"https:\/\/lospoliticosveracruz.com\/wp-content\/uploads\/2024\/03\/Luis-Romero.jpg","datePublished":"2025-01-09T13:55:41+00:00","dateModified":"2025-01-09T13:55:54+00:00","breadcrumb":{"@id":"https:\/\/lospoliticosveracruz.com\/?p=135265#breadcrumb"},"inLanguage":"es","potentialAction":[{"@type":"ReadAction","target":["https:\/\/lospoliticosveracruz.com\/?p=135265"]}]},{"@type":"ImageObject","inLanguage":"es","@id":"https:\/\/lospoliticosveracruz.com\/?p=135265#primaryimage","url":"https:\/\/lospoliticosveracruz.com\/wp-content\/uploads\/2024\/03\/Luis-Romero.jpg","contentUrl":"https:\/\/lospoliticosveracruz.com\/wp-content\/uploads\/2024\/03\/Luis-Romero.jpg","width":1250,"height":667},{"@type":"BreadcrumbList","@id":"https:\/\/lospoliticosveracruz.com\/?p=135265#breadcrumb","itemListElement":[{"@type":"ListItem","position":1,"name":"Portada","item":"https:\/\/lospoliticosveracruz.com\/"},{"@type":"ListItem","position":2,"name":"TRES DE MORENA POR MART\u00cdNEZ DE LA TORRE"}]},{"@type":"WebSite","@id":"https:\/\/lospoliticosveracruz.com\/#website","url":"https:\/\/lospoliticosveracruz.com\/","name":"Los pol\u00edticos Veracruz","description":"","publisher":{"@id":"https:\/\/lospoliticosveracruz.com\/#organization"},"potentialAction":[{"@type":"SearchAction","target":{"@type":"EntryPoint","urlTemplate":"https:\/\/lospoliticosveracruz.com\/?s={search_term_string}"},"query-input":{"@type":"PropertyValueSpecification","valueRequired":true,"valueName":"search_term_string"}}],"inLanguage":"es"},{"@type":"Organization","@id":"https:\/\/lospoliticosveracruz.com\/#organization","name":"Los pol\u00edticos Veracruz","url":"https:\/\/lospoliticosveracruz.com\/","logo":{"@type":"ImageObject","inLanguage":"es","@id":"https:\/\/lospoliticosveracruz.com\/#\/schema\/logo\/image\/","url":"https:\/\/lospoliticosveracruz.com\/wp-content\/uploads\/2025\/12\/Logo-Nuevo-LOS-POLITICOS-1.jpg","contentUrl":"https:\/\/lospoliticosveracruz.com\/wp-content\/uploads\/2025\/12\/Logo-Nuevo-LOS-POLITICOS-1.jpg","width":260,"height":70,"caption":"Los pol\u00edticos Veracruz"},"image":{"@id":"https:\/\/lospoliticosveracruz.com\/#\/schema\/logo\/image\/"},"sameAs":["https:\/\/www.facebook.com\/people\/Notimemes-de-los-Polticos\/61565672886568\/","https:\/\/x.com\/LosPoliticosVer"]},{"@type":"Person","@id":"https:\/\/lospoliticosveracruz.com\/#\/schema\/person\/b8702bb0e538456e6efd07080bf2a4a2","name":"Lo viste en Los Pol\u00edticos","image":{"@type":"ImageObject","inLanguage":"es","@id":"https:\/\/secure.gravatar.com\/avatar\/3a8de04a2656d44082be478bd6c086daa447c4651605818287b9532d3d0bd435?s=96&d=mm&r=g","url":"https:\/\/secure.gravatar.com\/avatar\/3a8de04a2656d44082be478bd6c086daa447c4651605818287b9532d3d0bd435?s=96&d=mm&r=g","contentUrl":"https:\/\/secure.gravatar.com\/avatar\/3a8de04a2656d44082be478bd6c086daa447c4651605818287b9532d3d0bd435?s=96&d=mm&r=g","caption":"Lo viste en Los Pol\u00edticos"},"url":"https:\/\/lospoliticosveracruz.com\/?author=2"}]}},"_links":{"self":[{"href":"https:\/\/lospoliticosveracruz.com\/index.php?rest_route=\/wp\/v2\/posts\/135265","targetHints":{"allow":["GET"]}}],"collection":[{"href":"https:\/\/lospoliticosveracruz.com\/index.php?rest_route=\/wp\/v2\/posts"}],"about":[{"href":"https:\/\/lospoliticosveracruz.com\/index.php?rest_route=\/wp\/v2\/types\/post"}],"author":[{"embeddable":true,"href":"https:\/\/lospoliticosveracruz.com\/index.php?rest_route=\/wp\/v2\/users\/2"}],"replies":[{"embeddable":true,"href":"https:\/\/lospoliticosveracruz.com\/index.php?rest_route=%2Fwp%2Fv2%2Fcomments&post=135265"}],"version-history":[{"count":2,"href":"https:\/\/lospoliticosveracruz.com\/index.php?rest_route=\/wp\/v2\/posts\/135265\/revisions"}],"predecessor-version":[{"id":135267,"href":"https:\/\/lospoliticosveracruz.com\/index.php?rest_route=\/wp\/v2\/posts\/135265\/revisions\/135267"}],"wp:featuredmedia":[{"embeddable":true,"href":"https:\/\/lospoliticosveracruz.com\/index.php?rest_route=\/wp\/v2\/media\/119912"}],"wp:attachment":[{"href":"https:\/\/lospoliticosveracruz.com\/index.php?rest_route=%2Fwp%2Fv2%2Fmedia&parent=135265"}],"wp:term":[{"taxonomy":"category","embeddable":true,"href":"https:\/\/lospoliticosveracruz.com\/index.php?rest_route=%2Fwp%2Fv2%2Fcategories&post=135265"},{"taxonomy":"post_tag","embeddable":true,"href":"https:\/\/lospoliticosveracruz.com\/index.php?rest_route=%2Fwp%2Fv2%2Ftags&post=135265"}],"curies":[{"name":"wp","href":"https:\/\/api.w.org\/{rel}","templated":true}]}}