{"id":13529,"date":"2014-11-16T21:24:14","date_gmt":"2014-11-17T03:24:14","guid":{"rendered":"http:\/\/www.lospoliticosveracruz.com.mx\/?p=13529"},"modified":"2014-11-16T21:24:14","modified_gmt":"2014-11-17T03:24:14","slug":"protesta-sin-propuesta","status":"publish","type":"post","link":"https:\/\/lospoliticosveracruz.com\/?p=13529","title":{"rendered":"Protesta sin propuesta"},"content":{"rendered":"<p align=\"JUSTIFY\"><a href=\"http:\/\/www.lospoliticosveracruz.com.mx\/wp-content\/uploads\/2014\/11\/manifestaciones.jpg\"><img loading=\"lazy\" decoding=\"async\" class=\"alignnone size-medium wp-image-13530\" src=\"http:\/\/www.lospoliticosveracruz.com.mx\/wp-content\/uploads\/2014\/11\/manifestaciones-300x200.jpg\" alt=\"manifestaciones\" width=\"300\" height=\"200\" \/><\/a><\/p>\n<p align=\"JUSTIFY\"><strong><span style=\"font-family: Arial, serif;\"><span style=\"font-size: medium;\">Rodrigo Montoya Rivera<\/span><\/span><\/strong><\/p>\n<p align=\"JUSTIFY\"><em>Ideas<\/em><\/p>\n<p align=\"JUSTIFY\">\n<p align=\"JUSTIFY\"><span style=\"font-family: Arial, serif;\"><span style=\"font-size: medium;\">La desaparici\u00f3n de 43 estudiantes en el Estado de Guerrero, particularmente en Iguala en la comunidad de Ayotzinapa resulta indignante y aberrante. M\u00e9xico vive una etapa dif\u00edcil, producto del descontento generalizado que existe por parte de la sociedad a ra\u00edz de la desaparici\u00f3n y supuesta ejecuci\u00f3n de los 43 j\u00f3venes estudiantes de la escuela Normal Rural de aquella entidad federativa. Derivado de estos acontecimientos, han surgido movimientos sociales principalmente entre j\u00f3venes al interior de sus casas de estudio, con la finalidad de unirse a la protesta en la cual se pide la aparici\u00f3n con vida de los normalistas.<\/span><\/span><\/p>\n<p align=\"JUSTIFY\"><span style=\"font-family: Arial, serif;\"><span style=\"font-size: medium;\">A lo largo y ancho del territorio nacional, las protestas han sido diversas, todas aparentemente en el mismo sentido, por lo que estados como Chihuahua, Michoac\u00e1n, Oaxaca, Chiapas y Veracruz, han visto desfilar a miles de manifestantes clamando justicia por los actos sucedidos en Guerrero. Desafortunadamente, lo que comenz\u00f3 como una protesta pac\u00edfica y bien intencionada por parte de ciudadanos honorables y responsables, ha sido desvirtuada, derivado de los intereses de algunos grupos que buscan en la desestabilizaci\u00f3n social su modus operandi para recurrir a la violencia, delincuencia y muchas veces al vandalismo sin ning\u00fan sentido social.<\/span><\/span><\/p>\n<p align=\"JUSTIFY\"><span style=\"font-family: Arial, serif;\"><span style=\"font-size: medium;\">Y es que las manifestaciones deben ser respetadas por todos, sociedad y gobierno, ya que es un derecho consagrado en la Constituci\u00f3n Pol\u00edtica de los Estados Unidos Mexicanos, plasmado en el art\u00edculo 6\u00ba que a la letra dice: \u201cLa manifestaci\u00f3n de las ideas no ser\u00e1 objeto de ninguna inquisici\u00f3n judicial o administrativa, sino en el caso de ataque a la moral, la vida privada o los derechos de terceros, provoque alg\u00fan delito o perturbe el orden p\u00fablico\u201d\u2026<\/span><\/span><\/p>\n<p align=\"JUSTIFY\"><span style=\"font-family: Arial, serif;\"><span style=\"font-size: medium;\">El Gobierno sin importar del orden que este sea, Municipal, Estatal o Federal, est\u00e1 obligado a ver por el bien de sus pobladores. Creo que resultar\u00eda importante que las tres instancias gubernamentales en coordinaci\u00f3n busquen realizar mesas de trabajo y di\u00e1logo a fin de llevar a buen puerto las consignas de los manifestantes muchos de estos j\u00f3venes que como lo declar\u00f3 el Diputado Local por Xalapa Ricardo Ahued Bardahuil, muchos de los hechos acontecidos en las manifestaciones, como los ocurridos el d\u00eda s\u00e1bado 15 de noviembre en las instalaciones del Partido Revolucionario Institucional, s\u00f3lo reflejan a una juventud descuidada por los gobiernos, por ello los estudiantes se sienten lastimados por acontecimientos lamentables que suceden en nuestro pa\u00eds como en el caso del Estado de Guerrero.<\/span><\/span><\/p>\n<p align=\"JUSTIFY\"><span style=\"font-family: Arial, serif;\"><span style=\"font-size: medium;\">Es impostergable, la aclaraci\u00f3n sobre los hechos ocurridos en el municipio que gobernaba el perredista Jos\u00e9 Luis Abarca, pero tambi\u00e9n lo es, que las manifestaciones lleven a una soluci\u00f3n adecuada para todos.<\/span><\/span><\/p>\n<p align=\"JUSTIFY\"><span style=\"font-family: Arial, serif;\"><span style=\"font-size: medium;\">La protesta sin propuesta es est\u00e9ril, carece de sustento y muchas veces solo lastima las causas justas de quienes luchan por un objetivo o ideal bien fundamentado. Resulta igualmente lamentable los hechos de violencia y vandalismo que reflejan si el descontento social pero tambi\u00e9n los intereses de grupos que han visto en los lamentables acontecimientos que vive nuestro pa\u00eds, la situaci\u00f3n id\u00f3nea para desestabilizar el orden p\u00fablico. <\/span><\/span><\/p>\n<p align=\"JUSTIFY\"><span style=\"font-family: Arial, serif;\"><span style=\"font-size: medium;\">No se puede aplazar la soluci\u00f3n a los conflictos que se viven, pero deber\u00e1 prevalecer el dialogo respetuoso de ambas partes si se quiere llegar sin simulaciones a una soluci\u00f3n que ayude a comenzar a hacer mejor las cosas. <\/span><\/span><\/p>\n<p align=\"JUSTIFY\"><span style=\"font-family: Arial, serif;\"><span style=\"font-size: medium;\">Comentarios: <a href=\"mailto:rodrigomontoya91@gmail.com\">rodrigomontoya91@gmail.com<\/a><\/span><\/span><\/p>\n<p align=\"JUSTIFY\"><span style=\"font-family: Arial, serif;\"><span style=\"font-size: medium;\">Twitter: @RodrigoMontoyaR<\/span><\/span><\/p>\n<p align=\"JUSTIFY\"><span style=\"font-family: Arial, serif;\"><span style=\"font-size: medium;\">L\u00e9eme en: <a href=\"http:\/\/www.rodrigomontoya.com.mx\">www.rodrigomontoya.com.mx<\/a> <\/span><\/span><\/p>\n","protected":false},"excerpt":{"rendered":"<p>Rodrigo Montoya Rivera Ideas La desaparici\u00f3n de 43 estudiantes en el Estado de Guerrero, particularmente en Iguala en la comunidad de Ayotzinapa resulta indignante y aberrante. M\u00e9xico vive una etapa dif\u00edcil, producto del descontento generalizado que existe por parte de la sociedad a ra\u00edz de la desaparici\u00f3n y supuesta ejecuci\u00f3n de los 43 j\u00f3venes estudiantes [&hellip;]<\/p>\n","protected":false},"author":2,"featured_media":0,"comment_status":"open","ping_status":"open","sticky":false,"template":"","format":"standard","meta":{"tdm_status":"","tdm_grid_status":"","footnotes":""},"categories":[70],"tags":[101,876,195],"class_list":{"0":"post-13529","1":"post","2":"type-post","3":"status-publish","4":"format-standard","6":"category-de-opinion","7":"tag-ayotzinapa","8":"tag-ricardo-ahued","9":"tag-veracruz"},"yoast_head":"<!-- This site is optimized with the Yoast SEO plugin v27.4 - https:\/\/yoast.com\/product\/yoast-seo-wordpress\/ -->\n<title>Protesta sin propuesta - Los pol\u00edticos Veracruz<\/title>\n<meta name=\"robots\" content=\"index, follow, max-snippet:-1, max-image-preview:large, max-video-preview:-1\" \/>\n<link rel=\"canonical\" href=\"https:\/\/lospoliticosveracruz.com\/?p=13529\" \/>\n<meta property=\"og:locale\" content=\"es_ES\" \/>\n<meta property=\"og:type\" content=\"article\" \/>\n<meta property=\"og:title\" content=\"Protesta sin propuesta - Los pol\u00edticos Veracruz\" \/>\n<meta property=\"og:description\" content=\"Rodrigo Montoya Rivera Ideas La desaparici\u00f3n de 43 estudiantes en el Estado de Guerrero, particularmente en Iguala en la comunidad de Ayotzinapa resulta indignante y aberrante. M\u00e9xico vive una etapa dif\u00edcil, producto del descontento generalizado que existe por parte de la sociedad a ra\u00edz de la desaparici\u00f3n y supuesta ejecuci\u00f3n de los 43 j\u00f3venes estudiantes [&hellip;]\" \/>\n<meta property=\"og:url\" content=\"https:\/\/lospoliticosveracruz.com\/?p=13529\" \/>\n<meta property=\"og:site_name\" content=\"Los pol\u00edticos Veracruz\" \/>\n<meta property=\"article:publisher\" content=\"https:\/\/www.facebook.com\/people\/Notimemes-de-los-Polticos\/61565672886568\/\" \/>\n<meta property=\"article:published_time\" content=\"2014-11-17T03:24:14+00:00\" \/>\n<meta property=\"og:image\" content=\"http:\/\/www.lospoliticosveracruz.com.mx\/wp-content\/uploads\/2014\/11\/manifestaciones-300x200.jpg\" \/>\n<meta name=\"author\" content=\"Lo viste en Los Pol\u00edticos\" \/>\n<meta name=\"twitter:card\" content=\"summary_large_image\" \/>\n<meta name=\"twitter:creator\" content=\"@LosPoliticosVer\" \/>\n<meta name=\"twitter:site\" content=\"@LosPoliticosVer\" \/>\n<meta name=\"twitter:label1\" content=\"Escrito por\" \/>\n\t<meta name=\"twitter:data1\" content=\"Lo viste en Los Pol\u00edticos\" \/>\n\t<meta name=\"twitter:label2\" content=\"Tiempo de lectura\" \/>\n\t<meta name=\"twitter:data2\" content=\"3 minutos\" \/>\n<script type=\"application\/ld+json\" class=\"yoast-schema-graph\">{\"@context\":\"https:\\\/\\\/schema.org\",\"@graph\":[{\"@type\":\"Article\",\"@id\":\"https:\\\/\\\/lospoliticosveracruz.com\\\/?p=13529#article\",\"isPartOf\":{\"@id\":\"https:\\\/\\\/lospoliticosveracruz.com\\\/?p=13529\"},\"author\":{\"name\":\"Lo viste en Los Pol\u00edticos\",\"@id\":\"https:\\\/\\\/lospoliticosveracruz.com\\\/#\\\/schema\\\/person\\\/b8702bb0e538456e6efd07080bf2a4a2\"},\"headline\":\"Protesta sin propuesta\",\"datePublished\":\"2014-11-17T03:24:14+00:00\",\"mainEntityOfPage\":{\"@id\":\"https:\\\/\\\/lospoliticosveracruz.com\\\/?p=13529\"},\"wordCount\":590,\"commentCount\":0,\"publisher\":{\"@id\":\"https:\\\/\\\/lospoliticosveracruz.com\\\/#organization\"},\"image\":{\"@id\":\"https:\\\/\\\/lospoliticosveracruz.com\\\/?p=13529#primaryimage\"},\"thumbnailUrl\":\"http:\\\/\\\/www.lospoliticosveracruz.com.mx\\\/wp-content\\\/uploads\\\/2014\\\/11\\\/manifestaciones-300x200.jpg\",\"keywords\":[\"Ayotzinapa\",\"Ricardo Ahued\",\"Veracruz\"],\"articleSection\":[\"De Opini\u00f3n\"],\"inLanguage\":\"es\",\"potentialAction\":[{\"@type\":\"CommentAction\",\"name\":\"Comment\",\"target\":[\"https:\\\/\\\/lospoliticosveracruz.com\\\/?p=13529#respond\"]}]},{\"@type\":\"WebPage\",\"@id\":\"https:\\\/\\\/lospoliticosveracruz.com\\\/?p=13529\",\"url\":\"https:\\\/\\\/lospoliticosveracruz.com\\\/?p=13529\",\"name\":\"Protesta sin propuesta - Los pol\u00edticos Veracruz\",\"isPartOf\":{\"@id\":\"https:\\\/\\\/lospoliticosveracruz.com\\\/#website\"},\"primaryImageOfPage\":{\"@id\":\"https:\\\/\\\/lospoliticosveracruz.com\\\/?p=13529#primaryimage\"},\"image\":{\"@id\":\"https:\\\/\\\/lospoliticosveracruz.com\\\/?p=13529#primaryimage\"},\"thumbnailUrl\":\"http:\\\/\\\/www.lospoliticosveracruz.com.mx\\\/wp-content\\\/uploads\\\/2014\\\/11\\\/manifestaciones-300x200.jpg\",\"datePublished\":\"2014-11-17T03:24:14+00:00\",\"breadcrumb\":{\"@id\":\"https:\\\/\\\/lospoliticosveracruz.com\\\/?p=13529#breadcrumb\"},\"inLanguage\":\"es\",\"potentialAction\":[{\"@type\":\"ReadAction\",\"target\":[\"https:\\\/\\\/lospoliticosveracruz.com\\\/?p=13529\"]}]},{\"@type\":\"ImageObject\",\"inLanguage\":\"es\",\"@id\":\"https:\\\/\\\/lospoliticosveracruz.com\\\/?p=13529#primaryimage\",\"url\":\"http:\\\/\\\/www.lospoliticosveracruz.com.mx\\\/wp-content\\\/uploads\\\/2014\\\/11\\\/manifestaciones-300x200.jpg\",\"contentUrl\":\"http:\\\/\\\/www.lospoliticosveracruz.com.mx\\\/wp-content\\\/uploads\\\/2014\\\/11\\\/manifestaciones-300x200.jpg\"},{\"@type\":\"BreadcrumbList\",\"@id\":\"https:\\\/\\\/lospoliticosveracruz.com\\\/?p=13529#breadcrumb\",\"itemListElement\":[{\"@type\":\"ListItem\",\"position\":1,\"name\":\"Portada\",\"item\":\"https:\\\/\\\/lospoliticosveracruz.com\\\/\"},{\"@type\":\"ListItem\",\"position\":2,\"name\":\"Protesta sin propuesta\"}]},{\"@type\":\"WebSite\",\"@id\":\"https:\\\/\\\/lospoliticosveracruz.com\\\/#website\",\"url\":\"https:\\\/\\\/lospoliticosveracruz.com\\\/\",\"name\":\"Los pol\u00edticos Veracruz\",\"description\":\"\",\"publisher\":{\"@id\":\"https:\\\/\\\/lospoliticosveracruz.com\\\/#organization\"},\"potentialAction\":[{\"@type\":\"SearchAction\",\"target\":{\"@type\":\"EntryPoint\",\"urlTemplate\":\"https:\\\/\\\/lospoliticosveracruz.com\\\/?s={search_term_string}\"},\"query-input\":{\"@type\":\"PropertyValueSpecification\",\"valueRequired\":true,\"valueName\":\"search_term_string\"}}],\"inLanguage\":\"es\"},{\"@type\":\"Organization\",\"@id\":\"https:\\\/\\\/lospoliticosveracruz.com\\\/#organization\",\"name\":\"Los pol\u00edticos Veracruz\",\"url\":\"https:\\\/\\\/lospoliticosveracruz.com\\\/\",\"logo\":{\"@type\":\"ImageObject\",\"inLanguage\":\"es\",\"@id\":\"https:\\\/\\\/lospoliticosveracruz.com\\\/#\\\/schema\\\/logo\\\/image\\\/\",\"url\":\"https:\\\/\\\/lospoliticosveracruz.com\\\/wp-content\\\/uploads\\\/2025\\\/12\\\/Logo-Nuevo-LOS-POLITICOS-1.jpg\",\"contentUrl\":\"https:\\\/\\\/lospoliticosveracruz.com\\\/wp-content\\\/uploads\\\/2025\\\/12\\\/Logo-Nuevo-LOS-POLITICOS-1.jpg\",\"width\":260,\"height\":70,\"caption\":\"Los pol\u00edticos Veracruz\"},\"image\":{\"@id\":\"https:\\\/\\\/lospoliticosveracruz.com\\\/#\\\/schema\\\/logo\\\/image\\\/\"},\"sameAs\":[\"https:\\\/\\\/www.facebook.com\\\/people\\\/Notimemes-de-los-Polticos\\\/61565672886568\\\/\",\"https:\\\/\\\/x.com\\\/LosPoliticosVer\"]},{\"@type\":\"Person\",\"@id\":\"https:\\\/\\\/lospoliticosveracruz.com\\\/#\\\/schema\\\/person\\\/b8702bb0e538456e6efd07080bf2a4a2\",\"name\":\"Lo viste en Los Pol\u00edticos\",\"image\":{\"@type\":\"ImageObject\",\"inLanguage\":\"es\",\"@id\":\"https:\\\/\\\/secure.gravatar.com\\\/avatar\\\/3a8de04a2656d44082be478bd6c086daa447c4651605818287b9532d3d0bd435?s=96&d=mm&r=g\",\"url\":\"https:\\\/\\\/secure.gravatar.com\\\/avatar\\\/3a8de04a2656d44082be478bd6c086daa447c4651605818287b9532d3d0bd435?s=96&d=mm&r=g\",\"contentUrl\":\"https:\\\/\\\/secure.gravatar.com\\\/avatar\\\/3a8de04a2656d44082be478bd6c086daa447c4651605818287b9532d3d0bd435?s=96&d=mm&r=g\",\"caption\":\"Lo viste en Los Pol\u00edticos\"},\"url\":\"https:\\\/\\\/lospoliticosveracruz.com\\\/?author=2\"}]}<\/script>\n<!-- \/ Yoast SEO plugin. -->","yoast_head_json":{"title":"Protesta sin propuesta - Los pol\u00edticos Veracruz","robots":{"index":"index","follow":"follow","max-snippet":"max-snippet:-1","max-image-preview":"max-image-preview:large","max-video-preview":"max-video-preview:-1"},"canonical":"https:\/\/lospoliticosveracruz.com\/?p=13529","og_locale":"es_ES","og_type":"article","og_title":"Protesta sin propuesta - Los pol\u00edticos Veracruz","og_description":"Rodrigo Montoya Rivera Ideas La desaparici\u00f3n de 43 estudiantes en el Estado de Guerrero, particularmente en Iguala en la comunidad de Ayotzinapa resulta indignante y aberrante. M\u00e9xico vive una etapa dif\u00edcil, producto del descontento generalizado que existe por parte de la sociedad a ra\u00edz de la desaparici\u00f3n y supuesta ejecuci\u00f3n de los 43 j\u00f3venes estudiantes [&hellip;]","og_url":"https:\/\/lospoliticosveracruz.com\/?p=13529","og_site_name":"Los pol\u00edticos Veracruz","article_publisher":"https:\/\/www.facebook.com\/people\/Notimemes-de-los-Polticos\/61565672886568\/","article_published_time":"2014-11-17T03:24:14+00:00","og_image":[{"url":"http:\/\/www.lospoliticosveracruz.com.mx\/wp-content\/uploads\/2014\/11\/manifestaciones-300x200.jpg","type":"","width":"","height":""}],"author":"Lo viste en Los Pol\u00edticos","twitter_card":"summary_large_image","twitter_creator":"@LosPoliticosVer","twitter_site":"@LosPoliticosVer","twitter_misc":{"Escrito por":"Lo viste en Los Pol\u00edticos","Tiempo de lectura":"3 minutos"},"schema":{"@context":"https:\/\/schema.org","@graph":[{"@type":"Article","@id":"https:\/\/lospoliticosveracruz.com\/?p=13529#article","isPartOf":{"@id":"https:\/\/lospoliticosveracruz.com\/?p=13529"},"author":{"name":"Lo viste en Los Pol\u00edticos","@id":"https:\/\/lospoliticosveracruz.com\/#\/schema\/person\/b8702bb0e538456e6efd07080bf2a4a2"},"headline":"Protesta sin propuesta","datePublished":"2014-11-17T03:24:14+00:00","mainEntityOfPage":{"@id":"https:\/\/lospoliticosveracruz.com\/?p=13529"},"wordCount":590,"commentCount":0,"publisher":{"@id":"https:\/\/lospoliticosveracruz.com\/#organization"},"image":{"@id":"https:\/\/lospoliticosveracruz.com\/?p=13529#primaryimage"},"thumbnailUrl":"http:\/\/www.lospoliticosveracruz.com.mx\/wp-content\/uploads\/2014\/11\/manifestaciones-300x200.jpg","keywords":["Ayotzinapa","Ricardo Ahued","Veracruz"],"articleSection":["De Opini\u00f3n"],"inLanguage":"es","potentialAction":[{"@type":"CommentAction","name":"Comment","target":["https:\/\/lospoliticosveracruz.com\/?p=13529#respond"]}]},{"@type":"WebPage","@id":"https:\/\/lospoliticosveracruz.com\/?p=13529","url":"https:\/\/lospoliticosveracruz.com\/?p=13529","name":"Protesta sin propuesta - Los pol\u00edticos Veracruz","isPartOf":{"@id":"https:\/\/lospoliticosveracruz.com\/#website"},"primaryImageOfPage":{"@id":"https:\/\/lospoliticosveracruz.com\/?p=13529#primaryimage"},"image":{"@id":"https:\/\/lospoliticosveracruz.com\/?p=13529#primaryimage"},"thumbnailUrl":"http:\/\/www.lospoliticosveracruz.com.mx\/wp-content\/uploads\/2014\/11\/manifestaciones-300x200.jpg","datePublished":"2014-11-17T03:24:14+00:00","breadcrumb":{"@id":"https:\/\/lospoliticosveracruz.com\/?p=13529#breadcrumb"},"inLanguage":"es","potentialAction":[{"@type":"ReadAction","target":["https:\/\/lospoliticosveracruz.com\/?p=13529"]}]},{"@type":"ImageObject","inLanguage":"es","@id":"https:\/\/lospoliticosveracruz.com\/?p=13529#primaryimage","url":"http:\/\/www.lospoliticosveracruz.com.mx\/wp-content\/uploads\/2014\/11\/manifestaciones-300x200.jpg","contentUrl":"http:\/\/www.lospoliticosveracruz.com.mx\/wp-content\/uploads\/2014\/11\/manifestaciones-300x200.jpg"},{"@type":"BreadcrumbList","@id":"https:\/\/lospoliticosveracruz.com\/?p=13529#breadcrumb","itemListElement":[{"@type":"ListItem","position":1,"name":"Portada","item":"https:\/\/lospoliticosveracruz.com\/"},{"@type":"ListItem","position":2,"name":"Protesta sin propuesta"}]},{"@type":"WebSite","@id":"https:\/\/lospoliticosveracruz.com\/#website","url":"https:\/\/lospoliticosveracruz.com\/","name":"Los pol\u00edticos Veracruz","description":"","publisher":{"@id":"https:\/\/lospoliticosveracruz.com\/#organization"},"potentialAction":[{"@type":"SearchAction","target":{"@type":"EntryPoint","urlTemplate":"https:\/\/lospoliticosveracruz.com\/?s={search_term_string}"},"query-input":{"@type":"PropertyValueSpecification","valueRequired":true,"valueName":"search_term_string"}}],"inLanguage":"es"},{"@type":"Organization","@id":"https:\/\/lospoliticosveracruz.com\/#organization","name":"Los pol\u00edticos Veracruz","url":"https:\/\/lospoliticosveracruz.com\/","logo":{"@type":"ImageObject","inLanguage":"es","@id":"https:\/\/lospoliticosveracruz.com\/#\/schema\/logo\/image\/","url":"https:\/\/lospoliticosveracruz.com\/wp-content\/uploads\/2025\/12\/Logo-Nuevo-LOS-POLITICOS-1.jpg","contentUrl":"https:\/\/lospoliticosveracruz.com\/wp-content\/uploads\/2025\/12\/Logo-Nuevo-LOS-POLITICOS-1.jpg","width":260,"height":70,"caption":"Los pol\u00edticos Veracruz"},"image":{"@id":"https:\/\/lospoliticosveracruz.com\/#\/schema\/logo\/image\/"},"sameAs":["https:\/\/www.facebook.com\/people\/Notimemes-de-los-Polticos\/61565672886568\/","https:\/\/x.com\/LosPoliticosVer"]},{"@type":"Person","@id":"https:\/\/lospoliticosveracruz.com\/#\/schema\/person\/b8702bb0e538456e6efd07080bf2a4a2","name":"Lo viste en Los Pol\u00edticos","image":{"@type":"ImageObject","inLanguage":"es","@id":"https:\/\/secure.gravatar.com\/avatar\/3a8de04a2656d44082be478bd6c086daa447c4651605818287b9532d3d0bd435?s=96&d=mm&r=g","url":"https:\/\/secure.gravatar.com\/avatar\/3a8de04a2656d44082be478bd6c086daa447c4651605818287b9532d3d0bd435?s=96&d=mm&r=g","contentUrl":"https:\/\/secure.gravatar.com\/avatar\/3a8de04a2656d44082be478bd6c086daa447c4651605818287b9532d3d0bd435?s=96&d=mm&r=g","caption":"Lo viste en Los Pol\u00edticos"},"url":"https:\/\/lospoliticosveracruz.com\/?author=2"}]}},"_links":{"self":[{"href":"https:\/\/lospoliticosveracruz.com\/index.php?rest_route=\/wp\/v2\/posts\/13529","targetHints":{"allow":["GET"]}}],"collection":[{"href":"https:\/\/lospoliticosveracruz.com\/index.php?rest_route=\/wp\/v2\/posts"}],"about":[{"href":"https:\/\/lospoliticosveracruz.com\/index.php?rest_route=\/wp\/v2\/types\/post"}],"author":[{"embeddable":true,"href":"https:\/\/lospoliticosveracruz.com\/index.php?rest_route=\/wp\/v2\/users\/2"}],"replies":[{"embeddable":true,"href":"https:\/\/lospoliticosveracruz.com\/index.php?rest_route=%2Fwp%2Fv2%2Fcomments&post=13529"}],"version-history":[{"count":1,"href":"https:\/\/lospoliticosveracruz.com\/index.php?rest_route=\/wp\/v2\/posts\/13529\/revisions"}],"predecessor-version":[{"id":13531,"href":"https:\/\/lospoliticosveracruz.com\/index.php?rest_route=\/wp\/v2\/posts\/13529\/revisions\/13531"}],"wp:attachment":[{"href":"https:\/\/lospoliticosveracruz.com\/index.php?rest_route=%2Fwp%2Fv2%2Fmedia&parent=13529"}],"wp:term":[{"taxonomy":"category","embeddable":true,"href":"https:\/\/lospoliticosveracruz.com\/index.php?rest_route=%2Fwp%2Fv2%2Fcategories&post=13529"},{"taxonomy":"post_tag","embeddable":true,"href":"https:\/\/lospoliticosveracruz.com\/index.php?rest_route=%2Fwp%2Fv2%2Ftags&post=13529"}],"curies":[{"name":"wp","href":"https:\/\/api.w.org\/{rel}","templated":true}]}}