{"id":13535,"date":"2014-11-18T10:17:52","date_gmt":"2014-11-18T16:17:52","guid":{"rendered":"http:\/\/www.lospoliticosveracruz.com.mx\/?p=13535"},"modified":"2014-11-18T10:17:52","modified_gmt":"2014-11-18T16:17:52","slug":"homerun-de-la-familia-silva","status":"publish","type":"post","link":"https:\/\/lospoliticosveracruz.com\/?p=13535","title":{"rendered":"Homerun de la Familia Silva"},"content":{"rendered":"<figure id=\"attachment_13537\" aria-describedby=\"caption-attachment-13537\" style=\"width: 300px\" class=\"wp-caption alignnone\"><a href=\"http:\/\/www.lospoliticosveracruz.com.mx\/wp-content\/uploads\/2014\/11\/Silva.jpg\"><img loading=\"lazy\" decoding=\"async\" class=\"wp-image-13537 size-medium\" src=\"http:\/\/www.lospoliticosveracruz.com.mx\/wp-content\/uploads\/2014\/11\/Silva-300x225.jpg\" alt=\"Silva\" width=\"300\" height=\"225\" \/><\/a><figcaption id=\"caption-attachment-13537\" class=\"wp-caption-text\">Cel\u00edn Far\u00edas de Silva y Rosy C\u00e1ceres, suegra del Cisne, apoyando a Cuba<\/figcaption><\/figure>\n<p>&nbsp;<\/p>\n<p><strong>Salvador Mu\u00f1oz<\/strong><\/p>\n<p><em>Los Pol\u00edticos<\/em><\/p>\n<p>&nbsp;<\/p>\n<p>Y los \u00fanicos que salieron felices del Beto Avila fue la familia Silva Far\u00edas&#8230; y el Gobernador tambi\u00e9n! Es que sali\u00f3 con bola autografiada, a pesar de que M\u00e9xico cay\u00f3 10-1.<br \/>\n\u2022 Llegamos a la primera entrada del encuentro Mexico-Cuba. Van ganando los de la Isla 2-0.<br \/>\n\u2022 La familia del Cisne, su esposa Cel\u00edn Far\u00edas; su suegra, Rosy C\u00e1ceres; y su hija, Sara Camila, por supuesto, le va a los de Rojo&#8230; Son cubanas. Las porras y los vivas, as\u00ed como la bandera cubana salen de sus gargantas.<br \/>\n\u2022 El Procurador Luis \u00c1ngel Bravo, Cul\u00edn para los cuates, contrasta con todo el estadio no s\u00f3lo por su atuendo de dandy, sino por su rigidez, incluso cuando M\u00e9xico mete carrera para el 2-1.<br \/>\n\u2022 El grito de \u00abEeeeee puuuuto\u00bb suena en el Beto Avila y Ram\u00f3n Poo pasa saludando a Beto Silva y la pregunta obligada: \u00abA qui\u00e9n le vas?\u00bb<br \/>\n\u2022 Estamos en la segunda entrada. Javier Duarte y la se\u00f1ora Karime (aficionados a los Red Sox) se mantienen atentos, serios&#8230; Silva me llama la atenci\u00f3n cuando pregunto por unos se\u00f1ores que platican con la se\u00f1ora Karime: \u00abDeja de reportear y disfruta el partido!\u00bb y entra la tercera y cuarta carrera para Cuba. \u2022 Cambian pitcher mexicano mientras que en las gradas, alguien grita: \u00abNo lo quiten, no lo quiten\u00bb&#8230; Pro-isle\u00f1o.<br \/>\n\u2022 Jonron! Y nos clavan dos entradas ante la algarab\u00eda de la se\u00f1ora de Silva, hija y suegra.<br \/>\n\u2022 Un cafecito acompa\u00f1a el amargo sabor del tercer out para M\u00e9xico que se va en blanco en la segunda entrada.<br \/>\n\u2022 Entramos a la tercera con un base por bola para Cuba. Y en un momento, entra la s\u00e9ptima carrera!<br \/>\n\u2022 La se\u00f1ora pide foto a Gurriel, el 10 de Cuba, ya listo para pasar a la caja de bateo.<br \/>\n\u2022 El gobernador y Karime cumpliendo su papel de anfitriones, no paran de platicar con el Embajador de Cuba, Dagoberto Rodr\u00edguez Barrera y su esposa Marisabel de Miguel y la c\u00f3nsul de Cuba en Veracruz, Mar\u00eda Luisa Fern\u00e1ndez Equilaz y su esposo, quien ya hace pl\u00e1tica con Fabrizio Aguilar.<br \/>\n\u2022 Ya estamos en la cuarta entrada con un 8-1 implacable y Ricardo Garc\u00eda Guzm\u00e1n no la vuela&#8230; La riega tanto como el pitcher azteca!!! Bueno, mas bien riega el caf\u00e9 que ten\u00eda en sus pies mientras los cubanos igual nos siguen pegando hits a morir!<br \/>\n\u2022 Y nos fuimos en blanco en la cuarta baja. La familia Silva aprovecha para un selfie antes de la quinta entrada con cambio de pitcher mexica que es recibido con un hit sencillo.<br \/>\n\u2022 La c\u00f3nsul llega a saludar a la familia Silva y Beto pide foto del recuerdo.<\/p>\n<p><img loading=\"lazy\" decoding=\"async\" class=\"alignnone size-medium wp-image-13539\" src=\"http:\/\/www.lospoliticosveracruz.com.mx\/wp-content\/uploads\/2014\/11\/Silva3-300x225.jpg\" alt=\"Silva3\" width=\"300\" height=\"225\" \/><br \/>\n\u2022 Cae otra carrera&#8230; Ya son 9! Y otra m\u00e1s! 10!<br \/>\n\u2022 Cuarto pitcher para M\u00e9xico en la sexta entrada&#8230; Y las cosas tal parece que poco cambiar\u00e1n&#8230; Pero no, por primera vez se van en blanco los de la Isla.<br \/>\n\u2022 Diez de la noche y el Procu Cul\u00edn se levanta para despedirse de Javier Duarte de Ochoa.<br \/>\n\u2022 Sexta baja&#8230; Y vuelven unas porras a asomarse d\u00e9biles para M\u00e9xico junto con el \u00abeeeee puuuto!\u00bb que se apaga con el ponche del azteca.<br \/>\n\u2022 Sexta entrada baja&#8230; La quinta en blanco para M\u00e9xico.<br \/>\n\u2022 Duarte empieza a aplaudir al grito de \u00abM\u00e9xico, M\u00e9xico!\u00bb y se pega un hit que parece Hot porque calienta un poco el \u00e1nimo mexicano.<br \/>\n\u2022 Hombre en segunda y tercera animan al Beto Avila ante la posibilidad de carrera&#8230;<br \/>\n\u2022 Pepe To\u00f1o Mansur y Silva se ponen de pie en ese momento&#8230; Y una pelota baja, mal\u00edsima, la hace strike y se nos va la oportunidad de meter carrera.<br \/>\n\u2022 Otro pitcher para M\u00e9xico para la s\u00e9ptima entrada. Pepe To\u00f1o Mansur incursiona en territorio cubano. Fue por una pelota autografiada para el Gober.<\/p>\n<p><img loading=\"lazy\" decoding=\"async\" class=\"alignnone size-medium wp-image-13540\" src=\"http:\/\/www.lospoliticosveracruz.com.mx\/wp-content\/uploads\/2014\/11\/Silva4-300x225.jpg\" alt=\"Silva4\" width=\"300\" height=\"225\" \/><br \/>\nEs de V\u00edctor Meza, uno de los mejores peloteros de Cuba, manager alguna vez de las Aguilas de Veracruz, y actual manager de la selecci\u00f3n cubana.<br \/>\n\u2022 Segunda entrada en blanco para los cubanos aunque parece muy tarde, pero dicen que esto no se acaba hasta que se acaba.<br \/>\n\u2022 Finaliza la s\u00e9ptima entrada y el Gober Duarte aplaude&#8230; Acaban de dar el medallero y seguimos en primer lugar.<br \/>\n\u2022 Octava entrada.<br \/>\nPrimera vez que Cuba tiene casa llena con cero outs&#8230; Cae un out, pero sigue la casita llena. Un batazo hacia primera base y se cacha tocando al cubano, se elimina la amenaza de casa llena.<br \/>\n\u2022 Y llegamos a la novena alta&#8230;<br \/>\nSon las 23 horas y cierra M\u00e9xico&#8230; La idea es que haga m\u00e1s decorosa esta masacre que se escribi\u00f3 desde la quinta entrada pero no, la esperanza se juega este d\u00eda contra Puerto Rico.<\/p>\n<figure id=\"attachment_13541\" aria-describedby=\"caption-attachment-13541\" style=\"width: 300px\" class=\"wp-caption alignnone\"><a href=\"http:\/\/www.lospoliticosveracruz.com.mx\/wp-content\/uploads\/2014\/11\/Silva5.jpg\"><img loading=\"lazy\" decoding=\"async\" class=\"wp-image-13541 size-medium\" src=\"http:\/\/www.lospoliticosveracruz.com.mx\/wp-content\/uploads\/2014\/11\/Silva5-300x225.jpg\" alt=\"Silva5\" width=\"300\" height=\"225\" \/><\/a><figcaption id=\"caption-attachment-13541\" class=\"wp-caption-text\">La suegra de Beto Silva, Rosy C\u00e1ceres, con el gober Javier Duarte<\/figcaption><\/figure>\n<p>smcainito@gmail.com<\/p>\n","protected":false},"excerpt":{"rendered":"<p>&nbsp; Salvador Mu\u00f1oz Los Pol\u00edticos &nbsp; Y los \u00fanicos que salieron felices del Beto Avila fue la familia Silva Far\u00edas&#8230; y el Gobernador tambi\u00e9n! Es que sali\u00f3 con bola autografiada, a pesar de que M\u00e9xico cay\u00f3 10-1. \u2022 Llegamos a la primera entrada del encuentro Mexico-Cuba. Van ganando los de la Isla 2-0. \u2022 La [&hellip;]<\/p>\n","protected":false},"author":2,"featured_media":0,"comment_status":"open","ping_status":"open","sticky":false,"template":"","format":"standard","meta":{"tdm_status":"","tdm_grid_status":"","footnotes":""},"categories":[70],"tags":[884,883,879,882,162,881,395],"class_list":{"0":"post-13535","1":"post","2":"type-post","3":"status-publish","4":"format-standard","6":"category-de-opinion","7":"tag-beisbol","8":"tag-celin-farias","9":"tag-cuba","10":"tag-embajador","11":"tag-javier-duarte","12":"tag-karime","13":"tag-mexico"},"yoast_head":"<!-- This site is optimized with the Yoast SEO plugin v27.4 - https:\/\/yoast.com\/product\/yoast-seo-wordpress\/ -->\n<title>Homerun de la Familia Silva - Los pol\u00edticos Veracruz<\/title>\n<meta name=\"robots\" content=\"index, follow, max-snippet:-1, max-image-preview:large, max-video-preview:-1\" \/>\n<link rel=\"canonical\" href=\"https:\/\/lospoliticosveracruz.com\/?p=13535\" \/>\n<meta property=\"og:locale\" content=\"es_ES\" \/>\n<meta property=\"og:type\" content=\"article\" \/>\n<meta property=\"og:title\" content=\"Homerun de la Familia Silva - Los pol\u00edticos Veracruz\" \/>\n<meta property=\"og:description\" content=\"&nbsp; Salvador Mu\u00f1oz Los Pol\u00edticos &nbsp; Y los \u00fanicos que salieron felices del Beto Avila fue la familia Silva Far\u00edas&#8230; y el Gobernador tambi\u00e9n! Es que sali\u00f3 con bola autografiada, a pesar de que M\u00e9xico cay\u00f3 10-1. \u2022 Llegamos a la primera entrada del encuentro Mexico-Cuba. Van ganando los de la Isla 2-0. \u2022 La [&hellip;]\" \/>\n<meta property=\"og:url\" content=\"https:\/\/lospoliticosveracruz.com\/?p=13535\" \/>\n<meta property=\"og:site_name\" content=\"Los pol\u00edticos Veracruz\" \/>\n<meta property=\"article:publisher\" content=\"https:\/\/www.facebook.com\/people\/Notimemes-de-los-Polticos\/61565672886568\/\" \/>\n<meta property=\"article:published_time\" content=\"2014-11-18T16:17:52+00:00\" \/>\n<meta property=\"og:image\" content=\"http:\/\/www.lospoliticosveracruz.com.mx\/wp-content\/uploads\/2014\/11\/Silva-300x225.jpg\" \/>\n<meta name=\"author\" content=\"Lo viste en Los Pol\u00edticos\" \/>\n<meta name=\"twitter:card\" content=\"summary_large_image\" \/>\n<meta name=\"twitter:creator\" content=\"@LosPoliticosVer\" \/>\n<meta name=\"twitter:site\" content=\"@LosPoliticosVer\" \/>\n<meta name=\"twitter:label1\" content=\"Escrito por\" \/>\n\t<meta name=\"twitter:data1\" content=\"Lo viste en Los Pol\u00edticos\" \/>\n\t<meta name=\"twitter:label2\" content=\"Tiempo de lectura\" \/>\n\t<meta name=\"twitter:data2\" content=\"4 minutos\" \/>\n<script type=\"application\/ld+json\" class=\"yoast-schema-graph\">{\"@context\":\"https:\\\/\\\/schema.org\",\"@graph\":[{\"@type\":\"Article\",\"@id\":\"https:\\\/\\\/lospoliticosveracruz.com\\\/?p=13535#article\",\"isPartOf\":{\"@id\":\"https:\\\/\\\/lospoliticosveracruz.com\\\/?p=13535\"},\"author\":{\"name\":\"Lo viste en Los Pol\u00edticos\",\"@id\":\"https:\\\/\\\/lospoliticosveracruz.com\\\/#\\\/schema\\\/person\\\/b8702bb0e538456e6efd07080bf2a4a2\"},\"headline\":\"Homerun de la Familia Silva\",\"datePublished\":\"2014-11-18T16:17:52+00:00\",\"mainEntityOfPage\":{\"@id\":\"https:\\\/\\\/lospoliticosveracruz.com\\\/?p=13535\"},\"wordCount\":861,\"commentCount\":0,\"publisher\":{\"@id\":\"https:\\\/\\\/lospoliticosveracruz.com\\\/#organization\"},\"image\":{\"@id\":\"https:\\\/\\\/lospoliticosveracruz.com\\\/?p=13535#primaryimage\"},\"thumbnailUrl\":\"http:\\\/\\\/www.lospoliticosveracruz.com.mx\\\/wp-content\\\/uploads\\\/2014\\\/11\\\/Silva-300x225.jpg\",\"keywords\":[\"b\u00e9isbol\",\"Cel\u00edn Far\u00edas\",\"Cuba\",\"Embajador\",\"Javier Duarte\",\"Karime\",\"M\u00e9xico\"],\"articleSection\":[\"De Opini\u00f3n\"],\"inLanguage\":\"es\",\"potentialAction\":[{\"@type\":\"CommentAction\",\"name\":\"Comment\",\"target\":[\"https:\\\/\\\/lospoliticosveracruz.com\\\/?p=13535#respond\"]}]},{\"@type\":\"WebPage\",\"@id\":\"https:\\\/\\\/lospoliticosveracruz.com\\\/?p=13535\",\"url\":\"https:\\\/\\\/lospoliticosveracruz.com\\\/?p=13535\",\"name\":\"Homerun de la Familia Silva - Los pol\u00edticos Veracruz\",\"isPartOf\":{\"@id\":\"https:\\\/\\\/lospoliticosveracruz.com\\\/#website\"},\"primaryImageOfPage\":{\"@id\":\"https:\\\/\\\/lospoliticosveracruz.com\\\/?p=13535#primaryimage\"},\"image\":{\"@id\":\"https:\\\/\\\/lospoliticosveracruz.com\\\/?p=13535#primaryimage\"},\"thumbnailUrl\":\"http:\\\/\\\/www.lospoliticosveracruz.com.mx\\\/wp-content\\\/uploads\\\/2014\\\/11\\\/Silva-300x225.jpg\",\"datePublished\":\"2014-11-18T16:17:52+00:00\",\"breadcrumb\":{\"@id\":\"https:\\\/\\\/lospoliticosveracruz.com\\\/?p=13535#breadcrumb\"},\"inLanguage\":\"es\",\"potentialAction\":[{\"@type\":\"ReadAction\",\"target\":[\"https:\\\/\\\/lospoliticosveracruz.com\\\/?p=13535\"]}]},{\"@type\":\"ImageObject\",\"inLanguage\":\"es\",\"@id\":\"https:\\\/\\\/lospoliticosveracruz.com\\\/?p=13535#primaryimage\",\"url\":\"http:\\\/\\\/www.lospoliticosveracruz.com.mx\\\/wp-content\\\/uploads\\\/2014\\\/11\\\/Silva-300x225.jpg\",\"contentUrl\":\"http:\\\/\\\/www.lospoliticosveracruz.com.mx\\\/wp-content\\\/uploads\\\/2014\\\/11\\\/Silva-300x225.jpg\"},{\"@type\":\"BreadcrumbList\",\"@id\":\"https:\\\/\\\/lospoliticosveracruz.com\\\/?p=13535#breadcrumb\",\"itemListElement\":[{\"@type\":\"ListItem\",\"position\":1,\"name\":\"Portada\",\"item\":\"https:\\\/\\\/lospoliticosveracruz.com\\\/\"},{\"@type\":\"ListItem\",\"position\":2,\"name\":\"Homerun de la Familia Silva\"}]},{\"@type\":\"WebSite\",\"@id\":\"https:\\\/\\\/lospoliticosveracruz.com\\\/#website\",\"url\":\"https:\\\/\\\/lospoliticosveracruz.com\\\/\",\"name\":\"Los pol\u00edticos Veracruz\",\"description\":\"\",\"publisher\":{\"@id\":\"https:\\\/\\\/lospoliticosveracruz.com\\\/#organization\"},\"potentialAction\":[{\"@type\":\"SearchAction\",\"target\":{\"@type\":\"EntryPoint\",\"urlTemplate\":\"https:\\\/\\\/lospoliticosveracruz.com\\\/?s={search_term_string}\"},\"query-input\":{\"@type\":\"PropertyValueSpecification\",\"valueRequired\":true,\"valueName\":\"search_term_string\"}}],\"inLanguage\":\"es\"},{\"@type\":\"Organization\",\"@id\":\"https:\\\/\\\/lospoliticosveracruz.com\\\/#organization\",\"name\":\"Los pol\u00edticos Veracruz\",\"url\":\"https:\\\/\\\/lospoliticosveracruz.com\\\/\",\"logo\":{\"@type\":\"ImageObject\",\"inLanguage\":\"es\",\"@id\":\"https:\\\/\\\/lospoliticosveracruz.com\\\/#\\\/schema\\\/logo\\\/image\\\/\",\"url\":\"https:\\\/\\\/lospoliticosveracruz.com\\\/wp-content\\\/uploads\\\/2025\\\/12\\\/Logo-Nuevo-LOS-POLITICOS-1.jpg\",\"contentUrl\":\"https:\\\/\\\/lospoliticosveracruz.com\\\/wp-content\\\/uploads\\\/2025\\\/12\\\/Logo-Nuevo-LOS-POLITICOS-1.jpg\",\"width\":260,\"height\":70,\"caption\":\"Los pol\u00edticos Veracruz\"},\"image\":{\"@id\":\"https:\\\/\\\/lospoliticosveracruz.com\\\/#\\\/schema\\\/logo\\\/image\\\/\"},\"sameAs\":[\"https:\\\/\\\/www.facebook.com\\\/people\\\/Notimemes-de-los-Polticos\\\/61565672886568\\\/\",\"https:\\\/\\\/x.com\\\/LosPoliticosVer\"]},{\"@type\":\"Person\",\"@id\":\"https:\\\/\\\/lospoliticosveracruz.com\\\/#\\\/schema\\\/person\\\/b8702bb0e538456e6efd07080bf2a4a2\",\"name\":\"Lo viste en Los Pol\u00edticos\",\"image\":{\"@type\":\"ImageObject\",\"inLanguage\":\"es\",\"@id\":\"https:\\\/\\\/secure.gravatar.com\\\/avatar\\\/3a8de04a2656d44082be478bd6c086daa447c4651605818287b9532d3d0bd435?s=96&d=mm&r=g\",\"url\":\"https:\\\/\\\/secure.gravatar.com\\\/avatar\\\/3a8de04a2656d44082be478bd6c086daa447c4651605818287b9532d3d0bd435?s=96&d=mm&r=g\",\"contentUrl\":\"https:\\\/\\\/secure.gravatar.com\\\/avatar\\\/3a8de04a2656d44082be478bd6c086daa447c4651605818287b9532d3d0bd435?s=96&d=mm&r=g\",\"caption\":\"Lo viste en Los Pol\u00edticos\"},\"url\":\"https:\\\/\\\/lospoliticosveracruz.com\\\/?author=2\"}]}<\/script>\n<!-- \/ Yoast SEO plugin. -->","yoast_head_json":{"title":"Homerun de la Familia Silva - Los pol\u00edticos Veracruz","robots":{"index":"index","follow":"follow","max-snippet":"max-snippet:-1","max-image-preview":"max-image-preview:large","max-video-preview":"max-video-preview:-1"},"canonical":"https:\/\/lospoliticosveracruz.com\/?p=13535","og_locale":"es_ES","og_type":"article","og_title":"Homerun de la Familia Silva - Los pol\u00edticos Veracruz","og_description":"&nbsp; Salvador Mu\u00f1oz Los Pol\u00edticos &nbsp; Y los \u00fanicos que salieron felices del Beto Avila fue la familia Silva Far\u00edas&#8230; y el Gobernador tambi\u00e9n! Es que sali\u00f3 con bola autografiada, a pesar de que M\u00e9xico cay\u00f3 10-1. \u2022 Llegamos a la primera entrada del encuentro Mexico-Cuba. Van ganando los de la Isla 2-0. \u2022 La [&hellip;]","og_url":"https:\/\/lospoliticosveracruz.com\/?p=13535","og_site_name":"Los pol\u00edticos Veracruz","article_publisher":"https:\/\/www.facebook.com\/people\/Notimemes-de-los-Polticos\/61565672886568\/","article_published_time":"2014-11-18T16:17:52+00:00","og_image":[{"url":"http:\/\/www.lospoliticosveracruz.com.mx\/wp-content\/uploads\/2014\/11\/Silva-300x225.jpg","type":"","width":"","height":""}],"author":"Lo viste en Los Pol\u00edticos","twitter_card":"summary_large_image","twitter_creator":"@LosPoliticosVer","twitter_site":"@LosPoliticosVer","twitter_misc":{"Escrito por":"Lo viste en Los Pol\u00edticos","Tiempo de lectura":"4 minutos"},"schema":{"@context":"https:\/\/schema.org","@graph":[{"@type":"Article","@id":"https:\/\/lospoliticosveracruz.com\/?p=13535#article","isPartOf":{"@id":"https:\/\/lospoliticosveracruz.com\/?p=13535"},"author":{"name":"Lo viste en Los Pol\u00edticos","@id":"https:\/\/lospoliticosveracruz.com\/#\/schema\/person\/b8702bb0e538456e6efd07080bf2a4a2"},"headline":"Homerun de la Familia Silva","datePublished":"2014-11-18T16:17:52+00:00","mainEntityOfPage":{"@id":"https:\/\/lospoliticosveracruz.com\/?p=13535"},"wordCount":861,"commentCount":0,"publisher":{"@id":"https:\/\/lospoliticosveracruz.com\/#organization"},"image":{"@id":"https:\/\/lospoliticosveracruz.com\/?p=13535#primaryimage"},"thumbnailUrl":"http:\/\/www.lospoliticosveracruz.com.mx\/wp-content\/uploads\/2014\/11\/Silva-300x225.jpg","keywords":["b\u00e9isbol","Cel\u00edn Far\u00edas","Cuba","Embajador","Javier Duarte","Karime","M\u00e9xico"],"articleSection":["De Opini\u00f3n"],"inLanguage":"es","potentialAction":[{"@type":"CommentAction","name":"Comment","target":["https:\/\/lospoliticosveracruz.com\/?p=13535#respond"]}]},{"@type":"WebPage","@id":"https:\/\/lospoliticosveracruz.com\/?p=13535","url":"https:\/\/lospoliticosveracruz.com\/?p=13535","name":"Homerun de la Familia Silva - Los pol\u00edticos Veracruz","isPartOf":{"@id":"https:\/\/lospoliticosveracruz.com\/#website"},"primaryImageOfPage":{"@id":"https:\/\/lospoliticosveracruz.com\/?p=13535#primaryimage"},"image":{"@id":"https:\/\/lospoliticosveracruz.com\/?p=13535#primaryimage"},"thumbnailUrl":"http:\/\/www.lospoliticosveracruz.com.mx\/wp-content\/uploads\/2014\/11\/Silva-300x225.jpg","datePublished":"2014-11-18T16:17:52+00:00","breadcrumb":{"@id":"https:\/\/lospoliticosveracruz.com\/?p=13535#breadcrumb"},"inLanguage":"es","potentialAction":[{"@type":"ReadAction","target":["https:\/\/lospoliticosveracruz.com\/?p=13535"]}]},{"@type":"ImageObject","inLanguage":"es","@id":"https:\/\/lospoliticosveracruz.com\/?p=13535#primaryimage","url":"http:\/\/www.lospoliticosveracruz.com.mx\/wp-content\/uploads\/2014\/11\/Silva-300x225.jpg","contentUrl":"http:\/\/www.lospoliticosveracruz.com.mx\/wp-content\/uploads\/2014\/11\/Silva-300x225.jpg"},{"@type":"BreadcrumbList","@id":"https:\/\/lospoliticosveracruz.com\/?p=13535#breadcrumb","itemListElement":[{"@type":"ListItem","position":1,"name":"Portada","item":"https:\/\/lospoliticosveracruz.com\/"},{"@type":"ListItem","position":2,"name":"Homerun de la Familia Silva"}]},{"@type":"WebSite","@id":"https:\/\/lospoliticosveracruz.com\/#website","url":"https:\/\/lospoliticosveracruz.com\/","name":"Los pol\u00edticos Veracruz","description":"","publisher":{"@id":"https:\/\/lospoliticosveracruz.com\/#organization"},"potentialAction":[{"@type":"SearchAction","target":{"@type":"EntryPoint","urlTemplate":"https:\/\/lospoliticosveracruz.com\/?s={search_term_string}"},"query-input":{"@type":"PropertyValueSpecification","valueRequired":true,"valueName":"search_term_string"}}],"inLanguage":"es"},{"@type":"Organization","@id":"https:\/\/lospoliticosveracruz.com\/#organization","name":"Los pol\u00edticos Veracruz","url":"https:\/\/lospoliticosveracruz.com\/","logo":{"@type":"ImageObject","inLanguage":"es","@id":"https:\/\/lospoliticosveracruz.com\/#\/schema\/logo\/image\/","url":"https:\/\/lospoliticosveracruz.com\/wp-content\/uploads\/2025\/12\/Logo-Nuevo-LOS-POLITICOS-1.jpg","contentUrl":"https:\/\/lospoliticosveracruz.com\/wp-content\/uploads\/2025\/12\/Logo-Nuevo-LOS-POLITICOS-1.jpg","width":260,"height":70,"caption":"Los pol\u00edticos Veracruz"},"image":{"@id":"https:\/\/lospoliticosveracruz.com\/#\/schema\/logo\/image\/"},"sameAs":["https:\/\/www.facebook.com\/people\/Notimemes-de-los-Polticos\/61565672886568\/","https:\/\/x.com\/LosPoliticosVer"]},{"@type":"Person","@id":"https:\/\/lospoliticosveracruz.com\/#\/schema\/person\/b8702bb0e538456e6efd07080bf2a4a2","name":"Lo viste en Los Pol\u00edticos","image":{"@type":"ImageObject","inLanguage":"es","@id":"https:\/\/secure.gravatar.com\/avatar\/3a8de04a2656d44082be478bd6c086daa447c4651605818287b9532d3d0bd435?s=96&d=mm&r=g","url":"https:\/\/secure.gravatar.com\/avatar\/3a8de04a2656d44082be478bd6c086daa447c4651605818287b9532d3d0bd435?s=96&d=mm&r=g","contentUrl":"https:\/\/secure.gravatar.com\/avatar\/3a8de04a2656d44082be478bd6c086daa447c4651605818287b9532d3d0bd435?s=96&d=mm&r=g","caption":"Lo viste en Los Pol\u00edticos"},"url":"https:\/\/lospoliticosveracruz.com\/?author=2"}]}},"_links":{"self":[{"href":"https:\/\/lospoliticosveracruz.com\/index.php?rest_route=\/wp\/v2\/posts\/13535","targetHints":{"allow":["GET"]}}],"collection":[{"href":"https:\/\/lospoliticosveracruz.com\/index.php?rest_route=\/wp\/v2\/posts"}],"about":[{"href":"https:\/\/lospoliticosveracruz.com\/index.php?rest_route=\/wp\/v2\/types\/post"}],"author":[{"embeddable":true,"href":"https:\/\/lospoliticosveracruz.com\/index.php?rest_route=\/wp\/v2\/users\/2"}],"replies":[{"embeddable":true,"href":"https:\/\/lospoliticosveracruz.com\/index.php?rest_route=%2Fwp%2Fv2%2Fcomments&post=13535"}],"version-history":[{"count":2,"href":"https:\/\/lospoliticosveracruz.com\/index.php?rest_route=\/wp\/v2\/posts\/13535\/revisions"}],"predecessor-version":[{"id":13542,"href":"https:\/\/lospoliticosveracruz.com\/index.php?rest_route=\/wp\/v2\/posts\/13535\/revisions\/13542"}],"wp:attachment":[{"href":"https:\/\/lospoliticosveracruz.com\/index.php?rest_route=%2Fwp%2Fv2%2Fmedia&parent=13535"}],"wp:term":[{"taxonomy":"category","embeddable":true,"href":"https:\/\/lospoliticosveracruz.com\/index.php?rest_route=%2Fwp%2Fv2%2Fcategories&post=13535"},{"taxonomy":"post_tag","embeddable":true,"href":"https:\/\/lospoliticosveracruz.com\/index.php?rest_route=%2Fwp%2Fv2%2Ftags&post=13535"}],"curies":[{"name":"wp","href":"https:\/\/api.w.org\/{rel}","templated":true}]}}