{"id":135385,"date":"2025-01-10T12:54:03","date_gmt":"2025-01-10T18:54:03","guid":{"rendered":"https:\/\/lospoliticosveracruz.com.mx\/?p=135385"},"modified":"2025-01-10T12:54:34","modified_gmt":"2025-01-10T18:54:34","slug":"garcia-mendez-trasciende","status":"publish","type":"post","link":"https:\/\/lospoliticosveracruz.com\/?p=135385","title":{"rendered":"GARC\u00cdA M\u00c9NDEZ TRASCIENDE"},"content":{"rendered":"\n<p>S\u00edguenos ahora tambi\u00e9n en WhatsApp.\u00a0<a href=\"https:\/\/whatsapp.com\/channel\/0029Va8zRWlEKyZIP3Z1dF0e\"><em><strong>Da clic aqu\u00ed<\/strong><\/em><\/a><\/p>\n\n\n\n<p><strong>Inocencio Y\u00e1\u00f1ez Vicencio<\/strong><\/p>\n\n\n\n<p>Dec\u00eda Don Jes\u00fas Reyes Heroles, que siempre ser\u00e1 mejor ocuparse m\u00e1s de los problemas que de las personas, pero indiscutiblemente hay quienes personifican un problema, un fen\u00f3meno, una causa y hay quienes hasta el tiempo. Acaso Voltaire no nos dej\u00f3 una obra titulada El Siglo de Lu\u00eds XIV ?. Don Jes\u00fas Reyes Heroles, escribi\u00f3 una introducci\u00f3n a las Obras de Mariano Otero, que rebasan las 100 p\u00e1ginas, que junto a Manuel Crescencio Rej\u00f3n, son padres del garantismo mexicano, que conculca el gobierno de Morena.<br>Carlos Garc\u00eda M\u00e9ndez, fue un hombre entendi\u00f3 muy bien que para trascender, antes que cualquier otra cosa, debe tenerse la inteligencia para recepcionar las grandes causas de nuestro tiempo, comprometerse con ellas y tener la voluntad para servir a ellas desde la trinchera que de acuerdo a nuestras aptitudes y potencialidades podamos contribuir a su desarrollo.<br>En todas las actividades que emprendi\u00f3, invariablemente lo hizo con plena entrega y total honestidad. Siempre pens\u00f3 y busc\u00f3 la forma de trabajar para la comunidad. Su esp\u00edritu solidario lo llev\u00f3 a proyectos donde privilegi\u00f3 el inter\u00e9s com\u00fan. Con inteligencia, preparaci\u00f3n y pasi\u00f3n decidi\u00f3 enfrentar los grandes problemas que lastiman a las capas m\u00e1s marginadas.<br>Carlos y quienes lo acompa\u00f1aron a fundar la Universidad de Xalapa, desde su proyecci\u00f3n, pensaron y creyeron que en Veracruz era posible conjugar excelencia, libertad de c\u00e1tedra y ciencia al alcance de todos y finalmente lo lograron.<br>La fundaci\u00f3n de la Universidad de Xalapa, se realiza en un momento de profunda crisis de modelos y paradigmas educativos, pero adem\u00e1s en la disyuntiva de educar para la contemplaci\u00f3n o el empleo. No \u00fanicamente se ventilaba un paradigma educativo para reforzar y afianzar un sistema y otro que promoviera su transformaci\u00f3n. Dentro de este dilema hab\u00eda matices. No se pod\u00eda ver todo en blanco o negro. No pod\u00edamos seguir produciendo ni aut\u00f3matas ni reclutas para quimeras revolucionarias. Las universidades no pod\u00edan debatirse entre el dilema de f\u00e1bricas de desempleados o de simples trepadores. La discusi\u00f3n sobre el papel de las universidades no era reciente. Recordemos que ese debate viene desde que fueron fundadas en Bolonia, Par\u00eds o Valencia, en los siglos XI y XII. La Iglesia Cat\u00f3lica hizo de la Sorbona, un brazo de la Santa Inquisici\u00f3n contra la ilustraci\u00f3n y los ilustrados. Para no pocos , las universidades deben seguir reproduciendo visiones oscurantistas y recubrir de neutralidad formas de dominaci\u00f3n de naturaleza clasista, por lo que sustraer la educaci\u00f3n y la investigaci\u00f3n de manos confesionales y de las fuerzas que viven de explotar a los desposeidos de todo, no es f\u00e1cil. Siempre hay posibilidad de hacerlo y eso lo percibi\u00f3 muy bien nuestro amigo Carlos Garc\u00eda M\u00e9ndez, al partir de que puede haber eficientismo educativo, esto es, preparar mano de obra que estraiga m\u00e1s plusval\u00eda relativa y extraordinaria, haciendo m\u00e1s productivo a los trabajadores; pero perfeccionado las relaciones de explotaci\u00f3n, pero reduciendo las innovaciones a girar dentro de la jaula. Sin embargo la educaci\u00f3n para desarrollarse necesita de libertad. En la capital de la Rep\u00fablica tenemos una Escuela de derecho que es supuestamente laica, pero su \u00e9xito comercial lo basa en que es codiguera, enfatizan el derecho adjetivo, el derecho procesal, que da de comer, pero la UNAM, prevalece y sus maestros siguen liderando, por la sencilla raz\u00f3n de que la educaci\u00f3n para desplegarse plenamente necesita de libertad, esa es la clave que catapult\u00f3 a la Universidad de Xalapa. Una universidad de punta que supo que el orden es importante en cuanto se comprende que no hay libertad sin orden, que la meta es contribuir a crear un \u00f3rden para la libertad.<br>C\u00f3mo rector de la Universidad de Xalapa, entendi\u00f3 muy bien que la educaci\u00f3n debe desprenderse de concepciones fetichistas, porque no se educa para la nada. Lo importante es trabajar para una educaci\u00f3n que produzca mujeres y hombres para enfrentar los retos de hoy pero tambi\u00e9n para colaborar a una convivencia m\u00e1s racional y emancipada. Los lazos comunitarios que inculquen no pueden regresarnos a cohesi\u00f3nes organistas y corporativistas que hac\u00edan depender el valor del individuo por su integraci\u00f3n gremial. La educaci\u00f3n de hoy debe reducir el filo al individualismo pero es mejor a cualquier mecanismo holistico, que niegue el valor del individuo. La solidaridad no puede sustituir a la competencia en una fase del desarrollo en que la distribuci\u00f3n necesita realizarse apoy\u00e1ndose en la cantidad y la calidad del trabajo.<br>Respeto mucho a la educaci\u00f3n que tienen bajo su responsabilidad \u00f3rdenes religiosas como los planteles laicos, esa es parte de la pluralidad, no obstante soy un convencido que la Universidad de Xalapa, es un centro que bajo la rector\u00eda de Carlos Garc\u00eda M\u00e9ndez, logr\u00f3 la excelencia porque supo conjugar excelencia con una visi\u00f3n social, que s\u00f3lo pod\u00eda prender en clima de plena libertad.<br>Estas l\u00edneas de reconocimiento al legado educativo de Carlos Garc\u00eda M\u00e9ndez, estar\u00edan incompletas si no hiciera p\u00fablicos mis lazos afectivos con \u00e9l y su distinguida familia. \u00danicamente quiere que sepan que cuando en 1993-4 regres\u00e9 a Xalapa, despu\u00e9s de dar muchos a\u00f1os clases en la Escuela Superior de Econom\u00eda del IPN, me hizo reiteradas invitaciones a impartir clases en la UX, a lo que yo me negaba, por considerar que no compatilizaba con los trabajos que en ese tiempo realizaba, hasta que un d\u00eda me llama y me pl\u00e1tica que comi\u00f3 con el Lic. Pericles Namorado Urrutia, y el licenciado Namorado le indic\u00f3 que yo pod\u00eda dar la materia que le propon\u00eda. Me coment\u00f3 el Rector, que le inquiri\u00f3 que yo era economista, a lo que le respondi\u00f3: yo te recomiendo a uno que sabe Teor\u00eda Constitucional y Derecho Constitucional, no un graduado en esas asignaturas. Habiendo visto como el Lic. Pericles Namorado Urrutia, le grit\u00f3 frente a mi a Demetrio Ru\u00edz Malerva, que no le\u00eda y que se hab\u00eda convertido en un lector de solapas, no pod\u00eda correr y acept\u00e9. Tal vez por temor a que yo recibiera una reprimenda igual que Demetrio. Yo ya hab\u00eda impartido Derecho Constitucional en el Icap. Lo que sucede que con motivo de la Reforma a nuestra Constituci\u00f3n, casi a diario revisamos textos sobre este tema.<br>Me toc\u00f3 vivir en carne propia su crisis como secretario de Desarrollo Econ\u00f3mico. En un viaje que hice con el gobernador Herrera, a Villahermosa, le advierto que Carlos, iba a renunciar. Al regresar le digo lo que quer\u00eda Fidel, que rectificara. Lo hizo y punto. El problema despu\u00e9s lo tuve yo porque exactamente lo que le comento a Erik Lagos, aparece publicado. En los zapatos de Erik hubiera inferido que fui yo, quien filtr\u00f3 esa informaci\u00f3n, paro yo no fui quien divulg\u00f3 esa informaci\u00f3n. Cosas de la vida.<br>Muchas veces que lo visit\u00e9, expresaba: ya va a regresar Inocencio, a dar clases.<br>Por su gran aportaci\u00f3n a la excelencia acad\u00e9mica y poner esa excelencia al alcance de todos, Carlos Garc\u00eda M\u00e9ndez, siempre ocupar\u00e1 un lugar muy privilegiado en nuestra mente y en nuestro coraz\u00f3n.<\/p>\n","protected":false},"excerpt":{"rendered":"<p>S\u00edguenos ahora tambi\u00e9n en WhatsApp.\u00a0Da clic aqu\u00ed Inocencio Y\u00e1\u00f1ez Vicencio Dec\u00eda Don Jes\u00fas Reyes Heroles, que siempre ser\u00e1 mejor ocuparse m\u00e1s de los problemas que de las personas, pero indiscutiblemente hay quienes personifican un problema, un fen\u00f3meno, una causa y hay quienes hasta el tiempo. Acaso Voltaire no nos dej\u00f3 una obra titulada El Siglo [&hellip;]<\/p>\n","protected":false},"author":2,"featured_media":120033,"comment_status":"closed","ping_status":"closed","sticky":false,"template":"","format":"standard","meta":{"tdm_status":"","tdm_grid_status":"","footnotes":""},"categories":[70],"tags":[8256],"class_list":{"0":"post-135385","1":"post","2":"type-post","3":"status-publish","4":"format-standard","5":"has-post-thumbnail","7":"category-de-opinion","8":"tag-inocencio-yanez-vicencio"},"yoast_head":"<!-- This site is optimized with the Yoast SEO plugin v27.4 - https:\/\/yoast.com\/product\/yoast-seo-wordpress\/ -->\n<title>GARC\u00cdA M\u00c9NDEZ TRASCIENDE - Los pol\u00edticos Veracruz<\/title>\n<meta name=\"robots\" content=\"index, follow, max-snippet:-1, max-image-preview:large, max-video-preview:-1\" \/>\n<link rel=\"canonical\" href=\"https:\/\/lospoliticosveracruz.com\/?p=135385\" \/>\n<meta property=\"og:locale\" content=\"es_ES\" \/>\n<meta property=\"og:type\" content=\"article\" \/>\n<meta property=\"og:title\" content=\"GARC\u00cdA M\u00c9NDEZ TRASCIENDE - Los pol\u00edticos Veracruz\" \/>\n<meta property=\"og:description\" content=\"S\u00edguenos ahora tambi\u00e9n en WhatsApp.\u00a0Da clic aqu\u00ed Inocencio Y\u00e1\u00f1ez Vicencio Dec\u00eda Don Jes\u00fas Reyes Heroles, que siempre ser\u00e1 mejor ocuparse m\u00e1s de los problemas que de las personas, pero indiscutiblemente hay quienes personifican un problema, un fen\u00f3meno, una causa y hay quienes hasta el tiempo. Acaso Voltaire no nos dej\u00f3 una obra titulada El Siglo [&hellip;]\" \/>\n<meta property=\"og:url\" content=\"https:\/\/lospoliticosveracruz.com\/?p=135385\" \/>\n<meta property=\"og:site_name\" content=\"Los pol\u00edticos Veracruz\" \/>\n<meta property=\"article:publisher\" content=\"https:\/\/www.facebook.com\/people\/Notimemes-de-los-Polticos\/61565672886568\/\" \/>\n<meta property=\"article:published_time\" content=\"2025-01-10T18:54:03+00:00\" \/>\n<meta property=\"article:modified_time\" content=\"2025-01-10T18:54:34+00:00\" \/>\n<meta property=\"og:image\" content=\"https:\/\/lospoliticosveracruz.com\/wp-content\/uploads\/2024\/03\/Inocencio-Yanez-Vicencio.jpg\" \/>\n\t<meta property=\"og:image:width\" content=\"1250\" \/>\n\t<meta property=\"og:image:height\" content=\"667\" \/>\n\t<meta property=\"og:image:type\" content=\"image\/jpeg\" \/>\n<meta name=\"author\" content=\"Lo viste en Los Pol\u00edticos\" \/>\n<meta name=\"twitter:card\" content=\"summary_large_image\" \/>\n<meta name=\"twitter:creator\" content=\"@LosPoliticosVer\" \/>\n<meta name=\"twitter:site\" content=\"@LosPoliticosVer\" \/>\n<meta name=\"twitter:label1\" content=\"Escrito por\" \/>\n\t<meta name=\"twitter:data1\" content=\"Lo viste en Los Pol\u00edticos\" \/>\n\t<meta name=\"twitter:label2\" content=\"Tiempo de lectura\" \/>\n\t<meta name=\"twitter:data2\" content=\"6 minutos\" \/>\n<script type=\"application\/ld+json\" class=\"yoast-schema-graph\">{\"@context\":\"https:\\\/\\\/schema.org\",\"@graph\":[{\"@type\":\"Article\",\"@id\":\"https:\\\/\\\/lospoliticosveracruz.com\\\/?p=135385#article\",\"isPartOf\":{\"@id\":\"https:\\\/\\\/lospoliticosveracruz.com\\\/?p=135385\"},\"author\":{\"name\":\"Lo viste en Los Pol\u00edticos\",\"@id\":\"https:\\\/\\\/lospoliticosveracruz.com\\\/#\\\/schema\\\/person\\\/b8702bb0e538456e6efd07080bf2a4a2\"},\"headline\":\"GARC\u00cdA M\u00c9NDEZ TRASCIENDE\",\"datePublished\":\"2025-01-10T18:54:03+00:00\",\"dateModified\":\"2025-01-10T18:54:34+00:00\",\"mainEntityOfPage\":{\"@id\":\"https:\\\/\\\/lospoliticosveracruz.com\\\/?p=135385\"},\"wordCount\":1257,\"publisher\":{\"@id\":\"https:\\\/\\\/lospoliticosveracruz.com\\\/#organization\"},\"image\":{\"@id\":\"https:\\\/\\\/lospoliticosveracruz.com\\\/?p=135385#primaryimage\"},\"thumbnailUrl\":\"https:\\\/\\\/lospoliticosveracruz.com\\\/wp-content\\\/uploads\\\/2024\\\/03\\\/Inocencio-Yanez-Vicencio.jpg\",\"keywords\":[\"Inocencio Y\u00e1\u00f1ez Vicencio\"],\"articleSection\":[\"De Opini\u00f3n\"],\"inLanguage\":\"es\"},{\"@type\":\"WebPage\",\"@id\":\"https:\\\/\\\/lospoliticosveracruz.com\\\/?p=135385\",\"url\":\"https:\\\/\\\/lospoliticosveracruz.com\\\/?p=135385\",\"name\":\"GARC\u00cdA M\u00c9NDEZ TRASCIENDE - Los pol\u00edticos Veracruz\",\"isPartOf\":{\"@id\":\"https:\\\/\\\/lospoliticosveracruz.com\\\/#website\"},\"primaryImageOfPage\":{\"@id\":\"https:\\\/\\\/lospoliticosveracruz.com\\\/?p=135385#primaryimage\"},\"image\":{\"@id\":\"https:\\\/\\\/lospoliticosveracruz.com\\\/?p=135385#primaryimage\"},\"thumbnailUrl\":\"https:\\\/\\\/lospoliticosveracruz.com\\\/wp-content\\\/uploads\\\/2024\\\/03\\\/Inocencio-Yanez-Vicencio.jpg\",\"datePublished\":\"2025-01-10T18:54:03+00:00\",\"dateModified\":\"2025-01-10T18:54:34+00:00\",\"breadcrumb\":{\"@id\":\"https:\\\/\\\/lospoliticosveracruz.com\\\/?p=135385#breadcrumb\"},\"inLanguage\":\"es\",\"potentialAction\":[{\"@type\":\"ReadAction\",\"target\":[\"https:\\\/\\\/lospoliticosveracruz.com\\\/?p=135385\"]}]},{\"@type\":\"ImageObject\",\"inLanguage\":\"es\",\"@id\":\"https:\\\/\\\/lospoliticosveracruz.com\\\/?p=135385#primaryimage\",\"url\":\"https:\\\/\\\/lospoliticosveracruz.com\\\/wp-content\\\/uploads\\\/2024\\\/03\\\/Inocencio-Yanez-Vicencio.jpg\",\"contentUrl\":\"https:\\\/\\\/lospoliticosveracruz.com\\\/wp-content\\\/uploads\\\/2024\\\/03\\\/Inocencio-Yanez-Vicencio.jpg\",\"width\":1250,\"height\":667},{\"@type\":\"BreadcrumbList\",\"@id\":\"https:\\\/\\\/lospoliticosveracruz.com\\\/?p=135385#breadcrumb\",\"itemListElement\":[{\"@type\":\"ListItem\",\"position\":1,\"name\":\"Portada\",\"item\":\"https:\\\/\\\/lospoliticosveracruz.com\\\/\"},{\"@type\":\"ListItem\",\"position\":2,\"name\":\"GARC\u00cdA M\u00c9NDEZ TRASCIENDE\"}]},{\"@type\":\"WebSite\",\"@id\":\"https:\\\/\\\/lospoliticosveracruz.com\\\/#website\",\"url\":\"https:\\\/\\\/lospoliticosveracruz.com\\\/\",\"name\":\"Los pol\u00edticos Veracruz\",\"description\":\"\",\"publisher\":{\"@id\":\"https:\\\/\\\/lospoliticosveracruz.com\\\/#organization\"},\"potentialAction\":[{\"@type\":\"SearchAction\",\"target\":{\"@type\":\"EntryPoint\",\"urlTemplate\":\"https:\\\/\\\/lospoliticosveracruz.com\\\/?s={search_term_string}\"},\"query-input\":{\"@type\":\"PropertyValueSpecification\",\"valueRequired\":true,\"valueName\":\"search_term_string\"}}],\"inLanguage\":\"es\"},{\"@type\":\"Organization\",\"@id\":\"https:\\\/\\\/lospoliticosveracruz.com\\\/#organization\",\"name\":\"Los pol\u00edticos Veracruz\",\"url\":\"https:\\\/\\\/lospoliticosveracruz.com\\\/\",\"logo\":{\"@type\":\"ImageObject\",\"inLanguage\":\"es\",\"@id\":\"https:\\\/\\\/lospoliticosveracruz.com\\\/#\\\/schema\\\/logo\\\/image\\\/\",\"url\":\"https:\\\/\\\/lospoliticosveracruz.com\\\/wp-content\\\/uploads\\\/2025\\\/12\\\/Logo-Nuevo-LOS-POLITICOS-1.jpg\",\"contentUrl\":\"https:\\\/\\\/lospoliticosveracruz.com\\\/wp-content\\\/uploads\\\/2025\\\/12\\\/Logo-Nuevo-LOS-POLITICOS-1.jpg\",\"width\":260,\"height\":70,\"caption\":\"Los pol\u00edticos Veracruz\"},\"image\":{\"@id\":\"https:\\\/\\\/lospoliticosveracruz.com\\\/#\\\/schema\\\/logo\\\/image\\\/\"},\"sameAs\":[\"https:\\\/\\\/www.facebook.com\\\/people\\\/Notimemes-de-los-Polticos\\\/61565672886568\\\/\",\"https:\\\/\\\/x.com\\\/LosPoliticosVer\"]},{\"@type\":\"Person\",\"@id\":\"https:\\\/\\\/lospoliticosveracruz.com\\\/#\\\/schema\\\/person\\\/b8702bb0e538456e6efd07080bf2a4a2\",\"name\":\"Lo viste en Los Pol\u00edticos\",\"image\":{\"@type\":\"ImageObject\",\"inLanguage\":\"es\",\"@id\":\"https:\\\/\\\/secure.gravatar.com\\\/avatar\\\/3a8de04a2656d44082be478bd6c086daa447c4651605818287b9532d3d0bd435?s=96&d=mm&r=g\",\"url\":\"https:\\\/\\\/secure.gravatar.com\\\/avatar\\\/3a8de04a2656d44082be478bd6c086daa447c4651605818287b9532d3d0bd435?s=96&d=mm&r=g\",\"contentUrl\":\"https:\\\/\\\/secure.gravatar.com\\\/avatar\\\/3a8de04a2656d44082be478bd6c086daa447c4651605818287b9532d3d0bd435?s=96&d=mm&r=g\",\"caption\":\"Lo viste en Los Pol\u00edticos\"},\"url\":\"https:\\\/\\\/lospoliticosveracruz.com\\\/?author=2\"}]}<\/script>\n<!-- \/ Yoast SEO plugin. -->","yoast_head_json":{"title":"GARC\u00cdA M\u00c9NDEZ TRASCIENDE - Los pol\u00edticos Veracruz","robots":{"index":"index","follow":"follow","max-snippet":"max-snippet:-1","max-image-preview":"max-image-preview:large","max-video-preview":"max-video-preview:-1"},"canonical":"https:\/\/lospoliticosveracruz.com\/?p=135385","og_locale":"es_ES","og_type":"article","og_title":"GARC\u00cdA M\u00c9NDEZ TRASCIENDE - Los pol\u00edticos Veracruz","og_description":"S\u00edguenos ahora tambi\u00e9n en WhatsApp.\u00a0Da clic aqu\u00ed Inocencio Y\u00e1\u00f1ez Vicencio Dec\u00eda Don Jes\u00fas Reyes Heroles, que siempre ser\u00e1 mejor ocuparse m\u00e1s de los problemas que de las personas, pero indiscutiblemente hay quienes personifican un problema, un fen\u00f3meno, una causa y hay quienes hasta el tiempo. Acaso Voltaire no nos dej\u00f3 una obra titulada El Siglo [&hellip;]","og_url":"https:\/\/lospoliticosveracruz.com\/?p=135385","og_site_name":"Los pol\u00edticos Veracruz","article_publisher":"https:\/\/www.facebook.com\/people\/Notimemes-de-los-Polticos\/61565672886568\/","article_published_time":"2025-01-10T18:54:03+00:00","article_modified_time":"2025-01-10T18:54:34+00:00","og_image":[{"width":1250,"height":667,"url":"https:\/\/lospoliticosveracruz.com\/wp-content\/uploads\/2024\/03\/Inocencio-Yanez-Vicencio.jpg","type":"image\/jpeg"}],"author":"Lo viste en Los Pol\u00edticos","twitter_card":"summary_large_image","twitter_creator":"@LosPoliticosVer","twitter_site":"@LosPoliticosVer","twitter_misc":{"Escrito por":"Lo viste en Los Pol\u00edticos","Tiempo de lectura":"6 minutos"},"schema":{"@context":"https:\/\/schema.org","@graph":[{"@type":"Article","@id":"https:\/\/lospoliticosveracruz.com\/?p=135385#article","isPartOf":{"@id":"https:\/\/lospoliticosveracruz.com\/?p=135385"},"author":{"name":"Lo viste en Los Pol\u00edticos","@id":"https:\/\/lospoliticosveracruz.com\/#\/schema\/person\/b8702bb0e538456e6efd07080bf2a4a2"},"headline":"GARC\u00cdA M\u00c9NDEZ TRASCIENDE","datePublished":"2025-01-10T18:54:03+00:00","dateModified":"2025-01-10T18:54:34+00:00","mainEntityOfPage":{"@id":"https:\/\/lospoliticosveracruz.com\/?p=135385"},"wordCount":1257,"publisher":{"@id":"https:\/\/lospoliticosveracruz.com\/#organization"},"image":{"@id":"https:\/\/lospoliticosveracruz.com\/?p=135385#primaryimage"},"thumbnailUrl":"https:\/\/lospoliticosveracruz.com\/wp-content\/uploads\/2024\/03\/Inocencio-Yanez-Vicencio.jpg","keywords":["Inocencio Y\u00e1\u00f1ez Vicencio"],"articleSection":["De Opini\u00f3n"],"inLanguage":"es"},{"@type":"WebPage","@id":"https:\/\/lospoliticosveracruz.com\/?p=135385","url":"https:\/\/lospoliticosveracruz.com\/?p=135385","name":"GARC\u00cdA M\u00c9NDEZ TRASCIENDE - Los pol\u00edticos Veracruz","isPartOf":{"@id":"https:\/\/lospoliticosveracruz.com\/#website"},"primaryImageOfPage":{"@id":"https:\/\/lospoliticosveracruz.com\/?p=135385#primaryimage"},"image":{"@id":"https:\/\/lospoliticosveracruz.com\/?p=135385#primaryimage"},"thumbnailUrl":"https:\/\/lospoliticosveracruz.com\/wp-content\/uploads\/2024\/03\/Inocencio-Yanez-Vicencio.jpg","datePublished":"2025-01-10T18:54:03+00:00","dateModified":"2025-01-10T18:54:34+00:00","breadcrumb":{"@id":"https:\/\/lospoliticosveracruz.com\/?p=135385#breadcrumb"},"inLanguage":"es","potentialAction":[{"@type":"ReadAction","target":["https:\/\/lospoliticosveracruz.com\/?p=135385"]}]},{"@type":"ImageObject","inLanguage":"es","@id":"https:\/\/lospoliticosveracruz.com\/?p=135385#primaryimage","url":"https:\/\/lospoliticosveracruz.com\/wp-content\/uploads\/2024\/03\/Inocencio-Yanez-Vicencio.jpg","contentUrl":"https:\/\/lospoliticosveracruz.com\/wp-content\/uploads\/2024\/03\/Inocencio-Yanez-Vicencio.jpg","width":1250,"height":667},{"@type":"BreadcrumbList","@id":"https:\/\/lospoliticosveracruz.com\/?p=135385#breadcrumb","itemListElement":[{"@type":"ListItem","position":1,"name":"Portada","item":"https:\/\/lospoliticosveracruz.com\/"},{"@type":"ListItem","position":2,"name":"GARC\u00cdA M\u00c9NDEZ TRASCIENDE"}]},{"@type":"WebSite","@id":"https:\/\/lospoliticosveracruz.com\/#website","url":"https:\/\/lospoliticosveracruz.com\/","name":"Los pol\u00edticos Veracruz","description":"","publisher":{"@id":"https:\/\/lospoliticosveracruz.com\/#organization"},"potentialAction":[{"@type":"SearchAction","target":{"@type":"EntryPoint","urlTemplate":"https:\/\/lospoliticosveracruz.com\/?s={search_term_string}"},"query-input":{"@type":"PropertyValueSpecification","valueRequired":true,"valueName":"search_term_string"}}],"inLanguage":"es"},{"@type":"Organization","@id":"https:\/\/lospoliticosveracruz.com\/#organization","name":"Los pol\u00edticos Veracruz","url":"https:\/\/lospoliticosveracruz.com\/","logo":{"@type":"ImageObject","inLanguage":"es","@id":"https:\/\/lospoliticosveracruz.com\/#\/schema\/logo\/image\/","url":"https:\/\/lospoliticosveracruz.com\/wp-content\/uploads\/2025\/12\/Logo-Nuevo-LOS-POLITICOS-1.jpg","contentUrl":"https:\/\/lospoliticosveracruz.com\/wp-content\/uploads\/2025\/12\/Logo-Nuevo-LOS-POLITICOS-1.jpg","width":260,"height":70,"caption":"Los pol\u00edticos Veracruz"},"image":{"@id":"https:\/\/lospoliticosveracruz.com\/#\/schema\/logo\/image\/"},"sameAs":["https:\/\/www.facebook.com\/people\/Notimemes-de-los-Polticos\/61565672886568\/","https:\/\/x.com\/LosPoliticosVer"]},{"@type":"Person","@id":"https:\/\/lospoliticosveracruz.com\/#\/schema\/person\/b8702bb0e538456e6efd07080bf2a4a2","name":"Lo viste en Los Pol\u00edticos","image":{"@type":"ImageObject","inLanguage":"es","@id":"https:\/\/secure.gravatar.com\/avatar\/3a8de04a2656d44082be478bd6c086daa447c4651605818287b9532d3d0bd435?s=96&d=mm&r=g","url":"https:\/\/secure.gravatar.com\/avatar\/3a8de04a2656d44082be478bd6c086daa447c4651605818287b9532d3d0bd435?s=96&d=mm&r=g","contentUrl":"https:\/\/secure.gravatar.com\/avatar\/3a8de04a2656d44082be478bd6c086daa447c4651605818287b9532d3d0bd435?s=96&d=mm&r=g","caption":"Lo viste en Los Pol\u00edticos"},"url":"https:\/\/lospoliticosveracruz.com\/?author=2"}]}},"_links":{"self":[{"href":"https:\/\/lospoliticosveracruz.com\/index.php?rest_route=\/wp\/v2\/posts\/135385","targetHints":{"allow":["GET"]}}],"collection":[{"href":"https:\/\/lospoliticosveracruz.com\/index.php?rest_route=\/wp\/v2\/posts"}],"about":[{"href":"https:\/\/lospoliticosveracruz.com\/index.php?rest_route=\/wp\/v2\/types\/post"}],"author":[{"embeddable":true,"href":"https:\/\/lospoliticosveracruz.com\/index.php?rest_route=\/wp\/v2\/users\/2"}],"replies":[{"embeddable":true,"href":"https:\/\/lospoliticosveracruz.com\/index.php?rest_route=%2Fwp%2Fv2%2Fcomments&post=135385"}],"version-history":[{"count":2,"href":"https:\/\/lospoliticosveracruz.com\/index.php?rest_route=\/wp\/v2\/posts\/135385\/revisions"}],"predecessor-version":[{"id":135387,"href":"https:\/\/lospoliticosveracruz.com\/index.php?rest_route=\/wp\/v2\/posts\/135385\/revisions\/135387"}],"wp:featuredmedia":[{"embeddable":true,"href":"https:\/\/lospoliticosveracruz.com\/index.php?rest_route=\/wp\/v2\/media\/120033"}],"wp:attachment":[{"href":"https:\/\/lospoliticosveracruz.com\/index.php?rest_route=%2Fwp%2Fv2%2Fmedia&parent=135385"}],"wp:term":[{"taxonomy":"category","embeddable":true,"href":"https:\/\/lospoliticosveracruz.com\/index.php?rest_route=%2Fwp%2Fv2%2Fcategories&post=135385"},{"taxonomy":"post_tag","embeddable":true,"href":"https:\/\/lospoliticosveracruz.com\/index.php?rest_route=%2Fwp%2Fv2%2Ftags&post=135385"}],"curies":[{"name":"wp","href":"https:\/\/api.w.org\/{rel}","templated":true}]}}