{"id":135428,"date":"2025-01-11T17:07:39","date_gmt":"2025-01-11T23:07:39","guid":{"rendered":"https:\/\/lospoliticosveracruz.com.mx\/?p=135428"},"modified":"2025-01-11T17:07:51","modified_gmt":"2025-01-11T23:07:51","slug":"aspirante-de-la-negritud","status":"publish","type":"post","link":"https:\/\/lospoliticosveracruz.com\/?p=135428","title":{"rendered":"ASPIRANTE DE LA NEGRITUD!"},"content":{"rendered":"\n<p><strong>Alejandro \u00c1vila<\/strong><\/p>\n\n\n\n<p><em>Sayula de Alem\u00e1n<\/em><\/p>\n\n\n\n<p>Quien fuera un gran promotor del ex secretario de Gobierno, Eric Cisneros Burgos, el dirigente ganadero de Sayula de Alem\u00e1n, Jos\u00e9 Manuel Mu\u00f1oz Murrieta, se inscribi\u00f3 para el proceso interno de Morena y busca la candidatura para la presidencia municipal del mencionado municipio.<\/p>\n\n\n\n<p>El ganadero pregon\u00f3 sobre la negritud en el sur de Veracruz durante varios meses, una vez cesado de su encargo el conocido como \u00abBola 8\u00bb se acab\u00f3 la bonanza y, se olvidaron de su ex jefe pol\u00edtico; incluso dejaron de hacer faenas y chapeado el lotes bald\u00edos de Coatzacoalcos.<\/p>\n\n\n\n<p>Cuentan varios sayulenses que hasta se iban a Otatitl\u00e1n, el pueblo natal del Cisneros, para alentarlo a seguir su sue\u00f1o de ser gobernador de Veracruz.<\/p>\n\n\n\n<p>En Sayula y Acayucan le organizaban cabalgatas, comidas, reuniones con ganaderos, de todo ello hay registro fotogr\u00e1fico pues, tanto Flavio como Jos\u00e9 Manuel Mu\u00f1oz Murrieta cuentan con difusores en el sur de Veracruz que les apoyaba a mover la idea de que \u00abBola 8\u00bb ser\u00eda gobernador de Veracruz.<\/p>\n\n\n\n<p>En una nota publicada en el medio de comunicaci\u00f3n \u201cNotizonas\u201d, del 27 de febrero de 2023, se consigna una reuni\u00f3n entre ganaderos de Sayula de Alem\u00e1n con Cisneros Burgos, la cual fue organizada por Jos\u00e9 Manuel Mu\u00f1oz Murrieta y su hermano, Flavio:<\/p>\n\n\n\n<p>\u201cErick Cisneros recibe propuestas de proyectos productivos para los ganaderos de Sayula de Alem\u00e1n, en reuni\u00f3n con ganaderos y l\u00edderes del municipio\u2026<\/p>\n\n\n\n<p>\u201cEl presidente de la Ganadera, Jos\u00e9 Manuel Mu\u00f1oz Murrieta, acompa\u00f1ado de su comit\u00e9 y el l\u00edder pol\u00edtico Flavio Ad\u00e1n Mu\u00f1oz Murrieta; y del secretario de Medio Ambiente del Estado, Juan Carlos Contreras, agradecieron a Erick Cisneros Burgos, su visita y sobre todo su disposici\u00f3n de trabajar codo a codo con los ganaderos sayule\u00f1os\u201d.<\/p>\n\n\n\n<p>Otro de los ejemplos de la alianza entre los Mu\u00f1oz Murrieta de Sayula y Cisneros Burgos, fueron las denuncias falsas que le fabricaron al ex regidor Abimael Merino de lo Santos para encarcelarlo, pues era uno de sus enemigos pol\u00edticos.<\/p>\n\n\n\n<p>Con falsos se\u00f1alamientos, Jos\u00e9 Manuel Mu\u00f1oz acus\u00f3 a Abimael Merino de los Santos de haber cometido los delitos de amenazas a la libertad de reuni\u00f3n y de expresi\u00f3n (proceso penal 29\/2023), todo con testigos falsos y datos fabricados, pues cont\u00f3 con todo el apoyo de la fiscal del estado, Ver\u00f3nica Hern\u00e1ndez Giadans.<\/p>\n\n\n\n<p>Una vez que Eric Cisneros fue derrotado por Roc\u00edo Nahle, y que tuvo que salir del gobierno de Veracruz, se qued\u00f3 sin nada de poder y siendo un cero a la izquierda, el par de hermanos que controlan la ganadera en Sayula buscan infiltrarse en el grupo de Roc\u00edo Nahle Garc\u00eda, pensando que enga\u00f1an a todos y que nadie se va acordar de su pasado inmediato como los mejores disc\u00edpulos del Bola Ocho.<\/p>\n\n\n\n<p>El pasado seis enero, Jos\u00e9 Manuel Mu\u00f1oz Murrieta anunci\u00f3 su inscripci\u00f3n al proceso interno para contender por la candidatura de MORENA a la Presidencia municipal de Sayula de Alem\u00e1n:<\/p>\n\n\n\n<p>\u201cHoy, D\u00eda de Reyes, hemos decidido inscribirnos al proceso interno de nuestro movimiento por Sayula de Alem\u00e1n.<\/p>\n\n\n\n<p>\u201cEn este d\u00eda tan especial, recordamos la uni\u00f3n, la fe y la esperanza que representan los Reyes Magos, quienes llevaron regalos de amor y esperanza al Ni\u00f1o Jes\u00fas. Inspirados por este significado, hoy reafirmamos nuestro compromiso de trabajar con unidad y entusiasmo para construir un Sayula lleno de paz y amor\u201d.<\/p>\n","protected":false},"excerpt":{"rendered":"<p>Alejandro \u00c1vila Sayula de Alem\u00e1n Quien fuera un gran promotor del ex secretario de Gobierno, Eric Cisneros Burgos, el dirigente ganadero de Sayula de Alem\u00e1n, Jos\u00e9 Manuel Mu\u00f1oz Murrieta, se inscribi\u00f3 para el proceso interno de Morena y busca la candidatura para la presidencia municipal del mencionado municipio. El ganadero pregon\u00f3 sobre la negritud en [&hellip;]<\/p>\n","protected":false},"author":2,"featured_media":135429,"comment_status":"closed","ping_status":"closed","sticky":false,"template":"","format":"standard","meta":{"tdm_status":"","tdm_grid_status":"","footnotes":""},"categories":[6446],"tags":[12299,42672,1026,10434,195],"class_list":{"0":"post-135428","1":"post","2":"type-post","3":"status-publish","4":"format-standard","5":"has-post-thumbnail","7":"category-la-nota","8":"tag-eric-cisneros-burgos","9":"tag-jose-manuel-munoz-murrieta","10":"tag-morena","11":"tag-sayula-de-aleman","12":"tag-veracruz"},"yoast_head":"<!-- This site is optimized with the Yoast SEO plugin v27.4 - https:\/\/yoast.com\/product\/yoast-seo-wordpress\/ -->\n<title>ASPIRANTE DE LA NEGRITUD! - Los pol\u00edticos Veracruz<\/title>\n<meta name=\"robots\" content=\"index, follow, max-snippet:-1, max-image-preview:large, max-video-preview:-1\" \/>\n<link rel=\"canonical\" href=\"https:\/\/lospoliticosveracruz.com\/?p=135428\" \/>\n<meta property=\"og:locale\" content=\"es_ES\" \/>\n<meta property=\"og:type\" content=\"article\" \/>\n<meta property=\"og:title\" content=\"ASPIRANTE DE LA NEGRITUD! - Los pol\u00edticos Veracruz\" \/>\n<meta property=\"og:description\" content=\"Alejandro \u00c1vila Sayula de Alem\u00e1n Quien fuera un gran promotor del ex secretario de Gobierno, Eric Cisneros Burgos, el dirigente ganadero de Sayula de Alem\u00e1n, Jos\u00e9 Manuel Mu\u00f1oz Murrieta, se inscribi\u00f3 para el proceso interno de Morena y busca la candidatura para la presidencia municipal del mencionado municipio. El ganadero pregon\u00f3 sobre la negritud en [&hellip;]\" \/>\n<meta property=\"og:url\" content=\"https:\/\/lospoliticosveracruz.com\/?p=135428\" \/>\n<meta property=\"og:site_name\" content=\"Los pol\u00edticos Veracruz\" \/>\n<meta property=\"article:publisher\" content=\"https:\/\/www.facebook.com\/people\/Notimemes-de-los-Polticos\/61565672886568\/\" \/>\n<meta property=\"article:published_time\" content=\"2025-01-11T23:07:39+00:00\" \/>\n<meta property=\"article:modified_time\" content=\"2025-01-11T23:07:51+00:00\" \/>\n<meta property=\"og:image\" content=\"https:\/\/lospoliticosveracruz.com\/wp-content\/uploads\/2025\/01\/42c41e40-03dd-4e86-8162-89bca7ae75a0.jpeg\" \/>\n\t<meta property=\"og:image:width\" content=\"621\" \/>\n\t<meta property=\"og:image:height\" content=\"344\" \/>\n\t<meta property=\"og:image:type\" content=\"image\/jpeg\" \/>\n<meta name=\"author\" content=\"Lo viste en Los Pol\u00edticos\" \/>\n<meta name=\"twitter:card\" content=\"summary_large_image\" \/>\n<meta name=\"twitter:creator\" content=\"@LosPoliticosVer\" \/>\n<meta name=\"twitter:site\" content=\"@LosPoliticosVer\" \/>\n<meta name=\"twitter:label1\" content=\"Escrito por\" \/>\n\t<meta name=\"twitter:data1\" content=\"Lo viste en Los Pol\u00edticos\" \/>\n\t<meta name=\"twitter:label2\" content=\"Tiempo de lectura\" \/>\n\t<meta name=\"twitter:data2\" content=\"3 minutos\" \/>\n<script type=\"application\/ld+json\" class=\"yoast-schema-graph\">{\"@context\":\"https:\\\/\\\/schema.org\",\"@graph\":[{\"@type\":\"Article\",\"@id\":\"https:\\\/\\\/lospoliticosveracruz.com\\\/?p=135428#article\",\"isPartOf\":{\"@id\":\"https:\\\/\\\/lospoliticosveracruz.com\\\/?p=135428\"},\"author\":{\"name\":\"Lo viste en Los Pol\u00edticos\",\"@id\":\"https:\\\/\\\/lospoliticosveracruz.com\\\/#\\\/schema\\\/person\\\/b8702bb0e538456e6efd07080bf2a4a2\"},\"headline\":\"ASPIRANTE DE LA NEGRITUD!\",\"datePublished\":\"2025-01-11T23:07:39+00:00\",\"dateModified\":\"2025-01-11T23:07:51+00:00\",\"mainEntityOfPage\":{\"@id\":\"https:\\\/\\\/lospoliticosveracruz.com\\\/?p=135428\"},\"wordCount\":595,\"publisher\":{\"@id\":\"https:\\\/\\\/lospoliticosveracruz.com\\\/#organization\"},\"image\":{\"@id\":\"https:\\\/\\\/lospoliticosveracruz.com\\\/?p=135428#primaryimage\"},\"thumbnailUrl\":\"https:\\\/\\\/lospoliticosveracruz.com\\\/wp-content\\\/uploads\\\/2025\\\/01\\\/42c41e40-03dd-4e86-8162-89bca7ae75a0.jpeg\",\"keywords\":[\"Eric Cisneros Burgos\",\"Jos\u00e9 Manuel Mu\u00f1oz Murrieta\",\"Morena\",\"Sayula de Alem\u00e1n\",\"Veracruz\"],\"articleSection\":[\"La Nota\"],\"inLanguage\":\"es\"},{\"@type\":\"WebPage\",\"@id\":\"https:\\\/\\\/lospoliticosveracruz.com\\\/?p=135428\",\"url\":\"https:\\\/\\\/lospoliticosveracruz.com\\\/?p=135428\",\"name\":\"ASPIRANTE DE LA NEGRITUD! - Los pol\u00edticos Veracruz\",\"isPartOf\":{\"@id\":\"https:\\\/\\\/lospoliticosveracruz.com\\\/#website\"},\"primaryImageOfPage\":{\"@id\":\"https:\\\/\\\/lospoliticosveracruz.com\\\/?p=135428#primaryimage\"},\"image\":{\"@id\":\"https:\\\/\\\/lospoliticosveracruz.com\\\/?p=135428#primaryimage\"},\"thumbnailUrl\":\"https:\\\/\\\/lospoliticosveracruz.com\\\/wp-content\\\/uploads\\\/2025\\\/01\\\/42c41e40-03dd-4e86-8162-89bca7ae75a0.jpeg\",\"datePublished\":\"2025-01-11T23:07:39+00:00\",\"dateModified\":\"2025-01-11T23:07:51+00:00\",\"breadcrumb\":{\"@id\":\"https:\\\/\\\/lospoliticosveracruz.com\\\/?p=135428#breadcrumb\"},\"inLanguage\":\"es\",\"potentialAction\":[{\"@type\":\"ReadAction\",\"target\":[\"https:\\\/\\\/lospoliticosveracruz.com\\\/?p=135428\"]}]},{\"@type\":\"ImageObject\",\"inLanguage\":\"es\",\"@id\":\"https:\\\/\\\/lospoliticosveracruz.com\\\/?p=135428#primaryimage\",\"url\":\"https:\\\/\\\/lospoliticosveracruz.com\\\/wp-content\\\/uploads\\\/2025\\\/01\\\/42c41e40-03dd-4e86-8162-89bca7ae75a0.jpeg\",\"contentUrl\":\"https:\\\/\\\/lospoliticosveracruz.com\\\/wp-content\\\/uploads\\\/2025\\\/01\\\/42c41e40-03dd-4e86-8162-89bca7ae75a0.jpeg\",\"width\":621,\"height\":344},{\"@type\":\"BreadcrumbList\",\"@id\":\"https:\\\/\\\/lospoliticosveracruz.com\\\/?p=135428#breadcrumb\",\"itemListElement\":[{\"@type\":\"ListItem\",\"position\":1,\"name\":\"Portada\",\"item\":\"https:\\\/\\\/lospoliticosveracruz.com\\\/\"},{\"@type\":\"ListItem\",\"position\":2,\"name\":\"ASPIRANTE DE LA NEGRITUD!\"}]},{\"@type\":\"WebSite\",\"@id\":\"https:\\\/\\\/lospoliticosveracruz.com\\\/#website\",\"url\":\"https:\\\/\\\/lospoliticosveracruz.com\\\/\",\"name\":\"Los pol\u00edticos Veracruz\",\"description\":\"\",\"publisher\":{\"@id\":\"https:\\\/\\\/lospoliticosveracruz.com\\\/#organization\"},\"potentialAction\":[{\"@type\":\"SearchAction\",\"target\":{\"@type\":\"EntryPoint\",\"urlTemplate\":\"https:\\\/\\\/lospoliticosveracruz.com\\\/?s={search_term_string}\"},\"query-input\":{\"@type\":\"PropertyValueSpecification\",\"valueRequired\":true,\"valueName\":\"search_term_string\"}}],\"inLanguage\":\"es\"},{\"@type\":\"Organization\",\"@id\":\"https:\\\/\\\/lospoliticosveracruz.com\\\/#organization\",\"name\":\"Los pol\u00edticos Veracruz\",\"url\":\"https:\\\/\\\/lospoliticosveracruz.com\\\/\",\"logo\":{\"@type\":\"ImageObject\",\"inLanguage\":\"es\",\"@id\":\"https:\\\/\\\/lospoliticosveracruz.com\\\/#\\\/schema\\\/logo\\\/image\\\/\",\"url\":\"https:\\\/\\\/lospoliticosveracruz.com\\\/wp-content\\\/uploads\\\/2025\\\/12\\\/Logo-Nuevo-LOS-POLITICOS-1.jpg\",\"contentUrl\":\"https:\\\/\\\/lospoliticosveracruz.com\\\/wp-content\\\/uploads\\\/2025\\\/12\\\/Logo-Nuevo-LOS-POLITICOS-1.jpg\",\"width\":260,\"height\":70,\"caption\":\"Los pol\u00edticos Veracruz\"},\"image\":{\"@id\":\"https:\\\/\\\/lospoliticosveracruz.com\\\/#\\\/schema\\\/logo\\\/image\\\/\"},\"sameAs\":[\"https:\\\/\\\/www.facebook.com\\\/people\\\/Notimemes-de-los-Polticos\\\/61565672886568\\\/\",\"https:\\\/\\\/x.com\\\/LosPoliticosVer\"]},{\"@type\":\"Person\",\"@id\":\"https:\\\/\\\/lospoliticosveracruz.com\\\/#\\\/schema\\\/person\\\/b8702bb0e538456e6efd07080bf2a4a2\",\"name\":\"Lo viste en Los Pol\u00edticos\",\"image\":{\"@type\":\"ImageObject\",\"inLanguage\":\"es\",\"@id\":\"https:\\\/\\\/secure.gravatar.com\\\/avatar\\\/3a8de04a2656d44082be478bd6c086daa447c4651605818287b9532d3d0bd435?s=96&d=mm&r=g\",\"url\":\"https:\\\/\\\/secure.gravatar.com\\\/avatar\\\/3a8de04a2656d44082be478bd6c086daa447c4651605818287b9532d3d0bd435?s=96&d=mm&r=g\",\"contentUrl\":\"https:\\\/\\\/secure.gravatar.com\\\/avatar\\\/3a8de04a2656d44082be478bd6c086daa447c4651605818287b9532d3d0bd435?s=96&d=mm&r=g\",\"caption\":\"Lo viste en Los Pol\u00edticos\"},\"url\":\"https:\\\/\\\/lospoliticosveracruz.com\\\/?author=2\"}]}<\/script>\n<!-- \/ Yoast SEO plugin. -->","yoast_head_json":{"title":"ASPIRANTE DE LA NEGRITUD! - Los pol\u00edticos Veracruz","robots":{"index":"index","follow":"follow","max-snippet":"max-snippet:-1","max-image-preview":"max-image-preview:large","max-video-preview":"max-video-preview:-1"},"canonical":"https:\/\/lospoliticosveracruz.com\/?p=135428","og_locale":"es_ES","og_type":"article","og_title":"ASPIRANTE DE LA NEGRITUD! - Los pol\u00edticos Veracruz","og_description":"Alejandro \u00c1vila Sayula de Alem\u00e1n Quien fuera un gran promotor del ex secretario de Gobierno, Eric Cisneros Burgos, el dirigente ganadero de Sayula de Alem\u00e1n, Jos\u00e9 Manuel Mu\u00f1oz Murrieta, se inscribi\u00f3 para el proceso interno de Morena y busca la candidatura para la presidencia municipal del mencionado municipio. El ganadero pregon\u00f3 sobre la negritud en [&hellip;]","og_url":"https:\/\/lospoliticosveracruz.com\/?p=135428","og_site_name":"Los pol\u00edticos Veracruz","article_publisher":"https:\/\/www.facebook.com\/people\/Notimemes-de-los-Polticos\/61565672886568\/","article_published_time":"2025-01-11T23:07:39+00:00","article_modified_time":"2025-01-11T23:07:51+00:00","og_image":[{"width":621,"height":344,"url":"https:\/\/lospoliticosveracruz.com\/wp-content\/uploads\/2025\/01\/42c41e40-03dd-4e86-8162-89bca7ae75a0.jpeg","type":"image\/jpeg"}],"author":"Lo viste en Los Pol\u00edticos","twitter_card":"summary_large_image","twitter_creator":"@LosPoliticosVer","twitter_site":"@LosPoliticosVer","twitter_misc":{"Escrito por":"Lo viste en Los Pol\u00edticos","Tiempo de lectura":"3 minutos"},"schema":{"@context":"https:\/\/schema.org","@graph":[{"@type":"Article","@id":"https:\/\/lospoliticosveracruz.com\/?p=135428#article","isPartOf":{"@id":"https:\/\/lospoliticosveracruz.com\/?p=135428"},"author":{"name":"Lo viste en Los Pol\u00edticos","@id":"https:\/\/lospoliticosveracruz.com\/#\/schema\/person\/b8702bb0e538456e6efd07080bf2a4a2"},"headline":"ASPIRANTE DE LA NEGRITUD!","datePublished":"2025-01-11T23:07:39+00:00","dateModified":"2025-01-11T23:07:51+00:00","mainEntityOfPage":{"@id":"https:\/\/lospoliticosveracruz.com\/?p=135428"},"wordCount":595,"publisher":{"@id":"https:\/\/lospoliticosveracruz.com\/#organization"},"image":{"@id":"https:\/\/lospoliticosveracruz.com\/?p=135428#primaryimage"},"thumbnailUrl":"https:\/\/lospoliticosveracruz.com\/wp-content\/uploads\/2025\/01\/42c41e40-03dd-4e86-8162-89bca7ae75a0.jpeg","keywords":["Eric Cisneros Burgos","Jos\u00e9 Manuel Mu\u00f1oz Murrieta","Morena","Sayula de Alem\u00e1n","Veracruz"],"articleSection":["La Nota"],"inLanguage":"es"},{"@type":"WebPage","@id":"https:\/\/lospoliticosveracruz.com\/?p=135428","url":"https:\/\/lospoliticosveracruz.com\/?p=135428","name":"ASPIRANTE DE LA NEGRITUD! - Los pol\u00edticos Veracruz","isPartOf":{"@id":"https:\/\/lospoliticosveracruz.com\/#website"},"primaryImageOfPage":{"@id":"https:\/\/lospoliticosveracruz.com\/?p=135428#primaryimage"},"image":{"@id":"https:\/\/lospoliticosveracruz.com\/?p=135428#primaryimage"},"thumbnailUrl":"https:\/\/lospoliticosveracruz.com\/wp-content\/uploads\/2025\/01\/42c41e40-03dd-4e86-8162-89bca7ae75a0.jpeg","datePublished":"2025-01-11T23:07:39+00:00","dateModified":"2025-01-11T23:07:51+00:00","breadcrumb":{"@id":"https:\/\/lospoliticosveracruz.com\/?p=135428#breadcrumb"},"inLanguage":"es","potentialAction":[{"@type":"ReadAction","target":["https:\/\/lospoliticosveracruz.com\/?p=135428"]}]},{"@type":"ImageObject","inLanguage":"es","@id":"https:\/\/lospoliticosveracruz.com\/?p=135428#primaryimage","url":"https:\/\/lospoliticosveracruz.com\/wp-content\/uploads\/2025\/01\/42c41e40-03dd-4e86-8162-89bca7ae75a0.jpeg","contentUrl":"https:\/\/lospoliticosveracruz.com\/wp-content\/uploads\/2025\/01\/42c41e40-03dd-4e86-8162-89bca7ae75a0.jpeg","width":621,"height":344},{"@type":"BreadcrumbList","@id":"https:\/\/lospoliticosveracruz.com\/?p=135428#breadcrumb","itemListElement":[{"@type":"ListItem","position":1,"name":"Portada","item":"https:\/\/lospoliticosveracruz.com\/"},{"@type":"ListItem","position":2,"name":"ASPIRANTE DE LA NEGRITUD!"}]},{"@type":"WebSite","@id":"https:\/\/lospoliticosveracruz.com\/#website","url":"https:\/\/lospoliticosveracruz.com\/","name":"Los pol\u00edticos Veracruz","description":"","publisher":{"@id":"https:\/\/lospoliticosveracruz.com\/#organization"},"potentialAction":[{"@type":"SearchAction","target":{"@type":"EntryPoint","urlTemplate":"https:\/\/lospoliticosveracruz.com\/?s={search_term_string}"},"query-input":{"@type":"PropertyValueSpecification","valueRequired":true,"valueName":"search_term_string"}}],"inLanguage":"es"},{"@type":"Organization","@id":"https:\/\/lospoliticosveracruz.com\/#organization","name":"Los pol\u00edticos Veracruz","url":"https:\/\/lospoliticosveracruz.com\/","logo":{"@type":"ImageObject","inLanguage":"es","@id":"https:\/\/lospoliticosveracruz.com\/#\/schema\/logo\/image\/","url":"https:\/\/lospoliticosveracruz.com\/wp-content\/uploads\/2025\/12\/Logo-Nuevo-LOS-POLITICOS-1.jpg","contentUrl":"https:\/\/lospoliticosveracruz.com\/wp-content\/uploads\/2025\/12\/Logo-Nuevo-LOS-POLITICOS-1.jpg","width":260,"height":70,"caption":"Los pol\u00edticos Veracruz"},"image":{"@id":"https:\/\/lospoliticosveracruz.com\/#\/schema\/logo\/image\/"},"sameAs":["https:\/\/www.facebook.com\/people\/Notimemes-de-los-Polticos\/61565672886568\/","https:\/\/x.com\/LosPoliticosVer"]},{"@type":"Person","@id":"https:\/\/lospoliticosveracruz.com\/#\/schema\/person\/b8702bb0e538456e6efd07080bf2a4a2","name":"Lo viste en Los Pol\u00edticos","image":{"@type":"ImageObject","inLanguage":"es","@id":"https:\/\/secure.gravatar.com\/avatar\/3a8de04a2656d44082be478bd6c086daa447c4651605818287b9532d3d0bd435?s=96&d=mm&r=g","url":"https:\/\/secure.gravatar.com\/avatar\/3a8de04a2656d44082be478bd6c086daa447c4651605818287b9532d3d0bd435?s=96&d=mm&r=g","contentUrl":"https:\/\/secure.gravatar.com\/avatar\/3a8de04a2656d44082be478bd6c086daa447c4651605818287b9532d3d0bd435?s=96&d=mm&r=g","caption":"Lo viste en Los Pol\u00edticos"},"url":"https:\/\/lospoliticosveracruz.com\/?author=2"}]}},"_links":{"self":[{"href":"https:\/\/lospoliticosveracruz.com\/index.php?rest_route=\/wp\/v2\/posts\/135428","targetHints":{"allow":["GET"]}}],"collection":[{"href":"https:\/\/lospoliticosveracruz.com\/index.php?rest_route=\/wp\/v2\/posts"}],"about":[{"href":"https:\/\/lospoliticosveracruz.com\/index.php?rest_route=\/wp\/v2\/types\/post"}],"author":[{"embeddable":true,"href":"https:\/\/lospoliticosveracruz.com\/index.php?rest_route=\/wp\/v2\/users\/2"}],"replies":[{"embeddable":true,"href":"https:\/\/lospoliticosveracruz.com\/index.php?rest_route=%2Fwp%2Fv2%2Fcomments&post=135428"}],"version-history":[{"count":1,"href":"https:\/\/lospoliticosveracruz.com\/index.php?rest_route=\/wp\/v2\/posts\/135428\/revisions"}],"predecessor-version":[{"id":135430,"href":"https:\/\/lospoliticosveracruz.com\/index.php?rest_route=\/wp\/v2\/posts\/135428\/revisions\/135430"}],"wp:featuredmedia":[{"embeddable":true,"href":"https:\/\/lospoliticosveracruz.com\/index.php?rest_route=\/wp\/v2\/media\/135429"}],"wp:attachment":[{"href":"https:\/\/lospoliticosveracruz.com\/index.php?rest_route=%2Fwp%2Fv2%2Fmedia&parent=135428"}],"wp:term":[{"taxonomy":"category","embeddable":true,"href":"https:\/\/lospoliticosveracruz.com\/index.php?rest_route=%2Fwp%2Fv2%2Fcategories&post=135428"},{"taxonomy":"post_tag","embeddable":true,"href":"https:\/\/lospoliticosveracruz.com\/index.php?rest_route=%2Fwp%2Fv2%2Ftags&post=135428"}],"curies":[{"name":"wp","href":"https:\/\/api.w.org\/{rel}","templated":true}]}}