{"id":13543,"date":"2014-11-18T11:53:54","date_gmt":"2014-11-18T17:53:54","guid":{"rendered":"http:\/\/www.lospoliticosveracruz.com.mx\/?p=13543"},"modified":"2014-11-18T11:53:54","modified_gmt":"2014-11-18T17:53:54","slug":"pri-ahora-pide-paz","status":"publish","type":"post","link":"https:\/\/lospoliticosveracruz.com\/?p=13543","title":{"rendered":"PRI, ahora pide paz"},"content":{"rendered":"<p><a href=\"http:\/\/www.lospoliticosveracruz.com.mx\/wp-content\/uploads\/2014\/11\/PRI-manifestacion.jpg\"><img loading=\"lazy\" decoding=\"async\" class=\"alignnone size-medium wp-image-13545\" src=\"http:\/\/www.lospoliticosveracruz.com.mx\/wp-content\/uploads\/2014\/11\/PRI-manifestacion-300x168.jpg\" alt=\"PRI manifestacion\" width=\"300\" height=\"168\" \/><\/a><\/p>\n<p><strong>Armando Ortiz<\/strong><\/p>\n<p><em>El Hijo Pr\u00f3digo<\/em><\/p>\n<p>&nbsp;<\/p>\n<p>Apenas tuvimos noticias de lo sucedido a los estudiantes de la normal rural de Ayotzinapa, un empleado de la Secretear\u00eda de Educaci\u00f3n de Veracruz, con poca sensibilidad coment\u00f3 en las redes sociales que de esa forma la izquierda estaba formando m\u00e1rtires, por ello celebraba que los polic\u00edas hubieran actuado en contra de los estudiantes. \u201cOjala la violencia sea exterminada (&#8230;) la de los grupos radicales como los presuntos normalistas de cualquier edad\u201d.<br \/>\nEntre los comentarios que le hicieron sus contactos estaba el de Ra\u00fal D\u00edaz Diez, presidente del PRI en el puerto de Veracruz, antes delgado de la SEV en el mismo puerto. El obtuso dirigente priista, con la misma ligereza con que se mueve por los \u00e1mbitos nocturnos, dijo que estaba de acuerdo con la postura del empleado de la SEV: \u201cMUY ACERTADAS REFLEXIONES MI LUIS\u201d.<br \/>\nLuis Adri\u00e1n Ram\u00edrez Ortiz, un miembro del Frente Juvenil Revolucionario de Quer\u00e9taro, ap\u00e9ndice del PRI, apuntaba tambi\u00e9n en su cuenta de Facebook lo siguiente: \u201cLa cosa est\u00e1 muy densa, estos hijos de su reputa madre est\u00e1n atentando contra uno de nuestros s\u00edmbolos patrios como naci\u00f3n y por una puta idea de preservar los derechos humanos de ESTAS BESTIAS QUE NO MERECEN VIVIR\u201d. El mismo adefesio de pol\u00edtico a\u00f1oraba los tiempos de la represi\u00f3n: \u201cAcaban de terminar con una tradici\u00f3n como lo es la celebraci\u00f3n del modelo de Naciones Unidas de la Facultad de Derecho de la UNAM y HOY M\u00c1S QUE NUNCA ACLAMO EL REGRESO DE ALGUIEN COMO DON GUSTAVO D\u00cdAZ ORDAZ, no debemos de permitir sentimentalismos est\u00fapidos antes que la preservaci\u00f3n de nuestras im\u00e1genes como naci\u00f3n por pendejos que no se identifican con ella\u201d.<br \/>\nPor otro lado Ana Alidey Dur\u00e1n Vel\u00e1zquez hija de una l\u00edder priista dec\u00eda lo siguiente: \u201cQuieren paz que se dediquen a estudiar a trabajar (\u2026) al rato que sus pap\u00e1s no anden de llorones cuando sus reto\u00f1os resultaron unos delincuentes como estos\u201d. Al final justificaba de esta manera: \u201cLUEGO POR QU\u00c9 LOS QUEMAN NACOS\u201d. Se entiende que para ella la muerte de los j\u00f3venes se dio por delincuentes y nacos.<br \/>\nM\u00e1s recientemente Marili Olgu\u00edn Cuevas, ex diputada federal priista fue m\u00e1s enf\u00e1tica. Con burla e insensibilidad anot\u00f3: \u201cA veces creo que yo soy Ayotzinapa, pero mete gol el Chicharito y se me pasa!!! No se si re\u00edr o llorar\u2026 M\u00c1TENLOS PARA QUE NO SE REPRODUZCAN\u201d (sic).<br \/>\nVictoriano Pagoaga, funcionario de Conacyt tambi\u00e9n aport\u00f3 su parte, en las redes sociales escribi\u00f3: \u201cPues es un crimen de hermanos, morenacos matando a otros morenacos&#8230;, caray, entonces ES UN PERRICIDIO MORENACO\u201d.<br \/>\nSi este es el pensamiento podrido y fascista de los dirigentes priistas y de su progenie, por qu\u00e9 se asombran los l\u00edderes de este partido de que la furia de quienes exigen justicia por los 43 desaparecidos de Ayotzinapa se vuelque sobre ellos.<br \/>\nAhora Elizabeth Morales, la presidente del PRI del estado de Veracruz, despu\u00e9s de lo que parece ser un autoatentado dice: \u201cEstoy convencida que m\u00e1s all\u00e1 de los intereses personales o de grupo, los mexicanos y los veracruzanos estamos de acuerdo en lo fundamental, queremos una naci\u00f3n en paz donde todos contribuyamos en la construcci\u00f3n de un mejor pa\u00eds y un mejor estado\u201d.<br \/>\nLa se\u00f1ora Morales sabe que su prestigio est\u00e1 por los suelos y por lo mismo no se atreve a contender en una elecci\u00f3n para buscar la diputaci\u00f3n federal; sabe que perder\u00eda. Pues con esa inmoralidad con que ha manejado la administraci\u00f3n p\u00fablica y la pol\u00edtica, clama por paz, esa paz que ella no ha construido, esa paz que ella misma, con su corrupci\u00f3n ha violado.<br \/>\nLa paz se consigue desde la actitud, desde el deseo de convivencia. En la funci\u00f3n p\u00fablica la paz se gana siendo honestos, no ladrones, siendo apegados a la ley, no corruptos.<br \/>\nAhora piden paz, cuando ustedes, los priistas corruptos son directamente responsables de la situaci\u00f3n que se vive en este pa\u00eds. \u00a1Tomen su paz!<\/p>\n<p><strong>Postdata 1: No autorizar\u00e1n a alcaldes cr\u00e9ditos para pagar aguinaldos<\/strong><br \/>\nEn reuni\u00f3n de trabajo, diputados de la Comisi\u00f3n Permanente de Hacienda Municipal de la LXIII Legislatura del Estado dictaminaron en contra las solicitudes de Ayuntamientos que piden autorizaci\u00f3n para contratar cr\u00e9ditos o recibir un adelanto de participaciones para el pago de aguinaldos. El secretario de la Comisi\u00f3n, Ra\u00fal Zarrabal Ferat, dijo que con anticipaci\u00f3n advirtieron que el Congreso local no est\u00e1 en condiciones de autorizar recursos excedentes para ese tipo de pagos, ya que el presupuesto autorizado para el ejercicio 2014 contempl\u00f3 esa prestaci\u00f3n laboral.<\/p>\n<p>Armando Ortiz aortiz52@hotmail.com<\/p>\n","protected":false},"excerpt":{"rendered":"<p>Armando Ortiz El Hijo Pr\u00f3digo &nbsp; Apenas tuvimos noticias de lo sucedido a los estudiantes de la normal rural de Ayotzinapa, un empleado de la Secretear\u00eda de Educaci\u00f3n de Veracruz, con poca sensibilidad coment\u00f3 en las redes sociales que de esa forma la izquierda estaba formando m\u00e1rtires, por ello celebraba que los polic\u00edas hubieran actuado [&hellip;]<\/p>\n","protected":false},"author":2,"featured_media":0,"comment_status":"open","ping_status":"open","sticky":false,"template":"","format":"standard","meta":{"tdm_status":"","tdm_grid_status":"","footnotes":""},"categories":[70],"tags":[101,133,251,886],"class_list":{"0":"post-13543","1":"post","2":"type-post","3":"status-publish","4":"format-standard","6":"category-de-opinion","7":"tag-ayotzinapa","8":"tag-elizabeth-morales","9":"tag-pri","10":"tag-raul-diaz"},"yoast_head":"<!-- This site is optimized with the Yoast SEO plugin v27.4 - https:\/\/yoast.com\/product\/yoast-seo-wordpress\/ -->\n<title>PRI, ahora pide paz - Los pol\u00edticos Veracruz<\/title>\n<meta name=\"robots\" content=\"index, follow, max-snippet:-1, max-image-preview:large, max-video-preview:-1\" \/>\n<link rel=\"canonical\" href=\"https:\/\/lospoliticosveracruz.com\/?p=13543\" \/>\n<meta property=\"og:locale\" content=\"es_ES\" \/>\n<meta property=\"og:type\" content=\"article\" \/>\n<meta property=\"og:title\" content=\"PRI, ahora pide paz - Los pol\u00edticos Veracruz\" \/>\n<meta property=\"og:description\" content=\"Armando Ortiz El Hijo Pr\u00f3digo &nbsp; Apenas tuvimos noticias de lo sucedido a los estudiantes de la normal rural de Ayotzinapa, un empleado de la Secretear\u00eda de Educaci\u00f3n de Veracruz, con poca sensibilidad coment\u00f3 en las redes sociales que de esa forma la izquierda estaba formando m\u00e1rtires, por ello celebraba que los polic\u00edas hubieran actuado [&hellip;]\" \/>\n<meta property=\"og:url\" content=\"https:\/\/lospoliticosveracruz.com\/?p=13543\" \/>\n<meta property=\"og:site_name\" content=\"Los pol\u00edticos Veracruz\" \/>\n<meta property=\"article:publisher\" content=\"https:\/\/www.facebook.com\/people\/Notimemes-de-los-Polticos\/61565672886568\/\" \/>\n<meta property=\"article:published_time\" content=\"2014-11-18T17:53:54+00:00\" \/>\n<meta property=\"og:image\" content=\"http:\/\/www.lospoliticosveracruz.com.mx\/wp-content\/uploads\/2014\/11\/PRI-manifestacion-300x168.jpg\" \/>\n<meta name=\"author\" content=\"Lo viste en Los Pol\u00edticos\" \/>\n<meta name=\"twitter:card\" content=\"summary_large_image\" \/>\n<meta name=\"twitter:creator\" content=\"@LosPoliticosVer\" \/>\n<meta name=\"twitter:site\" content=\"@LosPoliticosVer\" \/>\n<meta name=\"twitter:label1\" content=\"Escrito por\" \/>\n\t<meta name=\"twitter:data1\" content=\"Lo viste en Los Pol\u00edticos\" \/>\n\t<meta name=\"twitter:label2\" content=\"Tiempo de lectura\" \/>\n\t<meta name=\"twitter:data2\" content=\"4 minutos\" \/>\n<script type=\"application\/ld+json\" class=\"yoast-schema-graph\">{\"@context\":\"https:\\\/\\\/schema.org\",\"@graph\":[{\"@type\":\"Article\",\"@id\":\"https:\\\/\\\/lospoliticosveracruz.com\\\/?p=13543#article\",\"isPartOf\":{\"@id\":\"https:\\\/\\\/lospoliticosveracruz.com\\\/?p=13543\"},\"author\":{\"name\":\"Lo viste en Los Pol\u00edticos\",\"@id\":\"https:\\\/\\\/lospoliticosveracruz.com\\\/#\\\/schema\\\/person\\\/b8702bb0e538456e6efd07080bf2a4a2\"},\"headline\":\"PRI, ahora pide paz\",\"datePublished\":\"2014-11-18T17:53:54+00:00\",\"mainEntityOfPage\":{\"@id\":\"https:\\\/\\\/lospoliticosveracruz.com\\\/?p=13543\"},\"wordCount\":816,\"commentCount\":0,\"publisher\":{\"@id\":\"https:\\\/\\\/lospoliticosveracruz.com\\\/#organization\"},\"image\":{\"@id\":\"https:\\\/\\\/lospoliticosveracruz.com\\\/?p=13543#primaryimage\"},\"thumbnailUrl\":\"http:\\\/\\\/www.lospoliticosveracruz.com.mx\\\/wp-content\\\/uploads\\\/2014\\\/11\\\/PRI-manifestacion-300x168.jpg\",\"keywords\":[\"Ayotzinapa\",\"Elizabeth Morales\",\"PRI\",\"Ra\u00fal D\u00edaz\"],\"articleSection\":[\"De Opini\u00f3n\"],\"inLanguage\":\"es\",\"potentialAction\":[{\"@type\":\"CommentAction\",\"name\":\"Comment\",\"target\":[\"https:\\\/\\\/lospoliticosveracruz.com\\\/?p=13543#respond\"]}]},{\"@type\":\"WebPage\",\"@id\":\"https:\\\/\\\/lospoliticosveracruz.com\\\/?p=13543\",\"url\":\"https:\\\/\\\/lospoliticosveracruz.com\\\/?p=13543\",\"name\":\"PRI, ahora pide paz - Los pol\u00edticos Veracruz\",\"isPartOf\":{\"@id\":\"https:\\\/\\\/lospoliticosveracruz.com\\\/#website\"},\"primaryImageOfPage\":{\"@id\":\"https:\\\/\\\/lospoliticosveracruz.com\\\/?p=13543#primaryimage\"},\"image\":{\"@id\":\"https:\\\/\\\/lospoliticosveracruz.com\\\/?p=13543#primaryimage\"},\"thumbnailUrl\":\"http:\\\/\\\/www.lospoliticosveracruz.com.mx\\\/wp-content\\\/uploads\\\/2014\\\/11\\\/PRI-manifestacion-300x168.jpg\",\"datePublished\":\"2014-11-18T17:53:54+00:00\",\"breadcrumb\":{\"@id\":\"https:\\\/\\\/lospoliticosveracruz.com\\\/?p=13543#breadcrumb\"},\"inLanguage\":\"es\",\"potentialAction\":[{\"@type\":\"ReadAction\",\"target\":[\"https:\\\/\\\/lospoliticosveracruz.com\\\/?p=13543\"]}]},{\"@type\":\"ImageObject\",\"inLanguage\":\"es\",\"@id\":\"https:\\\/\\\/lospoliticosveracruz.com\\\/?p=13543#primaryimage\",\"url\":\"http:\\\/\\\/www.lospoliticosveracruz.com.mx\\\/wp-content\\\/uploads\\\/2014\\\/11\\\/PRI-manifestacion-300x168.jpg\",\"contentUrl\":\"http:\\\/\\\/www.lospoliticosveracruz.com.mx\\\/wp-content\\\/uploads\\\/2014\\\/11\\\/PRI-manifestacion-300x168.jpg\"},{\"@type\":\"BreadcrumbList\",\"@id\":\"https:\\\/\\\/lospoliticosveracruz.com\\\/?p=13543#breadcrumb\",\"itemListElement\":[{\"@type\":\"ListItem\",\"position\":1,\"name\":\"Portada\",\"item\":\"https:\\\/\\\/lospoliticosveracruz.com\\\/\"},{\"@type\":\"ListItem\",\"position\":2,\"name\":\"PRI, ahora pide paz\"}]},{\"@type\":\"WebSite\",\"@id\":\"https:\\\/\\\/lospoliticosveracruz.com\\\/#website\",\"url\":\"https:\\\/\\\/lospoliticosveracruz.com\\\/\",\"name\":\"Los pol\u00edticos Veracruz\",\"description\":\"\",\"publisher\":{\"@id\":\"https:\\\/\\\/lospoliticosveracruz.com\\\/#organization\"},\"potentialAction\":[{\"@type\":\"SearchAction\",\"target\":{\"@type\":\"EntryPoint\",\"urlTemplate\":\"https:\\\/\\\/lospoliticosveracruz.com\\\/?s={search_term_string}\"},\"query-input\":{\"@type\":\"PropertyValueSpecification\",\"valueRequired\":true,\"valueName\":\"search_term_string\"}}],\"inLanguage\":\"es\"},{\"@type\":\"Organization\",\"@id\":\"https:\\\/\\\/lospoliticosveracruz.com\\\/#organization\",\"name\":\"Los pol\u00edticos Veracruz\",\"url\":\"https:\\\/\\\/lospoliticosveracruz.com\\\/\",\"logo\":{\"@type\":\"ImageObject\",\"inLanguage\":\"es\",\"@id\":\"https:\\\/\\\/lospoliticosveracruz.com\\\/#\\\/schema\\\/logo\\\/image\\\/\",\"url\":\"https:\\\/\\\/lospoliticosveracruz.com\\\/wp-content\\\/uploads\\\/2025\\\/12\\\/Logo-Nuevo-LOS-POLITICOS-1.jpg\",\"contentUrl\":\"https:\\\/\\\/lospoliticosveracruz.com\\\/wp-content\\\/uploads\\\/2025\\\/12\\\/Logo-Nuevo-LOS-POLITICOS-1.jpg\",\"width\":260,\"height\":70,\"caption\":\"Los pol\u00edticos Veracruz\"},\"image\":{\"@id\":\"https:\\\/\\\/lospoliticosveracruz.com\\\/#\\\/schema\\\/logo\\\/image\\\/\"},\"sameAs\":[\"https:\\\/\\\/www.facebook.com\\\/people\\\/Notimemes-de-los-Polticos\\\/61565672886568\\\/\",\"https:\\\/\\\/x.com\\\/LosPoliticosVer\"]},{\"@type\":\"Person\",\"@id\":\"https:\\\/\\\/lospoliticosveracruz.com\\\/#\\\/schema\\\/person\\\/b8702bb0e538456e6efd07080bf2a4a2\",\"name\":\"Lo viste en Los Pol\u00edticos\",\"image\":{\"@type\":\"ImageObject\",\"inLanguage\":\"es\",\"@id\":\"https:\\\/\\\/secure.gravatar.com\\\/avatar\\\/3a8de04a2656d44082be478bd6c086daa447c4651605818287b9532d3d0bd435?s=96&d=mm&r=g\",\"url\":\"https:\\\/\\\/secure.gravatar.com\\\/avatar\\\/3a8de04a2656d44082be478bd6c086daa447c4651605818287b9532d3d0bd435?s=96&d=mm&r=g\",\"contentUrl\":\"https:\\\/\\\/secure.gravatar.com\\\/avatar\\\/3a8de04a2656d44082be478bd6c086daa447c4651605818287b9532d3d0bd435?s=96&d=mm&r=g\",\"caption\":\"Lo viste en Los Pol\u00edticos\"},\"url\":\"https:\\\/\\\/lospoliticosveracruz.com\\\/?author=2\"}]}<\/script>\n<!-- \/ Yoast SEO plugin. -->","yoast_head_json":{"title":"PRI, ahora pide paz - Los pol\u00edticos Veracruz","robots":{"index":"index","follow":"follow","max-snippet":"max-snippet:-1","max-image-preview":"max-image-preview:large","max-video-preview":"max-video-preview:-1"},"canonical":"https:\/\/lospoliticosveracruz.com\/?p=13543","og_locale":"es_ES","og_type":"article","og_title":"PRI, ahora pide paz - Los pol\u00edticos Veracruz","og_description":"Armando Ortiz El Hijo Pr\u00f3digo &nbsp; Apenas tuvimos noticias de lo sucedido a los estudiantes de la normal rural de Ayotzinapa, un empleado de la Secretear\u00eda de Educaci\u00f3n de Veracruz, con poca sensibilidad coment\u00f3 en las redes sociales que de esa forma la izquierda estaba formando m\u00e1rtires, por ello celebraba que los polic\u00edas hubieran actuado [&hellip;]","og_url":"https:\/\/lospoliticosveracruz.com\/?p=13543","og_site_name":"Los pol\u00edticos Veracruz","article_publisher":"https:\/\/www.facebook.com\/people\/Notimemes-de-los-Polticos\/61565672886568\/","article_published_time":"2014-11-18T17:53:54+00:00","og_image":[{"url":"http:\/\/www.lospoliticosveracruz.com.mx\/wp-content\/uploads\/2014\/11\/PRI-manifestacion-300x168.jpg","type":"","width":"","height":""}],"author":"Lo viste en Los Pol\u00edticos","twitter_card":"summary_large_image","twitter_creator":"@LosPoliticosVer","twitter_site":"@LosPoliticosVer","twitter_misc":{"Escrito por":"Lo viste en Los Pol\u00edticos","Tiempo de lectura":"4 minutos"},"schema":{"@context":"https:\/\/schema.org","@graph":[{"@type":"Article","@id":"https:\/\/lospoliticosveracruz.com\/?p=13543#article","isPartOf":{"@id":"https:\/\/lospoliticosveracruz.com\/?p=13543"},"author":{"name":"Lo viste en Los Pol\u00edticos","@id":"https:\/\/lospoliticosveracruz.com\/#\/schema\/person\/b8702bb0e538456e6efd07080bf2a4a2"},"headline":"PRI, ahora pide paz","datePublished":"2014-11-18T17:53:54+00:00","mainEntityOfPage":{"@id":"https:\/\/lospoliticosveracruz.com\/?p=13543"},"wordCount":816,"commentCount":0,"publisher":{"@id":"https:\/\/lospoliticosveracruz.com\/#organization"},"image":{"@id":"https:\/\/lospoliticosveracruz.com\/?p=13543#primaryimage"},"thumbnailUrl":"http:\/\/www.lospoliticosveracruz.com.mx\/wp-content\/uploads\/2014\/11\/PRI-manifestacion-300x168.jpg","keywords":["Ayotzinapa","Elizabeth Morales","PRI","Ra\u00fal D\u00edaz"],"articleSection":["De Opini\u00f3n"],"inLanguage":"es","potentialAction":[{"@type":"CommentAction","name":"Comment","target":["https:\/\/lospoliticosveracruz.com\/?p=13543#respond"]}]},{"@type":"WebPage","@id":"https:\/\/lospoliticosveracruz.com\/?p=13543","url":"https:\/\/lospoliticosveracruz.com\/?p=13543","name":"PRI, ahora pide paz - Los pol\u00edticos Veracruz","isPartOf":{"@id":"https:\/\/lospoliticosveracruz.com\/#website"},"primaryImageOfPage":{"@id":"https:\/\/lospoliticosveracruz.com\/?p=13543#primaryimage"},"image":{"@id":"https:\/\/lospoliticosveracruz.com\/?p=13543#primaryimage"},"thumbnailUrl":"http:\/\/www.lospoliticosveracruz.com.mx\/wp-content\/uploads\/2014\/11\/PRI-manifestacion-300x168.jpg","datePublished":"2014-11-18T17:53:54+00:00","breadcrumb":{"@id":"https:\/\/lospoliticosveracruz.com\/?p=13543#breadcrumb"},"inLanguage":"es","potentialAction":[{"@type":"ReadAction","target":["https:\/\/lospoliticosveracruz.com\/?p=13543"]}]},{"@type":"ImageObject","inLanguage":"es","@id":"https:\/\/lospoliticosveracruz.com\/?p=13543#primaryimage","url":"http:\/\/www.lospoliticosveracruz.com.mx\/wp-content\/uploads\/2014\/11\/PRI-manifestacion-300x168.jpg","contentUrl":"http:\/\/www.lospoliticosveracruz.com.mx\/wp-content\/uploads\/2014\/11\/PRI-manifestacion-300x168.jpg"},{"@type":"BreadcrumbList","@id":"https:\/\/lospoliticosveracruz.com\/?p=13543#breadcrumb","itemListElement":[{"@type":"ListItem","position":1,"name":"Portada","item":"https:\/\/lospoliticosveracruz.com\/"},{"@type":"ListItem","position":2,"name":"PRI, ahora pide paz"}]},{"@type":"WebSite","@id":"https:\/\/lospoliticosveracruz.com\/#website","url":"https:\/\/lospoliticosveracruz.com\/","name":"Los pol\u00edticos Veracruz","description":"","publisher":{"@id":"https:\/\/lospoliticosveracruz.com\/#organization"},"potentialAction":[{"@type":"SearchAction","target":{"@type":"EntryPoint","urlTemplate":"https:\/\/lospoliticosveracruz.com\/?s={search_term_string}"},"query-input":{"@type":"PropertyValueSpecification","valueRequired":true,"valueName":"search_term_string"}}],"inLanguage":"es"},{"@type":"Organization","@id":"https:\/\/lospoliticosveracruz.com\/#organization","name":"Los pol\u00edticos Veracruz","url":"https:\/\/lospoliticosveracruz.com\/","logo":{"@type":"ImageObject","inLanguage":"es","@id":"https:\/\/lospoliticosveracruz.com\/#\/schema\/logo\/image\/","url":"https:\/\/lospoliticosveracruz.com\/wp-content\/uploads\/2025\/12\/Logo-Nuevo-LOS-POLITICOS-1.jpg","contentUrl":"https:\/\/lospoliticosveracruz.com\/wp-content\/uploads\/2025\/12\/Logo-Nuevo-LOS-POLITICOS-1.jpg","width":260,"height":70,"caption":"Los pol\u00edticos Veracruz"},"image":{"@id":"https:\/\/lospoliticosveracruz.com\/#\/schema\/logo\/image\/"},"sameAs":["https:\/\/www.facebook.com\/people\/Notimemes-de-los-Polticos\/61565672886568\/","https:\/\/x.com\/LosPoliticosVer"]},{"@type":"Person","@id":"https:\/\/lospoliticosveracruz.com\/#\/schema\/person\/b8702bb0e538456e6efd07080bf2a4a2","name":"Lo viste en Los Pol\u00edticos","image":{"@type":"ImageObject","inLanguage":"es","@id":"https:\/\/secure.gravatar.com\/avatar\/3a8de04a2656d44082be478bd6c086daa447c4651605818287b9532d3d0bd435?s=96&d=mm&r=g","url":"https:\/\/secure.gravatar.com\/avatar\/3a8de04a2656d44082be478bd6c086daa447c4651605818287b9532d3d0bd435?s=96&d=mm&r=g","contentUrl":"https:\/\/secure.gravatar.com\/avatar\/3a8de04a2656d44082be478bd6c086daa447c4651605818287b9532d3d0bd435?s=96&d=mm&r=g","caption":"Lo viste en Los Pol\u00edticos"},"url":"https:\/\/lospoliticosveracruz.com\/?author=2"}]}},"_links":{"self":[{"href":"https:\/\/lospoliticosveracruz.com\/index.php?rest_route=\/wp\/v2\/posts\/13543","targetHints":{"allow":["GET"]}}],"collection":[{"href":"https:\/\/lospoliticosveracruz.com\/index.php?rest_route=\/wp\/v2\/posts"}],"about":[{"href":"https:\/\/lospoliticosveracruz.com\/index.php?rest_route=\/wp\/v2\/types\/post"}],"author":[{"embeddable":true,"href":"https:\/\/lospoliticosveracruz.com\/index.php?rest_route=\/wp\/v2\/users\/2"}],"replies":[{"embeddable":true,"href":"https:\/\/lospoliticosveracruz.com\/index.php?rest_route=%2Fwp%2Fv2%2Fcomments&post=13543"}],"version-history":[{"count":2,"href":"https:\/\/lospoliticosveracruz.com\/index.php?rest_route=\/wp\/v2\/posts\/13543\/revisions"}],"predecessor-version":[{"id":13546,"href":"https:\/\/lospoliticosveracruz.com\/index.php?rest_route=\/wp\/v2\/posts\/13543\/revisions\/13546"}],"wp:attachment":[{"href":"https:\/\/lospoliticosveracruz.com\/index.php?rest_route=%2Fwp%2Fv2%2Fmedia&parent=13543"}],"wp:term":[{"taxonomy":"category","embeddable":true,"href":"https:\/\/lospoliticosveracruz.com\/index.php?rest_route=%2Fwp%2Fv2%2Fcategories&post=13543"},{"taxonomy":"post_tag","embeddable":true,"href":"https:\/\/lospoliticosveracruz.com\/index.php?rest_route=%2Fwp%2Fv2%2Ftags&post=13543"}],"curies":[{"name":"wp","href":"https:\/\/api.w.org\/{rel}","templated":true}]}}