{"id":135592,"date":"2025-01-14T04:58:13","date_gmt":"2025-01-14T10:58:13","guid":{"rendered":"https:\/\/lospoliticosveracruz.com.mx\/?p=135592"},"modified":"2025-01-14T04:58:43","modified_gmt":"2025-01-14T10:58:43","slug":"morena-y-el-nepotismo-en-veracruz","status":"publish","type":"post","link":"https:\/\/lospoliticosveracruz.com\/?p=135592","title":{"rendered":"MORENA Y EL NEPOTISMO EN VERACRUZ"},"content":{"rendered":"\n<p>[S\u00edguenos ahora tambi\u00e9n en WhatsApp.\u00a0<a href=\"https:\/\/whatsapp.com\/channel\/0029Va8zRWlEKyZIP3Z1dF0e\"><strong><em>Da clic aqu\u00ed<\/em><\/strong><\/a>]\u00a0<br><strong>Ricardo Chua<\/strong><\/p>\n\n\n\n<p><em>Sale y Vale<\/em><\/p>\n\n\n\n<p>\u00abGarganta Profunda\u00bb se\u00f1al\u00f3 que fue una buena se\u00f1al que mandaron desde el gobierno de Veracruz, despu\u00e9s de la salida de Cuitl\u00e1huac Garc\u00eda, donde ten\u00eda familiares como altos funcionarios estatales de su administraci\u00f3n.. Que esas pr\u00e1cticas, ya no se quer\u00edan para el nuevo mandato ahora en manos de Roc\u00edo Nahle.. El nepotismo en gobiernos de MORENA fue un duro golpe pol\u00edtico, que si bien es cierto no incide en la elecci\u00f3n, si \u00abpeg\u00f3\u00bb y a mucha sociedad molest\u00f3..<\/p>\n\n\n\n<p>Por eso, hay versiones de que en Palacio de Gobierno aceptaron de muy buena manera, hace semanas.. Que el Tribunal Electoral del Poder Judicial de la Federaci\u00f3n, echar\u00e1 para abajo la diputaci\u00f3n local del PT, v\u00eda plurinominal, del l\u00edder estatal de este partido, Vicente Aguilar, y se la regresar\u00e1 a Elizabeth Morales.. Despu\u00e9s de que su hijo, el alcalde de Alto Lucero con licencia, Vicente Aguilar \u00abChet\u00edn\u00bb, es ahora legislador local de la 4T en el Congreso del Estado y que para la alcald\u00eda como sucesora quiere dejar a su esposa, Romina Arroyo, eso no pod\u00eda ser..<\/p>\n\n\n\n<p>Algunos comentan que por ello, es que Aguilar Aguilar como l\u00edder estatal del PT, fue \u00abrefundido\u00bb hasta los asientos de atr\u00e1s del Congreso Local, cuando Roc\u00edo Nahle tom\u00f3 protesta como gobernadora.. C\u00f3mo una forma de mandar el mensaje, de que no est\u00e1 muy a gusto de como se manejan las cosas en el Partido del Trabajo en Veracruz.. Como si fuera una empresa familiar, que cuando no es uno, es el otro, pero todos son los padres, hijos y esposa\u2026<\/p>\n\n\n\n<p>Motivo por el cual, se dice que Nahle por esos temas del nepotismo, que tienen que ver con MORENA, PVEM y PT, no va a permitir que lo metan a la convocatoria interna de sus partidos para que elijan a los candidatos a las alcald\u00edas.. Ya que pero ser\u00e1 un grave problema para ellos.. Por eso, los que llegaron al poder en Veracruz, tendr\u00e1n que calmar a los -caciques- de la 4T en sus distintas regiones, para que no se sientan los due\u00f1os de la silla de la presidencia municipal..<\/p>\n\n\n\n<p>Si bien es cierto, alcaldes, diputados locales y federales van a ver la manera de colocar a sus parientes en las candidaturas de la 4T a las alcald\u00edas en Veracruz, eso s\u00f3lo se podr\u00e1 hacer, si es que as\u00ed lo quiere Roc\u00edo Nahle en acuerdos con ellos.. Pero si esto no es as\u00ed, no habr\u00e1 poder humano en Veracruz que hagan que los nominen candidatos.. La orden viene de Palacio Nacional, no quieren m\u00e1s \u00abtestamentos\u00bb pol\u00edticos de la 4T en los Estados.. Los familiares no podr\u00e1n heredar los cargos p\u00fablicos del funcionario en turno.. AMEN..<\/p>\n\n\n\n<p>CLAUDIA TELLO Y SU BUENA \u00abESTRELLA\u00bb EN LA 4T.. La que pareciera que se llev\u00f3 las \u00abpalmas\u00bb en Veracruz por el evento que se organiz\u00f3 en el z\u00f3calo de CDMX por los 100 d\u00edas de gobierno de Claudia Sheinbaum.. Fue una de las funcionarias m\u00e1s cercanas a Roc\u00edo Nahle, que es la titular de la Secretar\u00eda de Educaci\u00f3n en la entidad, Claudia Tello Espinoza\u2026 Ya que este personaje, pues, se puede decir que \u00abbrill\u00f3\u00bb con \u00abluz propia\u00bb en ese evento\u2026 Que para la 4T pudo ser el foro m\u00e1s importante de su historia moderna..<\/p>\n\n\n\n<p>Al final de cuentas, Tello Espinoza conoce bien desde hace a\u00f1os a la misma Presidenta, Claudia Shienbaum&#8211; Y ella, adem\u00e1s se ha entregado a un trabajo incansable, a pesar de las \u00abgrillas\u00bb que ha sorteado a su alrededor desde que lleg\u00f3 a la SEV en Veracruz.. Dicen que el trabajo \u00abmata a grilla\u00bb y ahora esta persona las ha logrado sacar adelante.. Pero sobre todo porque cuenta con el apoyo de la gobernadora Nahle para que se puedan en el sector educativo lograr sacar de ese rezago que se viv\u00eda en la entidad.. Y esperan que con el \u00absegundo piso\u00bb de la 4T eso termine..<\/p>\n\n\n\n<p>Tan s\u00f3lo en este evento del domingo pasado en el z\u00f3calo de CDMX fueron m\u00e1s de 4 mil veracruzanos, los que fueron organizados por Claudia Tello Espinoza.. Para que fueran a darle su presencia a esa fiesta popular de la 4T.. Ya que al final, dentro de su propio equipo de trabajo, la misma Tello ha incorporado al \u00e1rea pol\u00edtica de este movimiento a una nueva generaci\u00f3n que aprende la responsabilidad de gobernar Veracruz. Como son Felipe Sosa Mora y El\u00edas Calixto Armas, ambos son cuadros que est\u00e1n bajo la direcci\u00f3n de la titular de la SEV.. As\u00ed que ahora tanto Sosa como Calixto tienen la vara alta para poder hacer con su trabajo una revoluci\u00f3n al activismo pol\u00edtico de la 4T..<\/p>\n\n\n\n<p>REFLEXI\u00d3N.. Roc\u00edo Nahle sabe que una de las dependencias que m\u00e1s les ha dado resultado en estos primeros 45 d\u00edas de su gobierno.. Ha sido la SEV.. Con los maestros ha tenido una relaci\u00f3n tersa y la transici\u00f3n de un gobierno a otro fue de manera ordenada con el magisterio.. Ya que por el momento, no se ve conflicto en puerta alguno.. Ahora le toca a los encargados de esta dependencia, llevar el trabajo en paz para que no se rompa esa armon\u00eda que tienen con este sector.. Y de eso, la responsable directa es Claudia Tello.. Que hasta el momento, no hay queja alguna de ella.. AMEN..<\/p>\n","protected":false},"excerpt":{"rendered":"<p>[S\u00edguenos ahora tambi\u00e9n en WhatsApp.\u00a0Da clic aqu\u00ed]\u00a0Ricardo Chua Sale y Vale \u00abGarganta Profunda\u00bb se\u00f1al\u00f3 que fue una buena se\u00f1al que mandaron desde el gobierno de Veracruz, despu\u00e9s de la salida de Cuitl\u00e1huac Garc\u00eda, donde ten\u00eda familiares como altos funcionarios estatales de su administraci\u00f3n.. Que esas pr\u00e1cticas, ya no se quer\u00edan para el nuevo mandato ahora [&hellip;]<\/p>\n","protected":false},"author":2,"featured_media":119817,"comment_status":"closed","ping_status":"closed","sticky":false,"template":"","format":"standard","meta":{"tdm_status":"","tdm_grid_status":"","footnotes":""},"categories":[8896,70],"tags":[1026,2289,3578,195],"class_list":{"0":"post-135592","1":"post","2":"type-post","3":"status-publish","4":"format-standard","5":"has-post-thumbnail","7":"category-conoce_veracruz","8":"category-de-opinion","9":"tag-morena","10":"tag-pt","11":"tag-rocio-nahle","12":"tag-veracruz"},"yoast_head":"<!-- This site is optimized with the Yoast SEO plugin v27.4 - https:\/\/yoast.com\/product\/yoast-seo-wordpress\/ -->\n<title>MORENA Y EL NEPOTISMO EN VERACRUZ - Los pol\u00edticos Veracruz<\/title>\n<meta name=\"robots\" content=\"index, follow, max-snippet:-1, max-image-preview:large, max-video-preview:-1\" \/>\n<link rel=\"canonical\" href=\"https:\/\/lospoliticosveracruz.com\/?p=135592\" \/>\n<meta property=\"og:locale\" content=\"es_ES\" \/>\n<meta property=\"og:type\" content=\"article\" \/>\n<meta property=\"og:title\" content=\"MORENA Y EL NEPOTISMO EN VERACRUZ - Los pol\u00edticos Veracruz\" \/>\n<meta property=\"og:description\" content=\"[S\u00edguenos ahora tambi\u00e9n en WhatsApp.\u00a0Da clic aqu\u00ed]\u00a0Ricardo Chua Sale y Vale \u00abGarganta Profunda\u00bb se\u00f1al\u00f3 que fue una buena se\u00f1al que mandaron desde el gobierno de Veracruz, despu\u00e9s de la salida de Cuitl\u00e1huac Garc\u00eda, donde ten\u00eda familiares como altos funcionarios estatales de su administraci\u00f3n.. Que esas pr\u00e1cticas, ya no se quer\u00edan para el nuevo mandato ahora [&hellip;]\" \/>\n<meta property=\"og:url\" content=\"https:\/\/lospoliticosveracruz.com\/?p=135592\" \/>\n<meta property=\"og:site_name\" content=\"Los pol\u00edticos Veracruz\" \/>\n<meta property=\"article:publisher\" content=\"https:\/\/www.facebook.com\/people\/Notimemes-de-los-Polticos\/61565672886568\/\" \/>\n<meta property=\"article:published_time\" content=\"2025-01-14T10:58:13+00:00\" \/>\n<meta property=\"article:modified_time\" content=\"2025-01-14T10:58:43+00:00\" \/>\n<meta property=\"og:image\" content=\"https:\/\/lospoliticosveracruz.com\/wp-content\/uploads\/2024\/03\/Ricardo-Chua.jpg\" \/>\n\t<meta property=\"og:image:width\" content=\"1250\" \/>\n\t<meta property=\"og:image:height\" content=\"667\" \/>\n\t<meta property=\"og:image:type\" content=\"image\/jpeg\" \/>\n<meta name=\"author\" content=\"Lo viste en Los Pol\u00edticos\" \/>\n<meta name=\"twitter:card\" content=\"summary_large_image\" \/>\n<meta name=\"twitter:creator\" content=\"@LosPoliticosVer\" \/>\n<meta name=\"twitter:site\" content=\"@LosPoliticosVer\" \/>\n<meta name=\"twitter:label1\" content=\"Escrito por\" \/>\n\t<meta name=\"twitter:data1\" content=\"Lo viste en Los Pol\u00edticos\" \/>\n\t<meta name=\"twitter:label2\" content=\"Tiempo de lectura\" \/>\n\t<meta name=\"twitter:data2\" content=\"5 minutos\" \/>\n<script type=\"application\/ld+json\" class=\"yoast-schema-graph\">{\"@context\":\"https:\\\/\\\/schema.org\",\"@graph\":[{\"@type\":\"Article\",\"@id\":\"https:\\\/\\\/lospoliticosveracruz.com\\\/?p=135592#article\",\"isPartOf\":{\"@id\":\"https:\\\/\\\/lospoliticosveracruz.com\\\/?p=135592\"},\"author\":{\"name\":\"Lo viste en Los Pol\u00edticos\",\"@id\":\"https:\\\/\\\/lospoliticosveracruz.com\\\/#\\\/schema\\\/person\\\/b8702bb0e538456e6efd07080bf2a4a2\"},\"headline\":\"MORENA Y EL NEPOTISMO EN VERACRUZ\",\"datePublished\":\"2025-01-14T10:58:13+00:00\",\"dateModified\":\"2025-01-14T10:58:43+00:00\",\"mainEntityOfPage\":{\"@id\":\"https:\\\/\\\/lospoliticosveracruz.com\\\/?p=135592\"},\"wordCount\":947,\"publisher\":{\"@id\":\"https:\\\/\\\/lospoliticosveracruz.com\\\/#organization\"},\"image\":{\"@id\":\"https:\\\/\\\/lospoliticosveracruz.com\\\/?p=135592#primaryimage\"},\"thumbnailUrl\":\"https:\\\/\\\/lospoliticosveracruz.com\\\/wp-content\\\/uploads\\\/2024\\\/03\\\/Ricardo-Chua.jpg\",\"keywords\":[\"Morena\",\"PT\",\"Roc\u00edo Nahle\",\"Veracruz\"],\"articleSection\":[\"Conoce Veracruz\",\"De Opini\u00f3n\"],\"inLanguage\":\"es\"},{\"@type\":\"WebPage\",\"@id\":\"https:\\\/\\\/lospoliticosveracruz.com\\\/?p=135592\",\"url\":\"https:\\\/\\\/lospoliticosveracruz.com\\\/?p=135592\",\"name\":\"MORENA Y EL NEPOTISMO EN VERACRUZ - Los pol\u00edticos Veracruz\",\"isPartOf\":{\"@id\":\"https:\\\/\\\/lospoliticosveracruz.com\\\/#website\"},\"primaryImageOfPage\":{\"@id\":\"https:\\\/\\\/lospoliticosveracruz.com\\\/?p=135592#primaryimage\"},\"image\":{\"@id\":\"https:\\\/\\\/lospoliticosveracruz.com\\\/?p=135592#primaryimage\"},\"thumbnailUrl\":\"https:\\\/\\\/lospoliticosveracruz.com\\\/wp-content\\\/uploads\\\/2024\\\/03\\\/Ricardo-Chua.jpg\",\"datePublished\":\"2025-01-14T10:58:13+00:00\",\"dateModified\":\"2025-01-14T10:58:43+00:00\",\"breadcrumb\":{\"@id\":\"https:\\\/\\\/lospoliticosveracruz.com\\\/?p=135592#breadcrumb\"},\"inLanguage\":\"es\",\"potentialAction\":[{\"@type\":\"ReadAction\",\"target\":[\"https:\\\/\\\/lospoliticosveracruz.com\\\/?p=135592\"]}]},{\"@type\":\"ImageObject\",\"inLanguage\":\"es\",\"@id\":\"https:\\\/\\\/lospoliticosveracruz.com\\\/?p=135592#primaryimage\",\"url\":\"https:\\\/\\\/lospoliticosveracruz.com\\\/wp-content\\\/uploads\\\/2024\\\/03\\\/Ricardo-Chua.jpg\",\"contentUrl\":\"https:\\\/\\\/lospoliticosveracruz.com\\\/wp-content\\\/uploads\\\/2024\\\/03\\\/Ricardo-Chua.jpg\",\"width\":1250,\"height\":667},{\"@type\":\"BreadcrumbList\",\"@id\":\"https:\\\/\\\/lospoliticosveracruz.com\\\/?p=135592#breadcrumb\",\"itemListElement\":[{\"@type\":\"ListItem\",\"position\":1,\"name\":\"Portada\",\"item\":\"https:\\\/\\\/lospoliticosveracruz.com\\\/\"},{\"@type\":\"ListItem\",\"position\":2,\"name\":\"MORENA Y EL NEPOTISMO EN VERACRUZ\"}]},{\"@type\":\"WebSite\",\"@id\":\"https:\\\/\\\/lospoliticosveracruz.com\\\/#website\",\"url\":\"https:\\\/\\\/lospoliticosveracruz.com\\\/\",\"name\":\"Los pol\u00edticos Veracruz\",\"description\":\"\",\"publisher\":{\"@id\":\"https:\\\/\\\/lospoliticosveracruz.com\\\/#organization\"},\"potentialAction\":[{\"@type\":\"SearchAction\",\"target\":{\"@type\":\"EntryPoint\",\"urlTemplate\":\"https:\\\/\\\/lospoliticosveracruz.com\\\/?s={search_term_string}\"},\"query-input\":{\"@type\":\"PropertyValueSpecification\",\"valueRequired\":true,\"valueName\":\"search_term_string\"}}],\"inLanguage\":\"es\"},{\"@type\":\"Organization\",\"@id\":\"https:\\\/\\\/lospoliticosveracruz.com\\\/#organization\",\"name\":\"Los pol\u00edticos Veracruz\",\"url\":\"https:\\\/\\\/lospoliticosveracruz.com\\\/\",\"logo\":{\"@type\":\"ImageObject\",\"inLanguage\":\"es\",\"@id\":\"https:\\\/\\\/lospoliticosveracruz.com\\\/#\\\/schema\\\/logo\\\/image\\\/\",\"url\":\"https:\\\/\\\/lospoliticosveracruz.com\\\/wp-content\\\/uploads\\\/2025\\\/12\\\/Logo-Nuevo-LOS-POLITICOS-1.jpg\",\"contentUrl\":\"https:\\\/\\\/lospoliticosveracruz.com\\\/wp-content\\\/uploads\\\/2025\\\/12\\\/Logo-Nuevo-LOS-POLITICOS-1.jpg\",\"width\":260,\"height\":70,\"caption\":\"Los pol\u00edticos Veracruz\"},\"image\":{\"@id\":\"https:\\\/\\\/lospoliticosveracruz.com\\\/#\\\/schema\\\/logo\\\/image\\\/\"},\"sameAs\":[\"https:\\\/\\\/www.facebook.com\\\/people\\\/Notimemes-de-los-Polticos\\\/61565672886568\\\/\",\"https:\\\/\\\/x.com\\\/LosPoliticosVer\"]},{\"@type\":\"Person\",\"@id\":\"https:\\\/\\\/lospoliticosveracruz.com\\\/#\\\/schema\\\/person\\\/b8702bb0e538456e6efd07080bf2a4a2\",\"name\":\"Lo viste en Los Pol\u00edticos\",\"image\":{\"@type\":\"ImageObject\",\"inLanguage\":\"es\",\"@id\":\"https:\\\/\\\/secure.gravatar.com\\\/avatar\\\/3a8de04a2656d44082be478bd6c086daa447c4651605818287b9532d3d0bd435?s=96&d=mm&r=g\",\"url\":\"https:\\\/\\\/secure.gravatar.com\\\/avatar\\\/3a8de04a2656d44082be478bd6c086daa447c4651605818287b9532d3d0bd435?s=96&d=mm&r=g\",\"contentUrl\":\"https:\\\/\\\/secure.gravatar.com\\\/avatar\\\/3a8de04a2656d44082be478bd6c086daa447c4651605818287b9532d3d0bd435?s=96&d=mm&r=g\",\"caption\":\"Lo viste en Los Pol\u00edticos\"},\"url\":\"https:\\\/\\\/lospoliticosveracruz.com\\\/?author=2\"}]}<\/script>\n<!-- \/ Yoast SEO plugin. -->","yoast_head_json":{"title":"MORENA Y EL NEPOTISMO EN VERACRUZ - Los pol\u00edticos Veracruz","robots":{"index":"index","follow":"follow","max-snippet":"max-snippet:-1","max-image-preview":"max-image-preview:large","max-video-preview":"max-video-preview:-1"},"canonical":"https:\/\/lospoliticosveracruz.com\/?p=135592","og_locale":"es_ES","og_type":"article","og_title":"MORENA Y EL NEPOTISMO EN VERACRUZ - Los pol\u00edticos Veracruz","og_description":"[S\u00edguenos ahora tambi\u00e9n en WhatsApp.\u00a0Da clic aqu\u00ed]\u00a0Ricardo Chua Sale y Vale \u00abGarganta Profunda\u00bb se\u00f1al\u00f3 que fue una buena se\u00f1al que mandaron desde el gobierno de Veracruz, despu\u00e9s de la salida de Cuitl\u00e1huac Garc\u00eda, donde ten\u00eda familiares como altos funcionarios estatales de su administraci\u00f3n.. Que esas pr\u00e1cticas, ya no se quer\u00edan para el nuevo mandato ahora [&hellip;]","og_url":"https:\/\/lospoliticosveracruz.com\/?p=135592","og_site_name":"Los pol\u00edticos Veracruz","article_publisher":"https:\/\/www.facebook.com\/people\/Notimemes-de-los-Polticos\/61565672886568\/","article_published_time":"2025-01-14T10:58:13+00:00","article_modified_time":"2025-01-14T10:58:43+00:00","og_image":[{"width":1250,"height":667,"url":"https:\/\/lospoliticosveracruz.com\/wp-content\/uploads\/2024\/03\/Ricardo-Chua.jpg","type":"image\/jpeg"}],"author":"Lo viste en Los Pol\u00edticos","twitter_card":"summary_large_image","twitter_creator":"@LosPoliticosVer","twitter_site":"@LosPoliticosVer","twitter_misc":{"Escrito por":"Lo viste en Los Pol\u00edticos","Tiempo de lectura":"5 minutos"},"schema":{"@context":"https:\/\/schema.org","@graph":[{"@type":"Article","@id":"https:\/\/lospoliticosveracruz.com\/?p=135592#article","isPartOf":{"@id":"https:\/\/lospoliticosveracruz.com\/?p=135592"},"author":{"name":"Lo viste en Los Pol\u00edticos","@id":"https:\/\/lospoliticosveracruz.com\/#\/schema\/person\/b8702bb0e538456e6efd07080bf2a4a2"},"headline":"MORENA Y EL NEPOTISMO EN VERACRUZ","datePublished":"2025-01-14T10:58:13+00:00","dateModified":"2025-01-14T10:58:43+00:00","mainEntityOfPage":{"@id":"https:\/\/lospoliticosveracruz.com\/?p=135592"},"wordCount":947,"publisher":{"@id":"https:\/\/lospoliticosveracruz.com\/#organization"},"image":{"@id":"https:\/\/lospoliticosveracruz.com\/?p=135592#primaryimage"},"thumbnailUrl":"https:\/\/lospoliticosveracruz.com\/wp-content\/uploads\/2024\/03\/Ricardo-Chua.jpg","keywords":["Morena","PT","Roc\u00edo Nahle","Veracruz"],"articleSection":["Conoce Veracruz","De Opini\u00f3n"],"inLanguage":"es"},{"@type":"WebPage","@id":"https:\/\/lospoliticosveracruz.com\/?p=135592","url":"https:\/\/lospoliticosveracruz.com\/?p=135592","name":"MORENA Y EL NEPOTISMO EN VERACRUZ - Los pol\u00edticos Veracruz","isPartOf":{"@id":"https:\/\/lospoliticosveracruz.com\/#website"},"primaryImageOfPage":{"@id":"https:\/\/lospoliticosveracruz.com\/?p=135592#primaryimage"},"image":{"@id":"https:\/\/lospoliticosveracruz.com\/?p=135592#primaryimage"},"thumbnailUrl":"https:\/\/lospoliticosveracruz.com\/wp-content\/uploads\/2024\/03\/Ricardo-Chua.jpg","datePublished":"2025-01-14T10:58:13+00:00","dateModified":"2025-01-14T10:58:43+00:00","breadcrumb":{"@id":"https:\/\/lospoliticosveracruz.com\/?p=135592#breadcrumb"},"inLanguage":"es","potentialAction":[{"@type":"ReadAction","target":["https:\/\/lospoliticosveracruz.com\/?p=135592"]}]},{"@type":"ImageObject","inLanguage":"es","@id":"https:\/\/lospoliticosveracruz.com\/?p=135592#primaryimage","url":"https:\/\/lospoliticosveracruz.com\/wp-content\/uploads\/2024\/03\/Ricardo-Chua.jpg","contentUrl":"https:\/\/lospoliticosveracruz.com\/wp-content\/uploads\/2024\/03\/Ricardo-Chua.jpg","width":1250,"height":667},{"@type":"BreadcrumbList","@id":"https:\/\/lospoliticosveracruz.com\/?p=135592#breadcrumb","itemListElement":[{"@type":"ListItem","position":1,"name":"Portada","item":"https:\/\/lospoliticosveracruz.com\/"},{"@type":"ListItem","position":2,"name":"MORENA Y EL NEPOTISMO EN VERACRUZ"}]},{"@type":"WebSite","@id":"https:\/\/lospoliticosveracruz.com\/#website","url":"https:\/\/lospoliticosveracruz.com\/","name":"Los pol\u00edticos Veracruz","description":"","publisher":{"@id":"https:\/\/lospoliticosveracruz.com\/#organization"},"potentialAction":[{"@type":"SearchAction","target":{"@type":"EntryPoint","urlTemplate":"https:\/\/lospoliticosveracruz.com\/?s={search_term_string}"},"query-input":{"@type":"PropertyValueSpecification","valueRequired":true,"valueName":"search_term_string"}}],"inLanguage":"es"},{"@type":"Organization","@id":"https:\/\/lospoliticosveracruz.com\/#organization","name":"Los pol\u00edticos Veracruz","url":"https:\/\/lospoliticosveracruz.com\/","logo":{"@type":"ImageObject","inLanguage":"es","@id":"https:\/\/lospoliticosveracruz.com\/#\/schema\/logo\/image\/","url":"https:\/\/lospoliticosveracruz.com\/wp-content\/uploads\/2025\/12\/Logo-Nuevo-LOS-POLITICOS-1.jpg","contentUrl":"https:\/\/lospoliticosveracruz.com\/wp-content\/uploads\/2025\/12\/Logo-Nuevo-LOS-POLITICOS-1.jpg","width":260,"height":70,"caption":"Los pol\u00edticos Veracruz"},"image":{"@id":"https:\/\/lospoliticosveracruz.com\/#\/schema\/logo\/image\/"},"sameAs":["https:\/\/www.facebook.com\/people\/Notimemes-de-los-Polticos\/61565672886568\/","https:\/\/x.com\/LosPoliticosVer"]},{"@type":"Person","@id":"https:\/\/lospoliticosveracruz.com\/#\/schema\/person\/b8702bb0e538456e6efd07080bf2a4a2","name":"Lo viste en Los Pol\u00edticos","image":{"@type":"ImageObject","inLanguage":"es","@id":"https:\/\/secure.gravatar.com\/avatar\/3a8de04a2656d44082be478bd6c086daa447c4651605818287b9532d3d0bd435?s=96&d=mm&r=g","url":"https:\/\/secure.gravatar.com\/avatar\/3a8de04a2656d44082be478bd6c086daa447c4651605818287b9532d3d0bd435?s=96&d=mm&r=g","contentUrl":"https:\/\/secure.gravatar.com\/avatar\/3a8de04a2656d44082be478bd6c086daa447c4651605818287b9532d3d0bd435?s=96&d=mm&r=g","caption":"Lo viste en Los Pol\u00edticos"},"url":"https:\/\/lospoliticosveracruz.com\/?author=2"}]}},"_links":{"self":[{"href":"https:\/\/lospoliticosveracruz.com\/index.php?rest_route=\/wp\/v2\/posts\/135592","targetHints":{"allow":["GET"]}}],"collection":[{"href":"https:\/\/lospoliticosveracruz.com\/index.php?rest_route=\/wp\/v2\/posts"}],"about":[{"href":"https:\/\/lospoliticosveracruz.com\/index.php?rest_route=\/wp\/v2\/types\/post"}],"author":[{"embeddable":true,"href":"https:\/\/lospoliticosveracruz.com\/index.php?rest_route=\/wp\/v2\/users\/2"}],"replies":[{"embeddable":true,"href":"https:\/\/lospoliticosveracruz.com\/index.php?rest_route=%2Fwp%2Fv2%2Fcomments&post=135592"}],"version-history":[{"count":2,"href":"https:\/\/lospoliticosveracruz.com\/index.php?rest_route=\/wp\/v2\/posts\/135592\/revisions"}],"predecessor-version":[{"id":135594,"href":"https:\/\/lospoliticosveracruz.com\/index.php?rest_route=\/wp\/v2\/posts\/135592\/revisions\/135594"}],"wp:featuredmedia":[{"embeddable":true,"href":"https:\/\/lospoliticosveracruz.com\/index.php?rest_route=\/wp\/v2\/media\/119817"}],"wp:attachment":[{"href":"https:\/\/lospoliticosveracruz.com\/index.php?rest_route=%2Fwp%2Fv2%2Fmedia&parent=135592"}],"wp:term":[{"taxonomy":"category","embeddable":true,"href":"https:\/\/lospoliticosveracruz.com\/index.php?rest_route=%2Fwp%2Fv2%2Fcategories&post=135592"},{"taxonomy":"post_tag","embeddable":true,"href":"https:\/\/lospoliticosveracruz.com\/index.php?rest_route=%2Fwp%2Fv2%2Ftags&post=135592"}],"curies":[{"name":"wp","href":"https:\/\/api.w.org\/{rel}","templated":true}]}}