{"id":135597,"date":"2025-01-14T07:32:17","date_gmt":"2025-01-14T13:32:17","guid":{"rendered":"https:\/\/lospoliticosveracruz.com.mx\/?p=135597"},"modified":"2025-01-14T07:32:39","modified_gmt":"2025-01-14T13:32:39","slug":"rosaldo-el-mentiroso","status":"publish","type":"post","link":"https:\/\/lospoliticosveracruz.com\/?p=135597","title":{"rendered":"ROSALDO, EL MENTIROSO!"},"content":{"rendered":"\n<p>[S\u00edguenos ahora tambi\u00e9n en WhatsApp.\u00a0<a href=\"https:\/\/whatsapp.com\/channel\/0029Va8zRWlEKyZIP3Z1dF0e\"><strong><em>Da clic aqu\u00ed<\/em><\/strong><\/a>]\u00a0<br><strong>Fanny Y\u00e9pez<\/strong><br><em>La Columna<\/em><br><br>Con el desmentido que publico en redes sociales Roy Campos, quedo exhibido como mentiroso el aspirante a candidato a presidente municipal por Coatzacoalcos, Pedro Miguel Rosaldo Garc\u00eda.<br>Este mismo lunes la empresa encuestadora Consulta Mitofsky desminti\u00f3 el haber realizado una encuesta en la ciudad sure\u00f1a de Coatzacoalcos, con esta lapidaria aclaraci\u00f3n se precisa que al menos en esa demarcaci\u00f3n a\u00fan no hay nada para nadie, pese a que hay 10 inscritos en este proceso interno de Morena.<br>Sin lugar a dudas es un p\u00e9simo inicio para el ex subsecretario de egresos de la Sefiplan, Pedro Miguel Rosaldo Garc\u00eda quien minti\u00f3 para lograr posicionarse entre el electorado. Ahora surge la pregunta \u00bfen cuentas ocasiones ha mentido Pedro Miguel, para lograr escalar en sus aspiraciones pol\u00edticas? .<br>Los habitantes del municipio de Coatzacoalcos han de tener sus preferencias electorales por determinado candidata o candidato, pero nos queda claro que no hay hasta la fecha una encuesta seria que valide una intenci\u00f3n de voto.<br>La dirigencia estatal de Morena ha informado que las encuestas internas en Morena iniciar\u00e1n a finales de este mes de enero y los resultados se dar\u00e1n a conocer enb los primeros d\u00edas del pr\u00f3ximo mes.<br>De acuerdo al calendario electoral del OPLE el 2 de febrero inicia el periodo de precampa\u00f1as electorales, etapa en la que los partidos comenzar\u00e1n a promover a sus aspirantes.<br>La plataforma de MORENA atendi\u00f3 y recibi\u00f3 5 mil 140 registros, de los cuales 2 mil 63 son para el cargo de alcaldes, 582 para s\u00edndicos y 2 mil 489 para regidores.<br>El \u00e1rbitro de la contienda (Ople), establece que el 16 de febrero, en coordinaci\u00f3n con los Comit\u00e9s de) Debates, organizar\u00e1 los primeros encuentros entre precandidatos.<br>El d\u00eda 16 se recibir\u00e1n formalmente las postulaciones de candidaturas para quienes busquen un cargo en los ayuntamientos.<br>El 3 de abril, se registran las candidaturas formales para los cargos de ediles municipales.<br>Seguido de ello, el d\u00eda 29 de abril iniciar\u00e1n las campa\u00f1as pol\u00edticas, se publicar\u00e1n las convocatorias para debates y se asignan moderadores para estos ejercicios democr\u00e1ticos.<\/p>\n\n\n\n<p>El 29 de mayo se suspender\u00e1 toda propaganda electoral, incluyendo la publicaci\u00f3n de encuestas o sondeos de opini\u00f3n en medios de comunicaci\u00f3n.<br>En riesgo de colapso el puente \u201cLa Zopilotera\u201d: Gonzales Naveda<br>Mediante un serio oficio el diputado federal, Adri\u00e1n Gonzales Naveda, hizo un llamado urgente a la Secretaria de Infraestructura y Obras P\u00fablicas (SIOP), para que atienda el socav\u00f3n del puente conocido como \u00abLa Zopilotera\u00bb, ubicado en la carretera que conecta la comunidad de Mahuixtl\u00e1n con La Isleta Grande, en el municipio de Coatepec, que est\u00e1 a punto de colapsar.<br>El legislador en el documento dirigido a la SIOP pone en alerta el riesgo de colapso que enfrenta este puente.<br>\u00abRequiere atenci\u00f3n inmediata por parte de la Secretar\u00eda de Infraestructura y Obras P\u00fablicas. Se trata del severo deterioro y riesgo de colapso del puente conocido como \u00abLa Zopilotera\u00bb, ubicado en la carretera que conecta la comunidad de Mahuixtl\u00e1n con La Isleta Grande, en el municipio de Coatepec, Ver.\u00bb<br>El diputado federal explic\u00f3 que ese puente presenta un socav\u00f3n significativo que amenaza con comprometer la seguridad de quienes transitan por esta vialidad.<br>Cabe destacar que dicha carretera constituye el principal acceso para numerosas familias y estudiantes de la regi\u00f3n, adem\u00e1s de ser una ruta fundamental para el traslado de camiones ca\u00f1eros con cargas que alcanzan hasta 40 toneladas.<br>\u00abAnte la magnitud del problema y considerando el riesgo que representa para la integridad f\u00edsica de los usuarios, solicito respetuosamente que esta dependencia a su digno cargo implemente las acciones necesarias para atender y solucionar esta problem\u00e1tica a la brevedad posible. De no tomarse medidas oportunas, existe la posibilidad de que ocurra un incidente de consecuencias lamentables para la poblaci\u00f3n\u00bb, concluye el documento enviado este lunes por el diputado Adri\u00e1n Gonz\u00e1lez Naveda.<\/p>\n","protected":false},"excerpt":{"rendered":"<p>[S\u00edguenos ahora tambi\u00e9n en WhatsApp.\u00a0Da clic aqu\u00ed]\u00a0Fanny Y\u00e9pezLa Columna Con el desmentido que publico en redes sociales Roy Campos, quedo exhibido como mentiroso el aspirante a candidato a presidente municipal por Coatzacoalcos, Pedro Miguel Rosaldo Garc\u00eda.Este mismo lunes la empresa encuestadora Consulta Mitofsky desminti\u00f3 el haber realizado una encuesta en la ciudad sure\u00f1a de Coatzacoalcos, [&hellip;]<\/p>\n","protected":false},"author":2,"featured_media":126076,"comment_status":"closed","ping_status":"closed","sticky":false,"template":"","format":"standard","meta":{"tdm_status":"","tdm_grid_status":"","footnotes":""},"categories":[70],"tags":[371,3405,1026,42696,3578,9372,195],"class_list":{"0":"post-135597","1":"post","2":"type-post","3":"status-publish","4":"format-standard","5":"has-post-thumbnail","7":"category-de-opinion","8":"tag-coatzacoalcos","9":"tag-mitofsky","10":"tag-morena","11":"tag-pedro-miguel-rosaldo","12":"tag-rocio-nahle","13":"tag-roy-campos","14":"tag-veracruz"},"yoast_head":"<!-- This site is optimized with the Yoast SEO plugin v27.4 - https:\/\/yoast.com\/product\/yoast-seo-wordpress\/ -->\n<title>ROSALDO, EL MENTIROSO! - Los pol\u00edticos Veracruz<\/title>\n<meta name=\"robots\" content=\"index, follow, max-snippet:-1, max-image-preview:large, max-video-preview:-1\" \/>\n<link rel=\"canonical\" href=\"https:\/\/lospoliticosveracruz.com\/?p=135597\" \/>\n<meta property=\"og:locale\" content=\"es_ES\" \/>\n<meta property=\"og:type\" content=\"article\" \/>\n<meta property=\"og:title\" content=\"ROSALDO, EL MENTIROSO! - Los pol\u00edticos Veracruz\" \/>\n<meta property=\"og:description\" content=\"[S\u00edguenos ahora tambi\u00e9n en WhatsApp.\u00a0Da clic aqu\u00ed]\u00a0Fanny Y\u00e9pezLa Columna Con el desmentido que publico en redes sociales Roy Campos, quedo exhibido como mentiroso el aspirante a candidato a presidente municipal por Coatzacoalcos, Pedro Miguel Rosaldo Garc\u00eda.Este mismo lunes la empresa encuestadora Consulta Mitofsky desminti\u00f3 el haber realizado una encuesta en la ciudad sure\u00f1a de Coatzacoalcos, [&hellip;]\" \/>\n<meta property=\"og:url\" content=\"https:\/\/lospoliticosveracruz.com\/?p=135597\" \/>\n<meta property=\"og:site_name\" content=\"Los pol\u00edticos Veracruz\" \/>\n<meta property=\"article:publisher\" content=\"https:\/\/www.facebook.com\/people\/Notimemes-de-los-Polticos\/61565672886568\/\" \/>\n<meta property=\"article:published_time\" content=\"2025-01-14T13:32:17+00:00\" \/>\n<meta property=\"article:modified_time\" content=\"2025-01-14T13:32:39+00:00\" \/>\n<meta property=\"og:image\" content=\"https:\/\/lospoliticosveracruz.com\/wp-content\/uploads\/2024\/06\/Fanny-Yepez.jpg\" \/>\n\t<meta property=\"og:image:width\" content=\"1250\" \/>\n\t<meta property=\"og:image:height\" content=\"667\" \/>\n\t<meta property=\"og:image:type\" content=\"image\/jpeg\" \/>\n<meta name=\"author\" content=\"Lo viste en Los Pol\u00edticos\" \/>\n<meta name=\"twitter:card\" content=\"summary_large_image\" \/>\n<meta name=\"twitter:creator\" content=\"@LosPoliticosVer\" \/>\n<meta name=\"twitter:site\" content=\"@LosPoliticosVer\" \/>\n<meta name=\"twitter:label1\" content=\"Escrito por\" \/>\n\t<meta name=\"twitter:data1\" content=\"Lo viste en Los Pol\u00edticos\" \/>\n\t<meta name=\"twitter:label2\" content=\"Tiempo de lectura\" \/>\n\t<meta name=\"twitter:data2\" content=\"3 minutos\" \/>\n<script type=\"application\/ld+json\" class=\"yoast-schema-graph\">{\"@context\":\"https:\\\/\\\/schema.org\",\"@graph\":[{\"@type\":\"Article\",\"@id\":\"https:\\\/\\\/lospoliticosveracruz.com\\\/?p=135597#article\",\"isPartOf\":{\"@id\":\"https:\\\/\\\/lospoliticosveracruz.com\\\/?p=135597\"},\"author\":{\"name\":\"Lo viste en Los Pol\u00edticos\",\"@id\":\"https:\\\/\\\/lospoliticosveracruz.com\\\/#\\\/schema\\\/person\\\/b8702bb0e538456e6efd07080bf2a4a2\"},\"headline\":\"ROSALDO, EL MENTIROSO!\",\"datePublished\":\"2025-01-14T13:32:17+00:00\",\"dateModified\":\"2025-01-14T13:32:39+00:00\",\"mainEntityOfPage\":{\"@id\":\"https:\\\/\\\/lospoliticosveracruz.com\\\/?p=135597\"},\"wordCount\":678,\"publisher\":{\"@id\":\"https:\\\/\\\/lospoliticosveracruz.com\\\/#organization\"},\"image\":{\"@id\":\"https:\\\/\\\/lospoliticosveracruz.com\\\/?p=135597#primaryimage\"},\"thumbnailUrl\":\"https:\\\/\\\/lospoliticosveracruz.com\\\/wp-content\\\/uploads\\\/2024\\\/06\\\/Fanny-Yepez.jpg\",\"keywords\":[\"Coatzacoalcos\",\"Mitofsky\",\"Morena\",\"Pedro Miguel Rosaldo\",\"Roc\u00edo Nahle\",\"Roy Campos\",\"Veracruz\"],\"articleSection\":[\"De Opini\u00f3n\"],\"inLanguage\":\"es\"},{\"@type\":\"WebPage\",\"@id\":\"https:\\\/\\\/lospoliticosveracruz.com\\\/?p=135597\",\"url\":\"https:\\\/\\\/lospoliticosveracruz.com\\\/?p=135597\",\"name\":\"ROSALDO, EL MENTIROSO! - Los pol\u00edticos Veracruz\",\"isPartOf\":{\"@id\":\"https:\\\/\\\/lospoliticosveracruz.com\\\/#website\"},\"primaryImageOfPage\":{\"@id\":\"https:\\\/\\\/lospoliticosveracruz.com\\\/?p=135597#primaryimage\"},\"image\":{\"@id\":\"https:\\\/\\\/lospoliticosveracruz.com\\\/?p=135597#primaryimage\"},\"thumbnailUrl\":\"https:\\\/\\\/lospoliticosveracruz.com\\\/wp-content\\\/uploads\\\/2024\\\/06\\\/Fanny-Yepez.jpg\",\"datePublished\":\"2025-01-14T13:32:17+00:00\",\"dateModified\":\"2025-01-14T13:32:39+00:00\",\"breadcrumb\":{\"@id\":\"https:\\\/\\\/lospoliticosveracruz.com\\\/?p=135597#breadcrumb\"},\"inLanguage\":\"es\",\"potentialAction\":[{\"@type\":\"ReadAction\",\"target\":[\"https:\\\/\\\/lospoliticosveracruz.com\\\/?p=135597\"]}]},{\"@type\":\"ImageObject\",\"inLanguage\":\"es\",\"@id\":\"https:\\\/\\\/lospoliticosveracruz.com\\\/?p=135597#primaryimage\",\"url\":\"https:\\\/\\\/lospoliticosveracruz.com\\\/wp-content\\\/uploads\\\/2024\\\/06\\\/Fanny-Yepez.jpg\",\"contentUrl\":\"https:\\\/\\\/lospoliticosveracruz.com\\\/wp-content\\\/uploads\\\/2024\\\/06\\\/Fanny-Yepez.jpg\",\"width\":1250,\"height\":667},{\"@type\":\"BreadcrumbList\",\"@id\":\"https:\\\/\\\/lospoliticosveracruz.com\\\/?p=135597#breadcrumb\",\"itemListElement\":[{\"@type\":\"ListItem\",\"position\":1,\"name\":\"Portada\",\"item\":\"https:\\\/\\\/lospoliticosveracruz.com\\\/\"},{\"@type\":\"ListItem\",\"position\":2,\"name\":\"ROSALDO, EL MENTIROSO!\"}]},{\"@type\":\"WebSite\",\"@id\":\"https:\\\/\\\/lospoliticosveracruz.com\\\/#website\",\"url\":\"https:\\\/\\\/lospoliticosveracruz.com\\\/\",\"name\":\"Los pol\u00edticos Veracruz\",\"description\":\"\",\"publisher\":{\"@id\":\"https:\\\/\\\/lospoliticosveracruz.com\\\/#organization\"},\"potentialAction\":[{\"@type\":\"SearchAction\",\"target\":{\"@type\":\"EntryPoint\",\"urlTemplate\":\"https:\\\/\\\/lospoliticosveracruz.com\\\/?s={search_term_string}\"},\"query-input\":{\"@type\":\"PropertyValueSpecification\",\"valueRequired\":true,\"valueName\":\"search_term_string\"}}],\"inLanguage\":\"es\"},{\"@type\":\"Organization\",\"@id\":\"https:\\\/\\\/lospoliticosveracruz.com\\\/#organization\",\"name\":\"Los pol\u00edticos Veracruz\",\"url\":\"https:\\\/\\\/lospoliticosveracruz.com\\\/\",\"logo\":{\"@type\":\"ImageObject\",\"inLanguage\":\"es\",\"@id\":\"https:\\\/\\\/lospoliticosveracruz.com\\\/#\\\/schema\\\/logo\\\/image\\\/\",\"url\":\"https:\\\/\\\/lospoliticosveracruz.com\\\/wp-content\\\/uploads\\\/2025\\\/12\\\/Logo-Nuevo-LOS-POLITICOS-1.jpg\",\"contentUrl\":\"https:\\\/\\\/lospoliticosveracruz.com\\\/wp-content\\\/uploads\\\/2025\\\/12\\\/Logo-Nuevo-LOS-POLITICOS-1.jpg\",\"width\":260,\"height\":70,\"caption\":\"Los pol\u00edticos Veracruz\"},\"image\":{\"@id\":\"https:\\\/\\\/lospoliticosveracruz.com\\\/#\\\/schema\\\/logo\\\/image\\\/\"},\"sameAs\":[\"https:\\\/\\\/www.facebook.com\\\/people\\\/Notimemes-de-los-Polticos\\\/61565672886568\\\/\",\"https:\\\/\\\/x.com\\\/LosPoliticosVer\"]},{\"@type\":\"Person\",\"@id\":\"https:\\\/\\\/lospoliticosveracruz.com\\\/#\\\/schema\\\/person\\\/b8702bb0e538456e6efd07080bf2a4a2\",\"name\":\"Lo viste en Los Pol\u00edticos\",\"image\":{\"@type\":\"ImageObject\",\"inLanguage\":\"es\",\"@id\":\"https:\\\/\\\/secure.gravatar.com\\\/avatar\\\/3a8de04a2656d44082be478bd6c086daa447c4651605818287b9532d3d0bd435?s=96&d=mm&r=g\",\"url\":\"https:\\\/\\\/secure.gravatar.com\\\/avatar\\\/3a8de04a2656d44082be478bd6c086daa447c4651605818287b9532d3d0bd435?s=96&d=mm&r=g\",\"contentUrl\":\"https:\\\/\\\/secure.gravatar.com\\\/avatar\\\/3a8de04a2656d44082be478bd6c086daa447c4651605818287b9532d3d0bd435?s=96&d=mm&r=g\",\"caption\":\"Lo viste en Los Pol\u00edticos\"},\"url\":\"https:\\\/\\\/lospoliticosveracruz.com\\\/?author=2\"}]}<\/script>\n<!-- \/ Yoast SEO plugin. -->","yoast_head_json":{"title":"ROSALDO, EL MENTIROSO! - Los pol\u00edticos Veracruz","robots":{"index":"index","follow":"follow","max-snippet":"max-snippet:-1","max-image-preview":"max-image-preview:large","max-video-preview":"max-video-preview:-1"},"canonical":"https:\/\/lospoliticosveracruz.com\/?p=135597","og_locale":"es_ES","og_type":"article","og_title":"ROSALDO, EL MENTIROSO! - Los pol\u00edticos Veracruz","og_description":"[S\u00edguenos ahora tambi\u00e9n en WhatsApp.\u00a0Da clic aqu\u00ed]\u00a0Fanny Y\u00e9pezLa Columna Con el desmentido que publico en redes sociales Roy Campos, quedo exhibido como mentiroso el aspirante a candidato a presidente municipal por Coatzacoalcos, Pedro Miguel Rosaldo Garc\u00eda.Este mismo lunes la empresa encuestadora Consulta Mitofsky desminti\u00f3 el haber realizado una encuesta en la ciudad sure\u00f1a de Coatzacoalcos, [&hellip;]","og_url":"https:\/\/lospoliticosveracruz.com\/?p=135597","og_site_name":"Los pol\u00edticos Veracruz","article_publisher":"https:\/\/www.facebook.com\/people\/Notimemes-de-los-Polticos\/61565672886568\/","article_published_time":"2025-01-14T13:32:17+00:00","article_modified_time":"2025-01-14T13:32:39+00:00","og_image":[{"width":1250,"height":667,"url":"https:\/\/lospoliticosveracruz.com\/wp-content\/uploads\/2024\/06\/Fanny-Yepez.jpg","type":"image\/jpeg"}],"author":"Lo viste en Los Pol\u00edticos","twitter_card":"summary_large_image","twitter_creator":"@LosPoliticosVer","twitter_site":"@LosPoliticosVer","twitter_misc":{"Escrito por":"Lo viste en Los Pol\u00edticos","Tiempo de lectura":"3 minutos"},"schema":{"@context":"https:\/\/schema.org","@graph":[{"@type":"Article","@id":"https:\/\/lospoliticosveracruz.com\/?p=135597#article","isPartOf":{"@id":"https:\/\/lospoliticosveracruz.com\/?p=135597"},"author":{"name":"Lo viste en Los Pol\u00edticos","@id":"https:\/\/lospoliticosveracruz.com\/#\/schema\/person\/b8702bb0e538456e6efd07080bf2a4a2"},"headline":"ROSALDO, EL MENTIROSO!","datePublished":"2025-01-14T13:32:17+00:00","dateModified":"2025-01-14T13:32:39+00:00","mainEntityOfPage":{"@id":"https:\/\/lospoliticosveracruz.com\/?p=135597"},"wordCount":678,"publisher":{"@id":"https:\/\/lospoliticosveracruz.com\/#organization"},"image":{"@id":"https:\/\/lospoliticosveracruz.com\/?p=135597#primaryimage"},"thumbnailUrl":"https:\/\/lospoliticosveracruz.com\/wp-content\/uploads\/2024\/06\/Fanny-Yepez.jpg","keywords":["Coatzacoalcos","Mitofsky","Morena","Pedro Miguel Rosaldo","Roc\u00edo Nahle","Roy Campos","Veracruz"],"articleSection":["De Opini\u00f3n"],"inLanguage":"es"},{"@type":"WebPage","@id":"https:\/\/lospoliticosveracruz.com\/?p=135597","url":"https:\/\/lospoliticosveracruz.com\/?p=135597","name":"ROSALDO, EL MENTIROSO! - Los pol\u00edticos Veracruz","isPartOf":{"@id":"https:\/\/lospoliticosveracruz.com\/#website"},"primaryImageOfPage":{"@id":"https:\/\/lospoliticosveracruz.com\/?p=135597#primaryimage"},"image":{"@id":"https:\/\/lospoliticosveracruz.com\/?p=135597#primaryimage"},"thumbnailUrl":"https:\/\/lospoliticosveracruz.com\/wp-content\/uploads\/2024\/06\/Fanny-Yepez.jpg","datePublished":"2025-01-14T13:32:17+00:00","dateModified":"2025-01-14T13:32:39+00:00","breadcrumb":{"@id":"https:\/\/lospoliticosveracruz.com\/?p=135597#breadcrumb"},"inLanguage":"es","potentialAction":[{"@type":"ReadAction","target":["https:\/\/lospoliticosveracruz.com\/?p=135597"]}]},{"@type":"ImageObject","inLanguage":"es","@id":"https:\/\/lospoliticosveracruz.com\/?p=135597#primaryimage","url":"https:\/\/lospoliticosveracruz.com\/wp-content\/uploads\/2024\/06\/Fanny-Yepez.jpg","contentUrl":"https:\/\/lospoliticosveracruz.com\/wp-content\/uploads\/2024\/06\/Fanny-Yepez.jpg","width":1250,"height":667},{"@type":"BreadcrumbList","@id":"https:\/\/lospoliticosveracruz.com\/?p=135597#breadcrumb","itemListElement":[{"@type":"ListItem","position":1,"name":"Portada","item":"https:\/\/lospoliticosveracruz.com\/"},{"@type":"ListItem","position":2,"name":"ROSALDO, EL MENTIROSO!"}]},{"@type":"WebSite","@id":"https:\/\/lospoliticosveracruz.com\/#website","url":"https:\/\/lospoliticosveracruz.com\/","name":"Los pol\u00edticos Veracruz","description":"","publisher":{"@id":"https:\/\/lospoliticosveracruz.com\/#organization"},"potentialAction":[{"@type":"SearchAction","target":{"@type":"EntryPoint","urlTemplate":"https:\/\/lospoliticosveracruz.com\/?s={search_term_string}"},"query-input":{"@type":"PropertyValueSpecification","valueRequired":true,"valueName":"search_term_string"}}],"inLanguage":"es"},{"@type":"Organization","@id":"https:\/\/lospoliticosveracruz.com\/#organization","name":"Los pol\u00edticos Veracruz","url":"https:\/\/lospoliticosveracruz.com\/","logo":{"@type":"ImageObject","inLanguage":"es","@id":"https:\/\/lospoliticosveracruz.com\/#\/schema\/logo\/image\/","url":"https:\/\/lospoliticosveracruz.com\/wp-content\/uploads\/2025\/12\/Logo-Nuevo-LOS-POLITICOS-1.jpg","contentUrl":"https:\/\/lospoliticosveracruz.com\/wp-content\/uploads\/2025\/12\/Logo-Nuevo-LOS-POLITICOS-1.jpg","width":260,"height":70,"caption":"Los pol\u00edticos Veracruz"},"image":{"@id":"https:\/\/lospoliticosveracruz.com\/#\/schema\/logo\/image\/"},"sameAs":["https:\/\/www.facebook.com\/people\/Notimemes-de-los-Polticos\/61565672886568\/","https:\/\/x.com\/LosPoliticosVer"]},{"@type":"Person","@id":"https:\/\/lospoliticosveracruz.com\/#\/schema\/person\/b8702bb0e538456e6efd07080bf2a4a2","name":"Lo viste en Los Pol\u00edticos","image":{"@type":"ImageObject","inLanguage":"es","@id":"https:\/\/secure.gravatar.com\/avatar\/3a8de04a2656d44082be478bd6c086daa447c4651605818287b9532d3d0bd435?s=96&d=mm&r=g","url":"https:\/\/secure.gravatar.com\/avatar\/3a8de04a2656d44082be478bd6c086daa447c4651605818287b9532d3d0bd435?s=96&d=mm&r=g","contentUrl":"https:\/\/secure.gravatar.com\/avatar\/3a8de04a2656d44082be478bd6c086daa447c4651605818287b9532d3d0bd435?s=96&d=mm&r=g","caption":"Lo viste en Los Pol\u00edticos"},"url":"https:\/\/lospoliticosveracruz.com\/?author=2"}]}},"_links":{"self":[{"href":"https:\/\/lospoliticosveracruz.com\/index.php?rest_route=\/wp\/v2\/posts\/135597","targetHints":{"allow":["GET"]}}],"collection":[{"href":"https:\/\/lospoliticosveracruz.com\/index.php?rest_route=\/wp\/v2\/posts"}],"about":[{"href":"https:\/\/lospoliticosveracruz.com\/index.php?rest_route=\/wp\/v2\/types\/post"}],"author":[{"embeddable":true,"href":"https:\/\/lospoliticosveracruz.com\/index.php?rest_route=\/wp\/v2\/users\/2"}],"replies":[{"embeddable":true,"href":"https:\/\/lospoliticosveracruz.com\/index.php?rest_route=%2Fwp%2Fv2%2Fcomments&post=135597"}],"version-history":[{"count":1,"href":"https:\/\/lospoliticosveracruz.com\/index.php?rest_route=\/wp\/v2\/posts\/135597\/revisions"}],"predecessor-version":[{"id":135598,"href":"https:\/\/lospoliticosveracruz.com\/index.php?rest_route=\/wp\/v2\/posts\/135597\/revisions\/135598"}],"wp:featuredmedia":[{"embeddable":true,"href":"https:\/\/lospoliticosveracruz.com\/index.php?rest_route=\/wp\/v2\/media\/126076"}],"wp:attachment":[{"href":"https:\/\/lospoliticosveracruz.com\/index.php?rest_route=%2Fwp%2Fv2%2Fmedia&parent=135597"}],"wp:term":[{"taxonomy":"category","embeddable":true,"href":"https:\/\/lospoliticosveracruz.com\/index.php?rest_route=%2Fwp%2Fv2%2Fcategories&post=135597"},{"taxonomy":"post_tag","embeddable":true,"href":"https:\/\/lospoliticosveracruz.com\/index.php?rest_route=%2Fwp%2Fv2%2Ftags&post=135597"}],"curies":[{"name":"wp","href":"https:\/\/api.w.org\/{rel}","templated":true}]}}