{"id":13562,"date":"2014-11-19T06:37:21","date_gmt":"2014-11-19T12:37:21","guid":{"rendered":"http:\/\/www.lospoliticosveracruz.com.mx\/?p=13562"},"modified":"2014-11-19T06:37:21","modified_gmt":"2014-11-19T12:37:21","slug":"la-deuda-impagable","status":"publish","type":"post","link":"https:\/\/lospoliticosveracruz.com\/?p=13562","title":{"rendered":"La deuda impagable"},"content":{"rendered":"<p><a href=\"http:\/\/www.lospoliticosveracruz.com.mx\/wp-content\/uploads\/2014\/11\/Mauricio-Audirac.jpg\"><img loading=\"lazy\" decoding=\"async\" class=\"alignnone size-medium wp-image-13564\" src=\"http:\/\/www.lospoliticosveracruz.com.mx\/wp-content\/uploads\/2014\/11\/Mauricio-Audirac-300x226.jpg\" alt=\"Mauricio-Audirac\" width=\"300\" height=\"226\" \/><\/a><\/p>\n<p><strong>\u00c1lvaro Belin Andrade<\/strong><\/p>\n<p><em>Hora Libre<\/em><\/p>\n<p>&nbsp;<\/p>\n<p>Al paso que vamos, si la meta fuera reducir a cero la deuda acumulada del Gobierno de Veracruz, y en el \u00ednter no se solicitara cr\u00e9dito alguno, ver\u00edamos caras alegres dentro de m\u00e1s de 35 a\u00f1os, es decir, por ah\u00ed de 2050, si nos atenemos a la informaci\u00f3n proporcionada este martes por el titular de la Secretar\u00eda de Finanzas y Planeaci\u00f3n, Mauricio Audirac Murillo, ante la Comisi\u00f3n de Hacienda del Estado del Congreso local.<\/p>\n<p>Ya en julio pasado nos mareaba la danza de las cifras, porque mientras el mismo funcionario aseguraba que la deuda p\u00fablica de Veracruz hab\u00eda disminuido a 38 mil 172.3 millones de pesos, y se\u00f1alaba que Hacienda pondr\u00eda esa cifra en su informe a junio, lo cierto es que la dependencia federal puso a Veracruz como la cuarta entidad m\u00e1s endeudada, con un monto de 40 mil 767.4 millones.<br \/>\nY esta diferencia de m\u00e1s de 2 mil 600 millones de pesos era verdaderamente perturbadora, si bien conclu\u00edamos que podr\u00eda deberse a la suma de la deuda contra\u00edda por los ayuntamientos veracruzanos, que se sumaban a la de la entidad, aunque no necesariamente a la de su gobierno estatal.<br \/>\nEl titular de la Sefiplan dijo ante los diputados, durante su comparecencia por la glosa del IV Informe de Gobierno, que en 2013 la deuda p\u00fablica gubernamental, esa que nos tiene con la inversi\u00f3n p\u00fablica por los suelos y con bajos \u00edndices de crecimiento, sumaba 38 mil 654 millones de pesos y que, por el contrario, al 31 de septiembre de 2014, se hab\u00eda reducido para quedar en 37 mil 823 millones de pesos, es decir, una disminuci\u00f3n de apenas 831 millones, la mayor\u00eda de ellos amortizados durante los meses de marzo a septiembre.<br \/>\n\u00bfQu\u00e9 significa tal reducci\u00f3n para efectos de una mayor capacidad de inversi\u00f3n o para lograr mejores calificaciones crediticias? Realmente muy poco, casi nada, si consideramos que esos esfuerzos por disminuir el servicio de la enorme deuda legada por el exgobernador Fidel Herrera Beltr\u00e1n han obligado al gobierno estatal a acumular pasivos (no deudas, seg\u00fan la eufem\u00edstica terminolog\u00eda de los contadores) por mil 500 millones de pesos con constructoras y proveedores, que han asfixiado a la iniciativa privada local y han disminuido la generaci\u00f3n de empleos, am\u00e9n de depender en el futuro de empresas provenientes de otros estados.<br \/>\nY decimos que ha sido la herencia maldita de Fidel Herrera (sin quitar el dedo se\u00f1alando tambi\u00e9n a Miguel Alem\u00e1n) porque mientras Patricio Chirinos dej\u00f3 en caja 2 mil 800 millones de pesos, con deuda en cero por supuesto, el pillo de Miguel Alem\u00e1n Velasco nos dej\u00f3 embarcados con una deuda superior a los 3 mil 500 millones de pesos, por primera vez en la historia de nuestra entidad.<br \/>\nPero Fidel Herrera fue el m\u00e1ximo villano porque, mientras Veracruz retrocedi\u00f3 en desarrollo e hizo aumentar su rezago de obra p\u00fablica, al mismo tiempo hizo crecer desorbitadamente la deuda gubernamental, tanto la del gobierno estatal como la de los ayuntamientos, y hay voces autorizadas como la del actual diputado local priista Ricardo Ahued Bardahuil, exalcalde de Xalapa, quien ha afirmado que la deuda legada fue superior a 87 mil millones de pesos.<\/p>\n<p>La danza de los millones<\/p>\n<p>Apenas a mediados de agosto Audirac declaraba que, al 31 de marzo de 2014, la deuda ascend\u00eda a 38 mil 500.5 millones de pesos (25 mil 859.7 mdp de deuda p\u00fablica directa a largo plazo contratada con la banca comercial; 7 mil 733.3 mdp proveniente de la emisi\u00f3n burs\u00e1til del Impuesto Sobre Tenencia y Uso de Veh\u00edculos registrada en 2006, y 4 mil 907.5 mdp por concepto de la bursatilizaci\u00f3n efectuada en 2012).<br \/>\nDicha cifra, sin embargo, habr\u00eda descendido para el mes de junio pasado a 38 mil 172.3 millones (una reducci\u00f3n de 328.2 mdp respecto al trimestre anterior) y el funcionario dijo que al 31 de septiembre hab\u00eda bajado a 37 mil 823 millones. En junio, seg\u00fan la SHCP, la deuda de estados y municipios lleg\u00f3 a un saldo m\u00e1ximo de 489 mil 643.4 millones de pesos, del cual el Distrito Federal, Nuevo Le\u00f3n, Chihuahua, Veracruz y Estado de M\u00e9xico concentraban casi 50 por ciento.<br \/>\nEste martes, Audirac sali\u00f3 ante los diputados con la eterna cara optimista que ha mostrado el actual gobierno estatal cuando se refiere a la deuda; resalt\u00f3 que la positiva calidad crediticia del estado tiene como principal consideraci\u00f3n la evoluci\u00f3n en la amortizaci\u00f3n por el pago de la deuda p\u00fablica, que ha sido constante y favorable en cuanto a la disminuci\u00f3n de su saldo.<br \/>\nNo se entiende, por otro lado, por qu\u00e9 si los ingresos totales del gobierno registraron un incremento de 5.8 por ciento en el a\u00f1o reciente, pese al ajuste del PIB nacional para 2014 de 3.9 a 2.7 por ciento, Veracruz no avanza y en cambio retrocede, como se\u00f1alan las cifras del INEGI para los dos primeros trimestres de 2014.<br \/>\nEn efecto, los ingresos pasaron de 98.16 mmdp a 103.84 mmdp, y sin embargo, seguimos como peces arriba de la embarcaci\u00f3n, boqueando y a punto de la asfixia financiera. La sonrisa de Audirac, sin embargo, no se desdibuja de su rostro y lanza una perorata que muchos diputados se tragaron:<br \/>\n\u201cLa calidad y eficiencia del gasto p\u00fablico en Veracruz mejor\u00f3 no s\u00f3lo por la aplicaci\u00f3n de medidas de racionalidad, austeridad y disciplina presupuestal, sino tambi\u00e9n por las mejoras en el proceso de planeaci\u00f3n, programaci\u00f3n y presupuestaci\u00f3n, la modernizaci\u00f3n del sistema integral de informaci\u00f3n para la planeaci\u00f3n, la instauraci\u00f3n integral del presupuesto basado en resultados y el sistema de evaluaci\u00f3n del desempe\u00f1o, de cuyos lineamientos result\u00f3 la operaci\u00f3n de 60 programas presupuestarios que reportaron avances en el sistema de indicadores de evaluaci\u00f3n del desempe\u00f1o\u201d.<br \/>\nYa pronto veremos qu\u00e9 responde la Secretar\u00eda de Hacienda, porque Audirac sigue en su discurso de que los retrasos en obras con participaci\u00f3n federal y la entrega de recursos a algunas \u00e1reas se realizan con retraso debido a que la Federaci\u00f3n env\u00eda las ministraciones tarde. La vez pasada el propio Luis Videgaray le respondi\u00f3 en Veracruz que no se hiciera bolas ni tratara de enga\u00f1ar a los paisanos, porque las participaciones federales no solo se entregaban a tiempo sino con incrementos.<\/p>\n<p>Lorena Pi\u00f1\u00f3n se prepara para dar la batalla<\/p>\n<p>Ivonne Ortega, secretaria general del Comit\u00e9 Ejecutivo Nacional del PRI, recibi\u00f3 a un selecto grupo de l\u00edderes j\u00f3venes de todo el pa\u00eds para brindarles una capacitaci\u00f3n en materia pol\u00edtico electoral en virtud del pr\u00f3ximo proceso de elecciones. Ante ellos, la exgobernadora de Yucat\u00e1n les dijo que en 2015 los j\u00f3venes y las mujeres ser\u00e1n pilar fundamental del PRI, no solo por las cuotas de 30% y 50% para j\u00f3venes y mujeres, respectivamente, sino por la importancia\u00a0 que representan para el revolucionario institucional.<br \/>\nEntre los miembros de este grupo que se re\u00fanen constantemente desde hace dos a\u00f1os para discutir los temas de trascendencia en la agenda nacional, estuvieron el diputado local Jos\u00e9 Haro, coordinador de la bancada priista de Zacatecas, el tambi\u00e9n diputado local de Aguascalientes Eduardo Rocha; Roberto Ram\u00edrez, dirigente juvenil en Colima, el regidor Cesar Ruvalcaba de Guadalajara, el s\u00edndico Gerardo Aldaco de San Luis Potos\u00ed; Vida G\u00f3mez, directora nacional de derechohabientes del ISSSTE; Cristopher James Barousse, l\u00edder de la Red de J\u00f3venesXM\u00e9xico, y Lorena Pi\u00f1\u00f3n Rivera, secretaria general adjunta del PRI en Veracruz.<br \/>\nEn su intervenci\u00f3n, la veracruzana manifest\u00f3 que en el estado se cuenta con un gran respaldo del primer priista Javier Duarte de Ochoa, gracias a quien han emprendido acciones para beneficio de la juventud como la creaci\u00f3n de la subsecretar\u00eda de juventud y el fortalecimiento de programas de becas, proyectos productivos y de desarrollo profesional que motivan a los j\u00f3venes a salir adelante, reconoci\u00f3 tambi\u00e9n la labor de Duarte de Ochoa por el impulso a las mujeres, lo que demuestra el hecho de que el PRI estatal sea comandado por una mujer joven y de gran trayectoria como Elizabeth Morales Garc\u00eda.<\/p>\n<p>Comentarios: belin.alvaro@gmail.com |\u00a0 http:\/\/formato7.com\/author\/abelin\/ | Twitter: @HoraLibre<\/p>\n<p>&#8212;<br \/>\n\u00c1lvaro Belin Andrade<br \/>\nSubdirector<br \/>\nFormato Siete<br \/>\nhttp:\/\/formato7.com\/author\/abelin\/<\/p>\n","protected":false},"excerpt":{"rendered":"<p>\u00c1lvaro Belin Andrade Hora Libre &nbsp; Al paso que vamos, si la meta fuera reducir a cero la deuda acumulada del Gobierno de Veracruz, y en el \u00ednter no se solicitara cr\u00e9dito alguno, ver\u00edamos caras alegres dentro de m\u00e1s de 35 a\u00f1os, es decir, por ah\u00ed de 2050, si nos atenemos a la informaci\u00f3n proporcionada [&hellip;]<\/p>\n","protected":false},"author":2,"featured_media":0,"comment_status":"open","ping_status":"open","sticky":false,"template":"","format":"standard","meta":{"tdm_status":"","tdm_grid_status":"","footnotes":""},"categories":[70],"tags":[595,894,640],"class_list":{"0":"post-13562","1":"post","2":"type-post","3":"status-publish","4":"format-standard","6":"category-de-opinion","7":"tag-deuda","8":"tag-mauricio-audirac","9":"tag-sefiplan"},"yoast_head":"<!-- This site is optimized with the Yoast SEO plugin v27.4 - https:\/\/yoast.com\/product\/yoast-seo-wordpress\/ -->\n<title>La deuda impagable - Los pol\u00edticos Veracruz<\/title>\n<meta name=\"robots\" content=\"index, follow, max-snippet:-1, max-image-preview:large, max-video-preview:-1\" \/>\n<link rel=\"canonical\" href=\"https:\/\/lospoliticosveracruz.com\/?p=13562\" \/>\n<meta property=\"og:locale\" content=\"es_ES\" \/>\n<meta property=\"og:type\" content=\"article\" \/>\n<meta property=\"og:title\" content=\"La deuda impagable - Los pol\u00edticos Veracruz\" \/>\n<meta property=\"og:description\" content=\"\u00c1lvaro Belin Andrade Hora Libre &nbsp; Al paso que vamos, si la meta fuera reducir a cero la deuda acumulada del Gobierno de Veracruz, y en el \u00ednter no se solicitara cr\u00e9dito alguno, ver\u00edamos caras alegres dentro de m\u00e1s de 35 a\u00f1os, es decir, por ah\u00ed de 2050, si nos atenemos a la informaci\u00f3n proporcionada [&hellip;]\" \/>\n<meta property=\"og:url\" content=\"https:\/\/lospoliticosveracruz.com\/?p=13562\" \/>\n<meta property=\"og:site_name\" content=\"Los pol\u00edticos Veracruz\" \/>\n<meta property=\"article:publisher\" content=\"https:\/\/www.facebook.com\/people\/Notimemes-de-los-Polticos\/61565672886568\/\" \/>\n<meta property=\"article:published_time\" content=\"2014-11-19T12:37:21+00:00\" \/>\n<meta property=\"og:image\" content=\"http:\/\/www.lospoliticosveracruz.com.mx\/wp-content\/uploads\/2014\/11\/Mauricio-Audirac-300x226.jpg\" \/>\n<meta name=\"author\" content=\"Lo viste en Los Pol\u00edticos\" \/>\n<meta name=\"twitter:card\" content=\"summary_large_image\" \/>\n<meta name=\"twitter:creator\" content=\"@LosPoliticosVer\" \/>\n<meta name=\"twitter:site\" content=\"@LosPoliticosVer\" \/>\n<meta name=\"twitter:label1\" content=\"Escrito por\" \/>\n\t<meta name=\"twitter:data1\" content=\"Lo viste en Los Pol\u00edticos\" \/>\n\t<meta name=\"twitter:label2\" content=\"Tiempo de lectura\" \/>\n\t<meta name=\"twitter:data2\" content=\"7 minutos\" \/>\n<script type=\"application\/ld+json\" class=\"yoast-schema-graph\">{\"@context\":\"https:\\\/\\\/schema.org\",\"@graph\":[{\"@type\":\"Article\",\"@id\":\"https:\\\/\\\/lospoliticosveracruz.com\\\/?p=13562#article\",\"isPartOf\":{\"@id\":\"https:\\\/\\\/lospoliticosveracruz.com\\\/?p=13562\"},\"author\":{\"name\":\"Lo viste en Los Pol\u00edticos\",\"@id\":\"https:\\\/\\\/lospoliticosveracruz.com\\\/#\\\/schema\\\/person\\\/b8702bb0e538456e6efd07080bf2a4a2\"},\"headline\":\"La deuda impagable\",\"datePublished\":\"2014-11-19T12:37:21+00:00\",\"mainEntityOfPage\":{\"@id\":\"https:\\\/\\\/lospoliticosveracruz.com\\\/?p=13562\"},\"wordCount\":1389,\"commentCount\":0,\"publisher\":{\"@id\":\"https:\\\/\\\/lospoliticosveracruz.com\\\/#organization\"},\"image\":{\"@id\":\"https:\\\/\\\/lospoliticosveracruz.com\\\/?p=13562#primaryimage\"},\"thumbnailUrl\":\"http:\\\/\\\/www.lospoliticosveracruz.com.mx\\\/wp-content\\\/uploads\\\/2014\\\/11\\\/Mauricio-Audirac-300x226.jpg\",\"keywords\":[\"deuda\",\"Mauricio Audirac\",\"Sefiplan\"],\"articleSection\":[\"De Opini\u00f3n\"],\"inLanguage\":\"es\",\"potentialAction\":[{\"@type\":\"CommentAction\",\"name\":\"Comment\",\"target\":[\"https:\\\/\\\/lospoliticosveracruz.com\\\/?p=13562#respond\"]}]},{\"@type\":\"WebPage\",\"@id\":\"https:\\\/\\\/lospoliticosveracruz.com\\\/?p=13562\",\"url\":\"https:\\\/\\\/lospoliticosveracruz.com\\\/?p=13562\",\"name\":\"La deuda impagable - Los pol\u00edticos Veracruz\",\"isPartOf\":{\"@id\":\"https:\\\/\\\/lospoliticosveracruz.com\\\/#website\"},\"primaryImageOfPage\":{\"@id\":\"https:\\\/\\\/lospoliticosveracruz.com\\\/?p=13562#primaryimage\"},\"image\":{\"@id\":\"https:\\\/\\\/lospoliticosveracruz.com\\\/?p=13562#primaryimage\"},\"thumbnailUrl\":\"http:\\\/\\\/www.lospoliticosveracruz.com.mx\\\/wp-content\\\/uploads\\\/2014\\\/11\\\/Mauricio-Audirac-300x226.jpg\",\"datePublished\":\"2014-11-19T12:37:21+00:00\",\"breadcrumb\":{\"@id\":\"https:\\\/\\\/lospoliticosveracruz.com\\\/?p=13562#breadcrumb\"},\"inLanguage\":\"es\",\"potentialAction\":[{\"@type\":\"ReadAction\",\"target\":[\"https:\\\/\\\/lospoliticosveracruz.com\\\/?p=13562\"]}]},{\"@type\":\"ImageObject\",\"inLanguage\":\"es\",\"@id\":\"https:\\\/\\\/lospoliticosveracruz.com\\\/?p=13562#primaryimage\",\"url\":\"http:\\\/\\\/www.lospoliticosveracruz.com.mx\\\/wp-content\\\/uploads\\\/2014\\\/11\\\/Mauricio-Audirac-300x226.jpg\",\"contentUrl\":\"http:\\\/\\\/www.lospoliticosveracruz.com.mx\\\/wp-content\\\/uploads\\\/2014\\\/11\\\/Mauricio-Audirac-300x226.jpg\"},{\"@type\":\"BreadcrumbList\",\"@id\":\"https:\\\/\\\/lospoliticosveracruz.com\\\/?p=13562#breadcrumb\",\"itemListElement\":[{\"@type\":\"ListItem\",\"position\":1,\"name\":\"Portada\",\"item\":\"https:\\\/\\\/lospoliticosveracruz.com\\\/\"},{\"@type\":\"ListItem\",\"position\":2,\"name\":\"La deuda impagable\"}]},{\"@type\":\"WebSite\",\"@id\":\"https:\\\/\\\/lospoliticosveracruz.com\\\/#website\",\"url\":\"https:\\\/\\\/lospoliticosveracruz.com\\\/\",\"name\":\"Los pol\u00edticos Veracruz\",\"description\":\"\",\"publisher\":{\"@id\":\"https:\\\/\\\/lospoliticosveracruz.com\\\/#organization\"},\"potentialAction\":[{\"@type\":\"SearchAction\",\"target\":{\"@type\":\"EntryPoint\",\"urlTemplate\":\"https:\\\/\\\/lospoliticosveracruz.com\\\/?s={search_term_string}\"},\"query-input\":{\"@type\":\"PropertyValueSpecification\",\"valueRequired\":true,\"valueName\":\"search_term_string\"}}],\"inLanguage\":\"es\"},{\"@type\":\"Organization\",\"@id\":\"https:\\\/\\\/lospoliticosveracruz.com\\\/#organization\",\"name\":\"Los pol\u00edticos Veracruz\",\"url\":\"https:\\\/\\\/lospoliticosveracruz.com\\\/\",\"logo\":{\"@type\":\"ImageObject\",\"inLanguage\":\"es\",\"@id\":\"https:\\\/\\\/lospoliticosveracruz.com\\\/#\\\/schema\\\/logo\\\/image\\\/\",\"url\":\"https:\\\/\\\/lospoliticosveracruz.com\\\/wp-content\\\/uploads\\\/2025\\\/12\\\/Logo-Nuevo-LOS-POLITICOS-1.jpg\",\"contentUrl\":\"https:\\\/\\\/lospoliticosveracruz.com\\\/wp-content\\\/uploads\\\/2025\\\/12\\\/Logo-Nuevo-LOS-POLITICOS-1.jpg\",\"width\":260,\"height\":70,\"caption\":\"Los pol\u00edticos Veracruz\"},\"image\":{\"@id\":\"https:\\\/\\\/lospoliticosveracruz.com\\\/#\\\/schema\\\/logo\\\/image\\\/\"},\"sameAs\":[\"https:\\\/\\\/www.facebook.com\\\/people\\\/Notimemes-de-los-Polticos\\\/61565672886568\\\/\",\"https:\\\/\\\/x.com\\\/LosPoliticosVer\"]},{\"@type\":\"Person\",\"@id\":\"https:\\\/\\\/lospoliticosveracruz.com\\\/#\\\/schema\\\/person\\\/b8702bb0e538456e6efd07080bf2a4a2\",\"name\":\"Lo viste en Los Pol\u00edticos\",\"image\":{\"@type\":\"ImageObject\",\"inLanguage\":\"es\",\"@id\":\"https:\\\/\\\/secure.gravatar.com\\\/avatar\\\/3a8de04a2656d44082be478bd6c086daa447c4651605818287b9532d3d0bd435?s=96&d=mm&r=g\",\"url\":\"https:\\\/\\\/secure.gravatar.com\\\/avatar\\\/3a8de04a2656d44082be478bd6c086daa447c4651605818287b9532d3d0bd435?s=96&d=mm&r=g\",\"contentUrl\":\"https:\\\/\\\/secure.gravatar.com\\\/avatar\\\/3a8de04a2656d44082be478bd6c086daa447c4651605818287b9532d3d0bd435?s=96&d=mm&r=g\",\"caption\":\"Lo viste en Los Pol\u00edticos\"},\"url\":\"https:\\\/\\\/lospoliticosveracruz.com\\\/?author=2\"}]}<\/script>\n<!-- \/ Yoast SEO plugin. -->","yoast_head_json":{"title":"La deuda impagable - Los pol\u00edticos Veracruz","robots":{"index":"index","follow":"follow","max-snippet":"max-snippet:-1","max-image-preview":"max-image-preview:large","max-video-preview":"max-video-preview:-1"},"canonical":"https:\/\/lospoliticosveracruz.com\/?p=13562","og_locale":"es_ES","og_type":"article","og_title":"La deuda impagable - Los pol\u00edticos Veracruz","og_description":"\u00c1lvaro Belin Andrade Hora Libre &nbsp; Al paso que vamos, si la meta fuera reducir a cero la deuda acumulada del Gobierno de Veracruz, y en el \u00ednter no se solicitara cr\u00e9dito alguno, ver\u00edamos caras alegres dentro de m\u00e1s de 35 a\u00f1os, es decir, por ah\u00ed de 2050, si nos atenemos a la informaci\u00f3n proporcionada [&hellip;]","og_url":"https:\/\/lospoliticosveracruz.com\/?p=13562","og_site_name":"Los pol\u00edticos Veracruz","article_publisher":"https:\/\/www.facebook.com\/people\/Notimemes-de-los-Polticos\/61565672886568\/","article_published_time":"2014-11-19T12:37:21+00:00","og_image":[{"url":"http:\/\/www.lospoliticosveracruz.com.mx\/wp-content\/uploads\/2014\/11\/Mauricio-Audirac-300x226.jpg","type":"","width":"","height":""}],"author":"Lo viste en Los Pol\u00edticos","twitter_card":"summary_large_image","twitter_creator":"@LosPoliticosVer","twitter_site":"@LosPoliticosVer","twitter_misc":{"Escrito por":"Lo viste en Los Pol\u00edticos","Tiempo de lectura":"7 minutos"},"schema":{"@context":"https:\/\/schema.org","@graph":[{"@type":"Article","@id":"https:\/\/lospoliticosveracruz.com\/?p=13562#article","isPartOf":{"@id":"https:\/\/lospoliticosveracruz.com\/?p=13562"},"author":{"name":"Lo viste en Los Pol\u00edticos","@id":"https:\/\/lospoliticosveracruz.com\/#\/schema\/person\/b8702bb0e538456e6efd07080bf2a4a2"},"headline":"La deuda impagable","datePublished":"2014-11-19T12:37:21+00:00","mainEntityOfPage":{"@id":"https:\/\/lospoliticosveracruz.com\/?p=13562"},"wordCount":1389,"commentCount":0,"publisher":{"@id":"https:\/\/lospoliticosveracruz.com\/#organization"},"image":{"@id":"https:\/\/lospoliticosveracruz.com\/?p=13562#primaryimage"},"thumbnailUrl":"http:\/\/www.lospoliticosveracruz.com.mx\/wp-content\/uploads\/2014\/11\/Mauricio-Audirac-300x226.jpg","keywords":["deuda","Mauricio Audirac","Sefiplan"],"articleSection":["De Opini\u00f3n"],"inLanguage":"es","potentialAction":[{"@type":"CommentAction","name":"Comment","target":["https:\/\/lospoliticosveracruz.com\/?p=13562#respond"]}]},{"@type":"WebPage","@id":"https:\/\/lospoliticosveracruz.com\/?p=13562","url":"https:\/\/lospoliticosveracruz.com\/?p=13562","name":"La deuda impagable - Los pol\u00edticos Veracruz","isPartOf":{"@id":"https:\/\/lospoliticosveracruz.com\/#website"},"primaryImageOfPage":{"@id":"https:\/\/lospoliticosveracruz.com\/?p=13562#primaryimage"},"image":{"@id":"https:\/\/lospoliticosveracruz.com\/?p=13562#primaryimage"},"thumbnailUrl":"http:\/\/www.lospoliticosveracruz.com.mx\/wp-content\/uploads\/2014\/11\/Mauricio-Audirac-300x226.jpg","datePublished":"2014-11-19T12:37:21+00:00","breadcrumb":{"@id":"https:\/\/lospoliticosveracruz.com\/?p=13562#breadcrumb"},"inLanguage":"es","potentialAction":[{"@type":"ReadAction","target":["https:\/\/lospoliticosveracruz.com\/?p=13562"]}]},{"@type":"ImageObject","inLanguage":"es","@id":"https:\/\/lospoliticosveracruz.com\/?p=13562#primaryimage","url":"http:\/\/www.lospoliticosveracruz.com.mx\/wp-content\/uploads\/2014\/11\/Mauricio-Audirac-300x226.jpg","contentUrl":"http:\/\/www.lospoliticosveracruz.com.mx\/wp-content\/uploads\/2014\/11\/Mauricio-Audirac-300x226.jpg"},{"@type":"BreadcrumbList","@id":"https:\/\/lospoliticosveracruz.com\/?p=13562#breadcrumb","itemListElement":[{"@type":"ListItem","position":1,"name":"Portada","item":"https:\/\/lospoliticosveracruz.com\/"},{"@type":"ListItem","position":2,"name":"La deuda impagable"}]},{"@type":"WebSite","@id":"https:\/\/lospoliticosveracruz.com\/#website","url":"https:\/\/lospoliticosveracruz.com\/","name":"Los pol\u00edticos Veracruz","description":"","publisher":{"@id":"https:\/\/lospoliticosveracruz.com\/#organization"},"potentialAction":[{"@type":"SearchAction","target":{"@type":"EntryPoint","urlTemplate":"https:\/\/lospoliticosveracruz.com\/?s={search_term_string}"},"query-input":{"@type":"PropertyValueSpecification","valueRequired":true,"valueName":"search_term_string"}}],"inLanguage":"es"},{"@type":"Organization","@id":"https:\/\/lospoliticosveracruz.com\/#organization","name":"Los pol\u00edticos Veracruz","url":"https:\/\/lospoliticosveracruz.com\/","logo":{"@type":"ImageObject","inLanguage":"es","@id":"https:\/\/lospoliticosveracruz.com\/#\/schema\/logo\/image\/","url":"https:\/\/lospoliticosveracruz.com\/wp-content\/uploads\/2025\/12\/Logo-Nuevo-LOS-POLITICOS-1.jpg","contentUrl":"https:\/\/lospoliticosveracruz.com\/wp-content\/uploads\/2025\/12\/Logo-Nuevo-LOS-POLITICOS-1.jpg","width":260,"height":70,"caption":"Los pol\u00edticos Veracruz"},"image":{"@id":"https:\/\/lospoliticosveracruz.com\/#\/schema\/logo\/image\/"},"sameAs":["https:\/\/www.facebook.com\/people\/Notimemes-de-los-Polticos\/61565672886568\/","https:\/\/x.com\/LosPoliticosVer"]},{"@type":"Person","@id":"https:\/\/lospoliticosveracruz.com\/#\/schema\/person\/b8702bb0e538456e6efd07080bf2a4a2","name":"Lo viste en Los Pol\u00edticos","image":{"@type":"ImageObject","inLanguage":"es","@id":"https:\/\/secure.gravatar.com\/avatar\/3a8de04a2656d44082be478bd6c086daa447c4651605818287b9532d3d0bd435?s=96&d=mm&r=g","url":"https:\/\/secure.gravatar.com\/avatar\/3a8de04a2656d44082be478bd6c086daa447c4651605818287b9532d3d0bd435?s=96&d=mm&r=g","contentUrl":"https:\/\/secure.gravatar.com\/avatar\/3a8de04a2656d44082be478bd6c086daa447c4651605818287b9532d3d0bd435?s=96&d=mm&r=g","caption":"Lo viste en Los Pol\u00edticos"},"url":"https:\/\/lospoliticosveracruz.com\/?author=2"}]}},"_links":{"self":[{"href":"https:\/\/lospoliticosveracruz.com\/index.php?rest_route=\/wp\/v2\/posts\/13562","targetHints":{"allow":["GET"]}}],"collection":[{"href":"https:\/\/lospoliticosveracruz.com\/index.php?rest_route=\/wp\/v2\/posts"}],"about":[{"href":"https:\/\/lospoliticosveracruz.com\/index.php?rest_route=\/wp\/v2\/types\/post"}],"author":[{"embeddable":true,"href":"https:\/\/lospoliticosveracruz.com\/index.php?rest_route=\/wp\/v2\/users\/2"}],"replies":[{"embeddable":true,"href":"https:\/\/lospoliticosveracruz.com\/index.php?rest_route=%2Fwp%2Fv2%2Fcomments&post=13562"}],"version-history":[{"count":1,"href":"https:\/\/lospoliticosveracruz.com\/index.php?rest_route=\/wp\/v2\/posts\/13562\/revisions"}],"predecessor-version":[{"id":13565,"href":"https:\/\/lospoliticosveracruz.com\/index.php?rest_route=\/wp\/v2\/posts\/13562\/revisions\/13565"}],"wp:attachment":[{"href":"https:\/\/lospoliticosveracruz.com\/index.php?rest_route=%2Fwp%2Fv2%2Fmedia&parent=13562"}],"wp:term":[{"taxonomy":"category","embeddable":true,"href":"https:\/\/lospoliticosveracruz.com\/index.php?rest_route=%2Fwp%2Fv2%2Fcategories&post=13562"},{"taxonomy":"post_tag","embeddable":true,"href":"https:\/\/lospoliticosveracruz.com\/index.php?rest_route=%2Fwp%2Fv2%2Ftags&post=13562"}],"curies":[{"name":"wp","href":"https:\/\/api.w.org\/{rel}","templated":true}]}}