{"id":135649,"date":"2025-01-14T15:36:56","date_gmt":"2025-01-14T21:36:56","guid":{"rendered":"https:\/\/lospoliticosveracruz.com.mx\/?p=135649"},"modified":"2025-01-14T15:37:07","modified_gmt":"2025-01-14T21:37:07","slug":"gobernadora-o-miss-turismo","status":"publish","type":"post","link":"https:\/\/lospoliticosveracruz.com\/?p=135649","title":{"rendered":"GOBERNADORA O MISS TURISMO"},"content":{"rendered":"\n<p>S\u00edguenos ahora tambi\u00e9n en WhatsApp.&nbsp;<a href=\"https:\/\/whatsapp.com\/channel\/0029Va8zRWlEKyZIP3Z1dF0e\"><strong><em>Da clic aqu\u00ed<\/em><\/strong><\/a><\/p>\n\n\n\n<p><strong>Inocencio Y\u00e1\u00f1ez Vicencio<\/strong><\/p>\n\n\n\n<p>No es dif\u00edcil exhibir las contradicciones de una fuerza pol\u00edtica que miente por sistema, que llama al negro blanco y que realiza todo lo que siendo oposici\u00f3n cr\u00edtico. Es cierto, muchas cosas indebidas que realizan las y los miembros de Morena, las practicaron sus predecesores, lo que lleva a no pocos solapadores a decir que todos son iguales en un af\u00e1n de exonerarlos. No, ese no es el problema. El problema es que quienes votaron por los morenos, lo hicieron porque creyeron en sus problemas promesas de&nbsp;&nbsp;acabar con pirotecnias pol\u00edticas y simulaciones, al menos que por una chamba o una limosna est\u00e9n de acuerdo en segu\u00edr a una bola de rufianes que calificando sin pruebas a todos sus adversarios de corruptos adquieren la patente para saquear las arcas p\u00fablicas y destruir todos los l\u00edmites y mecanismos de rendici\u00f3n de cuentas.&nbsp;<\/p>\n\n\n\n<p>Hoy vemos que los mismos que antes no paraban de gritarle a los que gobernaban que con cualquier pretexto aanduvieran haciendo turismo pol\u00edtico con nuestros impuestos, desde luego, sin que les faltara raz\u00f3n, apenas acaban de entrar y ya dejan el Estado para irse a pasear a Europa con los dineros de la ciudadan\u00eda.<\/p>\n\n\n\n<p>Las relaciones entre Estado y Estado est\u00e1n reservadas a los Estados con may\u00fasculas. Son de derecho internacional. Nuestros estados como parte de una federaci\u00f3n puede tener relaciones con otros estados de tipo cultural, econ\u00f3mico, comercial, cient\u00edfico, acad\u00e9mico, educativo&#8230; en su \u00e1mbito. Las giras principescas que hace 20 o 30 a\u00f1os o m\u00e1s han realizado los gobernantes locales, han sido justamente cuestionadas porque no se ajustan a sus funciones. La tarea de promocionar nuestros productos corresponde a nuestros comerciantes, individual o colectivamente. Las ferias internacionales las organizan los editores, sean p\u00fablicos o privados.&nbsp;&nbsp;Las ferias que tienen siglos de organizarse, las arman los productores o comerciantes. Claro, se dan casos que un gobernante inversor aprovecha viajar a costa del gobierno para ver c\u00f3mo van sus negocios fuera de su pa\u00eds, pero lo correcto es que sean los productores y comerciantes los salgan a promover sus mercanc\u00edas y no el gobierno.<\/p>\n\n\n\n<p>El punto es que Roc\u00edo Nahle, m\u00e1s all\u00e1 de la opini\u00f3n de los paleros de su partido y uno que otro traidor de la oposici\u00f3n, no se le puede permitir que abandone el estado, por lo menos sin una condena, para lo cual si me hubiera gustado que se propusiera un punto de acuerdo, porque los grandes problemas de Veracruz, no parecen importarle. Hace apenas un par de&nbsp;&nbsp;d\u00edas la C\u00e1mara del Autotransporte, informa que el asalto en carretera se les dispar\u00f3 un 40 por ciento. En lo que va de su administraci\u00f3n el tramo Perote &#8211; Xalapa, ha registrado accidentes que urge ver y atacar sus causas. Los homicidios dolosos ya alarman. Morena prometi\u00f3 combatir las causas del crimen y por lo visto no lo ha hecho, o si lo ha hecho, no da en el blanco, si sabemos que hay causas primarias, secundarias, terciarias&#8230; es evidente que la de abrazos no balazos no es la adecuada. No es alterando encuestas o diciendo, como Durazo, gobernador de Sonora, que es culpa de las v\u00edctimas, como&nbsp;&nbsp;se va a encarar la delincuencia. Menos, como hace Roc\u00edo Nahle, promoviendo alcaldes que se entregaron o entregaron la plaza al crimen organizado.<\/p>\n\n\n\n<p>Para concluir. Pregunto. Usted, querido lector, cree que sea m\u00e1s importante en estos momentos salir a promover nuestros productos a Europa que atender la seguridad de sus gobernados?&nbsp;<\/p>\n\n\n\n<p>Habiendo llegado, no por voluntad popular sino por haber tomado el INE y el Tribunal Electoral Federal, y manipulado las elecciones, nada provechoso podemos esperar de Roc\u00edo Nahle, dado que su patrocinador, no la apadrin\u00f3 por capaz, que privilegia, como oportunamente lo dijo: 90 lealtad a \u00e9l y 10 por ciento capacidad, llam\u00e1ndole corcholata o lo que es lo mismo: tapadera.<\/p>\n\n\n\n<p>En verdad. Alguien creer\u00eda que una Zacatecana, va ir a Europa a promocionar Veracruz?&nbsp;&nbsp;<\/p>\n\n\n\n<p>Ya vimos que hasta en los debates tiene que leer. Seguramente en sus giras necesitar\u00e1 m\u00e1s que su sonrisa burlona&nbsp;&nbsp;o un acorde\u00f3n. No hay m\u00e1s. \u00danicamente sus carro\u00f1eros le podr\u00e1n descubrir cualidades que no tiene, por de pronto no esperemos m\u00e1s que una pretendiente a mis turismo pol\u00edtico.<\/p>\n","protected":false},"excerpt":{"rendered":"<p>S\u00edguenos ahora tambi\u00e9n en WhatsApp.&nbsp;Da clic aqu\u00ed Inocencio Y\u00e1\u00f1ez Vicencio No es dif\u00edcil exhibir las contradicciones de una fuerza pol\u00edtica que miente por sistema, que llama al negro blanco y que realiza todo lo que siendo oposici\u00f3n cr\u00edtico. Es cierto, muchas cosas indebidas que realizan las y los miembros de Morena, las practicaron sus predecesores, [&hellip;]<\/p>\n","protected":false},"author":2,"featured_media":120033,"comment_status":"closed","ping_status":"closed","sticky":false,"template":"","format":"standard","meta":{"tdm_status":"","tdm_grid_status":"","footnotes":""},"categories":[70],"tags":[],"class_list":{"0":"post-135649","1":"post","2":"type-post","3":"status-publish","4":"format-standard","5":"has-post-thumbnail","7":"category-de-opinion"},"yoast_head":"<!-- This site is optimized with the Yoast SEO plugin v27.4 - https:\/\/yoast.com\/product\/yoast-seo-wordpress\/ -->\n<title>GOBERNADORA O MISS TURISMO - Los pol\u00edticos Veracruz<\/title>\n<meta name=\"robots\" content=\"index, follow, max-snippet:-1, max-image-preview:large, max-video-preview:-1\" \/>\n<link rel=\"canonical\" href=\"https:\/\/lospoliticosveracruz.com\/?p=135649\" \/>\n<meta property=\"og:locale\" content=\"es_ES\" \/>\n<meta property=\"og:type\" content=\"article\" \/>\n<meta property=\"og:title\" content=\"GOBERNADORA O MISS TURISMO - Los pol\u00edticos Veracruz\" \/>\n<meta property=\"og:description\" content=\"S\u00edguenos ahora tambi\u00e9n en WhatsApp.&nbsp;Da clic aqu\u00ed Inocencio Y\u00e1\u00f1ez Vicencio No es dif\u00edcil exhibir las contradicciones de una fuerza pol\u00edtica que miente por sistema, que llama al negro blanco y que realiza todo lo que siendo oposici\u00f3n cr\u00edtico. Es cierto, muchas cosas indebidas que realizan las y los miembros de Morena, las practicaron sus predecesores, [&hellip;]\" \/>\n<meta property=\"og:url\" content=\"https:\/\/lospoliticosveracruz.com\/?p=135649\" \/>\n<meta property=\"og:site_name\" content=\"Los pol\u00edticos Veracruz\" \/>\n<meta property=\"article:publisher\" content=\"https:\/\/www.facebook.com\/people\/Notimemes-de-los-Polticos\/61565672886568\/\" \/>\n<meta property=\"article:published_time\" content=\"2025-01-14T21:36:56+00:00\" \/>\n<meta property=\"article:modified_time\" content=\"2025-01-14T21:37:07+00:00\" \/>\n<meta property=\"og:image\" content=\"https:\/\/lospoliticosveracruz.com\/wp-content\/uploads\/2024\/03\/Inocencio-Yanez-Vicencio.jpg\" \/>\n\t<meta property=\"og:image:width\" content=\"1250\" \/>\n\t<meta property=\"og:image:height\" content=\"667\" \/>\n\t<meta property=\"og:image:type\" content=\"image\/jpeg\" \/>\n<meta name=\"author\" content=\"Lo viste en Los Pol\u00edticos\" \/>\n<meta name=\"twitter:card\" content=\"summary_large_image\" \/>\n<meta name=\"twitter:creator\" content=\"@LosPoliticosVer\" \/>\n<meta name=\"twitter:site\" content=\"@LosPoliticosVer\" \/>\n<meta name=\"twitter:label1\" content=\"Escrito por\" \/>\n\t<meta name=\"twitter:data1\" content=\"Lo viste en Los Pol\u00edticos\" \/>\n\t<meta name=\"twitter:label2\" content=\"Tiempo de lectura\" \/>\n\t<meta name=\"twitter:data2\" content=\"4 minutos\" \/>\n<script type=\"application\/ld+json\" class=\"yoast-schema-graph\">{\"@context\":\"https:\\\/\\\/schema.org\",\"@graph\":[{\"@type\":\"Article\",\"@id\":\"https:\\\/\\\/lospoliticosveracruz.com\\\/?p=135649#article\",\"isPartOf\":{\"@id\":\"https:\\\/\\\/lospoliticosveracruz.com\\\/?p=135649\"},\"author\":{\"name\":\"Lo viste en Los Pol\u00edticos\",\"@id\":\"https:\\\/\\\/lospoliticosveracruz.com\\\/#\\\/schema\\\/person\\\/b8702bb0e538456e6efd07080bf2a4a2\"},\"headline\":\"GOBERNADORA O MISS TURISMO\",\"datePublished\":\"2025-01-14T21:36:56+00:00\",\"dateModified\":\"2025-01-14T21:37:07+00:00\",\"mainEntityOfPage\":{\"@id\":\"https:\\\/\\\/lospoliticosveracruz.com\\\/?p=135649\"},\"wordCount\":769,\"publisher\":{\"@id\":\"https:\\\/\\\/lospoliticosveracruz.com\\\/#organization\"},\"image\":{\"@id\":\"https:\\\/\\\/lospoliticosveracruz.com\\\/?p=135649#primaryimage\"},\"thumbnailUrl\":\"https:\\\/\\\/lospoliticosveracruz.com\\\/wp-content\\\/uploads\\\/2024\\\/03\\\/Inocencio-Yanez-Vicencio.jpg\",\"articleSection\":[\"De Opini\u00f3n\"],\"inLanguage\":\"es\"},{\"@type\":\"WebPage\",\"@id\":\"https:\\\/\\\/lospoliticosveracruz.com\\\/?p=135649\",\"url\":\"https:\\\/\\\/lospoliticosveracruz.com\\\/?p=135649\",\"name\":\"GOBERNADORA O MISS TURISMO - Los pol\u00edticos Veracruz\",\"isPartOf\":{\"@id\":\"https:\\\/\\\/lospoliticosveracruz.com\\\/#website\"},\"primaryImageOfPage\":{\"@id\":\"https:\\\/\\\/lospoliticosveracruz.com\\\/?p=135649#primaryimage\"},\"image\":{\"@id\":\"https:\\\/\\\/lospoliticosveracruz.com\\\/?p=135649#primaryimage\"},\"thumbnailUrl\":\"https:\\\/\\\/lospoliticosveracruz.com\\\/wp-content\\\/uploads\\\/2024\\\/03\\\/Inocencio-Yanez-Vicencio.jpg\",\"datePublished\":\"2025-01-14T21:36:56+00:00\",\"dateModified\":\"2025-01-14T21:37:07+00:00\",\"breadcrumb\":{\"@id\":\"https:\\\/\\\/lospoliticosveracruz.com\\\/?p=135649#breadcrumb\"},\"inLanguage\":\"es\",\"potentialAction\":[{\"@type\":\"ReadAction\",\"target\":[\"https:\\\/\\\/lospoliticosveracruz.com\\\/?p=135649\"]}]},{\"@type\":\"ImageObject\",\"inLanguage\":\"es\",\"@id\":\"https:\\\/\\\/lospoliticosveracruz.com\\\/?p=135649#primaryimage\",\"url\":\"https:\\\/\\\/lospoliticosveracruz.com\\\/wp-content\\\/uploads\\\/2024\\\/03\\\/Inocencio-Yanez-Vicencio.jpg\",\"contentUrl\":\"https:\\\/\\\/lospoliticosveracruz.com\\\/wp-content\\\/uploads\\\/2024\\\/03\\\/Inocencio-Yanez-Vicencio.jpg\",\"width\":1250,\"height\":667},{\"@type\":\"BreadcrumbList\",\"@id\":\"https:\\\/\\\/lospoliticosveracruz.com\\\/?p=135649#breadcrumb\",\"itemListElement\":[{\"@type\":\"ListItem\",\"position\":1,\"name\":\"Portada\",\"item\":\"https:\\\/\\\/lospoliticosveracruz.com\\\/\"},{\"@type\":\"ListItem\",\"position\":2,\"name\":\"GOBERNADORA O MISS TURISMO\"}]},{\"@type\":\"WebSite\",\"@id\":\"https:\\\/\\\/lospoliticosveracruz.com\\\/#website\",\"url\":\"https:\\\/\\\/lospoliticosveracruz.com\\\/\",\"name\":\"Los pol\u00edticos Veracruz\",\"description\":\"\",\"publisher\":{\"@id\":\"https:\\\/\\\/lospoliticosveracruz.com\\\/#organization\"},\"potentialAction\":[{\"@type\":\"SearchAction\",\"target\":{\"@type\":\"EntryPoint\",\"urlTemplate\":\"https:\\\/\\\/lospoliticosveracruz.com\\\/?s={search_term_string}\"},\"query-input\":{\"@type\":\"PropertyValueSpecification\",\"valueRequired\":true,\"valueName\":\"search_term_string\"}}],\"inLanguage\":\"es\"},{\"@type\":\"Organization\",\"@id\":\"https:\\\/\\\/lospoliticosveracruz.com\\\/#organization\",\"name\":\"Los pol\u00edticos Veracruz\",\"url\":\"https:\\\/\\\/lospoliticosveracruz.com\\\/\",\"logo\":{\"@type\":\"ImageObject\",\"inLanguage\":\"es\",\"@id\":\"https:\\\/\\\/lospoliticosveracruz.com\\\/#\\\/schema\\\/logo\\\/image\\\/\",\"url\":\"https:\\\/\\\/lospoliticosveracruz.com\\\/wp-content\\\/uploads\\\/2025\\\/12\\\/Logo-Nuevo-LOS-POLITICOS-1.jpg\",\"contentUrl\":\"https:\\\/\\\/lospoliticosveracruz.com\\\/wp-content\\\/uploads\\\/2025\\\/12\\\/Logo-Nuevo-LOS-POLITICOS-1.jpg\",\"width\":260,\"height\":70,\"caption\":\"Los pol\u00edticos Veracruz\"},\"image\":{\"@id\":\"https:\\\/\\\/lospoliticosveracruz.com\\\/#\\\/schema\\\/logo\\\/image\\\/\"},\"sameAs\":[\"https:\\\/\\\/www.facebook.com\\\/people\\\/Notimemes-de-los-Polticos\\\/61565672886568\\\/\",\"https:\\\/\\\/x.com\\\/LosPoliticosVer\"]},{\"@type\":\"Person\",\"@id\":\"https:\\\/\\\/lospoliticosveracruz.com\\\/#\\\/schema\\\/person\\\/b8702bb0e538456e6efd07080bf2a4a2\",\"name\":\"Lo viste en Los Pol\u00edticos\",\"image\":{\"@type\":\"ImageObject\",\"inLanguage\":\"es\",\"@id\":\"https:\\\/\\\/secure.gravatar.com\\\/avatar\\\/3a8de04a2656d44082be478bd6c086daa447c4651605818287b9532d3d0bd435?s=96&d=mm&r=g\",\"url\":\"https:\\\/\\\/secure.gravatar.com\\\/avatar\\\/3a8de04a2656d44082be478bd6c086daa447c4651605818287b9532d3d0bd435?s=96&d=mm&r=g\",\"contentUrl\":\"https:\\\/\\\/secure.gravatar.com\\\/avatar\\\/3a8de04a2656d44082be478bd6c086daa447c4651605818287b9532d3d0bd435?s=96&d=mm&r=g\",\"caption\":\"Lo viste en Los Pol\u00edticos\"},\"url\":\"https:\\\/\\\/lospoliticosveracruz.com\\\/?author=2\"}]}<\/script>\n<!-- \/ Yoast SEO plugin. -->","yoast_head_json":{"title":"GOBERNADORA O MISS TURISMO - Los pol\u00edticos Veracruz","robots":{"index":"index","follow":"follow","max-snippet":"max-snippet:-1","max-image-preview":"max-image-preview:large","max-video-preview":"max-video-preview:-1"},"canonical":"https:\/\/lospoliticosveracruz.com\/?p=135649","og_locale":"es_ES","og_type":"article","og_title":"GOBERNADORA O MISS TURISMO - Los pol\u00edticos Veracruz","og_description":"S\u00edguenos ahora tambi\u00e9n en WhatsApp.&nbsp;Da clic aqu\u00ed Inocencio Y\u00e1\u00f1ez Vicencio No es dif\u00edcil exhibir las contradicciones de una fuerza pol\u00edtica que miente por sistema, que llama al negro blanco y que realiza todo lo que siendo oposici\u00f3n cr\u00edtico. Es cierto, muchas cosas indebidas que realizan las y los miembros de Morena, las practicaron sus predecesores, [&hellip;]","og_url":"https:\/\/lospoliticosveracruz.com\/?p=135649","og_site_name":"Los pol\u00edticos Veracruz","article_publisher":"https:\/\/www.facebook.com\/people\/Notimemes-de-los-Polticos\/61565672886568\/","article_published_time":"2025-01-14T21:36:56+00:00","article_modified_time":"2025-01-14T21:37:07+00:00","og_image":[{"width":1250,"height":667,"url":"https:\/\/lospoliticosveracruz.com\/wp-content\/uploads\/2024\/03\/Inocencio-Yanez-Vicencio.jpg","type":"image\/jpeg"}],"author":"Lo viste en Los Pol\u00edticos","twitter_card":"summary_large_image","twitter_creator":"@LosPoliticosVer","twitter_site":"@LosPoliticosVer","twitter_misc":{"Escrito por":"Lo viste en Los Pol\u00edticos","Tiempo de lectura":"4 minutos"},"schema":{"@context":"https:\/\/schema.org","@graph":[{"@type":"Article","@id":"https:\/\/lospoliticosveracruz.com\/?p=135649#article","isPartOf":{"@id":"https:\/\/lospoliticosveracruz.com\/?p=135649"},"author":{"name":"Lo viste en Los Pol\u00edticos","@id":"https:\/\/lospoliticosveracruz.com\/#\/schema\/person\/b8702bb0e538456e6efd07080bf2a4a2"},"headline":"GOBERNADORA O MISS TURISMO","datePublished":"2025-01-14T21:36:56+00:00","dateModified":"2025-01-14T21:37:07+00:00","mainEntityOfPage":{"@id":"https:\/\/lospoliticosveracruz.com\/?p=135649"},"wordCount":769,"publisher":{"@id":"https:\/\/lospoliticosveracruz.com\/#organization"},"image":{"@id":"https:\/\/lospoliticosveracruz.com\/?p=135649#primaryimage"},"thumbnailUrl":"https:\/\/lospoliticosveracruz.com\/wp-content\/uploads\/2024\/03\/Inocencio-Yanez-Vicencio.jpg","articleSection":["De Opini\u00f3n"],"inLanguage":"es"},{"@type":"WebPage","@id":"https:\/\/lospoliticosveracruz.com\/?p=135649","url":"https:\/\/lospoliticosveracruz.com\/?p=135649","name":"GOBERNADORA O MISS TURISMO - Los pol\u00edticos Veracruz","isPartOf":{"@id":"https:\/\/lospoliticosveracruz.com\/#website"},"primaryImageOfPage":{"@id":"https:\/\/lospoliticosveracruz.com\/?p=135649#primaryimage"},"image":{"@id":"https:\/\/lospoliticosveracruz.com\/?p=135649#primaryimage"},"thumbnailUrl":"https:\/\/lospoliticosveracruz.com\/wp-content\/uploads\/2024\/03\/Inocencio-Yanez-Vicencio.jpg","datePublished":"2025-01-14T21:36:56+00:00","dateModified":"2025-01-14T21:37:07+00:00","breadcrumb":{"@id":"https:\/\/lospoliticosveracruz.com\/?p=135649#breadcrumb"},"inLanguage":"es","potentialAction":[{"@type":"ReadAction","target":["https:\/\/lospoliticosveracruz.com\/?p=135649"]}]},{"@type":"ImageObject","inLanguage":"es","@id":"https:\/\/lospoliticosveracruz.com\/?p=135649#primaryimage","url":"https:\/\/lospoliticosveracruz.com\/wp-content\/uploads\/2024\/03\/Inocencio-Yanez-Vicencio.jpg","contentUrl":"https:\/\/lospoliticosveracruz.com\/wp-content\/uploads\/2024\/03\/Inocencio-Yanez-Vicencio.jpg","width":1250,"height":667},{"@type":"BreadcrumbList","@id":"https:\/\/lospoliticosveracruz.com\/?p=135649#breadcrumb","itemListElement":[{"@type":"ListItem","position":1,"name":"Portada","item":"https:\/\/lospoliticosveracruz.com\/"},{"@type":"ListItem","position":2,"name":"GOBERNADORA O MISS TURISMO"}]},{"@type":"WebSite","@id":"https:\/\/lospoliticosveracruz.com\/#website","url":"https:\/\/lospoliticosveracruz.com\/","name":"Los pol\u00edticos Veracruz","description":"","publisher":{"@id":"https:\/\/lospoliticosveracruz.com\/#organization"},"potentialAction":[{"@type":"SearchAction","target":{"@type":"EntryPoint","urlTemplate":"https:\/\/lospoliticosveracruz.com\/?s={search_term_string}"},"query-input":{"@type":"PropertyValueSpecification","valueRequired":true,"valueName":"search_term_string"}}],"inLanguage":"es"},{"@type":"Organization","@id":"https:\/\/lospoliticosveracruz.com\/#organization","name":"Los pol\u00edticos Veracruz","url":"https:\/\/lospoliticosveracruz.com\/","logo":{"@type":"ImageObject","inLanguage":"es","@id":"https:\/\/lospoliticosveracruz.com\/#\/schema\/logo\/image\/","url":"https:\/\/lospoliticosveracruz.com\/wp-content\/uploads\/2025\/12\/Logo-Nuevo-LOS-POLITICOS-1.jpg","contentUrl":"https:\/\/lospoliticosveracruz.com\/wp-content\/uploads\/2025\/12\/Logo-Nuevo-LOS-POLITICOS-1.jpg","width":260,"height":70,"caption":"Los pol\u00edticos Veracruz"},"image":{"@id":"https:\/\/lospoliticosveracruz.com\/#\/schema\/logo\/image\/"},"sameAs":["https:\/\/www.facebook.com\/people\/Notimemes-de-los-Polticos\/61565672886568\/","https:\/\/x.com\/LosPoliticosVer"]},{"@type":"Person","@id":"https:\/\/lospoliticosveracruz.com\/#\/schema\/person\/b8702bb0e538456e6efd07080bf2a4a2","name":"Lo viste en Los Pol\u00edticos","image":{"@type":"ImageObject","inLanguage":"es","@id":"https:\/\/secure.gravatar.com\/avatar\/3a8de04a2656d44082be478bd6c086daa447c4651605818287b9532d3d0bd435?s=96&d=mm&r=g","url":"https:\/\/secure.gravatar.com\/avatar\/3a8de04a2656d44082be478bd6c086daa447c4651605818287b9532d3d0bd435?s=96&d=mm&r=g","contentUrl":"https:\/\/secure.gravatar.com\/avatar\/3a8de04a2656d44082be478bd6c086daa447c4651605818287b9532d3d0bd435?s=96&d=mm&r=g","caption":"Lo viste en Los Pol\u00edticos"},"url":"https:\/\/lospoliticosveracruz.com\/?author=2"}]}},"_links":{"self":[{"href":"https:\/\/lospoliticosveracruz.com\/index.php?rest_route=\/wp\/v2\/posts\/135649","targetHints":{"allow":["GET"]}}],"collection":[{"href":"https:\/\/lospoliticosveracruz.com\/index.php?rest_route=\/wp\/v2\/posts"}],"about":[{"href":"https:\/\/lospoliticosveracruz.com\/index.php?rest_route=\/wp\/v2\/types\/post"}],"author":[{"embeddable":true,"href":"https:\/\/lospoliticosveracruz.com\/index.php?rest_route=\/wp\/v2\/users\/2"}],"replies":[{"embeddable":true,"href":"https:\/\/lospoliticosveracruz.com\/index.php?rest_route=%2Fwp%2Fv2%2Fcomments&post=135649"}],"version-history":[{"count":2,"href":"https:\/\/lospoliticosveracruz.com\/index.php?rest_route=\/wp\/v2\/posts\/135649\/revisions"}],"predecessor-version":[{"id":135651,"href":"https:\/\/lospoliticosveracruz.com\/index.php?rest_route=\/wp\/v2\/posts\/135649\/revisions\/135651"}],"wp:featuredmedia":[{"embeddable":true,"href":"https:\/\/lospoliticosveracruz.com\/index.php?rest_route=\/wp\/v2\/media\/120033"}],"wp:attachment":[{"href":"https:\/\/lospoliticosveracruz.com\/index.php?rest_route=%2Fwp%2Fv2%2Fmedia&parent=135649"}],"wp:term":[{"taxonomy":"category","embeddable":true,"href":"https:\/\/lospoliticosveracruz.com\/index.php?rest_route=%2Fwp%2Fv2%2Fcategories&post=135649"},{"taxonomy":"post_tag","embeddable":true,"href":"https:\/\/lospoliticosveracruz.com\/index.php?rest_route=%2Fwp%2Fv2%2Ftags&post=135649"}],"curies":[{"name":"wp","href":"https:\/\/api.w.org\/{rel}","templated":true}]}}