{"id":135660,"date":"2025-01-14T19:00:41","date_gmt":"2025-01-15T01:00:41","guid":{"rendered":"https:\/\/lospoliticosveracruz.com.mx\/?p=135660"},"modified":"2025-01-14T19:00:56","modified_gmt":"2025-01-15T01:00:56","slug":"ya-viene-san-sebastian","status":"publish","type":"post","link":"https:\/\/lospoliticosveracruz.com\/?p=135660","title":{"rendered":"YA VIENE SAN SEBASTI\u00c1N!"},"content":{"rendered":"\n<p>S\u00edguenos ahora tambi\u00e9n en WhatsApp.\u00a0<a href=\"https:\/\/whatsapp.com\/channel\/0029Va8zRWlEKyZIP3Z1dF0e\"><em><strong>Da clic aqu\u00ed<\/strong><\/em><\/a><\/p>\n\n\n\n<p><\/p>\n\n\n\n<p><\/p>\n\n\n\n<p>Veracruz: La alcaldesa Paty Lobeira present\u00f3 el Programa de las Fiestas Patronales de San Sebasti\u00e1n 2025, destacando la importancia de estas celebraciones que rinden homenaje al Santo Patrono de Veracruz, fortaleciendo la uni\u00f3n, la fe y la tradici\u00f3n entre los jarochos.<\/p>\n\n\n\n<p>\u201cIniciamos el a\u00f1o celebrando a San Sebasti\u00e1n, un Santo tan querido por los veracruzanos. Estas festividades no solo refuerzan nuestra identidad cultural, sino que tambi\u00e9n impulsan el desarrollo econ\u00f3mico y tur\u00edstico de nuestra ciudad\u201d, expres\u00f3.<\/p>\n\n\n\n<p>En el evento, realizado en la Sala de Cabildo y en donde estuvo acompa\u00f1ada por el Padre Aurelio Mojica Lim\u00f3n, p\u00e1rroco de la Catedral de Veracruz Nuestra Se\u00f1ora de la Asunci\u00f3n, la Alcaldesa dio a conocer que el programa incluye diversas actividades culturales, religiosas y art\u00edsticas que se llevar\u00e1n a cabo del 15 al 24 de enero.<\/p>\n\n\n\n<p>Invit\u00f3 a la ciudadan\u00eda y a los visitantes a disfrutar de estas festividades que, adem\u00e1s de fortalecer las tradiciones locales, apoyan la econom\u00eda de sectores como el pesquero y el artesanal.<\/p>\n\n\n\n<p>Programa de actividades:<\/p>\n\n\n\n<p>Mi\u00e9rcoles 15 y jueves 16:<\/p>\n\n\n\n<ul class=\"wp-block-list\">\n<li>16:00 a 19:00 Hrs. Taller de Intervenci\u00f3n Art\u00edstica Pict\u00f3rica en Torsos \u201cSan Sebasti\u00e1n 2025\u201d en los Bajos de Palacio, cuyos resultados se expondr\u00e1n el viernes 17.<\/li>\n<\/ul>\n\n\n\n<p>Viernes 17:<\/p>\n\n\n\n<ul class=\"wp-block-list\">\n<li>18:00 hrs. \u201cLoa a San Sebasti\u00e1n\u201d por el Taller de Teatro Municipal y el Coro de la EMBA en el Z\u00f3calo.<\/li>\n\n\n\n<li>19:00 hrs. Eucarist\u00eda en honor a navales, militares, salvavidas y polic\u00edas en la Catedral.<\/li>\n\n\n\n<li>19:30 hrs. Presentaci\u00f3n de la Danzonera Alma de Veracruz en el Z\u00f3calo.<\/li>\n<\/ul>\n\n\n\n<p>S\u00e1bado 18:<\/p>\n\n\n\n<ul class=\"wp-block-list\">\n<li>9:30 hrs. Procesi\u00f3n por mar y tierra, desde el Muelle de Pescadores hasta el Z\u00f3calo.<\/li>\n\n\n\n<li>12:00 hrs. Eucarist\u00eda en la Catedral y apertura del Festival del Pescador en el Corredor Zamora, que continuar\u00e1 el domingo.<\/li>\n\n\n\n<li>17:00 hrs. Desfile folkl\u00f3rico desde Ray\u00f3n e Independencia al Z\u00f3calo.<\/li>\n\n\n\n<li>18:00 hrs. Gala del Ballet Folkl\u00f3rico Alma Jarocha en el Z\u00f3calo.<\/li>\n<\/ul>\n\n\n\n<p>Domingo 19:<\/p>\n\n\n\n<ul class=\"wp-block-list\">\n<li>12:00 hrs. Festival del Pescador en el Corredor Zamora.<\/li>\n\n\n\n<li>18:00 hrs. Gala Folkl\u00f3rica del Grupo Sotavento en el Z\u00f3calo.<\/li>\n\n\n\n<li>19:00 hrs. Misa dedicada a los artesanos en la Catedral.<\/li>\n<\/ul>\n\n\n\n<p>Lunes 20:<\/p>\n\n\n\n<ul class=\"wp-block-list\">\n<li>12:00 hrs. Eucarist\u00eda en honor a las familias y a los enfermos en la Catedral.<\/li>\n\n\n\n<li>18:00 hrs. Procesi\u00f3n con la imagen de San Sebasti\u00e1n, presidida por el Obispo Carlos Brise\u00f1o Arch, desde Independencia y Ray\u00f3n hasta la Catedral<\/li>\n<\/ul>\n\n\n\n<h2 class=\"wp-block-heading\">&#8211; 19:00 hrs. Misa en honor a San Sebasti\u00e1n.<\/h2>\n\n\n\n<p>Viernes 24:<\/p>\n\n\n\n<ul class=\"wp-block-list\">\n<li>19:00 hrs. Concierto de la Sinf\u00f3nica de Daniel Ayala en la Catedral.<\/li>\n<\/ul>\n","protected":false},"excerpt":{"rendered":"<p>S\u00edguenos ahora tambi\u00e9n en WhatsApp.\u00a0Da clic aqu\u00ed Veracruz: La alcaldesa Paty Lobeira present\u00f3 el Programa de las Fiestas Patronales de San Sebasti\u00e1n 2025, destacando la importancia de estas celebraciones que rinden homenaje al Santo Patrono de Veracruz, fortaleciendo la uni\u00f3n, la fe y la tradici\u00f3n entre los jarochos. \u201cIniciamos el a\u00f1o celebrando a San Sebasti\u00e1n, [&hellip;]<\/p>\n","protected":false},"author":2,"featured_media":135661,"comment_status":"closed","ping_status":"closed","sticky":false,"template":"","format":"standard","meta":{"tdm_status":"","tdm_grid_status":"","footnotes":""},"categories":[73],"tags":[42701],"class_list":{"0":"post-135660","1":"post","2":"type-post","3":"status-publish","4":"format-standard","5":"has-post-thumbnail","7":"category-de-boleto","8":"tag-fiestas-patronales-de-san-sebastian-2025"},"yoast_head":"<!-- This site is optimized with the Yoast SEO plugin v27.4 - https:\/\/yoast.com\/product\/yoast-seo-wordpress\/ -->\n<title>YA VIENE SAN SEBASTI\u00c1N! - Los pol\u00edticos Veracruz<\/title>\n<meta name=\"robots\" content=\"index, follow, max-snippet:-1, max-image-preview:large, max-video-preview:-1\" \/>\n<link rel=\"canonical\" href=\"https:\/\/lospoliticosveracruz.com\/?p=135660\" \/>\n<meta property=\"og:locale\" content=\"es_ES\" \/>\n<meta property=\"og:type\" content=\"article\" \/>\n<meta property=\"og:title\" content=\"YA VIENE SAN SEBASTI\u00c1N! - Los pol\u00edticos Veracruz\" \/>\n<meta property=\"og:description\" content=\"S\u00edguenos ahora tambi\u00e9n en WhatsApp.\u00a0Da clic aqu\u00ed Veracruz: La alcaldesa Paty Lobeira present\u00f3 el Programa de las Fiestas Patronales de San Sebasti\u00e1n 2025, destacando la importancia de estas celebraciones que rinden homenaje al Santo Patrono de Veracruz, fortaleciendo la uni\u00f3n, la fe y la tradici\u00f3n entre los jarochos. \u201cIniciamos el a\u00f1o celebrando a San Sebasti\u00e1n, [&hellip;]\" \/>\n<meta property=\"og:url\" content=\"https:\/\/lospoliticosveracruz.com\/?p=135660\" \/>\n<meta property=\"og:site_name\" content=\"Los pol\u00edticos Veracruz\" \/>\n<meta property=\"article:publisher\" content=\"https:\/\/www.facebook.com\/people\/Notimemes-de-los-Polticos\/61565672886568\/\" \/>\n<meta property=\"article:published_time\" content=\"2025-01-15T01:00:41+00:00\" \/>\n<meta property=\"article:modified_time\" content=\"2025-01-15T01:00:56+00:00\" \/>\n<meta property=\"og:image\" content=\"https:\/\/lospoliticosveracruz.com\/wp-content\/uploads\/2025\/01\/Paty-Lobeira.jpg\" \/>\n\t<meta property=\"og:image:width\" content=\"600\" \/>\n\t<meta property=\"og:image:height\" content=\"320\" \/>\n\t<meta property=\"og:image:type\" content=\"image\/jpeg\" \/>\n<meta name=\"author\" content=\"Lo viste en Los Pol\u00edticos\" \/>\n<meta name=\"twitter:card\" content=\"summary_large_image\" \/>\n<meta name=\"twitter:creator\" content=\"@LosPoliticosVer\" \/>\n<meta name=\"twitter:site\" content=\"@LosPoliticosVer\" \/>\n<meta name=\"twitter:label1\" content=\"Escrito por\" \/>\n\t<meta name=\"twitter:data1\" content=\"Lo viste en Los Pol\u00edticos\" \/>\n\t<meta name=\"twitter:label2\" content=\"Tiempo de lectura\" \/>\n\t<meta name=\"twitter:data2\" content=\"2 minutos\" \/>\n<script type=\"application\/ld+json\" class=\"yoast-schema-graph\">{\"@context\":\"https:\\\/\\\/schema.org\",\"@graph\":[{\"@type\":\"Article\",\"@id\":\"https:\\\/\\\/lospoliticosveracruz.com\\\/?p=135660#article\",\"isPartOf\":{\"@id\":\"https:\\\/\\\/lospoliticosveracruz.com\\\/?p=135660\"},\"author\":{\"name\":\"Lo viste en Los Pol\u00edticos\",\"@id\":\"https:\\\/\\\/lospoliticosveracruz.com\\\/#\\\/schema\\\/person\\\/b8702bb0e538456e6efd07080bf2a4a2\"},\"headline\":\"YA VIENE SAN SEBASTI\u00c1N!\",\"datePublished\":\"2025-01-15T01:00:41+00:00\",\"dateModified\":\"2025-01-15T01:00:56+00:00\",\"mainEntityOfPage\":{\"@id\":\"https:\\\/\\\/lospoliticosveracruz.com\\\/?p=135660\"},\"wordCount\":434,\"publisher\":{\"@id\":\"https:\\\/\\\/lospoliticosveracruz.com\\\/#organization\"},\"image\":{\"@id\":\"https:\\\/\\\/lospoliticosveracruz.com\\\/?p=135660#primaryimage\"},\"thumbnailUrl\":\"https:\\\/\\\/lospoliticosveracruz.com\\\/wp-content\\\/uploads\\\/2025\\\/01\\\/Paty-Lobeira.jpg\",\"keywords\":[\"Fiestas Patronales de San Sebasti\u00e1n 2025\"],\"articleSection\":[\"De Boleto\"],\"inLanguage\":\"es\"},{\"@type\":\"WebPage\",\"@id\":\"https:\\\/\\\/lospoliticosveracruz.com\\\/?p=135660\",\"url\":\"https:\\\/\\\/lospoliticosveracruz.com\\\/?p=135660\",\"name\":\"YA VIENE SAN SEBASTI\u00c1N! - Los pol\u00edticos Veracruz\",\"isPartOf\":{\"@id\":\"https:\\\/\\\/lospoliticosveracruz.com\\\/#website\"},\"primaryImageOfPage\":{\"@id\":\"https:\\\/\\\/lospoliticosveracruz.com\\\/?p=135660#primaryimage\"},\"image\":{\"@id\":\"https:\\\/\\\/lospoliticosveracruz.com\\\/?p=135660#primaryimage\"},\"thumbnailUrl\":\"https:\\\/\\\/lospoliticosveracruz.com\\\/wp-content\\\/uploads\\\/2025\\\/01\\\/Paty-Lobeira.jpg\",\"datePublished\":\"2025-01-15T01:00:41+00:00\",\"dateModified\":\"2025-01-15T01:00:56+00:00\",\"breadcrumb\":{\"@id\":\"https:\\\/\\\/lospoliticosveracruz.com\\\/?p=135660#breadcrumb\"},\"inLanguage\":\"es\",\"potentialAction\":[{\"@type\":\"ReadAction\",\"target\":[\"https:\\\/\\\/lospoliticosveracruz.com\\\/?p=135660\"]}]},{\"@type\":\"ImageObject\",\"inLanguage\":\"es\",\"@id\":\"https:\\\/\\\/lospoliticosveracruz.com\\\/?p=135660#primaryimage\",\"url\":\"https:\\\/\\\/lospoliticosveracruz.com\\\/wp-content\\\/uploads\\\/2025\\\/01\\\/Paty-Lobeira.jpg\",\"contentUrl\":\"https:\\\/\\\/lospoliticosveracruz.com\\\/wp-content\\\/uploads\\\/2025\\\/01\\\/Paty-Lobeira.jpg\",\"width\":600,\"height\":320},{\"@type\":\"BreadcrumbList\",\"@id\":\"https:\\\/\\\/lospoliticosveracruz.com\\\/?p=135660#breadcrumb\",\"itemListElement\":[{\"@type\":\"ListItem\",\"position\":1,\"name\":\"Portada\",\"item\":\"https:\\\/\\\/lospoliticosveracruz.com\\\/\"},{\"@type\":\"ListItem\",\"position\":2,\"name\":\"YA VIENE SAN SEBASTI\u00c1N!\"}]},{\"@type\":\"WebSite\",\"@id\":\"https:\\\/\\\/lospoliticosveracruz.com\\\/#website\",\"url\":\"https:\\\/\\\/lospoliticosveracruz.com\\\/\",\"name\":\"Los pol\u00edticos Veracruz\",\"description\":\"\",\"publisher\":{\"@id\":\"https:\\\/\\\/lospoliticosveracruz.com\\\/#organization\"},\"potentialAction\":[{\"@type\":\"SearchAction\",\"target\":{\"@type\":\"EntryPoint\",\"urlTemplate\":\"https:\\\/\\\/lospoliticosveracruz.com\\\/?s={search_term_string}\"},\"query-input\":{\"@type\":\"PropertyValueSpecification\",\"valueRequired\":true,\"valueName\":\"search_term_string\"}}],\"inLanguage\":\"es\"},{\"@type\":\"Organization\",\"@id\":\"https:\\\/\\\/lospoliticosveracruz.com\\\/#organization\",\"name\":\"Los pol\u00edticos Veracruz\",\"url\":\"https:\\\/\\\/lospoliticosveracruz.com\\\/\",\"logo\":{\"@type\":\"ImageObject\",\"inLanguage\":\"es\",\"@id\":\"https:\\\/\\\/lospoliticosveracruz.com\\\/#\\\/schema\\\/logo\\\/image\\\/\",\"url\":\"https:\\\/\\\/lospoliticosveracruz.com\\\/wp-content\\\/uploads\\\/2025\\\/12\\\/Logo-Nuevo-LOS-POLITICOS-1.jpg\",\"contentUrl\":\"https:\\\/\\\/lospoliticosveracruz.com\\\/wp-content\\\/uploads\\\/2025\\\/12\\\/Logo-Nuevo-LOS-POLITICOS-1.jpg\",\"width\":260,\"height\":70,\"caption\":\"Los pol\u00edticos Veracruz\"},\"image\":{\"@id\":\"https:\\\/\\\/lospoliticosveracruz.com\\\/#\\\/schema\\\/logo\\\/image\\\/\"},\"sameAs\":[\"https:\\\/\\\/www.facebook.com\\\/people\\\/Notimemes-de-los-Polticos\\\/61565672886568\\\/\",\"https:\\\/\\\/x.com\\\/LosPoliticosVer\"]},{\"@type\":\"Person\",\"@id\":\"https:\\\/\\\/lospoliticosveracruz.com\\\/#\\\/schema\\\/person\\\/b8702bb0e538456e6efd07080bf2a4a2\",\"name\":\"Lo viste en Los Pol\u00edticos\",\"image\":{\"@type\":\"ImageObject\",\"inLanguage\":\"es\",\"@id\":\"https:\\\/\\\/secure.gravatar.com\\\/avatar\\\/3a8de04a2656d44082be478bd6c086daa447c4651605818287b9532d3d0bd435?s=96&d=mm&r=g\",\"url\":\"https:\\\/\\\/secure.gravatar.com\\\/avatar\\\/3a8de04a2656d44082be478bd6c086daa447c4651605818287b9532d3d0bd435?s=96&d=mm&r=g\",\"contentUrl\":\"https:\\\/\\\/secure.gravatar.com\\\/avatar\\\/3a8de04a2656d44082be478bd6c086daa447c4651605818287b9532d3d0bd435?s=96&d=mm&r=g\",\"caption\":\"Lo viste en Los Pol\u00edticos\"},\"url\":\"https:\\\/\\\/lospoliticosveracruz.com\\\/?author=2\"}]}<\/script>\n<!-- \/ Yoast SEO plugin. -->","yoast_head_json":{"title":"YA VIENE SAN SEBASTI\u00c1N! - Los pol\u00edticos Veracruz","robots":{"index":"index","follow":"follow","max-snippet":"max-snippet:-1","max-image-preview":"max-image-preview:large","max-video-preview":"max-video-preview:-1"},"canonical":"https:\/\/lospoliticosveracruz.com\/?p=135660","og_locale":"es_ES","og_type":"article","og_title":"YA VIENE SAN SEBASTI\u00c1N! - Los pol\u00edticos Veracruz","og_description":"S\u00edguenos ahora tambi\u00e9n en WhatsApp.\u00a0Da clic aqu\u00ed Veracruz: La alcaldesa Paty Lobeira present\u00f3 el Programa de las Fiestas Patronales de San Sebasti\u00e1n 2025, destacando la importancia de estas celebraciones que rinden homenaje al Santo Patrono de Veracruz, fortaleciendo la uni\u00f3n, la fe y la tradici\u00f3n entre los jarochos. \u201cIniciamos el a\u00f1o celebrando a San Sebasti\u00e1n, [&hellip;]","og_url":"https:\/\/lospoliticosveracruz.com\/?p=135660","og_site_name":"Los pol\u00edticos Veracruz","article_publisher":"https:\/\/www.facebook.com\/people\/Notimemes-de-los-Polticos\/61565672886568\/","article_published_time":"2025-01-15T01:00:41+00:00","article_modified_time":"2025-01-15T01:00:56+00:00","og_image":[{"width":600,"height":320,"url":"https:\/\/lospoliticosveracruz.com\/wp-content\/uploads\/2025\/01\/Paty-Lobeira.jpg","type":"image\/jpeg"}],"author":"Lo viste en Los Pol\u00edticos","twitter_card":"summary_large_image","twitter_creator":"@LosPoliticosVer","twitter_site":"@LosPoliticosVer","twitter_misc":{"Escrito por":"Lo viste en Los Pol\u00edticos","Tiempo de lectura":"2 minutos"},"schema":{"@context":"https:\/\/schema.org","@graph":[{"@type":"Article","@id":"https:\/\/lospoliticosveracruz.com\/?p=135660#article","isPartOf":{"@id":"https:\/\/lospoliticosveracruz.com\/?p=135660"},"author":{"name":"Lo viste en Los Pol\u00edticos","@id":"https:\/\/lospoliticosveracruz.com\/#\/schema\/person\/b8702bb0e538456e6efd07080bf2a4a2"},"headline":"YA VIENE SAN SEBASTI\u00c1N!","datePublished":"2025-01-15T01:00:41+00:00","dateModified":"2025-01-15T01:00:56+00:00","mainEntityOfPage":{"@id":"https:\/\/lospoliticosveracruz.com\/?p=135660"},"wordCount":434,"publisher":{"@id":"https:\/\/lospoliticosveracruz.com\/#organization"},"image":{"@id":"https:\/\/lospoliticosveracruz.com\/?p=135660#primaryimage"},"thumbnailUrl":"https:\/\/lospoliticosveracruz.com\/wp-content\/uploads\/2025\/01\/Paty-Lobeira.jpg","keywords":["Fiestas Patronales de San Sebasti\u00e1n 2025"],"articleSection":["De Boleto"],"inLanguage":"es"},{"@type":"WebPage","@id":"https:\/\/lospoliticosveracruz.com\/?p=135660","url":"https:\/\/lospoliticosveracruz.com\/?p=135660","name":"YA VIENE SAN SEBASTI\u00c1N! - Los pol\u00edticos Veracruz","isPartOf":{"@id":"https:\/\/lospoliticosveracruz.com\/#website"},"primaryImageOfPage":{"@id":"https:\/\/lospoliticosveracruz.com\/?p=135660#primaryimage"},"image":{"@id":"https:\/\/lospoliticosveracruz.com\/?p=135660#primaryimage"},"thumbnailUrl":"https:\/\/lospoliticosveracruz.com\/wp-content\/uploads\/2025\/01\/Paty-Lobeira.jpg","datePublished":"2025-01-15T01:00:41+00:00","dateModified":"2025-01-15T01:00:56+00:00","breadcrumb":{"@id":"https:\/\/lospoliticosveracruz.com\/?p=135660#breadcrumb"},"inLanguage":"es","potentialAction":[{"@type":"ReadAction","target":["https:\/\/lospoliticosveracruz.com\/?p=135660"]}]},{"@type":"ImageObject","inLanguage":"es","@id":"https:\/\/lospoliticosveracruz.com\/?p=135660#primaryimage","url":"https:\/\/lospoliticosveracruz.com\/wp-content\/uploads\/2025\/01\/Paty-Lobeira.jpg","contentUrl":"https:\/\/lospoliticosveracruz.com\/wp-content\/uploads\/2025\/01\/Paty-Lobeira.jpg","width":600,"height":320},{"@type":"BreadcrumbList","@id":"https:\/\/lospoliticosveracruz.com\/?p=135660#breadcrumb","itemListElement":[{"@type":"ListItem","position":1,"name":"Portada","item":"https:\/\/lospoliticosveracruz.com\/"},{"@type":"ListItem","position":2,"name":"YA VIENE SAN SEBASTI\u00c1N!"}]},{"@type":"WebSite","@id":"https:\/\/lospoliticosveracruz.com\/#website","url":"https:\/\/lospoliticosveracruz.com\/","name":"Los pol\u00edticos Veracruz","description":"","publisher":{"@id":"https:\/\/lospoliticosveracruz.com\/#organization"},"potentialAction":[{"@type":"SearchAction","target":{"@type":"EntryPoint","urlTemplate":"https:\/\/lospoliticosveracruz.com\/?s={search_term_string}"},"query-input":{"@type":"PropertyValueSpecification","valueRequired":true,"valueName":"search_term_string"}}],"inLanguage":"es"},{"@type":"Organization","@id":"https:\/\/lospoliticosveracruz.com\/#organization","name":"Los pol\u00edticos Veracruz","url":"https:\/\/lospoliticosveracruz.com\/","logo":{"@type":"ImageObject","inLanguage":"es","@id":"https:\/\/lospoliticosveracruz.com\/#\/schema\/logo\/image\/","url":"https:\/\/lospoliticosveracruz.com\/wp-content\/uploads\/2025\/12\/Logo-Nuevo-LOS-POLITICOS-1.jpg","contentUrl":"https:\/\/lospoliticosveracruz.com\/wp-content\/uploads\/2025\/12\/Logo-Nuevo-LOS-POLITICOS-1.jpg","width":260,"height":70,"caption":"Los pol\u00edticos Veracruz"},"image":{"@id":"https:\/\/lospoliticosveracruz.com\/#\/schema\/logo\/image\/"},"sameAs":["https:\/\/www.facebook.com\/people\/Notimemes-de-los-Polticos\/61565672886568\/","https:\/\/x.com\/LosPoliticosVer"]},{"@type":"Person","@id":"https:\/\/lospoliticosveracruz.com\/#\/schema\/person\/b8702bb0e538456e6efd07080bf2a4a2","name":"Lo viste en Los Pol\u00edticos","image":{"@type":"ImageObject","inLanguage":"es","@id":"https:\/\/secure.gravatar.com\/avatar\/3a8de04a2656d44082be478bd6c086daa447c4651605818287b9532d3d0bd435?s=96&d=mm&r=g","url":"https:\/\/secure.gravatar.com\/avatar\/3a8de04a2656d44082be478bd6c086daa447c4651605818287b9532d3d0bd435?s=96&d=mm&r=g","contentUrl":"https:\/\/secure.gravatar.com\/avatar\/3a8de04a2656d44082be478bd6c086daa447c4651605818287b9532d3d0bd435?s=96&d=mm&r=g","caption":"Lo viste en Los Pol\u00edticos"},"url":"https:\/\/lospoliticosveracruz.com\/?author=2"}]}},"_links":{"self":[{"href":"https:\/\/lospoliticosveracruz.com\/index.php?rest_route=\/wp\/v2\/posts\/135660","targetHints":{"allow":["GET"]}}],"collection":[{"href":"https:\/\/lospoliticosveracruz.com\/index.php?rest_route=\/wp\/v2\/posts"}],"about":[{"href":"https:\/\/lospoliticosveracruz.com\/index.php?rest_route=\/wp\/v2\/types\/post"}],"author":[{"embeddable":true,"href":"https:\/\/lospoliticosveracruz.com\/index.php?rest_route=\/wp\/v2\/users\/2"}],"replies":[{"embeddable":true,"href":"https:\/\/lospoliticosveracruz.com\/index.php?rest_route=%2Fwp%2Fv2%2Fcomments&post=135660"}],"version-history":[{"count":2,"href":"https:\/\/lospoliticosveracruz.com\/index.php?rest_route=\/wp\/v2\/posts\/135660\/revisions"}],"predecessor-version":[{"id":135663,"href":"https:\/\/lospoliticosveracruz.com\/index.php?rest_route=\/wp\/v2\/posts\/135660\/revisions\/135663"}],"wp:featuredmedia":[{"embeddable":true,"href":"https:\/\/lospoliticosveracruz.com\/index.php?rest_route=\/wp\/v2\/media\/135661"}],"wp:attachment":[{"href":"https:\/\/lospoliticosveracruz.com\/index.php?rest_route=%2Fwp%2Fv2%2Fmedia&parent=135660"}],"wp:term":[{"taxonomy":"category","embeddable":true,"href":"https:\/\/lospoliticosveracruz.com\/index.php?rest_route=%2Fwp%2Fv2%2Fcategories&post=135660"},{"taxonomy":"post_tag","embeddable":true,"href":"https:\/\/lospoliticosveracruz.com\/index.php?rest_route=%2Fwp%2Fv2%2Ftags&post=135660"}],"curies":[{"name":"wp","href":"https:\/\/api.w.org\/{rel}","templated":true}]}}