{"id":135686,"date":"2025-01-15T07:39:28","date_gmt":"2025-01-15T13:39:28","guid":{"rendered":"https:\/\/lospoliticosveracruz.com.mx\/?p=135686"},"modified":"2025-01-15T07:39:51","modified_gmt":"2025-01-15T13:39:51","slug":"la-eleccion-en-xalapa","status":"publish","type":"post","link":"https:\/\/lospoliticosveracruz.com\/?p=135686","title":{"rendered":"LA ELECCI\u00d3N EN XALAPA"},"content":{"rendered":"\n<p>S\u00edguenos ahora tambi\u00e9n en WhatsApp.&nbsp;<a href=\"https:\/\/whatsapp.com\/channel\/0029Va8zRWlEKyZIP3Z1dF0e\"><strong><em>Da clic aqu\u00ed<\/em><\/strong><\/a><\/p>\n\n\n\n<p><strong>Yamiri Rodr\u00edguez Madrid<\/strong><\/p>\n\n\n\n<p><em>La vuelta a Veracruz en un teclazo<\/em><\/p>\n\n\n\n<p>Despu\u00e9s de la elecci\u00f3n en el Puerto de Veracruz, la de Xalapa ser\u00e1 la elecci\u00f3n m\u00e1s tensa y vigilada en este 2025. Hay tanta efervescencia que al menos 15 personas se inscribieron en la interna de Morena y, por el lado de la oposici\u00f3n, el priista Am\u00e9rico Z\u00fa\u00f1iga Mart\u00ednez ya est\u00e1 formado y organiz\u00e1ndose para regresar a la presidencia municipal.<\/p>\n\n\n\n<p>En el proceso interno del partido en el poder, hay que tomar en cuenta que llevan dos cuatrienios gobernando. El primero con Hip\u00f3lito Rodr\u00edguez Herrero y, el segundo con Ricardo Ahued Bardahuill, por lo que, s\u00ed o s\u00ed,&nbsp;&nbsp;en esta ocasi\u00f3n deber\u00e1n postular a una mujer como su candidata a la alcald\u00eda.<\/p>\n\n\n\n<p>Es tal la efervescencia que nunca se hab\u00edan inscrito tantas personas en una interna de Morena. Muchos lo hicieron pensando en que as\u00ed presionar\u00e1n para obtener otra posici\u00f3n, ya sea en el gobierno estatal o con la que quede en la presidencia. Ser\u00e1n d\u00edas largos para los aspirantes de aqu\u00ed a que la Comisi\u00f3n de Elecciones tome una decisi\u00f3n.<\/p>\n\n\n\n<p>Aunque la gobernadora Roc\u00edo Nahle Garc\u00eda ya declar\u00f3 que no se va a meter en el proceso electoral, en t\u00e9rminos pol\u00edticos para ella ser\u00eda mejor tener una alcaldesa o alcalde en la capital, de su mismo partido, con quien s\u00ed se entienda y que adem\u00e1s, le ayude a sumar resultados y no le genere m\u00e1s problemas de los que ya tiene Xalapa.<\/p>\n\n\n\n<p>Mientras eso pasa, Z\u00fa\u00f1iga Mart\u00ednez cree tener una oportunidad real de arrebatarle a Morena la elecci\u00f3n, luego de que en la federal se qued\u00f3 a una nariz de ganar.&nbsp;&nbsp;&nbsp;Sin embargo, hay factores que han cambiado de un a\u00f1o a otro, entre estos los desgastes de PRI y PAN, los cambios de camisetas, que ahora hay una gobernadora con una visi\u00f3n diferente de gobernar y, sobre todo, qui\u00e9n resulte ser la candidata en la capital.<\/p>\n\n\n\n<p>As\u00ed, la elecci\u00f3n en la capital le pondr\u00e1 la sal y la pimienta al proceso electoral y, despu\u00e9s, de 12 a\u00f1os podr\u00eda volver a tener Xalapa presidenta municipal.<\/p>\n\n\n\n<p>@YamiriRodriguez<\/p>\n","protected":false},"excerpt":{"rendered":"<p>S\u00edguenos ahora tambi\u00e9n en WhatsApp.&nbsp;Da clic aqu\u00ed Yamiri Rodr\u00edguez Madrid La vuelta a Veracruz en un teclazo Despu\u00e9s de la elecci\u00f3n en el Puerto de Veracruz, la de Xalapa ser\u00e1 la elecci\u00f3n m\u00e1s tensa y vigilada en este 2025. Hay tanta efervescencia que al menos 15 personas se inscribieron en la interna de Morena y, [&hellip;]<\/p>\n","protected":false},"author":2,"featured_media":133405,"comment_status":"closed","ping_status":"closed","sticky":false,"template":"","format":"standard","meta":{"tdm_status":"","tdm_grid_status":"","footnotes":""},"categories":[70],"tags":[],"class_list":{"0":"post-135686","1":"post","2":"type-post","3":"status-publish","4":"format-standard","5":"has-post-thumbnail","7":"category-de-opinion"},"yoast_head":"<!-- This site is optimized with the Yoast SEO plugin v27.4 - https:\/\/yoast.com\/product\/yoast-seo-wordpress\/ -->\n<title>LA ELECCI\u00d3N EN XALAPA - Los pol\u00edticos Veracruz<\/title>\n<meta name=\"robots\" content=\"index, follow, max-snippet:-1, max-image-preview:large, max-video-preview:-1\" \/>\n<link rel=\"canonical\" href=\"https:\/\/lospoliticosveracruz.com\/?p=135686\" \/>\n<meta property=\"og:locale\" content=\"es_ES\" \/>\n<meta property=\"og:type\" content=\"article\" \/>\n<meta property=\"og:title\" content=\"LA ELECCI\u00d3N EN XALAPA - Los pol\u00edticos Veracruz\" \/>\n<meta property=\"og:description\" content=\"S\u00edguenos ahora tambi\u00e9n en WhatsApp.&nbsp;Da clic aqu\u00ed Yamiri Rodr\u00edguez Madrid La vuelta a Veracruz en un teclazo Despu\u00e9s de la elecci\u00f3n en el Puerto de Veracruz, la de Xalapa ser\u00e1 la elecci\u00f3n m\u00e1s tensa y vigilada en este 2025. Hay tanta efervescencia que al menos 15 personas se inscribieron en la interna de Morena y, [&hellip;]\" \/>\n<meta property=\"og:url\" content=\"https:\/\/lospoliticosveracruz.com\/?p=135686\" \/>\n<meta property=\"og:site_name\" content=\"Los pol\u00edticos Veracruz\" \/>\n<meta property=\"article:publisher\" content=\"https:\/\/www.facebook.com\/people\/Notimemes-de-los-Polticos\/61565672886568\/\" \/>\n<meta property=\"article:published_time\" content=\"2025-01-15T13:39:28+00:00\" \/>\n<meta property=\"article:modified_time\" content=\"2025-01-15T13:39:51+00:00\" \/>\n<meta property=\"og:image\" content=\"https:\/\/lospoliticosveracruz.com\/wp-content\/uploads\/2024\/12\/Yamiri.jpg\" \/>\n\t<meta property=\"og:image:width\" content=\"1250\" \/>\n\t<meta property=\"og:image:height\" content=\"667\" \/>\n\t<meta property=\"og:image:type\" content=\"image\/jpeg\" \/>\n<meta name=\"author\" content=\"Lo viste en Los Pol\u00edticos\" \/>\n<meta name=\"twitter:card\" content=\"summary_large_image\" \/>\n<meta name=\"twitter:creator\" content=\"@LosPoliticosVer\" \/>\n<meta name=\"twitter:site\" content=\"@LosPoliticosVer\" \/>\n<meta name=\"twitter:label1\" content=\"Escrito por\" \/>\n\t<meta name=\"twitter:data1\" content=\"Lo viste en Los Pol\u00edticos\" \/>\n\t<meta name=\"twitter:label2\" content=\"Tiempo de lectura\" \/>\n\t<meta name=\"twitter:data2\" content=\"2 minutos\" \/>\n<script type=\"application\/ld+json\" class=\"yoast-schema-graph\">{\"@context\":\"https:\\\/\\\/schema.org\",\"@graph\":[{\"@type\":\"Article\",\"@id\":\"https:\\\/\\\/lospoliticosveracruz.com\\\/?p=135686#article\",\"isPartOf\":{\"@id\":\"https:\\\/\\\/lospoliticosveracruz.com\\\/?p=135686\"},\"author\":{\"name\":\"Lo viste en Los Pol\u00edticos\",\"@id\":\"https:\\\/\\\/lospoliticosveracruz.com\\\/#\\\/schema\\\/person\\\/b8702bb0e538456e6efd07080bf2a4a2\"},\"headline\":\"LA ELECCI\u00d3N EN XALAPA\",\"datePublished\":\"2025-01-15T13:39:28+00:00\",\"dateModified\":\"2025-01-15T13:39:51+00:00\",\"mainEntityOfPage\":{\"@id\":\"https:\\\/\\\/lospoliticosveracruz.com\\\/?p=135686\"},\"wordCount\":404,\"publisher\":{\"@id\":\"https:\\\/\\\/lospoliticosveracruz.com\\\/#organization\"},\"image\":{\"@id\":\"https:\\\/\\\/lospoliticosveracruz.com\\\/?p=135686#primaryimage\"},\"thumbnailUrl\":\"https:\\\/\\\/lospoliticosveracruz.com\\\/wp-content\\\/uploads\\\/2024\\\/12\\\/Yamiri.jpg\",\"articleSection\":[\"De Opini\u00f3n\"],\"inLanguage\":\"es\"},{\"@type\":\"WebPage\",\"@id\":\"https:\\\/\\\/lospoliticosveracruz.com\\\/?p=135686\",\"url\":\"https:\\\/\\\/lospoliticosveracruz.com\\\/?p=135686\",\"name\":\"LA ELECCI\u00d3N EN XALAPA - Los pol\u00edticos Veracruz\",\"isPartOf\":{\"@id\":\"https:\\\/\\\/lospoliticosveracruz.com\\\/#website\"},\"primaryImageOfPage\":{\"@id\":\"https:\\\/\\\/lospoliticosveracruz.com\\\/?p=135686#primaryimage\"},\"image\":{\"@id\":\"https:\\\/\\\/lospoliticosveracruz.com\\\/?p=135686#primaryimage\"},\"thumbnailUrl\":\"https:\\\/\\\/lospoliticosveracruz.com\\\/wp-content\\\/uploads\\\/2024\\\/12\\\/Yamiri.jpg\",\"datePublished\":\"2025-01-15T13:39:28+00:00\",\"dateModified\":\"2025-01-15T13:39:51+00:00\",\"breadcrumb\":{\"@id\":\"https:\\\/\\\/lospoliticosveracruz.com\\\/?p=135686#breadcrumb\"},\"inLanguage\":\"es\",\"potentialAction\":[{\"@type\":\"ReadAction\",\"target\":[\"https:\\\/\\\/lospoliticosveracruz.com\\\/?p=135686\"]}]},{\"@type\":\"ImageObject\",\"inLanguage\":\"es\",\"@id\":\"https:\\\/\\\/lospoliticosveracruz.com\\\/?p=135686#primaryimage\",\"url\":\"https:\\\/\\\/lospoliticosveracruz.com\\\/wp-content\\\/uploads\\\/2024\\\/12\\\/Yamiri.jpg\",\"contentUrl\":\"https:\\\/\\\/lospoliticosveracruz.com\\\/wp-content\\\/uploads\\\/2024\\\/12\\\/Yamiri.jpg\",\"width\":1250,\"height\":667},{\"@type\":\"BreadcrumbList\",\"@id\":\"https:\\\/\\\/lospoliticosveracruz.com\\\/?p=135686#breadcrumb\",\"itemListElement\":[{\"@type\":\"ListItem\",\"position\":1,\"name\":\"Portada\",\"item\":\"https:\\\/\\\/lospoliticosveracruz.com\\\/\"},{\"@type\":\"ListItem\",\"position\":2,\"name\":\"LA ELECCI\u00d3N EN XALAPA\"}]},{\"@type\":\"WebSite\",\"@id\":\"https:\\\/\\\/lospoliticosveracruz.com\\\/#website\",\"url\":\"https:\\\/\\\/lospoliticosveracruz.com\\\/\",\"name\":\"Los pol\u00edticos Veracruz\",\"description\":\"\",\"publisher\":{\"@id\":\"https:\\\/\\\/lospoliticosveracruz.com\\\/#organization\"},\"potentialAction\":[{\"@type\":\"SearchAction\",\"target\":{\"@type\":\"EntryPoint\",\"urlTemplate\":\"https:\\\/\\\/lospoliticosveracruz.com\\\/?s={search_term_string}\"},\"query-input\":{\"@type\":\"PropertyValueSpecification\",\"valueRequired\":true,\"valueName\":\"search_term_string\"}}],\"inLanguage\":\"es\"},{\"@type\":\"Organization\",\"@id\":\"https:\\\/\\\/lospoliticosveracruz.com\\\/#organization\",\"name\":\"Los pol\u00edticos Veracruz\",\"url\":\"https:\\\/\\\/lospoliticosveracruz.com\\\/\",\"logo\":{\"@type\":\"ImageObject\",\"inLanguage\":\"es\",\"@id\":\"https:\\\/\\\/lospoliticosveracruz.com\\\/#\\\/schema\\\/logo\\\/image\\\/\",\"url\":\"https:\\\/\\\/lospoliticosveracruz.com\\\/wp-content\\\/uploads\\\/2025\\\/12\\\/Logo-Nuevo-LOS-POLITICOS-1.jpg\",\"contentUrl\":\"https:\\\/\\\/lospoliticosveracruz.com\\\/wp-content\\\/uploads\\\/2025\\\/12\\\/Logo-Nuevo-LOS-POLITICOS-1.jpg\",\"width\":260,\"height\":70,\"caption\":\"Los pol\u00edticos Veracruz\"},\"image\":{\"@id\":\"https:\\\/\\\/lospoliticosveracruz.com\\\/#\\\/schema\\\/logo\\\/image\\\/\"},\"sameAs\":[\"https:\\\/\\\/www.facebook.com\\\/people\\\/Notimemes-de-los-Polticos\\\/61565672886568\\\/\",\"https:\\\/\\\/x.com\\\/LosPoliticosVer\"]},{\"@type\":\"Person\",\"@id\":\"https:\\\/\\\/lospoliticosveracruz.com\\\/#\\\/schema\\\/person\\\/b8702bb0e538456e6efd07080bf2a4a2\",\"name\":\"Lo viste en Los Pol\u00edticos\",\"image\":{\"@type\":\"ImageObject\",\"inLanguage\":\"es\",\"@id\":\"https:\\\/\\\/secure.gravatar.com\\\/avatar\\\/3a8de04a2656d44082be478bd6c086daa447c4651605818287b9532d3d0bd435?s=96&d=mm&r=g\",\"url\":\"https:\\\/\\\/secure.gravatar.com\\\/avatar\\\/3a8de04a2656d44082be478bd6c086daa447c4651605818287b9532d3d0bd435?s=96&d=mm&r=g\",\"contentUrl\":\"https:\\\/\\\/secure.gravatar.com\\\/avatar\\\/3a8de04a2656d44082be478bd6c086daa447c4651605818287b9532d3d0bd435?s=96&d=mm&r=g\",\"caption\":\"Lo viste en Los Pol\u00edticos\"},\"url\":\"https:\\\/\\\/lospoliticosveracruz.com\\\/?author=2\"}]}<\/script>\n<!-- \/ Yoast SEO plugin. -->","yoast_head_json":{"title":"LA ELECCI\u00d3N EN XALAPA - Los pol\u00edticos Veracruz","robots":{"index":"index","follow":"follow","max-snippet":"max-snippet:-1","max-image-preview":"max-image-preview:large","max-video-preview":"max-video-preview:-1"},"canonical":"https:\/\/lospoliticosveracruz.com\/?p=135686","og_locale":"es_ES","og_type":"article","og_title":"LA ELECCI\u00d3N EN XALAPA - Los pol\u00edticos Veracruz","og_description":"S\u00edguenos ahora tambi\u00e9n en WhatsApp.&nbsp;Da clic aqu\u00ed Yamiri Rodr\u00edguez Madrid La vuelta a Veracruz en un teclazo Despu\u00e9s de la elecci\u00f3n en el Puerto de Veracruz, la de Xalapa ser\u00e1 la elecci\u00f3n m\u00e1s tensa y vigilada en este 2025. Hay tanta efervescencia que al menos 15 personas se inscribieron en la interna de Morena y, [&hellip;]","og_url":"https:\/\/lospoliticosveracruz.com\/?p=135686","og_site_name":"Los pol\u00edticos Veracruz","article_publisher":"https:\/\/www.facebook.com\/people\/Notimemes-de-los-Polticos\/61565672886568\/","article_published_time":"2025-01-15T13:39:28+00:00","article_modified_time":"2025-01-15T13:39:51+00:00","og_image":[{"width":1250,"height":667,"url":"https:\/\/lospoliticosveracruz.com\/wp-content\/uploads\/2024\/12\/Yamiri.jpg","type":"image\/jpeg"}],"author":"Lo viste en Los Pol\u00edticos","twitter_card":"summary_large_image","twitter_creator":"@LosPoliticosVer","twitter_site":"@LosPoliticosVer","twitter_misc":{"Escrito por":"Lo viste en Los Pol\u00edticos","Tiempo de lectura":"2 minutos"},"schema":{"@context":"https:\/\/schema.org","@graph":[{"@type":"Article","@id":"https:\/\/lospoliticosveracruz.com\/?p=135686#article","isPartOf":{"@id":"https:\/\/lospoliticosveracruz.com\/?p=135686"},"author":{"name":"Lo viste en Los Pol\u00edticos","@id":"https:\/\/lospoliticosveracruz.com\/#\/schema\/person\/b8702bb0e538456e6efd07080bf2a4a2"},"headline":"LA ELECCI\u00d3N EN XALAPA","datePublished":"2025-01-15T13:39:28+00:00","dateModified":"2025-01-15T13:39:51+00:00","mainEntityOfPage":{"@id":"https:\/\/lospoliticosveracruz.com\/?p=135686"},"wordCount":404,"publisher":{"@id":"https:\/\/lospoliticosveracruz.com\/#organization"},"image":{"@id":"https:\/\/lospoliticosveracruz.com\/?p=135686#primaryimage"},"thumbnailUrl":"https:\/\/lospoliticosveracruz.com\/wp-content\/uploads\/2024\/12\/Yamiri.jpg","articleSection":["De Opini\u00f3n"],"inLanguage":"es"},{"@type":"WebPage","@id":"https:\/\/lospoliticosveracruz.com\/?p=135686","url":"https:\/\/lospoliticosveracruz.com\/?p=135686","name":"LA ELECCI\u00d3N EN XALAPA - Los pol\u00edticos Veracruz","isPartOf":{"@id":"https:\/\/lospoliticosveracruz.com\/#website"},"primaryImageOfPage":{"@id":"https:\/\/lospoliticosveracruz.com\/?p=135686#primaryimage"},"image":{"@id":"https:\/\/lospoliticosveracruz.com\/?p=135686#primaryimage"},"thumbnailUrl":"https:\/\/lospoliticosveracruz.com\/wp-content\/uploads\/2024\/12\/Yamiri.jpg","datePublished":"2025-01-15T13:39:28+00:00","dateModified":"2025-01-15T13:39:51+00:00","breadcrumb":{"@id":"https:\/\/lospoliticosveracruz.com\/?p=135686#breadcrumb"},"inLanguage":"es","potentialAction":[{"@type":"ReadAction","target":["https:\/\/lospoliticosveracruz.com\/?p=135686"]}]},{"@type":"ImageObject","inLanguage":"es","@id":"https:\/\/lospoliticosveracruz.com\/?p=135686#primaryimage","url":"https:\/\/lospoliticosveracruz.com\/wp-content\/uploads\/2024\/12\/Yamiri.jpg","contentUrl":"https:\/\/lospoliticosveracruz.com\/wp-content\/uploads\/2024\/12\/Yamiri.jpg","width":1250,"height":667},{"@type":"BreadcrumbList","@id":"https:\/\/lospoliticosveracruz.com\/?p=135686#breadcrumb","itemListElement":[{"@type":"ListItem","position":1,"name":"Portada","item":"https:\/\/lospoliticosveracruz.com\/"},{"@type":"ListItem","position":2,"name":"LA ELECCI\u00d3N EN XALAPA"}]},{"@type":"WebSite","@id":"https:\/\/lospoliticosveracruz.com\/#website","url":"https:\/\/lospoliticosveracruz.com\/","name":"Los pol\u00edticos Veracruz","description":"","publisher":{"@id":"https:\/\/lospoliticosveracruz.com\/#organization"},"potentialAction":[{"@type":"SearchAction","target":{"@type":"EntryPoint","urlTemplate":"https:\/\/lospoliticosveracruz.com\/?s={search_term_string}"},"query-input":{"@type":"PropertyValueSpecification","valueRequired":true,"valueName":"search_term_string"}}],"inLanguage":"es"},{"@type":"Organization","@id":"https:\/\/lospoliticosveracruz.com\/#organization","name":"Los pol\u00edticos Veracruz","url":"https:\/\/lospoliticosveracruz.com\/","logo":{"@type":"ImageObject","inLanguage":"es","@id":"https:\/\/lospoliticosveracruz.com\/#\/schema\/logo\/image\/","url":"https:\/\/lospoliticosveracruz.com\/wp-content\/uploads\/2025\/12\/Logo-Nuevo-LOS-POLITICOS-1.jpg","contentUrl":"https:\/\/lospoliticosveracruz.com\/wp-content\/uploads\/2025\/12\/Logo-Nuevo-LOS-POLITICOS-1.jpg","width":260,"height":70,"caption":"Los pol\u00edticos Veracruz"},"image":{"@id":"https:\/\/lospoliticosveracruz.com\/#\/schema\/logo\/image\/"},"sameAs":["https:\/\/www.facebook.com\/people\/Notimemes-de-los-Polticos\/61565672886568\/","https:\/\/x.com\/LosPoliticosVer"]},{"@type":"Person","@id":"https:\/\/lospoliticosveracruz.com\/#\/schema\/person\/b8702bb0e538456e6efd07080bf2a4a2","name":"Lo viste en Los Pol\u00edticos","image":{"@type":"ImageObject","inLanguage":"es","@id":"https:\/\/secure.gravatar.com\/avatar\/3a8de04a2656d44082be478bd6c086daa447c4651605818287b9532d3d0bd435?s=96&d=mm&r=g","url":"https:\/\/secure.gravatar.com\/avatar\/3a8de04a2656d44082be478bd6c086daa447c4651605818287b9532d3d0bd435?s=96&d=mm&r=g","contentUrl":"https:\/\/secure.gravatar.com\/avatar\/3a8de04a2656d44082be478bd6c086daa447c4651605818287b9532d3d0bd435?s=96&d=mm&r=g","caption":"Lo viste en Los Pol\u00edticos"},"url":"https:\/\/lospoliticosveracruz.com\/?author=2"}]}},"_links":{"self":[{"href":"https:\/\/lospoliticosveracruz.com\/index.php?rest_route=\/wp\/v2\/posts\/135686","targetHints":{"allow":["GET"]}}],"collection":[{"href":"https:\/\/lospoliticosveracruz.com\/index.php?rest_route=\/wp\/v2\/posts"}],"about":[{"href":"https:\/\/lospoliticosveracruz.com\/index.php?rest_route=\/wp\/v2\/types\/post"}],"author":[{"embeddable":true,"href":"https:\/\/lospoliticosveracruz.com\/index.php?rest_route=\/wp\/v2\/users\/2"}],"replies":[{"embeddable":true,"href":"https:\/\/lospoliticosveracruz.com\/index.php?rest_route=%2Fwp%2Fv2%2Fcomments&post=135686"}],"version-history":[{"count":2,"href":"https:\/\/lospoliticosveracruz.com\/index.php?rest_route=\/wp\/v2\/posts\/135686\/revisions"}],"predecessor-version":[{"id":135688,"href":"https:\/\/lospoliticosveracruz.com\/index.php?rest_route=\/wp\/v2\/posts\/135686\/revisions\/135688"}],"wp:featuredmedia":[{"embeddable":true,"href":"https:\/\/lospoliticosveracruz.com\/index.php?rest_route=\/wp\/v2\/media\/133405"}],"wp:attachment":[{"href":"https:\/\/lospoliticosveracruz.com\/index.php?rest_route=%2Fwp%2Fv2%2Fmedia&parent=135686"}],"wp:term":[{"taxonomy":"category","embeddable":true,"href":"https:\/\/lospoliticosveracruz.com\/index.php?rest_route=%2Fwp%2Fv2%2Fcategories&post=135686"},{"taxonomy":"post_tag","embeddable":true,"href":"https:\/\/lospoliticosveracruz.com\/index.php?rest_route=%2Fwp%2Fv2%2Ftags&post=135686"}],"curies":[{"name":"wp","href":"https:\/\/api.w.org\/{rel}","templated":true}]}}