{"id":13569,"date":"2014-11-19T13:54:44","date_gmt":"2014-11-19T19:54:44","guid":{"rendered":"http:\/\/www.lospoliticosveracruz.com.mx\/?p=13569"},"modified":"2014-11-19T13:54:44","modified_gmt":"2014-11-19T19:54:44","slug":"mas-historias-de-la-mala-administracion-en-el-issste-xalapa","status":"publish","type":"post","link":"https:\/\/lospoliticosveracruz.com\/?p=13569","title":{"rendered":"M\u00e1s historias de la mala administraci\u00f3n en el ISSSTE Xalapa"},"content":{"rendered":"<p><a href=\"http:\/\/www.lospoliticosveracruz.com.mx\/wp-content\/uploads\/2014\/11\/issste.jpg\"><img loading=\"lazy\" decoding=\"async\" class=\"alignnone size-medium wp-image-13572\" src=\"http:\/\/www.lospoliticosveracruz.com.mx\/wp-content\/uploads\/2014\/11\/issste-300x212.jpg\" alt=\"issste\" width=\"300\" height=\"212\" \/><\/a><\/p>\n<p><strong>Miguel Angel Cristiani\u00a0<\/strong><\/p>\n<p><em>Bit\u00e1cora Veracruzana<\/em><br \/>\nDe muy poco servir\u00e1n los millones de pesos que se est\u00e1n invirtiendo para remodelar las instalaciones de la cl\u00ednica del ISSSTE en la capital del estado de Veracruz, que por cierto est\u00e1n quedando muy bien, con pisos y cub\u00edculos de primera, si la atenci\u00f3n y el desorden administrativo en lugar de ser de calidad, como pretenden los funcionarios en sus discursos, persisten dejando mucho que desear.<br \/>\nY no se trata de una cantidad menor o insignificante, ya que seg\u00fan declar\u00f3 el Director General del Instituto, Sebasti\u00e1n Lerdo de Tejada cuando vino a Xalapa hace apenas unas semanas, La derrama econ\u00f3mica agregada del ISSSTE para el estado de Veracruz en 2014 es de un total de nueve mil 400 millones de pesos.<br \/>\nPero mientras no se cambie la mentalidad de quienes tienen la responsabilidad de que la atenci\u00f3n, como se dice a cada rato en los discursos, en las palabras solamente, pero no en los hechos, de muy poco servir\u00e1n las modernas y brillantes instalaciones, si el servicio que se brinda no es el adecuado.<br \/>\nLa tarde de este martes, pese al pinche fr\u00edo y lluvia intensa que ca\u00eda en Xalapa, acudimos a la cita de las 18:00 horas para conocer los resultados de unos an\u00e1lisis practicados desde el 28 de octubre \u2013el mes pasado- pero como las citas son para \u201ccada San Juan\u201d, hasta ayer 18 de noviembre pudimos conseguirla.<br \/>\nLlegamos antes de la hora, porque si uno se pasa cinco minutos, ya lo vocearon, pierde su turno, pero ellos si pueden hacernos esperar, hasta dos horas, como me sucedi\u00f3 a mi.<br \/>\nResulta que cuando sali\u00f3 la enfermera auxiliar a vocear a los pacientes, le pregunt\u00e9 si estaban ya mis resultados en el expediente, sabiendo que luego no aparecen a la hora de la consulta. Efectivamente, me dijo que no estaban todav\u00eda. Veinte d\u00edas despu\u00e9s de que me fueron tomadas las muestras de orina y sangre.<br \/>\nTen\u00eda que ir yo \u2013el paciente con mucha paciencia- a pedir al archivo, que por favor buscaran entre las miles de carpetas que tienen amontonadas en los estantes, para que me dieran los resultados.<br \/>\nVoy al archivo, comienza la b\u00fasqueda, uno a uno se va sumando todo el personal, buscan arriba, buscan abajo, a la izquierda, a la derecha, en el otro pasillo\u2026y nada.<br \/>\nAmablemente, me indican que ya un compa\u00f1ero sali\u00f3 echo la mocha, al laboratorio para solicitar una copia de los resultados de mis an\u00e1lisis. Que no me preocupe, que regrese al consultorio y que en unos minutos llevar\u00e1n la copia y todo resuelto.<br \/>\nPasan los minutos, para esto ya son las 18:30 horas, llega el compa\u00f1ero que fue al archivo, entra al consultorio a hablar con la doctora \u2013seguramente para informarle que no tiene mis resultados- en efecto, al salir, me indica amablemente tambi\u00e9n, que la compa\u00f1era del laboratorio que puede imprimir una copia, se va a las 18:00 horas y que mejor regrese ma\u00f1ana a buena hora, a pedirle la copia.<br \/>\nPero eso implica perder mi turno en el consultorio y que tenga que volver a comenzar con el tedioso proceso para conseguir una nueva cita para consulta medica.<br \/>\nDe por s\u00ed, los resultados de los an\u00e1lisis que me tomaron desde hace ya m\u00e1s de quince d\u00edas, seguramente que ya han cambiado en los niveles y si me vuelvo a esperar otros quince d\u00edas, cuando logre ver al m\u00e9dico, ya quien sabe como me encuentre.<br \/>\nMientras eso sucede, del consultorio de junto, sale una joven se\u00f1ora, se dirige hacia sus familiares que la acompa\u00f1an y empieza a llorar exclamando: \u00a1Dice la doctora que no tengo nada!! No es justo, me voy a quejar con el director. A lo que su acompa\u00f1ante le responde, mejor vayamos con un m\u00e9dico particular.<br \/>\nEmpiezo a sospechar que no es mala la idea, que yo tambi\u00e9n deb\u00ed de haber acudido a un laboratorio particular para checar mi salud y no dejarla en manos de un aparato burocr\u00e1tico que no logra funcionar adecuadamente.<br \/>\nPero un testigo de mi asunto, me recomienda que vaya a la subdirecci\u00f3n, para pedir que me hagan el favor de solicitar al laboratorio mis resultados.<br \/>\nAh\u00ed tambi\u00e9n soy atendido amablemente, el doctor me hace un papelito a mano, donde le pide el favor a un qu\u00edmico en el laboratorio, que lo ayude con la copia de mis an\u00e1lisis.<br \/>\nSigue mi peregrinar por las nuevas y flamantes instalaciones del ISSSTE en Xalapa, ahora voy al laboratorio, en donde estaban checando si una muestras de sangre son de quien dicen que son, le entreg\u00f3 al contacto mi papelito-solicitud de copia y procede a entrar a la computadora para imprimir la tan anhelada copia.<br \/>\nPor fin, puedo ver como ando de salud y al parecer todav\u00eda no me voy a morir tan pronto, mis niveles andan bien, aunque un poco alto el colesterol, la pr\u00f3stata\u2026. \u00a1a todo dar!.<br \/>\nRegreso bajo la lluvia y el fr\u00edo al consultorio, pero como ya son las ocho de la noche, la doctora me informa \u2013amablemente- que mi cita era para las seis de la tarde, por lo que ya perd\u00ed mi turno al no responder cuando me llamaron, aunque andaba yo en la procesi\u00f3n de la visita a las siete casas, archivo, laboratorio, subdireccion, laboratorio, consultorio.<br \/>\nPero que si espero a que pase el \u00faltimo paciente del d\u00eda, entonces gustosamente, me atender\u00e1.<br \/>\nPues ya que, total, yo soy paciente, paciente y no lloro, aunque s\u00ed me encabrone.<\/p>\n<p><img loading=\"lazy\" decoding=\"async\" class=\"alignnone size-medium wp-image-13571\" src=\"http:\/\/www.lospoliticosveracruz.com.mx\/wp-content\/uploads\/2014\/11\/issste-2-168x300.jpg\" alt=\"issste 2\" width=\"168\" height=\"300\" \/><\/p>\n","protected":false},"excerpt":{"rendered":"<p>Miguel Angel Cristiani\u00a0 Bit\u00e1cora Veracruzana De muy poco servir\u00e1n los millones de pesos que se est\u00e1n invirtiendo para remodelar las instalaciones de la cl\u00ednica del ISSSTE en la capital del estado de Veracruz, que por cierto est\u00e1n quedando muy bien, con pisos y cub\u00edculos de primera, si la atenci\u00f3n y el desorden administrativo en lugar [&hellip;]<\/p>\n","protected":false},"author":2,"featured_media":0,"comment_status":"open","ping_status":"open","sticky":false,"template":"","format":"standard","meta":{"tdm_status":"","tdm_grid_status":"","footnotes":""},"categories":[70],"tags":[895,195,96],"class_list":{"0":"post-13569","1":"post","2":"type-post","3":"status-publish","4":"format-standard","6":"category-de-opinion","7":"tag-issste","8":"tag-veracruz","9":"tag-xalapa"},"yoast_head":"<!-- This site is optimized with the Yoast SEO plugin v27.4 - https:\/\/yoast.com\/product\/yoast-seo-wordpress\/ -->\n<title>M\u00e1s historias de la mala administraci\u00f3n en el ISSSTE Xalapa - Los pol\u00edticos Veracruz<\/title>\n<meta name=\"robots\" content=\"index, follow, max-snippet:-1, max-image-preview:large, max-video-preview:-1\" \/>\n<link rel=\"canonical\" href=\"https:\/\/lospoliticosveracruz.com\/?p=13569\" \/>\n<meta property=\"og:locale\" content=\"es_ES\" \/>\n<meta property=\"og:type\" content=\"article\" \/>\n<meta property=\"og:title\" content=\"M\u00e1s historias de la mala administraci\u00f3n en el ISSSTE Xalapa - Los pol\u00edticos Veracruz\" \/>\n<meta property=\"og:description\" content=\"Miguel Angel Cristiani\u00a0 Bit\u00e1cora Veracruzana De muy poco servir\u00e1n los millones de pesos que se est\u00e1n invirtiendo para remodelar las instalaciones de la cl\u00ednica del ISSSTE en la capital del estado de Veracruz, que por cierto est\u00e1n quedando muy bien, con pisos y cub\u00edculos de primera, si la atenci\u00f3n y el desorden administrativo en lugar [&hellip;]\" \/>\n<meta property=\"og:url\" content=\"https:\/\/lospoliticosveracruz.com\/?p=13569\" \/>\n<meta property=\"og:site_name\" content=\"Los pol\u00edticos Veracruz\" \/>\n<meta property=\"article:publisher\" content=\"https:\/\/www.facebook.com\/people\/Notimemes-de-los-Polticos\/61565672886568\/\" \/>\n<meta property=\"article:published_time\" content=\"2014-11-19T19:54:44+00:00\" \/>\n<meta property=\"og:image\" content=\"http:\/\/www.lospoliticosveracruz.com.mx\/wp-content\/uploads\/2014\/11\/issste-300x212.jpg\" \/>\n<meta name=\"author\" content=\"Lo viste en Los Pol\u00edticos\" \/>\n<meta name=\"twitter:card\" content=\"summary_large_image\" \/>\n<meta name=\"twitter:creator\" content=\"@LosPoliticosVer\" \/>\n<meta name=\"twitter:site\" content=\"@LosPoliticosVer\" \/>\n<meta name=\"twitter:label1\" content=\"Escrito por\" \/>\n\t<meta name=\"twitter:data1\" content=\"Lo viste en Los Pol\u00edticos\" \/>\n\t<meta name=\"twitter:label2\" content=\"Tiempo de lectura\" \/>\n\t<meta name=\"twitter:data2\" content=\"5 minutos\" \/>\n<script type=\"application\/ld+json\" class=\"yoast-schema-graph\">{\"@context\":\"https:\\\/\\\/schema.org\",\"@graph\":[{\"@type\":\"Article\",\"@id\":\"https:\\\/\\\/lospoliticosveracruz.com\\\/?p=13569#article\",\"isPartOf\":{\"@id\":\"https:\\\/\\\/lospoliticosveracruz.com\\\/?p=13569\"},\"author\":{\"name\":\"Lo viste en Los Pol\u00edticos\",\"@id\":\"https:\\\/\\\/lospoliticosveracruz.com\\\/#\\\/schema\\\/person\\\/b8702bb0e538456e6efd07080bf2a4a2\"},\"headline\":\"M\u00e1s historias de la mala administraci\u00f3n en el ISSSTE Xalapa\",\"datePublished\":\"2014-11-19T19:54:44+00:00\",\"mainEntityOfPage\":{\"@id\":\"https:\\\/\\\/lospoliticosveracruz.com\\\/?p=13569\"},\"wordCount\":956,\"commentCount\":0,\"publisher\":{\"@id\":\"https:\\\/\\\/lospoliticosveracruz.com\\\/#organization\"},\"image\":{\"@id\":\"https:\\\/\\\/lospoliticosveracruz.com\\\/?p=13569#primaryimage\"},\"thumbnailUrl\":\"http:\\\/\\\/www.lospoliticosveracruz.com.mx\\\/wp-content\\\/uploads\\\/2014\\\/11\\\/issste-300x212.jpg\",\"keywords\":[\"Issste\",\"Veracruz\",\"Xalapa\"],\"articleSection\":[\"De Opini\u00f3n\"],\"inLanguage\":\"es\",\"potentialAction\":[{\"@type\":\"CommentAction\",\"name\":\"Comment\",\"target\":[\"https:\\\/\\\/lospoliticosveracruz.com\\\/?p=13569#respond\"]}]},{\"@type\":\"WebPage\",\"@id\":\"https:\\\/\\\/lospoliticosveracruz.com\\\/?p=13569\",\"url\":\"https:\\\/\\\/lospoliticosveracruz.com\\\/?p=13569\",\"name\":\"M\u00e1s historias de la mala administraci\u00f3n en el ISSSTE Xalapa - Los pol\u00edticos Veracruz\",\"isPartOf\":{\"@id\":\"https:\\\/\\\/lospoliticosveracruz.com\\\/#website\"},\"primaryImageOfPage\":{\"@id\":\"https:\\\/\\\/lospoliticosveracruz.com\\\/?p=13569#primaryimage\"},\"image\":{\"@id\":\"https:\\\/\\\/lospoliticosveracruz.com\\\/?p=13569#primaryimage\"},\"thumbnailUrl\":\"http:\\\/\\\/www.lospoliticosveracruz.com.mx\\\/wp-content\\\/uploads\\\/2014\\\/11\\\/issste-300x212.jpg\",\"datePublished\":\"2014-11-19T19:54:44+00:00\",\"breadcrumb\":{\"@id\":\"https:\\\/\\\/lospoliticosveracruz.com\\\/?p=13569#breadcrumb\"},\"inLanguage\":\"es\",\"potentialAction\":[{\"@type\":\"ReadAction\",\"target\":[\"https:\\\/\\\/lospoliticosveracruz.com\\\/?p=13569\"]}]},{\"@type\":\"ImageObject\",\"inLanguage\":\"es\",\"@id\":\"https:\\\/\\\/lospoliticosveracruz.com\\\/?p=13569#primaryimage\",\"url\":\"http:\\\/\\\/www.lospoliticosveracruz.com.mx\\\/wp-content\\\/uploads\\\/2014\\\/11\\\/issste-300x212.jpg\",\"contentUrl\":\"http:\\\/\\\/www.lospoliticosveracruz.com.mx\\\/wp-content\\\/uploads\\\/2014\\\/11\\\/issste-300x212.jpg\"},{\"@type\":\"BreadcrumbList\",\"@id\":\"https:\\\/\\\/lospoliticosveracruz.com\\\/?p=13569#breadcrumb\",\"itemListElement\":[{\"@type\":\"ListItem\",\"position\":1,\"name\":\"Portada\",\"item\":\"https:\\\/\\\/lospoliticosveracruz.com\\\/\"},{\"@type\":\"ListItem\",\"position\":2,\"name\":\"M\u00e1s historias de la mala administraci\u00f3n en el ISSSTE Xalapa\"}]},{\"@type\":\"WebSite\",\"@id\":\"https:\\\/\\\/lospoliticosveracruz.com\\\/#website\",\"url\":\"https:\\\/\\\/lospoliticosveracruz.com\\\/\",\"name\":\"Los pol\u00edticos Veracruz\",\"description\":\"\",\"publisher\":{\"@id\":\"https:\\\/\\\/lospoliticosveracruz.com\\\/#organization\"},\"potentialAction\":[{\"@type\":\"SearchAction\",\"target\":{\"@type\":\"EntryPoint\",\"urlTemplate\":\"https:\\\/\\\/lospoliticosveracruz.com\\\/?s={search_term_string}\"},\"query-input\":{\"@type\":\"PropertyValueSpecification\",\"valueRequired\":true,\"valueName\":\"search_term_string\"}}],\"inLanguage\":\"es\"},{\"@type\":\"Organization\",\"@id\":\"https:\\\/\\\/lospoliticosveracruz.com\\\/#organization\",\"name\":\"Los pol\u00edticos Veracruz\",\"url\":\"https:\\\/\\\/lospoliticosveracruz.com\\\/\",\"logo\":{\"@type\":\"ImageObject\",\"inLanguage\":\"es\",\"@id\":\"https:\\\/\\\/lospoliticosveracruz.com\\\/#\\\/schema\\\/logo\\\/image\\\/\",\"url\":\"https:\\\/\\\/lospoliticosveracruz.com\\\/wp-content\\\/uploads\\\/2025\\\/12\\\/Logo-Nuevo-LOS-POLITICOS-1.jpg\",\"contentUrl\":\"https:\\\/\\\/lospoliticosveracruz.com\\\/wp-content\\\/uploads\\\/2025\\\/12\\\/Logo-Nuevo-LOS-POLITICOS-1.jpg\",\"width\":260,\"height\":70,\"caption\":\"Los pol\u00edticos Veracruz\"},\"image\":{\"@id\":\"https:\\\/\\\/lospoliticosveracruz.com\\\/#\\\/schema\\\/logo\\\/image\\\/\"},\"sameAs\":[\"https:\\\/\\\/www.facebook.com\\\/people\\\/Notimemes-de-los-Polticos\\\/61565672886568\\\/\",\"https:\\\/\\\/x.com\\\/LosPoliticosVer\"]},{\"@type\":\"Person\",\"@id\":\"https:\\\/\\\/lospoliticosveracruz.com\\\/#\\\/schema\\\/person\\\/b8702bb0e538456e6efd07080bf2a4a2\",\"name\":\"Lo viste en Los Pol\u00edticos\",\"image\":{\"@type\":\"ImageObject\",\"inLanguage\":\"es\",\"@id\":\"https:\\\/\\\/secure.gravatar.com\\\/avatar\\\/3a8de04a2656d44082be478bd6c086daa447c4651605818287b9532d3d0bd435?s=96&d=mm&r=g\",\"url\":\"https:\\\/\\\/secure.gravatar.com\\\/avatar\\\/3a8de04a2656d44082be478bd6c086daa447c4651605818287b9532d3d0bd435?s=96&d=mm&r=g\",\"contentUrl\":\"https:\\\/\\\/secure.gravatar.com\\\/avatar\\\/3a8de04a2656d44082be478bd6c086daa447c4651605818287b9532d3d0bd435?s=96&d=mm&r=g\",\"caption\":\"Lo viste en Los Pol\u00edticos\"},\"url\":\"https:\\\/\\\/lospoliticosveracruz.com\\\/?author=2\"}]}<\/script>\n<!-- \/ Yoast SEO plugin. -->","yoast_head_json":{"title":"M\u00e1s historias de la mala administraci\u00f3n en el ISSSTE Xalapa - Los pol\u00edticos Veracruz","robots":{"index":"index","follow":"follow","max-snippet":"max-snippet:-1","max-image-preview":"max-image-preview:large","max-video-preview":"max-video-preview:-1"},"canonical":"https:\/\/lospoliticosveracruz.com\/?p=13569","og_locale":"es_ES","og_type":"article","og_title":"M\u00e1s historias de la mala administraci\u00f3n en el ISSSTE Xalapa - Los pol\u00edticos Veracruz","og_description":"Miguel Angel Cristiani\u00a0 Bit\u00e1cora Veracruzana De muy poco servir\u00e1n los millones de pesos que se est\u00e1n invirtiendo para remodelar las instalaciones de la cl\u00ednica del ISSSTE en la capital del estado de Veracruz, que por cierto est\u00e1n quedando muy bien, con pisos y cub\u00edculos de primera, si la atenci\u00f3n y el desorden administrativo en lugar [&hellip;]","og_url":"https:\/\/lospoliticosveracruz.com\/?p=13569","og_site_name":"Los pol\u00edticos Veracruz","article_publisher":"https:\/\/www.facebook.com\/people\/Notimemes-de-los-Polticos\/61565672886568\/","article_published_time":"2014-11-19T19:54:44+00:00","og_image":[{"url":"http:\/\/www.lospoliticosveracruz.com.mx\/wp-content\/uploads\/2014\/11\/issste-300x212.jpg","type":"","width":"","height":""}],"author":"Lo viste en Los Pol\u00edticos","twitter_card":"summary_large_image","twitter_creator":"@LosPoliticosVer","twitter_site":"@LosPoliticosVer","twitter_misc":{"Escrito por":"Lo viste en Los Pol\u00edticos","Tiempo de lectura":"5 minutos"},"schema":{"@context":"https:\/\/schema.org","@graph":[{"@type":"Article","@id":"https:\/\/lospoliticosveracruz.com\/?p=13569#article","isPartOf":{"@id":"https:\/\/lospoliticosveracruz.com\/?p=13569"},"author":{"name":"Lo viste en Los Pol\u00edticos","@id":"https:\/\/lospoliticosveracruz.com\/#\/schema\/person\/b8702bb0e538456e6efd07080bf2a4a2"},"headline":"M\u00e1s historias de la mala administraci\u00f3n en el ISSSTE Xalapa","datePublished":"2014-11-19T19:54:44+00:00","mainEntityOfPage":{"@id":"https:\/\/lospoliticosveracruz.com\/?p=13569"},"wordCount":956,"commentCount":0,"publisher":{"@id":"https:\/\/lospoliticosveracruz.com\/#organization"},"image":{"@id":"https:\/\/lospoliticosveracruz.com\/?p=13569#primaryimage"},"thumbnailUrl":"http:\/\/www.lospoliticosveracruz.com.mx\/wp-content\/uploads\/2014\/11\/issste-300x212.jpg","keywords":["Issste","Veracruz","Xalapa"],"articleSection":["De Opini\u00f3n"],"inLanguage":"es","potentialAction":[{"@type":"CommentAction","name":"Comment","target":["https:\/\/lospoliticosveracruz.com\/?p=13569#respond"]}]},{"@type":"WebPage","@id":"https:\/\/lospoliticosveracruz.com\/?p=13569","url":"https:\/\/lospoliticosveracruz.com\/?p=13569","name":"M\u00e1s historias de la mala administraci\u00f3n en el ISSSTE Xalapa - Los pol\u00edticos Veracruz","isPartOf":{"@id":"https:\/\/lospoliticosveracruz.com\/#website"},"primaryImageOfPage":{"@id":"https:\/\/lospoliticosveracruz.com\/?p=13569#primaryimage"},"image":{"@id":"https:\/\/lospoliticosveracruz.com\/?p=13569#primaryimage"},"thumbnailUrl":"http:\/\/www.lospoliticosveracruz.com.mx\/wp-content\/uploads\/2014\/11\/issste-300x212.jpg","datePublished":"2014-11-19T19:54:44+00:00","breadcrumb":{"@id":"https:\/\/lospoliticosveracruz.com\/?p=13569#breadcrumb"},"inLanguage":"es","potentialAction":[{"@type":"ReadAction","target":["https:\/\/lospoliticosveracruz.com\/?p=13569"]}]},{"@type":"ImageObject","inLanguage":"es","@id":"https:\/\/lospoliticosveracruz.com\/?p=13569#primaryimage","url":"http:\/\/www.lospoliticosveracruz.com.mx\/wp-content\/uploads\/2014\/11\/issste-300x212.jpg","contentUrl":"http:\/\/www.lospoliticosveracruz.com.mx\/wp-content\/uploads\/2014\/11\/issste-300x212.jpg"},{"@type":"BreadcrumbList","@id":"https:\/\/lospoliticosveracruz.com\/?p=13569#breadcrumb","itemListElement":[{"@type":"ListItem","position":1,"name":"Portada","item":"https:\/\/lospoliticosveracruz.com\/"},{"@type":"ListItem","position":2,"name":"M\u00e1s historias de la mala administraci\u00f3n en el ISSSTE Xalapa"}]},{"@type":"WebSite","@id":"https:\/\/lospoliticosveracruz.com\/#website","url":"https:\/\/lospoliticosveracruz.com\/","name":"Los pol\u00edticos Veracruz","description":"","publisher":{"@id":"https:\/\/lospoliticosveracruz.com\/#organization"},"potentialAction":[{"@type":"SearchAction","target":{"@type":"EntryPoint","urlTemplate":"https:\/\/lospoliticosveracruz.com\/?s={search_term_string}"},"query-input":{"@type":"PropertyValueSpecification","valueRequired":true,"valueName":"search_term_string"}}],"inLanguage":"es"},{"@type":"Organization","@id":"https:\/\/lospoliticosveracruz.com\/#organization","name":"Los pol\u00edticos Veracruz","url":"https:\/\/lospoliticosveracruz.com\/","logo":{"@type":"ImageObject","inLanguage":"es","@id":"https:\/\/lospoliticosveracruz.com\/#\/schema\/logo\/image\/","url":"https:\/\/lospoliticosveracruz.com\/wp-content\/uploads\/2025\/12\/Logo-Nuevo-LOS-POLITICOS-1.jpg","contentUrl":"https:\/\/lospoliticosveracruz.com\/wp-content\/uploads\/2025\/12\/Logo-Nuevo-LOS-POLITICOS-1.jpg","width":260,"height":70,"caption":"Los pol\u00edticos Veracruz"},"image":{"@id":"https:\/\/lospoliticosveracruz.com\/#\/schema\/logo\/image\/"},"sameAs":["https:\/\/www.facebook.com\/people\/Notimemes-de-los-Polticos\/61565672886568\/","https:\/\/x.com\/LosPoliticosVer"]},{"@type":"Person","@id":"https:\/\/lospoliticosveracruz.com\/#\/schema\/person\/b8702bb0e538456e6efd07080bf2a4a2","name":"Lo viste en Los Pol\u00edticos","image":{"@type":"ImageObject","inLanguage":"es","@id":"https:\/\/secure.gravatar.com\/avatar\/3a8de04a2656d44082be478bd6c086daa447c4651605818287b9532d3d0bd435?s=96&d=mm&r=g","url":"https:\/\/secure.gravatar.com\/avatar\/3a8de04a2656d44082be478bd6c086daa447c4651605818287b9532d3d0bd435?s=96&d=mm&r=g","contentUrl":"https:\/\/secure.gravatar.com\/avatar\/3a8de04a2656d44082be478bd6c086daa447c4651605818287b9532d3d0bd435?s=96&d=mm&r=g","caption":"Lo viste en Los Pol\u00edticos"},"url":"https:\/\/lospoliticosveracruz.com\/?author=2"}]}},"_links":{"self":[{"href":"https:\/\/lospoliticosveracruz.com\/index.php?rest_route=\/wp\/v2\/posts\/13569","targetHints":{"allow":["GET"]}}],"collection":[{"href":"https:\/\/lospoliticosveracruz.com\/index.php?rest_route=\/wp\/v2\/posts"}],"about":[{"href":"https:\/\/lospoliticosveracruz.com\/index.php?rest_route=\/wp\/v2\/types\/post"}],"author":[{"embeddable":true,"href":"https:\/\/lospoliticosveracruz.com\/index.php?rest_route=\/wp\/v2\/users\/2"}],"replies":[{"embeddable":true,"href":"https:\/\/lospoliticosveracruz.com\/index.php?rest_route=%2Fwp%2Fv2%2Fcomments&post=13569"}],"version-history":[{"count":2,"href":"https:\/\/lospoliticosveracruz.com\/index.php?rest_route=\/wp\/v2\/posts\/13569\/revisions"}],"predecessor-version":[{"id":13573,"href":"https:\/\/lospoliticosveracruz.com\/index.php?rest_route=\/wp\/v2\/posts\/13569\/revisions\/13573"}],"wp:attachment":[{"href":"https:\/\/lospoliticosveracruz.com\/index.php?rest_route=%2Fwp%2Fv2%2Fmedia&parent=13569"}],"wp:term":[{"taxonomy":"category","embeddable":true,"href":"https:\/\/lospoliticosveracruz.com\/index.php?rest_route=%2Fwp%2Fv2%2Fcategories&post=13569"},{"taxonomy":"post_tag","embeddable":true,"href":"https:\/\/lospoliticosveracruz.com\/index.php?rest_route=%2Fwp%2Fv2%2Ftags&post=13569"}],"curies":[{"name":"wp","href":"https:\/\/api.w.org\/{rel}","templated":true}]}}