{"id":13574,"date":"2014-11-19T21:31:52","date_gmt":"2014-11-20T03:31:52","guid":{"rendered":"http:\/\/www.lospoliticosveracruz.com.mx\/?p=13574"},"modified":"2014-11-19T21:31:52","modified_gmt":"2014-11-20T03:31:52","slug":"me-explicas-lo-que-estoy-pensando","status":"publish","type":"post","link":"https:\/\/lospoliticosveracruz.com\/?p=13574","title":{"rendered":"\u00bfMe explicas lo que estoy pensando?"},"content":{"rendered":"<p><a href=\"http:\/\/www.lospoliticosveracruz.com.mx\/wp-content\/uploads\/2009\/04\/Duarte.jpg\"><img loading=\"lazy\" decoding=\"async\" class=\"alignnone size-medium wp-image-11868\" src=\"http:\/\/www.lospoliticosveracruz.com.mx\/wp-content\/uploads\/2009\/04\/Duarte-198x300.jpg\" alt=\"Duarte\" width=\"198\" height=\"300\" srcset=\"https:\/\/lospoliticosveracruz.com\/wp-content\/uploads\/2009\/04\/Duarte-198x300.jpg 198w, https:\/\/lospoliticosveracruz.com\/wp-content\/uploads\/2009\/04\/Duarte.jpg 679w\" sizes=\"auto, (max-width: 198px) 100vw, 198px\" \/><\/a><\/p>\n<p><strong>Pedro Manterola<\/strong><\/p>\n<p><em>Hoja de Ruta<\/em><br \/>\nEscuchar opiniones sin distinguir qui\u00e9n dice qu\u00e9 y por qu\u00e9, descalificar de antemano a los de enfrente, apuntalar nuestros criterios con predilecciones, divagaciones y prejuicios, encubrir ofensas y escarnios tras la desamparada y bulliciosa libertad de expresi\u00f3n, criticar por rutina selectiva, sin elementos, datos ni contrastes, dar por irrebatible todo testimonio de nuestros partidarios, objetar por falsario todo lo que diga y haga el adversario, darnos la raz\u00f3n frente el espejo, son todas costumbres arraigadas y extendidas en la plaza p\u00fablica y en la red. Equivale a apreciar una pel\u00edcula con ojos cerrados, a sentirse timonel mientras se contempla la tempestad desde la orilla, a censurar un libro porque no nos gusta la portada. Es como armar un rompecabezas con tijeras. Es igual que ir a misa los domingos, dar el saludo de paz a un desconocido, repetir que amar\u00e1s a tu pr\u00f3jimo como a ti mismo, y llegar al lunes siendo el mismo ego\u00edsta taimado y envidioso. Es reprobar a un alumno porque su letra no te gusta, porque sus ojos te perturban, porque no te saluda por la calle. Es injusto, absurdo, innecesario.<br \/>\nEs apremiante criticar, proponer, deliberar, dialogar, intercambiar argumentos, premisas, opiniones. Sin obst\u00e1culos, condiciones ni chantajes. No se\u00f1alar, no subrayar, develar ni debatir es aceptar la condena a la barbarie, es negarnos la posibilidad de ser sociables sin necesidad de ser amigos \u00edntimos, es negarnos a ser civilizados y pretender erigirnos en cabales ciudadanos. Es una contradicci\u00f3n, es aspirar al futuro desde la incertidumbre de las verdades absolutas.<br \/>\nEl gobernante no es tutor ni capataz. Es responsable de garantizar la convivencia arm\u00f3nica de la sociedad. Y los ciudadanos estamos obligados a exigir que cumpla ese deber, y al mismo tiempo a asumir el compromiso de acatar reglas y medidas que nos emparejen y equilibren. Todos somos plurales y tolerantes hasta que alguien nos contradice. Entonces convencer pasa por corregir al otro, por rectificar sus pensamientos, por reconstruir sus antipatriotas y desorientadas rutas mentales.<br \/>\nNadie en sus cabales festina un pa\u00eds cuyo escudo nacional est\u00e1 a punto de convertirse en una l\u00e1pida. Nadie con neuronas f\u00e9rtiles aplaude actos violentos, aprueba la corrupci\u00f3n, elogia la impunidad. No hay un ser humano digno de ese nombre que lucre con los vivos y los muertos, que incite al salvajismo, que pretenda erigir un futuro desde las cenizas.<br \/>\n\u201cCrimen de estado\u201d, \u201crenuncia\u201d, \u201cpresidente\u201d, \u201cautonom\u00eda\u201d, \u201cprovocadores\u201d, \u201cestudiantes\u201d, \u201cuniversidad\u201d, \u201cpolic\u00eda\u201d son palabras que en manos irresponsables se convierten en machetes. Y las navajas no son cachivaches. Son herramientas, utensilios que requieren un m\u00ednimo cuidado en su uso y destino. A menos que se pretenda convertir los instrumentos en corazas y cambiarlos por bayonetas que justifiquen la rapi\u00f1a.<br \/>\nNo es despreciable la pol\u00edtica. Es una condici\u00f3n para construir gobiernos y sociedades democr\u00e1ticas, plurales, progresistas, tolerantes. Son indignos de ejercerla los corruptos, in\u00fatiles y serviles que han lucrado con esta actividad, del color que sean, con la casaca que porten y las banderas que enarbolen. La pol\u00edtica desplegada con \u00e9tica y a plenitud es contraria a la usura, la prebenda, el oportunismo y la violencia. Si queremos darle un sentido diferente, si pretendemos desterrar el cambalache de intereses personales en una actividad nacida para debatir y dirimir las diferencias, hay que revalorar la pol\u00edtica e intensificar nuestra participaci\u00f3n en sus procesos. Hacerlo con responsabilidad, informaci\u00f3n, reglas claras y parejas, antes de convertirnos en aquellos seres desp\u00f3ticos que tanto despreciamos. No hay caminos m\u00e1s democr\u00e1ticos que la pol\u00edtica entendida como di\u00e1logo, no hay di\u00e1logo sin argumentos, no hay argumentos sin ideas, no hay ideas si no entendemos las palabras, no hay palabras si carecemos de conceptos, no hay conceptos sin informaci\u00f3n, no hay informaci\u00f3n sin datos ciertos. Sin hechos comprobados no hay debate posible. Hay doctrinas, credos, dogmas que enra\u00edzan por igual en la calle que en el templete y la tribuna, con un micr\u00f3fono en la mano o apoltronados detr\u00e1s un escritorio.<br \/>\nLa cr\u00edtica implica observaci\u00f3n, informaci\u00f3n, discernimiento. No se usa la cr\u00edtica como dardo, sino como idea, como punto de referencia, como preludio de una propuesta. No es reproche, es soluci\u00f3n. Pero eso ni el chantajista ni el soberbio van a entenderlo.<br \/>\nTenemos gobernadores que recortan sexenios seg\u00fan sus ansias, gusto y beneficio. Demandamos explicaciones para descalificar al que las ofrece. Recibimos explicaciones que nos dejan con m\u00e1s dudas. Leemos y escuchamos medios que cuadran verdades y testimonios seg\u00fan el monto de tarifas y facturas. Tendremos candidatos que persuaden voluntades con cheques al portador. Exigimos la renuncia del Presidente como la soluci\u00f3n a todos los problemas, y antes nos endosaron la elecci\u00f3n del mismo gobernante como remedio a todos nuestros males. Las dos cosas son igual de falsas, y las dijeron personajes diferentes.<br \/>\nSi no se va, que se larguen los que no sirven, y que ejerza el liderazgo que se exige a un Presidente. Despu\u00e9s de la reprobada gira a China y Australia, uno pensar\u00eda que el Ejecutivo iba a regresar con decisiones y estrategias claras, precisas, distintas. Pero no. Nom\u00e1s vino a rega\u00f1arnos. Y para seguir as\u00ed, podr\u00eda regresarse a abrazar pandas y koalas.<br \/>\nSe viven tiempos de democracia sin dem\u00f3cratas, poder sin poderosos, anarquismo sin anarquistas y arbitrariedades sin arbitrarios. Y de los tres, el primero requiere m\u00e1s protagonistas. Descalificar la pol\u00edtica contribuye al desprestigio que otros le transmiten con sus actos. Exigir y lograr que sea un espacio com\u00fan de intercambio de datos, an\u00e1lisis, participaci\u00f3n y propuestas le devolver\u00e1 el sentido original que la concibe.<br \/>\nSoy ingenuo, s\u00ed. S\u00e9 que hay intereses de todo tipo, en todas partes. Mientras los gobernantes se sienten todopoderosos e infalibles, hay sectores que dialogan, debaten y se convencen a s\u00ed mismos, con la misma certeza de su infalibilidad. Son iguales. Pretenden imponer una visi\u00f3n, un solo pensamiento, un criterio acr\u00edtico que confunde el gobierno con un reino y la estridencia con la indignaci\u00f3n.<br \/>\nPodr\u00edamos empezar por entender que el enemigo com\u00fan es la violencia. Que el terror nace de a\u00f1os de complicidad e indiferencia gubernamental ante la delincuencia, la miseria y la desigualdad. Ellos son los responsables. Nosotros tambi\u00e9n, por desidia, desesperaci\u00f3n o irreflexi\u00f3n. Pero los culpables est\u00e1n en otra parte, y se entretienen viendo el \u00e9xito de su astucia. Provocar distancias y disputas entre sectores ciudadanos, partidos y gobierno, para debilitar los flancos desde los que podr\u00edan ser vencidos.<br \/>\nEso creo, eso pienso. A menos, claro, que t\u00fa puedas explicarme mejor que yo qu\u00e9 es lo que estoy pensando.<\/p>\n","protected":false},"excerpt":{"rendered":"<p>Pedro Manterola Hoja de Ruta Escuchar opiniones sin distinguir qui\u00e9n dice qu\u00e9 y por qu\u00e9, descalificar de antemano a los de enfrente, apuntalar nuestros criterios con predilecciones, divagaciones y prejuicios, encubrir ofensas y escarnios tras la desamparada y bulliciosa libertad de expresi\u00f3n, criticar por rutina selectiva, sin elementos, datos ni contrastes, dar por irrebatible todo [&hellip;]<\/p>\n","protected":false},"author":2,"featured_media":0,"comment_status":"open","ping_status":"open","sticky":false,"template":"","format":"standard","meta":{"tdm_status":"","tdm_grid_status":"","footnotes":""},"categories":[70],"tags":[896,844,797,899,897],"class_list":{"0":"post-13574","1":"post","2":"type-post","3":"status-publish","4":"format-standard","6":"category-de-opinion","7":"tag-crimen-de-estado","8":"tag-estudiantes","9":"tag-presidente","10":"tag-provocadores","11":"tag-renuncia"},"yoast_head":"<!-- This site is optimized with the Yoast SEO plugin v27.4 - https:\/\/yoast.com\/product\/yoast-seo-wordpress\/ -->\n<title>\u00bfMe explicas lo que estoy pensando? - Los pol\u00edticos Veracruz<\/title>\n<meta name=\"robots\" content=\"index, follow, max-snippet:-1, max-image-preview:large, max-video-preview:-1\" \/>\n<link rel=\"canonical\" href=\"https:\/\/lospoliticosveracruz.com\/?p=13574\" \/>\n<meta property=\"og:locale\" content=\"es_ES\" \/>\n<meta property=\"og:type\" content=\"article\" \/>\n<meta property=\"og:title\" content=\"\u00bfMe explicas lo que estoy pensando? - Los pol\u00edticos Veracruz\" \/>\n<meta property=\"og:description\" content=\"Pedro Manterola Hoja de Ruta Escuchar opiniones sin distinguir qui\u00e9n dice qu\u00e9 y por qu\u00e9, descalificar de antemano a los de enfrente, apuntalar nuestros criterios con predilecciones, divagaciones y prejuicios, encubrir ofensas y escarnios tras la desamparada y bulliciosa libertad de expresi\u00f3n, criticar por rutina selectiva, sin elementos, datos ni contrastes, dar por irrebatible todo [&hellip;]\" \/>\n<meta property=\"og:url\" content=\"https:\/\/lospoliticosveracruz.com\/?p=13574\" \/>\n<meta property=\"og:site_name\" content=\"Los pol\u00edticos Veracruz\" \/>\n<meta property=\"article:publisher\" content=\"https:\/\/www.facebook.com\/people\/Notimemes-de-los-Polticos\/61565672886568\/\" \/>\n<meta property=\"article:published_time\" content=\"2014-11-20T03:31:52+00:00\" \/>\n<meta property=\"og:image\" content=\"http:\/\/www.lospoliticosveracruz.com.mx\/wp-content\/uploads\/2009\/04\/Duarte-198x300.jpg\" \/>\n<meta name=\"author\" content=\"Lo viste en Los Pol\u00edticos\" \/>\n<meta name=\"twitter:card\" content=\"summary_large_image\" \/>\n<meta name=\"twitter:creator\" content=\"@LosPoliticosVer\" \/>\n<meta name=\"twitter:site\" content=\"@LosPoliticosVer\" \/>\n<meta name=\"twitter:label1\" content=\"Escrito por\" \/>\n\t<meta name=\"twitter:data1\" content=\"Lo viste en Los Pol\u00edticos\" \/>\n\t<meta name=\"twitter:label2\" content=\"Tiempo de lectura\" \/>\n\t<meta name=\"twitter:data2\" content=\"6 minutos\" \/>\n<script type=\"application\/ld+json\" class=\"yoast-schema-graph\">{\"@context\":\"https:\\\/\\\/schema.org\",\"@graph\":[{\"@type\":\"Article\",\"@id\":\"https:\\\/\\\/lospoliticosveracruz.com\\\/?p=13574#article\",\"isPartOf\":{\"@id\":\"https:\\\/\\\/lospoliticosveracruz.com\\\/?p=13574\"},\"author\":{\"name\":\"Lo viste en Los Pol\u00edticos\",\"@id\":\"https:\\\/\\\/lospoliticosveracruz.com\\\/#\\\/schema\\\/person\\\/b8702bb0e538456e6efd07080bf2a4a2\"},\"headline\":\"\u00bfMe explicas lo que estoy pensando?\",\"datePublished\":\"2014-11-20T03:31:52+00:00\",\"mainEntityOfPage\":{\"@id\":\"https:\\\/\\\/lospoliticosveracruz.com\\\/?p=13574\"},\"wordCount\":1148,\"commentCount\":0,\"publisher\":{\"@id\":\"https:\\\/\\\/lospoliticosveracruz.com\\\/#organization\"},\"image\":{\"@id\":\"https:\\\/\\\/lospoliticosveracruz.com\\\/?p=13574#primaryimage\"},\"thumbnailUrl\":\"http:\\\/\\\/www.lospoliticosveracruz.com.mx\\\/wp-content\\\/uploads\\\/2009\\\/04\\\/Duarte-198x300.jpg\",\"keywords\":[\"Crimen de estado\",\"estudiantes\",\"Presidente\",\"provocadores\",\"renuncia\"],\"articleSection\":[\"De Opini\u00f3n\"],\"inLanguage\":\"es\",\"potentialAction\":[{\"@type\":\"CommentAction\",\"name\":\"Comment\",\"target\":[\"https:\\\/\\\/lospoliticosveracruz.com\\\/?p=13574#respond\"]}]},{\"@type\":\"WebPage\",\"@id\":\"https:\\\/\\\/lospoliticosveracruz.com\\\/?p=13574\",\"url\":\"https:\\\/\\\/lospoliticosveracruz.com\\\/?p=13574\",\"name\":\"\u00bfMe explicas lo que estoy pensando? - Los pol\u00edticos Veracruz\",\"isPartOf\":{\"@id\":\"https:\\\/\\\/lospoliticosveracruz.com\\\/#website\"},\"primaryImageOfPage\":{\"@id\":\"https:\\\/\\\/lospoliticosveracruz.com\\\/?p=13574#primaryimage\"},\"image\":{\"@id\":\"https:\\\/\\\/lospoliticosveracruz.com\\\/?p=13574#primaryimage\"},\"thumbnailUrl\":\"http:\\\/\\\/www.lospoliticosveracruz.com.mx\\\/wp-content\\\/uploads\\\/2009\\\/04\\\/Duarte-198x300.jpg\",\"datePublished\":\"2014-11-20T03:31:52+00:00\",\"breadcrumb\":{\"@id\":\"https:\\\/\\\/lospoliticosveracruz.com\\\/?p=13574#breadcrumb\"},\"inLanguage\":\"es\",\"potentialAction\":[{\"@type\":\"ReadAction\",\"target\":[\"https:\\\/\\\/lospoliticosveracruz.com\\\/?p=13574\"]}]},{\"@type\":\"ImageObject\",\"inLanguage\":\"es\",\"@id\":\"https:\\\/\\\/lospoliticosveracruz.com\\\/?p=13574#primaryimage\",\"url\":\"http:\\\/\\\/www.lospoliticosveracruz.com.mx\\\/wp-content\\\/uploads\\\/2009\\\/04\\\/Duarte-198x300.jpg\",\"contentUrl\":\"http:\\\/\\\/www.lospoliticosveracruz.com.mx\\\/wp-content\\\/uploads\\\/2009\\\/04\\\/Duarte-198x300.jpg\"},{\"@type\":\"BreadcrumbList\",\"@id\":\"https:\\\/\\\/lospoliticosveracruz.com\\\/?p=13574#breadcrumb\",\"itemListElement\":[{\"@type\":\"ListItem\",\"position\":1,\"name\":\"Portada\",\"item\":\"https:\\\/\\\/lospoliticosveracruz.com\\\/\"},{\"@type\":\"ListItem\",\"position\":2,\"name\":\"\u00bfMe explicas lo que estoy pensando?\"}]},{\"@type\":\"WebSite\",\"@id\":\"https:\\\/\\\/lospoliticosveracruz.com\\\/#website\",\"url\":\"https:\\\/\\\/lospoliticosveracruz.com\\\/\",\"name\":\"Los pol\u00edticos Veracruz\",\"description\":\"\",\"publisher\":{\"@id\":\"https:\\\/\\\/lospoliticosveracruz.com\\\/#organization\"},\"potentialAction\":[{\"@type\":\"SearchAction\",\"target\":{\"@type\":\"EntryPoint\",\"urlTemplate\":\"https:\\\/\\\/lospoliticosveracruz.com\\\/?s={search_term_string}\"},\"query-input\":{\"@type\":\"PropertyValueSpecification\",\"valueRequired\":true,\"valueName\":\"search_term_string\"}}],\"inLanguage\":\"es\"},{\"@type\":\"Organization\",\"@id\":\"https:\\\/\\\/lospoliticosveracruz.com\\\/#organization\",\"name\":\"Los pol\u00edticos Veracruz\",\"url\":\"https:\\\/\\\/lospoliticosveracruz.com\\\/\",\"logo\":{\"@type\":\"ImageObject\",\"inLanguage\":\"es\",\"@id\":\"https:\\\/\\\/lospoliticosveracruz.com\\\/#\\\/schema\\\/logo\\\/image\\\/\",\"url\":\"https:\\\/\\\/lospoliticosveracruz.com\\\/wp-content\\\/uploads\\\/2025\\\/12\\\/Logo-Nuevo-LOS-POLITICOS-1.jpg\",\"contentUrl\":\"https:\\\/\\\/lospoliticosveracruz.com\\\/wp-content\\\/uploads\\\/2025\\\/12\\\/Logo-Nuevo-LOS-POLITICOS-1.jpg\",\"width\":260,\"height\":70,\"caption\":\"Los pol\u00edticos Veracruz\"},\"image\":{\"@id\":\"https:\\\/\\\/lospoliticosveracruz.com\\\/#\\\/schema\\\/logo\\\/image\\\/\"},\"sameAs\":[\"https:\\\/\\\/www.facebook.com\\\/people\\\/Notimemes-de-los-Polticos\\\/61565672886568\\\/\",\"https:\\\/\\\/x.com\\\/LosPoliticosVer\"]},{\"@type\":\"Person\",\"@id\":\"https:\\\/\\\/lospoliticosveracruz.com\\\/#\\\/schema\\\/person\\\/b8702bb0e538456e6efd07080bf2a4a2\",\"name\":\"Lo viste en Los Pol\u00edticos\",\"image\":{\"@type\":\"ImageObject\",\"inLanguage\":\"es\",\"@id\":\"https:\\\/\\\/secure.gravatar.com\\\/avatar\\\/3a8de04a2656d44082be478bd6c086daa447c4651605818287b9532d3d0bd435?s=96&d=mm&r=g\",\"url\":\"https:\\\/\\\/secure.gravatar.com\\\/avatar\\\/3a8de04a2656d44082be478bd6c086daa447c4651605818287b9532d3d0bd435?s=96&d=mm&r=g\",\"contentUrl\":\"https:\\\/\\\/secure.gravatar.com\\\/avatar\\\/3a8de04a2656d44082be478bd6c086daa447c4651605818287b9532d3d0bd435?s=96&d=mm&r=g\",\"caption\":\"Lo viste en Los Pol\u00edticos\"},\"url\":\"https:\\\/\\\/lospoliticosveracruz.com\\\/?author=2\"}]}<\/script>\n<!-- \/ Yoast SEO plugin. -->","yoast_head_json":{"title":"\u00bfMe explicas lo que estoy pensando? - Los pol\u00edticos Veracruz","robots":{"index":"index","follow":"follow","max-snippet":"max-snippet:-1","max-image-preview":"max-image-preview:large","max-video-preview":"max-video-preview:-1"},"canonical":"https:\/\/lospoliticosveracruz.com\/?p=13574","og_locale":"es_ES","og_type":"article","og_title":"\u00bfMe explicas lo que estoy pensando? - Los pol\u00edticos Veracruz","og_description":"Pedro Manterola Hoja de Ruta Escuchar opiniones sin distinguir qui\u00e9n dice qu\u00e9 y por qu\u00e9, descalificar de antemano a los de enfrente, apuntalar nuestros criterios con predilecciones, divagaciones y prejuicios, encubrir ofensas y escarnios tras la desamparada y bulliciosa libertad de expresi\u00f3n, criticar por rutina selectiva, sin elementos, datos ni contrastes, dar por irrebatible todo [&hellip;]","og_url":"https:\/\/lospoliticosveracruz.com\/?p=13574","og_site_name":"Los pol\u00edticos Veracruz","article_publisher":"https:\/\/www.facebook.com\/people\/Notimemes-de-los-Polticos\/61565672886568\/","article_published_time":"2014-11-20T03:31:52+00:00","og_image":[{"url":"http:\/\/www.lospoliticosveracruz.com.mx\/wp-content\/uploads\/2009\/04\/Duarte-198x300.jpg","type":"","width":"","height":""}],"author":"Lo viste en Los Pol\u00edticos","twitter_card":"summary_large_image","twitter_creator":"@LosPoliticosVer","twitter_site":"@LosPoliticosVer","twitter_misc":{"Escrito por":"Lo viste en Los Pol\u00edticos","Tiempo de lectura":"6 minutos"},"schema":{"@context":"https:\/\/schema.org","@graph":[{"@type":"Article","@id":"https:\/\/lospoliticosveracruz.com\/?p=13574#article","isPartOf":{"@id":"https:\/\/lospoliticosveracruz.com\/?p=13574"},"author":{"name":"Lo viste en Los Pol\u00edticos","@id":"https:\/\/lospoliticosveracruz.com\/#\/schema\/person\/b8702bb0e538456e6efd07080bf2a4a2"},"headline":"\u00bfMe explicas lo que estoy pensando?","datePublished":"2014-11-20T03:31:52+00:00","mainEntityOfPage":{"@id":"https:\/\/lospoliticosveracruz.com\/?p=13574"},"wordCount":1148,"commentCount":0,"publisher":{"@id":"https:\/\/lospoliticosveracruz.com\/#organization"},"image":{"@id":"https:\/\/lospoliticosveracruz.com\/?p=13574#primaryimage"},"thumbnailUrl":"http:\/\/www.lospoliticosveracruz.com.mx\/wp-content\/uploads\/2009\/04\/Duarte-198x300.jpg","keywords":["Crimen de estado","estudiantes","Presidente","provocadores","renuncia"],"articleSection":["De Opini\u00f3n"],"inLanguage":"es","potentialAction":[{"@type":"CommentAction","name":"Comment","target":["https:\/\/lospoliticosveracruz.com\/?p=13574#respond"]}]},{"@type":"WebPage","@id":"https:\/\/lospoliticosveracruz.com\/?p=13574","url":"https:\/\/lospoliticosveracruz.com\/?p=13574","name":"\u00bfMe explicas lo que estoy pensando? - Los pol\u00edticos Veracruz","isPartOf":{"@id":"https:\/\/lospoliticosveracruz.com\/#website"},"primaryImageOfPage":{"@id":"https:\/\/lospoliticosveracruz.com\/?p=13574#primaryimage"},"image":{"@id":"https:\/\/lospoliticosveracruz.com\/?p=13574#primaryimage"},"thumbnailUrl":"http:\/\/www.lospoliticosveracruz.com.mx\/wp-content\/uploads\/2009\/04\/Duarte-198x300.jpg","datePublished":"2014-11-20T03:31:52+00:00","breadcrumb":{"@id":"https:\/\/lospoliticosveracruz.com\/?p=13574#breadcrumb"},"inLanguage":"es","potentialAction":[{"@type":"ReadAction","target":["https:\/\/lospoliticosveracruz.com\/?p=13574"]}]},{"@type":"ImageObject","inLanguage":"es","@id":"https:\/\/lospoliticosveracruz.com\/?p=13574#primaryimage","url":"http:\/\/www.lospoliticosveracruz.com.mx\/wp-content\/uploads\/2009\/04\/Duarte-198x300.jpg","contentUrl":"http:\/\/www.lospoliticosveracruz.com.mx\/wp-content\/uploads\/2009\/04\/Duarte-198x300.jpg"},{"@type":"BreadcrumbList","@id":"https:\/\/lospoliticosveracruz.com\/?p=13574#breadcrumb","itemListElement":[{"@type":"ListItem","position":1,"name":"Portada","item":"https:\/\/lospoliticosveracruz.com\/"},{"@type":"ListItem","position":2,"name":"\u00bfMe explicas lo que estoy pensando?"}]},{"@type":"WebSite","@id":"https:\/\/lospoliticosveracruz.com\/#website","url":"https:\/\/lospoliticosveracruz.com\/","name":"Los pol\u00edticos Veracruz","description":"","publisher":{"@id":"https:\/\/lospoliticosveracruz.com\/#organization"},"potentialAction":[{"@type":"SearchAction","target":{"@type":"EntryPoint","urlTemplate":"https:\/\/lospoliticosveracruz.com\/?s={search_term_string}"},"query-input":{"@type":"PropertyValueSpecification","valueRequired":true,"valueName":"search_term_string"}}],"inLanguage":"es"},{"@type":"Organization","@id":"https:\/\/lospoliticosveracruz.com\/#organization","name":"Los pol\u00edticos Veracruz","url":"https:\/\/lospoliticosveracruz.com\/","logo":{"@type":"ImageObject","inLanguage":"es","@id":"https:\/\/lospoliticosveracruz.com\/#\/schema\/logo\/image\/","url":"https:\/\/lospoliticosveracruz.com\/wp-content\/uploads\/2025\/12\/Logo-Nuevo-LOS-POLITICOS-1.jpg","contentUrl":"https:\/\/lospoliticosveracruz.com\/wp-content\/uploads\/2025\/12\/Logo-Nuevo-LOS-POLITICOS-1.jpg","width":260,"height":70,"caption":"Los pol\u00edticos Veracruz"},"image":{"@id":"https:\/\/lospoliticosveracruz.com\/#\/schema\/logo\/image\/"},"sameAs":["https:\/\/www.facebook.com\/people\/Notimemes-de-los-Polticos\/61565672886568\/","https:\/\/x.com\/LosPoliticosVer"]},{"@type":"Person","@id":"https:\/\/lospoliticosveracruz.com\/#\/schema\/person\/b8702bb0e538456e6efd07080bf2a4a2","name":"Lo viste en Los Pol\u00edticos","image":{"@type":"ImageObject","inLanguage":"es","@id":"https:\/\/secure.gravatar.com\/avatar\/3a8de04a2656d44082be478bd6c086daa447c4651605818287b9532d3d0bd435?s=96&d=mm&r=g","url":"https:\/\/secure.gravatar.com\/avatar\/3a8de04a2656d44082be478bd6c086daa447c4651605818287b9532d3d0bd435?s=96&d=mm&r=g","contentUrl":"https:\/\/secure.gravatar.com\/avatar\/3a8de04a2656d44082be478bd6c086daa447c4651605818287b9532d3d0bd435?s=96&d=mm&r=g","caption":"Lo viste en Los Pol\u00edticos"},"url":"https:\/\/lospoliticosveracruz.com\/?author=2"}]}},"_links":{"self":[{"href":"https:\/\/lospoliticosveracruz.com\/index.php?rest_route=\/wp\/v2\/posts\/13574","targetHints":{"allow":["GET"]}}],"collection":[{"href":"https:\/\/lospoliticosveracruz.com\/index.php?rest_route=\/wp\/v2\/posts"}],"about":[{"href":"https:\/\/lospoliticosveracruz.com\/index.php?rest_route=\/wp\/v2\/types\/post"}],"author":[{"embeddable":true,"href":"https:\/\/lospoliticosveracruz.com\/index.php?rest_route=\/wp\/v2\/users\/2"}],"replies":[{"embeddable":true,"href":"https:\/\/lospoliticosveracruz.com\/index.php?rest_route=%2Fwp%2Fv2%2Fcomments&post=13574"}],"version-history":[{"count":2,"href":"https:\/\/lospoliticosveracruz.com\/index.php?rest_route=\/wp\/v2\/posts\/13574\/revisions"}],"predecessor-version":[{"id":13577,"href":"https:\/\/lospoliticosveracruz.com\/index.php?rest_route=\/wp\/v2\/posts\/13574\/revisions\/13577"}],"wp:attachment":[{"href":"https:\/\/lospoliticosveracruz.com\/index.php?rest_route=%2Fwp%2Fv2%2Fmedia&parent=13574"}],"wp:term":[{"taxonomy":"category","embeddable":true,"href":"https:\/\/lospoliticosveracruz.com\/index.php?rest_route=%2Fwp%2Fv2%2Fcategories&post=13574"},{"taxonomy":"post_tag","embeddable":true,"href":"https:\/\/lospoliticosveracruz.com\/index.php?rest_route=%2Fwp%2Fv2%2Ftags&post=13574"}],"curies":[{"name":"wp","href":"https:\/\/api.w.org\/{rel}","templated":true}]}}