{"id":135849,"date":"2025-01-17T07:43:27","date_gmt":"2025-01-17T13:43:27","guid":{"rendered":"https:\/\/lospoliticosveracruz.com.mx\/?p=135849"},"modified":"2025-01-17T07:43:42","modified_gmt":"2025-01-17T13:43:42","slug":"no-le-gusto-el-vestuario","status":"publish","type":"post","link":"https:\/\/lospoliticosveracruz.com\/?p=135849","title":{"rendered":"NO LE GUST\u00d3 EL VESTUARIO"},"content":{"rendered":"\n<p>S\u00edguenos ahora tambi\u00e9n en WhatsApp.&nbsp;<a href=\"https:\/\/whatsapp.com\/channel\/0029Va8zRWlEKyZIP3Z1dF0e\"><strong><em>Da clic aqu\u00ed<\/em><\/strong><\/a><\/p>\n\n\n\n<p><strong>Oved Contreras&nbsp;<\/strong><\/p>\n\n\n\n<p><em>Secas Mecas&nbsp;<\/em><\/p>\n\n\n\n<p>Que no hab\u00eda ido la Nena de la Reguera a las oficinas de la Secretar\u00eda de Turismo estatal, pero en su primera visita puso como chanclas a los empleados porque no le gust\u00f3 lo que vio, y nos enteramos que orden\u00f3 hasta c\u00f3digo de vestimenta para que los bur\u00f3cratas vayan m\u00e1s chic.<\/p>\n\n\n\n<p>El personal de Turismo fue citado a reuni\u00f3n con la secretaria y acudieron con la expectativa de que se hablar\u00eda de sus planes de trabajo durante el a\u00f1o, para fomentar el turismo en Veracruz pero la realidad fue otra, ya que anunci\u00f3 que a pesar de que odien a su jefe de la Unidad Administrativa, Rafael Zavaleta Ramos, no lo va a cambiar y que se vayan acostumbrando.<\/p>\n\n\n\n<p>Tambi\u00e9n anunci\u00f3 su \u201cC\u00f3digo de Vestimenta\u201d, donde exhibi\u00f3 a las mujeres que ve\u00eda en el auditorio, quienes no vest\u00edan a su gusto, incluso lanz\u00f3 comentarios ofensivos contra ellas por su vestimenta, por su aspecto f\u00edsico, color de cabello, zapatos, pantalones y hasta por el olor de su perfume\u2026la Nena de la Reguera desayun\u00f3 gallo porque llevaba la espada desenvainada\u2026se nota que las cosas en Turismo no son como se lo esperaba\u2026as\u00ed que no se detuvo en sus comentarios.<\/p>\n\n\n\n<p>No le import\u00f3 que estaba presente la jefa de la Unidad de G\u00e9nero, quien sonre\u00eda nerviosa ante las burlas hacia sus compa\u00f1eras, pero tambi\u00e9n fue exhibida por llevar un pantal\u00f3n con el tiro demasiado corto\u2026m\u00e1s de 100 empleados que se encontraban en el auditorio fueron testigos de las groser\u00edas la Nena de la Reguera\u2026bien dice la licenciada Melchi que calladita se ve m\u00e1s bonita.<\/p>\n\n\n\n<p><strong>EL BISNE EN ORFIS<\/strong>\u2026alcaldes no solo de la zona conurbada sino de la zona centro del Estado buscar\u00e1n la intervenci\u00f3n de la gobernadora, Roc\u00edo Nahle porque el ORFIS viola su autonom\u00eda municipal al imponer un modelo para la contrataci\u00f3n de despachos de auditor\u00eda, con lo cual est\u00e1 violando la constituci\u00f3n estatal y de la Rep\u00fablica al querer que los municipios se sometan a este esquema.<\/p>\n\n\n\n<p>Las nuevas disposiciones para contratar despachos de auditor\u00eda son autor\u00eda de la nueva directora del Jur\u00eddico del ORFIS en contubernio con el corrupto, despedido y recontratado del \u00f3rgano auditor, Felipe de Jes\u00fas Mar\u00edn Carre\u00f3n quien ha estado llamando a alcaldes de la zona de Cosamaloapan para enviar despachos.<\/p>\n\n\n\n<p>Los alcaldes ya est\u00e1n tratando de buscar a la gobernadora para acusar a la titular del ORFIS y que revierta la situaci\u00f3n que a todas luces est\u00e1 fuera de la ley.<\/p>\n\n\n\n<p><strong>NO LO APRUEBA<\/strong>\u2026mientras a nivel estatal crece el descontento entre morenistas porque los actuales alcaldes pretendan heredar cargos a hijos o familiares cercanos, el chaparr\u00f3n del Bienestar, Juan Javier G\u00f3mez Cazar\u00edn, dijo no estar de acuerdo en que su hermano Luis Alberto G\u00f3mez Cazar\u00edn busque la candidatura a la alcald\u00eda de Hueyapan de Ocampo, municipio que actualmente encabeza el padre de ambos, Juan G\u00f3mez Mart\u00ednez.<\/p>\n\n\n\n<p>Por ello, coment\u00f3 que tratar\u00e1 de hablar con \u00e9l para que desista de sus aspiraciones, pero aclar\u00f3 que no lo puede obligar a retirarse del proceso interno\u2026el Car\u00f3n Cazar\u00edn fue cuestionado luego de que la presidenta Claudia Sheinbaum Pardo reiterara que no se deben heredar cargos p\u00fablicos entre familiares.<\/p>\n\n\n\n<p>\u201cYo tengo un caso con mi hermano y lo puedo decir, en Hueyapan de Ocampo. Desde aqu\u00ed le digo a mi hermano que no estoy de acuerdo con su candidatura y lo voy a hablar de manera personal con \u00e9l. Claro que no lo puedo mandar, pero no estamos de acuerdo\u201d, dijo G\u00f3mez Cazar\u00edn.<\/p>\n\n\n\n<p>Como delegado de los programas sociales del Bienestar en Veracruz, refiri\u00f3 que solicit\u00f3 la renuncia a unos 30 servidores de la Naci\u00f3n que se registraron como precandidatos a alcaldes, s\u00edndicos y regidores por Morena, para no permitir el mal uso de los apoyos a grupos vulnerables veracruzanos en las elecciones locales\u2026se registraron servidores de la Naci\u00f3n en el proceso interno de Morena en municipios como Huatusco, Mart\u00ednez de la Torre, Medell\u00edn de Bravo y otros\u2026Juan Javier G\u00f3mez Cazar\u00edn encabez\u00f3 ayer la entrega de tarjetas a veracruzanas de 60 a 64 a\u00f1os de edad en las instalaciones del World Trade Center de Boca del R\u00edo.<\/p>\n\n\n\n<p>LA PROPUESTA SHEINBAUM\u2026La presidenta Claudia Sheinbaum reiter\u00f3 que la propuesta que enviar\u00e1 de reforma electoral al Congreso de la Uni\u00f3n, tiene como uno de sus objetivos que no haya una elecci\u00f3n inmediata de familiares en cargos de elecci\u00f3n popular como gubernaturas y presidencias municipales.<\/p>\n\n\n\n<p>En su conferencia matutina de ayer jueves, Sheinbaum fue cuestionada sobre que en el proceso interno de Morena para la designaci\u00f3n de candidaturas para las elecciones municipales de este a\u00f1o en Veracruz hay cuando menos ocho personas registradas que son hijos, hermanos o esposas de alcaldes o funcionarios federales que se est\u00e1n postulando para las encuestas.<\/p>\n\n\n\n<p>-\u00bfQu\u00e9 llamado har\u00eda para que no se siga repitiendo el nepotismo en las elecciones locales de Veracruz, apelando a que los aspirantes sean autocr\u00edticos y asuman los valores del movimiento?-, le preguntaron a Sheinbaum. \u201cEl objetivo de la reforma que vamos a enviar es que no sea inmediato; o sea, que un presidente, presidenta municipal, que termina su cargo o encargo el siguiente no sea el hijo, el hermano, el primo, el cu\u00f1ado, el suegro, etc\u00e9tera, etc\u00e9tera. Ese es el objetivo. Y que despu\u00e9s, si quieren participar, pero ya sea despu\u00e9s, porque ya tiene que ser el esfuerzo personal de cada persona, que no sea una cosa de que el hermano deja al otro hermano\u201d, reiter\u00f3.<\/p>\n","protected":false},"excerpt":{"rendered":"<p>S\u00edguenos ahora tambi\u00e9n en WhatsApp.&nbsp;Da clic aqu\u00ed Oved Contreras&nbsp; Secas Mecas&nbsp; Que no hab\u00eda ido la Nena de la Reguera a las oficinas de la Secretar\u00eda de Turismo estatal, pero en su primera visita puso como chanclas a los empleados porque no le gust\u00f3 lo que vio, y nos enteramos que orden\u00f3 hasta c\u00f3digo de [&hellip;]<\/p>\n","protected":false},"author":2,"featured_media":119816,"comment_status":"closed","ping_status":"closed","sticky":false,"template":"","format":"standard","meta":{"tdm_status":"","tdm_grid_status":"","footnotes":""},"categories":[70],"tags":[26366,42716],"class_list":{"0":"post-135849","1":"post","2":"type-post","3":"status-publish","4":"format-standard","5":"has-post-thumbnail","7":"category-de-opinion","8":"tag-nena-de-la-reguera","9":"tag-rafael-zavaleta-ramos"},"yoast_head":"<!-- This site is optimized with the Yoast SEO plugin v27.4 - https:\/\/yoast.com\/product\/yoast-seo-wordpress\/ -->\n<title>NO LE GUST\u00d3 EL VESTUARIO - Los pol\u00edticos Veracruz<\/title>\n<meta name=\"robots\" content=\"index, follow, max-snippet:-1, max-image-preview:large, max-video-preview:-1\" \/>\n<link rel=\"canonical\" href=\"https:\/\/lospoliticosveracruz.com\/?p=135849\" \/>\n<meta property=\"og:locale\" content=\"es_ES\" \/>\n<meta property=\"og:type\" content=\"article\" \/>\n<meta property=\"og:title\" content=\"NO LE GUST\u00d3 EL VESTUARIO - Los pol\u00edticos Veracruz\" \/>\n<meta property=\"og:description\" content=\"S\u00edguenos ahora tambi\u00e9n en WhatsApp.&nbsp;Da clic aqu\u00ed Oved Contreras&nbsp; Secas Mecas&nbsp; Que no hab\u00eda ido la Nena de la Reguera a las oficinas de la Secretar\u00eda de Turismo estatal, pero en su primera visita puso como chanclas a los empleados porque no le gust\u00f3 lo que vio, y nos enteramos que orden\u00f3 hasta c\u00f3digo de [&hellip;]\" \/>\n<meta property=\"og:url\" content=\"https:\/\/lospoliticosveracruz.com\/?p=135849\" \/>\n<meta property=\"og:site_name\" content=\"Los pol\u00edticos Veracruz\" \/>\n<meta property=\"article:publisher\" content=\"https:\/\/www.facebook.com\/people\/Notimemes-de-los-Polticos\/61565672886568\/\" \/>\n<meta property=\"article:published_time\" content=\"2025-01-17T13:43:27+00:00\" \/>\n<meta property=\"article:modified_time\" content=\"2025-01-17T13:43:42+00:00\" \/>\n<meta property=\"og:image\" content=\"https:\/\/lospoliticosveracruz.com\/wp-content\/uploads\/2024\/03\/Oved-Contreras.jpg\" \/>\n\t<meta property=\"og:image:width\" content=\"1250\" \/>\n\t<meta property=\"og:image:height\" content=\"667\" \/>\n\t<meta property=\"og:image:type\" content=\"image\/jpeg\" \/>\n<meta name=\"author\" content=\"Lo viste en Los Pol\u00edticos\" \/>\n<meta name=\"twitter:card\" content=\"summary_large_image\" \/>\n<meta name=\"twitter:creator\" content=\"@LosPoliticosVer\" \/>\n<meta name=\"twitter:site\" content=\"@LosPoliticosVer\" \/>\n<meta name=\"twitter:label1\" content=\"Escrito por\" \/>\n\t<meta name=\"twitter:data1\" content=\"Lo viste en Los Pol\u00edticos\" \/>\n\t<meta name=\"twitter:label2\" content=\"Tiempo de lectura\" \/>\n\t<meta name=\"twitter:data2\" content=\"5 minutos\" \/>\n<script type=\"application\/ld+json\" class=\"yoast-schema-graph\">{\"@context\":\"https:\\\/\\\/schema.org\",\"@graph\":[{\"@type\":\"Article\",\"@id\":\"https:\\\/\\\/lospoliticosveracruz.com\\\/?p=135849#article\",\"isPartOf\":{\"@id\":\"https:\\\/\\\/lospoliticosveracruz.com\\\/?p=135849\"},\"author\":{\"name\":\"Lo viste en Los Pol\u00edticos\",\"@id\":\"https:\\\/\\\/lospoliticosveracruz.com\\\/#\\\/schema\\\/person\\\/b8702bb0e538456e6efd07080bf2a4a2\"},\"headline\":\"NO LE GUST\u00d3 EL VESTUARIO\",\"datePublished\":\"2025-01-17T13:43:27+00:00\",\"dateModified\":\"2025-01-17T13:43:42+00:00\",\"mainEntityOfPage\":{\"@id\":\"https:\\\/\\\/lospoliticosveracruz.com\\\/?p=135849\"},\"wordCount\":997,\"publisher\":{\"@id\":\"https:\\\/\\\/lospoliticosveracruz.com\\\/#organization\"},\"image\":{\"@id\":\"https:\\\/\\\/lospoliticosveracruz.com\\\/?p=135849#primaryimage\"},\"thumbnailUrl\":\"https:\\\/\\\/lospoliticosveracruz.com\\\/wp-content\\\/uploads\\\/2024\\\/03\\\/Oved-Contreras.jpg\",\"keywords\":[\"Nena de la Reguera\",\"Rafael Zavaleta Ramos\"],\"articleSection\":[\"De Opini\u00f3n\"],\"inLanguage\":\"es\"},{\"@type\":\"WebPage\",\"@id\":\"https:\\\/\\\/lospoliticosveracruz.com\\\/?p=135849\",\"url\":\"https:\\\/\\\/lospoliticosveracruz.com\\\/?p=135849\",\"name\":\"NO LE GUST\u00d3 EL VESTUARIO - Los pol\u00edticos Veracruz\",\"isPartOf\":{\"@id\":\"https:\\\/\\\/lospoliticosveracruz.com\\\/#website\"},\"primaryImageOfPage\":{\"@id\":\"https:\\\/\\\/lospoliticosveracruz.com\\\/?p=135849#primaryimage\"},\"image\":{\"@id\":\"https:\\\/\\\/lospoliticosveracruz.com\\\/?p=135849#primaryimage\"},\"thumbnailUrl\":\"https:\\\/\\\/lospoliticosveracruz.com\\\/wp-content\\\/uploads\\\/2024\\\/03\\\/Oved-Contreras.jpg\",\"datePublished\":\"2025-01-17T13:43:27+00:00\",\"dateModified\":\"2025-01-17T13:43:42+00:00\",\"breadcrumb\":{\"@id\":\"https:\\\/\\\/lospoliticosveracruz.com\\\/?p=135849#breadcrumb\"},\"inLanguage\":\"es\",\"potentialAction\":[{\"@type\":\"ReadAction\",\"target\":[\"https:\\\/\\\/lospoliticosveracruz.com\\\/?p=135849\"]}]},{\"@type\":\"ImageObject\",\"inLanguage\":\"es\",\"@id\":\"https:\\\/\\\/lospoliticosveracruz.com\\\/?p=135849#primaryimage\",\"url\":\"https:\\\/\\\/lospoliticosveracruz.com\\\/wp-content\\\/uploads\\\/2024\\\/03\\\/Oved-Contreras.jpg\",\"contentUrl\":\"https:\\\/\\\/lospoliticosveracruz.com\\\/wp-content\\\/uploads\\\/2024\\\/03\\\/Oved-Contreras.jpg\",\"width\":1250,\"height\":667},{\"@type\":\"BreadcrumbList\",\"@id\":\"https:\\\/\\\/lospoliticosveracruz.com\\\/?p=135849#breadcrumb\",\"itemListElement\":[{\"@type\":\"ListItem\",\"position\":1,\"name\":\"Portada\",\"item\":\"https:\\\/\\\/lospoliticosveracruz.com\\\/\"},{\"@type\":\"ListItem\",\"position\":2,\"name\":\"NO LE GUST\u00d3 EL VESTUARIO\"}]},{\"@type\":\"WebSite\",\"@id\":\"https:\\\/\\\/lospoliticosveracruz.com\\\/#website\",\"url\":\"https:\\\/\\\/lospoliticosveracruz.com\\\/\",\"name\":\"Los pol\u00edticos Veracruz\",\"description\":\"\",\"publisher\":{\"@id\":\"https:\\\/\\\/lospoliticosveracruz.com\\\/#organization\"},\"potentialAction\":[{\"@type\":\"SearchAction\",\"target\":{\"@type\":\"EntryPoint\",\"urlTemplate\":\"https:\\\/\\\/lospoliticosveracruz.com\\\/?s={search_term_string}\"},\"query-input\":{\"@type\":\"PropertyValueSpecification\",\"valueRequired\":true,\"valueName\":\"search_term_string\"}}],\"inLanguage\":\"es\"},{\"@type\":\"Organization\",\"@id\":\"https:\\\/\\\/lospoliticosveracruz.com\\\/#organization\",\"name\":\"Los pol\u00edticos Veracruz\",\"url\":\"https:\\\/\\\/lospoliticosveracruz.com\\\/\",\"logo\":{\"@type\":\"ImageObject\",\"inLanguage\":\"es\",\"@id\":\"https:\\\/\\\/lospoliticosveracruz.com\\\/#\\\/schema\\\/logo\\\/image\\\/\",\"url\":\"https:\\\/\\\/lospoliticosveracruz.com\\\/wp-content\\\/uploads\\\/2025\\\/12\\\/Logo-Nuevo-LOS-POLITICOS-1.jpg\",\"contentUrl\":\"https:\\\/\\\/lospoliticosveracruz.com\\\/wp-content\\\/uploads\\\/2025\\\/12\\\/Logo-Nuevo-LOS-POLITICOS-1.jpg\",\"width\":260,\"height\":70,\"caption\":\"Los pol\u00edticos Veracruz\"},\"image\":{\"@id\":\"https:\\\/\\\/lospoliticosveracruz.com\\\/#\\\/schema\\\/logo\\\/image\\\/\"},\"sameAs\":[\"https:\\\/\\\/www.facebook.com\\\/people\\\/Notimemes-de-los-Polticos\\\/61565672886568\\\/\",\"https:\\\/\\\/x.com\\\/LosPoliticosVer\"]},{\"@type\":\"Person\",\"@id\":\"https:\\\/\\\/lospoliticosveracruz.com\\\/#\\\/schema\\\/person\\\/b8702bb0e538456e6efd07080bf2a4a2\",\"name\":\"Lo viste en Los Pol\u00edticos\",\"image\":{\"@type\":\"ImageObject\",\"inLanguage\":\"es\",\"@id\":\"https:\\\/\\\/secure.gravatar.com\\\/avatar\\\/3a8de04a2656d44082be478bd6c086daa447c4651605818287b9532d3d0bd435?s=96&d=mm&r=g\",\"url\":\"https:\\\/\\\/secure.gravatar.com\\\/avatar\\\/3a8de04a2656d44082be478bd6c086daa447c4651605818287b9532d3d0bd435?s=96&d=mm&r=g\",\"contentUrl\":\"https:\\\/\\\/secure.gravatar.com\\\/avatar\\\/3a8de04a2656d44082be478bd6c086daa447c4651605818287b9532d3d0bd435?s=96&d=mm&r=g\",\"caption\":\"Lo viste en Los Pol\u00edticos\"},\"url\":\"https:\\\/\\\/lospoliticosveracruz.com\\\/?author=2\"}]}<\/script>\n<!-- \/ Yoast SEO plugin. -->","yoast_head_json":{"title":"NO LE GUST\u00d3 EL VESTUARIO - Los pol\u00edticos Veracruz","robots":{"index":"index","follow":"follow","max-snippet":"max-snippet:-1","max-image-preview":"max-image-preview:large","max-video-preview":"max-video-preview:-1"},"canonical":"https:\/\/lospoliticosveracruz.com\/?p=135849","og_locale":"es_ES","og_type":"article","og_title":"NO LE GUST\u00d3 EL VESTUARIO - Los pol\u00edticos Veracruz","og_description":"S\u00edguenos ahora tambi\u00e9n en WhatsApp.&nbsp;Da clic aqu\u00ed Oved Contreras&nbsp; Secas Mecas&nbsp; Que no hab\u00eda ido la Nena de la Reguera a las oficinas de la Secretar\u00eda de Turismo estatal, pero en su primera visita puso como chanclas a los empleados porque no le gust\u00f3 lo que vio, y nos enteramos que orden\u00f3 hasta c\u00f3digo de [&hellip;]","og_url":"https:\/\/lospoliticosveracruz.com\/?p=135849","og_site_name":"Los pol\u00edticos Veracruz","article_publisher":"https:\/\/www.facebook.com\/people\/Notimemes-de-los-Polticos\/61565672886568\/","article_published_time":"2025-01-17T13:43:27+00:00","article_modified_time":"2025-01-17T13:43:42+00:00","og_image":[{"width":1250,"height":667,"url":"https:\/\/lospoliticosveracruz.com\/wp-content\/uploads\/2024\/03\/Oved-Contreras.jpg","type":"image\/jpeg"}],"author":"Lo viste en Los Pol\u00edticos","twitter_card":"summary_large_image","twitter_creator":"@LosPoliticosVer","twitter_site":"@LosPoliticosVer","twitter_misc":{"Escrito por":"Lo viste en Los Pol\u00edticos","Tiempo de lectura":"5 minutos"},"schema":{"@context":"https:\/\/schema.org","@graph":[{"@type":"Article","@id":"https:\/\/lospoliticosveracruz.com\/?p=135849#article","isPartOf":{"@id":"https:\/\/lospoliticosveracruz.com\/?p=135849"},"author":{"name":"Lo viste en Los Pol\u00edticos","@id":"https:\/\/lospoliticosveracruz.com\/#\/schema\/person\/b8702bb0e538456e6efd07080bf2a4a2"},"headline":"NO LE GUST\u00d3 EL VESTUARIO","datePublished":"2025-01-17T13:43:27+00:00","dateModified":"2025-01-17T13:43:42+00:00","mainEntityOfPage":{"@id":"https:\/\/lospoliticosveracruz.com\/?p=135849"},"wordCount":997,"publisher":{"@id":"https:\/\/lospoliticosveracruz.com\/#organization"},"image":{"@id":"https:\/\/lospoliticosveracruz.com\/?p=135849#primaryimage"},"thumbnailUrl":"https:\/\/lospoliticosveracruz.com\/wp-content\/uploads\/2024\/03\/Oved-Contreras.jpg","keywords":["Nena de la Reguera","Rafael Zavaleta Ramos"],"articleSection":["De Opini\u00f3n"],"inLanguage":"es"},{"@type":"WebPage","@id":"https:\/\/lospoliticosveracruz.com\/?p=135849","url":"https:\/\/lospoliticosveracruz.com\/?p=135849","name":"NO LE GUST\u00d3 EL VESTUARIO - Los pol\u00edticos Veracruz","isPartOf":{"@id":"https:\/\/lospoliticosveracruz.com\/#website"},"primaryImageOfPage":{"@id":"https:\/\/lospoliticosveracruz.com\/?p=135849#primaryimage"},"image":{"@id":"https:\/\/lospoliticosveracruz.com\/?p=135849#primaryimage"},"thumbnailUrl":"https:\/\/lospoliticosveracruz.com\/wp-content\/uploads\/2024\/03\/Oved-Contreras.jpg","datePublished":"2025-01-17T13:43:27+00:00","dateModified":"2025-01-17T13:43:42+00:00","breadcrumb":{"@id":"https:\/\/lospoliticosveracruz.com\/?p=135849#breadcrumb"},"inLanguage":"es","potentialAction":[{"@type":"ReadAction","target":["https:\/\/lospoliticosveracruz.com\/?p=135849"]}]},{"@type":"ImageObject","inLanguage":"es","@id":"https:\/\/lospoliticosveracruz.com\/?p=135849#primaryimage","url":"https:\/\/lospoliticosveracruz.com\/wp-content\/uploads\/2024\/03\/Oved-Contreras.jpg","contentUrl":"https:\/\/lospoliticosveracruz.com\/wp-content\/uploads\/2024\/03\/Oved-Contreras.jpg","width":1250,"height":667},{"@type":"BreadcrumbList","@id":"https:\/\/lospoliticosveracruz.com\/?p=135849#breadcrumb","itemListElement":[{"@type":"ListItem","position":1,"name":"Portada","item":"https:\/\/lospoliticosveracruz.com\/"},{"@type":"ListItem","position":2,"name":"NO LE GUST\u00d3 EL VESTUARIO"}]},{"@type":"WebSite","@id":"https:\/\/lospoliticosveracruz.com\/#website","url":"https:\/\/lospoliticosveracruz.com\/","name":"Los pol\u00edticos Veracruz","description":"","publisher":{"@id":"https:\/\/lospoliticosveracruz.com\/#organization"},"potentialAction":[{"@type":"SearchAction","target":{"@type":"EntryPoint","urlTemplate":"https:\/\/lospoliticosveracruz.com\/?s={search_term_string}"},"query-input":{"@type":"PropertyValueSpecification","valueRequired":true,"valueName":"search_term_string"}}],"inLanguage":"es"},{"@type":"Organization","@id":"https:\/\/lospoliticosveracruz.com\/#organization","name":"Los pol\u00edticos Veracruz","url":"https:\/\/lospoliticosveracruz.com\/","logo":{"@type":"ImageObject","inLanguage":"es","@id":"https:\/\/lospoliticosveracruz.com\/#\/schema\/logo\/image\/","url":"https:\/\/lospoliticosveracruz.com\/wp-content\/uploads\/2025\/12\/Logo-Nuevo-LOS-POLITICOS-1.jpg","contentUrl":"https:\/\/lospoliticosveracruz.com\/wp-content\/uploads\/2025\/12\/Logo-Nuevo-LOS-POLITICOS-1.jpg","width":260,"height":70,"caption":"Los pol\u00edticos Veracruz"},"image":{"@id":"https:\/\/lospoliticosveracruz.com\/#\/schema\/logo\/image\/"},"sameAs":["https:\/\/www.facebook.com\/people\/Notimemes-de-los-Polticos\/61565672886568\/","https:\/\/x.com\/LosPoliticosVer"]},{"@type":"Person","@id":"https:\/\/lospoliticosveracruz.com\/#\/schema\/person\/b8702bb0e538456e6efd07080bf2a4a2","name":"Lo viste en Los Pol\u00edticos","image":{"@type":"ImageObject","inLanguage":"es","@id":"https:\/\/secure.gravatar.com\/avatar\/3a8de04a2656d44082be478bd6c086daa447c4651605818287b9532d3d0bd435?s=96&d=mm&r=g","url":"https:\/\/secure.gravatar.com\/avatar\/3a8de04a2656d44082be478bd6c086daa447c4651605818287b9532d3d0bd435?s=96&d=mm&r=g","contentUrl":"https:\/\/secure.gravatar.com\/avatar\/3a8de04a2656d44082be478bd6c086daa447c4651605818287b9532d3d0bd435?s=96&d=mm&r=g","caption":"Lo viste en Los Pol\u00edticos"},"url":"https:\/\/lospoliticosveracruz.com\/?author=2"}]}},"_links":{"self":[{"href":"https:\/\/lospoliticosveracruz.com\/index.php?rest_route=\/wp\/v2\/posts\/135849","targetHints":{"allow":["GET"]}}],"collection":[{"href":"https:\/\/lospoliticosveracruz.com\/index.php?rest_route=\/wp\/v2\/posts"}],"about":[{"href":"https:\/\/lospoliticosveracruz.com\/index.php?rest_route=\/wp\/v2\/types\/post"}],"author":[{"embeddable":true,"href":"https:\/\/lospoliticosveracruz.com\/index.php?rest_route=\/wp\/v2\/users\/2"}],"replies":[{"embeddable":true,"href":"https:\/\/lospoliticosveracruz.com\/index.php?rest_route=%2Fwp%2Fv2%2Fcomments&post=135849"}],"version-history":[{"count":1,"href":"https:\/\/lospoliticosveracruz.com\/index.php?rest_route=\/wp\/v2\/posts\/135849\/revisions"}],"predecessor-version":[{"id":135850,"href":"https:\/\/lospoliticosveracruz.com\/index.php?rest_route=\/wp\/v2\/posts\/135849\/revisions\/135850"}],"wp:featuredmedia":[{"embeddable":true,"href":"https:\/\/lospoliticosveracruz.com\/index.php?rest_route=\/wp\/v2\/media\/119816"}],"wp:attachment":[{"href":"https:\/\/lospoliticosveracruz.com\/index.php?rest_route=%2Fwp%2Fv2%2Fmedia&parent=135849"}],"wp:term":[{"taxonomy":"category","embeddable":true,"href":"https:\/\/lospoliticosveracruz.com\/index.php?rest_route=%2Fwp%2Fv2%2Fcategories&post=135849"},{"taxonomy":"post_tag","embeddable":true,"href":"https:\/\/lospoliticosveracruz.com\/index.php?rest_route=%2Fwp%2Fv2%2Ftags&post=135849"}],"curies":[{"name":"wp","href":"https:\/\/api.w.org\/{rel}","templated":true}]}}