{"id":13595,"date":"2014-11-19T22:56:17","date_gmt":"2014-11-20T04:56:17","guid":{"rendered":"http:\/\/www.lospoliticosveracruz.com.mx\/?p=13595"},"modified":"2014-11-19T22:56:17","modified_gmt":"2014-11-20T04:56:17","slug":"la-gaviota-y-su-revolucion","status":"publish","type":"post","link":"https:\/\/lospoliticosveracruz.com\/?p=13595","title":{"rendered":"La Gaviota y su Revoluci\u00f3n"},"content":{"rendered":"<p><a href=\"http:\/\/www.lospoliticosveracruz.com.mx\/wp-content\/uploads\/2014\/11\/Angelica-Rivera-meme.jpeg\"><img loading=\"lazy\" decoding=\"async\" class=\"alignnone size-medium wp-image-13597\" src=\"http:\/\/www.lospoliticosveracruz.com.mx\/wp-content\/uploads\/2014\/11\/Angelica-Rivera-meme-300x209.jpeg\" alt=\"Angelica Rivera meme\" width=\"300\" height=\"209\" \/><\/a><\/p>\n<p><strong>Brenda Caballero<\/strong><br \/>\n<em>N\u00fameros Rojos<\/em><\/p>\n<p>Desde peque\u00f1os nos han ense\u00f1ado que en noviembre, espec\u00edficamente hoy, los mexicanos celebramos el Aniversario de la Revoluci\u00f3n Mexicana. Este a\u00f1o, el 104, aunque muchos coinciden en que no hay mucho que celebrar con todos los acontecimientos de inseguridad, impunidad, corrupci\u00f3n e inestabilidad que se vive en el pa\u00eds.<br \/>\nDesde el asunto de Tlatlaya seguido por la desaparici\u00f3n de los 43 normalistas de Ayotzinapa, las manifestaciones contra la derecha se han incrementado y muchos grupos principalmente de j\u00f3venes han alzado la voz contra un gobierno que creen no hace su trabajo. Tal vez por ello y en vista de las protestas que se avecinan, as\u00ed como los posibles desmanes, el gobierno federal a trav\u00e9s de la Secretar\u00eda de la Defensa Nacional inform\u00f3 el d\u00eda de ayer la cancelaci\u00f3n del desfile programado para este d\u00eda, a pesar que ya se hab\u00edan colocado las gradas para los asistentes.<br \/>\nTodo ven\u00eda pintando mal en contra del gobierno de Enrique Pe\u00f1a Nieto, aunque creo que la gota que derram\u00f3 el vaso fue la adquisici\u00f3n de la \u201ccasa blanca\u201d de Ang\u00e9lica Rivera.<br \/>\nLos que hemos adquirido una casa mediante un cr\u00e9dito hipotecario sabemos que no es nada f\u00e1cil el asunto. Para empezar, dentro del gran n\u00famero de requisitos es indispensable comprobar solvencia de pago comprobando tres veces el importe a pagar mensual, esto hablando de un cr\u00e9dito hipotecario mediante banco. Ahora que si no se comprueba dicha cantidad es necesario tener un coopropietario que garantice el pago de la deuda si el titular no la puede seguir pagando.<br \/>\nDesde luego que en el momento de hacer el contrato aparte de quedarse con una copia original se escritura la propiedad, por lo que la instituci\u00f3n bancaria que otorga el cr\u00e9dito es ya propietaria del inmueble. En el caso de la adquisici\u00f3n de la casa blanca, el cr\u00e9dito se lo otorg\u00f3 el constructor de la misma. Aunque algunas cosas no son muy coherentes \u00bfc\u00f3mo puede alguien buscar el terreno, construirlo, sin un contrato de por medio? \u00bfpues qui\u00e9n lo financia? Las malas lenguas aseguran que Juan Armando Hinojosa Cant\u00fa es prestanombres de Enrique Pe\u00f1a.<br \/>\nDespu\u00e9s de escuchar a la Gaviota, explicar el origen de su mansi\u00f3n en un video, que por cierto no ten\u00eda muy buena edici\u00f3n y que m\u00e1s bien todo indicaba que la Gaviota interpretaba el mejor papel de su vida: Ang\u00e9lica Rivera de Pe\u00f1a, con un gui\u00f3n de Juan Osorio, los comentarios, los memes y el coraje en las redes sociales no se hicieron esperar al grado que el asunto cobr\u00f3 talla internacional y se convirti\u00f3 en treding topic en twitter.<br \/>\nAdem\u00e1s, si la constructora ayud\u00f3 tanto a la Gaviota al otorgarle una tasa de inter\u00e9s baja y todas las facilidades para hacerle la casa de sus sue\u00f1os, \u00bfPor qu\u00e9 en las condiciones de pago del contrato los tres primeros a\u00f1os no se abona a capital y se paga solamente el inter\u00e9s?<br \/>\nRealmente es una historia digna de una telenovela de Telerisa, ya que los mexicanos que escuchamos tal \u201caclaraci\u00f3n\u201d despu\u00e9s de dos semanas, no quedan convencidos con la ganadora del rostro del Heraldo. Seg\u00fan una encuesta virtual del peri\u00f3dico Reforma, realizada a 1154 personas, el video s\u00f3lo convenci\u00f3 al 9 por ciento, el 26 por ciento consider\u00f3 que no era necesaria la explicaci\u00f3n mientras que el 65 por ciento manifest\u00f3 insatisfacci\u00f3n total.<br \/>\nAunque lo peor del caso es que ahora la Gaviota ha dicho que traspasar\u00e1 la casa \u00bfPor qu\u00e9 vender algo que era un patrimonio familiar de ella y sus hijas?<br \/>\nSi bien ha declarado no ser funcionaria p\u00fablica (imagino que no cobra en la n\u00f3mina del DIF, y que los viajes acompa\u00f1ando al presidente son pagados por \u00e9l o por la solvencia econ\u00f3mica de ella) la Gaviota puede significar un gran obst\u00e1culo para el reformador Pe\u00f1a Nieto, pues si las cosas no quedan realmente claras s\u00ed habr\u00e1 una gran revoluci\u00f3n, que por cierto\u2026\u00a1Ya empez\u00f3 en las redes sociales!<\/p>\n<p>Email:caballero_brenda@hotmail.com<\/p>\n","protected":false},"excerpt":{"rendered":"<p>Brenda Caballero N\u00fameros Rojos Desde peque\u00f1os nos han ense\u00f1ado que en noviembre, espec\u00edficamente hoy, los mexicanos celebramos el Aniversario de la Revoluci\u00f3n Mexicana. Este a\u00f1o, el 104, aunque muchos coinciden en que no hay mucho que celebrar con todos los acontecimientos de inseguridad, impunidad, corrupci\u00f3n e inestabilidad que se vive en el pa\u00eds. Desde el [&hellip;]<\/p>\n","protected":false},"author":2,"featured_media":0,"comment_status":"open","ping_status":"open","sticky":false,"template":"","format":"standard","meta":{"tdm_status":"","tdm_grid_status":"","footnotes":""},"categories":[70],"tags":[212,794,888,906,912],"class_list":{"0":"post-13595","1":"post","2":"type-post","3":"status-publish","4":"format-standard","6":"category-de-opinion","7":"tag-angelica-rivera","8":"tag-casa-blanca","9":"tag-enrique-pena","10":"tag-la-gaviota","11":"tag-revolucion-mexicana"},"yoast_head":"<!-- This site is optimized with the Yoast SEO plugin v27.4 - https:\/\/yoast.com\/product\/yoast-seo-wordpress\/ -->\n<title>La Gaviota y su Revoluci\u00f3n - Los pol\u00edticos Veracruz<\/title>\n<meta name=\"robots\" content=\"index, follow, max-snippet:-1, max-image-preview:large, max-video-preview:-1\" \/>\n<link rel=\"canonical\" href=\"https:\/\/lospoliticosveracruz.com\/?p=13595\" \/>\n<meta property=\"og:locale\" content=\"es_ES\" \/>\n<meta property=\"og:type\" content=\"article\" \/>\n<meta property=\"og:title\" content=\"La Gaviota y su Revoluci\u00f3n - Los pol\u00edticos Veracruz\" \/>\n<meta property=\"og:description\" content=\"Brenda Caballero N\u00fameros Rojos Desde peque\u00f1os nos han ense\u00f1ado que en noviembre, espec\u00edficamente hoy, los mexicanos celebramos el Aniversario de la Revoluci\u00f3n Mexicana. Este a\u00f1o, el 104, aunque muchos coinciden en que no hay mucho que celebrar con todos los acontecimientos de inseguridad, impunidad, corrupci\u00f3n e inestabilidad que se vive en el pa\u00eds. Desde el [&hellip;]\" \/>\n<meta property=\"og:url\" content=\"https:\/\/lospoliticosveracruz.com\/?p=13595\" \/>\n<meta property=\"og:site_name\" content=\"Los pol\u00edticos Veracruz\" \/>\n<meta property=\"article:publisher\" content=\"https:\/\/www.facebook.com\/people\/Notimemes-de-los-Polticos\/61565672886568\/\" \/>\n<meta property=\"article:published_time\" content=\"2014-11-20T04:56:17+00:00\" \/>\n<meta property=\"og:image\" content=\"http:\/\/www.lospoliticosveracruz.com.mx\/wp-content\/uploads\/2014\/11\/Angelica-Rivera-meme-300x209.jpeg\" \/>\n<meta name=\"author\" content=\"Lo viste en Los Pol\u00edticos\" \/>\n<meta name=\"twitter:card\" content=\"summary_large_image\" \/>\n<meta name=\"twitter:creator\" content=\"@LosPoliticosVer\" \/>\n<meta name=\"twitter:site\" content=\"@LosPoliticosVer\" \/>\n<meta name=\"twitter:label1\" content=\"Escrito por\" \/>\n\t<meta name=\"twitter:data1\" content=\"Lo viste en Los Pol\u00edticos\" \/>\n\t<meta name=\"twitter:label2\" content=\"Tiempo de lectura\" \/>\n\t<meta name=\"twitter:data2\" content=\"4 minutos\" \/>\n<script type=\"application\/ld+json\" class=\"yoast-schema-graph\">{\"@context\":\"https:\\\/\\\/schema.org\",\"@graph\":[{\"@type\":\"Article\",\"@id\":\"https:\\\/\\\/lospoliticosveracruz.com\\\/?p=13595#article\",\"isPartOf\":{\"@id\":\"https:\\\/\\\/lospoliticosveracruz.com\\\/?p=13595\"},\"author\":{\"name\":\"Lo viste en Los Pol\u00edticos\",\"@id\":\"https:\\\/\\\/lospoliticosveracruz.com\\\/#\\\/schema\\\/person\\\/b8702bb0e538456e6efd07080bf2a4a2\"},\"headline\":\"La Gaviota y su Revoluci\u00f3n\",\"datePublished\":\"2014-11-20T04:56:17+00:00\",\"mainEntityOfPage\":{\"@id\":\"https:\\\/\\\/lospoliticosveracruz.com\\\/?p=13595\"},\"wordCount\":715,\"commentCount\":0,\"publisher\":{\"@id\":\"https:\\\/\\\/lospoliticosveracruz.com\\\/#organization\"},\"image\":{\"@id\":\"https:\\\/\\\/lospoliticosveracruz.com\\\/?p=13595#primaryimage\"},\"thumbnailUrl\":\"http:\\\/\\\/www.lospoliticosveracruz.com.mx\\\/wp-content\\\/uploads\\\/2014\\\/11\\\/Angelica-Rivera-meme-300x209.jpeg\",\"keywords\":[\"Ang\u00e9lica Rivera\",\"Casa Blanca\",\"Enrique Pe\u00f1a\",\"La Gaviota\",\"Revoluci\u00f3n Mexicana\"],\"articleSection\":[\"De Opini\u00f3n\"],\"inLanguage\":\"es\",\"potentialAction\":[{\"@type\":\"CommentAction\",\"name\":\"Comment\",\"target\":[\"https:\\\/\\\/lospoliticosveracruz.com\\\/?p=13595#respond\"]}]},{\"@type\":\"WebPage\",\"@id\":\"https:\\\/\\\/lospoliticosveracruz.com\\\/?p=13595\",\"url\":\"https:\\\/\\\/lospoliticosveracruz.com\\\/?p=13595\",\"name\":\"La Gaviota y su Revoluci\u00f3n - Los pol\u00edticos Veracruz\",\"isPartOf\":{\"@id\":\"https:\\\/\\\/lospoliticosveracruz.com\\\/#website\"},\"primaryImageOfPage\":{\"@id\":\"https:\\\/\\\/lospoliticosveracruz.com\\\/?p=13595#primaryimage\"},\"image\":{\"@id\":\"https:\\\/\\\/lospoliticosveracruz.com\\\/?p=13595#primaryimage\"},\"thumbnailUrl\":\"http:\\\/\\\/www.lospoliticosveracruz.com.mx\\\/wp-content\\\/uploads\\\/2014\\\/11\\\/Angelica-Rivera-meme-300x209.jpeg\",\"datePublished\":\"2014-11-20T04:56:17+00:00\",\"breadcrumb\":{\"@id\":\"https:\\\/\\\/lospoliticosveracruz.com\\\/?p=13595#breadcrumb\"},\"inLanguage\":\"es\",\"potentialAction\":[{\"@type\":\"ReadAction\",\"target\":[\"https:\\\/\\\/lospoliticosveracruz.com\\\/?p=13595\"]}]},{\"@type\":\"ImageObject\",\"inLanguage\":\"es\",\"@id\":\"https:\\\/\\\/lospoliticosveracruz.com\\\/?p=13595#primaryimage\",\"url\":\"http:\\\/\\\/www.lospoliticosveracruz.com.mx\\\/wp-content\\\/uploads\\\/2014\\\/11\\\/Angelica-Rivera-meme-300x209.jpeg\",\"contentUrl\":\"http:\\\/\\\/www.lospoliticosveracruz.com.mx\\\/wp-content\\\/uploads\\\/2014\\\/11\\\/Angelica-Rivera-meme-300x209.jpeg\"},{\"@type\":\"BreadcrumbList\",\"@id\":\"https:\\\/\\\/lospoliticosveracruz.com\\\/?p=13595#breadcrumb\",\"itemListElement\":[{\"@type\":\"ListItem\",\"position\":1,\"name\":\"Portada\",\"item\":\"https:\\\/\\\/lospoliticosveracruz.com\\\/\"},{\"@type\":\"ListItem\",\"position\":2,\"name\":\"La Gaviota y su Revoluci\u00f3n\"}]},{\"@type\":\"WebSite\",\"@id\":\"https:\\\/\\\/lospoliticosveracruz.com\\\/#website\",\"url\":\"https:\\\/\\\/lospoliticosveracruz.com\\\/\",\"name\":\"Los pol\u00edticos Veracruz\",\"description\":\"\",\"publisher\":{\"@id\":\"https:\\\/\\\/lospoliticosveracruz.com\\\/#organization\"},\"potentialAction\":[{\"@type\":\"SearchAction\",\"target\":{\"@type\":\"EntryPoint\",\"urlTemplate\":\"https:\\\/\\\/lospoliticosveracruz.com\\\/?s={search_term_string}\"},\"query-input\":{\"@type\":\"PropertyValueSpecification\",\"valueRequired\":true,\"valueName\":\"search_term_string\"}}],\"inLanguage\":\"es\"},{\"@type\":\"Organization\",\"@id\":\"https:\\\/\\\/lospoliticosveracruz.com\\\/#organization\",\"name\":\"Los pol\u00edticos Veracruz\",\"url\":\"https:\\\/\\\/lospoliticosveracruz.com\\\/\",\"logo\":{\"@type\":\"ImageObject\",\"inLanguage\":\"es\",\"@id\":\"https:\\\/\\\/lospoliticosveracruz.com\\\/#\\\/schema\\\/logo\\\/image\\\/\",\"url\":\"https:\\\/\\\/lospoliticosveracruz.com\\\/wp-content\\\/uploads\\\/2025\\\/12\\\/Logo-Nuevo-LOS-POLITICOS-1.jpg\",\"contentUrl\":\"https:\\\/\\\/lospoliticosveracruz.com\\\/wp-content\\\/uploads\\\/2025\\\/12\\\/Logo-Nuevo-LOS-POLITICOS-1.jpg\",\"width\":260,\"height\":70,\"caption\":\"Los pol\u00edticos Veracruz\"},\"image\":{\"@id\":\"https:\\\/\\\/lospoliticosveracruz.com\\\/#\\\/schema\\\/logo\\\/image\\\/\"},\"sameAs\":[\"https:\\\/\\\/www.facebook.com\\\/people\\\/Notimemes-de-los-Polticos\\\/61565672886568\\\/\",\"https:\\\/\\\/x.com\\\/LosPoliticosVer\"]},{\"@type\":\"Person\",\"@id\":\"https:\\\/\\\/lospoliticosveracruz.com\\\/#\\\/schema\\\/person\\\/b8702bb0e538456e6efd07080bf2a4a2\",\"name\":\"Lo viste en Los Pol\u00edticos\",\"image\":{\"@type\":\"ImageObject\",\"inLanguage\":\"es\",\"@id\":\"https:\\\/\\\/secure.gravatar.com\\\/avatar\\\/3a8de04a2656d44082be478bd6c086daa447c4651605818287b9532d3d0bd435?s=96&d=mm&r=g\",\"url\":\"https:\\\/\\\/secure.gravatar.com\\\/avatar\\\/3a8de04a2656d44082be478bd6c086daa447c4651605818287b9532d3d0bd435?s=96&d=mm&r=g\",\"contentUrl\":\"https:\\\/\\\/secure.gravatar.com\\\/avatar\\\/3a8de04a2656d44082be478bd6c086daa447c4651605818287b9532d3d0bd435?s=96&d=mm&r=g\",\"caption\":\"Lo viste en Los Pol\u00edticos\"},\"url\":\"https:\\\/\\\/lospoliticosveracruz.com\\\/?author=2\"}]}<\/script>\n<!-- \/ Yoast SEO plugin. -->","yoast_head_json":{"title":"La Gaviota y su Revoluci\u00f3n - Los pol\u00edticos Veracruz","robots":{"index":"index","follow":"follow","max-snippet":"max-snippet:-1","max-image-preview":"max-image-preview:large","max-video-preview":"max-video-preview:-1"},"canonical":"https:\/\/lospoliticosveracruz.com\/?p=13595","og_locale":"es_ES","og_type":"article","og_title":"La Gaviota y su Revoluci\u00f3n - Los pol\u00edticos Veracruz","og_description":"Brenda Caballero N\u00fameros Rojos Desde peque\u00f1os nos han ense\u00f1ado que en noviembre, espec\u00edficamente hoy, los mexicanos celebramos el Aniversario de la Revoluci\u00f3n Mexicana. Este a\u00f1o, el 104, aunque muchos coinciden en que no hay mucho que celebrar con todos los acontecimientos de inseguridad, impunidad, corrupci\u00f3n e inestabilidad que se vive en el pa\u00eds. Desde el [&hellip;]","og_url":"https:\/\/lospoliticosveracruz.com\/?p=13595","og_site_name":"Los pol\u00edticos Veracruz","article_publisher":"https:\/\/www.facebook.com\/people\/Notimemes-de-los-Polticos\/61565672886568\/","article_published_time":"2014-11-20T04:56:17+00:00","og_image":[{"url":"http:\/\/www.lospoliticosveracruz.com.mx\/wp-content\/uploads\/2014\/11\/Angelica-Rivera-meme-300x209.jpeg","type":"","width":"","height":""}],"author":"Lo viste en Los Pol\u00edticos","twitter_card":"summary_large_image","twitter_creator":"@LosPoliticosVer","twitter_site":"@LosPoliticosVer","twitter_misc":{"Escrito por":"Lo viste en Los Pol\u00edticos","Tiempo de lectura":"4 minutos"},"schema":{"@context":"https:\/\/schema.org","@graph":[{"@type":"Article","@id":"https:\/\/lospoliticosveracruz.com\/?p=13595#article","isPartOf":{"@id":"https:\/\/lospoliticosveracruz.com\/?p=13595"},"author":{"name":"Lo viste en Los Pol\u00edticos","@id":"https:\/\/lospoliticosveracruz.com\/#\/schema\/person\/b8702bb0e538456e6efd07080bf2a4a2"},"headline":"La Gaviota y su Revoluci\u00f3n","datePublished":"2014-11-20T04:56:17+00:00","mainEntityOfPage":{"@id":"https:\/\/lospoliticosveracruz.com\/?p=13595"},"wordCount":715,"commentCount":0,"publisher":{"@id":"https:\/\/lospoliticosveracruz.com\/#organization"},"image":{"@id":"https:\/\/lospoliticosveracruz.com\/?p=13595#primaryimage"},"thumbnailUrl":"http:\/\/www.lospoliticosveracruz.com.mx\/wp-content\/uploads\/2014\/11\/Angelica-Rivera-meme-300x209.jpeg","keywords":["Ang\u00e9lica Rivera","Casa Blanca","Enrique Pe\u00f1a","La Gaviota","Revoluci\u00f3n Mexicana"],"articleSection":["De Opini\u00f3n"],"inLanguage":"es","potentialAction":[{"@type":"CommentAction","name":"Comment","target":["https:\/\/lospoliticosveracruz.com\/?p=13595#respond"]}]},{"@type":"WebPage","@id":"https:\/\/lospoliticosveracruz.com\/?p=13595","url":"https:\/\/lospoliticosveracruz.com\/?p=13595","name":"La Gaviota y su Revoluci\u00f3n - Los pol\u00edticos Veracruz","isPartOf":{"@id":"https:\/\/lospoliticosveracruz.com\/#website"},"primaryImageOfPage":{"@id":"https:\/\/lospoliticosveracruz.com\/?p=13595#primaryimage"},"image":{"@id":"https:\/\/lospoliticosveracruz.com\/?p=13595#primaryimage"},"thumbnailUrl":"http:\/\/www.lospoliticosveracruz.com.mx\/wp-content\/uploads\/2014\/11\/Angelica-Rivera-meme-300x209.jpeg","datePublished":"2014-11-20T04:56:17+00:00","breadcrumb":{"@id":"https:\/\/lospoliticosveracruz.com\/?p=13595#breadcrumb"},"inLanguage":"es","potentialAction":[{"@type":"ReadAction","target":["https:\/\/lospoliticosveracruz.com\/?p=13595"]}]},{"@type":"ImageObject","inLanguage":"es","@id":"https:\/\/lospoliticosveracruz.com\/?p=13595#primaryimage","url":"http:\/\/www.lospoliticosveracruz.com.mx\/wp-content\/uploads\/2014\/11\/Angelica-Rivera-meme-300x209.jpeg","contentUrl":"http:\/\/www.lospoliticosveracruz.com.mx\/wp-content\/uploads\/2014\/11\/Angelica-Rivera-meme-300x209.jpeg"},{"@type":"BreadcrumbList","@id":"https:\/\/lospoliticosveracruz.com\/?p=13595#breadcrumb","itemListElement":[{"@type":"ListItem","position":1,"name":"Portada","item":"https:\/\/lospoliticosveracruz.com\/"},{"@type":"ListItem","position":2,"name":"La Gaviota y su Revoluci\u00f3n"}]},{"@type":"WebSite","@id":"https:\/\/lospoliticosveracruz.com\/#website","url":"https:\/\/lospoliticosveracruz.com\/","name":"Los pol\u00edticos Veracruz","description":"","publisher":{"@id":"https:\/\/lospoliticosveracruz.com\/#organization"},"potentialAction":[{"@type":"SearchAction","target":{"@type":"EntryPoint","urlTemplate":"https:\/\/lospoliticosveracruz.com\/?s={search_term_string}"},"query-input":{"@type":"PropertyValueSpecification","valueRequired":true,"valueName":"search_term_string"}}],"inLanguage":"es"},{"@type":"Organization","@id":"https:\/\/lospoliticosveracruz.com\/#organization","name":"Los pol\u00edticos Veracruz","url":"https:\/\/lospoliticosveracruz.com\/","logo":{"@type":"ImageObject","inLanguage":"es","@id":"https:\/\/lospoliticosveracruz.com\/#\/schema\/logo\/image\/","url":"https:\/\/lospoliticosveracruz.com\/wp-content\/uploads\/2025\/12\/Logo-Nuevo-LOS-POLITICOS-1.jpg","contentUrl":"https:\/\/lospoliticosveracruz.com\/wp-content\/uploads\/2025\/12\/Logo-Nuevo-LOS-POLITICOS-1.jpg","width":260,"height":70,"caption":"Los pol\u00edticos Veracruz"},"image":{"@id":"https:\/\/lospoliticosveracruz.com\/#\/schema\/logo\/image\/"},"sameAs":["https:\/\/www.facebook.com\/people\/Notimemes-de-los-Polticos\/61565672886568\/","https:\/\/x.com\/LosPoliticosVer"]},{"@type":"Person","@id":"https:\/\/lospoliticosveracruz.com\/#\/schema\/person\/b8702bb0e538456e6efd07080bf2a4a2","name":"Lo viste en Los Pol\u00edticos","image":{"@type":"ImageObject","inLanguage":"es","@id":"https:\/\/secure.gravatar.com\/avatar\/3a8de04a2656d44082be478bd6c086daa447c4651605818287b9532d3d0bd435?s=96&d=mm&r=g","url":"https:\/\/secure.gravatar.com\/avatar\/3a8de04a2656d44082be478bd6c086daa447c4651605818287b9532d3d0bd435?s=96&d=mm&r=g","contentUrl":"https:\/\/secure.gravatar.com\/avatar\/3a8de04a2656d44082be478bd6c086daa447c4651605818287b9532d3d0bd435?s=96&d=mm&r=g","caption":"Lo viste en Los Pol\u00edticos"},"url":"https:\/\/lospoliticosveracruz.com\/?author=2"}]}},"_links":{"self":[{"href":"https:\/\/lospoliticosveracruz.com\/index.php?rest_route=\/wp\/v2\/posts\/13595","targetHints":{"allow":["GET"]}}],"collection":[{"href":"https:\/\/lospoliticosveracruz.com\/index.php?rest_route=\/wp\/v2\/posts"}],"about":[{"href":"https:\/\/lospoliticosveracruz.com\/index.php?rest_route=\/wp\/v2\/types\/post"}],"author":[{"embeddable":true,"href":"https:\/\/lospoliticosveracruz.com\/index.php?rest_route=\/wp\/v2\/users\/2"}],"replies":[{"embeddable":true,"href":"https:\/\/lospoliticosveracruz.com\/index.php?rest_route=%2Fwp%2Fv2%2Fcomments&post=13595"}],"version-history":[{"count":2,"href":"https:\/\/lospoliticosveracruz.com\/index.php?rest_route=\/wp\/v2\/posts\/13595\/revisions"}],"predecessor-version":[{"id":13598,"href":"https:\/\/lospoliticosveracruz.com\/index.php?rest_route=\/wp\/v2\/posts\/13595\/revisions\/13598"}],"wp:attachment":[{"href":"https:\/\/lospoliticosveracruz.com\/index.php?rest_route=%2Fwp%2Fv2%2Fmedia&parent=13595"}],"wp:term":[{"taxonomy":"category","embeddable":true,"href":"https:\/\/lospoliticosveracruz.com\/index.php?rest_route=%2Fwp%2Fv2%2Fcategories&post=13595"},{"taxonomy":"post_tag","embeddable":true,"href":"https:\/\/lospoliticosveracruz.com\/index.php?rest_route=%2Fwp%2Fv2%2Ftags&post=13595"}],"curies":[{"name":"wp","href":"https:\/\/api.w.org\/{rel}","templated":true}]}}